{"id":2696188,"date":"2026-04-28T17:13:06","date_gmt":"2026-04-28T16:13:06","guid":{"rendered":"https:\/\/www.pressenza.com\/?p=2696188"},"modified":"2026-04-28T17:13:06","modified_gmt":"2026-04-28T16:13:06","slug":"il-principe-della-follia-dal-14-maggio-al-cinema","status":"publish","type":"post","link":"https:\/\/www.pressenza.com\/it\/2026\/04\/il-principe-della-follia-dal-14-maggio-al-cinema\/","title":{"rendered":"&#8220;Il Principe della Follia&#8221;, dal 14 maggio al cinema"},"content":{"rendered":"<p>Il nuovo film scritto e diretto da <strong>Dario D\u2019Ambrosi<\/strong>, presentato in anteprima alla XX edizione della <em>Festa del Cinema<\/em> di Roma nella sezione Proiezioni Speciali,\u00a0 mette al centro la fragilit\u00e0 umana e la dignit\u00e0 degli invisibili.<\/p>\n<p>Un\u2019opera potente e necessaria che non cerca scorciatoie e non fa sconti: affronta con lucidit\u00e0 e senza compromessi il tema della malattia, della disabilit\u00e0 e dell\u2019emarginazione, restituendo voce a chi troppo spesso resta invisibile.<\/p>\n<p>La storia si sviluppa nell\u2019arco di una notte che si trasforma in un viaggio disturbante tra ricordi, rimorsi e verit\u00e0 nascoste. Al centro, il dolore di un uomo segnato dalla malattia e quello di una famiglia schiacciata da un peso difficile da sostenere: non ci sono colpevoli n\u00e9 facili assoluzioni, ma esseri umani fragili che cercano una via per ritrovare s\u00e9 stessi.<\/p>\n<p>Accanto alla prova intensa e autentica di <strong>Stefano Zazzera<\/strong>, affetto da Parkinson nella vita reale, il film si regge su un <em>cast<\/em> solido e riconoscibile che contribuisce a dare profondit\u00e0 e verit\u00e0 al racconto. Tra questi: <strong>Alessandro Haber<\/strong>, <strong>Andrea Roncato<\/strong>, <strong>Carla Chiarelli<\/strong> e <strong>Mauro Cardinali<\/strong>, affiancati da un <em>ensemble<\/em> di interpreti che restituisce con rigore e sensibilit\u00e0 la complessit\u00e0 dei rapporti familiari e umani .<\/p>\n<p>D\u2019Ambrosi costruisce cos\u00ec un racconto che alterna visioni poetiche e momenti di crudo realismo, portando lo spettatore dentro un\u2019esperienza emotiva diretta, senza filtri. \u00c8 un cinema che guarda la realt\u00e0 per quello che \u00e8, senza abbellimenti, e che chiede allo spettatore di fare altrettanto.<\/p>\n<p>Il film \u00e8 stato realizzato con il contributo di Marche Film Commission e del Ministero della Cultura \u2013 Fondo per lo sviluppo degli investimenti nel cinema e nell\u2019audiovisivo.<\/p>\n<p>\u00c8 prodotto da Giovanni Saulini e Silvia Innocenzi per Red Post Production e distribuito da Notorious Pictures.<\/p>\n<p><em>Il Principe della Follia<\/em> non \u00e8 semplicemente un film: \u00e8 una presa di posizione, un\u2019opera che sfida i pregiudizi e chiama in causa la responsabilit\u00e0 collettiva. Un invito a guardare dove troppo spesso si preferisce non vedere.<\/p>\n<p><img loading=\"lazy\" decoding=\"async\" class=\"aligncenter wp-image-2696199 size-large\" src=\"https:\/\/www.pressenza.com\/wp-content\/uploads\/2026\/04\/VeMHkdPH55BvAXv816ONme7HzF8sZTMrv7yGCrlY-717x1024.webp\" alt=\"\" width=\"717\" height=\"1024\" srcset=\"https:\/\/www.pressenza.com\/wp-content\/uploads\/2026\/04\/VeMHkdPH55BvAXv816ONme7HzF8sZTMrv7yGCrlY-717x1024.webp 717w, https:\/\/www.pressenza.com\/wp-content\/uploads\/2026\/04\/VeMHkdPH55BvAXv816ONme7HzF8sZTMrv7yGCrlY-210x300.webp 210w, https:\/\/www.pressenza.com\/wp-content\/uploads\/2026\/04\/VeMHkdPH55BvAXv816ONme7HzF8sZTMrv7yGCrlY.webp 1344w\" sizes=\"auto, (max-width: 717px) 100vw, 717px\" \/><\/p>\n","protected":false},"excerpt":{"rendered":"<p>Il nuovo film scritto e diretto da Dario D\u2019Ambrosi, presentato in anteprima alla XX edizione della Festa del Cinema di Roma nella sezione Proiezioni Speciali,\u00a0 mette al centro la fragilit\u00e0 umana e la dignit\u00e0 degli invisibili. Un\u2019opera potente e necessaria&hellip;<\/p>\n","protected":false},"author":594,"featured_media":2696200,"comment_status":"closed","ping_status":"closed","sticky":false,"template":"","format":"standard","meta":{"footnotes":""},"categories":[150,56,60,1261],"tags":[3462,105852],"class_list":["post-2696188","post","type-post","status-publish","format-standard","has-post-thumbnail","hentry","category-comunicati-stampa","category-cultura","category-diritti-umani","category-diversita","tag-cinema-it","tag-morbo-di-parkinson"],"yoast_head":"<!-- This site is optimized with the Yoast SEO plugin v27.1.1 - https:\/\/yoast.com\/product\/yoast-seo-wordpress\/ -->\n<title>&quot;Il Principe della Follia&quot;, dal 14 maggio al cinema<\/title>\n<meta name=\"description\" content=\"Il nuovo film scritto e diretto da Dario D\u2019Ambrosi, presentato in anteprima alla XX edizione della Festa del Cinema di Roma nella sezione Proiezioni\" \/>\n<meta name=\"robots\" content=\"index, follow, max-snippet:-1, max-image-preview:large, max-video-preview:-1\" \/>\n<link rel=\"canonical\" href=\"https:\/\/www.pressenza.com\/it\/2026\/04\/il-principe-della-follia-dal-14-maggio-al-cinema\/\" \/>\n<meta property=\"og:locale\" content=\"it_IT\" \/>\n<meta property=\"og:type\" content=\"article\" \/>\n<meta property=\"og:title\" content=\"&quot;Il Principe della Follia&quot;, dal 14 maggio al cinema\" \/>\n<meta property=\"og:description\" content=\"Il nuovo film scritto e diretto da Dario D\u2019Ambrosi, presentato in anteprima alla XX edizione della Festa del Cinema di Roma nella sezione Proiezioni\" \/>\n<meta property=\"og:url\" content=\"https:\/\/www.pressenza.com\/it\/2026\/04\/il-principe-della-follia-dal-14-maggio-al-cinema\/\" \/>\n<meta property=\"og:site_name\" content=\"Pressenza\" \/>\n<meta property=\"article:publisher\" content=\"https:\/\/www.facebook.com\/PressenzaItalia\" \/>\n<meta property=\"article:author\" content=\"https:\/\/www.facebook.com\/PressenzaItalia\" \/>\n<meta property=\"article:published_time\" content=\"2026-04-28T16:13:06+00:00\" \/>\n<meta property=\"og:image\" content=\"https:\/\/www.pressenza.com\/wp-content\/uploads\/2026\/04\/fqI05Z3Wjwf67eA9eITeWHvdkbeCTmFUiDOzXAlI-e1777392594430.webp\" \/>\n\t<meta property=\"og:image:width\" content=\"1920\" \/>\n\t<meta property=\"og:image:height\" content=\"1117\" \/>\n\t<meta property=\"og:image:type\" content=\"image\/webp\" \/>\n<meta name=\"author\" content=\"Redazione Italia\" \/>\n<meta name=\"twitter:card\" content=\"summary_large_image\" \/>\n<meta name=\"twitter:creator\" content=\"@pressenza_it\" \/>\n<meta name=\"twitter:site\" content=\"@PressenzaIPA\" \/>\n<meta name=\"twitter:label1\" content=\"Scritto da\" \/>\n\t<meta name=\"twitter:data1\" content=\"Redazione Italia\" \/>\n\t<meta name=\"twitter:label2\" content=\"Tempo di lettura stimato\" \/>\n\t<meta name=\"twitter:data2\" content=\"3 minuti\" \/>\n<script type=\"application\/ld+json\" class=\"yoast-schema-graph\">{\"@context\":\"https:\/\/schema.org\",\"@graph\":[{\"@type\":\"Article\",\"@id\":\"https:\/\/www.pressenza.com\/it\/2026\/04\/il-principe-della-follia-dal-14-maggio-al-cinema\/#article\",\"isPartOf\":{\"@id\":\"https:\/\/www.pressenza.com\/it\/2026\/04\/il-principe-della-follia-dal-14-maggio-al-cinema\/\"},\"author\":{\"name\":\"Redazione Italia\",\"@id\":\"https:\/\/www.pressenza.com\/it\/#\/schema\/person\/d983e81827ae24f2c7b1a2123d197f8d\"},\"headline\":\"&#8220;Il Principe della Follia&#8221;, dal 14 maggio al cinema\",\"datePublished\":\"2026-04-28T16:13:06+00:00\",\"mainEntityOfPage\":{\"@id\":\"https:\/\/www.pressenza.com\/it\/2026\/04\/il-principe-della-follia-dal-14-maggio-al-cinema\/\"},\"wordCount\":331,\"publisher\":{\"@id\":\"https:\/\/www.pressenza.com\/it\/#organization\"},\"image\":{\"@id\":\"https:\/\/www.pressenza.com\/it\/2026\/04\/il-principe-della-follia-dal-14-maggio-al-cinema\/#primaryimage\"},\"thumbnailUrl\":\"https:\/\/www.pressenza.com\/wp-content\/uploads\/2026\/04\/fqI05Z3Wjwf67eA9eITeWHvdkbeCTmFUiDOzXAlI-e1777392594430.webp\",\"keywords\":[\"cinema\",\"Morbo di Parkinson\"],\"articleSection\":[\"Comunicati Stampa\",\"Cultura e Media\",\"Diritti Umani\",\"Non discriminazione\"],\"inLanguage\":\"it-IT\"},{\"@type\":\"WebPage\",\"@id\":\"https:\/\/www.pressenza.com\/it\/2026\/04\/il-principe-della-follia-dal-14-maggio-al-cinema\/\",\"url\":\"https:\/\/www.pressenza.com\/it\/2026\/04\/il-principe-della-follia-dal-14-maggio-al-cinema\/\",\"name\":\"\\\"Il Principe della Follia\\\", dal 14 maggio al cinema\",\"isPartOf\":{\"@id\":\"https:\/\/www.pressenza.com\/it\/#website\"},\"primaryImageOfPage\":{\"@id\":\"https:\/\/www.pressenza.com\/it\/2026\/04\/il-principe-della-follia-dal-14-maggio-al-cinema\/#primaryimage\"},\"image\":{\"@id\":\"https:\/\/www.pressenza.com\/it\/2026\/04\/il-principe-della-follia-dal-14-maggio-al-cinema\/#primaryimage\"},\"thumbnailUrl\":\"https:\/\/www.pressenza.com\/wp-content\/uploads\/2026\/04\/fqI05Z3Wjwf67eA9eITeWHvdkbeCTmFUiDOzXAlI-e1777392594430.webp\",\"datePublished\":\"2026-04-28T16:13:06+00:00\",\"description\":\"Il nuovo film scritto e diretto da Dario D\u2019Ambrosi, presentato in anteprima alla XX edizione della Festa del Cinema di Roma nella sezione Proiezioni\",\"breadcrumb\":{\"@id\":\"https:\/\/www.pressenza.com\/it\/2026\/04\/il-principe-della-follia-dal-14-maggio-al-cinema\/#breadcrumb\"},\"inLanguage\":\"it-IT\",\"potentialAction\":[{\"@type\":\"ReadAction\",\"target\":[\"https:\/\/www.pressenza.com\/it\/2026\/04\/il-principe-della-follia-dal-14-maggio-al-cinema\/\"]}]},{\"@type\":\"ImageObject\",\"inLanguage\":\"it-IT\",\"@id\":\"https:\/\/www.pressenza.com\/it\/2026\/04\/il-principe-della-follia-dal-14-maggio-al-cinema\/#primaryimage\",\"url\":\"https:\/\/www.pressenza.com\/wp-content\/uploads\/2026\/04\/fqI05Z3Wjwf67eA9eITeWHvdkbeCTmFUiDOzXAlI-e1777392594430.webp\",\"contentUrl\":\"https:\/\/www.pressenza.com\/wp-content\/uploads\/2026\/04\/fqI05Z3Wjwf67eA9eITeWHvdkbeCTmFUiDOzXAlI-e1777392594430.webp\",\"width\":1920,\"height\":1117},{\"@type\":\"BreadcrumbList\",\"@id\":\"https:\/\/www.pressenza.com\/it\/2026\/04\/il-principe-della-follia-dal-14-maggio-al-cinema\/#breadcrumb\",\"itemListElement\":[{\"@type\":\"ListItem\",\"position\":1,\"name\":\"Accueil\",\"item\":\"https:\/\/www.pressenza.com\/it\/\"},{\"@type\":\"ListItem\",\"position\":2,\"name\":\"&#8220;Il Principe della Follia&#8221;, dal 14 maggio al cinema\"}]},{\"@type\":\"WebSite\",\"@id\":\"https:\/\/www.pressenza.com\/it\/#website\",\"url\":\"https:\/\/www.pressenza.com\/it\/\",\"name\":\"Pressenza\",\"description\":\"Agenzia di Stampa Internazionale\",\"publisher\":{\"@id\":\"https:\/\/www.pressenza.com\/it\/#organization\"},\"potentialAction\":[{\"@type\":\"SearchAction\",\"target\":{\"@type\":\"EntryPoint\",\"urlTemplate\":\"https:\/\/www.pressenza.com\/it\/?s={search_term_string}\"},\"query-input\":{\"@type\":\"PropertyValueSpecification\",\"valueRequired\":true,\"valueName\":\"search_term_string\"}}],\"inLanguage\":\"it-IT\"},{\"@type\":\"Organization\",\"@id\":\"https:\/\/www.pressenza.com\/it\/#organization\",\"name\":\"Pressenza\",\"url\":\"https:\/\/www.pressenza.com\/it\/\",\"logo\":{\"@type\":\"ImageObject\",\"inLanguage\":\"it-IT\",\"@id\":\"https:\/\/www.pressenza.com\/it\/#\/schema\/logo\/image\/\",\"url\":\"https:\/\/www.pressenza.com\/wp-content\/uploads\/2022\/10\/pressenza_logo_200x200.jpg\",\"contentUrl\":\"https:\/\/www.pressenza.com\/wp-content\/uploads\/2022\/10\/pressenza_logo_200x200.jpg\",\"width\":200,\"height\":200,\"caption\":\"Pressenza\"},\"image\":{\"@id\":\"https:\/\/www.pressenza.com\/it\/#\/schema\/logo\/image\/\"},\"sameAs\":[\"https:\/\/www.facebook.com\/PressenzaItalia\",\"https:\/\/x.com\/PressenzaIPA\"]},{\"@type\":\"Person\",\"@id\":\"https:\/\/www.pressenza.com\/it\/#\/schema\/person\/d983e81827ae24f2c7b1a2123d197f8d\",\"name\":\"Redazione Italia\",\"description\":\"News from the Pressenza Bureau in Italy\",\"sameAs\":[\"https:\/\/www.pressenza.com\/it\/author\/redazione-italia\/\",\"https:\/\/www.facebook.com\/PressenzaItalia\",\"https:\/\/www.instagram.com\/pressenza_italia\/\",\"https:\/\/x.com\/pressenza_it\",\"https:\/\/www.youtube.com\/channel\/UCSalEIWjE1RSxkwjfftFuqg\"],\"url\":\"https:\/\/www.pressenza.com\/it\/author\/redazione-italia\/\"}]}<\/script>\n<!-- \/ Yoast SEO plugin. -->","yoast_head_json":{"title":"\"Il Principe della Follia\", dal 14 maggio al cinema","description":"Il nuovo film scritto e diretto da Dario D\u2019Ambrosi, presentato in anteprima alla XX edizione della Festa del Cinema di Roma nella sezione Proiezioni","robots":{"index":"index","follow":"follow","max-snippet":"max-snippet:-1","max-image-preview":"max-image-preview:large","max-video-preview":"max-video-preview:-1"},"canonical":"https:\/\/www.pressenza.com\/it\/2026\/04\/il-principe-della-follia-dal-14-maggio-al-cinema\/","og_locale":"it_IT","og_type":"article","og_title":"\"Il Principe della Follia\", dal 14 maggio al cinema","og_description":"Il nuovo film scritto e diretto da Dario D\u2019Ambrosi, presentato in anteprima alla XX edizione della Festa del Cinema di Roma nella sezione Proiezioni","og_url":"https:\/\/www.pressenza.com\/it\/2026\/04\/il-principe-della-follia-dal-14-maggio-al-cinema\/","og_site_name":"Pressenza","article_publisher":"https:\/\/www.facebook.com\/PressenzaItalia","article_author":"https:\/\/www.facebook.com\/PressenzaItalia","article_published_time":"2026-04-28T16:13:06+00:00","og_image":[{"width":1920,"height":1117,"url":"https:\/\/www.pressenza.com\/wp-content\/uploads\/2026\/04\/fqI05Z3Wjwf67eA9eITeWHvdkbeCTmFUiDOzXAlI-e1777392594430.webp","type":"image\/webp"}],"author":"Redazione Italia","twitter_card":"summary_large_image","twitter_creator":"@pressenza_it","twitter_site":"@PressenzaIPA","twitter_misc":{"Scritto da":"Redazione Italia","Tempo di lettura stimato":"3 minuti"},"schema":{"@context":"https:\/\/schema.org","@graph":[{"@type":"Article","@id":"https:\/\/www.pressenza.com\/it\/2026\/04\/il-principe-della-follia-dal-14-maggio-al-cinema\/#article","isPartOf":{"@id":"https:\/\/www.pressenza.com\/it\/2026\/04\/il-principe-della-follia-dal-14-maggio-al-cinema\/"},"author":{"name":"Redazione Italia","@id":"https:\/\/www.pressenza.com\/it\/#\/schema\/person\/d983e81827ae24f2c7b1a2123d197f8d"},"headline":"&#8220;Il Principe della Follia&#8221;, dal 14 maggio al cinema","datePublished":"2026-04-28T16:13:06+00:00","mainEntityOfPage":{"@id":"https:\/\/www.pressenza.com\/it\/2026\/04\/il-principe-della-follia-dal-14-maggio-al-cinema\/"},"wordCount":331,"publisher":{"@id":"https:\/\/www.pressenza.com\/it\/#organization"},"image":{"@id":"https:\/\/www.pressenza.com\/it\/2026\/04\/il-principe-della-follia-dal-14-maggio-al-cinema\/#primaryimage"},"thumbnailUrl":"https:\/\/www.pressenza.com\/wp-content\/uploads\/2026\/04\/fqI05Z3Wjwf67eA9eITeWHvdkbeCTmFUiDOzXAlI-e1777392594430.webp","keywords":["cinema","Morbo di Parkinson"],"articleSection":["Comunicati Stampa","Cultura e Media","Diritti Umani","Non discriminazione"],"inLanguage":"it-IT"},{"@type":"WebPage","@id":"https:\/\/www.pressenza.com\/it\/2026\/04\/il-principe-della-follia-dal-14-maggio-al-cinema\/","url":"https:\/\/www.pressenza.com\/it\/2026\/04\/il-principe-della-follia-dal-14-maggio-al-cinema\/","name":"\"Il Principe della Follia\", dal 14 maggio al cinema","isPartOf":{"@id":"https:\/\/www.pressenza.com\/it\/#website"},"primaryImageOfPage":{"@id":"https:\/\/www.pressenza.com\/it\/2026\/04\/il-principe-della-follia-dal-14-maggio-al-cinema\/#primaryimage"},"image":{"@id":"https:\/\/www.pressenza.com\/it\/2026\/04\/il-principe-della-follia-dal-14-maggio-al-cinema\/#primaryimage"},"thumbnailUrl":"https:\/\/www.pressenza.com\/wp-content\/uploads\/2026\/04\/fqI05Z3Wjwf67eA9eITeWHvdkbeCTmFUiDOzXAlI-e1777392594430.webp","datePublished":"2026-04-28T16:13:06+00:00","description":"Il nuovo film scritto e diretto da Dario D\u2019Ambrosi, presentato in anteprima alla XX edizione della Festa del Cinema di Roma nella sezione Proiezioni","breadcrumb":{"@id":"https:\/\/www.pressenza.com\/it\/2026\/04\/il-principe-della-follia-dal-14-maggio-al-cinema\/#breadcrumb"},"inLanguage":"it-IT","potentialAction":[{"@type":"ReadAction","target":["https:\/\/www.pressenza.com\/it\/2026\/04\/il-principe-della-follia-dal-14-maggio-al-cinema\/"]}]},{"@type":"ImageObject","inLanguage":"it-IT","@id":"https:\/\/www.pressenza.com\/it\/2026\/04\/il-principe-della-follia-dal-14-maggio-al-cinema\/#primaryimage","url":"https:\/\/www.pressenza.com\/wp-content\/uploads\/2026\/04\/fqI05Z3Wjwf67eA9eITeWHvdkbeCTmFUiDOzXAlI-e1777392594430.webp","contentUrl":"https:\/\/www.pressenza.com\/wp-content\/uploads\/2026\/04\/fqI05Z3Wjwf67eA9eITeWHvdkbeCTmFUiDOzXAlI-e1777392594430.webp","width":1920,"height":1117},{"@type":"BreadcrumbList","@id":"https:\/\/www.pressenza.com\/it\/2026\/04\/il-principe-della-follia-dal-14-maggio-al-cinema\/#breadcrumb","itemListElement":[{"@type":"ListItem","position":1,"name":"Accueil","item":"https:\/\/www.pressenza.com\/it\/"},{"@type":"ListItem","position":2,"name":"&#8220;Il Principe della Follia&#8221;, dal 14 maggio al cinema"}]},{"@type":"WebSite","@id":"https:\/\/www.pressenza.com\/it\/#website","url":"https:\/\/www.pressenza.com\/it\/","name":"Pressenza","description":"Agenzia di Stampa Internazionale","publisher":{"@id":"https:\/\/www.pressenza.com\/it\/#organization"},"potentialAction":[{"@type":"SearchAction","target":{"@type":"EntryPoint","urlTemplate":"https:\/\/www.pressenza.com\/it\/?s={search_term_string}"},"query-input":{"@type":"PropertyValueSpecification","valueRequired":true,"valueName":"search_term_string"}}],"inLanguage":"it-IT"},{"@type":"Organization","@id":"https:\/\/www.pressenza.com\/it\/#organization","name":"Pressenza","url":"https:\/\/www.pressenza.com\/it\/","logo":{"@type":"ImageObject","inLanguage":"it-IT","@id":"https:\/\/www.pressenza.com\/it\/#\/schema\/logo\/image\/","url":"https:\/\/www.pressenza.com\/wp-content\/uploads\/2022\/10\/pressenza_logo_200x200.jpg","contentUrl":"https:\/\/www.pressenza.com\/wp-content\/uploads\/2022\/10\/pressenza_logo_200x200.jpg","width":200,"height":200,"caption":"Pressenza"},"image":{"@id":"https:\/\/www.pressenza.com\/it\/#\/schema\/logo\/image\/"},"sameAs":["https:\/\/www.facebook.com\/PressenzaItalia","https:\/\/x.com\/PressenzaIPA"]},{"@type":"Person","@id":"https:\/\/www.pressenza.com\/it\/#\/schema\/person\/d983e81827ae24f2c7b1a2123d197f8d","name":"Redazione Italia","description":"News from the Pressenza Bureau in Italy","sameAs":["https:\/\/www.pressenza.com\/it\/author\/redazione-italia\/","https:\/\/www.facebook.com\/PressenzaItalia","https:\/\/www.instagram.com\/pressenza_italia\/","https:\/\/x.com\/pressenza_it","https:\/\/www.youtube.com\/channel\/UCSalEIWjE1RSxkwjfftFuqg"],"url":"https:\/\/www.pressenza.com\/it\/author\/redazione-italia\/"}]}},"place":"","original_article_url":"","_links":{"self":[{"href":"https:\/\/www.pressenza.com\/it\/wp-json\/wp\/v2\/posts\/2696188","targetHints":{"allow":["GET"]}}],"collection":[{"href":"https:\/\/www.pressenza.com\/it\/wp-json\/wp\/v2\/posts"}],"about":[{"href":"https:\/\/www.pressenza.com\/it\/wp-json\/wp\/v2\/types\/post"}],"author":[{"embeddable":true,"href":"https:\/\/www.pressenza.com\/it\/wp-json\/wp\/v2\/users\/594"}],"replies":[{"embeddable":true,"href":"https:\/\/www.pressenza.com\/it\/wp-json\/wp\/v2\/comments?post=2696188"}],"version-history":[{"count":1,"href":"https:\/\/www.pressenza.com\/it\/wp-json\/wp\/v2\/posts\/2696188\/revisions"}],"predecessor-version":[{"id":2696202,"href":"https:\/\/www.pressenza.com\/it\/wp-json\/wp\/v2\/posts\/2696188\/revisions\/2696202"}],"wp:featuredmedia":[{"embeddable":true,"href":"https:\/\/www.pressenza.com\/it\/wp-json\/wp\/v2\/media\/2696200"}],"wp:attachment":[{"href":"https:\/\/www.pressenza.com\/it\/wp-json\/wp\/v2\/media?parent=2696188"}],"wp:term":[{"taxonomy":"category","embeddable":true,"href":"https:\/\/www.pressenza.com\/it\/wp-json\/wp\/v2\/categories?post=2696188"},{"taxonomy":"post_tag","embeddable":true,"href":"https:\/\/www.pressenza.com\/it\/wp-json\/wp\/v2\/tags?post=2696188"}],"curies":[{"name":"wp","href":"https:\/\/api.w.org\/{rel}","templated":true}]}}