{"id":2696134,"date":"2026-04-28T16:04:31","date_gmt":"2026-04-28T15:04:31","guid":{"rendered":"https:\/\/www.pressenza.com\/?p=2696134"},"modified":"2026-04-28T16:09:08","modified_gmt":"2026-04-28T15:09:08","slug":"amianto-giorno-della-memoria","status":"publish","type":"post","link":"https:\/\/www.pressenza.com\/it\/2026\/04\/amianto-giorno-della-memoria\/","title":{"rendered":"La denuncia di Costa al convegno \u201cAmianto, il giorno della memoria. Dalla prevenzione alla bonifica\u201d"},"content":{"rendered":"<p>\u201cSull\u2019amianto non possiamo pi\u00f9 permetterci ritardi, silenzi o scaricabarile istituzionali &#8211; ha esordito Sergio Costa, Vicepresidente della Camera dei deputati ed ex Ministro dell\u2019Ambiente, intervenendo all\u2019iniziativa svolta oggi, 28 aprile, nella Sala Matteotti della Camera dei Deputati &#8211; A fronte di risorse stanziate e di strumenti gi\u00e0 messi in campo nella scorsa legislatura, ancora oggi non abbiamo un riscontro chiaro n\u00e9 dal Governo n\u00e9 dalle Regioni su come siano stati spesi i fondi destinati alle bonifiche. E questo \u00e8 inaccettabile, perch\u00e9 mentre la burocrazia rallenta, le persone continuano ad ammalarsi e a morire\u201d.<\/p>\n<p>Nel corso del convegno \u00e8 stato presentato il libro, intitolato &#8220;Amianto, dalla prevenzione alla bonifica&#8221;, pubblicato nel 2025 e scritto da Ezio Bonanni, avvocato da oltre 20 anni impegnato nella difesa legale delle vittime dell&#8217;amianto e presidente dell&#8217;<span class=\"T286Pc\" data-sfc-cp=\"\" data-sfc-root=\"c\" data-sfc-cb=\"\" data-processed=\"true\"><strong>Osservatorio Nazionale Amianto<\/strong> (ONA)<\/span>.<\/p>\n<p>\u201cParliamo di una ferita ancora aperta nel Paese: a 34 anni dalla legge che ha messo al bando l\u2019amianto, in Italia risultano ancora 40 milioni di tonnellate disseminate sul territorio, si stimano 7 mila decessi l\u2019anno per patologie asbesto-correlate e ci sono ancora 2.500 scuole pubbliche con presenza di amianto, con un\u2019esposizione che riguarda centinaia di migliaia di studenti, insegnanti e lavoratori &#8211; ha evidenziato Costa ricordando il proprio lavoro svolto durante il mandato al Ministero dell\u2019Ambiente &#8211; Nella scorsa legislatura abbiamo stanziato circa 400 milioni di euro per la bonifica dell\u2019amianto negli edifici pubblici, con priorit\u00e0 a scuole e ospedali. Ma oggi attendiamo ancora un <em>reporting<\/em> puntuale su come quelle risorse siano state utilizzate. Non sto dicendo che non sia stato fatto nulla: sto dicendo che i cittadini hanno il diritto di sapere cosa \u00e8 stato realizzato, cosa no e perch\u00e9\u201d.<\/p>\n<p>Il Vicepresidente della Camera ha anche richiamato alcuni risultati ottenuti, a partire dalla modifica costituzionale dell\u2019articolo 41 della Costituzione, che oggi sancisce il principio secondo cui l\u2019attivit\u00e0 economica non pu\u00f2 svolgersi a danno della salute e dell\u2019ambiente: \u201c\u00c8 stato un passaggio storico, ma ora servono atti conseguenti. Non bastano i principi se poi non si traducono in bonifiche, prevenzione e tutela concreta delle famiglie e dei lavoratori\u201d.<\/p>\n<p>E, denunciando l\u2019assenza di una strategia aggiornata e strutturale, ha concluso: \u201cManca ancora una mappatura localizzata della presenza di amianto sul territorio nazionale e bisogna accelerare sui decreti attuativi delle norme approvate. \u00c8 stata persino cancellata presso il Ministero dell\u2019Ambiente la Direzione Generale Bonifiche, che aveva prodotto un incremento straordinario delle attivit\u00e0. Sono segnali che non possiamo ignorare. L\u2019amianto non ha colore politico. Non \u00e8 una questione di destra o di sinistra, ma di salute pubblica, giustizia ambientale e rispetto per le vittime e le loro famiglie. Serve subito un cambio di passo. Servono risposte, trasparenza e una vera accelerazione. Non c\u2019\u00e8 pi\u00f9 tempo da perdere\u201d.<\/p>\n<p>&nbsp;<\/p>\n<p><img loading=\"lazy\" decoding=\"async\" class=\"aligncenter size-full wp-image-2696147\" src=\"https:\/\/www.pressenza.com\/wp-content\/uploads\/2026\/04\/Amianto-dalla-prevenzione-alla-bonifica.-Libro-di-Ezio-Bonanni.jpg\" alt=\"\" width=\"437\" height=\"620\" srcset=\"https:\/\/www.pressenza.com\/wp-content\/uploads\/2026\/04\/Amianto-dalla-prevenzione-alla-bonifica.-Libro-di-Ezio-Bonanni.jpg 437w, https:\/\/www.pressenza.com\/wp-content\/uploads\/2026\/04\/Amianto-dalla-prevenzione-alla-bonifica.-Libro-di-Ezio-Bonanni-211x300.jpg 211w\" sizes=\"auto, (max-width: 437px) 100vw, 437px\" \/><\/p>\n","protected":false},"excerpt":{"rendered":"<p>\u201cSull\u2019amianto non possiamo pi\u00f9 permetterci ritardi, silenzi o scaricabarile istituzionali &#8211; ha esordito Sergio Costa, Vicepresidente della Camera dei deputati ed ex Ministro dell\u2019Ambiente, intervenendo all\u2019iniziativa svolta oggi, 28 aprile, nella Sala Matteotti della Camera dei Deputati &#8211; A fronte&hellip;<\/p>\n","protected":false},"author":594,"featured_media":2696146,"comment_status":"closed","ping_status":"closed","sticky":false,"template":"","format":"standard","meta":{"footnotes":""},"categories":[11388,59,1259],"tags":[2553,42273,134320,122193],"class_list":["post-2696134","post","type-post","status-publish","format-standard","has-post-thumbnail","hentry","category-contenuti-originali","category-ambiente-ecologia","category-salute-argomento","tag-amianto","tag-bonifica","tag-maddalena-brunasti","tag-vittime-dellamianto"],"yoast_head":"<!-- This site is optimized with the Yoast SEO plugin v27.1.1 - https:\/\/yoast.com\/product\/yoast-seo-wordpress\/ -->\n<title>La denuncia di Costa al convegno \u201cAmianto, il giorno della memoria. Dalla prevenzione alla bonifica\u201d<\/title>\n<meta name=\"description\" content=\"\u201cSull\u2019amianto non possiamo pi\u00f9 permetterci ritardi, silenzi o scaricabarile istituzionali - ha esordito Sergio Costa, Vicepresidente della Camera dei La denuncia di Costa al convegno \u201cAmianto, il giorno della memoria. Dalla prevenzione alla bonifica\u201d: l\u2019assenza di una strategia aggiornata e strutturale miete vittime tra la popolazione, 7 mila decessi l\u2019anno per patologie asbesto-correlate. Ancora 40 milioni di tonnellate disseminate sul territorio e 2.500 scuole pubbliche con presenza di amianto.\" \/>\n<meta name=\"robots\" content=\"index, follow, max-snippet:-1, max-image-preview:large, max-video-preview:-1\" \/>\n<link rel=\"canonical\" href=\"https:\/\/www.pressenza.com\/it\/2026\/04\/amianto-giorno-della-memoria\/\" \/>\n<meta property=\"og:locale\" content=\"it_IT\" \/>\n<meta property=\"og:type\" content=\"article\" \/>\n<meta property=\"og:title\" content=\"La denuncia di Costa al convegno \u201cAmianto, il giorno della memoria. Dalla prevenzione alla bonifica\u201d\" \/>\n<meta property=\"og:description\" content=\"\u201cSull\u2019amianto non possiamo pi\u00f9 permetterci ritardi, silenzi o scaricabarile istituzionali - ha esordito Sergio Costa, Vicepresidente della Camera dei La denuncia di Costa al convegno \u201cAmianto, il giorno della memoria. Dalla prevenzione alla bonifica\u201d: l\u2019assenza di una strategia aggiornata e strutturale miete vittime tra la popolazione, 7 mila decessi l\u2019anno per patologie asbesto-correlate. Ancora 40 milioni di tonnellate disseminate sul territorio e 2.500 scuole pubbliche con presenza di amianto.\" \/>\n<meta property=\"og:url\" content=\"https:\/\/www.pressenza.com\/it\/2026\/04\/amianto-giorno-della-memoria\/\" \/>\n<meta property=\"og:site_name\" content=\"Pressenza\" \/>\n<meta property=\"article:publisher\" content=\"https:\/\/www.facebook.com\/PressenzaItalia\" \/>\n<meta property=\"article:author\" content=\"https:\/\/www.facebook.com\/PressenzaItalia\" \/>\n<meta property=\"article:published_time\" content=\"2026-04-28T15:04:31+00:00\" \/>\n<meta property=\"article:modified_time\" content=\"2026-04-28T15:09:08+00:00\" \/>\n<meta property=\"og:image\" content=\"https:\/\/www.pressenza.com\/wp-content\/uploads\/2026\/04\/Amianto-dalla-prevenzione-alla-bonifica.-Libro-di-Ezio-Bonanni-pic.jpg\" \/>\n\t<meta property=\"og:image:width\" content=\"420\" \/>\n\t<meta property=\"og:image:height\" content=\"242\" \/>\n\t<meta property=\"og:image:type\" content=\"image\/jpeg\" \/>\n<meta name=\"author\" content=\"Redazione Italia\" \/>\n<meta name=\"twitter:card\" content=\"summary_large_image\" \/>\n<meta name=\"twitter:creator\" content=\"@pressenza_it\" \/>\n<meta name=\"twitter:site\" content=\"@PressenzaIPA\" \/>\n<meta name=\"twitter:label1\" content=\"Scritto da\" \/>\n\t<meta name=\"twitter:data1\" content=\"Redazione Italia\" \/>\n\t<meta name=\"twitter:label2\" content=\"Tempo di lettura stimato\" \/>\n\t<meta name=\"twitter:data2\" content=\"3 minuti\" \/>\n<script type=\"application\/ld+json\" class=\"yoast-schema-graph\">{\"@context\":\"https:\/\/schema.org\",\"@graph\":[{\"@type\":\"Article\",\"@id\":\"https:\/\/www.pressenza.com\/it\/2026\/04\/amianto-giorno-della-memoria\/#article\",\"isPartOf\":{\"@id\":\"https:\/\/www.pressenza.com\/it\/2026\/04\/amianto-giorno-della-memoria\/\"},\"author\":{\"name\":\"Redazione Italia\",\"@id\":\"https:\/\/www.pressenza.com\/it\/#\/schema\/person\/d983e81827ae24f2c7b1a2123d197f8d\"},\"headline\":\"La denuncia di Costa al convegno \u201cAmianto, il giorno della memoria. Dalla prevenzione alla bonifica\u201d\",\"datePublished\":\"2026-04-28T15:04:31+00:00\",\"dateModified\":\"2026-04-28T15:09:08+00:00\",\"mainEntityOfPage\":{\"@id\":\"https:\/\/www.pressenza.com\/it\/2026\/04\/amianto-giorno-della-memoria\/\"},\"wordCount\":466,\"publisher\":{\"@id\":\"https:\/\/www.pressenza.com\/it\/#organization\"},\"image\":{\"@id\":\"https:\/\/www.pressenza.com\/it\/2026\/04\/amianto-giorno-della-memoria\/#primaryimage\"},\"thumbnailUrl\":\"https:\/\/www.pressenza.com\/wp-content\/uploads\/2026\/04\/Amianto-dalla-prevenzione-alla-bonifica.-Libro-di-Ezio-Bonanni-pic.jpg\",\"keywords\":[\"amianto\",\"bonifica\",\"Maddalena Brunasti\",\"vittime dell'amianto\"],\"articleSection\":[\"contenuti originali\",\"Ecologia ed Ambiente\",\"Salute\"],\"inLanguage\":\"it-IT\"},{\"@type\":\"WebPage\",\"@id\":\"https:\/\/www.pressenza.com\/it\/2026\/04\/amianto-giorno-della-memoria\/\",\"url\":\"https:\/\/www.pressenza.com\/it\/2026\/04\/amianto-giorno-della-memoria\/\",\"name\":\"La denuncia di Costa al convegno \u201cAmianto, il giorno della memoria. Dalla prevenzione alla bonifica\u201d\",\"isPartOf\":{\"@id\":\"https:\/\/www.pressenza.com\/it\/#website\"},\"primaryImageOfPage\":{\"@id\":\"https:\/\/www.pressenza.com\/it\/2026\/04\/amianto-giorno-della-memoria\/#primaryimage\"},\"image\":{\"@id\":\"https:\/\/www.pressenza.com\/it\/2026\/04\/amianto-giorno-della-memoria\/#primaryimage\"},\"thumbnailUrl\":\"https:\/\/www.pressenza.com\/wp-content\/uploads\/2026\/04\/Amianto-dalla-prevenzione-alla-bonifica.-Libro-di-Ezio-Bonanni-pic.jpg\",\"datePublished\":\"2026-04-28T15:04:31+00:00\",\"dateModified\":\"2026-04-28T15:09:08+00:00\",\"description\":\"\u201cSull\u2019amianto non possiamo pi\u00f9 permetterci ritardi, silenzi o scaricabarile istituzionali - ha esordito Sergio Costa, Vicepresidente della Camera dei La denuncia di Costa al convegno \u201cAmianto, il giorno della memoria. Dalla prevenzione alla bonifica\u201d: l\u2019assenza di una strategia aggiornata e strutturale miete vittime tra la popolazione, 7 mila decessi l\u2019anno per patologie asbesto-correlate. Ancora 40 milioni di tonnellate disseminate sul territorio e 2.500 scuole pubbliche con presenza di amianto.\",\"breadcrumb\":{\"@id\":\"https:\/\/www.pressenza.com\/it\/2026\/04\/amianto-giorno-della-memoria\/#breadcrumb\"},\"inLanguage\":\"it-IT\",\"potentialAction\":[{\"@type\":\"ReadAction\",\"target\":[\"https:\/\/www.pressenza.com\/it\/2026\/04\/amianto-giorno-della-memoria\/\"]}]},{\"@type\":\"ImageObject\",\"inLanguage\":\"it-IT\",\"@id\":\"https:\/\/www.pressenza.com\/it\/2026\/04\/amianto-giorno-della-memoria\/#primaryimage\",\"url\":\"https:\/\/www.pressenza.com\/wp-content\/uploads\/2026\/04\/Amianto-dalla-prevenzione-alla-bonifica.-Libro-di-Ezio-Bonanni-pic.jpg\",\"contentUrl\":\"https:\/\/www.pressenza.com\/wp-content\/uploads\/2026\/04\/Amianto-dalla-prevenzione-alla-bonifica.-Libro-di-Ezio-Bonanni-pic.jpg\",\"width\":420,\"height\":242},{\"@type\":\"BreadcrumbList\",\"@id\":\"https:\/\/www.pressenza.com\/it\/2026\/04\/amianto-giorno-della-memoria\/#breadcrumb\",\"itemListElement\":[{\"@type\":\"ListItem\",\"position\":1,\"name\":\"Accueil\",\"item\":\"https:\/\/www.pressenza.com\/it\/\"},{\"@type\":\"ListItem\",\"position\":2,\"name\":\"La denuncia di Costa al convegno \u201cAmianto, il giorno della memoria. Dalla prevenzione alla bonifica\u201d\"}]},{\"@type\":\"WebSite\",\"@id\":\"https:\/\/www.pressenza.com\/it\/#website\",\"url\":\"https:\/\/www.pressenza.com\/it\/\",\"name\":\"Pressenza\",\"description\":\"Agenzia di Stampa Internazionale\",\"publisher\":{\"@id\":\"https:\/\/www.pressenza.com\/it\/#organization\"},\"potentialAction\":[{\"@type\":\"SearchAction\",\"target\":{\"@type\":\"EntryPoint\",\"urlTemplate\":\"https:\/\/www.pressenza.com\/it\/?s={search_term_string}\"},\"query-input\":{\"@type\":\"PropertyValueSpecification\",\"valueRequired\":true,\"valueName\":\"search_term_string\"}}],\"inLanguage\":\"it-IT\"},{\"@type\":\"Organization\",\"@id\":\"https:\/\/www.pressenza.com\/it\/#organization\",\"name\":\"Pressenza\",\"url\":\"https:\/\/www.pressenza.com\/it\/\",\"logo\":{\"@type\":\"ImageObject\",\"inLanguage\":\"it-IT\",\"@id\":\"https:\/\/www.pressenza.com\/it\/#\/schema\/logo\/image\/\",\"url\":\"https:\/\/www.pressenza.com\/wp-content\/uploads\/2022\/10\/pressenza_logo_200x200.jpg\",\"contentUrl\":\"https:\/\/www.pressenza.com\/wp-content\/uploads\/2022\/10\/pressenza_logo_200x200.jpg\",\"width\":200,\"height\":200,\"caption\":\"Pressenza\"},\"image\":{\"@id\":\"https:\/\/www.pressenza.com\/it\/#\/schema\/logo\/image\/\"},\"sameAs\":[\"https:\/\/www.facebook.com\/PressenzaItalia\",\"https:\/\/x.com\/PressenzaIPA\"]},{\"@type\":\"Person\",\"@id\":\"https:\/\/www.pressenza.com\/it\/#\/schema\/person\/d983e81827ae24f2c7b1a2123d197f8d\",\"name\":\"Redazione Italia\",\"description\":\"News from the Pressenza Bureau in Italy\",\"sameAs\":[\"https:\/\/www.pressenza.com\/it\/author\/redazione-italia\/\",\"https:\/\/www.facebook.com\/PressenzaItalia\",\"https:\/\/www.instagram.com\/pressenza_italia\/\",\"https:\/\/x.com\/pressenza_it\",\"https:\/\/www.youtube.com\/channel\/UCSalEIWjE1RSxkwjfftFuqg\"],\"url\":\"https:\/\/www.pressenza.com\/it\/author\/redazione-italia\/\"}]}<\/script>\n<!-- \/ Yoast SEO plugin. -->","yoast_head_json":{"title":"La denuncia di Costa al convegno \u201cAmianto, il giorno della memoria. Dalla prevenzione alla bonifica\u201d","description":"\u201cSull\u2019amianto non possiamo pi\u00f9 permetterci ritardi, silenzi o scaricabarile istituzionali - ha esordito Sergio Costa, Vicepresidente della Camera dei La denuncia di Costa al convegno \u201cAmianto, il giorno della memoria. Dalla prevenzione alla bonifica\u201d: l\u2019assenza di una strategia aggiornata e strutturale miete vittime tra la popolazione, 7 mila decessi l\u2019anno per patologie asbesto-correlate. Ancora 40 milioni di tonnellate disseminate sul territorio e 2.500 scuole pubbliche con presenza di amianto.","robots":{"index":"index","follow":"follow","max-snippet":"max-snippet:-1","max-image-preview":"max-image-preview:large","max-video-preview":"max-video-preview:-1"},"canonical":"https:\/\/www.pressenza.com\/it\/2026\/04\/amianto-giorno-della-memoria\/","og_locale":"it_IT","og_type":"article","og_title":"La denuncia di Costa al convegno \u201cAmianto, il giorno della memoria. Dalla prevenzione alla bonifica\u201d","og_description":"\u201cSull\u2019amianto non possiamo pi\u00f9 permetterci ritardi, silenzi o scaricabarile istituzionali - ha esordito Sergio Costa, Vicepresidente della Camera dei La denuncia di Costa al convegno \u201cAmianto, il giorno della memoria. Dalla prevenzione alla bonifica\u201d: l\u2019assenza di una strategia aggiornata e strutturale miete vittime tra la popolazione, 7 mila decessi l\u2019anno per patologie asbesto-correlate. Ancora 40 milioni di tonnellate disseminate sul territorio e 2.500 scuole pubbliche con presenza di amianto.","og_url":"https:\/\/www.pressenza.com\/it\/2026\/04\/amianto-giorno-della-memoria\/","og_site_name":"Pressenza","article_publisher":"https:\/\/www.facebook.com\/PressenzaItalia","article_author":"https:\/\/www.facebook.com\/PressenzaItalia","article_published_time":"2026-04-28T15:04:31+00:00","article_modified_time":"2026-04-28T15:09:08+00:00","og_image":[{"width":420,"height":242,"url":"https:\/\/www.pressenza.com\/wp-content\/uploads\/2026\/04\/Amianto-dalla-prevenzione-alla-bonifica.-Libro-di-Ezio-Bonanni-pic.jpg","type":"image\/jpeg"}],"author":"Redazione Italia","twitter_card":"summary_large_image","twitter_creator":"@pressenza_it","twitter_site":"@PressenzaIPA","twitter_misc":{"Scritto da":"Redazione Italia","Tempo di lettura stimato":"3 minuti"},"schema":{"@context":"https:\/\/schema.org","@graph":[{"@type":"Article","@id":"https:\/\/www.pressenza.com\/it\/2026\/04\/amianto-giorno-della-memoria\/#article","isPartOf":{"@id":"https:\/\/www.pressenza.com\/it\/2026\/04\/amianto-giorno-della-memoria\/"},"author":{"name":"Redazione Italia","@id":"https:\/\/www.pressenza.com\/it\/#\/schema\/person\/d983e81827ae24f2c7b1a2123d197f8d"},"headline":"La denuncia di Costa al convegno \u201cAmianto, il giorno della memoria. Dalla prevenzione alla bonifica\u201d","datePublished":"2026-04-28T15:04:31+00:00","dateModified":"2026-04-28T15:09:08+00:00","mainEntityOfPage":{"@id":"https:\/\/www.pressenza.com\/it\/2026\/04\/amianto-giorno-della-memoria\/"},"wordCount":466,"publisher":{"@id":"https:\/\/www.pressenza.com\/it\/#organization"},"image":{"@id":"https:\/\/www.pressenza.com\/it\/2026\/04\/amianto-giorno-della-memoria\/#primaryimage"},"thumbnailUrl":"https:\/\/www.pressenza.com\/wp-content\/uploads\/2026\/04\/Amianto-dalla-prevenzione-alla-bonifica.-Libro-di-Ezio-Bonanni-pic.jpg","keywords":["amianto","bonifica","Maddalena Brunasti","vittime dell'amianto"],"articleSection":["contenuti originali","Ecologia ed Ambiente","Salute"],"inLanguage":"it-IT"},{"@type":"WebPage","@id":"https:\/\/www.pressenza.com\/it\/2026\/04\/amianto-giorno-della-memoria\/","url":"https:\/\/www.pressenza.com\/it\/2026\/04\/amianto-giorno-della-memoria\/","name":"La denuncia di Costa al convegno \u201cAmianto, il giorno della memoria. Dalla prevenzione alla bonifica\u201d","isPartOf":{"@id":"https:\/\/www.pressenza.com\/it\/#website"},"primaryImageOfPage":{"@id":"https:\/\/www.pressenza.com\/it\/2026\/04\/amianto-giorno-della-memoria\/#primaryimage"},"image":{"@id":"https:\/\/www.pressenza.com\/it\/2026\/04\/amianto-giorno-della-memoria\/#primaryimage"},"thumbnailUrl":"https:\/\/www.pressenza.com\/wp-content\/uploads\/2026\/04\/Amianto-dalla-prevenzione-alla-bonifica.-Libro-di-Ezio-Bonanni-pic.jpg","datePublished":"2026-04-28T15:04:31+00:00","dateModified":"2026-04-28T15:09:08+00:00","description":"\u201cSull\u2019amianto non possiamo pi\u00f9 permetterci ritardi, silenzi o scaricabarile istituzionali - ha esordito Sergio Costa, Vicepresidente della Camera dei La denuncia di Costa al convegno \u201cAmianto, il giorno della memoria. Dalla prevenzione alla bonifica\u201d: l\u2019assenza di una strategia aggiornata e strutturale miete vittime tra la popolazione, 7 mila decessi l\u2019anno per patologie asbesto-correlate. Ancora 40 milioni di tonnellate disseminate sul territorio e 2.500 scuole pubbliche con presenza di amianto.","breadcrumb":{"@id":"https:\/\/www.pressenza.com\/it\/2026\/04\/amianto-giorno-della-memoria\/#breadcrumb"},"inLanguage":"it-IT","potentialAction":[{"@type":"ReadAction","target":["https:\/\/www.pressenza.com\/it\/2026\/04\/amianto-giorno-della-memoria\/"]}]},{"@type":"ImageObject","inLanguage":"it-IT","@id":"https:\/\/www.pressenza.com\/it\/2026\/04\/amianto-giorno-della-memoria\/#primaryimage","url":"https:\/\/www.pressenza.com\/wp-content\/uploads\/2026\/04\/Amianto-dalla-prevenzione-alla-bonifica.-Libro-di-Ezio-Bonanni-pic.jpg","contentUrl":"https:\/\/www.pressenza.com\/wp-content\/uploads\/2026\/04\/Amianto-dalla-prevenzione-alla-bonifica.-Libro-di-Ezio-Bonanni-pic.jpg","width":420,"height":242},{"@type":"BreadcrumbList","@id":"https:\/\/www.pressenza.com\/it\/2026\/04\/amianto-giorno-della-memoria\/#breadcrumb","itemListElement":[{"@type":"ListItem","position":1,"name":"Accueil","item":"https:\/\/www.pressenza.com\/it\/"},{"@type":"ListItem","position":2,"name":"La denuncia di Costa al convegno \u201cAmianto, il giorno della memoria. Dalla prevenzione alla bonifica\u201d"}]},{"@type":"WebSite","@id":"https:\/\/www.pressenza.com\/it\/#website","url":"https:\/\/www.pressenza.com\/it\/","name":"Pressenza","description":"Agenzia di Stampa Internazionale","publisher":{"@id":"https:\/\/www.pressenza.com\/it\/#organization"},"potentialAction":[{"@type":"SearchAction","target":{"@type":"EntryPoint","urlTemplate":"https:\/\/www.pressenza.com\/it\/?s={search_term_string}"},"query-input":{"@type":"PropertyValueSpecification","valueRequired":true,"valueName":"search_term_string"}}],"inLanguage":"it-IT"},{"@type":"Organization","@id":"https:\/\/www.pressenza.com\/it\/#organization","name":"Pressenza","url":"https:\/\/www.pressenza.com\/it\/","logo":{"@type":"ImageObject","inLanguage":"it-IT","@id":"https:\/\/www.pressenza.com\/it\/#\/schema\/logo\/image\/","url":"https:\/\/www.pressenza.com\/wp-content\/uploads\/2022\/10\/pressenza_logo_200x200.jpg","contentUrl":"https:\/\/www.pressenza.com\/wp-content\/uploads\/2022\/10\/pressenza_logo_200x200.jpg","width":200,"height":200,"caption":"Pressenza"},"image":{"@id":"https:\/\/www.pressenza.com\/it\/#\/schema\/logo\/image\/"},"sameAs":["https:\/\/www.facebook.com\/PressenzaItalia","https:\/\/x.com\/PressenzaIPA"]},{"@type":"Person","@id":"https:\/\/www.pressenza.com\/it\/#\/schema\/person\/d983e81827ae24f2c7b1a2123d197f8d","name":"Redazione Italia","description":"News from the Pressenza Bureau in Italy","sameAs":["https:\/\/www.pressenza.com\/it\/author\/redazione-italia\/","https:\/\/www.facebook.com\/PressenzaItalia","https:\/\/www.instagram.com\/pressenza_italia\/","https:\/\/x.com\/pressenza_it","https:\/\/www.youtube.com\/channel\/UCSalEIWjE1RSxkwjfftFuqg"],"url":"https:\/\/www.pressenza.com\/it\/author\/redazione-italia\/"}]}},"place":"Maddalena Brunasti","original_article_url":"","_links":{"self":[{"href":"https:\/\/www.pressenza.com\/it\/wp-json\/wp\/v2\/posts\/2696134","targetHints":{"allow":["GET"]}}],"collection":[{"href":"https:\/\/www.pressenza.com\/it\/wp-json\/wp\/v2\/posts"}],"about":[{"href":"https:\/\/www.pressenza.com\/it\/wp-json\/wp\/v2\/types\/post"}],"author":[{"embeddable":true,"href":"https:\/\/www.pressenza.com\/it\/wp-json\/wp\/v2\/users\/594"}],"replies":[{"embeddable":true,"href":"https:\/\/www.pressenza.com\/it\/wp-json\/wp\/v2\/comments?post=2696134"}],"version-history":[{"count":1,"href":"https:\/\/www.pressenza.com\/it\/wp-json\/wp\/v2\/posts\/2696134\/revisions"}],"predecessor-version":[{"id":2696148,"href":"https:\/\/www.pressenza.com\/it\/wp-json\/wp\/v2\/posts\/2696134\/revisions\/2696148"}],"wp:featuredmedia":[{"embeddable":true,"href":"https:\/\/www.pressenza.com\/it\/wp-json\/wp\/v2\/media\/2696146"}],"wp:attachment":[{"href":"https:\/\/www.pressenza.com\/it\/wp-json\/wp\/v2\/media?parent=2696134"}],"wp:term":[{"taxonomy":"category","embeddable":true,"href":"https:\/\/www.pressenza.com\/it\/wp-json\/wp\/v2\/categories?post=2696134"},{"taxonomy":"post_tag","embeddable":true,"href":"https:\/\/www.pressenza.com\/it\/wp-json\/wp\/v2\/tags?post=2696134"}],"curies":[{"name":"wp","href":"https:\/\/api.w.org\/{rel}","templated":true}]}}