{"id":2696017,"date":"2026-04-27T23:14:16","date_gmt":"2026-04-27T22:14:16","guid":{"rendered":"https:\/\/www.pressenza.com\/?p=2696017"},"modified":"2026-04-27T23:22:12","modified_gmt":"2026-04-27T22:22:12","slug":"aveva-un-nome-ghazal-mowlan-e-il-costo-umano-del-conflitto","status":"publish","type":"post","link":"https:\/\/www.pressenza.com\/it\/2026\/04\/aveva-un-nome-ghazal-mowlan-e-il-costo-umano-del-conflitto\/","title":{"rendered":"Aveva un nome: Ghazal Mowlan e il costo umano del conflitto"},"content":{"rendered":"<p>Una combattente curda di nome Ghazal Mowlan, originaria di Mahabad, nel nord-ovest dell\u2019Iran, \u00e8 morta dopo essere stata gravemente ferita in un attacco con droni condotto dalle Guardie Rivoluzionarie iraniane (IRGC).<\/p>\n<p>L\u2019attacco ha colpito un campo appartenente al Partito Komala del Kurdistan iraniano, un gruppo politico e armato di opposizione curda che da anni opera nelle zone di confine tra Iran e la Regione autonoma del Kurdistan iracheno.<\/p>\n<p>Ghazal era una delle combattenti del gruppo, spesso definite \u201cpeshmerga\u201d, un termine usato per indicare I combattenti curdi.<\/p>\n<p>\u00c8 stata gravemente ferita quando I droni iraniani hanno colpito il campo nella zona di Surdash, nella provincia di Sulaymaniyah.<\/p>\n<p>Secondo l\u2019organizzazione per I diritti umani Hengaw, \u00e8 morta la sera del 14 aprile 2026, dopo aver lottato per ore contro le ferite riportate.<\/p>\n<p>Almeno altri due combattenti sono rimasti feriti nello stesso attacco, ma le loro condizioni sono state descritte come stabili.<\/p>\n<p>Ci\u00f2 che rende questo episodio ancora pi\u00f9 significativo \u00e8 il contesto.<\/p>\n<p>L\u2019attacco \u00e8 avvenuto il settimo giorno dopo l\u2019annuncio di un cessate il fuoco tra Iran, Israele e Stati Uniti. Nonostante ci\u00f2, le forze iraniane hanno colpito simultaneamente I campi di due gruppi di opposizione curdi: Komala e il Partito Democratico del Kurdistan iraniano.<\/p>\n<p>Ma al di l\u00e0 della dimensione politica e militare, esiste una realt\u00e0 pi\u00f9 profonda, pi\u00f9 umana.<\/p>\n<p>Ghazal Mowlan non \u00e8 solo un nome in un rapporto.<\/p>\n<p>Era una persona \u2014 con una vita, una storia e un futuro che non potr\u00e0 mai realizzarsi.<\/p>\n<p>La sua morte ricorda una verit\u00e0 semplice ma dura:<\/p>\n<p>Nel mezzo dei conflitti, delle strategie militari e delle tensioni geopolitiche,<\/p>\n<p>Sono le persone a pagare il prezzo pi\u00f9 alto.<\/p>\n<p>I nomi possono comparire per un momento nelle notizie,<\/p>\n<p>Ma le vite che rappresentano non tornano pi\u00f9.<\/p>\n","protected":false},"excerpt":{"rendered":"<p>Una combattente curda di nome Ghazal Mowlan, originaria di Mahabad, nel nord-ovest dell\u2019Iran, \u00e8 morta dopo essere stata gravemente ferita in un attacco con droni condotto dalle Guardie Rivoluzionarie iraniane (IRGC). L\u2019attacco ha colpito un campo appartenente al Partito Komala&hellip;<\/p>\n","protected":false},"author":2611,"featured_media":1795599,"comment_status":"closed","ping_status":"closed","sticky":false,"template":"","format":"standard","meta":{"footnotes":""},"categories":[11388,1263],"tags":[206,5795,156010],"class_list":["post-2696017","post","type-post","status-publish","format-standard","has-post-thumbnail","hentry","category-contenuti-originali","category-pace-disarmo","tag-iran","tag-kurdistan","tag-peshmerga"],"yoast_head":"<!-- This site is optimized with the Yoast SEO plugin v27.1.1 - https:\/\/yoast.com\/product\/yoast-seo-wordpress\/ -->\n<title>Aveva un nome: Ghazal Mowlan e il costo umano del conflitto<\/title>\n<meta name=\"description\" content=\"Una combattente curda di nome Ghazal Mowlan, originaria di Mahabad, nel nord-ovest dell\u2019Iran, \u00e8 morta dopo essere stata gravemente ferita in un attacco\" \/>\n<meta name=\"robots\" content=\"index, follow, max-snippet:-1, max-image-preview:large, max-video-preview:-1\" \/>\n<link rel=\"canonical\" href=\"https:\/\/www.pressenza.com\/it\/2026\/04\/aveva-un-nome-ghazal-mowlan-e-il-costo-umano-del-conflitto\/\" \/>\n<meta property=\"og:locale\" content=\"it_IT\" \/>\n<meta property=\"og:type\" content=\"article\" \/>\n<meta property=\"og:title\" content=\"Aveva un nome: Ghazal Mowlan e il costo umano del conflitto\" \/>\n<meta property=\"og:description\" content=\"Una combattente curda di nome Ghazal Mowlan, originaria di Mahabad, nel nord-ovest dell\u2019Iran, \u00e8 morta dopo essere stata gravemente ferita in un attacco\" \/>\n<meta property=\"og:url\" content=\"https:\/\/www.pressenza.com\/it\/2026\/04\/aveva-un-nome-ghazal-mowlan-e-il-costo-umano-del-conflitto\/\" \/>\n<meta property=\"og:site_name\" content=\"Pressenza\" \/>\n<meta property=\"article:publisher\" content=\"https:\/\/www.facebook.com\/PressenzaItalia\" \/>\n<meta property=\"article:published_time\" content=\"2026-04-27T22:14:16+00:00\" \/>\n<meta property=\"article:modified_time\" content=\"2026-04-27T22:22:12+00:00\" \/>\n<meta property=\"og:image\" content=\"https:\/\/www.pressenza.com\/wp-content\/uploads\/2024\/01\/Kurdistan_Mappa.jpg\" \/>\n\t<meta property=\"og:image:width\" content=\"820\" \/>\n\t<meta property=\"og:image:height\" content=\"540\" \/>\n\t<meta property=\"og:image:type\" content=\"image\/jpeg\" \/>\n<meta name=\"author\" content=\"Shayan Moradi\" \/>\n<meta name=\"twitter:card\" content=\"summary_large_image\" \/>\n<meta name=\"twitter:creator\" content=\"@PressenzaIPA\" \/>\n<meta name=\"twitter:site\" content=\"@PressenzaIPA\" \/>\n<meta name=\"twitter:label1\" content=\"Scritto da\" \/>\n\t<meta name=\"twitter:data1\" content=\"Shayan Moradi\" \/>\n\t<meta name=\"twitter:label2\" content=\"Tempo di lettura stimato\" \/>\n\t<meta name=\"twitter:data2\" content=\"2 minuti\" \/>\n<script type=\"application\/ld+json\" class=\"yoast-schema-graph\">{\"@context\":\"https:\/\/schema.org\",\"@graph\":[{\"@type\":\"Article\",\"@id\":\"https:\/\/www.pressenza.com\/it\/2026\/04\/aveva-un-nome-ghazal-mowlan-e-il-costo-umano-del-conflitto\/#article\",\"isPartOf\":{\"@id\":\"https:\/\/www.pressenza.com\/it\/2026\/04\/aveva-un-nome-ghazal-mowlan-e-il-costo-umano-del-conflitto\/\"},\"author\":{\"name\":\"Shayan Moradi\",\"@id\":\"https:\/\/www.pressenza.com\/it\/#\/schema\/person\/7ab7eccb3088fac6dc2ec48bfb3011d2\"},\"headline\":\"Aveva un nome: Ghazal Mowlan e il costo umano del conflitto\",\"datePublished\":\"2026-04-27T22:14:16+00:00\",\"dateModified\":\"2026-04-27T22:22:12+00:00\",\"mainEntityOfPage\":{\"@id\":\"https:\/\/www.pressenza.com\/it\/2026\/04\/aveva-un-nome-ghazal-mowlan-e-il-costo-umano-del-conflitto\/\"},\"wordCount\":299,\"publisher\":{\"@id\":\"https:\/\/www.pressenza.com\/it\/#organization\"},\"image\":{\"@id\":\"https:\/\/www.pressenza.com\/it\/2026\/04\/aveva-un-nome-ghazal-mowlan-e-il-costo-umano-del-conflitto\/#primaryimage\"},\"thumbnailUrl\":\"https:\/\/www.pressenza.com\/wp-content\/uploads\/2024\/01\/Kurdistan_Mappa.jpg\",\"keywords\":[\"Iran\",\"Kurdistan\",\"Peshmerga\"],\"articleSection\":[\"contenuti originali\",\"Pace e Disarmo\"],\"inLanguage\":\"it-IT\"},{\"@type\":\"WebPage\",\"@id\":\"https:\/\/www.pressenza.com\/it\/2026\/04\/aveva-un-nome-ghazal-mowlan-e-il-costo-umano-del-conflitto\/\",\"url\":\"https:\/\/www.pressenza.com\/it\/2026\/04\/aveva-un-nome-ghazal-mowlan-e-il-costo-umano-del-conflitto\/\",\"name\":\"Aveva un nome: Ghazal Mowlan e il costo umano del conflitto\",\"isPartOf\":{\"@id\":\"https:\/\/www.pressenza.com\/it\/#website\"},\"primaryImageOfPage\":{\"@id\":\"https:\/\/www.pressenza.com\/it\/2026\/04\/aveva-un-nome-ghazal-mowlan-e-il-costo-umano-del-conflitto\/#primaryimage\"},\"image\":{\"@id\":\"https:\/\/www.pressenza.com\/it\/2026\/04\/aveva-un-nome-ghazal-mowlan-e-il-costo-umano-del-conflitto\/#primaryimage\"},\"thumbnailUrl\":\"https:\/\/www.pressenza.com\/wp-content\/uploads\/2024\/01\/Kurdistan_Mappa.jpg\",\"datePublished\":\"2026-04-27T22:14:16+00:00\",\"dateModified\":\"2026-04-27T22:22:12+00:00\",\"description\":\"Una combattente curda di nome Ghazal Mowlan, originaria di Mahabad, nel nord-ovest dell\u2019Iran, \u00e8 morta dopo essere stata gravemente ferita in un attacco\",\"breadcrumb\":{\"@id\":\"https:\/\/www.pressenza.com\/it\/2026\/04\/aveva-un-nome-ghazal-mowlan-e-il-costo-umano-del-conflitto\/#breadcrumb\"},\"inLanguage\":\"it-IT\",\"potentialAction\":[{\"@type\":\"ReadAction\",\"target\":[\"https:\/\/www.pressenza.com\/it\/2026\/04\/aveva-un-nome-ghazal-mowlan-e-il-costo-umano-del-conflitto\/\"]}]},{\"@type\":\"ImageObject\",\"inLanguage\":\"it-IT\",\"@id\":\"https:\/\/www.pressenza.com\/it\/2026\/04\/aveva-un-nome-ghazal-mowlan-e-il-costo-umano-del-conflitto\/#primaryimage\",\"url\":\"https:\/\/www.pressenza.com\/wp-content\/uploads\/2024\/01\/Kurdistan_Mappa.jpg\",\"contentUrl\":\"https:\/\/www.pressenza.com\/wp-content\/uploads\/2024\/01\/Kurdistan_Mappa.jpg\",\"width\":820,\"height\":540},{\"@type\":\"BreadcrumbList\",\"@id\":\"https:\/\/www.pressenza.com\/it\/2026\/04\/aveva-un-nome-ghazal-mowlan-e-il-costo-umano-del-conflitto\/#breadcrumb\",\"itemListElement\":[{\"@type\":\"ListItem\",\"position\":1,\"name\":\"Accueil\",\"item\":\"https:\/\/www.pressenza.com\/it\/\"},{\"@type\":\"ListItem\",\"position\":2,\"name\":\"Aveva un nome: Ghazal Mowlan e il costo umano del conflitto\"}]},{\"@type\":\"WebSite\",\"@id\":\"https:\/\/www.pressenza.com\/it\/#website\",\"url\":\"https:\/\/www.pressenza.com\/it\/\",\"name\":\"Pressenza\",\"description\":\"Agenzia di Stampa Internazionale\",\"publisher\":{\"@id\":\"https:\/\/www.pressenza.com\/it\/#organization\"},\"potentialAction\":[{\"@type\":\"SearchAction\",\"target\":{\"@type\":\"EntryPoint\",\"urlTemplate\":\"https:\/\/www.pressenza.com\/it\/?s={search_term_string}\"},\"query-input\":{\"@type\":\"PropertyValueSpecification\",\"valueRequired\":true,\"valueName\":\"search_term_string\"}}],\"inLanguage\":\"it-IT\"},{\"@type\":\"Organization\",\"@id\":\"https:\/\/www.pressenza.com\/it\/#organization\",\"name\":\"Pressenza\",\"url\":\"https:\/\/www.pressenza.com\/it\/\",\"logo\":{\"@type\":\"ImageObject\",\"inLanguage\":\"it-IT\",\"@id\":\"https:\/\/www.pressenza.com\/it\/#\/schema\/logo\/image\/\",\"url\":\"https:\/\/www.pressenza.com\/wp-content\/uploads\/2022\/10\/pressenza_logo_200x200.jpg\",\"contentUrl\":\"https:\/\/www.pressenza.com\/wp-content\/uploads\/2022\/10\/pressenza_logo_200x200.jpg\",\"width\":200,\"height\":200,\"caption\":\"Pressenza\"},\"image\":{\"@id\":\"https:\/\/www.pressenza.com\/it\/#\/schema\/logo\/image\/\"},\"sameAs\":[\"https:\/\/www.facebook.com\/PressenzaItalia\",\"https:\/\/x.com\/PressenzaIPA\"]},{\"@type\":\"Person\",\"@id\":\"https:\/\/www.pressenza.com\/it\/#\/schema\/person\/7ab7eccb3088fac6dc2ec48bfb3011d2\",\"name\":\"Shayan Moradi\",\"description\":\"Shayan Moradi is an independent political analyst focusing on Iran, Middle Eastern geopolitics, and democratic transitions. His work examines political transformation, infrastructure, and their impact on civilian societies. He is also the author of the book \\\"Free Kurdistan\\\", which explores historical and political aspects of Kurdish self-determination.\",\"url\":\"https:\/\/www.pressenza.com\/it\/author\/shayan-moradi\/\"}]}<\/script>\n<!-- \/ Yoast SEO plugin. -->","yoast_head_json":{"title":"Aveva un nome: Ghazal Mowlan e il costo umano del conflitto","description":"Una combattente curda di nome Ghazal Mowlan, originaria di Mahabad, nel nord-ovest dell\u2019Iran, \u00e8 morta dopo essere stata gravemente ferita in un attacco","robots":{"index":"index","follow":"follow","max-snippet":"max-snippet:-1","max-image-preview":"max-image-preview:large","max-video-preview":"max-video-preview:-1"},"canonical":"https:\/\/www.pressenza.com\/it\/2026\/04\/aveva-un-nome-ghazal-mowlan-e-il-costo-umano-del-conflitto\/","og_locale":"it_IT","og_type":"article","og_title":"Aveva un nome: Ghazal Mowlan e il costo umano del conflitto","og_description":"Una combattente curda di nome Ghazal Mowlan, originaria di Mahabad, nel nord-ovest dell\u2019Iran, \u00e8 morta dopo essere stata gravemente ferita in un attacco","og_url":"https:\/\/www.pressenza.com\/it\/2026\/04\/aveva-un-nome-ghazal-mowlan-e-il-costo-umano-del-conflitto\/","og_site_name":"Pressenza","article_publisher":"https:\/\/www.facebook.com\/PressenzaItalia","article_published_time":"2026-04-27T22:14:16+00:00","article_modified_time":"2026-04-27T22:22:12+00:00","og_image":[{"width":820,"height":540,"url":"https:\/\/www.pressenza.com\/wp-content\/uploads\/2024\/01\/Kurdistan_Mappa.jpg","type":"image\/jpeg"}],"author":"Shayan Moradi","twitter_card":"summary_large_image","twitter_creator":"@PressenzaIPA","twitter_site":"@PressenzaIPA","twitter_misc":{"Scritto da":"Shayan Moradi","Tempo di lettura stimato":"2 minuti"},"schema":{"@context":"https:\/\/schema.org","@graph":[{"@type":"Article","@id":"https:\/\/www.pressenza.com\/it\/2026\/04\/aveva-un-nome-ghazal-mowlan-e-il-costo-umano-del-conflitto\/#article","isPartOf":{"@id":"https:\/\/www.pressenza.com\/it\/2026\/04\/aveva-un-nome-ghazal-mowlan-e-il-costo-umano-del-conflitto\/"},"author":{"name":"Shayan Moradi","@id":"https:\/\/www.pressenza.com\/it\/#\/schema\/person\/7ab7eccb3088fac6dc2ec48bfb3011d2"},"headline":"Aveva un nome: Ghazal Mowlan e il costo umano del conflitto","datePublished":"2026-04-27T22:14:16+00:00","dateModified":"2026-04-27T22:22:12+00:00","mainEntityOfPage":{"@id":"https:\/\/www.pressenza.com\/it\/2026\/04\/aveva-un-nome-ghazal-mowlan-e-il-costo-umano-del-conflitto\/"},"wordCount":299,"publisher":{"@id":"https:\/\/www.pressenza.com\/it\/#organization"},"image":{"@id":"https:\/\/www.pressenza.com\/it\/2026\/04\/aveva-un-nome-ghazal-mowlan-e-il-costo-umano-del-conflitto\/#primaryimage"},"thumbnailUrl":"https:\/\/www.pressenza.com\/wp-content\/uploads\/2024\/01\/Kurdistan_Mappa.jpg","keywords":["Iran","Kurdistan","Peshmerga"],"articleSection":["contenuti originali","Pace e Disarmo"],"inLanguage":"it-IT"},{"@type":"WebPage","@id":"https:\/\/www.pressenza.com\/it\/2026\/04\/aveva-un-nome-ghazal-mowlan-e-il-costo-umano-del-conflitto\/","url":"https:\/\/www.pressenza.com\/it\/2026\/04\/aveva-un-nome-ghazal-mowlan-e-il-costo-umano-del-conflitto\/","name":"Aveva un nome: Ghazal Mowlan e il costo umano del conflitto","isPartOf":{"@id":"https:\/\/www.pressenza.com\/it\/#website"},"primaryImageOfPage":{"@id":"https:\/\/www.pressenza.com\/it\/2026\/04\/aveva-un-nome-ghazal-mowlan-e-il-costo-umano-del-conflitto\/#primaryimage"},"image":{"@id":"https:\/\/www.pressenza.com\/it\/2026\/04\/aveva-un-nome-ghazal-mowlan-e-il-costo-umano-del-conflitto\/#primaryimage"},"thumbnailUrl":"https:\/\/www.pressenza.com\/wp-content\/uploads\/2024\/01\/Kurdistan_Mappa.jpg","datePublished":"2026-04-27T22:14:16+00:00","dateModified":"2026-04-27T22:22:12+00:00","description":"Una combattente curda di nome Ghazal Mowlan, originaria di Mahabad, nel nord-ovest dell\u2019Iran, \u00e8 morta dopo essere stata gravemente ferita in un attacco","breadcrumb":{"@id":"https:\/\/www.pressenza.com\/it\/2026\/04\/aveva-un-nome-ghazal-mowlan-e-il-costo-umano-del-conflitto\/#breadcrumb"},"inLanguage":"it-IT","potentialAction":[{"@type":"ReadAction","target":["https:\/\/www.pressenza.com\/it\/2026\/04\/aveva-un-nome-ghazal-mowlan-e-il-costo-umano-del-conflitto\/"]}]},{"@type":"ImageObject","inLanguage":"it-IT","@id":"https:\/\/www.pressenza.com\/it\/2026\/04\/aveva-un-nome-ghazal-mowlan-e-il-costo-umano-del-conflitto\/#primaryimage","url":"https:\/\/www.pressenza.com\/wp-content\/uploads\/2024\/01\/Kurdistan_Mappa.jpg","contentUrl":"https:\/\/www.pressenza.com\/wp-content\/uploads\/2024\/01\/Kurdistan_Mappa.jpg","width":820,"height":540},{"@type":"BreadcrumbList","@id":"https:\/\/www.pressenza.com\/it\/2026\/04\/aveva-un-nome-ghazal-mowlan-e-il-costo-umano-del-conflitto\/#breadcrumb","itemListElement":[{"@type":"ListItem","position":1,"name":"Accueil","item":"https:\/\/www.pressenza.com\/it\/"},{"@type":"ListItem","position":2,"name":"Aveva un nome: Ghazal Mowlan e il costo umano del conflitto"}]},{"@type":"WebSite","@id":"https:\/\/www.pressenza.com\/it\/#website","url":"https:\/\/www.pressenza.com\/it\/","name":"Pressenza","description":"Agenzia di Stampa Internazionale","publisher":{"@id":"https:\/\/www.pressenza.com\/it\/#organization"},"potentialAction":[{"@type":"SearchAction","target":{"@type":"EntryPoint","urlTemplate":"https:\/\/www.pressenza.com\/it\/?s={search_term_string}"},"query-input":{"@type":"PropertyValueSpecification","valueRequired":true,"valueName":"search_term_string"}}],"inLanguage":"it-IT"},{"@type":"Organization","@id":"https:\/\/www.pressenza.com\/it\/#organization","name":"Pressenza","url":"https:\/\/www.pressenza.com\/it\/","logo":{"@type":"ImageObject","inLanguage":"it-IT","@id":"https:\/\/www.pressenza.com\/it\/#\/schema\/logo\/image\/","url":"https:\/\/www.pressenza.com\/wp-content\/uploads\/2022\/10\/pressenza_logo_200x200.jpg","contentUrl":"https:\/\/www.pressenza.com\/wp-content\/uploads\/2022\/10\/pressenza_logo_200x200.jpg","width":200,"height":200,"caption":"Pressenza"},"image":{"@id":"https:\/\/www.pressenza.com\/it\/#\/schema\/logo\/image\/"},"sameAs":["https:\/\/www.facebook.com\/PressenzaItalia","https:\/\/x.com\/PressenzaIPA"]},{"@type":"Person","@id":"https:\/\/www.pressenza.com\/it\/#\/schema\/person\/7ab7eccb3088fac6dc2ec48bfb3011d2","name":"Shayan Moradi","description":"Shayan Moradi is an independent political analyst focusing on Iran, Middle Eastern geopolitics, and democratic transitions. His work examines political transformation, infrastructure, and their impact on civilian societies. He is also the author of the book \"Free Kurdistan\", which explores historical and political aspects of Kurdish self-determination.","url":"https:\/\/www.pressenza.com\/it\/author\/shayan-moradi\/"}]}},"place":"Kurdistan iraniano","original_article_url":"","_links":{"self":[{"href":"https:\/\/www.pressenza.com\/it\/wp-json\/wp\/v2\/posts\/2696017","targetHints":{"allow":["GET"]}}],"collection":[{"href":"https:\/\/www.pressenza.com\/it\/wp-json\/wp\/v2\/posts"}],"about":[{"href":"https:\/\/www.pressenza.com\/it\/wp-json\/wp\/v2\/types\/post"}],"author":[{"embeddable":true,"href":"https:\/\/www.pressenza.com\/it\/wp-json\/wp\/v2\/users\/2611"}],"replies":[{"embeddable":true,"href":"https:\/\/www.pressenza.com\/it\/wp-json\/wp\/v2\/comments?post=2696017"}],"version-history":[{"count":1,"href":"https:\/\/www.pressenza.com\/it\/wp-json\/wp\/v2\/posts\/2696017\/revisions"}],"predecessor-version":[{"id":2696018,"href":"https:\/\/www.pressenza.com\/it\/wp-json\/wp\/v2\/posts\/2696017\/revisions\/2696018"}],"wp:featuredmedia":[{"embeddable":true,"href":"https:\/\/www.pressenza.com\/it\/wp-json\/wp\/v2\/media\/1795599"}],"wp:attachment":[{"href":"https:\/\/www.pressenza.com\/it\/wp-json\/wp\/v2\/media?parent=2696017"}],"wp:term":[{"taxonomy":"category","embeddable":true,"href":"https:\/\/www.pressenza.com\/it\/wp-json\/wp\/v2\/categories?post=2696017"},{"taxonomy":"post_tag","embeddable":true,"href":"https:\/\/www.pressenza.com\/it\/wp-json\/wp\/v2\/tags?post=2696017"}],"curies":[{"name":"wp","href":"https:\/\/api.w.org\/{rel}","templated":true}]}}