{"id":2695978,"date":"2026-04-27T17:34:51","date_gmt":"2026-04-27T16:34:51","guid":{"rendered":"https:\/\/www.pressenza.com\/?p=2695978"},"modified":"2026-04-27T17:39:30","modified_gmt":"2026-04-27T16:39:30","slug":"blue-economy-integrata-dal-waterfront-al-tessuto-urbano","status":"publish","type":"post","link":"https:\/\/www.pressenza.com\/it\/2026\/04\/blue-economy-integrata-dal-waterfront-al-tessuto-urbano\/","title":{"rendered":"Blue Economy integrata, dal waterfront al tessuto urbano"},"content":{"rendered":"<p>Il cantiere navale di Palermo, gestito da Fincantieri, ha vissuto una svolta storica passando dalla sola manutenzione alla costruzione di intere navi.\u00a0Nuove Commesse Record: a marzo 2026, \u00e8 stato confermato un ordine da oltre 2 miliardi di euro per la costruzione di due navi da crociera &#8220;expedition&#8221; per Viking.<\/p>\n<p>Investimenti Infrastrutturali: \u00e8 in corso la realizzazione del nuovo bacino di carenaggio da 150 mila tonnellate, un&#8217;opera strategica che permetter\u00e0 di riparare le navi pi\u00f9 grandi del mondo.\u00a0Export da Record: grazie alla cantieristica, le esportazioni della citt\u00e0 metropolitana hanno registrato un balzo incredibile (+528,2% nel 2025), trainando l&#8217;intera economia provinciale.<\/p>\n<p>Il turismo cos\u00ec non \u00e8 pi\u00f9 solo stagionale ma \u00e8 diventato un&#8217;industria &#8220;tutto l&#8217;anno&#8221;, con numeri mai visti prima.\u00a0Boom di Presenze: nel 2025 Palermo ha superato ufficialmente la soglia dei 2 milioni di presenze turistiche, con una crescita costante degli stranieri.<\/p>\n<p>Capitale delle Crociere: il porto si aspetta di movimentare circa 1,1 milioni di crocieristi nel 2025-2026, consolidandosi come uno dei principali hub del Mediterraneo.<\/p>\n<p>Riqualificazione del Waterfront: i lavori per abbattere il &#8220;muro&#8221; tra porto e citt\u00e0 (interfaccia citt\u00e0-porto) stanno creando nuove aree pedonali, servizi e collegamenti diretti (come il sovrappasso di via Emerico Amari) per accogliere meglio i visitatori.<\/p>\n<p>Cruciale quindi la restaurazione di una pax solida tra Ente Porto e Comune.<\/p>\n<p>L&#8217;economia del mare (Blue Economy) a Palermo oggi non \u00e8 pi\u00f9 separata dal tessuto urbano. Anche su questo i numeri sono chiari.\u00a0Indotto Diretto: ogni accosto di una grande nave da crociera attiva circa 170 lavoratori e genera una spesa diretta in citt\u00e0 che supera i 100 milioni di euro annui.\u00a0Occupazione: il sistema marittimo integrato (cantieri, logistica e turismo costiero) contribuisce in modo decisivo al PIL regionale, con Palermo come centro d&#8217;eccellenza.<\/p>\n<p>Tiro le somme. Mentre i cantieri garantiscono stabilit\u00e0 industriale e innovazione tecnologica, il turismo alimenta il commercio locale e la rigenerazione urbana.\u00a0La sinergia appare concreta se penso al nuovo bacino di carenaggio e alle nuove linee del tram collegate al <em>waterfront<\/em>.\u00a0Ma gli effetti di questa onda si estendono alla terra ferma tutta e interessano le esistenze materiali e la vita quotidiana dei palermitani. Perch\u00e9 l\u2019esplosione del turismo ha trasformato il mercato degli affitti a Palermo, creando una netta divisione tra il settore turistico (estremamente redditizio) e quello residenziale (sempre pi\u00f9 in difficolt\u00e0).<\/p>\n<p>Il centro storico \u00e8 il cuore di questo fenomeno, con una densit\u00e0 altissima di alloggi destinati ai turisti. I proprietari preferiscono l&#8217;affitto breve perch\u00e9 garantisce guadagni superiori del 30-50% rispetto ai contratti lunghi. Cos\u00ec zone come Kalsa, Ballar\u00f2 e l&#8217;asse di Via Maqueda sono quasi sature di strutture extra-alberghiere e diminuisce giorno dopo giorno la quota di residenti, compresi gli irregolari che negli anni novanta avevano popolato quel laboratorio di inclusione multietnica cos\u00ec anche retoricamente esibito ancora oggi. Il Comune sta valutando misure per limitare la proliferazione selvaggia e tutelare l&#8217;identit\u00e0 dei quartieri storici, ma tutto in realt\u00e0 (si veda il quadro di fiscalit\u00e0 di scopo e l\u2018accesso a strumenti di defiscalizzazione per gli investimenti in acquisizione e ristrutturazioni immobiliari) va in direzione opposta.<\/p>\n<p>Chi cerca casa per vivere a Palermo oggi affronta una sfida complessa e deve contare su un patrimonio alle spalle. Molte case sono state rimosse dal mercato tradizionale per diventare B&amp;B, riducendo drasticamente le opzioni per famiglie e studenti. Qualche numero? I canoni medi nel 2025-2026 hanno registrato rincari significativi, con punte di 10-12\u20ac al metro quadro in zone centrali o signorili (Libert\u00e0, Politeama). E veniamo alle conseguenze indirette sui diritti individuali, ad esempio quello allo studio degli studenti fuori sede. Palermo attira ancora oggi migliaia di universitari, ma la competizione con il turismo rende difficile trovare stanze a prezzi accessibili vicino alle facolt\u00e0 \u00e8 impegnativa la spesa delle famiglie.<\/p>\n<p>Altra conseguenza la presenza di una massa di occupati precari in quel settore che \u00e8 cresciuto con la certezza che il tasso di occupazione stabile \u00e8 estremamente ridotto rispetto a quella tradizionale nel settore dei servizi. Servizi che restano nonostante tutto un pezzo importante di una citt\u00e0 che \u00e8 un hub regionale della pubblica amministrazione e del mondo delle professioni liberali, con annessi e connessi ospedali, universit\u00e0 e via via tutto quel mondo che alimenta un indotto che oggettivamente dipende dalla benevolenza del \u201cprincipe\u201d. Per questo mondo, in un\u2019era di disimpegno nella spesa corrente che manda allo sfascio i servizi e le infrastrutture materiali (il tormentone delle buche ne \u00e8 un sintomo, come quello dei panormosauro incivili) fondamentale \u00e8 il ruolo delle grandi opere (tram) e le vitamine del PNRR, letteralmente messe a terra con una perversione del keynesismo (si scavano le buche per non riempirle, posizionando cavi vuoti).<\/p>\n<p>E vengo ad un ultimo pezzo del puzzle che \u00e8 diventato il mio quadro: storicamente Palermo \u00e8 stata nel bene e nel male associata alla criminalit\u00e0 organizzata, leggasi mafia.\u00a0Ebbene nella Palermo della rigenerazione urbana e del nuovo rapporto col mare (tema tutto retorico, viste le grandi emergenze da cui ero partito), il traffico e lo spaccio di stupefacenti rappresentano una componente oscura e strutturale dell&#8217;economia illegale di Palermo, agendo come un vero e proprio &#8220;welfare sostitutivo&#8221; in alcuni quartieri.<\/p>\n","protected":false},"excerpt":{"rendered":"<p>Il cantiere navale di Palermo, gestito da Fincantieri, ha vissuto una svolta storica passando dalla sola manutenzione alla costruzione di intere navi.\u00a0Nuove Commesse Record: a marzo 2026, \u00e8 stato confermato un ordine da oltre 2 miliardi di euro per la&hellip;<\/p>\n","protected":false},"author":2542,"featured_media":2695979,"comment_status":"closed","ping_status":"closed","sticky":false,"template":"","format":"standard","meta":{"footnotes":""},"categories":[56,59,162],"tags":[156003,59917,1048],"class_list":["post-2695978","post","type-post","status-publish","format-standard","has-post-thumbnail","hentry","category-cultura","category-ambiente-ecologia","category-opinioni","tag-analisi-economico-sociali","tag-gentrificazione","tag-palermo"],"yoast_head":"<!-- This site is optimized with the Yoast SEO plugin v27.1.1 - https:\/\/yoast.com\/product\/yoast-seo-wordpress\/ -->\n<title>Blue Economy integrata, dal waterfront al tessuto urbano<\/title>\n<meta name=\"description\" content=\"Il cantiere navale di Palermo, gestito da Fincantieri, ha vissuto una svolta storica passando dalla sola manutenzione alla costruzione di intere\" \/>\n<meta name=\"robots\" content=\"index, follow, max-snippet:-1, max-image-preview:large, max-video-preview:-1\" \/>\n<link rel=\"canonical\" href=\"https:\/\/www.pressenza.com\/it\/2026\/04\/blue-economy-integrata-dal-waterfront-al-tessuto-urbano\/\" \/>\n<meta property=\"og:locale\" content=\"it_IT\" \/>\n<meta property=\"og:type\" content=\"article\" \/>\n<meta property=\"og:title\" content=\"Blue Economy integrata, dal waterfront al tessuto urbano\" \/>\n<meta property=\"og:description\" content=\"Il cantiere navale di Palermo, gestito da Fincantieri, ha vissuto una svolta storica passando dalla sola manutenzione alla costruzione di intere\" \/>\n<meta property=\"og:url\" content=\"https:\/\/www.pressenza.com\/it\/2026\/04\/blue-economy-integrata-dal-waterfront-al-tessuto-urbano\/\" \/>\n<meta property=\"og:site_name\" content=\"Pressenza\" \/>\n<meta property=\"article:publisher\" content=\"https:\/\/www.facebook.com\/PressenzaItalia\" \/>\n<meta property=\"article:published_time\" content=\"2026-04-27T16:34:51+00:00\" \/>\n<meta property=\"article:modified_time\" content=\"2026-04-27T16:39:30+00:00\" \/>\n<meta property=\"og:image\" content=\"https:\/\/www.pressenza.com\/wp-content\/uploads\/2026\/04\/634840701_1528950772570590_7201278585500985792_n_rit.jpg\" \/>\n\t<meta property=\"og:image:width\" content=\"640\" \/>\n\t<meta property=\"og:image:height\" content=\"460\" \/>\n\t<meta property=\"og:image:type\" content=\"image\/jpeg\" \/>\n<meta name=\"author\" content=\"Michele Ambrogio\" \/>\n<meta name=\"twitter:card\" content=\"summary_large_image\" \/>\n<meta name=\"twitter:creator\" content=\"@PressenzaIPA\" \/>\n<meta name=\"twitter:site\" content=\"@PressenzaIPA\" \/>\n<meta name=\"twitter:label1\" content=\"Scritto da\" \/>\n\t<meta name=\"twitter:data1\" content=\"Michele Ambrogio\" \/>\n\t<meta name=\"twitter:label2\" content=\"Tempo di lettura stimato\" \/>\n\t<meta name=\"twitter:data2\" content=\"5 minuti\" \/>\n<script type=\"application\/ld+json\" class=\"yoast-schema-graph\">{\"@context\":\"https:\/\/schema.org\",\"@graph\":[{\"@type\":\"Article\",\"@id\":\"https:\/\/www.pressenza.com\/it\/2026\/04\/blue-economy-integrata-dal-waterfront-al-tessuto-urbano\/#article\",\"isPartOf\":{\"@id\":\"https:\/\/www.pressenza.com\/it\/2026\/04\/blue-economy-integrata-dal-waterfront-al-tessuto-urbano\/\"},\"author\":{\"name\":\"Michele Ambrogio\",\"@id\":\"https:\/\/www.pressenza.com\/it\/#\/schema\/person\/46c9ba6ffe90db9d81b6008d8d699beb\"},\"headline\":\"Blue Economy integrata, dal waterfront al tessuto urbano\",\"datePublished\":\"2026-04-27T16:34:51+00:00\",\"dateModified\":\"2026-04-27T16:39:30+00:00\",\"mainEntityOfPage\":{\"@id\":\"https:\/\/www.pressenza.com\/it\/2026\/04\/blue-economy-integrata-dal-waterfront-al-tessuto-urbano\/\"},\"wordCount\":846,\"publisher\":{\"@id\":\"https:\/\/www.pressenza.com\/it\/#organization\"},\"image\":{\"@id\":\"https:\/\/www.pressenza.com\/it\/2026\/04\/blue-economy-integrata-dal-waterfront-al-tessuto-urbano\/#primaryimage\"},\"thumbnailUrl\":\"https:\/\/www.pressenza.com\/wp-content\/uploads\/2026\/04\/634840701_1528950772570590_7201278585500985792_n_rit.jpg\",\"keywords\":[\"analisi economico-sociali\",\"gentrificazione\",\"Palermo\"],\"articleSection\":[\"Cultura e Media\",\"Ecologia ed Ambiente\",\"Opinioni\"],\"inLanguage\":\"it-IT\"},{\"@type\":\"WebPage\",\"@id\":\"https:\/\/www.pressenza.com\/it\/2026\/04\/blue-economy-integrata-dal-waterfront-al-tessuto-urbano\/\",\"url\":\"https:\/\/www.pressenza.com\/it\/2026\/04\/blue-economy-integrata-dal-waterfront-al-tessuto-urbano\/\",\"name\":\"Blue Economy integrata, dal waterfront al tessuto urbano\",\"isPartOf\":{\"@id\":\"https:\/\/www.pressenza.com\/it\/#website\"},\"primaryImageOfPage\":{\"@id\":\"https:\/\/www.pressenza.com\/it\/2026\/04\/blue-economy-integrata-dal-waterfront-al-tessuto-urbano\/#primaryimage\"},\"image\":{\"@id\":\"https:\/\/www.pressenza.com\/it\/2026\/04\/blue-economy-integrata-dal-waterfront-al-tessuto-urbano\/#primaryimage\"},\"thumbnailUrl\":\"https:\/\/www.pressenza.com\/wp-content\/uploads\/2026\/04\/634840701_1528950772570590_7201278585500985792_n_rit.jpg\",\"datePublished\":\"2026-04-27T16:34:51+00:00\",\"dateModified\":\"2026-04-27T16:39:30+00:00\",\"description\":\"Il cantiere navale di Palermo, gestito da Fincantieri, ha vissuto una svolta storica passando dalla sola manutenzione alla costruzione di intere\",\"breadcrumb\":{\"@id\":\"https:\/\/www.pressenza.com\/it\/2026\/04\/blue-economy-integrata-dal-waterfront-al-tessuto-urbano\/#breadcrumb\"},\"inLanguage\":\"it-IT\",\"potentialAction\":[{\"@type\":\"ReadAction\",\"target\":[\"https:\/\/www.pressenza.com\/it\/2026\/04\/blue-economy-integrata-dal-waterfront-al-tessuto-urbano\/\"]}]},{\"@type\":\"ImageObject\",\"inLanguage\":\"it-IT\",\"@id\":\"https:\/\/www.pressenza.com\/it\/2026\/04\/blue-economy-integrata-dal-waterfront-al-tessuto-urbano\/#primaryimage\",\"url\":\"https:\/\/www.pressenza.com\/wp-content\/uploads\/2026\/04\/634840701_1528950772570590_7201278585500985792_n_rit.jpg\",\"contentUrl\":\"https:\/\/www.pressenza.com\/wp-content\/uploads\/2026\/04\/634840701_1528950772570590_7201278585500985792_n_rit.jpg\",\"width\":640,\"height\":460},{\"@type\":\"BreadcrumbList\",\"@id\":\"https:\/\/www.pressenza.com\/it\/2026\/04\/blue-economy-integrata-dal-waterfront-al-tessuto-urbano\/#breadcrumb\",\"itemListElement\":[{\"@type\":\"ListItem\",\"position\":1,\"name\":\"Accueil\",\"item\":\"https:\/\/www.pressenza.com\/it\/\"},{\"@type\":\"ListItem\",\"position\":2,\"name\":\"Blue Economy integrata, dal waterfront al tessuto urbano\"}]},{\"@type\":\"WebSite\",\"@id\":\"https:\/\/www.pressenza.com\/it\/#website\",\"url\":\"https:\/\/www.pressenza.com\/it\/\",\"name\":\"Pressenza\",\"description\":\"Agenzia di Stampa Internazionale\",\"publisher\":{\"@id\":\"https:\/\/www.pressenza.com\/it\/#organization\"},\"potentialAction\":[{\"@type\":\"SearchAction\",\"target\":{\"@type\":\"EntryPoint\",\"urlTemplate\":\"https:\/\/www.pressenza.com\/it\/?s={search_term_string}\"},\"query-input\":{\"@type\":\"PropertyValueSpecification\",\"valueRequired\":true,\"valueName\":\"search_term_string\"}}],\"inLanguage\":\"it-IT\"},{\"@type\":\"Organization\",\"@id\":\"https:\/\/www.pressenza.com\/it\/#organization\",\"name\":\"Pressenza\",\"url\":\"https:\/\/www.pressenza.com\/it\/\",\"logo\":{\"@type\":\"ImageObject\",\"inLanguage\":\"it-IT\",\"@id\":\"https:\/\/www.pressenza.com\/it\/#\/schema\/logo\/image\/\",\"url\":\"https:\/\/www.pressenza.com\/wp-content\/uploads\/2022\/10\/pressenza_logo_200x200.jpg\",\"contentUrl\":\"https:\/\/www.pressenza.com\/wp-content\/uploads\/2022\/10\/pressenza_logo_200x200.jpg\",\"width\":200,\"height\":200,\"caption\":\"Pressenza\"},\"image\":{\"@id\":\"https:\/\/www.pressenza.com\/it\/#\/schema\/logo\/image\/\"},\"sameAs\":[\"https:\/\/www.facebook.com\/PressenzaItalia\",\"https:\/\/x.com\/PressenzaIPA\"]},{\"@type\":\"Person\",\"@id\":\"https:\/\/www.pressenza.com\/it\/#\/schema\/person\/46c9ba6ffe90db9d81b6008d8d699beb\",\"name\":\"Michele Ambrogio\",\"url\":\"https:\/\/www.pressenza.com\/it\/author\/michele-ambrogio\/\"}]}<\/script>\n<!-- \/ Yoast SEO plugin. -->","yoast_head_json":{"title":"Blue Economy integrata, dal waterfront al tessuto urbano","description":"Il cantiere navale di Palermo, gestito da Fincantieri, ha vissuto una svolta storica passando dalla sola manutenzione alla costruzione di intere","robots":{"index":"index","follow":"follow","max-snippet":"max-snippet:-1","max-image-preview":"max-image-preview:large","max-video-preview":"max-video-preview:-1"},"canonical":"https:\/\/www.pressenza.com\/it\/2026\/04\/blue-economy-integrata-dal-waterfront-al-tessuto-urbano\/","og_locale":"it_IT","og_type":"article","og_title":"Blue Economy integrata, dal waterfront al tessuto urbano","og_description":"Il cantiere navale di Palermo, gestito da Fincantieri, ha vissuto una svolta storica passando dalla sola manutenzione alla costruzione di intere","og_url":"https:\/\/www.pressenza.com\/it\/2026\/04\/blue-economy-integrata-dal-waterfront-al-tessuto-urbano\/","og_site_name":"Pressenza","article_publisher":"https:\/\/www.facebook.com\/PressenzaItalia","article_published_time":"2026-04-27T16:34:51+00:00","article_modified_time":"2026-04-27T16:39:30+00:00","og_image":[{"width":640,"height":460,"url":"https:\/\/www.pressenza.com\/wp-content\/uploads\/2026\/04\/634840701_1528950772570590_7201278585500985792_n_rit.jpg","type":"image\/jpeg"}],"author":"Michele Ambrogio","twitter_card":"summary_large_image","twitter_creator":"@PressenzaIPA","twitter_site":"@PressenzaIPA","twitter_misc":{"Scritto da":"Michele Ambrogio","Tempo di lettura stimato":"5 minuti"},"schema":{"@context":"https:\/\/schema.org","@graph":[{"@type":"Article","@id":"https:\/\/www.pressenza.com\/it\/2026\/04\/blue-economy-integrata-dal-waterfront-al-tessuto-urbano\/#article","isPartOf":{"@id":"https:\/\/www.pressenza.com\/it\/2026\/04\/blue-economy-integrata-dal-waterfront-al-tessuto-urbano\/"},"author":{"name":"Michele Ambrogio","@id":"https:\/\/www.pressenza.com\/it\/#\/schema\/person\/46c9ba6ffe90db9d81b6008d8d699beb"},"headline":"Blue Economy integrata, dal waterfront al tessuto urbano","datePublished":"2026-04-27T16:34:51+00:00","dateModified":"2026-04-27T16:39:30+00:00","mainEntityOfPage":{"@id":"https:\/\/www.pressenza.com\/it\/2026\/04\/blue-economy-integrata-dal-waterfront-al-tessuto-urbano\/"},"wordCount":846,"publisher":{"@id":"https:\/\/www.pressenza.com\/it\/#organization"},"image":{"@id":"https:\/\/www.pressenza.com\/it\/2026\/04\/blue-economy-integrata-dal-waterfront-al-tessuto-urbano\/#primaryimage"},"thumbnailUrl":"https:\/\/www.pressenza.com\/wp-content\/uploads\/2026\/04\/634840701_1528950772570590_7201278585500985792_n_rit.jpg","keywords":["analisi economico-sociali","gentrificazione","Palermo"],"articleSection":["Cultura e Media","Ecologia ed Ambiente","Opinioni"],"inLanguage":"it-IT"},{"@type":"WebPage","@id":"https:\/\/www.pressenza.com\/it\/2026\/04\/blue-economy-integrata-dal-waterfront-al-tessuto-urbano\/","url":"https:\/\/www.pressenza.com\/it\/2026\/04\/blue-economy-integrata-dal-waterfront-al-tessuto-urbano\/","name":"Blue Economy integrata, dal waterfront al tessuto urbano","isPartOf":{"@id":"https:\/\/www.pressenza.com\/it\/#website"},"primaryImageOfPage":{"@id":"https:\/\/www.pressenza.com\/it\/2026\/04\/blue-economy-integrata-dal-waterfront-al-tessuto-urbano\/#primaryimage"},"image":{"@id":"https:\/\/www.pressenza.com\/it\/2026\/04\/blue-economy-integrata-dal-waterfront-al-tessuto-urbano\/#primaryimage"},"thumbnailUrl":"https:\/\/www.pressenza.com\/wp-content\/uploads\/2026\/04\/634840701_1528950772570590_7201278585500985792_n_rit.jpg","datePublished":"2026-04-27T16:34:51+00:00","dateModified":"2026-04-27T16:39:30+00:00","description":"Il cantiere navale di Palermo, gestito da Fincantieri, ha vissuto una svolta storica passando dalla sola manutenzione alla costruzione di intere","breadcrumb":{"@id":"https:\/\/www.pressenza.com\/it\/2026\/04\/blue-economy-integrata-dal-waterfront-al-tessuto-urbano\/#breadcrumb"},"inLanguage":"it-IT","potentialAction":[{"@type":"ReadAction","target":["https:\/\/www.pressenza.com\/it\/2026\/04\/blue-economy-integrata-dal-waterfront-al-tessuto-urbano\/"]}]},{"@type":"ImageObject","inLanguage":"it-IT","@id":"https:\/\/www.pressenza.com\/it\/2026\/04\/blue-economy-integrata-dal-waterfront-al-tessuto-urbano\/#primaryimage","url":"https:\/\/www.pressenza.com\/wp-content\/uploads\/2026\/04\/634840701_1528950772570590_7201278585500985792_n_rit.jpg","contentUrl":"https:\/\/www.pressenza.com\/wp-content\/uploads\/2026\/04\/634840701_1528950772570590_7201278585500985792_n_rit.jpg","width":640,"height":460},{"@type":"BreadcrumbList","@id":"https:\/\/www.pressenza.com\/it\/2026\/04\/blue-economy-integrata-dal-waterfront-al-tessuto-urbano\/#breadcrumb","itemListElement":[{"@type":"ListItem","position":1,"name":"Accueil","item":"https:\/\/www.pressenza.com\/it\/"},{"@type":"ListItem","position":2,"name":"Blue Economy integrata, dal waterfront al tessuto urbano"}]},{"@type":"WebSite","@id":"https:\/\/www.pressenza.com\/it\/#website","url":"https:\/\/www.pressenza.com\/it\/","name":"Pressenza","description":"Agenzia di Stampa Internazionale","publisher":{"@id":"https:\/\/www.pressenza.com\/it\/#organization"},"potentialAction":[{"@type":"SearchAction","target":{"@type":"EntryPoint","urlTemplate":"https:\/\/www.pressenza.com\/it\/?s={search_term_string}"},"query-input":{"@type":"PropertyValueSpecification","valueRequired":true,"valueName":"search_term_string"}}],"inLanguage":"it-IT"},{"@type":"Organization","@id":"https:\/\/www.pressenza.com\/it\/#organization","name":"Pressenza","url":"https:\/\/www.pressenza.com\/it\/","logo":{"@type":"ImageObject","inLanguage":"it-IT","@id":"https:\/\/www.pressenza.com\/it\/#\/schema\/logo\/image\/","url":"https:\/\/www.pressenza.com\/wp-content\/uploads\/2022\/10\/pressenza_logo_200x200.jpg","contentUrl":"https:\/\/www.pressenza.com\/wp-content\/uploads\/2022\/10\/pressenza_logo_200x200.jpg","width":200,"height":200,"caption":"Pressenza"},"image":{"@id":"https:\/\/www.pressenza.com\/it\/#\/schema\/logo\/image\/"},"sameAs":["https:\/\/www.facebook.com\/PressenzaItalia","https:\/\/x.com\/PressenzaIPA"]},{"@type":"Person","@id":"https:\/\/www.pressenza.com\/it\/#\/schema\/person\/46c9ba6ffe90db9d81b6008d8d699beb","name":"Michele Ambrogio","url":"https:\/\/www.pressenza.com\/it\/author\/michele-ambrogio\/"}]}},"place":"","original_article_url":"","_links":{"self":[{"href":"https:\/\/www.pressenza.com\/it\/wp-json\/wp\/v2\/posts\/2695978","targetHints":{"allow":["GET"]}}],"collection":[{"href":"https:\/\/www.pressenza.com\/it\/wp-json\/wp\/v2\/posts"}],"about":[{"href":"https:\/\/www.pressenza.com\/it\/wp-json\/wp\/v2\/types\/post"}],"author":[{"embeddable":true,"href":"https:\/\/www.pressenza.com\/it\/wp-json\/wp\/v2\/users\/2542"}],"replies":[{"embeddable":true,"href":"https:\/\/www.pressenza.com\/it\/wp-json\/wp\/v2\/comments?post=2695978"}],"version-history":[{"count":1,"href":"https:\/\/www.pressenza.com\/it\/wp-json\/wp\/v2\/posts\/2695978\/revisions"}],"predecessor-version":[{"id":2695980,"href":"https:\/\/www.pressenza.com\/it\/wp-json\/wp\/v2\/posts\/2695978\/revisions\/2695980"}],"wp:featuredmedia":[{"embeddable":true,"href":"https:\/\/www.pressenza.com\/it\/wp-json\/wp\/v2\/media\/2695979"}],"wp:attachment":[{"href":"https:\/\/www.pressenza.com\/it\/wp-json\/wp\/v2\/media?parent=2695978"}],"wp:term":[{"taxonomy":"category","embeddable":true,"href":"https:\/\/www.pressenza.com\/it\/wp-json\/wp\/v2\/categories?post=2695978"},{"taxonomy":"post_tag","embeddable":true,"href":"https:\/\/www.pressenza.com\/it\/wp-json\/wp\/v2\/tags?post=2695978"}],"curies":[{"name":"wp","href":"https:\/\/api.w.org\/{rel}","templated":true}]}}