{"id":2695967,"date":"2026-04-27T16:55:12","date_gmt":"2026-04-27T15:55:12","guid":{"rendered":"https:\/\/www.pressenza.com\/?p=2695967"},"modified":"2026-04-27T16:56:03","modified_gmt":"2026-04-27T15:56:03","slug":"decreto-sicurezza-il-governo-meloni-toglie-di-mezzo-i-giudici-per-poter-deportare-anche-i-minori","status":"publish","type":"post","link":"https:\/\/www.pressenza.com\/it\/2026\/04\/decreto-sicurezza-il-governo-meloni-toglie-di-mezzo-i-giudici-per-poter-deportare-anche-i-minori\/","title":{"rendered":"Decreto sicurezza, il governo Meloni toglie di mezzo i giudici per poter deportare anche i minori"},"content":{"rendered":"<p>La deriva \u00e8 chiara e pericolosa. Ancora una volta il governo scavalca i giudici e accentra poteri sul Ministero dell\u2019Interno, per poter arrivare a deportare addirittura i minori non accompagnati. Nelle pieghe del decreto sicurezza si nasconde un attacco grave alle garanzie dei minori stranieri non accompagnati, sottraendo alla magistratura minorile la valutazione sui rimpatri e affidandola ai prefetti, cio\u00e8 alla stessa autorit\u00e0 che quei rimpatri deve eseguire. \u00c8 un conflitto di interessi evidente, che annulla l\u2019imparzialit\u00e0 del giudizio e la protezione delle persone.<\/p>\n<p>\u00c8 la stessa deriva che osserviamo da anni nel soccorso in mare, con politiche piegate a logiche amministrative e securitarie e la conseguente criminalizzazione della societ\u00e0 civile e delle persone in fuga nel Mediterraneo.<\/p>\n<p>Quando il potere esecutivo si sostituisce a quello giudiziario, soprattutto quando quest\u2019ultimo non \u00e8 allineato, si mette in pericolo lo Stato di diritto. L\u2019erosione delle garanzie, in particolare per i pi\u00f9 vulnerabili, non \u00e8 un effetto collaterale, ma una scelta politica precisa e disumana da respingere, a terra e in mare.<\/p>\n","protected":false},"excerpt":{"rendered":"<p>La deriva \u00e8 chiara e pericolosa. Ancora una volta il governo scavalca i giudici e accentra poteri sul Ministero dell\u2019Interno, per poter arrivare a deportare addirittura i minori non accompagnati. Nelle pieghe del decreto sicurezza si nasconde un attacco grave&hellip;<\/p>\n","protected":false},"author":1645,"featured_media":935435,"comment_status":"closed","ping_status":"closed","sticky":false,"template":"","format":"standard","meta":{"footnotes":""},"categories":[150,47,54572,55],"tags":[50169,12105,41044,106744,34266,37259],"class_list":["post-2695967","post","type-post","status-publish","format-standard","has-post-thumbnail","hentry","category-comunicati-stampa","category-europa","category-migranti","category-politica","tag-decreto-sicurezza","tag-deportazione","tag-giudici","tag-governo-meloni","tag-minori-non-accompagnati","tag-soccorso-in-mare"],"yoast_head":"<!-- This site is optimized with the Yoast SEO plugin v27.1.1 - https:\/\/yoast.com\/product\/yoast-seo-wordpress\/ -->\n<title>Decreto sicurezza, il governo Meloni toglie di mezzo i giudici per poter deportare anche i minori<\/title>\n<meta name=\"description\" content=\"La deriva \u00e8 chiara e pericolosa. Ancora una volta il governo scavalca i giudici e accentra poteri sul Ministero dell\u2019Interno, per poter arrivare a\" \/>\n<meta name=\"robots\" content=\"index, follow, max-snippet:-1, max-image-preview:large, max-video-preview:-1\" \/>\n<link rel=\"canonical\" href=\"https:\/\/www.pressenza.com\/it\/2026\/04\/decreto-sicurezza-il-governo-meloni-toglie-di-mezzo-i-giudici-per-poter-deportare-anche-i-minori\/\" \/>\n<meta property=\"og:locale\" content=\"it_IT\" \/>\n<meta property=\"og:type\" content=\"article\" \/>\n<meta property=\"og:title\" content=\"Decreto sicurezza, il governo Meloni toglie di mezzo i giudici per poter deportare anche i minori\" \/>\n<meta property=\"og:description\" content=\"La deriva \u00e8 chiara e pericolosa. Ancora una volta il governo scavalca i giudici e accentra poteri sul Ministero dell\u2019Interno, per poter arrivare a\" \/>\n<meta property=\"og:url\" content=\"https:\/\/www.pressenza.com\/it\/2026\/04\/decreto-sicurezza-il-governo-meloni-toglie-di-mezzo-i-giudici-per-poter-deportare-anche-i-minori\/\" \/>\n<meta property=\"og:site_name\" content=\"Pressenza\" \/>\n<meta property=\"article:publisher\" content=\"https:\/\/www.facebook.com\/PressenzaItalia\" \/>\n<meta property=\"article:published_time\" content=\"2026-04-27T15:55:12+00:00\" \/>\n<meta property=\"article:modified_time\" content=\"2026-04-27T15:56:03+00:00\" \/>\n<meta property=\"og:image\" content=\"https:\/\/www.pressenza.com\/wp-content\/uploads\/2019\/10\/Schermata-2019-10-05-alle-19.28.59-1-e1752751438316.png\" \/>\n\t<meta property=\"og:image:width\" content=\"800\" \/>\n\t<meta property=\"og:image:height\" content=\"533\" \/>\n\t<meta property=\"og:image:type\" content=\"image\/png\" \/>\n<meta name=\"author\" content=\"Sea Watch\" \/>\n<meta name=\"twitter:card\" content=\"summary_large_image\" \/>\n<meta name=\"twitter:creator\" content=\"@PressenzaIPA\" \/>\n<meta name=\"twitter:site\" content=\"@PressenzaIPA\" \/>\n<meta name=\"twitter:label1\" content=\"Scritto da\" \/>\n\t<meta name=\"twitter:data1\" content=\"Sea Watch\" \/>\n\t<meta name=\"twitter:label2\" content=\"Tempo di lettura stimato\" \/>\n\t<meta name=\"twitter:data2\" content=\"2 minuti\" \/>\n<script type=\"application\/ld+json\" class=\"yoast-schema-graph\">{\"@context\":\"https:\/\/schema.org\",\"@graph\":[{\"@type\":\"Article\",\"@id\":\"https:\/\/www.pressenza.com\/it\/2026\/04\/decreto-sicurezza-il-governo-meloni-toglie-di-mezzo-i-giudici-per-poter-deportare-anche-i-minori\/#article\",\"isPartOf\":{\"@id\":\"https:\/\/www.pressenza.com\/it\/2026\/04\/decreto-sicurezza-il-governo-meloni-toglie-di-mezzo-i-giudici-per-poter-deportare-anche-i-minori\/\"},\"author\":{\"name\":\"Sea Watch\",\"@id\":\"https:\/\/www.pressenza.com\/it\/#\/schema\/person\/844575304d33c7628b18b90587ee86b0\"},\"headline\":\"Decreto sicurezza, il governo Meloni toglie di mezzo i giudici per poter deportare anche i minori\",\"datePublished\":\"2026-04-27T15:55:12+00:00\",\"dateModified\":\"2026-04-27T15:56:03+00:00\",\"mainEntityOfPage\":{\"@id\":\"https:\/\/www.pressenza.com\/it\/2026\/04\/decreto-sicurezza-il-governo-meloni-toglie-di-mezzo-i-giudici-per-poter-deportare-anche-i-minori\/\"},\"wordCount\":184,\"publisher\":{\"@id\":\"https:\/\/www.pressenza.com\/it\/#organization\"},\"image\":{\"@id\":\"https:\/\/www.pressenza.com\/it\/2026\/04\/decreto-sicurezza-il-governo-meloni-toglie-di-mezzo-i-giudici-per-poter-deportare-anche-i-minori\/#primaryimage\"},\"thumbnailUrl\":\"https:\/\/www.pressenza.com\/wp-content\/uploads\/2019\/10\/Schermata-2019-10-05-alle-19.28.59-1-e1752751438316.png\",\"keywords\":[\"Decreto Sicurezza\",\"deportazione\",\"giudici\",\"Governo Meloni\",\"Minori non accompagnati\",\"soccorso in mare\"],\"articleSection\":[\"Comunicati Stampa\",\"Europa\",\"Migranti\",\"Politica\"],\"inLanguage\":\"it-IT\"},{\"@type\":\"WebPage\",\"@id\":\"https:\/\/www.pressenza.com\/it\/2026\/04\/decreto-sicurezza-il-governo-meloni-toglie-di-mezzo-i-giudici-per-poter-deportare-anche-i-minori\/\",\"url\":\"https:\/\/www.pressenza.com\/it\/2026\/04\/decreto-sicurezza-il-governo-meloni-toglie-di-mezzo-i-giudici-per-poter-deportare-anche-i-minori\/\",\"name\":\"Decreto sicurezza, il governo Meloni toglie di mezzo i giudici per poter deportare anche i minori\",\"isPartOf\":{\"@id\":\"https:\/\/www.pressenza.com\/it\/#website\"},\"primaryImageOfPage\":{\"@id\":\"https:\/\/www.pressenza.com\/it\/2026\/04\/decreto-sicurezza-il-governo-meloni-toglie-di-mezzo-i-giudici-per-poter-deportare-anche-i-minori\/#primaryimage\"},\"image\":{\"@id\":\"https:\/\/www.pressenza.com\/it\/2026\/04\/decreto-sicurezza-il-governo-meloni-toglie-di-mezzo-i-giudici-per-poter-deportare-anche-i-minori\/#primaryimage\"},\"thumbnailUrl\":\"https:\/\/www.pressenza.com\/wp-content\/uploads\/2019\/10\/Schermata-2019-10-05-alle-19.28.59-1-e1752751438316.png\",\"datePublished\":\"2026-04-27T15:55:12+00:00\",\"dateModified\":\"2026-04-27T15:56:03+00:00\",\"description\":\"La deriva \u00e8 chiara e pericolosa. Ancora una volta il governo scavalca i giudici e accentra poteri sul Ministero dell\u2019Interno, per poter arrivare a\",\"breadcrumb\":{\"@id\":\"https:\/\/www.pressenza.com\/it\/2026\/04\/decreto-sicurezza-il-governo-meloni-toglie-di-mezzo-i-giudici-per-poter-deportare-anche-i-minori\/#breadcrumb\"},\"inLanguage\":\"it-IT\",\"potentialAction\":[{\"@type\":\"ReadAction\",\"target\":[\"https:\/\/www.pressenza.com\/it\/2026\/04\/decreto-sicurezza-il-governo-meloni-toglie-di-mezzo-i-giudici-per-poter-deportare-anche-i-minori\/\"]}]},{\"@type\":\"ImageObject\",\"inLanguage\":\"it-IT\",\"@id\":\"https:\/\/www.pressenza.com\/it\/2026\/04\/decreto-sicurezza-il-governo-meloni-toglie-di-mezzo-i-giudici-per-poter-deportare-anche-i-minori\/#primaryimage\",\"url\":\"https:\/\/www.pressenza.com\/wp-content\/uploads\/2019\/10\/Schermata-2019-10-05-alle-19.28.59-1-e1752751438316.png\",\"contentUrl\":\"https:\/\/www.pressenza.com\/wp-content\/uploads\/2019\/10\/Schermata-2019-10-05-alle-19.28.59-1-e1752751438316.png\",\"width\":800,\"height\":533},{\"@type\":\"BreadcrumbList\",\"@id\":\"https:\/\/www.pressenza.com\/it\/2026\/04\/decreto-sicurezza-il-governo-meloni-toglie-di-mezzo-i-giudici-per-poter-deportare-anche-i-minori\/#breadcrumb\",\"itemListElement\":[{\"@type\":\"ListItem\",\"position\":1,\"name\":\"Accueil\",\"item\":\"https:\/\/www.pressenza.com\/it\/\"},{\"@type\":\"ListItem\",\"position\":2,\"name\":\"Decreto sicurezza, il governo Meloni toglie di mezzo i giudici per poter deportare anche i minori\"}]},{\"@type\":\"WebSite\",\"@id\":\"https:\/\/www.pressenza.com\/it\/#website\",\"url\":\"https:\/\/www.pressenza.com\/it\/\",\"name\":\"Pressenza\",\"description\":\"Agenzia di Stampa Internazionale\",\"publisher\":{\"@id\":\"https:\/\/www.pressenza.com\/it\/#organization\"},\"potentialAction\":[{\"@type\":\"SearchAction\",\"target\":{\"@type\":\"EntryPoint\",\"urlTemplate\":\"https:\/\/www.pressenza.com\/it\/?s={search_term_string}\"},\"query-input\":{\"@type\":\"PropertyValueSpecification\",\"valueRequired\":true,\"valueName\":\"search_term_string\"}}],\"inLanguage\":\"it-IT\"},{\"@type\":\"Organization\",\"@id\":\"https:\/\/www.pressenza.com\/it\/#organization\",\"name\":\"Pressenza\",\"url\":\"https:\/\/www.pressenza.com\/it\/\",\"logo\":{\"@type\":\"ImageObject\",\"inLanguage\":\"it-IT\",\"@id\":\"https:\/\/www.pressenza.com\/it\/#\/schema\/logo\/image\/\",\"url\":\"https:\/\/www.pressenza.com\/wp-content\/uploads\/2022\/10\/pressenza_logo_200x200.jpg\",\"contentUrl\":\"https:\/\/www.pressenza.com\/wp-content\/uploads\/2022\/10\/pressenza_logo_200x200.jpg\",\"width\":200,\"height\":200,\"caption\":\"Pressenza\"},\"image\":{\"@id\":\"https:\/\/www.pressenza.com\/it\/#\/schema\/logo\/image\/\"},\"sameAs\":[\"https:\/\/www.facebook.com\/PressenzaItalia\",\"https:\/\/x.com\/PressenzaIPA\"]},{\"@type\":\"Person\",\"@id\":\"https:\/\/www.pressenza.com\/it\/#\/schema\/person\/844575304d33c7628b18b90587ee86b0\",\"name\":\"Sea Watch\",\"description\":\"Sea-Watch e.V. is a non-profit organization that conducts civil search and rescue operations in the Central Med. In the presence of the humanitarian crisis, Sea-Watch provides emergency relief capacities, demands and pushes for rescue operations by the european institutions and stands up publicly for legal escape routes. Since a political solution in the sense of a #SafePassage is not on the horizon, we have expanded our field of operation and made new plans. We are politically and religiously independent and are financed solely through donations.\",\"url\":\"https:\/\/www.pressenza.com\/it\/author\/sea-watch\/\"}]}<\/script>\n<!-- \/ Yoast SEO plugin. -->","yoast_head_json":{"title":"Decreto sicurezza, il governo Meloni toglie di mezzo i giudici per poter deportare anche i minori","description":"La deriva \u00e8 chiara e pericolosa. Ancora una volta il governo scavalca i giudici e accentra poteri sul Ministero dell\u2019Interno, per poter arrivare a","robots":{"index":"index","follow":"follow","max-snippet":"max-snippet:-1","max-image-preview":"max-image-preview:large","max-video-preview":"max-video-preview:-1"},"canonical":"https:\/\/www.pressenza.com\/it\/2026\/04\/decreto-sicurezza-il-governo-meloni-toglie-di-mezzo-i-giudici-per-poter-deportare-anche-i-minori\/","og_locale":"it_IT","og_type":"article","og_title":"Decreto sicurezza, il governo Meloni toglie di mezzo i giudici per poter deportare anche i minori","og_description":"La deriva \u00e8 chiara e pericolosa. Ancora una volta il governo scavalca i giudici e accentra poteri sul Ministero dell\u2019Interno, per poter arrivare a","og_url":"https:\/\/www.pressenza.com\/it\/2026\/04\/decreto-sicurezza-il-governo-meloni-toglie-di-mezzo-i-giudici-per-poter-deportare-anche-i-minori\/","og_site_name":"Pressenza","article_publisher":"https:\/\/www.facebook.com\/PressenzaItalia","article_published_time":"2026-04-27T15:55:12+00:00","article_modified_time":"2026-04-27T15:56:03+00:00","og_image":[{"width":800,"height":533,"url":"https:\/\/www.pressenza.com\/wp-content\/uploads\/2019\/10\/Schermata-2019-10-05-alle-19.28.59-1-e1752751438316.png","type":"image\/png"}],"author":"Sea Watch","twitter_card":"summary_large_image","twitter_creator":"@PressenzaIPA","twitter_site":"@PressenzaIPA","twitter_misc":{"Scritto da":"Sea Watch","Tempo di lettura stimato":"2 minuti"},"schema":{"@context":"https:\/\/schema.org","@graph":[{"@type":"Article","@id":"https:\/\/www.pressenza.com\/it\/2026\/04\/decreto-sicurezza-il-governo-meloni-toglie-di-mezzo-i-giudici-per-poter-deportare-anche-i-minori\/#article","isPartOf":{"@id":"https:\/\/www.pressenza.com\/it\/2026\/04\/decreto-sicurezza-il-governo-meloni-toglie-di-mezzo-i-giudici-per-poter-deportare-anche-i-minori\/"},"author":{"name":"Sea Watch","@id":"https:\/\/www.pressenza.com\/it\/#\/schema\/person\/844575304d33c7628b18b90587ee86b0"},"headline":"Decreto sicurezza, il governo Meloni toglie di mezzo i giudici per poter deportare anche i minori","datePublished":"2026-04-27T15:55:12+00:00","dateModified":"2026-04-27T15:56:03+00:00","mainEntityOfPage":{"@id":"https:\/\/www.pressenza.com\/it\/2026\/04\/decreto-sicurezza-il-governo-meloni-toglie-di-mezzo-i-giudici-per-poter-deportare-anche-i-minori\/"},"wordCount":184,"publisher":{"@id":"https:\/\/www.pressenza.com\/it\/#organization"},"image":{"@id":"https:\/\/www.pressenza.com\/it\/2026\/04\/decreto-sicurezza-il-governo-meloni-toglie-di-mezzo-i-giudici-per-poter-deportare-anche-i-minori\/#primaryimage"},"thumbnailUrl":"https:\/\/www.pressenza.com\/wp-content\/uploads\/2019\/10\/Schermata-2019-10-05-alle-19.28.59-1-e1752751438316.png","keywords":["Decreto Sicurezza","deportazione","giudici","Governo Meloni","Minori non accompagnati","soccorso in mare"],"articleSection":["Comunicati Stampa","Europa","Migranti","Politica"],"inLanguage":"it-IT"},{"@type":"WebPage","@id":"https:\/\/www.pressenza.com\/it\/2026\/04\/decreto-sicurezza-il-governo-meloni-toglie-di-mezzo-i-giudici-per-poter-deportare-anche-i-minori\/","url":"https:\/\/www.pressenza.com\/it\/2026\/04\/decreto-sicurezza-il-governo-meloni-toglie-di-mezzo-i-giudici-per-poter-deportare-anche-i-minori\/","name":"Decreto sicurezza, il governo Meloni toglie di mezzo i giudici per poter deportare anche i minori","isPartOf":{"@id":"https:\/\/www.pressenza.com\/it\/#website"},"primaryImageOfPage":{"@id":"https:\/\/www.pressenza.com\/it\/2026\/04\/decreto-sicurezza-il-governo-meloni-toglie-di-mezzo-i-giudici-per-poter-deportare-anche-i-minori\/#primaryimage"},"image":{"@id":"https:\/\/www.pressenza.com\/it\/2026\/04\/decreto-sicurezza-il-governo-meloni-toglie-di-mezzo-i-giudici-per-poter-deportare-anche-i-minori\/#primaryimage"},"thumbnailUrl":"https:\/\/www.pressenza.com\/wp-content\/uploads\/2019\/10\/Schermata-2019-10-05-alle-19.28.59-1-e1752751438316.png","datePublished":"2026-04-27T15:55:12+00:00","dateModified":"2026-04-27T15:56:03+00:00","description":"La deriva \u00e8 chiara e pericolosa. Ancora una volta il governo scavalca i giudici e accentra poteri sul Ministero dell\u2019Interno, per poter arrivare a","breadcrumb":{"@id":"https:\/\/www.pressenza.com\/it\/2026\/04\/decreto-sicurezza-il-governo-meloni-toglie-di-mezzo-i-giudici-per-poter-deportare-anche-i-minori\/#breadcrumb"},"inLanguage":"it-IT","potentialAction":[{"@type":"ReadAction","target":["https:\/\/www.pressenza.com\/it\/2026\/04\/decreto-sicurezza-il-governo-meloni-toglie-di-mezzo-i-giudici-per-poter-deportare-anche-i-minori\/"]}]},{"@type":"ImageObject","inLanguage":"it-IT","@id":"https:\/\/www.pressenza.com\/it\/2026\/04\/decreto-sicurezza-il-governo-meloni-toglie-di-mezzo-i-giudici-per-poter-deportare-anche-i-minori\/#primaryimage","url":"https:\/\/www.pressenza.com\/wp-content\/uploads\/2019\/10\/Schermata-2019-10-05-alle-19.28.59-1-e1752751438316.png","contentUrl":"https:\/\/www.pressenza.com\/wp-content\/uploads\/2019\/10\/Schermata-2019-10-05-alle-19.28.59-1-e1752751438316.png","width":800,"height":533},{"@type":"BreadcrumbList","@id":"https:\/\/www.pressenza.com\/it\/2026\/04\/decreto-sicurezza-il-governo-meloni-toglie-di-mezzo-i-giudici-per-poter-deportare-anche-i-minori\/#breadcrumb","itemListElement":[{"@type":"ListItem","position":1,"name":"Accueil","item":"https:\/\/www.pressenza.com\/it\/"},{"@type":"ListItem","position":2,"name":"Decreto sicurezza, il governo Meloni toglie di mezzo i giudici per poter deportare anche i minori"}]},{"@type":"WebSite","@id":"https:\/\/www.pressenza.com\/it\/#website","url":"https:\/\/www.pressenza.com\/it\/","name":"Pressenza","description":"Agenzia di Stampa Internazionale","publisher":{"@id":"https:\/\/www.pressenza.com\/it\/#organization"},"potentialAction":[{"@type":"SearchAction","target":{"@type":"EntryPoint","urlTemplate":"https:\/\/www.pressenza.com\/it\/?s={search_term_string}"},"query-input":{"@type":"PropertyValueSpecification","valueRequired":true,"valueName":"search_term_string"}}],"inLanguage":"it-IT"},{"@type":"Organization","@id":"https:\/\/www.pressenza.com\/it\/#organization","name":"Pressenza","url":"https:\/\/www.pressenza.com\/it\/","logo":{"@type":"ImageObject","inLanguage":"it-IT","@id":"https:\/\/www.pressenza.com\/it\/#\/schema\/logo\/image\/","url":"https:\/\/www.pressenza.com\/wp-content\/uploads\/2022\/10\/pressenza_logo_200x200.jpg","contentUrl":"https:\/\/www.pressenza.com\/wp-content\/uploads\/2022\/10\/pressenza_logo_200x200.jpg","width":200,"height":200,"caption":"Pressenza"},"image":{"@id":"https:\/\/www.pressenza.com\/it\/#\/schema\/logo\/image\/"},"sameAs":["https:\/\/www.facebook.com\/PressenzaItalia","https:\/\/x.com\/PressenzaIPA"]},{"@type":"Person","@id":"https:\/\/www.pressenza.com\/it\/#\/schema\/person\/844575304d33c7628b18b90587ee86b0","name":"Sea Watch","description":"Sea-Watch e.V. is a non-profit organization that conducts civil search and rescue operations in the Central Med. In the presence of the humanitarian crisis, Sea-Watch provides emergency relief capacities, demands and pushes for rescue operations by the european institutions and stands up publicly for legal escape routes. Since a political solution in the sense of a #SafePassage is not on the horizon, we have expanded our field of operation and made new plans. We are politically and religiously independent and are financed solely through donations.","url":"https:\/\/www.pressenza.com\/it\/author\/sea-watch\/"}]}},"place":"","original_article_url":"","_links":{"self":[{"href":"https:\/\/www.pressenza.com\/it\/wp-json\/wp\/v2\/posts\/2695967","targetHints":{"allow":["GET"]}}],"collection":[{"href":"https:\/\/www.pressenza.com\/it\/wp-json\/wp\/v2\/posts"}],"about":[{"href":"https:\/\/www.pressenza.com\/it\/wp-json\/wp\/v2\/types\/post"}],"author":[{"embeddable":true,"href":"https:\/\/www.pressenza.com\/it\/wp-json\/wp\/v2\/users\/1645"}],"replies":[{"embeddable":true,"href":"https:\/\/www.pressenza.com\/it\/wp-json\/wp\/v2\/comments?post=2695967"}],"version-history":[{"count":1,"href":"https:\/\/www.pressenza.com\/it\/wp-json\/wp\/v2\/posts\/2695967\/revisions"}],"predecessor-version":[{"id":2695969,"href":"https:\/\/www.pressenza.com\/it\/wp-json\/wp\/v2\/posts\/2695967\/revisions\/2695969"}],"wp:featuredmedia":[{"embeddable":true,"href":"https:\/\/www.pressenza.com\/it\/wp-json\/wp\/v2\/media\/935435"}],"wp:attachment":[{"href":"https:\/\/www.pressenza.com\/it\/wp-json\/wp\/v2\/media?parent=2695967"}],"wp:term":[{"taxonomy":"category","embeddable":true,"href":"https:\/\/www.pressenza.com\/it\/wp-json\/wp\/v2\/categories?post=2695967"},{"taxonomy":"post_tag","embeddable":true,"href":"https:\/\/www.pressenza.com\/it\/wp-json\/wp\/v2\/tags?post=2695967"}],"curies":[{"name":"wp","href":"https:\/\/api.w.org\/{rel}","templated":true}]}}