{"id":2695912,"date":"2026-04-27T15:34:32","date_gmt":"2026-04-27T14:34:32","guid":{"rendered":"https:\/\/www.pressenza.com\/?p=2695912"},"modified":"2026-04-27T15:39:20","modified_gmt":"2026-04-27T14:39:20","slug":"ravenna-deve-ascoltare-il-messaggio-di-santa-marta","status":"publish","type":"post","link":"https:\/\/www.pressenza.com\/it\/2026\/04\/ravenna-deve-ascoltare-il-messaggio-di-santa-marta\/","title":{"rendered":"Ravenna deve ascoltare il messaggio di Santa Marta"},"content":{"rendered":"<p align=\"JUSTIFY\"><b>In Colombia, a Santa Marta, si \u00e8 aperto ieri 24 aprile<\/b>, il <b>summit globale per l\u2019uscita dai fossili<\/b>, promossa da Paesi Bassi e Colombia, al quale parteciperanno quarantacinque Stati (stranamente ci sar\u00e0 anche l\u2019Italia). Ma nei grandi mezzi d\u2019informazione se ne parla pochissimo.<\/p>\n<p align=\"JUSTIFY\"><b>La situazione mondiale catastrofica<\/b> sta dimostrando , qualora ce ne fosse stato ancora bisogno, che <b>il legame guerre-dipendenza dai fossili \u00e8 la ragione principale dell\u2019esplodere dei conflitti, dei massacri, dei genocidi<\/b>. Pur di mettere le mani su quanto pi\u00f9 petrolio e gas possibile, la maggior parte dei criminali che guidano il mondo, \u00e8 disposta a rischiare la distruzione del genere umano. Mentre, intanto, <b>la crisi climatico-ambientale avanza a passi da gigante<\/b> battendo sempre nuovi record.<\/p>\n<p align=\"JUSTIFY\"><b>La prima conferenza globale<\/b> ospitata nella citt\u00e0 colombiana di Santa Marta \u00e8 interamente <b>dedicata all\u2019uscita dai combustibili fossili<\/b>, e ambisce a colmare il divario tra impegni dichiarati e politiche effettivamente perseguite, che caratterizza da decenni le scelte della maggior parte delle istituzioni in tutto il mondo.<\/p>\n<p align=\"JUSTIFY\">Non dovrebbero riprodursi, quindi l\u2019inefficacia e le estenuanti trattative nei vertici COP; a Santa Marta si cerca di costruire strumenti e alleanze mirati ad accelerare davvero la transizione, con <b>l\u2019obiettivo dichiarato e primario della progressiva eliminazione di carbone, petrolio e gas<\/b>.<\/p>\n<p align=\"JUSTIFY\">In questo periodo, crisi energetica e tensioni geopolitiche risultano strettamente intrecciate al controllo delle risorse fossili, e l<b>\u2019energia continua a essere il pi\u00f9 importante fattore di conflitto e di ridefinizione degli equilibri globali<\/b>. La scelta di molti governi di rafforzare la dipendenza da fonti fossili, rallentando gli investimenti nella transizione, non fa che peggiorare la situazione.<\/p>\n<p align=\"JUSTIFY\">Santa Marta prover\u00e0 a rilanciare un\u2019agenda alternativa, fondata sull\u2019assunto che la crisi climatica <b>non pu\u00f2 essere affrontata solo mettendo qualche \u201ctoppa\u201d sulle emissioni, ma richiede un intervento diretto sulla produzione e sull\u2019uso delle fonti, causa prima del problema.<\/b><\/p>\n<p align=\"JUSTIFY\">La partecipazione <b>dell\u2019Italia \u00e8 un elemento di contraddizione<\/b>, considerato che negli ultimi mesi il governo ha operato scelte energetiche difficilmente conciliabili con gli obiettivi della conferenza: principalmente, il rinvio della chiusura delle centrali a carbone fino al 2038, il ruolo centrale attribuito al gas, le posizioni espresse in sede Ue per la soppressione degli Ets.<\/p>\n<p align=\"JUSTIFY\">Ma la cosa pi\u00f9 importante, dal nostro punto di vista, \u00e8 la <b>presenza significativa della societ\u00e0 civile<\/b>, rappresentata da oltre 2.600 le organizzazioni. La Campagna Per il Clima \u2013 Fuori dal Fossile \u00e8 presente con una sua delegazione.<\/p>\n<p align=\"JUSTIFY\"><b>Ravenna e il suo territorio devono ascoltare e interloquire attivamente con il messaggio di Santa Marta. <\/b>Infatti, com\u2019\u00e8 ben noto, conviviamo con una realt\u00e0 estremamente condizionata dalla presenza del sistema fossile: pozzi di trivellazione, depositi di GNL, rigassificatore, espansione dei gasdotti, progetti mistificanti la realt\u00e0 come quello del CCS, fanno del nostro territorio una vera e propria zona di sacrificio sull\u2019altare del profitto dei colossi del fossile, e la politica locale e\u00e8 sempre stata sottomessa o connivente con le scelte che hanno creato questa situazione.<\/p>\n<p align=\"JUSTIFY\"><b>Crediamo sia ora di avviare la vera svolta e muovere i veri primi passi di fuoriuscita dal fossile.<\/b><\/p>\n<p align=\"JUSTIFY\">L\u201911 aprile \u00e8 partita una <b>Carovana promossa da RECA (Rete Emergenza Climatica e Ambientale) e da AMAS-ER (Assemblea dei Movimenti Ambientali e Sociali dell\u2019Emilia Romagna).<\/b> Dopo le prime due tappe a Piacenza e a Parma, e dopo gli attesi appuntamenti nelle altre province emiliane, <b>dalla met\u00e0 di maggio la Carovana approder\u00e0 in Romagna<\/b>.<\/p>\n<p align=\"JUSTIFY\"><span style=\"font-size: large;\"><u><b>La tappa ravennate avr\u00e0 luogo sabato 23 maggio mattina, con appuntamenti a Punta Marina e a Casalborsett<\/b><\/u><\/span><span style=\"font-size: large;\"><b>i<\/b><\/span><b>, luoghi simbolo della pervasivit\u00e0 del sistema fossile nei nostri territori. <\/b>L\u2019auspicio \u00e8 che <b>una vera pianificazione gestita democraticamente possa portare alla sostituzione dei fossili, quanto pi\u00f9 possibile rapida,<\/b> con un nuovo modello, basato sulle rinnovabili, sulla produzione decentrata e diffusa, su un vero piano di risparmio, efficientamento e moderazione dei consumi energetici.<\/p>\n<p align=\"JUSTIFY\"><b>A questo appuntamento chiamiamo la cittadinanza e le associazioni, i rappresentanti istituzionali che vogliono perseguire la transizione, le singole persone che chiedono un futuro<\/b> per le nuove generazioni.<\/p>\n<p align=\"JUSTIFY\">Si deve aprire, come chiede il vertice di Santa Marta, <b> un ciclo politico che metta realmente al centro la questione energetica e la transizione ecologica<\/b>. Ma per costruire questo scenario, bisogna che prenda forza una visione complessiva in cui <b>il settore dell\u2019energia venga \u201ctrasferito\u201d dall\u2019ambito del profitto a quello dei beni comuni.<\/b> Non \u00e8 pi\u00f9 sostenibile che le necessit\u00e0 vitali delle persone e degli ecosistemi debbano dipendere ed essere subordinate alle speculazioni finanziarie, alle bufere geopolitiche e in generale ad una logica di mercato, nella quale gli interessi di pochi sopravanzano di gran lunga quelli di intere popolazioni.<\/p>\n<p align=\"JUSTIFY\"><span style=\"font-size: large;\"><i>Coordinamento ravennate \u201cPer il Clima \u2013 Fuori dal Fossile\u201d<\/i><\/span><\/p>\n","protected":false},"excerpt":{"rendered":"<p>In Colombia, a Santa Marta, si \u00e8 aperto ieri 24 aprile, il summit globale per l\u2019uscita dai fossili, promossa da Paesi Bassi e Colombia, al quale parteciperanno quarantacinque Stati (stranamente ci sar\u00e0 anche l\u2019Italia). Ma nei grandi mezzi d\u2019informazione se&hellip;<\/p>\n","protected":false},"author":2449,"featured_media":1716463,"comment_status":"closed","ping_status":"closed","sticky":false,"template":"","format":"standard","meta":{"footnotes":""},"categories":[150,59],"tags":[131150,7908,4147],"class_list":["post-2695912","post","type-post","status-publish","format-standard","has-post-thumbnail","hentry","category-comunicati-stampa","category-ambiente-ecologia","tag-campagna-per-il-clima-fuori-dal-fossile","tag-clima","tag-ravenna"],"yoast_head":"<!-- This site is optimized with the Yoast SEO plugin v27.1.1 - https:\/\/yoast.com\/product\/yoast-seo-wordpress\/ -->\n<title>Ravenna deve ascoltare il messaggio di Santa Marta<\/title>\n<meta name=\"description\" content=\"In Colombia, a Santa Marta, si \u00e8 aperto ieri 24 aprile, il summit globale per l\u2019uscita dai fossili, promossa da Paesi Bassi e Colombia, al quale\" \/>\n<meta name=\"robots\" content=\"index, follow, max-snippet:-1, max-image-preview:large, max-video-preview:-1\" \/>\n<link rel=\"canonical\" href=\"https:\/\/www.pressenza.com\/it\/2026\/04\/ravenna-deve-ascoltare-il-messaggio-di-santa-marta\/\" \/>\n<meta property=\"og:locale\" content=\"it_IT\" \/>\n<meta property=\"og:type\" content=\"article\" \/>\n<meta property=\"og:title\" content=\"Ravenna deve ascoltare il messaggio di Santa Marta\" \/>\n<meta property=\"og:description\" content=\"In Colombia, a Santa Marta, si \u00e8 aperto ieri 24 aprile, il summit globale per l\u2019uscita dai fossili, promossa da Paesi Bassi e Colombia, al quale\" \/>\n<meta property=\"og:url\" content=\"https:\/\/www.pressenza.com\/it\/2026\/04\/ravenna-deve-ascoltare-il-messaggio-di-santa-marta\/\" \/>\n<meta property=\"og:site_name\" content=\"Pressenza\" \/>\n<meta property=\"article:publisher\" content=\"https:\/\/www.facebook.com\/PressenzaItalia\" \/>\n<meta property=\"article:published_time\" content=\"2026-04-27T14:34:32+00:00\" \/>\n<meta property=\"article:modified_time\" content=\"2026-04-27T14:39:20+00:00\" \/>\n<meta property=\"og:image\" content=\"https:\/\/www.pressenza.com\/wp-content\/uploads\/2023\/02\/bandiera-per-il-clima-fuori-dal-fossile-rit.jpg\" \/>\n\t<meta property=\"og:image:width\" content=\"1287\" \/>\n\t<meta property=\"og:image:height\" content=\"867\" \/>\n\t<meta property=\"og:image:type\" content=\"image\/jpeg\" \/>\n<meta name=\"author\" content=\"Redazione Romagna\" \/>\n<meta name=\"twitter:card\" content=\"summary_large_image\" \/>\n<meta name=\"twitter:creator\" content=\"@PressenzaIPA\" \/>\n<meta name=\"twitter:site\" content=\"@PressenzaIPA\" \/>\n<meta name=\"twitter:label1\" content=\"Scritto da\" \/>\n\t<meta name=\"twitter:data1\" content=\"Redazione Romagna\" \/>\n\t<meta name=\"twitter:label2\" content=\"Tempo di lettura stimato\" \/>\n\t<meta name=\"twitter:data2\" content=\"4 minuti\" \/>\n<script type=\"application\/ld+json\" class=\"yoast-schema-graph\">{\"@context\":\"https:\/\/schema.org\",\"@graph\":[{\"@type\":\"Article\",\"@id\":\"https:\/\/www.pressenza.com\/it\/2026\/04\/ravenna-deve-ascoltare-il-messaggio-di-santa-marta\/#article\",\"isPartOf\":{\"@id\":\"https:\/\/www.pressenza.com\/it\/2026\/04\/ravenna-deve-ascoltare-il-messaggio-di-santa-marta\/\"},\"author\":{\"name\":\"Redazione Romagna\",\"@id\":\"https:\/\/www.pressenza.com\/it\/#\/schema\/person\/bd20012effb4a200220e868c6dc89e72\"},\"headline\":\"Ravenna deve ascoltare il messaggio di Santa Marta\",\"datePublished\":\"2026-04-27T14:34:32+00:00\",\"dateModified\":\"2026-04-27T14:39:20+00:00\",\"mainEntityOfPage\":{\"@id\":\"https:\/\/www.pressenza.com\/it\/2026\/04\/ravenna-deve-ascoltare-il-messaggio-di-santa-marta\/\"},\"wordCount\":761,\"publisher\":{\"@id\":\"https:\/\/www.pressenza.com\/it\/#organization\"},\"image\":{\"@id\":\"https:\/\/www.pressenza.com\/it\/2026\/04\/ravenna-deve-ascoltare-il-messaggio-di-santa-marta\/#primaryimage\"},\"thumbnailUrl\":\"https:\/\/www.pressenza.com\/wp-content\/uploads\/2023\/02\/bandiera-per-il-clima-fuori-dal-fossile-rit.jpg\",\"keywords\":[\"campagna per il clima fuori dal fossile\",\"clima\",\"Ravenna\"],\"articleSection\":[\"Comunicati Stampa\",\"Ecologia ed Ambiente\"],\"inLanguage\":\"it-IT\"},{\"@type\":\"WebPage\",\"@id\":\"https:\/\/www.pressenza.com\/it\/2026\/04\/ravenna-deve-ascoltare-il-messaggio-di-santa-marta\/\",\"url\":\"https:\/\/www.pressenza.com\/it\/2026\/04\/ravenna-deve-ascoltare-il-messaggio-di-santa-marta\/\",\"name\":\"Ravenna deve ascoltare il messaggio di Santa Marta\",\"isPartOf\":{\"@id\":\"https:\/\/www.pressenza.com\/it\/#website\"},\"primaryImageOfPage\":{\"@id\":\"https:\/\/www.pressenza.com\/it\/2026\/04\/ravenna-deve-ascoltare-il-messaggio-di-santa-marta\/#primaryimage\"},\"image\":{\"@id\":\"https:\/\/www.pressenza.com\/it\/2026\/04\/ravenna-deve-ascoltare-il-messaggio-di-santa-marta\/#primaryimage\"},\"thumbnailUrl\":\"https:\/\/www.pressenza.com\/wp-content\/uploads\/2023\/02\/bandiera-per-il-clima-fuori-dal-fossile-rit.jpg\",\"datePublished\":\"2026-04-27T14:34:32+00:00\",\"dateModified\":\"2026-04-27T14:39:20+00:00\",\"description\":\"In Colombia, a Santa Marta, si \u00e8 aperto ieri 24 aprile, il summit globale per l\u2019uscita dai fossili, promossa da Paesi Bassi e Colombia, al quale\",\"breadcrumb\":{\"@id\":\"https:\/\/www.pressenza.com\/it\/2026\/04\/ravenna-deve-ascoltare-il-messaggio-di-santa-marta\/#breadcrumb\"},\"inLanguage\":\"it-IT\",\"potentialAction\":[{\"@type\":\"ReadAction\",\"target\":[\"https:\/\/www.pressenza.com\/it\/2026\/04\/ravenna-deve-ascoltare-il-messaggio-di-santa-marta\/\"]}]},{\"@type\":\"ImageObject\",\"inLanguage\":\"it-IT\",\"@id\":\"https:\/\/www.pressenza.com\/it\/2026\/04\/ravenna-deve-ascoltare-il-messaggio-di-santa-marta\/#primaryimage\",\"url\":\"https:\/\/www.pressenza.com\/wp-content\/uploads\/2023\/02\/bandiera-per-il-clima-fuori-dal-fossile-rit.jpg\",\"contentUrl\":\"https:\/\/www.pressenza.com\/wp-content\/uploads\/2023\/02\/bandiera-per-il-clima-fuori-dal-fossile-rit.jpg\",\"width\":1287,\"height\":867},{\"@type\":\"BreadcrumbList\",\"@id\":\"https:\/\/www.pressenza.com\/it\/2026\/04\/ravenna-deve-ascoltare-il-messaggio-di-santa-marta\/#breadcrumb\",\"itemListElement\":[{\"@type\":\"ListItem\",\"position\":1,\"name\":\"Accueil\",\"item\":\"https:\/\/www.pressenza.com\/it\/\"},{\"@type\":\"ListItem\",\"position\":2,\"name\":\"Ravenna deve ascoltare il messaggio di Santa Marta\"}]},{\"@type\":\"WebSite\",\"@id\":\"https:\/\/www.pressenza.com\/it\/#website\",\"url\":\"https:\/\/www.pressenza.com\/it\/\",\"name\":\"Pressenza\",\"description\":\"Agenzia di Stampa Internazionale\",\"publisher\":{\"@id\":\"https:\/\/www.pressenza.com\/it\/#organization\"},\"potentialAction\":[{\"@type\":\"SearchAction\",\"target\":{\"@type\":\"EntryPoint\",\"urlTemplate\":\"https:\/\/www.pressenza.com\/it\/?s={search_term_string}\"},\"query-input\":{\"@type\":\"PropertyValueSpecification\",\"valueRequired\":true,\"valueName\":\"search_term_string\"}}],\"inLanguage\":\"it-IT\"},{\"@type\":\"Organization\",\"@id\":\"https:\/\/www.pressenza.com\/it\/#organization\",\"name\":\"Pressenza\",\"url\":\"https:\/\/www.pressenza.com\/it\/\",\"logo\":{\"@type\":\"ImageObject\",\"inLanguage\":\"it-IT\",\"@id\":\"https:\/\/www.pressenza.com\/it\/#\/schema\/logo\/image\/\",\"url\":\"https:\/\/www.pressenza.com\/wp-content\/uploads\/2022\/10\/pressenza_logo_200x200.jpg\",\"contentUrl\":\"https:\/\/www.pressenza.com\/wp-content\/uploads\/2022\/10\/pressenza_logo_200x200.jpg\",\"width\":200,\"height\":200,\"caption\":\"Pressenza\"},\"image\":{\"@id\":\"https:\/\/www.pressenza.com\/it\/#\/schema\/logo\/image\/\"},\"sameAs\":[\"https:\/\/www.facebook.com\/PressenzaItalia\",\"https:\/\/x.com\/PressenzaIPA\"]},{\"@type\":\"Person\",\"@id\":\"https:\/\/www.pressenza.com\/it\/#\/schema\/person\/bd20012effb4a200220e868c6dc89e72\",\"name\":\"Redazione Romagna\",\"url\":\"https:\/\/www.pressenza.com\/it\/author\/redazione-romagna\/\"}]}<\/script>\n<!-- \/ Yoast SEO plugin. -->","yoast_head_json":{"title":"Ravenna deve ascoltare il messaggio di Santa Marta","description":"In Colombia, a Santa Marta, si \u00e8 aperto ieri 24 aprile, il summit globale per l\u2019uscita dai fossili, promossa da Paesi Bassi e Colombia, al quale","robots":{"index":"index","follow":"follow","max-snippet":"max-snippet:-1","max-image-preview":"max-image-preview:large","max-video-preview":"max-video-preview:-1"},"canonical":"https:\/\/www.pressenza.com\/it\/2026\/04\/ravenna-deve-ascoltare-il-messaggio-di-santa-marta\/","og_locale":"it_IT","og_type":"article","og_title":"Ravenna deve ascoltare il messaggio di Santa Marta","og_description":"In Colombia, a Santa Marta, si \u00e8 aperto ieri 24 aprile, il summit globale per l\u2019uscita dai fossili, promossa da Paesi Bassi e Colombia, al quale","og_url":"https:\/\/www.pressenza.com\/it\/2026\/04\/ravenna-deve-ascoltare-il-messaggio-di-santa-marta\/","og_site_name":"Pressenza","article_publisher":"https:\/\/www.facebook.com\/PressenzaItalia","article_published_time":"2026-04-27T14:34:32+00:00","article_modified_time":"2026-04-27T14:39:20+00:00","og_image":[{"width":1287,"height":867,"url":"https:\/\/www.pressenza.com\/wp-content\/uploads\/2023\/02\/bandiera-per-il-clima-fuori-dal-fossile-rit.jpg","type":"image\/jpeg"}],"author":"Redazione Romagna","twitter_card":"summary_large_image","twitter_creator":"@PressenzaIPA","twitter_site":"@PressenzaIPA","twitter_misc":{"Scritto da":"Redazione Romagna","Tempo di lettura stimato":"4 minuti"},"schema":{"@context":"https:\/\/schema.org","@graph":[{"@type":"Article","@id":"https:\/\/www.pressenza.com\/it\/2026\/04\/ravenna-deve-ascoltare-il-messaggio-di-santa-marta\/#article","isPartOf":{"@id":"https:\/\/www.pressenza.com\/it\/2026\/04\/ravenna-deve-ascoltare-il-messaggio-di-santa-marta\/"},"author":{"name":"Redazione Romagna","@id":"https:\/\/www.pressenza.com\/it\/#\/schema\/person\/bd20012effb4a200220e868c6dc89e72"},"headline":"Ravenna deve ascoltare il messaggio di Santa Marta","datePublished":"2026-04-27T14:34:32+00:00","dateModified":"2026-04-27T14:39:20+00:00","mainEntityOfPage":{"@id":"https:\/\/www.pressenza.com\/it\/2026\/04\/ravenna-deve-ascoltare-il-messaggio-di-santa-marta\/"},"wordCount":761,"publisher":{"@id":"https:\/\/www.pressenza.com\/it\/#organization"},"image":{"@id":"https:\/\/www.pressenza.com\/it\/2026\/04\/ravenna-deve-ascoltare-il-messaggio-di-santa-marta\/#primaryimage"},"thumbnailUrl":"https:\/\/www.pressenza.com\/wp-content\/uploads\/2023\/02\/bandiera-per-il-clima-fuori-dal-fossile-rit.jpg","keywords":["campagna per il clima fuori dal fossile","clima","Ravenna"],"articleSection":["Comunicati Stampa","Ecologia ed Ambiente"],"inLanguage":"it-IT"},{"@type":"WebPage","@id":"https:\/\/www.pressenza.com\/it\/2026\/04\/ravenna-deve-ascoltare-il-messaggio-di-santa-marta\/","url":"https:\/\/www.pressenza.com\/it\/2026\/04\/ravenna-deve-ascoltare-il-messaggio-di-santa-marta\/","name":"Ravenna deve ascoltare il messaggio di Santa Marta","isPartOf":{"@id":"https:\/\/www.pressenza.com\/it\/#website"},"primaryImageOfPage":{"@id":"https:\/\/www.pressenza.com\/it\/2026\/04\/ravenna-deve-ascoltare-il-messaggio-di-santa-marta\/#primaryimage"},"image":{"@id":"https:\/\/www.pressenza.com\/it\/2026\/04\/ravenna-deve-ascoltare-il-messaggio-di-santa-marta\/#primaryimage"},"thumbnailUrl":"https:\/\/www.pressenza.com\/wp-content\/uploads\/2023\/02\/bandiera-per-il-clima-fuori-dal-fossile-rit.jpg","datePublished":"2026-04-27T14:34:32+00:00","dateModified":"2026-04-27T14:39:20+00:00","description":"In Colombia, a Santa Marta, si \u00e8 aperto ieri 24 aprile, il summit globale per l\u2019uscita dai fossili, promossa da Paesi Bassi e Colombia, al quale","breadcrumb":{"@id":"https:\/\/www.pressenza.com\/it\/2026\/04\/ravenna-deve-ascoltare-il-messaggio-di-santa-marta\/#breadcrumb"},"inLanguage":"it-IT","potentialAction":[{"@type":"ReadAction","target":["https:\/\/www.pressenza.com\/it\/2026\/04\/ravenna-deve-ascoltare-il-messaggio-di-santa-marta\/"]}]},{"@type":"ImageObject","inLanguage":"it-IT","@id":"https:\/\/www.pressenza.com\/it\/2026\/04\/ravenna-deve-ascoltare-il-messaggio-di-santa-marta\/#primaryimage","url":"https:\/\/www.pressenza.com\/wp-content\/uploads\/2023\/02\/bandiera-per-il-clima-fuori-dal-fossile-rit.jpg","contentUrl":"https:\/\/www.pressenza.com\/wp-content\/uploads\/2023\/02\/bandiera-per-il-clima-fuori-dal-fossile-rit.jpg","width":1287,"height":867},{"@type":"BreadcrumbList","@id":"https:\/\/www.pressenza.com\/it\/2026\/04\/ravenna-deve-ascoltare-il-messaggio-di-santa-marta\/#breadcrumb","itemListElement":[{"@type":"ListItem","position":1,"name":"Accueil","item":"https:\/\/www.pressenza.com\/it\/"},{"@type":"ListItem","position":2,"name":"Ravenna deve ascoltare il messaggio di Santa Marta"}]},{"@type":"WebSite","@id":"https:\/\/www.pressenza.com\/it\/#website","url":"https:\/\/www.pressenza.com\/it\/","name":"Pressenza","description":"Agenzia di Stampa Internazionale","publisher":{"@id":"https:\/\/www.pressenza.com\/it\/#organization"},"potentialAction":[{"@type":"SearchAction","target":{"@type":"EntryPoint","urlTemplate":"https:\/\/www.pressenza.com\/it\/?s={search_term_string}"},"query-input":{"@type":"PropertyValueSpecification","valueRequired":true,"valueName":"search_term_string"}}],"inLanguage":"it-IT"},{"@type":"Organization","@id":"https:\/\/www.pressenza.com\/it\/#organization","name":"Pressenza","url":"https:\/\/www.pressenza.com\/it\/","logo":{"@type":"ImageObject","inLanguage":"it-IT","@id":"https:\/\/www.pressenza.com\/it\/#\/schema\/logo\/image\/","url":"https:\/\/www.pressenza.com\/wp-content\/uploads\/2022\/10\/pressenza_logo_200x200.jpg","contentUrl":"https:\/\/www.pressenza.com\/wp-content\/uploads\/2022\/10\/pressenza_logo_200x200.jpg","width":200,"height":200,"caption":"Pressenza"},"image":{"@id":"https:\/\/www.pressenza.com\/it\/#\/schema\/logo\/image\/"},"sameAs":["https:\/\/www.facebook.com\/PressenzaItalia","https:\/\/x.com\/PressenzaIPA"]},{"@type":"Person","@id":"https:\/\/www.pressenza.com\/it\/#\/schema\/person\/bd20012effb4a200220e868c6dc89e72","name":"Redazione Romagna","url":"https:\/\/www.pressenza.com\/it\/author\/redazione-romagna\/"}]}},"place":"","original_article_url":"","_links":{"self":[{"href":"https:\/\/www.pressenza.com\/it\/wp-json\/wp\/v2\/posts\/2695912","targetHints":{"allow":["GET"]}}],"collection":[{"href":"https:\/\/www.pressenza.com\/it\/wp-json\/wp\/v2\/posts"}],"about":[{"href":"https:\/\/www.pressenza.com\/it\/wp-json\/wp\/v2\/types\/post"}],"author":[{"embeddable":true,"href":"https:\/\/www.pressenza.com\/it\/wp-json\/wp\/v2\/users\/2449"}],"replies":[{"embeddable":true,"href":"https:\/\/www.pressenza.com\/it\/wp-json\/wp\/v2\/comments?post=2695912"}],"version-history":[{"count":2,"href":"https:\/\/www.pressenza.com\/it\/wp-json\/wp\/v2\/posts\/2695912\/revisions"}],"predecessor-version":[{"id":2695920,"href":"https:\/\/www.pressenza.com\/it\/wp-json\/wp\/v2\/posts\/2695912\/revisions\/2695920"}],"wp:featuredmedia":[{"embeddable":true,"href":"https:\/\/www.pressenza.com\/it\/wp-json\/wp\/v2\/media\/1716463"}],"wp:attachment":[{"href":"https:\/\/www.pressenza.com\/it\/wp-json\/wp\/v2\/media?parent=2695912"}],"wp:term":[{"taxonomy":"category","embeddable":true,"href":"https:\/\/www.pressenza.com\/it\/wp-json\/wp\/v2\/categories?post=2695912"},{"taxonomy":"post_tag","embeddable":true,"href":"https:\/\/www.pressenza.com\/it\/wp-json\/wp\/v2\/tags?post=2695912"}],"curies":[{"name":"wp","href":"https:\/\/api.w.org\/{rel}","templated":true}]}}