{"id":2695904,"date":"2026-04-27T15:09:11","date_gmt":"2026-04-27T14:09:11","guid":{"rendered":"https:\/\/www.pressenza.com\/?p=2695904"},"modified":"2026-04-27T18:13:35","modified_gmt":"2026-04-27T17:13:35","slug":"a-proposito-di-bandiere-e-striscioni-nei-cortei","status":"publish","type":"post","link":"https:\/\/www.pressenza.com\/it\/2026\/04\/a-proposito-di-bandiere-e-striscioni-nei-cortei\/","title":{"rendered":"A proposito di bandiere e striscioni nei cortei\u2026"},"content":{"rendered":"<p>Finiamola di dire che gli ucraini sono tutti nazisti.\u00a0 Questa \u00e8 la propaganda di Putin e della sua cosiddetta operazione speciale di denazificazione (che riecheggia le guerre umanitarie o quelle per esportare la democrazia combattute dagli Stati Uniti d&#8217;America e dai loro vassalli europei). Posso affermarlo in base alla mia esperienza diretta, dato che ho fatto diversi viaggi in Ucraina e ho parlato con moltissima gente.<\/p>\n<p>I partiti ucraini filonazisti sono piccole minoranze, anche se armate e violente. L&#8217;obiettore di coscienza quacchero Yurii Sheliazhenko mi ha detto: &#8220;Noi saremmo un popolo di nazifascisti? Veramente voi avete un presidente del Senato che a casa tiene il busto di Mussolini.&#8221;<\/p>\n<p>Certo, Zelensky ha messo fuori legge i partiti di opposizione, a cominciare dai comunisti e anche la Chiesa Ortodossa fedele al Patriarcato di Mosca, proibendo a milioni di ucraini russofoni di professare liberamente la loro fede religiosa. Inoltre si registrano molti casi di sparizioni e detenzioni arbitrarie.<\/p>\n<p>In Ucraina opera tra mille difficolt\u00e0 un sindacato di insegnanti collegato con la Cgil. I giovani sono scesi in piazza contro la legge che metteva sotto il controllo del governo gli enti anticorruzione e hanno ottenuto la sua abrogazione. In questi giorni i famigliari dei soldati dispersi manifestano chiedendo l&#8217;abrogazione di una legge che li dichiara tutti morti. Sono quasi tutte donne, chiedono per prima cosa il cessate il fuoco, una tregua permanente e trattative di pace.<\/p>\n<p>In Ucraina infine c&#8217;\u00e8 un forte movimento anarchico, che risale ai primi anni del secolo scorso e che ora \u00e8 diviso al suo interno tra gli antimilitaristi che propagandano la diserzione e chi si arruola contro quello che chiamano il &#8220;fascismo grande russo&#8221; di Putin e del Patriarca di Mosca Cirillo II, che ha lanciato la crociata contro gay e lesbiche.<\/p>\n<p>Insomma, la realt\u00e0 dell&#8217;Ucraina \u00e8 assai pi\u00f9 complessa e variegata della narrazione manichea e specularmente opposta dei sostenitori della Nato o di Putin. La bandiera ucraina non \u00e8 un simbolo nazista o fascista, ma rappresenta il cielo e un campo di girasoli.<\/p>\n<p>L&#8217;ignoranza di chi a Roma ha aggredito degli ucraini che volevano partecipare alle manifestazioni del 25 aprile \u00e8 vergognosa. Andrebbero accolti a braccia aperte in nome dell&#8217;internazionalismo e della fratellanza tra i popoli e tra le lavoratrici e i lavoratori di tutto il mondo.<\/p>\n<p>Ovviamente chiunque faccia propaganda militarista non pu\u00f2 pretendere di inserirsi in manifestazioni che si oppongono a tutti i signori della guerra. Lo stesso vale per l&#8217;Iran: le bandiere con il leone che alcuni provocatori hanno portato tentando di inserirsi nel corteo dell&#8217;8 marzo a Roma sono quelle della screditata monarchia del criminale Mohammad Reza Pahlavi, Shah di Persia. Ora suo figlio, il pupazzo di Washington, rivuole il trono appartenuto al padre, con il sostegno degli Usa e di Israele. I pochi manifestanti presenti inneggiavano alla guerra e ai bombardamenti. Specularmente non pochi italiani, privi di memoria o malati di campismo, sventolano le bandiere della Repubblica Islamica a ogni corteo, mischiandole con quelle della Palestina, del Venezuela e di Cuba. Cos\u00ec facendo inneggiano alla feroce teocrazia che impicca i comunisti, i democratici, le femministe, i gay e le lesbiche appendendo i loro corpi alle gru perch\u00e9 la loro esecuzione serva a terrorizzare i potenziali dissidenti.<\/p>\n<p>Se si vuole manifestare a favore di chi si batte contro l&#8217;orribile teocrazia al potere in Iran e al tempo stesso contro l&#8217;infame guerra di Israele e Stati Uniti si espongano gli striscioni delle nostre sorelle di &#8220;Donna, Vita, Libert\u00e0.&#8221;<\/p>\n<p><img loading=\"lazy\" decoding=\"async\" class=\"alignnone size-large wp-image-2694966\" src=\"https:\/\/www.pressenza.com\/wp-content\/uploads\/2026\/04\/attivista-iraniana-820x570.jpeg\" alt=\"\" width=\"820\" height=\"570\" srcset=\"https:\/\/www.pressenza.com\/wp-content\/uploads\/2026\/04\/attivista-iraniana-820x570.jpeg 820w, https:\/\/www.pressenza.com\/wp-content\/uploads\/2026\/04\/attivista-iraniana-300x209.jpeg 300w, https:\/\/www.pressenza.com\/wp-content\/uploads\/2026\/04\/attivista-iraniana.jpeg 2048w\" sizes=\"auto, (max-width: 820px) 100vw, 820px\" \/><\/p>\n<p><em>Negin Bank, attivista iraniana in esilio del collettivo \u201cDonna Vita Libert\u00e0\u201d di Roma<\/em><\/p>\n","protected":false},"excerpt":{"rendered":"<p>Finiamola di dire che gli ucraini sono tutti nazisti.\u00a0 Questa \u00e8 la propaganda di Putin e della sua cosiddetta operazione speciale di denazificazione (che riecheggia le guerre umanitarie o quelle per esportare la democrazia combattute dagli Stati Uniti d&#8217;America e&hellip;<\/p>\n","protected":false},"author":2378,"featured_media":2690643,"comment_status":"closed","ping_status":"closed","sticky":false,"template":"","format":"standard","meta":{"footnotes":""},"categories":[11388,162,1263,55],"tags":[155983,365,206,1628,60233,8514],"class_list":["post-2695904","post","type-post","status-publish","format-standard","has-post-thumbnail","hentry","category-contenuti-originali","category-opinioni","category-pace-disarmo","category-politica","tag-bandiere","tag-guerra","tag-iran","tag-manifestazioni","tag-striscioni","tag-ucraina"],"yoast_head":"<!-- This site is optimized with the Yoast SEO plugin v27.1.1 - https:\/\/yoast.com\/product\/yoast-seo-wordpress\/ -->\n<title>A proposito di bandiere e striscioni nei cortei\u2026<\/title>\n<meta name=\"description\" content=\"Finiamola di dire che gli ucraini sono tutti nazisti.\u00a0 Questa \u00e8 la propaganda di Putin e della sua cosiddetta operazione speciale di denazificazione (che\" \/>\n<meta name=\"robots\" content=\"index, follow, max-snippet:-1, max-image-preview:large, max-video-preview:-1\" \/>\n<link rel=\"canonical\" href=\"https:\/\/www.pressenza.com\/it\/2026\/04\/a-proposito-di-bandiere-e-striscioni-nei-cortei\/\" \/>\n<meta property=\"og:locale\" content=\"it_IT\" \/>\n<meta property=\"og:type\" content=\"article\" \/>\n<meta property=\"og:title\" content=\"A proposito di bandiere e striscioni nei cortei\u2026\" \/>\n<meta property=\"og:description\" content=\"Finiamola di dire che gli ucraini sono tutti nazisti.\u00a0 Questa \u00e8 la propaganda di Putin e della sua cosiddetta operazione speciale di denazificazione (che\" \/>\n<meta property=\"og:url\" content=\"https:\/\/www.pressenza.com\/it\/2026\/04\/a-proposito-di-bandiere-e-striscioni-nei-cortei\/\" \/>\n<meta property=\"og:site_name\" content=\"Pressenza\" \/>\n<meta property=\"article:publisher\" content=\"https:\/\/www.facebook.com\/PressenzaItalia\" \/>\n<meta property=\"article:published_time\" content=\"2026-04-27T14:09:11+00:00\" \/>\n<meta property=\"article:modified_time\" content=\"2026-04-27T17:13:35+00:00\" \/>\n<meta property=\"og:image\" content=\"https:\/\/www.pressenza.com\/wp-content\/uploads\/2026\/04\/manifestazione-kiev-soldati-scomparsi-Mauro-Zanella.jpeg\" \/>\n\t<meta property=\"og:image:width\" content=\"1920\" \/>\n\t<meta property=\"og:image:height\" content=\"1080\" \/>\n\t<meta property=\"og:image:type\" content=\"image\/jpeg\" \/>\n<meta name=\"author\" content=\"Mauro Carlo Zanella\" \/>\n<meta name=\"twitter:card\" content=\"summary_large_image\" \/>\n<meta name=\"twitter:creator\" content=\"@PressenzaIPA\" \/>\n<meta name=\"twitter:site\" content=\"@PressenzaIPA\" \/>\n<meta name=\"twitter:label1\" content=\"Scritto da\" \/>\n\t<meta name=\"twitter:data1\" content=\"Mauro Carlo Zanella\" \/>\n\t<meta name=\"twitter:label2\" content=\"Tempo di lettura stimato\" \/>\n\t<meta name=\"twitter:data2\" content=\"4 minuti\" \/>\n<script type=\"application\/ld+json\" class=\"yoast-schema-graph\">{\"@context\":\"https:\/\/schema.org\",\"@graph\":[{\"@type\":\"Article\",\"@id\":\"https:\/\/www.pressenza.com\/it\/2026\/04\/a-proposito-di-bandiere-e-striscioni-nei-cortei\/#article\",\"isPartOf\":{\"@id\":\"https:\/\/www.pressenza.com\/it\/2026\/04\/a-proposito-di-bandiere-e-striscioni-nei-cortei\/\"},\"author\":{\"name\":\"Mauro Carlo Zanella\",\"@id\":\"https:\/\/www.pressenza.com\/it\/#\/schema\/person\/76e278d7760e85fb4a5a4961b1b46b1d\"},\"headline\":\"A proposito di bandiere e striscioni nei cortei\u2026\",\"datePublished\":\"2026-04-27T14:09:11+00:00\",\"dateModified\":\"2026-04-27T17:13:35+00:00\",\"mainEntityOfPage\":{\"@id\":\"https:\/\/www.pressenza.com\/it\/2026\/04\/a-proposito-di-bandiere-e-striscioni-nei-cortei\/\"},\"wordCount\":597,\"publisher\":{\"@id\":\"https:\/\/www.pressenza.com\/it\/#organization\"},\"image\":{\"@id\":\"https:\/\/www.pressenza.com\/it\/2026\/04\/a-proposito-di-bandiere-e-striscioni-nei-cortei\/#primaryimage\"},\"thumbnailUrl\":\"https:\/\/www.pressenza.com\/wp-content\/uploads\/2026\/04\/manifestazione-kiev-soldati-scomparsi-Mauro-Zanella.jpeg\",\"keywords\":[\"bandiere\",\"guerra\",\"Iran\",\"manifestazioni\",\"striscioni\",\"Ucraina\"],\"articleSection\":[\"contenuti originali\",\"Opinioni\",\"Pace e Disarmo\",\"Politica\"],\"inLanguage\":\"it-IT\"},{\"@type\":\"WebPage\",\"@id\":\"https:\/\/www.pressenza.com\/it\/2026\/04\/a-proposito-di-bandiere-e-striscioni-nei-cortei\/\",\"url\":\"https:\/\/www.pressenza.com\/it\/2026\/04\/a-proposito-di-bandiere-e-striscioni-nei-cortei\/\",\"name\":\"A proposito di bandiere e striscioni nei cortei\u2026\",\"isPartOf\":{\"@id\":\"https:\/\/www.pressenza.com\/it\/#website\"},\"primaryImageOfPage\":{\"@id\":\"https:\/\/www.pressenza.com\/it\/2026\/04\/a-proposito-di-bandiere-e-striscioni-nei-cortei\/#primaryimage\"},\"image\":{\"@id\":\"https:\/\/www.pressenza.com\/it\/2026\/04\/a-proposito-di-bandiere-e-striscioni-nei-cortei\/#primaryimage\"},\"thumbnailUrl\":\"https:\/\/www.pressenza.com\/wp-content\/uploads\/2026\/04\/manifestazione-kiev-soldati-scomparsi-Mauro-Zanella.jpeg\",\"datePublished\":\"2026-04-27T14:09:11+00:00\",\"dateModified\":\"2026-04-27T17:13:35+00:00\",\"description\":\"Finiamola di dire che gli ucraini sono tutti nazisti.\u00a0 Questa \u00e8 la propaganda di Putin e della sua cosiddetta operazione speciale di denazificazione (che\",\"breadcrumb\":{\"@id\":\"https:\/\/www.pressenza.com\/it\/2026\/04\/a-proposito-di-bandiere-e-striscioni-nei-cortei\/#breadcrumb\"},\"inLanguage\":\"it-IT\",\"potentialAction\":[{\"@type\":\"ReadAction\",\"target\":[\"https:\/\/www.pressenza.com\/it\/2026\/04\/a-proposito-di-bandiere-e-striscioni-nei-cortei\/\"]}]},{\"@type\":\"ImageObject\",\"inLanguage\":\"it-IT\",\"@id\":\"https:\/\/www.pressenza.com\/it\/2026\/04\/a-proposito-di-bandiere-e-striscioni-nei-cortei\/#primaryimage\",\"url\":\"https:\/\/www.pressenza.com\/wp-content\/uploads\/2026\/04\/manifestazione-kiev-soldati-scomparsi-Mauro-Zanella.jpeg\",\"contentUrl\":\"https:\/\/www.pressenza.com\/wp-content\/uploads\/2026\/04\/manifestazione-kiev-soldati-scomparsi-Mauro-Zanella.jpeg\",\"width\":1920,\"height\":1080},{\"@type\":\"BreadcrumbList\",\"@id\":\"https:\/\/www.pressenza.com\/it\/2026\/04\/a-proposito-di-bandiere-e-striscioni-nei-cortei\/#breadcrumb\",\"itemListElement\":[{\"@type\":\"ListItem\",\"position\":1,\"name\":\"Accueil\",\"item\":\"https:\/\/www.pressenza.com\/it\/\"},{\"@type\":\"ListItem\",\"position\":2,\"name\":\"A proposito di bandiere e striscioni nei cortei\u2026\"}]},{\"@type\":\"WebSite\",\"@id\":\"https:\/\/www.pressenza.com\/it\/#website\",\"url\":\"https:\/\/www.pressenza.com\/it\/\",\"name\":\"Pressenza\",\"description\":\"Agenzia di Stampa Internazionale\",\"publisher\":{\"@id\":\"https:\/\/www.pressenza.com\/it\/#organization\"},\"potentialAction\":[{\"@type\":\"SearchAction\",\"target\":{\"@type\":\"EntryPoint\",\"urlTemplate\":\"https:\/\/www.pressenza.com\/it\/?s={search_term_string}\"},\"query-input\":{\"@type\":\"PropertyValueSpecification\",\"valueRequired\":true,\"valueName\":\"search_term_string\"}}],\"inLanguage\":\"it-IT\"},{\"@type\":\"Organization\",\"@id\":\"https:\/\/www.pressenza.com\/it\/#organization\",\"name\":\"Pressenza\",\"url\":\"https:\/\/www.pressenza.com\/it\/\",\"logo\":{\"@type\":\"ImageObject\",\"inLanguage\":\"it-IT\",\"@id\":\"https:\/\/www.pressenza.com\/it\/#\/schema\/logo\/image\/\",\"url\":\"https:\/\/www.pressenza.com\/wp-content\/uploads\/2022\/10\/pressenza_logo_200x200.jpg\",\"contentUrl\":\"https:\/\/www.pressenza.com\/wp-content\/uploads\/2022\/10\/pressenza_logo_200x200.jpg\",\"width\":200,\"height\":200,\"caption\":\"Pressenza\"},\"image\":{\"@id\":\"https:\/\/www.pressenza.com\/it\/#\/schema\/logo\/image\/\"},\"sameAs\":[\"https:\/\/www.facebook.com\/PressenzaItalia\",\"https:\/\/x.com\/PressenzaIPA\"]},{\"@type\":\"Person\",\"@id\":\"https:\/\/www.pressenza.com\/it\/#\/schema\/person\/76e278d7760e85fb4a5a4961b1b46b1d\",\"name\":\"Mauro Carlo Zanella\",\"url\":\"https:\/\/www.pressenza.com\/it\/author\/mauro-zanella\/\"}]}<\/script>\n<!-- \/ Yoast SEO plugin. -->","yoast_head_json":{"title":"A proposito di bandiere e striscioni nei cortei\u2026","description":"Finiamola di dire che gli ucraini sono tutti nazisti.\u00a0 Questa \u00e8 la propaganda di Putin e della sua cosiddetta operazione speciale di denazificazione (che","robots":{"index":"index","follow":"follow","max-snippet":"max-snippet:-1","max-image-preview":"max-image-preview:large","max-video-preview":"max-video-preview:-1"},"canonical":"https:\/\/www.pressenza.com\/it\/2026\/04\/a-proposito-di-bandiere-e-striscioni-nei-cortei\/","og_locale":"it_IT","og_type":"article","og_title":"A proposito di bandiere e striscioni nei cortei\u2026","og_description":"Finiamola di dire che gli ucraini sono tutti nazisti.\u00a0 Questa \u00e8 la propaganda di Putin e della sua cosiddetta operazione speciale di denazificazione (che","og_url":"https:\/\/www.pressenza.com\/it\/2026\/04\/a-proposito-di-bandiere-e-striscioni-nei-cortei\/","og_site_name":"Pressenza","article_publisher":"https:\/\/www.facebook.com\/PressenzaItalia","article_published_time":"2026-04-27T14:09:11+00:00","article_modified_time":"2026-04-27T17:13:35+00:00","og_image":[{"width":1920,"height":1080,"url":"https:\/\/www.pressenza.com\/wp-content\/uploads\/2026\/04\/manifestazione-kiev-soldati-scomparsi-Mauro-Zanella.jpeg","type":"image\/jpeg"}],"author":"Mauro Carlo Zanella","twitter_card":"summary_large_image","twitter_creator":"@PressenzaIPA","twitter_site":"@PressenzaIPA","twitter_misc":{"Scritto da":"Mauro Carlo Zanella","Tempo di lettura stimato":"4 minuti"},"schema":{"@context":"https:\/\/schema.org","@graph":[{"@type":"Article","@id":"https:\/\/www.pressenza.com\/it\/2026\/04\/a-proposito-di-bandiere-e-striscioni-nei-cortei\/#article","isPartOf":{"@id":"https:\/\/www.pressenza.com\/it\/2026\/04\/a-proposito-di-bandiere-e-striscioni-nei-cortei\/"},"author":{"name":"Mauro Carlo Zanella","@id":"https:\/\/www.pressenza.com\/it\/#\/schema\/person\/76e278d7760e85fb4a5a4961b1b46b1d"},"headline":"A proposito di bandiere e striscioni nei cortei\u2026","datePublished":"2026-04-27T14:09:11+00:00","dateModified":"2026-04-27T17:13:35+00:00","mainEntityOfPage":{"@id":"https:\/\/www.pressenza.com\/it\/2026\/04\/a-proposito-di-bandiere-e-striscioni-nei-cortei\/"},"wordCount":597,"publisher":{"@id":"https:\/\/www.pressenza.com\/it\/#organization"},"image":{"@id":"https:\/\/www.pressenza.com\/it\/2026\/04\/a-proposito-di-bandiere-e-striscioni-nei-cortei\/#primaryimage"},"thumbnailUrl":"https:\/\/www.pressenza.com\/wp-content\/uploads\/2026\/04\/manifestazione-kiev-soldati-scomparsi-Mauro-Zanella.jpeg","keywords":["bandiere","guerra","Iran","manifestazioni","striscioni","Ucraina"],"articleSection":["contenuti originali","Opinioni","Pace e Disarmo","Politica"],"inLanguage":"it-IT"},{"@type":"WebPage","@id":"https:\/\/www.pressenza.com\/it\/2026\/04\/a-proposito-di-bandiere-e-striscioni-nei-cortei\/","url":"https:\/\/www.pressenza.com\/it\/2026\/04\/a-proposito-di-bandiere-e-striscioni-nei-cortei\/","name":"A proposito di bandiere e striscioni nei cortei\u2026","isPartOf":{"@id":"https:\/\/www.pressenza.com\/it\/#website"},"primaryImageOfPage":{"@id":"https:\/\/www.pressenza.com\/it\/2026\/04\/a-proposito-di-bandiere-e-striscioni-nei-cortei\/#primaryimage"},"image":{"@id":"https:\/\/www.pressenza.com\/it\/2026\/04\/a-proposito-di-bandiere-e-striscioni-nei-cortei\/#primaryimage"},"thumbnailUrl":"https:\/\/www.pressenza.com\/wp-content\/uploads\/2026\/04\/manifestazione-kiev-soldati-scomparsi-Mauro-Zanella.jpeg","datePublished":"2026-04-27T14:09:11+00:00","dateModified":"2026-04-27T17:13:35+00:00","description":"Finiamola di dire che gli ucraini sono tutti nazisti.\u00a0 Questa \u00e8 la propaganda di Putin e della sua cosiddetta operazione speciale di denazificazione (che","breadcrumb":{"@id":"https:\/\/www.pressenza.com\/it\/2026\/04\/a-proposito-di-bandiere-e-striscioni-nei-cortei\/#breadcrumb"},"inLanguage":"it-IT","potentialAction":[{"@type":"ReadAction","target":["https:\/\/www.pressenza.com\/it\/2026\/04\/a-proposito-di-bandiere-e-striscioni-nei-cortei\/"]}]},{"@type":"ImageObject","inLanguage":"it-IT","@id":"https:\/\/www.pressenza.com\/it\/2026\/04\/a-proposito-di-bandiere-e-striscioni-nei-cortei\/#primaryimage","url":"https:\/\/www.pressenza.com\/wp-content\/uploads\/2026\/04\/manifestazione-kiev-soldati-scomparsi-Mauro-Zanella.jpeg","contentUrl":"https:\/\/www.pressenza.com\/wp-content\/uploads\/2026\/04\/manifestazione-kiev-soldati-scomparsi-Mauro-Zanella.jpeg","width":1920,"height":1080},{"@type":"BreadcrumbList","@id":"https:\/\/www.pressenza.com\/it\/2026\/04\/a-proposito-di-bandiere-e-striscioni-nei-cortei\/#breadcrumb","itemListElement":[{"@type":"ListItem","position":1,"name":"Accueil","item":"https:\/\/www.pressenza.com\/it\/"},{"@type":"ListItem","position":2,"name":"A proposito di bandiere e striscioni nei cortei\u2026"}]},{"@type":"WebSite","@id":"https:\/\/www.pressenza.com\/it\/#website","url":"https:\/\/www.pressenza.com\/it\/","name":"Pressenza","description":"Agenzia di Stampa Internazionale","publisher":{"@id":"https:\/\/www.pressenza.com\/it\/#organization"},"potentialAction":[{"@type":"SearchAction","target":{"@type":"EntryPoint","urlTemplate":"https:\/\/www.pressenza.com\/it\/?s={search_term_string}"},"query-input":{"@type":"PropertyValueSpecification","valueRequired":true,"valueName":"search_term_string"}}],"inLanguage":"it-IT"},{"@type":"Organization","@id":"https:\/\/www.pressenza.com\/it\/#organization","name":"Pressenza","url":"https:\/\/www.pressenza.com\/it\/","logo":{"@type":"ImageObject","inLanguage":"it-IT","@id":"https:\/\/www.pressenza.com\/it\/#\/schema\/logo\/image\/","url":"https:\/\/www.pressenza.com\/wp-content\/uploads\/2022\/10\/pressenza_logo_200x200.jpg","contentUrl":"https:\/\/www.pressenza.com\/wp-content\/uploads\/2022\/10\/pressenza_logo_200x200.jpg","width":200,"height":200,"caption":"Pressenza"},"image":{"@id":"https:\/\/www.pressenza.com\/it\/#\/schema\/logo\/image\/"},"sameAs":["https:\/\/www.facebook.com\/PressenzaItalia","https:\/\/x.com\/PressenzaIPA"]},{"@type":"Person","@id":"https:\/\/www.pressenza.com\/it\/#\/schema\/person\/76e278d7760e85fb4a5a4961b1b46b1d","name":"Mauro Carlo Zanella","url":"https:\/\/www.pressenza.com\/it\/author\/mauro-zanella\/"}]}},"place":"Roma","original_article_url":"","_links":{"self":[{"href":"https:\/\/www.pressenza.com\/it\/wp-json\/wp\/v2\/posts\/2695904","targetHints":{"allow":["GET"]}}],"collection":[{"href":"https:\/\/www.pressenza.com\/it\/wp-json\/wp\/v2\/posts"}],"about":[{"href":"https:\/\/www.pressenza.com\/it\/wp-json\/wp\/v2\/types\/post"}],"author":[{"embeddable":true,"href":"https:\/\/www.pressenza.com\/it\/wp-json\/wp\/v2\/users\/2378"}],"replies":[{"embeddable":true,"href":"https:\/\/www.pressenza.com\/it\/wp-json\/wp\/v2\/comments?post=2695904"}],"version-history":[{"count":5,"href":"https:\/\/www.pressenza.com\/it\/wp-json\/wp\/v2\/posts\/2695904\/revisions"}],"predecessor-version":[{"id":2695986,"href":"https:\/\/www.pressenza.com\/it\/wp-json\/wp\/v2\/posts\/2695904\/revisions\/2695986"}],"wp:featuredmedia":[{"embeddable":true,"href":"https:\/\/www.pressenza.com\/it\/wp-json\/wp\/v2\/media\/2690643"}],"wp:attachment":[{"href":"https:\/\/www.pressenza.com\/it\/wp-json\/wp\/v2\/media?parent=2695904"}],"wp:term":[{"taxonomy":"category","embeddable":true,"href":"https:\/\/www.pressenza.com\/it\/wp-json\/wp\/v2\/categories?post=2695904"},{"taxonomy":"post_tag","embeddable":true,"href":"https:\/\/www.pressenza.com\/it\/wp-json\/wp\/v2\/tags?post=2695904"}],"curies":[{"name":"wp","href":"https:\/\/api.w.org\/{rel}","templated":true}]}}