{"id":2695891,"date":"2026-04-27T13:35:49","date_gmt":"2026-04-27T12:35:49","guid":{"rendered":"https:\/\/www.pressenza.com\/?p=2695891"},"modified":"2026-04-27T13:37:39","modified_gmt":"2026-04-27T12:37:39","slug":"prossimo-futuro-n-272-27-aprile-3-maggio","status":"publish","type":"post","link":"https:\/\/www.pressenza.com\/it\/2026\/04\/prossimo-futuro-n-272-27-aprile-3-maggio\/","title":{"rendered":"Prossimo futuro n. 272  27 aprile &#8211; 3 maggio"},"content":{"rendered":"<p><i><span style=\"font-weight: 400;\">\u00a0Bollettino di informazione della redazione di Pressenza sugli eventi della prossima settimana. Inviare le notizie a <\/span><\/i><a href=\"mailto:redazioneitalia@pressenza.com\"><i><span style=\"font-weight: 400;\">redazioneitalia@pressenza.com<\/span><\/i><\/a><i><span style=\"font-weight: 400;\"> entro la domenica prima dell\u2019evento.<\/span><\/i><\/p>\n<p><b>Mappa dei presidi, incontri e cortei periodici per la pace<\/b> <a href=\"https:\/\/shorturl.at\/pWPkJ\"><b>https:\/\/shorturl.at\/pWPkJ<\/b><\/a><\/p>\n<p>&nbsp;<\/p>\n<p><b>Per segnalare il proprio presidio o gruppo:<\/b> <a href=\"https:\/\/forms.gle\/vXBn83i8vgY1rgYf8\"><b>https:\/\/forms.gle\/vXBn83i8vgY1rgYf8<\/b><\/a><\/p>\n<p><b><img loading=\"lazy\" decoding=\"async\" class=\"aligncenter size-large wp-image-2648050\" src=\"https:\/\/www.pressenza.com\/wp-content\/uploads\/2025\/10\/01-appuntamenti-della-settimana-820x232.jpg\" alt=\"\" width=\"820\" height=\"232\" srcset=\"https:\/\/www.pressenza.com\/wp-content\/uploads\/2025\/10\/01-appuntamenti-della-settimana-820x232.jpg 820w, https:\/\/www.pressenza.com\/wp-content\/uploads\/2025\/10\/01-appuntamenti-della-settimana-300x85.jpg 300w, https:\/\/www.pressenza.com\/wp-content\/uploads\/2025\/10\/01-appuntamenti-della-settimana.jpg 1920w\" sizes=\"auto, (max-width: 820px) 100vw, 820px\" \/><\/b><\/p>\n<p><b>Il movimento dei Fasci Siciliani tra politica, mafia e antimafia<\/b><\/p>\n<p><b>luned\u00ec 27 aprile a Palermo<\/b><span style=\"font-weight: 400;\"> alle ore 16.30 al No Mafia Memorial\u00a0 (Corso Vittorio Emanuele II, 353) sar\u00e0 presentato il libro di Dario Alessandro Librizzi <\/span><i><span style=\"font-weight: 400;\">La Sicilia insorta<\/span><\/i><span style=\"font-weight: 400;\">, edito dall&#8217;Istituto Poligrafico Europeo. Dialogheranno con l\u2019Autore Dino Paternostro, Manoela Patti, Umberto Santino, Ferdinando Siringo e Fabio d\u2019Agati.\u00a0<\/span><\/p>\n<p>&nbsp;<\/p>\n<p><b>Presentazione del libro su Padre Cavagna<\/b><\/p>\n<p><b>Marted\u00ec 28 <\/b><span style=\"font-weight: 400;\">alle 17:30, nella Sala della Fondazione Barberini in via Mentana 2 Bologna. in occasione del secondo anniversario della sua scomparsa, il CEFA e il Gruppo amici di p. Angelo Cavagna (con l\u2019adesione di molte associazioni) promuovono un momento di riflessione e incontro per presentare il volume \u00abPadre Angelo Cavagna. Profeta della pace e della nonviolenza\u00bb, edito da Multimage. Intervengono Francesco Tosi, presidente CEFA, Michelangelo Chiurchi\u00f9, curatore del volume, Daniele Menozzi, gi\u00e0 professore di storia contemporanea Normale di Pisa, Sabrina Magnani, giornalista, Giancarla Codrignani, gi\u00e0 parlamentare, Giuseppe Pierantoni, sacerdote Dehoniano. Conclusioni a cura di Matteo Zuppi, Arcivescovo di Bologna.<\/span><\/p>\n<p>&nbsp;<\/p>\n<p><b>Uscire dalla \u201cglobalizzazione dell\u2019indifferenza\u201d Fermare La \u201cterza guerra mondiale a pezzi\u201d<\/b><\/p>\n<p><strong>28 aprile ore 18:00 <\/strong><a href=\"https:\/\/www.google.com\/maps\/search\/?api=1&amp;hl=it_IT&amp;query=34+II+STRADA+PRIVATA+BORRELLI%2C+BARI\"><span style=\"font-weight: 400;\">34 II STRADA PRIVATA BORRELLI, BARI (BA)<\/span><\/a><\/p>\n<p><span style=\"font-weight: 400;\">Un anno dopo. Riflessioni sul messaggio universale di papa Francesco<\/span><\/p>\n<p><span style=\"font-weight: 400;\">Intervengono:<\/span><\/p>\n<p><span style=\"font-weight: 400;\">Rosa Siciliano, direttrice editoriale della rivista di Pax Christi Mosaico di Pace;\u00a0<\/span><\/p>\n<p><span style=\"font-weight: 400;\">Don Salvatore De Pascale, Parrocchia Immacolata, Adelfia (Ba) Delegato regionale dei centri missionari delle diocesi pugliesi; Matteo Magnisi, Segretario del comitato \u201cArticolo 11 \u2013 L\u2019Italia ripudia la guerra &#8211; odv\u201d; Augusto Ponzio<\/span><\/p>\n<p><span style=\"font-weight: 400;\">Professore emerito di Filosofia del linguaggio, Universit\u00e0 di Bari<\/span><\/p>\n<p><span style=\"font-weight: 400;\">\u00a0Coordina: Antonella Reina<\/span><b>, <\/b><span style=\"font-weight: 400;\">Vicepresidente del comitato \u201cArticolo 11 \u2013 L\u2019Italia ripudia la guerra &#8211; odv\u201d<\/span><\/p>\n<p><span style=\"font-weight: 400;\">Per maggiori informazioni:<\/span><\/p>\n<p><a href=\"https:\/\/www.art11.it\/\"><span style=\"font-weight: 400;\">https:\/\/www.art11.it\/<\/span><\/a><\/p>\n<p><span style=\"font-weight: 400;\">Comitato articolo 11 &#8211; L&#8217;Italia ripudia la guerra<\/span><\/p>\n<p><span style=\"font-weight: 400;\">articolo11@art11.it<\/span><\/p>\n<p>&nbsp;<\/p>\n<p><b>Presentazione libro su Balducci<\/b><\/p>\n<p><b>Mercoled\u00ec 29 Aprile alle 18<\/b><span style=\"font-weight: 400;\"> Santuario Santa Maria della Pace al Baraccano Piazza del Baraccano 2 Bologna<\/span><\/p>\n<p><span style=\"font-weight: 400;\">Presentazione del libro &#8220;Ernesto Balducci: cercare la pace con ragione e con passione&#8221; con l\u2019autore Luigi Giario<\/span><b>\u00a0<\/b><\/p>\n<p><span style=\"font-weight: 400;\">ciascuno cresce solo se sognato<\/span><\/p>\n<p><b>venerdi 1 maggio<\/b><span style=\"font-weight: 400;\"> scuola di pace di monte sole<\/span> <span style=\"font-weight: 400;\">\u00a0<\/span><span style=\"font-weight: 400;\">Via S.Martino, 25 Marzabotto (BO)<\/span><b>\u00a0<\/b><\/p>\n<p><span style=\"font-weight: 400;\">educare e disobbedire: pratiche di pace e partecipazione da Danilo Dolci alla scuola di pace<\/span><\/p>\n<p><b>ore 10.30<\/b><\/p>\n<p><span style=\"font-weight: 400;\">una vita scoperta intensamente<\/span><\/p>\n<p><span style=\"font-weight: 400;\">laboratorio con Tiziana Morgante, educatrice e collaboratrice di Danilo Dolci<\/span><\/p>\n<p><span style=\"font-weight: 400;\">letture di Archiviozeta<\/span><\/p>\n<p><b>ore 14.30<\/b><\/p>\n<p><span style=\"font-weight: 400;\">visita esperienziale lungo il sentiero del memoriale<\/span><b>\u00a0<\/b><\/p>\n<p><span style=\"font-weight: 400;\">montesole.org<\/span><\/p>\n<p><b>Sur la politique<\/b><\/p>\n<p><b>mercoled\u00ec 29 aprile a Palermo <\/b><span style=\"font-weight: 400;\">alle ore 17 nel complesso universitario Sant\u2019Antonino (aula P 1058) sar\u00e0 presentato il libro di Claudia Moatti <\/span><i><span style=\"font-weight: 400;\">Sur la politique. Cinq grandes le\u00e7ons romaines <\/span><\/i><span style=\"font-weight: 400;\">edito da Ecole Fran\u00e7aise de Rome. Richiamando cinque concetti della tradizione latina &#8211; <\/span><i><span style=\"font-weight: 400;\">res publica, seditio, populus, libertas, societas<\/span><\/i><span style=\"font-weight: 400;\"> &#8211; il lavoro fa riferimento al passato per comprendere le sfide contemporanee. Con l\u2019Autrice discorreranno E. Mineo e M. Varvaro, docenti di UniPa. Coordiner\u00e0 S. Nicosia, presidente dell\u2019Istituto Gramsci Siciliano.<\/span><\/p>\n<p><b>Riunione Europea di Stop Rearm Europe <\/b><\/p>\n<p><b>29 aprile, ore 18:00<\/b><\/p>\n<p>Per partecipare bisogna registrarsi qui <a href=\"https:\/\/transform-network.us6.list-manage.com\/track\/click?u=2d4787ef1bd3fe9f702d9de30&amp;id=fd3e1901d7&amp;e=5f88fc12ae\">here<\/a><\/p>\n<p><span style=\"font-weight: 400;\">Sar\u00e0 una riunione aperta, quindi potete diffondere l\u2019invito alle persone interessate. La riunione come sempre si terr\u00e0 in inglese.<\/span><\/p>\n<p><span style=\"font-weight: 400;\">La riunione ospiter\u00e0:<\/span><\/p>\n<ul>\n<li style=\"font-weight: 400;\" aria-level=\"1\"><span style=\"font-weight: 400;\">una presentazione delle questioni centrali del nuovo report sulla spesa militare mondiale del Stockholm International Peace Research Institute (SIPRI) che illustra l\u2019entit\u00e0 e l\u2019accelerazione del riarmo globale.\u00a0\u00a0<\/span><\/li>\n<li style=\"font-weight: 400;\" aria-level=\"1\"><span style=\"font-weight: 400;\">interventi dei Parlamentari Europei \u00d6zlem Demirel and Dario Tamburrano sui pi\u00f9 recenti passi verso la militarizzazione del Parlamento Europeo e perch\u00e8 l\u2019Europa deve scendere in piazza<\/span><\/li>\n<li style=\"font-weight: 400;\" aria-level=\"1\"><span style=\"font-weight: 400;\">aggiornamenti sulla manifestazione \u201cStato Sociale non Stato di guerra\u201d\u00a0 Bruxelles il 14 giugno e sul mese di mobilitazione europea a giugno<\/span><\/li>\n<\/ul>\n<p><b>Come il sole in mezzo a un nubifragio<\/b><\/p>\n<p><b>mercoled\u00ec 29 aprile a Palermo <\/b><span style=\"font-weight: 400;\">alle 17.30 presso la sede dei Cobas Scuola (Piazza Unit\u00e0 d&#8217;Italia<\/span> <span style=\"font-weight: 400;\">11), all\u2019interno del ciclo <\/span><i><span style=\"font-weight: 400;\">Itinerari Culturali. Dialoghi sulla Contemporaneit\u00e0<\/span><\/i><span style=\"font-weight: 400;\">, sar\u00e0 presentato il libro di Salvatore Cavaleri <\/span><i><span style=\"font-weight: 400;\">Come il sole in mezzo al nubifragio. Scritti su precariet\u00e0, fragilit\u00e0 e feticismo del sociale, <\/span><\/i><span style=\"font-weight: 400;\">che indaga sul nesso fra capitalismo e infelicit\u00e0, sofferenza lavorativa sociale e psicopaologica e frammentazione metropolitana. Dialoga con l\u2019Autore Calogero Lo Piccolo.<\/span><\/p>\n<p><b>Jinestra<\/b><\/p>\n<p><span style=\"font-weight: 400;\">in occasione dell\u2019anniversario della prima strage dello Stato repubblicano a Portella delle Ginestre il primo maggio 1947, si terr\u00e0 a <\/span><b>Piana degli Albanesi <\/b><span style=\"font-weight: 400;\">(PA) un convegno di due giorni organizzato dal Comune, dalla CGIL Fillea e da Flet. Nel pomeriggio di <\/span><b>gioved\u00ec 30 aprile <\/b><span style=\"font-weight: 400;\">si svolger\u00e0 una tavola rotonda dal titolo <\/span><i><span style=\"font-weight: 400;\">Patto per restare<\/span><\/i><span style=\"font-weight: 400;\">, mentre <\/span><b>venerd\u00ec 1 maggio<\/b><span style=\"font-weight: 400;\">, dopo il tradizionale corteo mattutino dalla Casa del Popolo al sasso di Barbato, si terr\u00e0 dalle 14 in poi un concerto presso il parco suburbano.<\/span><\/p>\n<p><b>La nostra Terra, le loro guerre<\/b><\/p>\n<p><b>sabato 2 e domenica 3 maggio a Palermo <\/b><span style=\"font-weight: 400;\">per due intere giornate ONG, collettivi, movimenti, centri sociali si incontreranno per sviluppare \u201canalisi, dibattito e proposte di lotta\u201d sul tema: \u201cTerritori resistenti contro imperialismo ed economia di guerra, dalla Palestina all\u2019America Latina\u201d. L\u2019appuntamento \u00e8 all\u2019Ecomuseo Mare Memoria Viva (Via Messina Marine, 14)<\/span><\/p>\n<h3><a href=\"https:\/\/serenoregis.org\/evento\/lavoro-conoscenza-e-ricerca-ripudiano-la-guerra\/\"><b>Lavoro conoscenza e ricerca ripudiano la guerra<\/b><\/a><\/h3>\n<p><b>gioved\u00ec 30 Aprile | ore 17.00 &#8211; 19.30 <\/b><span style=\"font-weight: 400;\">Centro Sereno Regis sala Poli via Giuseppe Garibaldi, 13, Torino, Torino, Italia<\/span><b>\u00a0<\/b><\/p>\n<p><span style=\"font-weight: 400;\">L\u2019obiezione di coscienza e altre forme di resistenza per la pace perpetua<\/span><\/p>\n<p><span style=\"font-weight: 400;\">PARTECIPANO:<\/span><\/p>\n<p><b>Francesco Staccioli<\/b><span style=\"font-weight: 400;\"> (USB Nazionale), <\/span><b>Enzo Ferrara<\/b><span style=\"font-weight: 400;\"> (Sereno Regis), <\/span><b>Arturo Salerni<\/b><span style=\"font-weight: 400;\"> (Ceing), <\/span><b>Jos\u00e9 Nivoi<\/b><span style=\"font-weight: 400;\"> (USB porti \u2013 Calp), <\/span><b>Esmail Demirel<\/b><span style=\"font-weight: 400;\"> (NO TECH FOR APARTHEID), <\/span><b>Juan Carlos De Martin<\/b><span style=\"font-weight: 400;\"> (POLITECNICO TORINO), <\/span><b>Giovanna Rinaldi<\/b><span style=\"font-weight: 400;\"> (INAF \u2013 Istituto Nazionale Astrofisica), <\/span><b>Sasha Colautti<\/b><span style=\"font-weight: 400;\"> (USB industria), <\/span><b>Claudio Giampaglia<\/b><span style=\"font-weight: 400;\"> (EMERGENCY \u2013 RIPUDIA), <\/span><b>Lavoratrici e lavoratori<\/b><span style=\"font-weight: 400;\"> Leonardo, <\/span><b>Osvaldo Costantini<\/b><span style=\"font-weight: 400;\"> (La Conoscenza Non Marcia), <\/span><b>Serena Mazzini<\/b><span style=\"font-weight: 400;\"> (Scrittrice e docente \u2013 Italian Tech Resistance), <\/span><b>Terry Silvestrini<\/b><span style=\"font-weight: 400;\"> (Scuole per la Pace), <\/span><b>Serena Tusini<\/b><span style=\"font-weight: 400;\"> (Osservatorio contro la militarizzazione scuole e universit\u00e0), <\/span><b>Nicol\u00f2 Spampinato<\/b><span style=\"font-weight: 400;\"> (OSA), <\/span><b>Erica Chiesa<\/b><span style=\"font-weight: 400;\"> (Cambiare Rotta \u2013 We Do Not Enlist), <\/span><b>Lorenzo Giustolisi<\/b><span style=\"font-weight: 400;\"> (USB Torino)<\/span><\/p>\n<p><img loading=\"lazy\" decoding=\"async\" class=\"aligncenter size-large wp-image-2648046\" src=\"https:\/\/www.pressenza.com\/wp-content\/uploads\/2025\/10\/festival-820x232.jpeg\" alt=\"\" width=\"820\" height=\"232\" srcset=\"https:\/\/www.pressenza.com\/wp-content\/uploads\/2025\/10\/festival-820x232.jpeg 820w, https:\/\/www.pressenza.com\/wp-content\/uploads\/2025\/10\/festival-300x85.jpeg 300w, https:\/\/www.pressenza.com\/wp-content\/uploads\/2025\/10\/festival.jpeg 1600w\" sizes=\"auto, (max-width: 820px) 100vw, 820px\" \/><\/p>\n<div class=\"col-auto ms-auto p-0\">\n<p><b>Controvento .. . a gonfie vele<\/b><\/p>\n<p><strong>29 aprile 2026 <\/strong><a href=\"https:\/\/www.google.com\/maps\/search\/?api=1&amp;hl=it_IT&amp;query=Piazza+Fontana%2C+Taranto+\"><span style=\"font-weight: 400;\">Piazza Fontana, Taranto (TA)<\/span><\/a><i><span style=\"font-weight: 400;\"> Zona antistante Ristorante &#8220;Gente di Mare&#8221; Taranto Citt\u00e0 vecchia<\/span><\/i><\/p>\n<p><span style=\"font-weight: 400;\">Questi gli eventi che accompagneranno la partenza della Ghassan Kanafani da Taranto e l&#8217;inizio della missione<\/span><span style=\"font-weight: 400;\"><br \/>\n<\/span><b><i>100 PORTI 100 CITT\u00c0.<\/i><\/b><\/p>\n<p><span style=\"font-weight: 400;\">Le quattro giornate di: <\/span><b><i>CONTROVENTO&#8230;A GONFIE VELE<\/i><\/b><\/p>\n<p><b>Mercoled\u00ec 29 aprile<\/b><b><br \/>\n<\/b><span style=\"font-weight: 400;\">dalle ore 19:00 alle ore 23:45<\/span><span style=\"font-weight: 400;\"><br \/>\n<\/span><span style=\"font-weight: 400;\">Presentazione delle mostre e delle opere d&#8217;arte<\/span><span style=\"font-weight: 400;\"><br \/>\n<\/span><span style=\"font-weight: 400;\">che ci accompagneranno per le quattro giornate.<\/span><span style=\"font-weight: 400;\"><br \/>\n<\/span><span style=\"font-weight: 400;\">Dibattito: SANIT\u00c0 IN PALESTINA<\/span><span style=\"font-weight: 400;\"><br \/>\n<\/span><span style=\"font-weight: 400;\">Contributi Artistici Liberi.<\/span><\/p>\n<p><b>Gioved\u00ec 30 aprile <\/b><b><br \/>\n<\/b><span style=\"font-weight: 400;\">dalle ore 19:00 alle ore 23:45<\/span><span style=\"font-weight: 400;\"><br \/>\n<\/span><span style=\"font-weight: 400;\">Dibattito: PRIGIONIERI POLITICI PALESTINESI<\/span><span style=\"font-weight: 400;\"><br \/>\n<\/span><span style=\"font-weight: 400;\">Contributi Artistici Liberi<\/span><\/p>\n<p><b>Venerd\u00ec 1 maggio<\/b><b><br \/>\n<\/b><span style=\"font-weight: 400;\">dalle ore 12:00 alle ore 17:00<\/span><span style=\"font-weight: 400;\"><br \/>\n<\/span><span style=\"font-weight: 400;\">Dibattito: GUERRA, RIARMO e DIRITTI DEI LAVORATORI<\/span><span style=\"font-weight: 400;\"><br \/>\n<\/span><span style=\"font-weight: 400;\">Estrazione numeri vincenti<\/span><\/p>\n<p><b>Sabato 2 maggio<\/b><b><br \/>\n<\/b><span style=\"font-weight: 400;\">dalle ore 9:30 alla PARTENZA della KANAFANI.<\/span><\/p>\n<p><span style=\"font-weight: 400;\">\u00a0Taranto avr\u00e0 un grande privilegio,<\/span><span style=\"font-weight: 400;\"><br \/>\n<\/span><span style=\"font-weight: 400;\">sar\u00e0 la citt\u00e0 che dar\u00e0 inizio ad una importante missione<\/span><span style=\"font-weight: 400;\"><br \/>\n<\/span><span style=\"font-weight: 400;\">che coinvolger\u00e0 tutta l&#8217;Italia<\/span><span style=\"font-weight: 400;\"><br \/>\n<\/span><span style=\"font-weight: 400;\">ed unir\u00e0 sempre di pi\u00f9<\/span><span style=\"font-weight: 400;\"><br \/>\n<\/span><span style=\"font-weight: 400;\">il popolo palestinese a quello italiano.<\/span><\/p>\n<p>&nbsp;<\/p>\n<p><b>Giornate Globali di azione contro le spese militari<\/b><\/p>\n<h4><span style=\"font-weight: 400;\">Le Giornate Globali di azione contro le spese militari 2026 si svolgeranno dal 10 aprile al 9 maggio<\/span><\/h4>\n<p><span style=\"font-weight: 400;\">La guerra e i conflitti si diffondono come un incendio sotto questa (non cos\u00ec nuova) legge del pi\u00f9 forte imposta da Paesi come gli Stati Uniti o Israele. In risposta, molti governi nel mondo sembrano allinearsi a questa tendenza, scegliendo di aumentare le proprie spese militari anzich\u00e9 percorrere strade alternative.<\/span> <span style=\"font-weight: 400;\">Dal 10 aprile al 9 maggio si svolger\u00e0 la 15\u00aa edizione delle Giornate Globali di Azione contro le Spese Militari (GDAMS), che potrebbe rivelarsi l\u2019edizione pi\u00f9 importante di sempre<\/span><span style=\"font-weight: 400;\">. Se sei contrario alla guerra e alla militarizzazione e credi in alternative fondate sulla pace e la giustizia, unisciti a noi in queste #GDAMS e chiedi tagli sostanziali alle spese militari!<\/span> <span style=\"font-weight: 400;\">Puoi partecipare organizzando una tua iniziativa o supportando le azioni che si svolgeranno in tutto il mondo. Restate sintonizzati, condividete con altri e seguite il nostro profilo per gli ultimi aggiornamenti!<\/span> <span style=\"font-weight: 400;\">Le GDAMS 2026 includeranno:<\/span><\/p>\n<ul>\n<li style=\"font-weight: 400;\" aria-level=\"1\"><i><span style=\"font-weight: 400;\">10 aprile: Evento di lancio delle GDAMS<\/span><\/i><\/li>\n<li style=\"font-weight: 400;\" aria-level=\"1\"><i><span style=\"font-weight: 400;\">15 aprile: Tax Day negli USA (Giorno delle tasse)<\/span><\/i><\/li>\n<li style=\"font-weight: 400;\" aria-level=\"1\"><i><span style=\"font-weight: 400;\">22 aprile: Giornata della Terra<\/span><\/i><\/li>\n<li style=\"font-weight: 400;\" aria-level=\"1\"><i><span style=\"font-weight: 400;\">27 aprile: Pubblicazione dei nuovi dati SIPRI sulle spese militari (dati relativi al 2025)<\/span><\/i><\/li>\n<li style=\"font-weight: 400;\" aria-level=\"1\"><i><span style=\"font-weight: 400;\">9 maggio: Giornata europea della pace<\/span><\/i><\/li>\n<\/ul>\n<p><span style=\"font-weight: 400;\">Il nostro Appello 2026 \u00e8 aperto alle adesioni (solo per organizzazioni)<\/span> <span style=\"font-weight: 400;\">Puoi <\/span><a href=\"https:\/\/actionnetwork.org\/forms\/gdams-2026-appeal-a-call-to-action-against-global-militarization\"><span style=\"font-weight: 400;\">firmarlo qui<\/span><\/a><\/p>\n<p>&nbsp;<\/p>\n<\/div>\n<div class=\"col-auto ms-auto p-0\">\n<div class=\"d-flex gap-3 align-items-center\">\n<p><b>Earth is our home<\/b><\/p>\n<p><b>2 maggio ore 17:00 <\/b><a href=\"https:\/\/www.google.com\/maps\/search\/?api=1&amp;hl=it_IT&amp;query=Piazza+Indipendenza+2%2C+Castions+di+Zoppola\"><span style=\"font-weight: 400;\">Piazza Indipendenza 2, Castions di Zoppola (PN)<\/span><\/a><\/p>\n<p><i><span style=\"font-weight: 400;\">Prendere l&#8217;autostrada per Trieste, poi prendere l&#8217;uscita per Pordenone.<\/span><\/i><\/p>\n<p><span style=\"font-weight: 400;\">Il 2 maggio prossimo alle ore 17,00 verr\u00e0 inaugurata la Mostra Internazionale d\u2019Arte Aniconica \u201cEarth is our home\u201d presso la Galleria Civica Costantini a Castions di Zoppola \u2013 Pordenone, curatore Livio Lopedote. Alla mostra parteciperanno dodici artisti professionisti del Gruppo Aniconico Pathos, ognuno con almeno quattro lavori assolutamente astratti, per un totale di 52 opere. I dodici artisti sono: Chinhung lee (Taiwan), Diana Meihing Lo (Hong Kong), Gianfranco Tonin (Italia), Gianluca Gualandi (Italia), Giuliano De Luca (Italia), Izumi Tamai (Giappone), Kazuyuki Uno (Giappone), Livio Lopedote (Italia), Luciano Bellet (Italia), Mami Kawasaki (Giappone), Moontae Kim (Sud Corea) e Susumu Ohira (Giappone). La mostra sar\u00e0 ampiamente presentata dalla Dott.ssa Laura Camelia Stoica, presidente dell\u2019Associazione Echo, nonch\u00e9 critica e storica dell\u2019Arte. L\u2019evento si caratterizza per il confronto d\u2019Arte Astratta proveniente da paesi diversi dove l\u2019influenza di cultura, religione ed abitudini differenti giocano un ruolo importante che si evidenzia nelle varie realizzazioni degli artisti invitati. Massimiliano Reggiani, curatore e critico d\u2019Arte, che ha realizzato all\u2019interno del catalogo un\u2019interessante analisi critica, usa la parola Empatia, espressione potenzialmente universale, percepita da tutti, dove ognuno si ritrova. Il tema della mostra \u00e8 incentrato sull\u2019ecologia, rispetto della natura, delle persone e della pace: tema universalmente molto sentito. Come filo conduttore potremmo usare la parola rispetto, dove ogni artista l\u2019ha interpretata a suo modo, senza alcuna costrizione di sorta, realizzando proprie creazioni artistiche originali ed uniche. Vorrei aggiungere, come curatore, che nel panorama degli eventi di pittura, Earth is our home, rappresenta una rarit\u00e0 da ammirare, studiare e gustarla appieno. Auguro a tutti una buona visione.<\/span><\/p>\n<p><span style=\"font-weight: 400;\">Per maggiori informazioni:<\/span><\/p>\n<p><span style=\"font-weight: 400;\">Livio Lopedote <\/span><a href=\"mailto:livio.lopedote1@gmail.com\"><span style=\"font-weight: 400;\">livio.lopedote1@gmail.com<\/span><\/a><\/p>\n<\/div>\n<p><b>Mostra interattiva pace e nonviolenza attiva ora!<\/b><\/p>\n<p><span style=\"font-weight: 400;\">Un&#8217;iniziativa dedicata alla promozione della nonviolenza attiva e della cultura di pace nella nostra comunit\u00e0.<\/span><\/p>\n<p><span style=\"font-weight: 400;\">Biblioteca Comunale Gallicano \u2013 locali CIAF La mostra sar\u00e0 poi visitabile fino a fine febbraio 2026. La mostra \u00e8 organizzata da\u00a0 Il Team Organizzativo COPEUU Italia\u00a0 Corrente Pedagogica Umanista Universalista con la collaborazione di: La Comunit\u00e0, Centro Estudios Humanistas Nuevo Civilizacion. Con il Patrocinio del Comune di Gallicano.<\/span><\/p>\n<\/div>\n","protected":false},"excerpt":{"rendered":"<p>\u00a0Bollettino di informazione della redazione di Pressenza sugli eventi della prossima settimana. Inviare le notizie a redazioneitalia@pressenza.com entro la domenica prima dell\u2019evento. Mappa dei presidi, incontri e cortei periodici per la pace https:\/\/shorturl.at\/pWPkJ &nbsp; Per segnalare il proprio presidio o&hellip;<\/p>\n","protected":false},"author":594,"featured_media":2577631,"comment_status":"closed","ping_status":"closed","sticky":false,"template":"","format":"standard","meta":{"footnotes":""},"categories":[56],"tags":[4339],"class_list":["post-2695891","post","type-post","status-publish","format-standard","has-post-thumbnail","hentry","category-cultura","tag-eventi"],"yoast_head":"<!-- This site is optimized with the Yoast SEO plugin v27.1.1 - https:\/\/yoast.com\/product\/yoast-seo-wordpress\/ -->\n<title>Prossimo futuro n. 272 27 aprile - 3 maggio<\/title>\n<meta name=\"description\" content=\"\u00a0Bollettino di informazione della redazione di Pressenza sugli eventi della prossima settimana. Inviare le notizie a redazioneitalia@pressenza.com entro\" \/>\n<meta name=\"robots\" content=\"index, follow, max-snippet:-1, max-image-preview:large, max-video-preview:-1\" \/>\n<link rel=\"canonical\" href=\"https:\/\/www.pressenza.com\/it\/2026\/04\/prossimo-futuro-n-272-27-aprile-3-maggio\/\" \/>\n<meta property=\"og:locale\" content=\"it_IT\" \/>\n<meta property=\"og:type\" content=\"article\" \/>\n<meta property=\"og:title\" content=\"Prossimo futuro n. 272 27 aprile - 3 maggio\" \/>\n<meta property=\"og:description\" content=\"\u00a0Bollettino di informazione della redazione di Pressenza sugli eventi della prossima settimana. Inviare le notizie a redazioneitalia@pressenza.com entro\" \/>\n<meta property=\"og:url\" content=\"https:\/\/www.pressenza.com\/it\/2026\/04\/prossimo-futuro-n-272-27-aprile-3-maggio\/\" \/>\n<meta property=\"og:site_name\" content=\"Pressenza\" \/>\n<meta property=\"article:publisher\" content=\"https:\/\/www.facebook.com\/PressenzaItalia\" \/>\n<meta property=\"article:author\" content=\"https:\/\/www.facebook.com\/PressenzaItalia\" \/>\n<meta property=\"article:published_time\" content=\"2026-04-27T12:35:49+00:00\" \/>\n<meta property=\"article:modified_time\" content=\"2026-04-27T12:37:39+00:00\" \/>\n<meta property=\"og:image\" content=\"https:\/\/www.pressenza.com\/wp-content\/uploads\/2025\/01\/manifestazione-per-la-pace-danielamusumeci.jpeg\" \/>\n\t<meta property=\"og:image:width\" content=\"850\" \/>\n\t<meta property=\"og:image:height\" content=\"482\" \/>\n\t<meta property=\"og:image:type\" content=\"image\/jpeg\" \/>\n<meta name=\"author\" content=\"Redazione Italia\" \/>\n<meta name=\"twitter:card\" content=\"summary_large_image\" \/>\n<meta name=\"twitter:creator\" content=\"@pressenza_it\" \/>\n<meta name=\"twitter:site\" content=\"@PressenzaIPA\" \/>\n<meta name=\"twitter:label1\" content=\"Scritto da\" \/>\n\t<meta name=\"twitter:data1\" content=\"Redazione Italia\" \/>\n\t<meta name=\"twitter:label2\" content=\"Tempo di lettura stimato\" \/>\n\t<meta name=\"twitter:data2\" content=\"10 minuti\" \/>\n<script type=\"application\/ld+json\" class=\"yoast-schema-graph\">{\"@context\":\"https:\/\/schema.org\",\"@graph\":[{\"@type\":\"Article\",\"@id\":\"https:\/\/www.pressenza.com\/it\/2026\/04\/prossimo-futuro-n-272-27-aprile-3-maggio\/#article\",\"isPartOf\":{\"@id\":\"https:\/\/www.pressenza.com\/it\/2026\/04\/prossimo-futuro-n-272-27-aprile-3-maggio\/\"},\"author\":{\"name\":\"Redazione Italia\",\"@id\":\"https:\/\/www.pressenza.com\/it\/#\/schema\/person\/d983e81827ae24f2c7b1a2123d197f8d\"},\"headline\":\"Prossimo futuro n. 272 27 aprile &#8211; 3 maggio\",\"datePublished\":\"2026-04-27T12:35:49+00:00\",\"dateModified\":\"2026-04-27T12:37:39+00:00\",\"mainEntityOfPage\":{\"@id\":\"https:\/\/www.pressenza.com\/it\/2026\/04\/prossimo-futuro-n-272-27-aprile-3-maggio\/\"},\"wordCount\":1690,\"publisher\":{\"@id\":\"https:\/\/www.pressenza.com\/it\/#organization\"},\"image\":{\"@id\":\"https:\/\/www.pressenza.com\/it\/2026\/04\/prossimo-futuro-n-272-27-aprile-3-maggio\/#primaryimage\"},\"thumbnailUrl\":\"https:\/\/www.pressenza.com\/wp-content\/uploads\/2025\/01\/manifestazione-per-la-pace-danielamusumeci.jpeg\",\"keywords\":[\"eventi\"],\"articleSection\":[\"Cultura e Media\"],\"inLanguage\":\"it-IT\"},{\"@type\":\"WebPage\",\"@id\":\"https:\/\/www.pressenza.com\/it\/2026\/04\/prossimo-futuro-n-272-27-aprile-3-maggio\/\",\"url\":\"https:\/\/www.pressenza.com\/it\/2026\/04\/prossimo-futuro-n-272-27-aprile-3-maggio\/\",\"name\":\"Prossimo futuro n. 272 27 aprile - 3 maggio\",\"isPartOf\":{\"@id\":\"https:\/\/www.pressenza.com\/it\/#website\"},\"primaryImageOfPage\":{\"@id\":\"https:\/\/www.pressenza.com\/it\/2026\/04\/prossimo-futuro-n-272-27-aprile-3-maggio\/#primaryimage\"},\"image\":{\"@id\":\"https:\/\/www.pressenza.com\/it\/2026\/04\/prossimo-futuro-n-272-27-aprile-3-maggio\/#primaryimage\"},\"thumbnailUrl\":\"https:\/\/www.pressenza.com\/wp-content\/uploads\/2025\/01\/manifestazione-per-la-pace-danielamusumeci.jpeg\",\"datePublished\":\"2026-04-27T12:35:49+00:00\",\"dateModified\":\"2026-04-27T12:37:39+00:00\",\"description\":\"\u00a0Bollettino di informazione della redazione di Pressenza sugli eventi della prossima settimana. Inviare le notizie a redazioneitalia@pressenza.com entro\",\"breadcrumb\":{\"@id\":\"https:\/\/www.pressenza.com\/it\/2026\/04\/prossimo-futuro-n-272-27-aprile-3-maggio\/#breadcrumb\"},\"inLanguage\":\"it-IT\",\"potentialAction\":[{\"@type\":\"ReadAction\",\"target\":[\"https:\/\/www.pressenza.com\/it\/2026\/04\/prossimo-futuro-n-272-27-aprile-3-maggio\/\"]}]},{\"@type\":\"ImageObject\",\"inLanguage\":\"it-IT\",\"@id\":\"https:\/\/www.pressenza.com\/it\/2026\/04\/prossimo-futuro-n-272-27-aprile-3-maggio\/#primaryimage\",\"url\":\"https:\/\/www.pressenza.com\/wp-content\/uploads\/2025\/01\/manifestazione-per-la-pace-danielamusumeci.jpeg\",\"contentUrl\":\"https:\/\/www.pressenza.com\/wp-content\/uploads\/2025\/01\/manifestazione-per-la-pace-danielamusumeci.jpeg\",\"width\":850,\"height\":482},{\"@type\":\"BreadcrumbList\",\"@id\":\"https:\/\/www.pressenza.com\/it\/2026\/04\/prossimo-futuro-n-272-27-aprile-3-maggio\/#breadcrumb\",\"itemListElement\":[{\"@type\":\"ListItem\",\"position\":1,\"name\":\"Accueil\",\"item\":\"https:\/\/www.pressenza.com\/it\/\"},{\"@type\":\"ListItem\",\"position\":2,\"name\":\"Prossimo futuro n. 272 27 aprile &#8211; 3 maggio\"}]},{\"@type\":\"WebSite\",\"@id\":\"https:\/\/www.pressenza.com\/it\/#website\",\"url\":\"https:\/\/www.pressenza.com\/it\/\",\"name\":\"Pressenza\",\"description\":\"Agenzia di Stampa Internazionale\",\"publisher\":{\"@id\":\"https:\/\/www.pressenza.com\/it\/#organization\"},\"potentialAction\":[{\"@type\":\"SearchAction\",\"target\":{\"@type\":\"EntryPoint\",\"urlTemplate\":\"https:\/\/www.pressenza.com\/it\/?s={search_term_string}\"},\"query-input\":{\"@type\":\"PropertyValueSpecification\",\"valueRequired\":true,\"valueName\":\"search_term_string\"}}],\"inLanguage\":\"it-IT\"},{\"@type\":\"Organization\",\"@id\":\"https:\/\/www.pressenza.com\/it\/#organization\",\"name\":\"Pressenza\",\"url\":\"https:\/\/www.pressenza.com\/it\/\",\"logo\":{\"@type\":\"ImageObject\",\"inLanguage\":\"it-IT\",\"@id\":\"https:\/\/www.pressenza.com\/it\/#\/schema\/logo\/image\/\",\"url\":\"https:\/\/www.pressenza.com\/wp-content\/uploads\/2022\/10\/pressenza_logo_200x200.jpg\",\"contentUrl\":\"https:\/\/www.pressenza.com\/wp-content\/uploads\/2022\/10\/pressenza_logo_200x200.jpg\",\"width\":200,\"height\":200,\"caption\":\"Pressenza\"},\"image\":{\"@id\":\"https:\/\/www.pressenza.com\/it\/#\/schema\/logo\/image\/\"},\"sameAs\":[\"https:\/\/www.facebook.com\/PressenzaItalia\",\"https:\/\/x.com\/PressenzaIPA\"]},{\"@type\":\"Person\",\"@id\":\"https:\/\/www.pressenza.com\/it\/#\/schema\/person\/d983e81827ae24f2c7b1a2123d197f8d\",\"name\":\"Redazione Italia\",\"description\":\"News from the Pressenza Bureau in Italy\",\"sameAs\":[\"https:\/\/www.pressenza.com\/it\/author\/redazione-italia\/\",\"https:\/\/www.facebook.com\/PressenzaItalia\",\"https:\/\/www.instagram.com\/pressenza_italia\/\",\"https:\/\/x.com\/pressenza_it\",\"https:\/\/www.youtube.com\/channel\/UCSalEIWjE1RSxkwjfftFuqg\"],\"url\":\"https:\/\/www.pressenza.com\/it\/author\/redazione-italia\/\"}]}<\/script>\n<!-- \/ Yoast SEO plugin. -->","yoast_head_json":{"title":"Prossimo futuro n. 272 27 aprile - 3 maggio","description":"\u00a0Bollettino di informazione della redazione di Pressenza sugli eventi della prossima settimana. Inviare le notizie a redazioneitalia@pressenza.com entro","robots":{"index":"index","follow":"follow","max-snippet":"max-snippet:-1","max-image-preview":"max-image-preview:large","max-video-preview":"max-video-preview:-1"},"canonical":"https:\/\/www.pressenza.com\/it\/2026\/04\/prossimo-futuro-n-272-27-aprile-3-maggio\/","og_locale":"it_IT","og_type":"article","og_title":"Prossimo futuro n. 272 27 aprile - 3 maggio","og_description":"\u00a0Bollettino di informazione della redazione di Pressenza sugli eventi della prossima settimana. Inviare le notizie a redazioneitalia@pressenza.com entro","og_url":"https:\/\/www.pressenza.com\/it\/2026\/04\/prossimo-futuro-n-272-27-aprile-3-maggio\/","og_site_name":"Pressenza","article_publisher":"https:\/\/www.facebook.com\/PressenzaItalia","article_author":"https:\/\/www.facebook.com\/PressenzaItalia","article_published_time":"2026-04-27T12:35:49+00:00","article_modified_time":"2026-04-27T12:37:39+00:00","og_image":[{"width":850,"height":482,"url":"https:\/\/www.pressenza.com\/wp-content\/uploads\/2025\/01\/manifestazione-per-la-pace-danielamusumeci.jpeg","type":"image\/jpeg"}],"author":"Redazione Italia","twitter_card":"summary_large_image","twitter_creator":"@pressenza_it","twitter_site":"@PressenzaIPA","twitter_misc":{"Scritto da":"Redazione Italia","Tempo di lettura stimato":"10 minuti"},"schema":{"@context":"https:\/\/schema.org","@graph":[{"@type":"Article","@id":"https:\/\/www.pressenza.com\/it\/2026\/04\/prossimo-futuro-n-272-27-aprile-3-maggio\/#article","isPartOf":{"@id":"https:\/\/www.pressenza.com\/it\/2026\/04\/prossimo-futuro-n-272-27-aprile-3-maggio\/"},"author":{"name":"Redazione Italia","@id":"https:\/\/www.pressenza.com\/it\/#\/schema\/person\/d983e81827ae24f2c7b1a2123d197f8d"},"headline":"Prossimo futuro n. 272 27 aprile &#8211; 3 maggio","datePublished":"2026-04-27T12:35:49+00:00","dateModified":"2026-04-27T12:37:39+00:00","mainEntityOfPage":{"@id":"https:\/\/www.pressenza.com\/it\/2026\/04\/prossimo-futuro-n-272-27-aprile-3-maggio\/"},"wordCount":1690,"publisher":{"@id":"https:\/\/www.pressenza.com\/it\/#organization"},"image":{"@id":"https:\/\/www.pressenza.com\/it\/2026\/04\/prossimo-futuro-n-272-27-aprile-3-maggio\/#primaryimage"},"thumbnailUrl":"https:\/\/www.pressenza.com\/wp-content\/uploads\/2025\/01\/manifestazione-per-la-pace-danielamusumeci.jpeg","keywords":["eventi"],"articleSection":["Cultura e Media"],"inLanguage":"it-IT"},{"@type":"WebPage","@id":"https:\/\/www.pressenza.com\/it\/2026\/04\/prossimo-futuro-n-272-27-aprile-3-maggio\/","url":"https:\/\/www.pressenza.com\/it\/2026\/04\/prossimo-futuro-n-272-27-aprile-3-maggio\/","name":"Prossimo futuro n. 272 27 aprile - 3 maggio","isPartOf":{"@id":"https:\/\/www.pressenza.com\/it\/#website"},"primaryImageOfPage":{"@id":"https:\/\/www.pressenza.com\/it\/2026\/04\/prossimo-futuro-n-272-27-aprile-3-maggio\/#primaryimage"},"image":{"@id":"https:\/\/www.pressenza.com\/it\/2026\/04\/prossimo-futuro-n-272-27-aprile-3-maggio\/#primaryimage"},"thumbnailUrl":"https:\/\/www.pressenza.com\/wp-content\/uploads\/2025\/01\/manifestazione-per-la-pace-danielamusumeci.jpeg","datePublished":"2026-04-27T12:35:49+00:00","dateModified":"2026-04-27T12:37:39+00:00","description":"\u00a0Bollettino di informazione della redazione di Pressenza sugli eventi della prossima settimana. Inviare le notizie a redazioneitalia@pressenza.com entro","breadcrumb":{"@id":"https:\/\/www.pressenza.com\/it\/2026\/04\/prossimo-futuro-n-272-27-aprile-3-maggio\/#breadcrumb"},"inLanguage":"it-IT","potentialAction":[{"@type":"ReadAction","target":["https:\/\/www.pressenza.com\/it\/2026\/04\/prossimo-futuro-n-272-27-aprile-3-maggio\/"]}]},{"@type":"ImageObject","inLanguage":"it-IT","@id":"https:\/\/www.pressenza.com\/it\/2026\/04\/prossimo-futuro-n-272-27-aprile-3-maggio\/#primaryimage","url":"https:\/\/www.pressenza.com\/wp-content\/uploads\/2025\/01\/manifestazione-per-la-pace-danielamusumeci.jpeg","contentUrl":"https:\/\/www.pressenza.com\/wp-content\/uploads\/2025\/01\/manifestazione-per-la-pace-danielamusumeci.jpeg","width":850,"height":482},{"@type":"BreadcrumbList","@id":"https:\/\/www.pressenza.com\/it\/2026\/04\/prossimo-futuro-n-272-27-aprile-3-maggio\/#breadcrumb","itemListElement":[{"@type":"ListItem","position":1,"name":"Accueil","item":"https:\/\/www.pressenza.com\/it\/"},{"@type":"ListItem","position":2,"name":"Prossimo futuro n. 272 27 aprile &#8211; 3 maggio"}]},{"@type":"WebSite","@id":"https:\/\/www.pressenza.com\/it\/#website","url":"https:\/\/www.pressenza.com\/it\/","name":"Pressenza","description":"Agenzia di Stampa Internazionale","publisher":{"@id":"https:\/\/www.pressenza.com\/it\/#organization"},"potentialAction":[{"@type":"SearchAction","target":{"@type":"EntryPoint","urlTemplate":"https:\/\/www.pressenza.com\/it\/?s={search_term_string}"},"query-input":{"@type":"PropertyValueSpecification","valueRequired":true,"valueName":"search_term_string"}}],"inLanguage":"it-IT"},{"@type":"Organization","@id":"https:\/\/www.pressenza.com\/it\/#organization","name":"Pressenza","url":"https:\/\/www.pressenza.com\/it\/","logo":{"@type":"ImageObject","inLanguage":"it-IT","@id":"https:\/\/www.pressenza.com\/it\/#\/schema\/logo\/image\/","url":"https:\/\/www.pressenza.com\/wp-content\/uploads\/2022\/10\/pressenza_logo_200x200.jpg","contentUrl":"https:\/\/www.pressenza.com\/wp-content\/uploads\/2022\/10\/pressenza_logo_200x200.jpg","width":200,"height":200,"caption":"Pressenza"},"image":{"@id":"https:\/\/www.pressenza.com\/it\/#\/schema\/logo\/image\/"},"sameAs":["https:\/\/www.facebook.com\/PressenzaItalia","https:\/\/x.com\/PressenzaIPA"]},{"@type":"Person","@id":"https:\/\/www.pressenza.com\/it\/#\/schema\/person\/d983e81827ae24f2c7b1a2123d197f8d","name":"Redazione Italia","description":"News from the Pressenza Bureau in Italy","sameAs":["https:\/\/www.pressenza.com\/it\/author\/redazione-italia\/","https:\/\/www.facebook.com\/PressenzaItalia","https:\/\/www.instagram.com\/pressenza_italia\/","https:\/\/x.com\/pressenza_it","https:\/\/www.youtube.com\/channel\/UCSalEIWjE1RSxkwjfftFuqg"],"url":"https:\/\/www.pressenza.com\/it\/author\/redazione-italia\/"}]}},"place":"Italia","original_article_url":"","_links":{"self":[{"href":"https:\/\/www.pressenza.com\/it\/wp-json\/wp\/v2\/posts\/2695891","targetHints":{"allow":["GET"]}}],"collection":[{"href":"https:\/\/www.pressenza.com\/it\/wp-json\/wp\/v2\/posts"}],"about":[{"href":"https:\/\/www.pressenza.com\/it\/wp-json\/wp\/v2\/types\/post"}],"author":[{"embeddable":true,"href":"https:\/\/www.pressenza.com\/it\/wp-json\/wp\/v2\/users\/594"}],"replies":[{"embeddable":true,"href":"https:\/\/www.pressenza.com\/it\/wp-json\/wp\/v2\/comments?post=2695891"}],"version-history":[{"count":4,"href":"https:\/\/www.pressenza.com\/it\/wp-json\/wp\/v2\/posts\/2695891\/revisions"}],"predecessor-version":[{"id":2695895,"href":"https:\/\/www.pressenza.com\/it\/wp-json\/wp\/v2\/posts\/2695891\/revisions\/2695895"}],"wp:featuredmedia":[{"embeddable":true,"href":"https:\/\/www.pressenza.com\/it\/wp-json\/wp\/v2\/media\/2577631"}],"wp:attachment":[{"href":"https:\/\/www.pressenza.com\/it\/wp-json\/wp\/v2\/media?parent=2695891"}],"wp:term":[{"taxonomy":"category","embeddable":true,"href":"https:\/\/www.pressenza.com\/it\/wp-json\/wp\/v2\/categories?post=2695891"},{"taxonomy":"post_tag","embeddable":true,"href":"https:\/\/www.pressenza.com\/it\/wp-json\/wp\/v2\/tags?post=2695891"}],"curies":[{"name":"wp","href":"https:\/\/api.w.org\/{rel}","templated":true}]}}