{"id":2695857,"date":"2026-04-27T10:20:36","date_gmt":"2026-04-27T09:20:36","guid":{"rendered":"https:\/\/www.pressenza.com\/?p=2695857"},"modified":"2026-04-27T10:46:43","modified_gmt":"2026-04-27T09:46:43","slug":"a-santa-marta-le-donne-indicano-la-trasformazione-oltre-il-fossile","status":"publish","type":"post","link":"https:\/\/www.pressenza.com\/it\/2026\/04\/a-santa-marta-le-donne-indicano-la-trasformazione-oltre-il-fossile\/","title":{"rendered":"A Santa Marta le donne indicano la trasformazione oltre il fossile"},"content":{"rendered":"<p><strong>Alla Conferenza internazionale per l\u2019eliminazione dei combustibili fossili, in corso a Santa Marta, la transizione giusta ha preso la forma concreta delle voci delle donne.<\/strong> Donne indigene, afrodiscendenti, contadine, giovani attiviste, rappresentanti dei territori e dei movimenti per la giustizia ecologica e ambientale hanno riportato al centro del dibattito una questione politica essenziale: uscire dal carbone, dal petrolio e dal gas non pu\u00f2 significare semplicemente cambiare tecnologia, sostituendo un modello estrattivo con un altro. Deve voler dire <strong>trasformare i rapporti di potere<\/strong>, restituire voce alle comunit\u00e0 e riconoscere che i territori non sono zone di sacrificio, ma luoghi di vita, memoria e futuro.<\/p>\n<p><img loading=\"lazy\" decoding=\"async\" class=\"alignnone size-large wp-image-2695862\" src=\"https:\/\/www.pressenza.com\/wp-content\/uploads\/2026\/04\/donne-striscione-820x569.jpg\" alt=\"\" width=\"820\" height=\"569\" srcset=\"https:\/\/www.pressenza.com\/wp-content\/uploads\/2026\/04\/donne-striscione-820x569.jpg 820w, https:\/\/www.pressenza.com\/wp-content\/uploads\/2026\/04\/donne-striscione-300x208.jpg 300w, https:\/\/www.pressenza.com\/wp-content\/uploads\/2026\/04\/donne-striscione.jpg 1920w\" sizes=\"auto, (max-width: 820px) 100vw, 820px\" \/><\/p>\n<p><img loading=\"lazy\" decoding=\"async\" class=\"alignnone size-large wp-image-2695863\" src=\"https:\/\/www.pressenza.com\/wp-content\/uploads\/2026\/04\/donne-trattato-820x542.jpg\" alt=\"\" width=\"820\" height=\"542\" srcset=\"https:\/\/www.pressenza.com\/wp-content\/uploads\/2026\/04\/donne-trattato-820x542.jpg 820w, https:\/\/www.pressenza.com\/wp-content\/uploads\/2026\/04\/donne-trattato-300x198.jpg 300w, https:\/\/www.pressenza.com\/wp-content\/uploads\/2026\/04\/donne-trattato.jpg 1547w\" sizes=\"auto, (max-width: 820px) 100vw, 820px\" \/><\/p>\n<p>Il punto di partenza del confronto \u00e8 stato proprio <strong>l\u2019allargamento del concetto di \u201ctransizione giusta\u201d<\/strong>. Nato nel movimento sindacale per garantire diritti e lavoro nella riconversione energetica, oggi questo paradigma viene rivendicato dalle comunit\u00e0 pi\u00f9 esposte sui territori come qualcosa di pi\u00f9 profondo: non solo tutela occupazionale, ma giustizia climatica, di genere, diritti territoriali, autodeterminazione, cura, riparazione e democrazia energetica. Le comunit\u00e0, \u00e8 stato detto, non devono essere consultate a posteriori, quando i progetti sono gi\u00e0 decisi, ma devono avere potere reale sulle scelte che riguardano energia, suolo, acqua e futuro dei territori in cui vivono.<\/p>\n<p>Yuvelis Morales Blanco, dell\u2019Alianza Colombia Libre de Fracking, ha riportato il dibattito al Magdalena Medio, a Puerto Wilches, dove le comunit\u00e0 hanno resistito all\u2019avanzata del fracking e hanno legato la giustizia energetica alla giustizia di genere e territoriale. La domanda posta dal territorio \u00e8 semplice e radicale: perch\u00e9 ogni volta che arriva un progetto estrattivo i diritti sembrano diventare negoziabili? L\u2019acqua, l\u2019aria, la libert\u00e0 delle donne, la possibilit\u00e0 di vivere in pace non possono essere il prezzo del cosiddetto sviluppo. In un Paese che produce petrolio, estrae carbone e gas, Santa Marta diventa cos\u00ec il luogo in cui affermare che un <strong>futuro post-fossile non \u00e8 un\u2019utopia astratta, ma una costruzione gi\u00e0 in corso nelle comunit\u00e0.<\/strong><\/p>\n<p>Dal continente africano, Sabla Samuel, del Fossil Fuel Treaty, ha mostrato come questa stessa contraddizione attraversi altri territori del Sud globale. <strong>In Africa,<\/strong> ha ricordato, grandi compagnie straniere continuano a estrarre ricchezza ed energia mentre centinaia di milioni di persone non hanno accesso all\u2019elettricit\u00e0 o a modalit\u00e0 sicure di cottura degli alimenti. Il modello fossile promette sviluppo, ma lascia debito, inquinamento, povert\u00e0 energetica e servizi pubblici indeboliti. In questo ciclo, sono soprattutto le donne a sostenere il peso del collasso: quando lo Stato arretra, quando la sanit\u00e0 e l\u2019istruzione si svuotano, il lavoro di cura gratuito e invisibile diventa l\u2019ammortizzatore sociale di economie costruite sull\u2019estrazione.<\/p>\n<p>La stessa critica attraversa la discussione sui minerali necessari alla transizione energetica. Le relatrici hanno messo in guardia dal rischio di usare la crisi climatica come nuova giustificazione per espandere miniere, infrastrutture e frontiere estrattive. <strong>La transizione non pu\u00f2 diventare il volto verde della stessa economia coloniale<\/strong>, affermano. Per questo \u00e8 necessario distinguere tra i minerali realmente necessari per garantire accesso universale all\u2019energia rinnovabile e quelli destinati ad alimentare data center, militarizzazione, sovra-consumo e crescita illimitata. Riciclare, riparare, ridurre i consumi dei Paesi ricchi, costruire sistemi energetici decentrati e comunitari: qui si misura la differenza tra una riconversione giusta e un nuovo ciclo di saccheggio.<\/p>\n<p><strong>La voce delle giovani generazioni ha portato nel dibattito un\u2019altra parola: immaginazione<\/strong>. Xiye Bastida, del popolo Otomi-Toltec e cofondatrice della Re-Earth Initiative, ha parlato di \u201cmemorie del futuro\u201d, cio\u00e8 della capacit\u00e0 di immaginare e custodire visioni di un mondo diverso. Un futuro post-fossile \u00e8 un fiume che torna ad avere pesci, una terra bonificata dalle miniere, una comunit\u00e0 che riprende il baratto, una vicina che offre la frutta del proprio albero. Non \u00e8 nostalgia, ma politica: recuperare la possibilit\u00e0 di desiderare un mondo diverso in una generazione cresciuta spesso tra fiumi contaminati, miniere e promesse di collasso. Da questa prospettiva, il fracking \u00e8 stato indicato come una falsa soluzione. Non \u00e8 energia di transizione, ma ulteriore dipendenza dal gas fossile, con impatti pesanti su acqua, salute, sismicit\u00e0 e clima. Il messaggio emerso a Santa Marta \u00e8 netto: carbone, petrolio e gas devono essere affrontati insieme, senza scorciatoie che rimandino l\u2019uscita dal fossile o ne cambino soltanto il linguaggio.<\/p>\n<p><strong>Le voci indigene hanno dato al confronto una profondit\u00e0 spirituale e politica. <\/strong>Casey Camp Hornick, della Ponca Nation, negli Stati Uniti, ha ricordato che i popoli indigeni non si presentano a questi tavoli come semplici parti interessate, ma come titolari di diritti. La Ponca Nation ha sostenuto il Trattato sui combustibili fossili come nazione sovrana e chiede di essere parte dei luoghi in cui si decidono politiche e accordi. Non \u00e8 una richiesta simbolica, ma una condizione democratica: chi ha difeso la terra per generazioni deve poter decidere sul futuro della terra.<\/p>\n<p>Lo stesso principio \u00e8 risuonato nel panel dedicato all\u2019<strong>Amazzonia<\/strong> e ai territori indigeni. \u201cIl sangue della Madre Terra deve rimanere sotto il suolo\u201d non \u00e8 uno slogan, ma una forma di conoscenza, ripetuta da decenni dai popoli che hanno visto arrivare imprese petrolifere, militari, promesse di ricchezza e devastazione. <strong>La difesa dell\u2019Amazzonia \u00e8 stata presentata non solo come tutela di un ecosistema, ma come difesa del cuore vivente del mondo<\/strong>. Dove i governi continuano a proporre nuove concessioni senza consenso, le comunit\u00e0 rispondono rivendicando territori liberi da estrazione e il diritto di decidere.<\/p>\n<p>Dora, Olivia, Abigail, Luane e Hani hanno portato testimonianze diverse ma convergenti. Dai territori U\u2019wa alla nazione Chapra, da Sarayaku all\u2019Amazzonia brasiliana e al Putumayo colombiano, il linguaggio cambia, ma la sostanza resta la stessa: <strong>non pu\u00f2 esserci giustizia climatica senza partecipazione reale dei popoli indigeni, delle donne, dei giovani, delle comunit\u00e0 contadine<\/strong>. Le donne indigene non vogliono essere presenza decorativa nei processi internazionali. Rivendicano il ruolo di chi custodisce vita, memoria, conoscenza e soluzioni. Lo hanno detto con forza: i territori non sono risorse naturali, sono beni di vita. Chiamarli \u201crisorse\u201d significa gi\u00e0 collocarli dentro una logica di consumo e sfruttamento.<\/p>\n<p>In queste parole, la transizione energetica smette di essere un\u2019agenda tecnica e diventa una trasformazione del pensiero. <strong>Non basta cambiare fonte energetica se resta intatto il modo di guardare alla <\/strong><strong>Terra come a un deposito da svuotare.<\/strong> Non basta installare rinnovabili se le comunit\u00e0 vengono escluse, se il consenso viene aggirato, se il potere resta nelle mani delle stesse imprese e degli stessi governi che hanno costruito l\u2019economia fossile. La trasformazione richiesta a Santa Marta riguarda il rapporto tra esseri umani e natura, tra Stato e territori, tra economia e cura, tra memoria ancestrale e scienza.<\/p>\n<p>La conclusione politica \u00e8 arrivata dalle parole di Susana Muhamad, che ha collocato questa discussione dentro un tempo segnato da paura, autoritarismo e privatizzazione del bene comune. Il capitalismo fossile, ha osservato, non produce solo emissioni: produce alienazione, solitudine, perdita di senso, soprattutto tra i giovani. Contro questa deriva non basta denunciare. Bisogna ricostruire speranza, comunit\u00e0 e potere popolare. Serve un potere diverso, capace di empatia, compassione, riconoscimento dell\u2019altro e connessione con la vita.<\/p>\n<p><strong>Per questo Santa Marta non \u00e8 soltanto una conferenza sull\u2019uscita dai combustibili fossili. \u00c8 uno spazio in cui si prova a nominare il mondo che viene dopo: post-fossile, ma anche post-coloniale, post-estrattivo, post-capitalista.<\/strong> Un mondo che, come hanno ricordato le donne dei territori, non deve essere inventato da zero: esiste gi\u00e0 nelle pratiche comunitarie, nei saperi indigeni, nelle resistenze contadine, nelle reti femministe, nei movimenti giovanili, nei popoli che continuano a difendere fiumi, foreste e montagne. La sfida politica, ora, \u00e8 dare forza a queste esperienze, trasformarle in decisioni vincolanti e impedire che la transizione venga sequestrata da chi ha prodotto la crisi.<\/p>\n<p>Francesca Palmi, Gea &#8211; Scuola di Giustizia Ecologica e ambientale<\/p>\n<p><strong>Link agli articoli precedenti:<\/strong><\/p>\n<p><a href=\"https:\/\/www.pressenza.com\/it\/2026\/04\/dal-24-al-29-aprile-si-terra-in-colombia-la-prima-conferenza-internazionale-per-labbandono-dei-combustibili-fossili\/\">https:\/\/www.pressenza.com\/it\/2026\/04\/dal-24-al-29-aprile-si-terra-in-colombia-la-prima-conferenza-internazionale-per-labbandono-dei-combustibili-fossili\/<\/a><\/p>\n<p><a href=\"https:\/\/www.pressenza.com\/it\/2026\/04\/carovana-ecologista-emilia-romagna\/\">https:\/\/www.pressenza.com\/it\/2026\/04\/carovana-ecologista-emilia-romagna\/<\/a><\/p>\n<p><a href=\"https:\/\/www.pressenza.com\/it\/2026\/04\/la-conferenza-di-santa-marta-e-il-legame-tra-combustibili-fossili-armi-e-guerre\/\">https:\/\/www.pressenza.com\/it\/2026\/04\/la-conferenza-di-santa-marta-e-il-legame-tra-combustibili-fossili-armi-e-guerre\/<\/a><\/p>\n<p><a href=\"https:\/\/www.pressenza.com\/it\/2026\/04\/e-iniziata-a-santa-marta-in-colombia-la-conferenza-internazionale-per-leliminazione-dei-combustibili-fossili\/\">https:\/\/www.pressenza.com\/it\/2026\/04\/e-iniziata-a-santa-marta-in-colombia-la-conferenza-internazionale-per-leliminazione-dei-combustibili-fossili\/<\/a><\/p>\n<p><a href=\"https:\/\/www.pressenza.com\/it\/2026\/04\/conferenza-di-santa-marta-il-trattato-sui-combustibili-fossili-come-nuova-frontiera-politica-globale\/\">https:\/\/www.pressenza.com\/it\/2026\/04\/conferenza-di-santa-marta-il-trattato-sui-combustibili-fossili-come-nuova-frontiera-politica-globale\/<\/a><\/p>\n<p>&nbsp;<\/p>\n<p>&nbsp;<\/p>\n","protected":false},"excerpt":{"rendered":"<p>Alla Conferenza internazionale per l\u2019eliminazione dei combustibili fossili, in corso a Santa Marta, la transizione giusta ha preso la forma concreta delle voci delle donne. Donne indigene, afrodiscendenti, contadine, giovani attiviste, rappresentanti dei territori e dei movimenti per la giustizia&hellip;<\/p>\n","protected":false},"author":594,"featured_media":2695861,"comment_status":"closed","ping_status":"closed","sticky":false,"template":"","format":"standard","meta":{"footnotes":""},"categories":[11388,59,54513,46975,61,48],"tags":[4364,155850,568,154675,41758],"class_list":["post-2695857","post","type-post","status-publish","format-standard","has-post-thumbnail","hentry","category-contenuti-originali","category-ambiente-ecologia","category-genere-e-femminismi","category-giovani","category-popoli-aborigeni","category-sud-america","tag-comunita","tag-conferenza-internazionale-per-leliminazione-dei-combustibili-fossili","tag-donne","tag-santa-marta","tag-transizione-energetica"],"yoast_head":"<!-- This site is optimized with the Yoast SEO plugin v27.1.1 - https:\/\/yoast.com\/product\/yoast-seo-wordpress\/ -->\n<title>A Santa Marta le donne indicano la trasformazione oltre il fossile<\/title>\n<meta name=\"description\" content=\"Alla Conferenza internazionale per l\u2019eliminazione dei combustibili fossili, in corso a Santa Marta, la transizione giusta ha preso la forma concreta delle\" \/>\n<meta name=\"robots\" content=\"index, follow, max-snippet:-1, max-image-preview:large, max-video-preview:-1\" \/>\n<link rel=\"canonical\" href=\"https:\/\/www.pressenza.com\/it\/2026\/04\/a-santa-marta-le-donne-indicano-la-trasformazione-oltre-il-fossile\/\" \/>\n<meta property=\"og:locale\" content=\"it_IT\" \/>\n<meta property=\"og:type\" content=\"article\" \/>\n<meta property=\"og:title\" content=\"A Santa Marta le donne indicano la trasformazione oltre il fossile\" \/>\n<meta property=\"og:description\" content=\"Alla Conferenza internazionale per l\u2019eliminazione dei combustibili fossili, in corso a Santa Marta, la transizione giusta ha preso la forma concreta delle\" \/>\n<meta property=\"og:url\" content=\"https:\/\/www.pressenza.com\/it\/2026\/04\/a-santa-marta-le-donne-indicano-la-trasformazione-oltre-il-fossile\/\" \/>\n<meta property=\"og:site_name\" content=\"Pressenza\" \/>\n<meta property=\"article:publisher\" content=\"https:\/\/www.facebook.com\/PressenzaItalia\" \/>\n<meta property=\"article:author\" content=\"https:\/\/www.facebook.com\/PressenzaItalia\" \/>\n<meta property=\"article:published_time\" content=\"2026-04-27T09:20:36+00:00\" \/>\n<meta property=\"article:modified_time\" content=\"2026-04-27T09:46:43+00:00\" \/>\n<meta property=\"og:image\" content=\"https:\/\/www.pressenza.com\/wp-content\/uploads\/2026\/04\/donne-per-mano.jpg\" \/>\n\t<meta property=\"og:image:width\" content=\"1850\" \/>\n\t<meta property=\"og:image:height\" content=\"1205\" \/>\n\t<meta property=\"og:image:type\" content=\"image\/jpeg\" \/>\n<meta name=\"author\" content=\"Redazione Italia\" \/>\n<meta name=\"twitter:card\" content=\"summary_large_image\" \/>\n<meta name=\"twitter:creator\" content=\"@pressenza_it\" \/>\n<meta name=\"twitter:site\" content=\"@PressenzaIPA\" \/>\n<meta name=\"twitter:label1\" content=\"Scritto da\" \/>\n\t<meta name=\"twitter:data1\" content=\"Redazione Italia\" \/>\n\t<meta name=\"twitter:label2\" content=\"Tempo di lettura stimato\" \/>\n\t<meta name=\"twitter:data2\" content=\"8 minuti\" \/>\n<script type=\"application\/ld+json\" class=\"yoast-schema-graph\">{\"@context\":\"https:\/\/schema.org\",\"@graph\":[{\"@type\":\"Article\",\"@id\":\"https:\/\/www.pressenza.com\/it\/2026\/04\/a-santa-marta-le-donne-indicano-la-trasformazione-oltre-il-fossile\/#article\",\"isPartOf\":{\"@id\":\"https:\/\/www.pressenza.com\/it\/2026\/04\/a-santa-marta-le-donne-indicano-la-trasformazione-oltre-il-fossile\/\"},\"author\":{\"name\":\"Redazione Italia\",\"@id\":\"https:\/\/www.pressenza.com\/it\/#\/schema\/person\/d983e81827ae24f2c7b1a2123d197f8d\"},\"headline\":\"A Santa Marta le donne indicano la trasformazione oltre il fossile\",\"datePublished\":\"2026-04-27T09:20:36+00:00\",\"dateModified\":\"2026-04-27T09:46:43+00:00\",\"mainEntityOfPage\":{\"@id\":\"https:\/\/www.pressenza.com\/it\/2026\/04\/a-santa-marta-le-donne-indicano-la-trasformazione-oltre-il-fossile\/\"},\"wordCount\":1305,\"publisher\":{\"@id\":\"https:\/\/www.pressenza.com\/it\/#organization\"},\"image\":{\"@id\":\"https:\/\/www.pressenza.com\/it\/2026\/04\/a-santa-marta-le-donne-indicano-la-trasformazione-oltre-il-fossile\/#primaryimage\"},\"thumbnailUrl\":\"https:\/\/www.pressenza.com\/wp-content\/uploads\/2026\/04\/donne-per-mano.jpg\",\"keywords\":[\"comunit\u00e0\",\"Conferenza Internazionale per l\u2019eliminazione dei combustibili fossili\",\"donne\",\"Santa Marta\",\"transizione energetica\"],\"articleSection\":[\"contenuti originali\",\"Ecologia ed Ambiente\",\"Genere e femminismi\",\"Giovani\",\"Popoli originari\",\"Sud America\"],\"inLanguage\":\"it-IT\"},{\"@type\":\"WebPage\",\"@id\":\"https:\/\/www.pressenza.com\/it\/2026\/04\/a-santa-marta-le-donne-indicano-la-trasformazione-oltre-il-fossile\/\",\"url\":\"https:\/\/www.pressenza.com\/it\/2026\/04\/a-santa-marta-le-donne-indicano-la-trasformazione-oltre-il-fossile\/\",\"name\":\"A Santa Marta le donne indicano la trasformazione oltre il fossile\",\"isPartOf\":{\"@id\":\"https:\/\/www.pressenza.com\/it\/#website\"},\"primaryImageOfPage\":{\"@id\":\"https:\/\/www.pressenza.com\/it\/2026\/04\/a-santa-marta-le-donne-indicano-la-trasformazione-oltre-il-fossile\/#primaryimage\"},\"image\":{\"@id\":\"https:\/\/www.pressenza.com\/it\/2026\/04\/a-santa-marta-le-donne-indicano-la-trasformazione-oltre-il-fossile\/#primaryimage\"},\"thumbnailUrl\":\"https:\/\/www.pressenza.com\/wp-content\/uploads\/2026\/04\/donne-per-mano.jpg\",\"datePublished\":\"2026-04-27T09:20:36+00:00\",\"dateModified\":\"2026-04-27T09:46:43+00:00\",\"description\":\"Alla Conferenza internazionale per l\u2019eliminazione dei combustibili fossili, in corso a Santa Marta, la transizione giusta ha preso la forma concreta delle\",\"breadcrumb\":{\"@id\":\"https:\/\/www.pressenza.com\/it\/2026\/04\/a-santa-marta-le-donne-indicano-la-trasformazione-oltre-il-fossile\/#breadcrumb\"},\"inLanguage\":\"it-IT\",\"potentialAction\":[{\"@type\":\"ReadAction\",\"target\":[\"https:\/\/www.pressenza.com\/it\/2026\/04\/a-santa-marta-le-donne-indicano-la-trasformazione-oltre-il-fossile\/\"]}]},{\"@type\":\"ImageObject\",\"inLanguage\":\"it-IT\",\"@id\":\"https:\/\/www.pressenza.com\/it\/2026\/04\/a-santa-marta-le-donne-indicano-la-trasformazione-oltre-il-fossile\/#primaryimage\",\"url\":\"https:\/\/www.pressenza.com\/wp-content\/uploads\/2026\/04\/donne-per-mano.jpg\",\"contentUrl\":\"https:\/\/www.pressenza.com\/wp-content\/uploads\/2026\/04\/donne-per-mano.jpg\",\"width\":1850,\"height\":1205},{\"@type\":\"BreadcrumbList\",\"@id\":\"https:\/\/www.pressenza.com\/it\/2026\/04\/a-santa-marta-le-donne-indicano-la-trasformazione-oltre-il-fossile\/#breadcrumb\",\"itemListElement\":[{\"@type\":\"ListItem\",\"position\":1,\"name\":\"Accueil\",\"item\":\"https:\/\/www.pressenza.com\/it\/\"},{\"@type\":\"ListItem\",\"position\":2,\"name\":\"A Santa Marta le donne indicano la trasformazione oltre il fossile\"}]},{\"@type\":\"WebSite\",\"@id\":\"https:\/\/www.pressenza.com\/it\/#website\",\"url\":\"https:\/\/www.pressenza.com\/it\/\",\"name\":\"Pressenza\",\"description\":\"Agenzia di Stampa Internazionale\",\"publisher\":{\"@id\":\"https:\/\/www.pressenza.com\/it\/#organization\"},\"potentialAction\":[{\"@type\":\"SearchAction\",\"target\":{\"@type\":\"EntryPoint\",\"urlTemplate\":\"https:\/\/www.pressenza.com\/it\/?s={search_term_string}\"},\"query-input\":{\"@type\":\"PropertyValueSpecification\",\"valueRequired\":true,\"valueName\":\"search_term_string\"}}],\"inLanguage\":\"it-IT\"},{\"@type\":\"Organization\",\"@id\":\"https:\/\/www.pressenza.com\/it\/#organization\",\"name\":\"Pressenza\",\"url\":\"https:\/\/www.pressenza.com\/it\/\",\"logo\":{\"@type\":\"ImageObject\",\"inLanguage\":\"it-IT\",\"@id\":\"https:\/\/www.pressenza.com\/it\/#\/schema\/logo\/image\/\",\"url\":\"https:\/\/www.pressenza.com\/wp-content\/uploads\/2022\/10\/pressenza_logo_200x200.jpg\",\"contentUrl\":\"https:\/\/www.pressenza.com\/wp-content\/uploads\/2022\/10\/pressenza_logo_200x200.jpg\",\"width\":200,\"height\":200,\"caption\":\"Pressenza\"},\"image\":{\"@id\":\"https:\/\/www.pressenza.com\/it\/#\/schema\/logo\/image\/\"},\"sameAs\":[\"https:\/\/www.facebook.com\/PressenzaItalia\",\"https:\/\/x.com\/PressenzaIPA\"]},{\"@type\":\"Person\",\"@id\":\"https:\/\/www.pressenza.com\/it\/#\/schema\/person\/d983e81827ae24f2c7b1a2123d197f8d\",\"name\":\"Redazione Italia\",\"description\":\"News from the Pressenza Bureau in Italy\",\"sameAs\":[\"https:\/\/www.pressenza.com\/it\/author\/redazione-italia\/\",\"https:\/\/www.facebook.com\/PressenzaItalia\",\"https:\/\/www.instagram.com\/pressenza_italia\/\",\"https:\/\/x.com\/pressenza_it\",\"https:\/\/www.youtube.com\/channel\/UCSalEIWjE1RSxkwjfftFuqg\"],\"url\":\"https:\/\/www.pressenza.com\/it\/author\/redazione-italia\/\"}]}<\/script>\n<!-- \/ Yoast SEO plugin. -->","yoast_head_json":{"title":"A Santa Marta le donne indicano la trasformazione oltre il fossile","description":"Alla Conferenza internazionale per l\u2019eliminazione dei combustibili fossili, in corso a Santa Marta, la transizione giusta ha preso la forma concreta delle","robots":{"index":"index","follow":"follow","max-snippet":"max-snippet:-1","max-image-preview":"max-image-preview:large","max-video-preview":"max-video-preview:-1"},"canonical":"https:\/\/www.pressenza.com\/it\/2026\/04\/a-santa-marta-le-donne-indicano-la-trasformazione-oltre-il-fossile\/","og_locale":"it_IT","og_type":"article","og_title":"A Santa Marta le donne indicano la trasformazione oltre il fossile","og_description":"Alla Conferenza internazionale per l\u2019eliminazione dei combustibili fossili, in corso a Santa Marta, la transizione giusta ha preso la forma concreta delle","og_url":"https:\/\/www.pressenza.com\/it\/2026\/04\/a-santa-marta-le-donne-indicano-la-trasformazione-oltre-il-fossile\/","og_site_name":"Pressenza","article_publisher":"https:\/\/www.facebook.com\/PressenzaItalia","article_author":"https:\/\/www.facebook.com\/PressenzaItalia","article_published_time":"2026-04-27T09:20:36+00:00","article_modified_time":"2026-04-27T09:46:43+00:00","og_image":[{"width":1850,"height":1205,"url":"https:\/\/www.pressenza.com\/wp-content\/uploads\/2026\/04\/donne-per-mano.jpg","type":"image\/jpeg"}],"author":"Redazione Italia","twitter_card":"summary_large_image","twitter_creator":"@pressenza_it","twitter_site":"@PressenzaIPA","twitter_misc":{"Scritto da":"Redazione Italia","Tempo di lettura stimato":"8 minuti"},"schema":{"@context":"https:\/\/schema.org","@graph":[{"@type":"Article","@id":"https:\/\/www.pressenza.com\/it\/2026\/04\/a-santa-marta-le-donne-indicano-la-trasformazione-oltre-il-fossile\/#article","isPartOf":{"@id":"https:\/\/www.pressenza.com\/it\/2026\/04\/a-santa-marta-le-donne-indicano-la-trasformazione-oltre-il-fossile\/"},"author":{"name":"Redazione Italia","@id":"https:\/\/www.pressenza.com\/it\/#\/schema\/person\/d983e81827ae24f2c7b1a2123d197f8d"},"headline":"A Santa Marta le donne indicano la trasformazione oltre il fossile","datePublished":"2026-04-27T09:20:36+00:00","dateModified":"2026-04-27T09:46:43+00:00","mainEntityOfPage":{"@id":"https:\/\/www.pressenza.com\/it\/2026\/04\/a-santa-marta-le-donne-indicano-la-trasformazione-oltre-il-fossile\/"},"wordCount":1305,"publisher":{"@id":"https:\/\/www.pressenza.com\/it\/#organization"},"image":{"@id":"https:\/\/www.pressenza.com\/it\/2026\/04\/a-santa-marta-le-donne-indicano-la-trasformazione-oltre-il-fossile\/#primaryimage"},"thumbnailUrl":"https:\/\/www.pressenza.com\/wp-content\/uploads\/2026\/04\/donne-per-mano.jpg","keywords":["comunit\u00e0","Conferenza Internazionale per l\u2019eliminazione dei combustibili fossili","donne","Santa Marta","transizione energetica"],"articleSection":["contenuti originali","Ecologia ed Ambiente","Genere e femminismi","Giovani","Popoli originari","Sud America"],"inLanguage":"it-IT"},{"@type":"WebPage","@id":"https:\/\/www.pressenza.com\/it\/2026\/04\/a-santa-marta-le-donne-indicano-la-trasformazione-oltre-il-fossile\/","url":"https:\/\/www.pressenza.com\/it\/2026\/04\/a-santa-marta-le-donne-indicano-la-trasformazione-oltre-il-fossile\/","name":"A Santa Marta le donne indicano la trasformazione oltre il fossile","isPartOf":{"@id":"https:\/\/www.pressenza.com\/it\/#website"},"primaryImageOfPage":{"@id":"https:\/\/www.pressenza.com\/it\/2026\/04\/a-santa-marta-le-donne-indicano-la-trasformazione-oltre-il-fossile\/#primaryimage"},"image":{"@id":"https:\/\/www.pressenza.com\/it\/2026\/04\/a-santa-marta-le-donne-indicano-la-trasformazione-oltre-il-fossile\/#primaryimage"},"thumbnailUrl":"https:\/\/www.pressenza.com\/wp-content\/uploads\/2026\/04\/donne-per-mano.jpg","datePublished":"2026-04-27T09:20:36+00:00","dateModified":"2026-04-27T09:46:43+00:00","description":"Alla Conferenza internazionale per l\u2019eliminazione dei combustibili fossili, in corso a Santa Marta, la transizione giusta ha preso la forma concreta delle","breadcrumb":{"@id":"https:\/\/www.pressenza.com\/it\/2026\/04\/a-santa-marta-le-donne-indicano-la-trasformazione-oltre-il-fossile\/#breadcrumb"},"inLanguage":"it-IT","potentialAction":[{"@type":"ReadAction","target":["https:\/\/www.pressenza.com\/it\/2026\/04\/a-santa-marta-le-donne-indicano-la-trasformazione-oltre-il-fossile\/"]}]},{"@type":"ImageObject","inLanguage":"it-IT","@id":"https:\/\/www.pressenza.com\/it\/2026\/04\/a-santa-marta-le-donne-indicano-la-trasformazione-oltre-il-fossile\/#primaryimage","url":"https:\/\/www.pressenza.com\/wp-content\/uploads\/2026\/04\/donne-per-mano.jpg","contentUrl":"https:\/\/www.pressenza.com\/wp-content\/uploads\/2026\/04\/donne-per-mano.jpg","width":1850,"height":1205},{"@type":"BreadcrumbList","@id":"https:\/\/www.pressenza.com\/it\/2026\/04\/a-santa-marta-le-donne-indicano-la-trasformazione-oltre-il-fossile\/#breadcrumb","itemListElement":[{"@type":"ListItem","position":1,"name":"Accueil","item":"https:\/\/www.pressenza.com\/it\/"},{"@type":"ListItem","position":2,"name":"A Santa Marta le donne indicano la trasformazione oltre il fossile"}]},{"@type":"WebSite","@id":"https:\/\/www.pressenza.com\/it\/#website","url":"https:\/\/www.pressenza.com\/it\/","name":"Pressenza","description":"Agenzia di Stampa Internazionale","publisher":{"@id":"https:\/\/www.pressenza.com\/it\/#organization"},"potentialAction":[{"@type":"SearchAction","target":{"@type":"EntryPoint","urlTemplate":"https:\/\/www.pressenza.com\/it\/?s={search_term_string}"},"query-input":{"@type":"PropertyValueSpecification","valueRequired":true,"valueName":"search_term_string"}}],"inLanguage":"it-IT"},{"@type":"Organization","@id":"https:\/\/www.pressenza.com\/it\/#organization","name":"Pressenza","url":"https:\/\/www.pressenza.com\/it\/","logo":{"@type":"ImageObject","inLanguage":"it-IT","@id":"https:\/\/www.pressenza.com\/it\/#\/schema\/logo\/image\/","url":"https:\/\/www.pressenza.com\/wp-content\/uploads\/2022\/10\/pressenza_logo_200x200.jpg","contentUrl":"https:\/\/www.pressenza.com\/wp-content\/uploads\/2022\/10\/pressenza_logo_200x200.jpg","width":200,"height":200,"caption":"Pressenza"},"image":{"@id":"https:\/\/www.pressenza.com\/it\/#\/schema\/logo\/image\/"},"sameAs":["https:\/\/www.facebook.com\/PressenzaItalia","https:\/\/x.com\/PressenzaIPA"]},{"@type":"Person","@id":"https:\/\/www.pressenza.com\/it\/#\/schema\/person\/d983e81827ae24f2c7b1a2123d197f8d","name":"Redazione Italia","description":"News from the Pressenza Bureau in Italy","sameAs":["https:\/\/www.pressenza.com\/it\/author\/redazione-italia\/","https:\/\/www.facebook.com\/PressenzaItalia","https:\/\/www.instagram.com\/pressenza_italia\/","https:\/\/x.com\/pressenza_it","https:\/\/www.youtube.com\/channel\/UCSalEIWjE1RSxkwjfftFuqg"],"url":"https:\/\/www.pressenza.com\/it\/author\/redazione-italia\/"}]}},"place":"Francesca Palmi, Santa Marta, Colombia","original_article_url":"","_links":{"self":[{"href":"https:\/\/www.pressenza.com\/it\/wp-json\/wp\/v2\/posts\/2695857","targetHints":{"allow":["GET"]}}],"collection":[{"href":"https:\/\/www.pressenza.com\/it\/wp-json\/wp\/v2\/posts"}],"about":[{"href":"https:\/\/www.pressenza.com\/it\/wp-json\/wp\/v2\/types\/post"}],"author":[{"embeddable":true,"href":"https:\/\/www.pressenza.com\/it\/wp-json\/wp\/v2\/users\/594"}],"replies":[{"embeddable":true,"href":"https:\/\/www.pressenza.com\/it\/wp-json\/wp\/v2\/comments?post=2695857"}],"version-history":[{"count":5,"href":"https:\/\/www.pressenza.com\/it\/wp-json\/wp\/v2\/posts\/2695857\/revisions"}],"predecessor-version":[{"id":2695875,"href":"https:\/\/www.pressenza.com\/it\/wp-json\/wp\/v2\/posts\/2695857\/revisions\/2695875"}],"wp:featuredmedia":[{"embeddable":true,"href":"https:\/\/www.pressenza.com\/it\/wp-json\/wp\/v2\/media\/2695861"}],"wp:attachment":[{"href":"https:\/\/www.pressenza.com\/it\/wp-json\/wp\/v2\/media?parent=2695857"}],"wp:term":[{"taxonomy":"category","embeddable":true,"href":"https:\/\/www.pressenza.com\/it\/wp-json\/wp\/v2\/categories?post=2695857"},{"taxonomy":"post_tag","embeddable":true,"href":"https:\/\/www.pressenza.com\/it\/wp-json\/wp\/v2\/tags?post=2695857"}],"curies":[{"name":"wp","href":"https:\/\/api.w.org\/{rel}","templated":true}]}}