{"id":2695850,"date":"2026-04-27T13:07:37","date_gmt":"2026-04-27T12:07:37","guid":{"rendered":"https:\/\/www.pressenza.com\/?p=2695850"},"modified":"2026-04-27T13:07:37","modified_gmt":"2026-04-27T12:07:37","slug":"il-concetto-di-guerra-giusta-nella-chiesa-cattolica","status":"publish","type":"post","link":"https:\/\/www.pressenza.com\/it\/2026\/04\/il-concetto-di-guerra-giusta-nella-chiesa-cattolica\/","title":{"rendered":"Il concetto di &#8220;guerra giusta&#8221; nella Chiesa Cattolica"},"content":{"rendered":"<p>Papa Francesco \u00e8 stato un pontefice dall&#8217;importante impegno pacifista dichiarato senza mezzi termini.\u00a0 Fu proprio lui a considerare \u00abinammissibile\u00bb anche la \u00abpena di morte\u00bb perch\u00e9 \u00abattenta all\u2019inviolabilit\u00e0 e alla dignit\u00e0 della persona\u00bb (1) -, sancendo con una parola definitiva che <em>\u00abnessuna guerra \u00e8 giusta. L\u2019unica cosa giusta \u00e8 la pace\u00bb<\/em>(2).<\/p>\n<p>Nel suo bellissimo libro <strong>\u00abContro la guerra. Il coraggio di costruire la pace\u00bb<\/strong> (Solferino), Francesco scriveva: <em>\u00abTante guerre sono in atto in questo momento nel mondo, che causano immane dolore, vittime innocenti, specialmente bambini. Sono le tante guerre dimenticate. Queste guerre ci apparivano lontane. Fino a che, ora, quasi all\u2019improvviso, la guerra \u00e8 scoppiata vicino a noi\u2026\u00bb.<\/em><\/p>\n<p>In perfetta linea con le posizioni ecopacifiste prese nel 2016 nell&#8217;enciclica <em>Laudato S\u00ec<\/em> e nel 2023 nell&#8217;esortazione apostolica <a href=\"https:\/\/www.cittanuova.it\/laudate-deum-il-testo-integrale-della-nuova-esortazione-apostolica-del-papa\/\"><em>Laudate Deum<\/em><\/a>, questo \u00e8 un libro importantissimo in cui Papa Francesco prende consapevolezza della Terza Guerra Mondiale &#8220;a pezzi&#8221; in giro per il mondo, puntando il dito &#8211; con schiettezza latinoamericana &#8211; contro il principale artefice delle guerre nel mondo, la NATO, e il suo allargamento ad Est dai patti di Varsavia ad oggi, che si concretizzano in una volont\u00e0 di inglobare ad essa i famosi &#8220;Paesi cuscinetto&#8221; dei Paesi Baltici.<\/p>\n<p>Quella di Francesco fu una presa di posizione netta sia contro le politiche del democratico Joe Biden sia del tycoon repubblicano esponente dell&#8217;<em>alt right<\/em> Donald Trump.<\/p>\n<p class=\"wp-block-paragraph\">Durante il giorno della sua elezione, Papa Leone XIV ha subito parlato del suo intento di portare avanti una <em>&#8220;pace disarmata e disarmante&#8221;<\/em>. In questi giorni \u00e8 stato emblematico lo scontro verbale tra Papa Leone XIV e Trump. <span id=\"text\"><\/span>Un\u00a0Donald Trump\u00a0<span id=\"text\">senza freni\u00a0si \u00e8 scagliato contro Leone XIV, il primo papa nordamericano della storia. <em>&#8220;Non sono un suo grande fan&#8221;<\/em> &#8211; ha tuonato nella notte fra domenica e luned\u00ec in un lungo post su Truth, affermando che \u00e8 un <em>&#8220;debole e pessimo nella politica estera. Preferisco di gran lunga suo fratello Louis che \u00e8 totalmente Maga. Lui ha capito tutto&#8221;<\/em>. La replica non si \u00e8 fatta attendere: <em>&#8220;Non mi fa paura&#8221;<\/em> &#8211; ha detto Prevost ai giornalisti sbarcando in Algeria, nel suo viaggio in Africa &#8211; <em>&#8220;non voglio aprire un dibattito&#8221;<\/em>.<\/span><\/p>\n<p>Papa Leone XIV ha risposto a Trump dalla capitale del Camerun, Bamenda, affermando: <em>\u00abI signori della guerra fingono di non sapere che\u00a0basta un attimo a distruggere, ma spesso non basta una vita a ricostruire\u00bb<\/em>. Leone XIV parla dei \u00ab<i>masters of war<\/i>\u00bb, come nella canzone di Bob Dylan, quelli che nel mondo <em>\u00abfingono di non vedere che\u00a0occorrono miliardi di dollari per uccidere e devastare, ma non si trovano le risorse necessarie a guarire, a educare, a risollevare\u00bb<\/em>. Ed <a href=\"https:\/\/www.corriere.it\/esteri\/26_aprile_17\/papa-leone-il-mondo-e-distrutto-da-una-manciata-di-tiranni-miliardi-di-dollari-per-uccidere-e-non-ci-sono-risorse-per-curare-ed-e9b30367-10d7-4969-87fa-c2ba83ae3xlk.shtml\">aggiunge<\/a>: <em>\u00abIl mondo \u00e8 distrutto da\u00a0una manciata di tiranni<\/em>(\u00aba handful of tyrants\u00bb) <em>ed \u00e8 tenuto in piedi da una miriade di fratelli e sorelle solidali!\u00bb.\u00a0<\/em><\/p>\n<p>Una risposta decisa che in tanti aspettavamo dopo un anno di pontificato e dopo l&#8217;interessante ed innovativa &#8211; sulle tracce del predecessore &#8211; esortazione apostolica ed &#8220;umanistica&#8221; dal titolo <a href=\"https:\/\/www.vatican.va\/content\/leo-xiv\/it\/apost_exhortations\/documents\/20251004-dilexi-te.html\">Dilexi te<\/a> sull&#8217; &#8220;amore verso i poveri&#8221;.<\/p>\n<p class=\"wp-block-paragraph\">Tutto questo per\u00f2 non basta per opporsi strutturalmente alla guerra, come non \u00e8 bastato in passato. La Chiesa cattolica oggi non pu\u00f2 parlare di &#8220;guerra&#8221; come se fosse un elemento estraneo alla sua storia passata ed attuale. Serve una svolta radicale della Chiesa che qualcuno potrebbe definire giustamente &#8220;divisiva&#8221;, ma soprattutto necessaria.<\/p>\n<p class=\"wp-block-paragraph\">L&#8217;amministrazione degli Stati Uniti (Trump e Vance) non si \u00e8 inventata da sola la \u201cguerra giusta\u201d. Essa \u00e8 stata nel passato il motore delle crociate (<em>&#8220;Deus vult&#8221;<\/em>, &#8220;Dio lo vuole&#8221;), delle tante guerre in nome della fede, delle colonizzazioni <em>tout court<\/em> &#8220;contro i barbari&#8221; ed \u00e8 stata la giustificazione del missionaresimo cristiano e delle evangelizzazioni forzate.<\/p>\n<p class=\"wp-block-paragraph\">La &#8220;guerra giusta&#8221; affonda le sue radici storiche &#8211; come concetto non scritto, ma implicito &#8211; anche nella <em>Dottrina della Scoperta<\/em>, un principio giuridico e teologico del XV secolo, basato su bolle papali (come la<em> Inter Caetera <\/em>del 1493), che giustificava l&#8217;acquisizione di terre indigene non cristiane da parte delle potenze coloniali europee. Utilizzata per legittimare l&#8217;esplorazione, la conquista e la colonizzazione delle Americhe e di altre terre da parte di Spagna, Portogallo e successivamente altre potenze europee, sosteneva che la &#8220;scoperta&#8221; di terre non abitate da cristiani conferisse il diritto di sovranit\u00e0 e propriet\u00e0 alle nazioni cristiane. Il Vaticano ha formalmente ripudiato questa dottrina nel marzo 2023, dichiarando che tali decreti non riflettono la fede cattolica, ma \u00e8 risultato flebile il silenzio in merito a qualsiasi responsabilit\u00e0 politica per quelle bolle papali, vecchie di 500 anni, che autorizzavano le potenze coloniali a impadronirsi delle terre indigene (definite &#8220;terra nullius&#8221;). Le bolle, infatti, sono state emanate dai<em> \u00abrappresentanti di Dio sulla Terra\u00bb <\/em>e non prendere atto di questo\u00a0significa che la battaglia \u00e8 vinta solo a met\u00e0. Ancor pi\u00f9 negativamente, il fatto che il Vaticano abbia evitato ogni riferimento al collegamento tra <em>Dottrina della Scoperta<\/em> e i crimini di massa coloniali avallati contro i non-cristiani e le loro conseguenze, indica che il bersaglio \u00e8 stato mancato.<\/p>\n<p>Il tema della \u201cguerra giusta\u201d in tempi moderni ha riguardato la Dottrina Sociale della Chiesa (3) nel suo servizio alla citt\u00e0 dell\u2019uomo e viene contemplato per la prima volta in forma scritta nel Catechismo della Chiesa Cattolica (<a href=\"https:\/\/www.vatican.va\/archive\/catechism_it\/p3s2c2a5_it.htm\">che si pu\u00f2 liberamente consultare online<\/a>), riprendendo l\u2019insegnamento tradizionale di Agostino e Tommaso d\u2019Aquino.<\/p>\n<p>Il Catechismo della Chiesa Cattolica (CCC), ai paragrafi 2307-2317, tratta la guerra nell&#8217;ambito del <em>quinto comandamento<\/em> (&#8220;Non uccidere&#8221;), condannandone la distruzione ma riconoscendo la <em>legittimit\u00e0<\/em> della <em>difesa armata<\/em>. Le condizioni rigide per la &#8220;guerra giusta&#8221; includono l&#8217;aggressione durevole e certa, l&#8217;inefficacia di altri mezzi, fondate condizioni di successo e la proporzionalit\u00e0 dei danni:<\/p>\n<p class=\"wp-block-paragraph\">\u00ab 2309.\u00a0<em>Si devono considerare con rigore le strette condizioni che giustificano una legittima difesa con la forza militare. Tale decisione, per lasua gravit\u00e0, \u00e8 sottomessa a rigorose condizioni di legittimit\u00e0 morale.\u00a0<\/em><em>[\u2026]\u00a0<\/em><em>Questi sono gli elementi tradizionali elencati nella dottrina detta della \u201c guerra giusta\u201d. La valutazione di tali condizioni di legittimit\u00e0 morale spetta al giudizio prudente di coloro che hanno la responsabilit\u00e0 del bene comune.<\/em> \u00bb<\/p>\n<p class=\"wp-block-paragraph\">Un occhio poco attento potrebbe leggere tra le righe che la <em>legittimit\u00e0 morale della difesa armata<\/em> sia legata a quella dell&#8217;oppresso contro l&#8217;oppressore, ma in realt\u00e0 la difesa armata legittima la potrebbe usare solo chi detiene l&#8217;autorit\u00e0 per farlo, ovvero il potere costituito:<\/p>\n<p>\u00ab 2265.\u00a0<em>La legittima difesa, oltre che un diritto, pu\u00f2 essere anche un grave dovere, per chi \u00e8 responsabile della vita di altri. La difesa del bene comune esige che si ponga l\u2019ingiusto aggressore in stato di non nuocere. A questo titolo, <\/em><em>i legittimi detentori dell\u2019autorit\u00e0 hanno il diritto di usare anche le armi per respingere gli a<\/em><em>ggressori della comunit\u00e0 civile affidata alla loro responsabilit\u00e0.<\/em>\u00a0\u00bb<\/p>\n<p class=\"wp-block-paragraph\">Al punto 2310 si specifica che la difesa armata legittima, secondo il Catechismo della Chiesa ce l&#8217;ha chi concorre al &#8220;bene comune della nazione e al mantenimento della pace&#8221;, che in questo caso non \u00e8 l&#8217;oppresso, ma il potere vigente:<\/p>\n<p class=\"wp-block-paragraph\">\u00ab 2310.\u00a0<em>I pubblici poteri, in questo caso, hanno il diritto e il dovere di imporre ai cittadini gli obblighi necessari alla difesa nazionale. Coloro che si dedicano al servizio della patria nella vita militare sono servitori della sicurezza e della libert\u00e0 dei popoli. Se rettamente adempiono il loro dovere, concorrono veramente al bene comune della nazione e al mantenimento della pace.\u00bb<\/em><\/p>\n<p class=\"wp-block-paragraph\">Nel nome del \u201cbene comune\u201d si affida ai \u201clegittimi detentori dell\u2019autorit\u00e0\u201d la legittimit\u00e0 morale di esercitare ambiguamente la &#8220;difesa armata&#8221; contro un &#8220;nemico&#8221; che sostanzialmente \u00e8 il potere costituito a decidere quale sia e contro il quale \u00e8 &#8220;giusto&#8221; scagliarsi.<\/p>\n<p class=\"wp-block-paragraph\">Ecco spiegato e legittimato nella storia il sostegno della Chiesa Cattolica ad ogni classe dominante in altre parti del mondo, che fu la causa del mancato sostegno della Chiesa ai teologi della liberazione in America Latina contro le dittature dei <em>gorilla<\/em> del Piano Condor; del mancato sostegno di Giovanni Paolo II ad Oscar Romero contro gli squadroni della morte a El Salvador; dell&#8217;amicizia di Giovanni Paolo II con il dittatore fascista cileno Pinochet (assai criticata dalla teologa Adriana Zarri), della diffidenza della Chiesa verso i <em>preti operai<\/em> e della <em>comunit\u00e0 cristiane di base<\/em>, oltre il rifiuto categorico di Giovanni Paolo II di ricevere il guatemalteco &#8220;Vescovo dei poveri&#8221; Juan Jos\u00e8 Conedera che si impegn\u00f2 contro il genocidio dei Maya Ixil ad opera del generale e dittatore guatemalteco di stampo cristiano Jos\u00e9 Efra\u00edn R\u00edos Montt.<\/p>\n<p>C&#8217;erano &#8220;guerre giuste&#8221; che, pi\u00f9 che combattute, andavano silentemente sostenute.<\/p>\n<p class=\"wp-block-paragraph\">Ci\u00f2 che risulta strano \u00e8 che il concetto di &#8220;guerra giusta&#8221;, per quanto continuamente praticato, sia da anni rifiutato e considerato superato nella teoria dagli stessi Papi della Chiesa cattolica.<\/p>\n<p class=\"wp-block-paragraph\">Papa Giovanni XXIII nella Pacem in Terris scrisse: <em>\u00abriesce quasi impossibile pensare che nell\u2019era atomica la guerra possa essere utilizzata come strumento di giustizia\u00bb<\/em> (4), utilizzando un\u2019espressione latina che la traduzione italiana sfuma: pensare alla guerra come soluzione dei conflitti, cio\u00e8, <em>\u00abalienum est a ratione\u00bb<\/em>, \u00e8 \u201cfuori dalla ragione\u201d.<\/p>\n<p class=\"wp-block-paragraph\">Il Concilio Vaticano II ha condannato <em>\u00abogni atto di guerra che indiscriminatamente mira alla distruzione di intere citt\u00e0 o di vaste regioni e dei loro abitanti, delitto contro Dio e contro la stessa umanit\u00e0\u00bb <\/em>(5). Condanna che si ripete negli insegnamenti dei Pontefici: dall\u2019\u00abinutile strage\u00bb di Benedetto XV, all\u2019\u00abavventura senza ritorno\u00bb (6) di San Giovanni Paolo II, al Discorso all\u2019ONU di Paolo VI che sottolinea come la gestione dei conflitti non vada affidata alla guerra ma all\u2019opera di organismi internazionali: <em>\u00abBasta ricordare che il sangue di milioni di uomini e innumerevoli e inaudite sofferenze, inutili stragi e formidabili rovine sanciscono il patto che vi unisce, con un giuramento che deve cambiare la storia futura del mondo: non pi\u00f9 la guerra, non pi\u00f9 la guerra! La pace, la pace deve guidare le sorti dei popoli e dell\u2019intera umanit\u00e0\u00bb <\/em>(7).<\/p>\n<p>Queste parole si sposano perfettamente con il pensiero del grande teologo brasiliano Leonardo Boff, che sub\u00ec un processo dottrinario in Vaticano per la sua adesione alla teologia della liberazione, che rigetta completamente il concetto di &#8220;guerra giusta&#8221; del Catechismo della Chiesa cattolica del 1997 ed afferma, riprendendo Bertrand Russell e Albert Einstein nel loro manifesto del 9 luglio 1955 contro i pericoli della guerra nucleare e per la pace: <em>&#8220;La guerra non pu\u00f2 essere umanizzata, deve essere abolita&#8221;.<\/em><\/p>\n<p>Per questo motivo oggi serve una risposta pi\u00f9 strutturale da parte della Chiesa-istituzione contro le guerre soprattutto se si tratta di guerre agite dai potenti della terra contro i deboli del mondo.<\/p>\n<p>(segue prossimo approfondimento&#8230;)<\/p>\n<p>&nbsp;<\/p>\n<p class=\"wp-block-paragraph\"><strong>Note:<\/strong><\/p>\n<p>(1) Cfr. Nuova redazione del n. 2667 del Catechismo della Chiesa Cattolica, approvata da Papa Francesco, 11 maggio 2018<\/p>\n<p>(2) Cfr. Politique et societ\u00e9, Libro-intervista con il sociologo Dominique Wolton, Edizioni L\u2019Observatoire, 2017<\/p>\n<p>(3) Richiamando il Catechismo della Chiesa Cattolica, il Compendio di Dottrina Sociale della Chiesa ricorda quali fossero <em>\u00abgli elementi tradizionali\u00bb<\/em> di tale dottrina: <em>\u00abche il danno causato dall\u2019aggressore alla nazione sia durevole, grave e certo; che tutti gli altri mezzi per porvi fine si siano rivelati impraticabili o inefficaci; che ci siano fondate condizioni di successo; che il ricorso alle armi non provochi mali e disordini pi\u00f9 gravi del male da eliminare\u00bb <\/em>(Pontificio Consiglio della Giustizia e della Pace, Compendio della Dottrina Sociale della Chiesa, 500)<\/p>\n<p>(4) Giovanni XXIII, Lettera Enciclica Pacem in terries, 67<\/p>\n<p>(5) Concilio Ecumenico Vaticano II, Costituzione Gaudium et Spes, 80<\/p>\n<p>(6) Giovanni Paolo II, Udienza Generale 16 gennaio 1991<\/p>\n<p>(7) Paolo VI, Discorso all\u2019ONU, 4 ottobre 1965<\/p>\n<p>&nbsp;<\/p>\n<p><strong>Fonti intro articolo:<\/strong><\/p>\n<blockquote class=\"wp-embedded-content\" data-secret=\"dQVs1fEjnD\"><p><a href=\"https:\/\/www.pressenza.com\/it\/2025\/04\/papa-francesco-un-esempio-di-umanesimo-e-coerenza-contro-la-polarizzazione-delle-guerre-culturali\/\">Papa Francesco, un esempio di umanesimo e coerenza contro la polarizzazione delle guerre culturali<\/a><\/p><\/blockquote>\n<p><iframe loading=\"lazy\" class=\"wp-embedded-content\" sandbox=\"allow-scripts\" security=\"restricted\" style=\"position: absolute; visibility: hidden;\" title=\"&#8220;Papa Francesco, un esempio di umanesimo e coerenza contro la polarizzazione delle guerre culturali&#8221; &#8212; Pressenza\" src=\"https:\/\/www.pressenza.com\/it\/2025\/04\/papa-francesco-un-esempio-di-umanesimo-e-coerenza-contro-la-polarizzazione-delle-guerre-culturali\/embed\/#?secret=nMhTCOpRl2#?secret=dQVs1fEjnD\" data-secret=\"dQVs1fEjnD\" width=\"500\" height=\"282\" frameborder=\"0\" marginwidth=\"0\" marginheight=\"0\" scrolling=\"no\"><\/iframe><\/p>\n<blockquote class=\"wp-embedded-content\" data-secret=\"J9gXJT8iak\"><p><a href=\"https:\/\/www.pressenza.com\/it\/2025\/04\/la-rivoluzione-di-francesco-una-chiesa-povera-per-i-poveri\/\">La rivoluzione di Francesco, una \u201cChiesa povera per i poveri\u201d<\/a><\/p><\/blockquote>\n<p><iframe loading=\"lazy\" class=\"wp-embedded-content\" sandbox=\"allow-scripts\" security=\"restricted\" style=\"position: absolute; visibility: hidden;\" title=\"&#8220;La rivoluzione di Francesco, una \u201cChiesa povera per i poveri\u201d&#8221; &#8212; Pressenza\" src=\"https:\/\/www.pressenza.com\/it\/2025\/04\/la-rivoluzione-di-francesco-una-chiesa-povera-per-i-poveri\/embed\/#?secret=TOpCdF24Fm#?secret=J9gXJT8iak\" data-secret=\"J9gXJT8iak\" width=\"500\" height=\"282\" frameborder=\"0\" marginwidth=\"0\" marginheight=\"0\" scrolling=\"no\"><\/iframe><\/p>\n<p><a href=\"https:\/\/www.ansa.it\/sito\/notizie\/mondo\/2026\/04\/13\/trump-attacca-il-papa-debole-e-pessimo-sulla-politica-estera.-leone-risponde_8e91ffa4-c131-4e83-a9a8-f95a84cf16a5.html\">https:\/\/www.ansa.it\/sito\/notizie\/mondo\/2026\/04\/13\/trump-attacca-il-papa-debole-e-pessimo-sulla-politica-estera.-leone-risponde_8e91ffa4-c131-4e83-a9a8-f95a84cf16a5.html<\/a><\/p>\n<p>&nbsp;<\/p>\n<p><strong>Fonti su Dottrina della Scoperta:<\/strong><\/p>\n<p><a href=\"https:\/\/www.vaticannews.va\/it\/vaticano\/news\/2023-03\/dottrina-scoperta-doctrine-discovery-nota-sviluppo-umano.html\">https:\/\/www.vaticannews.va\/it\/vaticano\/news\/2023-03\/dottrina-scoperta-doctrine-discovery-nota-sviluppo-umano.html<\/a><\/p>\n<p><a href=\"https:\/\/www.osservatoreromano.va\/it\/news\/2023-03\/quo-075\/la-dottrina-della-scoperta.html\">https:\/\/www.osservatoreromano.va\/it\/news\/2023-03\/quo-075\/la-dottrina-della-scoperta.html<\/a><\/p>\n<p>Cristiana Fiamingo<em>, La Santa Sede e il ripudio della dottrina della scoperta tra riduzionismo e negazione di responsabilit\u00e0<\/em>\u00a0<a href=\"https:\/\/air.unimi.it\/retrieve\/68364269-5323-4059-ab76-5b7e6a96201b\/Vol.6No.1.2024_FiamingoV2.pdf\">https:\/\/air.unimi.it\/retrieve\/68364269-5323-4059-ab76-5b7e6a96201b\/Vol.6No.1.2024_FiamingoV2.pdf<\/a><\/p>\n<p>Dicasteri per la cultura e l\u2019educazione e per il servizio dello sviluppo umano integrale, <em>La \u00abdottrina della scoperta\u00bb non \u00e8 cristiana<\/em>\u00a0<a href=\"https:\/\/ilregno.it\/articles\/Regno-documenti-9-2023-257-suphq7.pdf\">https:\/\/ilregno.it\/articles\/Regno-documenti-9-2023-257-suphq7.pdf<\/a><\/p>\n<p><a href=\"https:\/\/www.humandevelopment.va\/it\/news\/2023\/nota-congiunta-sulla-dottrina-della-scoperta.html\">https:\/\/www.humandevelopment.va\/it\/news\/2023\/nota-congiunta-sulla-dottrina-della-scoperta.html<\/a><\/p>\n<p>&nbsp;<\/p>\n<p><strong>Fonti su &#8220;guerra giusta&#8221;:<\/strong><\/p>\n<blockquote class=\"wp-embedded-content\" data-secret=\"3I0RhBXQ3e\"><p><a href=\"https:\/\/pclavoratori.it\/la-guerra-per-la-chiesa-cattolica\/\">La guerra per la Chiesa cattolica<\/a><\/p><\/blockquote>\n<p><iframe loading=\"lazy\" class=\"wp-embedded-content\" sandbox=\"allow-scripts\" security=\"restricted\" style=\"position: absolute; visibility: hidden;\" title=\"&#8220;La guerra per la Chiesa cattolica&#8221; &#8212; PCLavoratori\" src=\"https:\/\/pclavoratori.it\/la-guerra-per-la-chiesa-cattolica\/embed\/#?secret=8sWz2oLcNj#?secret=3I0RhBXQ3e\" data-secret=\"3I0RhBXQ3e\" width=\"500\" height=\"282\" frameborder=\"0\" marginwidth=\"0\" marginheight=\"0\" scrolling=\"no\"><\/iframe><\/p>\n<p><a href=\"https:\/\/www.rassegnastampa-totustuus.it\/cattolica\/wp-content\/uploads\/2023\/07\/GUERRA-SANTA-GUERRA-GIUSTA-Roberto-De-Mattei.pdf\">https:\/\/www.rassegnastampa-totustuus.it\/cattolica\/wp-content\/uploads\/2023\/07\/GUERRA-SANTA-GUERRA-GIUSTA-Roberto-De-Mattei.pdf<\/a><\/p>\n<p>Relazione al Convegno: <em>\u201cSicurezza, legalit\u00e0, sviluppo: a 100 anni da Vittorio Veneto\u201d<\/em>, Universit\u00e0 \u201cA. Moro\u201d, dipartimento Scienze Politiche, Bari, 25 ottobre 2018\u00a0<a href=\"https:\/\/www.ordinariatomilitare.it\/wp-content\/uploads\/sites\/2\/2019\/07\/Conferenza-universita-Bari.pdf\">https:\/\/www.ordinariatomilitare.it\/wp-content\/uploads\/sites\/2\/2019\/07\/Conferenza-universita-Bari.pdf<\/a><\/p>\n<blockquote class=\"wp-embedded-content\" data-secret=\"qtVhCnlbDC\"><p><a href=\"https:\/\/www.pressenza.com\/it\/2026\/03\/la-guerra-non-puo-essere-umanizzata-deve-essere-cancellata\/\">La guerra non pu\u00f2 essere umanizzata, deve essere cancellata<\/a><\/p><\/blockquote>\n<p><iframe loading=\"lazy\" class=\"wp-embedded-content\" sandbox=\"allow-scripts\" security=\"restricted\" style=\"position: absolute; visibility: hidden;\" title=\"&#8220;La guerra non pu\u00f2 essere umanizzata, deve essere cancellata&#8221; &#8212; Pressenza\" src=\"https:\/\/www.pressenza.com\/it\/2026\/03\/la-guerra-non-puo-essere-umanizzata-deve-essere-cancellata\/embed\/#?secret=fxlI5uz2rA#?secret=qtVhCnlbDC\" data-secret=\"qtVhCnlbDC\" width=\"500\" height=\"282\" frameborder=\"0\" marginwidth=\"0\" marginheight=\"0\" scrolling=\"no\"><\/iframe><\/p>\n<p>&nbsp;<\/p>\n","protected":false},"excerpt":{"rendered":"<p>Papa Francesco \u00e8 stato un pontefice dall&#8217;importante impegno pacifista dichiarato senza mezzi termini.\u00a0 Fu proprio lui a considerare \u00abinammissibile\u00bb anche la \u00abpena di morte\u00bb perch\u00e9 \u00abattenta all\u2019inviolabilit\u00e0 e alla dignit\u00e0 della persona\u00bb (1) -, sancendo con una parola definitiva che&hellip;<\/p>\n","protected":false},"author":1887,"featured_media":2695885,"comment_status":"closed","ping_status":"closed","sticky":false,"template":"","format":"standard","meta":{"footnotes":""},"categories":[56,47,162,1263],"tags":[155965,122734,14397,155966,155967,155968,40209,155964,20887,155969,88151,9642,4724,136817,37436,18137,3649],"class_list":["post-2695850","post","type-post","status-publish","format-standard","has-post-thumbnail","hentry","category-cultura","category-europa","category-opinioni","category-pace-disarmo","tag-catechismo-della-chiesa-cattolica","tag-colonizzazioni","tag-crociate","tag-dottrina-della-scoperta","tag-evangelizzazioni","tag-giovanni-paolo-ii","tag-giovanni-xxiii","tag-guerra-giusta","tag-indigeni","tag-juan-jose-gerardi-condera","tag-leonardo-boff-it","tag-oscar-romero","tag-papa-francesco","tag-papa-leone-xiv","tag-santa-sede","tag-teologia-della-liberazione","tag-vaticano"],"yoast_head":"<!-- This site is optimized with the Yoast SEO plugin v27.1.1 - https:\/\/yoast.com\/product\/yoast-seo-wordpress\/ -->\n<title>Il concetto di &quot;guerra giusta&quot; nella Chiesa Cattolica<\/title>\n<meta name=\"description\" content=\"Papa Francesco \u00e8 stato un pontefice dall&#039;importante impegno pacifista dichiarato senza mezzi termini.\u00a0 Fu proprio lui a considerare \u00abinammissibile\u00bb anche\" \/>\n<meta name=\"robots\" content=\"index, follow, max-snippet:-1, max-image-preview:large, max-video-preview:-1\" \/>\n<link rel=\"canonical\" href=\"https:\/\/www.pressenza.com\/it\/2026\/04\/il-concetto-di-guerra-giusta-nella-chiesa-cattolica\/\" \/>\n<meta property=\"og:locale\" content=\"it_IT\" \/>\n<meta property=\"og:type\" content=\"article\" \/>\n<meta property=\"og:title\" content=\"Il concetto di &quot;guerra giusta&quot; nella Chiesa Cattolica\" \/>\n<meta property=\"og:description\" content=\"Papa Francesco \u00e8 stato un pontefice dall&#039;importante impegno pacifista dichiarato senza mezzi termini.\u00a0 Fu proprio lui a considerare \u00abinammissibile\u00bb anche\" \/>\n<meta property=\"og:url\" content=\"https:\/\/www.pressenza.com\/it\/2026\/04\/il-concetto-di-guerra-giusta-nella-chiesa-cattolica\/\" \/>\n<meta property=\"og:site_name\" content=\"Pressenza\" \/>\n<meta property=\"article:publisher\" content=\"https:\/\/www.facebook.com\/PressenzaItalia\" \/>\n<meta property=\"article:published_time\" content=\"2026-04-27T12:07:37+00:00\" \/>\n<meta property=\"og:image\" content=\"https:\/\/www.pressenza.com\/wp-content\/uploads\/2026\/04\/Papa-Leone-XIV.webp\" \/>\n\t<meta property=\"og:image:width\" content=\"768\" \/>\n\t<meta property=\"og:image:height\" content=\"512\" \/>\n\t<meta property=\"og:image:type\" content=\"image\/webp\" \/>\n<meta name=\"author\" content=\"Lorenzo Poli\" \/>\n<meta name=\"twitter:card\" content=\"summary_large_image\" \/>\n<meta name=\"twitter:creator\" content=\"@PressenzaIPA\" \/>\n<meta name=\"twitter:site\" content=\"@PressenzaIPA\" \/>\n<meta name=\"twitter:label1\" content=\"Scritto da\" \/>\n\t<meta name=\"twitter:data1\" content=\"Lorenzo Poli\" \/>\n\t<meta name=\"twitter:label2\" content=\"Tempo di lettura stimato\" \/>\n\t<meta name=\"twitter:data2\" content=\"9 minuti\" \/>\n<script type=\"application\/ld+json\" class=\"yoast-schema-graph\">{\"@context\":\"https:\/\/schema.org\",\"@graph\":[{\"@type\":\"Article\",\"@id\":\"https:\/\/www.pressenza.com\/it\/2026\/04\/il-concetto-di-guerra-giusta-nella-chiesa-cattolica\/#article\",\"isPartOf\":{\"@id\":\"https:\/\/www.pressenza.com\/it\/2026\/04\/il-concetto-di-guerra-giusta-nella-chiesa-cattolica\/\"},\"author\":{\"name\":\"Lorenzo Poli\",\"@id\":\"https:\/\/www.pressenza.com\/it\/#\/schema\/person\/83cab62d5aaad28d2ef7c9b71a62926b\"},\"headline\":\"Il concetto di &#8220;guerra giusta&#8221; nella Chiesa Cattolica\",\"datePublished\":\"2026-04-27T12:07:37+00:00\",\"mainEntityOfPage\":{\"@id\":\"https:\/\/www.pressenza.com\/it\/2026\/04\/il-concetto-di-guerra-giusta-nella-chiesa-cattolica\/\"},\"wordCount\":2042,\"publisher\":{\"@id\":\"https:\/\/www.pressenza.com\/it\/#organization\"},\"image\":{\"@id\":\"https:\/\/www.pressenza.com\/it\/2026\/04\/il-concetto-di-guerra-giusta-nella-chiesa-cattolica\/#primaryimage\"},\"thumbnailUrl\":\"https:\/\/www.pressenza.com\/wp-content\/uploads\/2026\/04\/Papa-Leone-XIV.webp\",\"keywords\":[\"Catechismo della Chiesa Cattolica\",\"colonizzazioni\",\"Crociate\",\"Dottrina della scoperta\",\"evangelizzazioni\",\"Giovanni Paolo II\",\"Giovanni XXIII\",\"Guerra giusta\",\"indigeni\",\"Juan Jos\u00e8 Gerardi Condera\",\"Leonardo Boff\",\"Oscar Romero\",\"Papa Francesco\",\"Papa Leone XIV\",\"Santa Sede\",\"teologia della liberazione\",\"Vaticano\"],\"articleSection\":[\"Cultura e Media\",\"Europa\",\"Opinioni\",\"Pace e Disarmo\"],\"inLanguage\":\"it-IT\"},{\"@type\":\"WebPage\",\"@id\":\"https:\/\/www.pressenza.com\/it\/2026\/04\/il-concetto-di-guerra-giusta-nella-chiesa-cattolica\/\",\"url\":\"https:\/\/www.pressenza.com\/it\/2026\/04\/il-concetto-di-guerra-giusta-nella-chiesa-cattolica\/\",\"name\":\"Il concetto di \\\"guerra giusta\\\" nella Chiesa Cattolica\",\"isPartOf\":{\"@id\":\"https:\/\/www.pressenza.com\/it\/#website\"},\"primaryImageOfPage\":{\"@id\":\"https:\/\/www.pressenza.com\/it\/2026\/04\/il-concetto-di-guerra-giusta-nella-chiesa-cattolica\/#primaryimage\"},\"image\":{\"@id\":\"https:\/\/www.pressenza.com\/it\/2026\/04\/il-concetto-di-guerra-giusta-nella-chiesa-cattolica\/#primaryimage\"},\"thumbnailUrl\":\"https:\/\/www.pressenza.com\/wp-content\/uploads\/2026\/04\/Papa-Leone-XIV.webp\",\"datePublished\":\"2026-04-27T12:07:37+00:00\",\"description\":\"Papa Francesco \u00e8 stato un pontefice dall'importante impegno pacifista dichiarato senza mezzi termini.\u00a0 Fu proprio lui a considerare \u00abinammissibile\u00bb anche\",\"breadcrumb\":{\"@id\":\"https:\/\/www.pressenza.com\/it\/2026\/04\/il-concetto-di-guerra-giusta-nella-chiesa-cattolica\/#breadcrumb\"},\"inLanguage\":\"it-IT\",\"potentialAction\":[{\"@type\":\"ReadAction\",\"target\":[\"https:\/\/www.pressenza.com\/it\/2026\/04\/il-concetto-di-guerra-giusta-nella-chiesa-cattolica\/\"]}]},{\"@type\":\"ImageObject\",\"inLanguage\":\"it-IT\",\"@id\":\"https:\/\/www.pressenza.com\/it\/2026\/04\/il-concetto-di-guerra-giusta-nella-chiesa-cattolica\/#primaryimage\",\"url\":\"https:\/\/www.pressenza.com\/wp-content\/uploads\/2026\/04\/Papa-Leone-XIV.webp\",\"contentUrl\":\"https:\/\/www.pressenza.com\/wp-content\/uploads\/2026\/04\/Papa-Leone-XIV.webp\",\"width\":768,\"height\":512},{\"@type\":\"BreadcrumbList\",\"@id\":\"https:\/\/www.pressenza.com\/it\/2026\/04\/il-concetto-di-guerra-giusta-nella-chiesa-cattolica\/#breadcrumb\",\"itemListElement\":[{\"@type\":\"ListItem\",\"position\":1,\"name\":\"Accueil\",\"item\":\"https:\/\/www.pressenza.com\/it\/\"},{\"@type\":\"ListItem\",\"position\":2,\"name\":\"Il concetto di &#8220;guerra giusta&#8221; nella Chiesa Cattolica\"}]},{\"@type\":\"WebSite\",\"@id\":\"https:\/\/www.pressenza.com\/it\/#website\",\"url\":\"https:\/\/www.pressenza.com\/it\/\",\"name\":\"Pressenza\",\"description\":\"Agenzia di Stampa Internazionale\",\"publisher\":{\"@id\":\"https:\/\/www.pressenza.com\/it\/#organization\"},\"potentialAction\":[{\"@type\":\"SearchAction\",\"target\":{\"@type\":\"EntryPoint\",\"urlTemplate\":\"https:\/\/www.pressenza.com\/it\/?s={search_term_string}\"},\"query-input\":{\"@type\":\"PropertyValueSpecification\",\"valueRequired\":true,\"valueName\":\"search_term_string\"}}],\"inLanguage\":\"it-IT\"},{\"@type\":\"Organization\",\"@id\":\"https:\/\/www.pressenza.com\/it\/#organization\",\"name\":\"Pressenza\",\"url\":\"https:\/\/www.pressenza.com\/it\/\",\"logo\":{\"@type\":\"ImageObject\",\"inLanguage\":\"it-IT\",\"@id\":\"https:\/\/www.pressenza.com\/it\/#\/schema\/logo\/image\/\",\"url\":\"https:\/\/www.pressenza.com\/wp-content\/uploads\/2022\/10\/pressenza_logo_200x200.jpg\",\"contentUrl\":\"https:\/\/www.pressenza.com\/wp-content\/uploads\/2022\/10\/pressenza_logo_200x200.jpg\",\"width\":200,\"height\":200,\"caption\":\"Pressenza\"},\"image\":{\"@id\":\"https:\/\/www.pressenza.com\/it\/#\/schema\/logo\/image\/\"},\"sameAs\":[\"https:\/\/www.facebook.com\/PressenzaItalia\",\"https:\/\/x.com\/PressenzaIPA\"]},{\"@type\":\"Person\",\"@id\":\"https:\/\/www.pressenza.com\/it\/#\/schema\/person\/83cab62d5aaad28d2ef7c9b71a62926b\",\"name\":\"Lorenzo Poli\",\"url\":\"https:\/\/www.pressenza.com\/it\/author\/lorenzo-poli\/\"}]}<\/script>\n<!-- \/ Yoast SEO plugin. -->","yoast_head_json":{"title":"Il concetto di \"guerra giusta\" nella Chiesa Cattolica","description":"Papa Francesco \u00e8 stato un pontefice dall'importante impegno pacifista dichiarato senza mezzi termini.\u00a0 Fu proprio lui a considerare \u00abinammissibile\u00bb anche","robots":{"index":"index","follow":"follow","max-snippet":"max-snippet:-1","max-image-preview":"max-image-preview:large","max-video-preview":"max-video-preview:-1"},"canonical":"https:\/\/www.pressenza.com\/it\/2026\/04\/il-concetto-di-guerra-giusta-nella-chiesa-cattolica\/","og_locale":"it_IT","og_type":"article","og_title":"Il concetto di \"guerra giusta\" nella Chiesa Cattolica","og_description":"Papa Francesco \u00e8 stato un pontefice dall'importante impegno pacifista dichiarato senza mezzi termini.\u00a0 Fu proprio lui a considerare \u00abinammissibile\u00bb anche","og_url":"https:\/\/www.pressenza.com\/it\/2026\/04\/il-concetto-di-guerra-giusta-nella-chiesa-cattolica\/","og_site_name":"Pressenza","article_publisher":"https:\/\/www.facebook.com\/PressenzaItalia","article_published_time":"2026-04-27T12:07:37+00:00","og_image":[{"width":768,"height":512,"url":"https:\/\/www.pressenza.com\/wp-content\/uploads\/2026\/04\/Papa-Leone-XIV.webp","type":"image\/webp"}],"author":"Lorenzo Poli","twitter_card":"summary_large_image","twitter_creator":"@PressenzaIPA","twitter_site":"@PressenzaIPA","twitter_misc":{"Scritto da":"Lorenzo Poli","Tempo di lettura stimato":"9 minuti"},"schema":{"@context":"https:\/\/schema.org","@graph":[{"@type":"Article","@id":"https:\/\/www.pressenza.com\/it\/2026\/04\/il-concetto-di-guerra-giusta-nella-chiesa-cattolica\/#article","isPartOf":{"@id":"https:\/\/www.pressenza.com\/it\/2026\/04\/il-concetto-di-guerra-giusta-nella-chiesa-cattolica\/"},"author":{"name":"Lorenzo Poli","@id":"https:\/\/www.pressenza.com\/it\/#\/schema\/person\/83cab62d5aaad28d2ef7c9b71a62926b"},"headline":"Il concetto di &#8220;guerra giusta&#8221; nella Chiesa Cattolica","datePublished":"2026-04-27T12:07:37+00:00","mainEntityOfPage":{"@id":"https:\/\/www.pressenza.com\/it\/2026\/04\/il-concetto-di-guerra-giusta-nella-chiesa-cattolica\/"},"wordCount":2042,"publisher":{"@id":"https:\/\/www.pressenza.com\/it\/#organization"},"image":{"@id":"https:\/\/www.pressenza.com\/it\/2026\/04\/il-concetto-di-guerra-giusta-nella-chiesa-cattolica\/#primaryimage"},"thumbnailUrl":"https:\/\/www.pressenza.com\/wp-content\/uploads\/2026\/04\/Papa-Leone-XIV.webp","keywords":["Catechismo della Chiesa Cattolica","colonizzazioni","Crociate","Dottrina della scoperta","evangelizzazioni","Giovanni Paolo II","Giovanni XXIII","Guerra giusta","indigeni","Juan Jos\u00e8 Gerardi Condera","Leonardo Boff","Oscar Romero","Papa Francesco","Papa Leone XIV","Santa Sede","teologia della liberazione","Vaticano"],"articleSection":["Cultura e Media","Europa","Opinioni","Pace e Disarmo"],"inLanguage":"it-IT"},{"@type":"WebPage","@id":"https:\/\/www.pressenza.com\/it\/2026\/04\/il-concetto-di-guerra-giusta-nella-chiesa-cattolica\/","url":"https:\/\/www.pressenza.com\/it\/2026\/04\/il-concetto-di-guerra-giusta-nella-chiesa-cattolica\/","name":"Il concetto di \"guerra giusta\" nella Chiesa Cattolica","isPartOf":{"@id":"https:\/\/www.pressenza.com\/it\/#website"},"primaryImageOfPage":{"@id":"https:\/\/www.pressenza.com\/it\/2026\/04\/il-concetto-di-guerra-giusta-nella-chiesa-cattolica\/#primaryimage"},"image":{"@id":"https:\/\/www.pressenza.com\/it\/2026\/04\/il-concetto-di-guerra-giusta-nella-chiesa-cattolica\/#primaryimage"},"thumbnailUrl":"https:\/\/www.pressenza.com\/wp-content\/uploads\/2026\/04\/Papa-Leone-XIV.webp","datePublished":"2026-04-27T12:07:37+00:00","description":"Papa Francesco \u00e8 stato un pontefice dall'importante impegno pacifista dichiarato senza mezzi termini.\u00a0 Fu proprio lui a considerare \u00abinammissibile\u00bb anche","breadcrumb":{"@id":"https:\/\/www.pressenza.com\/it\/2026\/04\/il-concetto-di-guerra-giusta-nella-chiesa-cattolica\/#breadcrumb"},"inLanguage":"it-IT","potentialAction":[{"@type":"ReadAction","target":["https:\/\/www.pressenza.com\/it\/2026\/04\/il-concetto-di-guerra-giusta-nella-chiesa-cattolica\/"]}]},{"@type":"ImageObject","inLanguage":"it-IT","@id":"https:\/\/www.pressenza.com\/it\/2026\/04\/il-concetto-di-guerra-giusta-nella-chiesa-cattolica\/#primaryimage","url":"https:\/\/www.pressenza.com\/wp-content\/uploads\/2026\/04\/Papa-Leone-XIV.webp","contentUrl":"https:\/\/www.pressenza.com\/wp-content\/uploads\/2026\/04\/Papa-Leone-XIV.webp","width":768,"height":512},{"@type":"BreadcrumbList","@id":"https:\/\/www.pressenza.com\/it\/2026\/04\/il-concetto-di-guerra-giusta-nella-chiesa-cattolica\/#breadcrumb","itemListElement":[{"@type":"ListItem","position":1,"name":"Accueil","item":"https:\/\/www.pressenza.com\/it\/"},{"@type":"ListItem","position":2,"name":"Il concetto di &#8220;guerra giusta&#8221; nella Chiesa Cattolica"}]},{"@type":"WebSite","@id":"https:\/\/www.pressenza.com\/it\/#website","url":"https:\/\/www.pressenza.com\/it\/","name":"Pressenza","description":"Agenzia di Stampa Internazionale","publisher":{"@id":"https:\/\/www.pressenza.com\/it\/#organization"},"potentialAction":[{"@type":"SearchAction","target":{"@type":"EntryPoint","urlTemplate":"https:\/\/www.pressenza.com\/it\/?s={search_term_string}"},"query-input":{"@type":"PropertyValueSpecification","valueRequired":true,"valueName":"search_term_string"}}],"inLanguage":"it-IT"},{"@type":"Organization","@id":"https:\/\/www.pressenza.com\/it\/#organization","name":"Pressenza","url":"https:\/\/www.pressenza.com\/it\/","logo":{"@type":"ImageObject","inLanguage":"it-IT","@id":"https:\/\/www.pressenza.com\/it\/#\/schema\/logo\/image\/","url":"https:\/\/www.pressenza.com\/wp-content\/uploads\/2022\/10\/pressenza_logo_200x200.jpg","contentUrl":"https:\/\/www.pressenza.com\/wp-content\/uploads\/2022\/10\/pressenza_logo_200x200.jpg","width":200,"height":200,"caption":"Pressenza"},"image":{"@id":"https:\/\/www.pressenza.com\/it\/#\/schema\/logo\/image\/"},"sameAs":["https:\/\/www.facebook.com\/PressenzaItalia","https:\/\/x.com\/PressenzaIPA"]},{"@type":"Person","@id":"https:\/\/www.pressenza.com\/it\/#\/schema\/person\/83cab62d5aaad28d2ef7c9b71a62926b","name":"Lorenzo Poli","url":"https:\/\/www.pressenza.com\/it\/author\/lorenzo-poli\/"}]}},"place":"","original_article_url":"","_links":{"self":[{"href":"https:\/\/www.pressenza.com\/it\/wp-json\/wp\/v2\/posts\/2695850","targetHints":{"allow":["GET"]}}],"collection":[{"href":"https:\/\/www.pressenza.com\/it\/wp-json\/wp\/v2\/posts"}],"about":[{"href":"https:\/\/www.pressenza.com\/it\/wp-json\/wp\/v2\/types\/post"}],"author":[{"embeddable":true,"href":"https:\/\/www.pressenza.com\/it\/wp-json\/wp\/v2\/users\/1887"}],"replies":[{"embeddable":true,"href":"https:\/\/www.pressenza.com\/it\/wp-json\/wp\/v2\/comments?post=2695850"}],"version-history":[{"count":1,"href":"https:\/\/www.pressenza.com\/it\/wp-json\/wp\/v2\/posts\/2695850\/revisions"}],"predecessor-version":[{"id":2695886,"href":"https:\/\/www.pressenza.com\/it\/wp-json\/wp\/v2\/posts\/2695850\/revisions\/2695886"}],"wp:featuredmedia":[{"embeddable":true,"href":"https:\/\/www.pressenza.com\/it\/wp-json\/wp\/v2\/media\/2695885"}],"wp:attachment":[{"href":"https:\/\/www.pressenza.com\/it\/wp-json\/wp\/v2\/media?parent=2695850"}],"wp:term":[{"taxonomy":"category","embeddable":true,"href":"https:\/\/www.pressenza.com\/it\/wp-json\/wp\/v2\/categories?post=2695850"},{"taxonomy":"post_tag","embeddable":true,"href":"https:\/\/www.pressenza.com\/it\/wp-json\/wp\/v2\/tags?post=2695850"}],"curies":[{"name":"wp","href":"https:\/\/api.w.org\/{rel}","templated":true}]}}