{"id":2695749,"date":"2026-04-26T15:59:13","date_gmt":"2026-04-26T14:59:13","guid":{"rendered":"https:\/\/www.pressenza.com\/?p=2695749"},"modified":"2026-04-26T15:59:13","modified_gmt":"2026-04-26T14:59:13","slug":"le-conseguenze-non-dette-della-guerra-israelo-statunitense-contro-liran-cronache-dallo-sri-lanka","status":"publish","type":"post","link":"https:\/\/www.pressenza.com\/it\/2026\/04\/le-conseguenze-non-dette-della-guerra-israelo-statunitense-contro-liran-cronache-dallo-sri-lanka\/","title":{"rendered":"Le conseguenze non dette della guerra israelo-statunitense contro l\u2019Iran:  cronache dallo Sri Lanka"},"content":{"rendered":"<p>Il 28 febbraio 2026, gli Stati Uniti e Israele hanno dato il via alla loro campagna di bombardamenti contro l\u2019Iran. Ci\u00f2 ha provocato gravi conseguenze nella regione del Golfo, cos\u00ec come nel mondo. Dalle sospensioni dei voli e disagi nei trasporti, all\u2019aumento dei prezzi del carburante e del gas, piccoli paesi come lo Sri Lanka si sono trovati in prima linea nel subire le conseguenze indirette della guerra contro l\u2019Iran. Ero l\u00ec per assistere in prima persona a questi sconvolgimenti, il che mi ha permesso di raccogliere testimonianze dalla popolazione locale. La composizione demografica dello Sri Lanka \u00e8 dominata dai singalesi, che rappresentano i tre quarti della popolazione, seguiti dai tamil dello Sri Lanka, i mori dello Sri Lanka e diverse comunit\u00e0 pi\u00f9 piccole. Il Paese mantiene un\u00b4economia basata sui servizi,<br \/>\ncon il turismo, l\u00b4industria manifatturiera e le rimesse dall\u00b4estero a sostenere il PIL nazionale.<\/p>\n<p>La seguente intervista \u00e8 solo una delle tante storie che ho avuto il privilegio di ascoltare. Per motivi di sicurezza e privacy, l\u00b4intervistato ha chiesto di mantenere l\u2019anonimato. Lascer\u00f2 che siano le sue parole a parlare per lui, con l\u00b4intento di dare voce a chi non ha voce. L\u00b4intervista \u00e8 stata condotta tramite una piattaforma di messaggistica online, poco dopo la mia partenza dall\u00b4Asia. Tradotto in inglese tramite strumenti di traduzione online, il testo potrebbe contenere piccole imprecisioni.<\/p>\n<p>Ho scelto di includere il testo originale in singalese, nella speranza che questo articolo rimanga accessibile anche ad un pubblico di lingua singalese.<\/p>\n<p><em>N.B. Potete trovare il testo originale nella versione inglese dell\u2019articolo<\/em><\/p>\n<div id=\"attachment_2695759\" class=\"wp-caption alignnone\"><img loading=\"lazy\" decoding=\"async\" aria-describedby=\"caption-attachment-2695759\" class=\"wp-image-2695759 size-full\" src=\"https:\/\/www.pressenza.com\/wp-content\/uploads\/2026\/04\/2-Medium-1.jpeg\" alt=\"\" width=\"640\" height=\"427\" srcset=\"https:\/\/www.pressenza.com\/wp-content\/uploads\/2026\/04\/2-Medium-1.jpeg 640w, https:\/\/www.pressenza.com\/wp-content\/uploads\/2026\/04\/2-Medium-1-300x200.jpeg 300w\" sizes=\"auto, (max-width: 640px) 100vw, 640px\" \/><p id=\"caption-attachment-2695759\" class=\"wp-caption-text\">Stazione di servizio a Hatton, Sri Lanka. 12 marzo 2026. Foto di Anita Gillone.<\/p><\/div>\n<p><strong>D1. Dove vivi e di cosa ti occupi?<\/strong><br \/>\nSono dello Sri Lanka. Faccio l\u2019autista e il mio lavoro consiste nel trasportare turisti.<\/p>\n<p><strong>D2. In che modo la guerra contro l\u2019Iran ha influito sul tuo Paese e sul tuo lavoro?<\/strong><br \/>\nLascia che ti spieghi come questa guerra ci sta schernendo. Quando i paesi potenti scatenano una guerra, sono le persone innocenti dei paesi piccoli come il nostro a soffrire di pi\u00f9.<\/p>\n<p>Pensaci un attimo: la gente non ha serenit\u00e0 mentale. Siamo tutti in preda all\u00b4ansia nel pensare al domani. In tempi come questi, chi ha soldi ha fatto scorta di tutto il cibo e dei beni di prima necessit\u00e0 di cui avr\u00e0 bisogno nei prossimi mesi. Ma cosa possiamo fare noi, gente comune? In questo momento, i posti di lavoro di molte persone, come il mio, sono a rischio.<\/p>\n<p>I prezzi del carburante, della benzina e delle materie prime stanno aumentando rapidamente. Ma non abbiamo il reddito necessario per far fronte alle spese.<\/p>\n<p>Mi conosci. \u00c8 da molto tempo che non ho un lavoro. Il turismo estero \u00e8 stato interrotto. Ma \u00e8 costoso [vivere]. Il carburante \u00e8 limitato: 5,25 litri a settimana per un\u2019auto e 5 litri per una moto.<\/p>\n<div id=\"attachment_2695760\" class=\"wp-caption alignnone\"><img loading=\"lazy\" decoding=\"async\" aria-describedby=\"caption-attachment-2695760\" class=\"wp-image-2695760 size-full\" src=\"https:\/\/www.pressenza.com\/wp-content\/uploads\/2026\/04\/3-Medium-1.jpeg\" alt=\"\" width=\"640\" height=\"427\" srcset=\"https:\/\/www.pressenza.com\/wp-content\/uploads\/2026\/04\/3-Medium-1.jpeg 640w, https:\/\/www.pressenza.com\/wp-content\/uploads\/2026\/04\/3-Medium-1-300x200.jpeg 300w\" sizes=\"auto, (max-width: 640px) 100vw, 640px\" \/><p id=\"caption-attachment-2695760\" class=\"wp-caption-text\">Stazione di servizio vicino al Parco Nazionale di Undawalawe, Sri Lanka. 14 marzo 2026. Foto di Anita Gillone.<\/p><\/div>\n<p><strong>D3. Quali sono le principali difficolt\u00e0 che devono affrontare gli abitanti dello Sri Lanka?<\/strong><br \/>\nTu sai bene come funziona il mondo del lavoro. Come far\u00f2 a mantenere i miei figli e mia moglie? Quanto siamo tenuti a soffrire quando i paesi potenti scatenano guerre per il potere? I capi di Stato non hanno fatto altro che imporre tasse sulla popolazione, mentre loro vivono nell\u2019agiatezza. Soprattutto nel nostro paese.<\/p>\n<p>Dunque, come? In che modo la guerra influisce sul nostro Paese? Il nostro Paese \u00e8 davvero bellissimo. Ma nessun capo di Stato ha mai cercato di svilupparlo. [I politici] rubano e si arricchiscono. Vogliono che la gente sia povera. In questo modo \u00e8 facile, per loro, rimanere al potere.<\/p>\n<p>La gente del nostro Paese \u00e8 brava gente, ma i governanti l\u2019hanno resa impotente. Alcuni se ne vanno e trovano lavoro in altri paesi. Ma io lavoro qui [in Sri Lanka]. Le bollette dell\u00b4acqua e dell\u2019elettricit\u00e0 sono aumentate drasticamente. I prezzi di tutti i beni di prima necessit\u00e0 sono aumentati drasticamente.<\/p>\n<p>Quindi, come fa la gente a vivere? Non c\u00b4\u00e8 reddito sufficiente a coprire le spese.<\/p>\n<div id=\"attachment_2695761\" class=\"wp-caption alignnone\"><img loading=\"lazy\" decoding=\"async\" aria-describedby=\"caption-attachment-2695761\" class=\"wp-image-2695761 size-full\" src=\"https:\/\/www.pressenza.com\/wp-content\/uploads\/2026\/04\/4-Medium-1.jpeg\" alt=\"\" width=\"640\" height=\"427\" srcset=\"https:\/\/www.pressenza.com\/wp-content\/uploads\/2026\/04\/4-Medium-1.jpeg 640w, https:\/\/www.pressenza.com\/wp-content\/uploads\/2026\/04\/4-Medium-1-300x200.jpeg 300w\" sizes=\"auto, (max-width: 640px) 100vw, 640px\" \/><p id=\"caption-attachment-2695761\" class=\"wp-caption-text\">Dickoya, Sri Lanka. 11 marzo 2026. Foto di Anita Gillone.<\/p><\/div>\n<p><strong>D4. Quali sono alcune conseguenze di cui vorresti che la gente fosse a conoscenza, ma che non sono state riportate dai media?<\/strong><br \/>\nVedi, in questo momento, alcune persone possono permettersi solo un pasto al giorno.<\/p>\n<p>Perch\u00e9 i paesi potenti che lottano per il potere non pensano a questo? Come far\u00f2 a pagare le rate del leasing dell\u00b4auto quando perder\u00f2 il mio stipendio? Come potr\u00f2 pagare l\u00b4affitto?<\/p>\n<p>Come possiamo pagare l\u00b4istruzione dei nostri figli?<\/p>\n<div id=\"attachment_2695762\" class=\"wp-caption alignnone\"><img loading=\"lazy\" decoding=\"async\" aria-describedby=\"caption-attachment-2695762\" class=\"wp-image-2695762 size-full\" src=\"https:\/\/www.pressenza.com\/wp-content\/uploads\/2026\/04\/5-Medium-1.jpeg\" alt=\"\" width=\"640\" height=\"427\" srcset=\"https:\/\/www.pressenza.com\/wp-content\/uploads\/2026\/04\/5-Medium-1.jpeg 640w, https:\/\/www.pressenza.com\/wp-content\/uploads\/2026\/04\/5-Medium-1-300x200.jpeg 300w\" sizes=\"auto, (max-width: 640px) 100vw, 640px\" \/><p id=\"caption-attachment-2695762\" class=\"wp-caption-text\">Dickoya, Sri Lanka. 15 marzo 2026. Foto di Anita Gillone.<\/p><\/div>\n<p><strong>D5. Quali altri problemi avete incontrato tu e gli altri cittadini dello Sri Lanka?<\/strong><br \/>\nLascia che ti racconti una storia vera. Mio figlio pi\u00f9 grande sta perseguendo gli studi universitari quindi, tra qualche mese, avr\u00e0 bisogno di un computer portatile. Il mio lavoro, per\u00f2, \u00e8 a rischio. Mi chiedo come far\u00f2 a procurargliene uno [computer portatile].<\/p>\n<p>Questa guerra ha fortemente influito sull\u00b4istruzione dei nostri figli. Cosa accadr\u00e0 alle generazioni future? Questa guerra \u00e8 devastante, specialmente per i paesi poveri come il nostro.<\/p>\n<div id=\"attachment_2695763\" class=\"wp-caption alignnone\"><img loading=\"lazy\" decoding=\"async\" aria-describedby=\"caption-attachment-2695763\" class=\"wp-image-2695763 size-full\" src=\"https:\/\/www.pressenza.com\/wp-content\/uploads\/2026\/04\/6-Medium-1.jpeg\" alt=\"\" width=\"640\" height=\"427\" srcset=\"https:\/\/www.pressenza.com\/wp-content\/uploads\/2026\/04\/6-Medium-1.jpeg 640w, https:\/\/www.pressenza.com\/wp-content\/uploads\/2026\/04\/6-Medium-1-300x200.jpeg 300w\" sizes=\"auto, (max-width: 640px) 100vw, 640px\" \/><p id=\"caption-attachment-2695763\" class=\"wp-caption-text\">Negombo, Sri Lanka. 8 marzo 2026. Foto di Anita Gillone.<\/p><\/div>\n<p><strong>D6. Cosa ne pensi del nuovo partito politico eletto?<\/strong><br \/>\nIl nuovo governo \u00e8 guidato dal National People\u2019s Power (NPP). Io ho votato per loro. Aspettiamo con ansia il loro governo. Tuttavia, non vedo ancora un piano concreto. Sembra che il Presidente si stia impegnando molto. Sta cercando di ridurre gli sprechi, la corruzione e i furti. Ma non credo che ci riuscir\u00e0. Non \u00e8 stato fatto ancora nulla per la gente comune. Il popolo ha dato al NPP un\u00b4enorme maggioranza di due terzi. Se non governeranno bene, anche loro dovranno andarsene. Ma oggi come oggi, i politici salgono al potere ingannando la gente. La gente viene imbrogliata. Sono tutti amici. Vivono una vita comoda e agiata. La gente comune soffrir\u00e0 sempre. Lo Sri Lanka rimarr\u00e0 per sempre un paese povero sulla mappa del mondo.<\/p>\n<div id=\"attachment_2695764\" class=\"wp-caption alignnone\"><img loading=\"lazy\" decoding=\"async\" aria-describedby=\"caption-attachment-2695764\" class=\"wp-image-2695764 size-full\" src=\"https:\/\/www.pressenza.com\/wp-content\/uploads\/2026\/04\/7-Medium-1.jpeg\" alt=\"\" width=\"640\" height=\"427\" srcset=\"https:\/\/www.pressenza.com\/wp-content\/uploads\/2026\/04\/7-Medium-1.jpeg 640w, https:\/\/www.pressenza.com\/wp-content\/uploads\/2026\/04\/7-Medium-1-300x200.jpeg 300w\" sizes=\"auto, (max-width: 640px) 100vw, 640px\" \/><p id=\"caption-attachment-2695764\" class=\"wp-caption-text\">Dickoya, Sri Lanka. 12 marzo 2026. Foto di Anita Gillone.<\/p><\/div>\n<p>Lo Sri Lanka \u00e8 stato uno dei primi paesi del Sud Asia a subire le conseguenze indirette della guerra contro l\u2019Iran. Questa splendida isola sta attraversando una crisi economica deturpante, la quale ha paralizzato il turismo, lasciando segni indelebili sulla popolazione.<br \/>\nEppure, lo spirito del suo popolo rimane indomito. Durante la mia permanenza in Sri Lanka, nel marzo 2026, sono stata accolta da sorrisi e gentilezza ad ogni angolo. L\u00ec ho stretto amicizie che sono certa di ritrovare, un giorno, e incoraggio tutti voi a fare lo stesso.<\/p>\n<div id=\"attachment_2695765\" class=\"wp-caption alignnone\"><img loading=\"lazy\" decoding=\"async\" aria-describedby=\"caption-attachment-2695765\" class=\"wp-image-2695765 size-full\" src=\"https:\/\/www.pressenza.com\/wp-content\/uploads\/2026\/04\/8-Medium.jpeg\" alt=\"\" width=\"640\" height=\"427\" srcset=\"https:\/\/www.pressenza.com\/wp-content\/uploads\/2026\/04\/8-Medium.jpeg 640w, https:\/\/www.pressenza.com\/wp-content\/uploads\/2026\/04\/8-Medium-300x200.jpeg 300w\" sizes=\"auto, (max-width: 640px) 100vw, 640px\" \/><p id=\"caption-attachment-2695765\" class=\"wp-caption-text\">Galle, Sri Lanka. 16 marzo 2026. Foto di Anita Barbara Gillone.<\/p><\/div>\n","protected":false},"excerpt":{"rendered":"<p>Il 28 febbraio 2026, gli Stati Uniti e Israele hanno dato il via alla loro campagna di bombardamenti contro l\u2019Iran. Ci\u00f2 ha provocato gravi conseguenze nella regione del Golfo, cos\u00ec come nel mondo. Dalle sospensioni dei voli e disagi nei&hellip;<\/p>\n","protected":false},"author":2145,"featured_media":2695758,"comment_status":"closed","ping_status":"closed","sticky":false,"template":"","format":"standard","meta":{"footnotes":""},"categories":[46,11388,62,157,1263],"tags":[206,3554],"class_list":["post-2695749","post","type-post","status-publish","format-standard","has-post-thumbnail","hentry","category-asia-it","category-contenuti-originali","category-economia","category-interviste","category-pace-disarmo","tag-iran","tag-sri-lanka"],"yoast_head":"<!-- This site is optimized with the Yoast SEO plugin v27.1.1 - https:\/\/yoast.com\/product\/yoast-seo-wordpress\/ -->\n<title>Le conseguenze non dette della guerra israelo-statunitense contro l\u2019Iran: cronache dallo Sri Lanka<\/title>\n<meta name=\"description\" content=\"Il 28 febbraio 2026, gli Stati Uniti e Israele hanno dato il via alla loro campagna di bombardamenti contro l\u2019Iran. Ci\u00f2 ha provocato gravi conseguenze\" \/>\n<meta name=\"robots\" content=\"index, follow, max-snippet:-1, max-image-preview:large, max-video-preview:-1\" \/>\n<link rel=\"canonical\" href=\"https:\/\/www.pressenza.com\/it\/2026\/04\/le-conseguenze-non-dette-della-guerra-israelo-statunitense-contro-liran-cronache-dallo-sri-lanka\/\" \/>\n<meta property=\"og:locale\" content=\"it_IT\" \/>\n<meta property=\"og:type\" content=\"article\" \/>\n<meta property=\"og:title\" content=\"Le conseguenze non dette della guerra israelo-statunitense contro l\u2019Iran: cronache dallo Sri Lanka\" \/>\n<meta property=\"og:description\" content=\"Il 28 febbraio 2026, gli Stati Uniti e Israele hanno dato il via alla loro campagna di bombardamenti contro l\u2019Iran. Ci\u00f2 ha provocato gravi conseguenze\" \/>\n<meta property=\"og:url\" content=\"https:\/\/www.pressenza.com\/it\/2026\/04\/le-conseguenze-non-dette-della-guerra-israelo-statunitense-contro-liran-cronache-dallo-sri-lanka\/\" \/>\n<meta property=\"og:site_name\" content=\"Pressenza\" \/>\n<meta property=\"article:publisher\" content=\"https:\/\/www.facebook.com\/PressenzaItalia\" \/>\n<meta property=\"article:published_time\" content=\"2026-04-26T14:59:13+00:00\" \/>\n<meta property=\"og:image\" content=\"https:\/\/www.pressenza.com\/wp-content\/uploads\/2026\/04\/1-Medium-1.jpeg\" \/>\n\t<meta property=\"og:image:width\" content=\"640\" \/>\n\t<meta property=\"og:image:height\" content=\"427\" \/>\n\t<meta property=\"og:image:type\" content=\"image\/jpeg\" \/>\n<meta name=\"author\" content=\"Anita Barbara Gillone\" \/>\n<meta name=\"twitter:card\" content=\"summary_large_image\" \/>\n<meta name=\"twitter:creator\" content=\"@PressenzaIPA\" \/>\n<meta name=\"twitter:site\" content=\"@PressenzaIPA\" \/>\n<meta name=\"twitter:label1\" content=\"Scritto da\" \/>\n\t<meta name=\"twitter:data1\" content=\"Anita Barbara Gillone\" \/>\n\t<meta name=\"twitter:label2\" content=\"Tempo di lettura stimato\" \/>\n\t<meta name=\"twitter:data2\" content=\"7 minuti\" \/>\n<script type=\"application\/ld+json\" class=\"yoast-schema-graph\">{\"@context\":\"https:\/\/schema.org\",\"@graph\":[{\"@type\":\"Article\",\"@id\":\"https:\/\/www.pressenza.com\/it\/2026\/04\/le-conseguenze-non-dette-della-guerra-israelo-statunitense-contro-liran-cronache-dallo-sri-lanka\/#article\",\"isPartOf\":{\"@id\":\"https:\/\/www.pressenza.com\/it\/2026\/04\/le-conseguenze-non-dette-della-guerra-israelo-statunitense-contro-liran-cronache-dallo-sri-lanka\/\"},\"author\":{\"name\":\"Anita Barbara Gillone\",\"@id\":\"https:\/\/www.pressenza.com\/it\/#\/schema\/person\/6ab58cc0253cead422138e24b1b30ba5\"},\"headline\":\"Le conseguenze non dette della guerra israelo-statunitense contro l\u2019Iran: cronache dallo Sri Lanka\",\"datePublished\":\"2026-04-26T14:59:13+00:00\",\"mainEntityOfPage\":{\"@id\":\"https:\/\/www.pressenza.com\/it\/2026\/04\/le-conseguenze-non-dette-della-guerra-israelo-statunitense-contro-liran-cronache-dallo-sri-lanka\/\"},\"wordCount\":1155,\"publisher\":{\"@id\":\"https:\/\/www.pressenza.com\/it\/#organization\"},\"image\":{\"@id\":\"https:\/\/www.pressenza.com\/it\/2026\/04\/le-conseguenze-non-dette-della-guerra-israelo-statunitense-contro-liran-cronache-dallo-sri-lanka\/#primaryimage\"},\"thumbnailUrl\":\"https:\/\/www.pressenza.com\/wp-content\/uploads\/2026\/04\/1-Medium-1.jpeg\",\"keywords\":[\"Iran\",\"Sri Lanka\"],\"articleSection\":[\"Asia\",\"contenuti originali\",\"Economia\",\"Interviste\",\"Pace e Disarmo\"],\"inLanguage\":\"it-IT\"},{\"@type\":\"WebPage\",\"@id\":\"https:\/\/www.pressenza.com\/it\/2026\/04\/le-conseguenze-non-dette-della-guerra-israelo-statunitense-contro-liran-cronache-dallo-sri-lanka\/\",\"url\":\"https:\/\/www.pressenza.com\/it\/2026\/04\/le-conseguenze-non-dette-della-guerra-israelo-statunitense-contro-liran-cronache-dallo-sri-lanka\/\",\"name\":\"Le conseguenze non dette della guerra israelo-statunitense contro l\u2019Iran: cronache dallo Sri Lanka\",\"isPartOf\":{\"@id\":\"https:\/\/www.pressenza.com\/it\/#website\"},\"primaryImageOfPage\":{\"@id\":\"https:\/\/www.pressenza.com\/it\/2026\/04\/le-conseguenze-non-dette-della-guerra-israelo-statunitense-contro-liran-cronache-dallo-sri-lanka\/#primaryimage\"},\"image\":{\"@id\":\"https:\/\/www.pressenza.com\/it\/2026\/04\/le-conseguenze-non-dette-della-guerra-israelo-statunitense-contro-liran-cronache-dallo-sri-lanka\/#primaryimage\"},\"thumbnailUrl\":\"https:\/\/www.pressenza.com\/wp-content\/uploads\/2026\/04\/1-Medium-1.jpeg\",\"datePublished\":\"2026-04-26T14:59:13+00:00\",\"description\":\"Il 28 febbraio 2026, gli Stati Uniti e Israele hanno dato il via alla loro campagna di bombardamenti contro l\u2019Iran. Ci\u00f2 ha provocato gravi conseguenze\",\"breadcrumb\":{\"@id\":\"https:\/\/www.pressenza.com\/it\/2026\/04\/le-conseguenze-non-dette-della-guerra-israelo-statunitense-contro-liran-cronache-dallo-sri-lanka\/#breadcrumb\"},\"inLanguage\":\"it-IT\",\"potentialAction\":[{\"@type\":\"ReadAction\",\"target\":[\"https:\/\/www.pressenza.com\/it\/2026\/04\/le-conseguenze-non-dette-della-guerra-israelo-statunitense-contro-liran-cronache-dallo-sri-lanka\/\"]}]},{\"@type\":\"ImageObject\",\"inLanguage\":\"it-IT\",\"@id\":\"https:\/\/www.pressenza.com\/it\/2026\/04\/le-conseguenze-non-dette-della-guerra-israelo-statunitense-contro-liran-cronache-dallo-sri-lanka\/#primaryimage\",\"url\":\"https:\/\/www.pressenza.com\/wp-content\/uploads\/2026\/04\/1-Medium-1.jpeg\",\"contentUrl\":\"https:\/\/www.pressenza.com\/wp-content\/uploads\/2026\/04\/1-Medium-1.jpeg\",\"width\":640,\"height\":427},{\"@type\":\"BreadcrumbList\",\"@id\":\"https:\/\/www.pressenza.com\/it\/2026\/04\/le-conseguenze-non-dette-della-guerra-israelo-statunitense-contro-liran-cronache-dallo-sri-lanka\/#breadcrumb\",\"itemListElement\":[{\"@type\":\"ListItem\",\"position\":1,\"name\":\"Accueil\",\"item\":\"https:\/\/www.pressenza.com\/it\/\"},{\"@type\":\"ListItem\",\"position\":2,\"name\":\"Le conseguenze non dette della guerra israelo-statunitense contro l\u2019Iran: cronache dallo Sri Lanka\"}]},{\"@type\":\"WebSite\",\"@id\":\"https:\/\/www.pressenza.com\/it\/#website\",\"url\":\"https:\/\/www.pressenza.com\/it\/\",\"name\":\"Pressenza\",\"description\":\"Agenzia di Stampa Internazionale\",\"publisher\":{\"@id\":\"https:\/\/www.pressenza.com\/it\/#organization\"},\"potentialAction\":[{\"@type\":\"SearchAction\",\"target\":{\"@type\":\"EntryPoint\",\"urlTemplate\":\"https:\/\/www.pressenza.com\/it\/?s={search_term_string}\"},\"query-input\":{\"@type\":\"PropertyValueSpecification\",\"valueRequired\":true,\"valueName\":\"search_term_string\"}}],\"inLanguage\":\"it-IT\"},{\"@type\":\"Organization\",\"@id\":\"https:\/\/www.pressenza.com\/it\/#organization\",\"name\":\"Pressenza\",\"url\":\"https:\/\/www.pressenza.com\/it\/\",\"logo\":{\"@type\":\"ImageObject\",\"inLanguage\":\"it-IT\",\"@id\":\"https:\/\/www.pressenza.com\/it\/#\/schema\/logo\/image\/\",\"url\":\"https:\/\/www.pressenza.com\/wp-content\/uploads\/2022\/10\/pressenza_logo_200x200.jpg\",\"contentUrl\":\"https:\/\/www.pressenza.com\/wp-content\/uploads\/2022\/10\/pressenza_logo_200x200.jpg\",\"width\":200,\"height\":200,\"caption\":\"Pressenza\"},\"image\":{\"@id\":\"https:\/\/www.pressenza.com\/it\/#\/schema\/logo\/image\/\"},\"sameAs\":[\"https:\/\/www.facebook.com\/PressenzaItalia\",\"https:\/\/x.com\/PressenzaIPA\"]},{\"@type\":\"Person\",\"@id\":\"https:\/\/www.pressenza.com\/it\/#\/schema\/person\/6ab58cc0253cead422138e24b1b30ba5\",\"name\":\"Anita Barbara Gillone\",\"description\":\"I am an undergraduate student of International Relations at SOAS University of London. I am passionate about diversity of all types. I find writing the best way to communicate my thoughts clearly. I know five languages and play the cello. I love helping others as much as I possibly can. Journalism and humanitarian activism are my main focuses right now.\",\"url\":\"https:\/\/www.pressenza.com\/it\/author\/anita-barbara-gillone\/\"}]}<\/script>\n<!-- \/ Yoast SEO plugin. -->","yoast_head_json":{"title":"Le conseguenze non dette della guerra israelo-statunitense contro l\u2019Iran: cronache dallo Sri Lanka","description":"Il 28 febbraio 2026, gli Stati Uniti e Israele hanno dato il via alla loro campagna di bombardamenti contro l\u2019Iran. Ci\u00f2 ha provocato gravi conseguenze","robots":{"index":"index","follow":"follow","max-snippet":"max-snippet:-1","max-image-preview":"max-image-preview:large","max-video-preview":"max-video-preview:-1"},"canonical":"https:\/\/www.pressenza.com\/it\/2026\/04\/le-conseguenze-non-dette-della-guerra-israelo-statunitense-contro-liran-cronache-dallo-sri-lanka\/","og_locale":"it_IT","og_type":"article","og_title":"Le conseguenze non dette della guerra israelo-statunitense contro l\u2019Iran: cronache dallo Sri Lanka","og_description":"Il 28 febbraio 2026, gli Stati Uniti e Israele hanno dato il via alla loro campagna di bombardamenti contro l\u2019Iran. Ci\u00f2 ha provocato gravi conseguenze","og_url":"https:\/\/www.pressenza.com\/it\/2026\/04\/le-conseguenze-non-dette-della-guerra-israelo-statunitense-contro-liran-cronache-dallo-sri-lanka\/","og_site_name":"Pressenza","article_publisher":"https:\/\/www.facebook.com\/PressenzaItalia","article_published_time":"2026-04-26T14:59:13+00:00","og_image":[{"width":640,"height":427,"url":"https:\/\/www.pressenza.com\/wp-content\/uploads\/2026\/04\/1-Medium-1.jpeg","type":"image\/jpeg"}],"author":"Anita Barbara Gillone","twitter_card":"summary_large_image","twitter_creator":"@PressenzaIPA","twitter_site":"@PressenzaIPA","twitter_misc":{"Scritto da":"Anita Barbara Gillone","Tempo di lettura stimato":"7 minuti"},"schema":{"@context":"https:\/\/schema.org","@graph":[{"@type":"Article","@id":"https:\/\/www.pressenza.com\/it\/2026\/04\/le-conseguenze-non-dette-della-guerra-israelo-statunitense-contro-liran-cronache-dallo-sri-lanka\/#article","isPartOf":{"@id":"https:\/\/www.pressenza.com\/it\/2026\/04\/le-conseguenze-non-dette-della-guerra-israelo-statunitense-contro-liran-cronache-dallo-sri-lanka\/"},"author":{"name":"Anita Barbara Gillone","@id":"https:\/\/www.pressenza.com\/it\/#\/schema\/person\/6ab58cc0253cead422138e24b1b30ba5"},"headline":"Le conseguenze non dette della guerra israelo-statunitense contro l\u2019Iran: cronache dallo Sri Lanka","datePublished":"2026-04-26T14:59:13+00:00","mainEntityOfPage":{"@id":"https:\/\/www.pressenza.com\/it\/2026\/04\/le-conseguenze-non-dette-della-guerra-israelo-statunitense-contro-liran-cronache-dallo-sri-lanka\/"},"wordCount":1155,"publisher":{"@id":"https:\/\/www.pressenza.com\/it\/#organization"},"image":{"@id":"https:\/\/www.pressenza.com\/it\/2026\/04\/le-conseguenze-non-dette-della-guerra-israelo-statunitense-contro-liran-cronache-dallo-sri-lanka\/#primaryimage"},"thumbnailUrl":"https:\/\/www.pressenza.com\/wp-content\/uploads\/2026\/04\/1-Medium-1.jpeg","keywords":["Iran","Sri Lanka"],"articleSection":["Asia","contenuti originali","Economia","Interviste","Pace e Disarmo"],"inLanguage":"it-IT"},{"@type":"WebPage","@id":"https:\/\/www.pressenza.com\/it\/2026\/04\/le-conseguenze-non-dette-della-guerra-israelo-statunitense-contro-liran-cronache-dallo-sri-lanka\/","url":"https:\/\/www.pressenza.com\/it\/2026\/04\/le-conseguenze-non-dette-della-guerra-israelo-statunitense-contro-liran-cronache-dallo-sri-lanka\/","name":"Le conseguenze non dette della guerra israelo-statunitense contro l\u2019Iran: cronache dallo Sri Lanka","isPartOf":{"@id":"https:\/\/www.pressenza.com\/it\/#website"},"primaryImageOfPage":{"@id":"https:\/\/www.pressenza.com\/it\/2026\/04\/le-conseguenze-non-dette-della-guerra-israelo-statunitense-contro-liran-cronache-dallo-sri-lanka\/#primaryimage"},"image":{"@id":"https:\/\/www.pressenza.com\/it\/2026\/04\/le-conseguenze-non-dette-della-guerra-israelo-statunitense-contro-liran-cronache-dallo-sri-lanka\/#primaryimage"},"thumbnailUrl":"https:\/\/www.pressenza.com\/wp-content\/uploads\/2026\/04\/1-Medium-1.jpeg","datePublished":"2026-04-26T14:59:13+00:00","description":"Il 28 febbraio 2026, gli Stati Uniti e Israele hanno dato il via alla loro campagna di bombardamenti contro l\u2019Iran. Ci\u00f2 ha provocato gravi conseguenze","breadcrumb":{"@id":"https:\/\/www.pressenza.com\/it\/2026\/04\/le-conseguenze-non-dette-della-guerra-israelo-statunitense-contro-liran-cronache-dallo-sri-lanka\/#breadcrumb"},"inLanguage":"it-IT","potentialAction":[{"@type":"ReadAction","target":["https:\/\/www.pressenza.com\/it\/2026\/04\/le-conseguenze-non-dette-della-guerra-israelo-statunitense-contro-liran-cronache-dallo-sri-lanka\/"]}]},{"@type":"ImageObject","inLanguage":"it-IT","@id":"https:\/\/www.pressenza.com\/it\/2026\/04\/le-conseguenze-non-dette-della-guerra-israelo-statunitense-contro-liran-cronache-dallo-sri-lanka\/#primaryimage","url":"https:\/\/www.pressenza.com\/wp-content\/uploads\/2026\/04\/1-Medium-1.jpeg","contentUrl":"https:\/\/www.pressenza.com\/wp-content\/uploads\/2026\/04\/1-Medium-1.jpeg","width":640,"height":427},{"@type":"BreadcrumbList","@id":"https:\/\/www.pressenza.com\/it\/2026\/04\/le-conseguenze-non-dette-della-guerra-israelo-statunitense-contro-liran-cronache-dallo-sri-lanka\/#breadcrumb","itemListElement":[{"@type":"ListItem","position":1,"name":"Accueil","item":"https:\/\/www.pressenza.com\/it\/"},{"@type":"ListItem","position":2,"name":"Le conseguenze non dette della guerra israelo-statunitense contro l\u2019Iran: cronache dallo Sri Lanka"}]},{"@type":"WebSite","@id":"https:\/\/www.pressenza.com\/it\/#website","url":"https:\/\/www.pressenza.com\/it\/","name":"Pressenza","description":"Agenzia di Stampa Internazionale","publisher":{"@id":"https:\/\/www.pressenza.com\/it\/#organization"},"potentialAction":[{"@type":"SearchAction","target":{"@type":"EntryPoint","urlTemplate":"https:\/\/www.pressenza.com\/it\/?s={search_term_string}"},"query-input":{"@type":"PropertyValueSpecification","valueRequired":true,"valueName":"search_term_string"}}],"inLanguage":"it-IT"},{"@type":"Organization","@id":"https:\/\/www.pressenza.com\/it\/#organization","name":"Pressenza","url":"https:\/\/www.pressenza.com\/it\/","logo":{"@type":"ImageObject","inLanguage":"it-IT","@id":"https:\/\/www.pressenza.com\/it\/#\/schema\/logo\/image\/","url":"https:\/\/www.pressenza.com\/wp-content\/uploads\/2022\/10\/pressenza_logo_200x200.jpg","contentUrl":"https:\/\/www.pressenza.com\/wp-content\/uploads\/2022\/10\/pressenza_logo_200x200.jpg","width":200,"height":200,"caption":"Pressenza"},"image":{"@id":"https:\/\/www.pressenza.com\/it\/#\/schema\/logo\/image\/"},"sameAs":["https:\/\/www.facebook.com\/PressenzaItalia","https:\/\/x.com\/PressenzaIPA"]},{"@type":"Person","@id":"https:\/\/www.pressenza.com\/it\/#\/schema\/person\/6ab58cc0253cead422138e24b1b30ba5","name":"Anita Barbara Gillone","description":"I am an undergraduate student of International Relations at SOAS University of London. I am passionate about diversity of all types. I find writing the best way to communicate my thoughts clearly. I know five languages and play the cello. I love helping others as much as I possibly can. Journalism and humanitarian activism are my main focuses right now.","url":"https:\/\/www.pressenza.com\/it\/author\/anita-barbara-gillone\/"}]}},"place":"Torino, Italia","original_article_url":"","_links":{"self":[{"href":"https:\/\/www.pressenza.com\/it\/wp-json\/wp\/v2\/posts\/2695749","targetHints":{"allow":["GET"]}}],"collection":[{"href":"https:\/\/www.pressenza.com\/it\/wp-json\/wp\/v2\/posts"}],"about":[{"href":"https:\/\/www.pressenza.com\/it\/wp-json\/wp\/v2\/types\/post"}],"author":[{"embeddable":true,"href":"https:\/\/www.pressenza.com\/it\/wp-json\/wp\/v2\/users\/2145"}],"replies":[{"embeddable":true,"href":"https:\/\/www.pressenza.com\/it\/wp-json\/wp\/v2\/comments?post=2695749"}],"version-history":[{"count":1,"href":"https:\/\/www.pressenza.com\/it\/wp-json\/wp\/v2\/posts\/2695749\/revisions"}],"predecessor-version":[{"id":2695766,"href":"https:\/\/www.pressenza.com\/it\/wp-json\/wp\/v2\/posts\/2695749\/revisions\/2695766"}],"wp:featuredmedia":[{"embeddable":true,"href":"https:\/\/www.pressenza.com\/it\/wp-json\/wp\/v2\/media\/2695758"}],"wp:attachment":[{"href":"https:\/\/www.pressenza.com\/it\/wp-json\/wp\/v2\/media?parent=2695749"}],"wp:term":[{"taxonomy":"category","embeddable":true,"href":"https:\/\/www.pressenza.com\/it\/wp-json\/wp\/v2\/categories?post=2695749"},{"taxonomy":"post_tag","embeddable":true,"href":"https:\/\/www.pressenza.com\/it\/wp-json\/wp\/v2\/tags?post=2695749"}],"curies":[{"name":"wp","href":"https:\/\/api.w.org\/{rel}","templated":true}]}}