{"id":2695729,"date":"2026-04-26T14:52:34","date_gmt":"2026-04-26T13:52:34","guid":{"rendered":"https:\/\/www.pressenza.com\/?p=2695729"},"modified":"2026-04-26T14:52:34","modified_gmt":"2026-04-26T13:52:34","slug":"conferenza-di-santa-marta-il-trattato-sui-combustibili-fossili-come-nuova-frontiera-politica-globale","status":"publish","type":"post","link":"https:\/\/www.pressenza.com\/it\/2026\/04\/conferenza-di-santa-marta-il-trattato-sui-combustibili-fossili-come-nuova-frontiera-politica-globale\/","title":{"rendered":"Conferenza di Santa Marta, il trattato sui combustibili fossili come nuova frontiera politica globale"},"content":{"rendered":"<p><strong>Kumi Naidoo<\/strong>, attivista sudafricano per i diritti umani e la giustizia climatica, \u00e8 presidente della campagna globale del <strong>Trattato di non proliferazione dei combustibili fossili<\/strong>. La sua visione nasce da un percorso che parte da lontano, inizia durante la lotta contro l\u2019apartheid e prosegue nei movimenti globali per i diritti civili e la difesa del pianeta. Per lui, la battaglia climatica non \u00e8 separata dalle altre lotte per la giustizia: tutte fanno parte di un unico percorso che riguarda dignit\u00e0, equit\u00e0 e sopravvivenza collettiva.<\/p>\n<p>Le sue parole risuonano forti durante l\u2019assemblea delle realt\u00e0 afrodiscendenti che si \u00e8 svolta nella seconda giornata della Conferenza internazionale per l\u2019eliminazione dei combustibili fossili presso il <strong>campus di Santa Marta dell\u2019Universit\u00e0 Cooperativa della Colombia<\/strong>. Nel contesto attuale, Naidoo osserva come il sistema globale sia ancora fortemente legato ai combustibili fossili, nonostante la consapevolezza diffusa dei loro effetti devastanti. Governi e grandi interessi economici continuano ad appoggiare un modello energetico insostenibile socialmente e ambientalmente e incompatibile con gli obiettivi climatici, pianificando una produzione futura ben oltre i limiti necessari per contenere il riscaldamento globale. Tuttavia, segnali di cambiamento stanno emergendo, anche grazie a nuove dinamiche politiche ed economiche.<\/p>\n<p>In questo scenario, Naidoo propone una lettura controintuitiva del ruolo di Donald Trump: pur avendo promosso politiche fortemente basate sui combustibili fossili, la sua azione potrebbe accelerarne indirettamente il declino. Il rafforzamento di posizioni estreme e negazioniste, infatti, ha contribuito a polarizzare il dibattito e a mobilitare una reazione pi\u00f9 ampia a favore della riconversione ecologica. In questo senso, Trump diventa un \u201cpromotore accidentale\u201d del superamento del modello fossile, perch\u00e9 le sue politiche evidenziano con maggiore chiarezza l\u2019insostenibilit\u00e0 dell\u2019attuale sistema.<\/p>\n<p>Parallelamente, cresce il peso delle iniziative internazionali che cercano di costruire alternative concrete. Tra queste, la campagna per un Trattato di non proliferazione dei combustibili fossili punta a fermare l\u2019espansione di carbone, petrolio e gas e a gestire una <strong>riconversione equa verso le energie rinnovabili<\/strong>. L\u2019idea si ispira ad accordi globali gi\u00e0 esistenti e mira a creare un quadro vincolante che unisca giustizia climatica e cooperazione internazionale.<\/p>\n<p>Un elemento centrale nella riflessione di Naidoo riguarda i limiti dell\u2019<strong>attivismo<\/strong> in questi anni. Per essere realmente efficaci &#8211; sostiene &#8211; le campagne devono saper parlare non solo alla mente, ma anche al cuore, al corpo e all\u2019esperienza quotidiana delle persone. L\u2019obiettivo non \u00e8 soltanto informare, ma coinvolgere le comunit\u00e0 e i territori, trasformando il modo in cui le persone percepiscono la crisi climatica, rendendola concreta e vicina alle loro vite. Solo cos\u00ec si pu\u00f2 costruire una reale desiderabilit\u00e0 sociale attorno a questo progetto, condizione indispensabile perch\u00e9 possa funzionare.<\/p>\n<p>In questo quadro, emerge con chiarezza anche la dimensione politica e strategica della riconversione. Circa l\u201986% dei fattori che causano il collasso climatico \u00e8 direttamente legato alla dipendenza dai combustibili fossili: un dato &#8211; dice Naidoo &#8211; su cui la comunit\u00e0 scientifica \u00e8 inequivocabile, ma che fatica ancora a tradursi in un dibattito pubblico proporzionato, a causa del ricatto esercitato dalle multinazionali. Nonostante le difficolt\u00e0, Naidoo rifiuta il pessimismo. Ritiene che, nella fase storica attuale, arrendersi sarebbe un lusso che non possiamo permetterci. L\u2019urgenza della crisi, unita alla crescente mobilitazione globale e alla pressione delle nuove generazioni, pu\u00f2 diventare una forza capace di produrre cambiamenti reali.<\/p>\n<p>Proprio per questo, iniziative come la <strong>Conferenza di Santa Marta<\/strong> rappresentano un passaggio cruciale non solo per discutere un possibile trattato di eliminazione dei combustibili fossili, ma per ampliare la coalizione di Paesi disposti a impegnarsi concretamente in una loro graduale uscita. L\u2019obiettivo, dice, \u00e8 costruire le condizioni politiche affinch\u00e9 entro il 2027 i Paesi pi\u00f9 ambiziosi possano avviare negoziati per un accordo vincolante, basato su tempistiche differenziate a seconda del livello di dipendenza energetica di ciascuna nazione. Anche sul piano finanziario, le risorse necessarie sono gi\u00e0 state individuate da tempo: l\u2019impegno, preso nel 2009 a Copenaghen, di mobilitare 100 miliardi di euro all\u2019anno per sostenere la riconversione nei \u201cPaesi in via di sviluppo\u201d, resta in gran parte disatteso.<\/p>\n<p>Alla fine, sottolinea Naidoo, non \u00e8 la scienza a dover cambiare, ma la volont\u00e0 politica, ed \u00e8 proprio questa, pur con tutte le sue contraddizioni, a rappresentare una risorsa rinnovabile. In questo senso, il processo avviato con la Conferenza Internazionale per l\u2019eliminazione dei combustibili fossili contribuisce a spostare una nuova frontiera politica, aprendo uno spazio concreto di speranza e azione per il presente e per il futuro.<\/p>\n<p>Francesca Palmi, Gea &#8211; Scuola di Giustizia Ecologica e Ambientale<\/p>\n","protected":false},"excerpt":{"rendered":"<p>Kumi Naidoo, attivista sudafricano per i diritti umani e la giustizia climatica, \u00e8 presidente della campagna globale del Trattato di non proliferazione dei combustibili fossili. La sua visione nasce da un percorso che parte da lontano, inizia durante la lotta&hellip;<\/p>\n","protected":false},"author":594,"featured_media":2695734,"comment_status":"closed","ping_status":"closed","sticky":false,"template":"","format":"standard","meta":{"footnotes":""},"categories":[11388,59,55,48],"tags":[7755,155077,1781,155924,41979,98130,155923],"class_list":["post-2695729","post","type-post","status-publish","format-standard","has-post-thumbnail","hentry","category-contenuti-originali","category-ambiente-ecologia","category-politica","category-sud-america","tag-attivisti","tag-conferenza-di-santa-marta","tag-energie-rinnovabili","tag-kumi-naidoo","tag-riconversione","tag-trattato-di-non-proliferazione-dei-combustibili-fossili","tag-volonta-politica"],"yoast_head":"<!-- This site is optimized with the Yoast SEO plugin v27.1.1 - https:\/\/yoast.com\/product\/yoast-seo-wordpress\/ -->\n<title>Conferenza di Santa Marta, il trattato sui combustibili fossili come nuova frontiera politica globale<\/title>\n<meta name=\"description\" content=\"Kumi Naidoo, attivista sudafricano per i diritti umani e la giustizia climatica, \u00e8 presidente della campagna globale del Trattato di non proliferazione\" \/>\n<meta name=\"robots\" content=\"index, follow, max-snippet:-1, max-image-preview:large, max-video-preview:-1\" \/>\n<link rel=\"canonical\" href=\"https:\/\/www.pressenza.com\/it\/2026\/04\/conferenza-di-santa-marta-il-trattato-sui-combustibili-fossili-come-nuova-frontiera-politica-globale\/\" \/>\n<meta property=\"og:locale\" content=\"it_IT\" \/>\n<meta property=\"og:type\" content=\"article\" \/>\n<meta property=\"og:title\" content=\"Conferenza di Santa Marta, il trattato sui combustibili fossili come nuova frontiera politica globale\" \/>\n<meta property=\"og:description\" content=\"Kumi Naidoo, attivista sudafricano per i diritti umani e la giustizia climatica, \u00e8 presidente della campagna globale del Trattato di non proliferazione\" \/>\n<meta property=\"og:url\" content=\"https:\/\/www.pressenza.com\/it\/2026\/04\/conferenza-di-santa-marta-il-trattato-sui-combustibili-fossili-come-nuova-frontiera-politica-globale\/\" \/>\n<meta property=\"og:site_name\" content=\"Pressenza\" \/>\n<meta property=\"article:publisher\" content=\"https:\/\/www.facebook.com\/PressenzaItalia\" \/>\n<meta property=\"article:author\" content=\"https:\/\/www.facebook.com\/PressenzaItalia\" \/>\n<meta property=\"article:published_time\" content=\"2026-04-26T13:52:34+00:00\" \/>\n<meta property=\"og:image\" content=\"https:\/\/www.pressenza.com\/wp-content\/uploads\/2026\/04\/cartello-trattato-combustibili-fossili.jpg\" \/>\n\t<meta property=\"og:image:width\" content=\"800\" \/>\n\t<meta property=\"og:image:height\" content=\"640\" \/>\n\t<meta property=\"og:image:type\" content=\"image\/jpeg\" \/>\n<meta name=\"author\" content=\"Redazione Italia\" \/>\n<meta name=\"twitter:card\" content=\"summary_large_image\" \/>\n<meta name=\"twitter:creator\" content=\"@pressenza_it\" \/>\n<meta name=\"twitter:site\" content=\"@PressenzaIPA\" \/>\n<meta name=\"twitter:label1\" content=\"Scritto da\" \/>\n\t<meta name=\"twitter:data1\" content=\"Redazione Italia\" \/>\n\t<meta name=\"twitter:label2\" content=\"Tempo di lettura stimato\" \/>\n\t<meta name=\"twitter:data2\" content=\"5 minuti\" \/>\n<script type=\"application\/ld+json\" class=\"yoast-schema-graph\">{\"@context\":\"https:\/\/schema.org\",\"@graph\":[{\"@type\":\"Article\",\"@id\":\"https:\/\/www.pressenza.com\/it\/2026\/04\/conferenza-di-santa-marta-il-trattato-sui-combustibili-fossili-come-nuova-frontiera-politica-globale\/#article\",\"isPartOf\":{\"@id\":\"https:\/\/www.pressenza.com\/it\/2026\/04\/conferenza-di-santa-marta-il-trattato-sui-combustibili-fossili-come-nuova-frontiera-politica-globale\/\"},\"author\":{\"name\":\"Redazione Italia\",\"@id\":\"https:\/\/www.pressenza.com\/it\/#\/schema\/person\/d983e81827ae24f2c7b1a2123d197f8d\"},\"headline\":\"Conferenza di Santa Marta, il trattato sui combustibili fossili come nuova frontiera politica globale\",\"datePublished\":\"2026-04-26T13:52:34+00:00\",\"mainEntityOfPage\":{\"@id\":\"https:\/\/www.pressenza.com\/it\/2026\/04\/conferenza-di-santa-marta-il-trattato-sui-combustibili-fossili-come-nuova-frontiera-politica-globale\/\"},\"wordCount\":748,\"publisher\":{\"@id\":\"https:\/\/www.pressenza.com\/it\/#organization\"},\"image\":{\"@id\":\"https:\/\/www.pressenza.com\/it\/2026\/04\/conferenza-di-santa-marta-il-trattato-sui-combustibili-fossili-come-nuova-frontiera-politica-globale\/#primaryimage\"},\"thumbnailUrl\":\"https:\/\/www.pressenza.com\/wp-content\/uploads\/2026\/04\/cartello-trattato-combustibili-fossili.jpg\",\"keywords\":[\"attivisti\",\"Conferenza di Santa Marta\",\"energie rinnovabili\",\"Kumi Naidoo\",\"riconversione\",\"Trattato di Non Proliferazione dei Combustibili Fossili\",\"volont\u00e0 politica\"],\"articleSection\":[\"contenuti originali\",\"Ecologia ed Ambiente\",\"Politica\",\"Sud America\"],\"inLanguage\":\"it-IT\"},{\"@type\":\"WebPage\",\"@id\":\"https:\/\/www.pressenza.com\/it\/2026\/04\/conferenza-di-santa-marta-il-trattato-sui-combustibili-fossili-come-nuova-frontiera-politica-globale\/\",\"url\":\"https:\/\/www.pressenza.com\/it\/2026\/04\/conferenza-di-santa-marta-il-trattato-sui-combustibili-fossili-come-nuova-frontiera-politica-globale\/\",\"name\":\"Conferenza di Santa Marta, il trattato sui combustibili fossili come nuova frontiera politica globale\",\"isPartOf\":{\"@id\":\"https:\/\/www.pressenza.com\/it\/#website\"},\"primaryImageOfPage\":{\"@id\":\"https:\/\/www.pressenza.com\/it\/2026\/04\/conferenza-di-santa-marta-il-trattato-sui-combustibili-fossili-come-nuova-frontiera-politica-globale\/#primaryimage\"},\"image\":{\"@id\":\"https:\/\/www.pressenza.com\/it\/2026\/04\/conferenza-di-santa-marta-il-trattato-sui-combustibili-fossili-come-nuova-frontiera-politica-globale\/#primaryimage\"},\"thumbnailUrl\":\"https:\/\/www.pressenza.com\/wp-content\/uploads\/2026\/04\/cartello-trattato-combustibili-fossili.jpg\",\"datePublished\":\"2026-04-26T13:52:34+00:00\",\"description\":\"Kumi Naidoo, attivista sudafricano per i diritti umani e la giustizia climatica, \u00e8 presidente della campagna globale del Trattato di non proliferazione\",\"breadcrumb\":{\"@id\":\"https:\/\/www.pressenza.com\/it\/2026\/04\/conferenza-di-santa-marta-il-trattato-sui-combustibili-fossili-come-nuova-frontiera-politica-globale\/#breadcrumb\"},\"inLanguage\":\"it-IT\",\"potentialAction\":[{\"@type\":\"ReadAction\",\"target\":[\"https:\/\/www.pressenza.com\/it\/2026\/04\/conferenza-di-santa-marta-il-trattato-sui-combustibili-fossili-come-nuova-frontiera-politica-globale\/\"]}]},{\"@type\":\"ImageObject\",\"inLanguage\":\"it-IT\",\"@id\":\"https:\/\/www.pressenza.com\/it\/2026\/04\/conferenza-di-santa-marta-il-trattato-sui-combustibili-fossili-come-nuova-frontiera-politica-globale\/#primaryimage\",\"url\":\"https:\/\/www.pressenza.com\/wp-content\/uploads\/2026\/04\/cartello-trattato-combustibili-fossili.jpg\",\"contentUrl\":\"https:\/\/www.pressenza.com\/wp-content\/uploads\/2026\/04\/cartello-trattato-combustibili-fossili.jpg\",\"width\":800,\"height\":640},{\"@type\":\"BreadcrumbList\",\"@id\":\"https:\/\/www.pressenza.com\/it\/2026\/04\/conferenza-di-santa-marta-il-trattato-sui-combustibili-fossili-come-nuova-frontiera-politica-globale\/#breadcrumb\",\"itemListElement\":[{\"@type\":\"ListItem\",\"position\":1,\"name\":\"Accueil\",\"item\":\"https:\/\/www.pressenza.com\/it\/\"},{\"@type\":\"ListItem\",\"position\":2,\"name\":\"Conferenza di Santa Marta, il trattato sui combustibili fossili come nuova frontiera politica globale\"}]},{\"@type\":\"WebSite\",\"@id\":\"https:\/\/www.pressenza.com\/it\/#website\",\"url\":\"https:\/\/www.pressenza.com\/it\/\",\"name\":\"Pressenza\",\"description\":\"Agenzia di Stampa Internazionale\",\"publisher\":{\"@id\":\"https:\/\/www.pressenza.com\/it\/#organization\"},\"potentialAction\":[{\"@type\":\"SearchAction\",\"target\":{\"@type\":\"EntryPoint\",\"urlTemplate\":\"https:\/\/www.pressenza.com\/it\/?s={search_term_string}\"},\"query-input\":{\"@type\":\"PropertyValueSpecification\",\"valueRequired\":true,\"valueName\":\"search_term_string\"}}],\"inLanguage\":\"it-IT\"},{\"@type\":\"Organization\",\"@id\":\"https:\/\/www.pressenza.com\/it\/#organization\",\"name\":\"Pressenza\",\"url\":\"https:\/\/www.pressenza.com\/it\/\",\"logo\":{\"@type\":\"ImageObject\",\"inLanguage\":\"it-IT\",\"@id\":\"https:\/\/www.pressenza.com\/it\/#\/schema\/logo\/image\/\",\"url\":\"https:\/\/www.pressenza.com\/wp-content\/uploads\/2022\/10\/pressenza_logo_200x200.jpg\",\"contentUrl\":\"https:\/\/www.pressenza.com\/wp-content\/uploads\/2022\/10\/pressenza_logo_200x200.jpg\",\"width\":200,\"height\":200,\"caption\":\"Pressenza\"},\"image\":{\"@id\":\"https:\/\/www.pressenza.com\/it\/#\/schema\/logo\/image\/\"},\"sameAs\":[\"https:\/\/www.facebook.com\/PressenzaItalia\",\"https:\/\/x.com\/PressenzaIPA\"]},{\"@type\":\"Person\",\"@id\":\"https:\/\/www.pressenza.com\/it\/#\/schema\/person\/d983e81827ae24f2c7b1a2123d197f8d\",\"name\":\"Redazione Italia\",\"description\":\"News from the Pressenza Bureau in Italy\",\"sameAs\":[\"https:\/\/www.pressenza.com\/it\/author\/redazione-italia\/\",\"https:\/\/www.facebook.com\/PressenzaItalia\",\"https:\/\/www.instagram.com\/pressenza_italia\/\",\"https:\/\/x.com\/pressenza_it\",\"https:\/\/www.youtube.com\/channel\/UCSalEIWjE1RSxkwjfftFuqg\"],\"url\":\"https:\/\/www.pressenza.com\/it\/author\/redazione-italia\/\"}]}<\/script>\n<!-- \/ Yoast SEO plugin. -->","yoast_head_json":{"title":"Conferenza di Santa Marta, il trattato sui combustibili fossili come nuova frontiera politica globale","description":"Kumi Naidoo, attivista sudafricano per i diritti umani e la giustizia climatica, \u00e8 presidente della campagna globale del Trattato di non proliferazione","robots":{"index":"index","follow":"follow","max-snippet":"max-snippet:-1","max-image-preview":"max-image-preview:large","max-video-preview":"max-video-preview:-1"},"canonical":"https:\/\/www.pressenza.com\/it\/2026\/04\/conferenza-di-santa-marta-il-trattato-sui-combustibili-fossili-come-nuova-frontiera-politica-globale\/","og_locale":"it_IT","og_type":"article","og_title":"Conferenza di Santa Marta, il trattato sui combustibili fossili come nuova frontiera politica globale","og_description":"Kumi Naidoo, attivista sudafricano per i diritti umani e la giustizia climatica, \u00e8 presidente della campagna globale del Trattato di non proliferazione","og_url":"https:\/\/www.pressenza.com\/it\/2026\/04\/conferenza-di-santa-marta-il-trattato-sui-combustibili-fossili-come-nuova-frontiera-politica-globale\/","og_site_name":"Pressenza","article_publisher":"https:\/\/www.facebook.com\/PressenzaItalia","article_author":"https:\/\/www.facebook.com\/PressenzaItalia","article_published_time":"2026-04-26T13:52:34+00:00","og_image":[{"width":800,"height":640,"url":"https:\/\/www.pressenza.com\/wp-content\/uploads\/2026\/04\/cartello-trattato-combustibili-fossili.jpg","type":"image\/jpeg"}],"author":"Redazione Italia","twitter_card":"summary_large_image","twitter_creator":"@pressenza_it","twitter_site":"@PressenzaIPA","twitter_misc":{"Scritto da":"Redazione Italia","Tempo di lettura stimato":"5 minuti"},"schema":{"@context":"https:\/\/schema.org","@graph":[{"@type":"Article","@id":"https:\/\/www.pressenza.com\/it\/2026\/04\/conferenza-di-santa-marta-il-trattato-sui-combustibili-fossili-come-nuova-frontiera-politica-globale\/#article","isPartOf":{"@id":"https:\/\/www.pressenza.com\/it\/2026\/04\/conferenza-di-santa-marta-il-trattato-sui-combustibili-fossili-come-nuova-frontiera-politica-globale\/"},"author":{"name":"Redazione Italia","@id":"https:\/\/www.pressenza.com\/it\/#\/schema\/person\/d983e81827ae24f2c7b1a2123d197f8d"},"headline":"Conferenza di Santa Marta, il trattato sui combustibili fossili come nuova frontiera politica globale","datePublished":"2026-04-26T13:52:34+00:00","mainEntityOfPage":{"@id":"https:\/\/www.pressenza.com\/it\/2026\/04\/conferenza-di-santa-marta-il-trattato-sui-combustibili-fossili-come-nuova-frontiera-politica-globale\/"},"wordCount":748,"publisher":{"@id":"https:\/\/www.pressenza.com\/it\/#organization"},"image":{"@id":"https:\/\/www.pressenza.com\/it\/2026\/04\/conferenza-di-santa-marta-il-trattato-sui-combustibili-fossili-come-nuova-frontiera-politica-globale\/#primaryimage"},"thumbnailUrl":"https:\/\/www.pressenza.com\/wp-content\/uploads\/2026\/04\/cartello-trattato-combustibili-fossili.jpg","keywords":["attivisti","Conferenza di Santa Marta","energie rinnovabili","Kumi Naidoo","riconversione","Trattato di Non Proliferazione dei Combustibili Fossili","volont\u00e0 politica"],"articleSection":["contenuti originali","Ecologia ed Ambiente","Politica","Sud America"],"inLanguage":"it-IT"},{"@type":"WebPage","@id":"https:\/\/www.pressenza.com\/it\/2026\/04\/conferenza-di-santa-marta-il-trattato-sui-combustibili-fossili-come-nuova-frontiera-politica-globale\/","url":"https:\/\/www.pressenza.com\/it\/2026\/04\/conferenza-di-santa-marta-il-trattato-sui-combustibili-fossili-come-nuova-frontiera-politica-globale\/","name":"Conferenza di Santa Marta, il trattato sui combustibili fossili come nuova frontiera politica globale","isPartOf":{"@id":"https:\/\/www.pressenza.com\/it\/#website"},"primaryImageOfPage":{"@id":"https:\/\/www.pressenza.com\/it\/2026\/04\/conferenza-di-santa-marta-il-trattato-sui-combustibili-fossili-come-nuova-frontiera-politica-globale\/#primaryimage"},"image":{"@id":"https:\/\/www.pressenza.com\/it\/2026\/04\/conferenza-di-santa-marta-il-trattato-sui-combustibili-fossili-come-nuova-frontiera-politica-globale\/#primaryimage"},"thumbnailUrl":"https:\/\/www.pressenza.com\/wp-content\/uploads\/2026\/04\/cartello-trattato-combustibili-fossili.jpg","datePublished":"2026-04-26T13:52:34+00:00","description":"Kumi Naidoo, attivista sudafricano per i diritti umani e la giustizia climatica, \u00e8 presidente della campagna globale del Trattato di non proliferazione","breadcrumb":{"@id":"https:\/\/www.pressenza.com\/it\/2026\/04\/conferenza-di-santa-marta-il-trattato-sui-combustibili-fossili-come-nuova-frontiera-politica-globale\/#breadcrumb"},"inLanguage":"it-IT","potentialAction":[{"@type":"ReadAction","target":["https:\/\/www.pressenza.com\/it\/2026\/04\/conferenza-di-santa-marta-il-trattato-sui-combustibili-fossili-come-nuova-frontiera-politica-globale\/"]}]},{"@type":"ImageObject","inLanguage":"it-IT","@id":"https:\/\/www.pressenza.com\/it\/2026\/04\/conferenza-di-santa-marta-il-trattato-sui-combustibili-fossili-come-nuova-frontiera-politica-globale\/#primaryimage","url":"https:\/\/www.pressenza.com\/wp-content\/uploads\/2026\/04\/cartello-trattato-combustibili-fossili.jpg","contentUrl":"https:\/\/www.pressenza.com\/wp-content\/uploads\/2026\/04\/cartello-trattato-combustibili-fossili.jpg","width":800,"height":640},{"@type":"BreadcrumbList","@id":"https:\/\/www.pressenza.com\/it\/2026\/04\/conferenza-di-santa-marta-il-trattato-sui-combustibili-fossili-come-nuova-frontiera-politica-globale\/#breadcrumb","itemListElement":[{"@type":"ListItem","position":1,"name":"Accueil","item":"https:\/\/www.pressenza.com\/it\/"},{"@type":"ListItem","position":2,"name":"Conferenza di Santa Marta, il trattato sui combustibili fossili come nuova frontiera politica globale"}]},{"@type":"WebSite","@id":"https:\/\/www.pressenza.com\/it\/#website","url":"https:\/\/www.pressenza.com\/it\/","name":"Pressenza","description":"Agenzia di Stampa Internazionale","publisher":{"@id":"https:\/\/www.pressenza.com\/it\/#organization"},"potentialAction":[{"@type":"SearchAction","target":{"@type":"EntryPoint","urlTemplate":"https:\/\/www.pressenza.com\/it\/?s={search_term_string}"},"query-input":{"@type":"PropertyValueSpecification","valueRequired":true,"valueName":"search_term_string"}}],"inLanguage":"it-IT"},{"@type":"Organization","@id":"https:\/\/www.pressenza.com\/it\/#organization","name":"Pressenza","url":"https:\/\/www.pressenza.com\/it\/","logo":{"@type":"ImageObject","inLanguage":"it-IT","@id":"https:\/\/www.pressenza.com\/it\/#\/schema\/logo\/image\/","url":"https:\/\/www.pressenza.com\/wp-content\/uploads\/2022\/10\/pressenza_logo_200x200.jpg","contentUrl":"https:\/\/www.pressenza.com\/wp-content\/uploads\/2022\/10\/pressenza_logo_200x200.jpg","width":200,"height":200,"caption":"Pressenza"},"image":{"@id":"https:\/\/www.pressenza.com\/it\/#\/schema\/logo\/image\/"},"sameAs":["https:\/\/www.facebook.com\/PressenzaItalia","https:\/\/x.com\/PressenzaIPA"]},{"@type":"Person","@id":"https:\/\/www.pressenza.com\/it\/#\/schema\/person\/d983e81827ae24f2c7b1a2123d197f8d","name":"Redazione Italia","description":"News from the Pressenza Bureau in Italy","sameAs":["https:\/\/www.pressenza.com\/it\/author\/redazione-italia\/","https:\/\/www.facebook.com\/PressenzaItalia","https:\/\/www.instagram.com\/pressenza_italia\/","https:\/\/x.com\/pressenza_it","https:\/\/www.youtube.com\/channel\/UCSalEIWjE1RSxkwjfftFuqg"],"url":"https:\/\/www.pressenza.com\/it\/author\/redazione-italia\/"}]}},"place":"Francesca Palmi, Santa Marta, Colombia","original_article_url":"","_links":{"self":[{"href":"https:\/\/www.pressenza.com\/it\/wp-json\/wp\/v2\/posts\/2695729","targetHints":{"allow":["GET"]}}],"collection":[{"href":"https:\/\/www.pressenza.com\/it\/wp-json\/wp\/v2\/posts"}],"about":[{"href":"https:\/\/www.pressenza.com\/it\/wp-json\/wp\/v2\/types\/post"}],"author":[{"embeddable":true,"href":"https:\/\/www.pressenza.com\/it\/wp-json\/wp\/v2\/users\/594"}],"replies":[{"embeddable":true,"href":"https:\/\/www.pressenza.com\/it\/wp-json\/wp\/v2\/comments?post=2695729"}],"version-history":[{"count":1,"href":"https:\/\/www.pressenza.com\/it\/wp-json\/wp\/v2\/posts\/2695729\/revisions"}],"predecessor-version":[{"id":2695735,"href":"https:\/\/www.pressenza.com\/it\/wp-json\/wp\/v2\/posts\/2695729\/revisions\/2695735"}],"wp:featuredmedia":[{"embeddable":true,"href":"https:\/\/www.pressenza.com\/it\/wp-json\/wp\/v2\/media\/2695734"}],"wp:attachment":[{"href":"https:\/\/www.pressenza.com\/it\/wp-json\/wp\/v2\/media?parent=2695729"}],"wp:term":[{"taxonomy":"category","embeddable":true,"href":"https:\/\/www.pressenza.com\/it\/wp-json\/wp\/v2\/categories?post=2695729"},{"taxonomy":"post_tag","embeddable":true,"href":"https:\/\/www.pressenza.com\/it\/wp-json\/wp\/v2\/tags?post=2695729"}],"curies":[{"name":"wp","href":"https:\/\/api.w.org\/{rel}","templated":true}]}}