{"id":2695694,"date":"2026-04-26T11:35:18","date_gmt":"2026-04-26T10:35:18","guid":{"rendered":"https:\/\/www.pressenza.com\/?p=2695694"},"modified":"2026-04-26T11:35:18","modified_gmt":"2026-04-26T10:35:18","slug":"luino-presentazione-del-libro-mio-padre-tuo-padre-con-le-autrici","status":"publish","type":"post","link":"https:\/\/www.pressenza.com\/it\/2026\/04\/luino-presentazione-del-libro-mio-padre-tuo-padre-con-le-autrici\/","title":{"rendered":"Luino, presentazione del libro \u201cMio padre, tuo padre\u201d con le autrici"},"content":{"rendered":"<p><strong>Gioved\u00ec 30 aprile 2026 alle 20:45<br \/>\nPalazzo Verbania, Luino (VA)<\/strong><\/p>\n<p>Intervengono:<\/p>\n<p>Le autrici Carola Benedetto e Luciana Ciliento<\/p>\n<p>Modera:<\/p>\n<p>Anna Polo di Pressenza<\/p>\n<p>Gli scout di Luino partecipano all\u2019evento leggendo passi del libro<\/p>\n<p><strong>Sintesi del libro<br \/>\n<\/strong><\/p>\n<p>Due padri. Due figlie. Un solo dolore. Rami Elhanan, israeliano, e Bassam Aramin, palestinese, vivono sui due lati opposti di un confine, divisi da lingue, religioni, storie, bandiere. Ma un giorno, qualcosa spezza le loro vite: Smadar e Abir, le loro figlie, vengono uccise. Una da un soldato dell\u2019IDF, l\u2019esercito israeliano, appena fuori da scuola, l\u2019altra da un attentato palestinese in pieno centro a Gerusalemme.<\/p>\n<p>Potrebbero odiarsi. Potrebbero decidere di imbracciare le armi e cercare vendetta. E invece decidono di parlarsi, di ascoltarsi, di lottare insieme perch\u00e9 nessun altro debba soffrire come loro. Decidono di spezzare il ciclo dell\u2019odio: un meccanismo che porta a rispondere a ogni azione violenta con altra violenza, innescando una catena senza fine, inutile, perch\u00e9 non riporter\u00e0 indietro chi non c\u2019\u00e8 pi\u00f9.<\/p>\n<p>In questo racconto le voci di Abir e Smadar si alternano a quelle della narrazione, risuonando tra le pagine con forza e dolcezza, ricordandoci che la pace non \u00e8 un sogno lontano, ma una scelta da fare ogni giorno. Un libro che parla di guerra e di lutto, ma anche di coraggio, memoria e dialogo. Perch\u00e9 costruire la pace \u00e8 la missione pi\u00f9 difficile e urgente che ci sia.<\/p>\n<p>&nbsp;<\/p>\n","protected":false},"excerpt":{"rendered":"<p>Gioved\u00ec 30 aprile 2026 alle 20:45 Palazzo Verbania, Luino (VA) Intervengono: Le autrici Carola Benedetto e Luciana Ciliento Modera: Anna Polo di Pressenza Gli scout di Luino partecipano all\u2019evento leggendo passi del libro Sintesi del libro Due padri. Due figlie.&hellip;<\/p>\n","protected":false},"author":594,"featured_media":2695696,"comment_status":"closed","ping_status":"closed","sticky":false,"template":"","format":"standard","meta":{"footnotes":""},"categories":[107392,47,52,1262,1263],"tags":[11113,4339,155920],"class_list":["post-2695694","post","type-post","status-publish","format-standard","has-post-thumbnail","hentry","category-noticia-it","category-europa","category-medio-oriente","category-nonviolenza-argomento","category-pace-disarmo","tag-conflitto-israelo-palestinese","tag-eventi","tag-presentazione-del-libro-mio-padre-tuo-padre"],"yoast_head":"<!-- This site is optimized with the Yoast SEO plugin v27.1.1 - https:\/\/yoast.com\/product\/yoast-seo-wordpress\/ -->\n<title>Luino, presentazione del libro \u201cMio padre, tuo padre\u201d con le autrici<\/title>\n<meta name=\"description\" content=\"Gioved\u00ec 30 aprile 2026 alle 20:45 Palazzo Verbania, Luino (VA) Intervengono: Le autrici Carola Benedetto e Luciana Ciliento Modera: Anna Polo di Pressenza\" \/>\n<meta name=\"robots\" content=\"index, follow, max-snippet:-1, max-image-preview:large, max-video-preview:-1\" \/>\n<link rel=\"canonical\" href=\"https:\/\/www.pressenza.com\/it\/2026\/04\/luino-presentazione-del-libro-mio-padre-tuo-padre-con-le-autrici\/\" \/>\n<meta property=\"og:locale\" content=\"it_IT\" \/>\n<meta property=\"og:type\" content=\"article\" \/>\n<meta property=\"og:title\" content=\"Luino, presentazione del libro \u201cMio padre, tuo padre\u201d con le autrici\" \/>\n<meta property=\"og:description\" content=\"Gioved\u00ec 30 aprile 2026 alle 20:45 Palazzo Verbania, Luino (VA) Intervengono: Le autrici Carola Benedetto e Luciana Ciliento Modera: Anna Polo di Pressenza\" \/>\n<meta property=\"og:url\" content=\"https:\/\/www.pressenza.com\/it\/2026\/04\/luino-presentazione-del-libro-mio-padre-tuo-padre-con-le-autrici\/\" \/>\n<meta property=\"og:site_name\" content=\"Pressenza\" \/>\n<meta property=\"article:publisher\" content=\"https:\/\/www.facebook.com\/PressenzaItalia\" \/>\n<meta property=\"article:author\" content=\"https:\/\/www.facebook.com\/PressenzaItalia\" \/>\n<meta property=\"article:published_time\" content=\"2026-04-26T10:35:18+00:00\" \/>\n<meta property=\"og:image\" content=\"https:\/\/www.pressenza.com\/wp-content\/uploads\/2026\/04\/presentazione-Mio-padre-tuo-padre-a-Luino.jpg\" \/>\n\t<meta property=\"og:image:width\" content=\"1920\" \/>\n\t<meta property=\"og:image:height\" content=\"1080\" \/>\n\t<meta property=\"og:image:type\" content=\"image\/jpeg\" \/>\n<meta name=\"author\" content=\"Redazione Italia\" \/>\n<meta name=\"twitter:card\" content=\"summary_large_image\" \/>\n<meta name=\"twitter:creator\" content=\"@pressenza_it\" \/>\n<meta name=\"twitter:site\" content=\"@PressenzaIPA\" \/>\n<meta name=\"twitter:label1\" content=\"Scritto da\" \/>\n\t<meta name=\"twitter:data1\" content=\"Redazione Italia\" \/>\n\t<meta name=\"twitter:label2\" content=\"Tempo di lettura stimato\" \/>\n\t<meta name=\"twitter:data2\" content=\"2 minuti\" \/>\n<script type=\"application\/ld+json\" class=\"yoast-schema-graph\">{\"@context\":\"https:\/\/schema.org\",\"@graph\":[{\"@type\":\"Article\",\"@id\":\"https:\/\/www.pressenza.com\/it\/2026\/04\/luino-presentazione-del-libro-mio-padre-tuo-padre-con-le-autrici\/#article\",\"isPartOf\":{\"@id\":\"https:\/\/www.pressenza.com\/it\/2026\/04\/luino-presentazione-del-libro-mio-padre-tuo-padre-con-le-autrici\/\"},\"author\":{\"name\":\"Redazione Italia\",\"@id\":\"https:\/\/www.pressenza.com\/it\/#\/schema\/person\/d983e81827ae24f2c7b1a2123d197f8d\"},\"headline\":\"Luino, presentazione del libro \u201cMio padre, tuo padre\u201d con le autrici\",\"datePublished\":\"2026-04-26T10:35:18+00:00\",\"mainEntityOfPage\":{\"@id\":\"https:\/\/www.pressenza.com\/it\/2026\/04\/luino-presentazione-del-libro-mio-padre-tuo-padre-con-le-autrici\/\"},\"wordCount\":243,\"publisher\":{\"@id\":\"https:\/\/www.pressenza.com\/it\/#organization\"},\"image\":{\"@id\":\"https:\/\/www.pressenza.com\/it\/2026\/04\/luino-presentazione-del-libro-mio-padre-tuo-padre-con-le-autrici\/#primaryimage\"},\"thumbnailUrl\":\"https:\/\/www.pressenza.com\/wp-content\/uploads\/2026\/04\/presentazione-Mio-padre-tuo-padre-a-Luino.jpg\",\"keywords\":[\"conflitto israelo-palestinese\",\"eventi\",\"presentazione del libro \\\"Mio padre tuo padre\\\"\"],\"articleSection\":[\"Cronaca\",\"Europa\",\"Medio Oriente\",\"Nonviolenza\",\"Pace e Disarmo\"],\"inLanguage\":\"it-IT\"},{\"@type\":\"WebPage\",\"@id\":\"https:\/\/www.pressenza.com\/it\/2026\/04\/luino-presentazione-del-libro-mio-padre-tuo-padre-con-le-autrici\/\",\"url\":\"https:\/\/www.pressenza.com\/it\/2026\/04\/luino-presentazione-del-libro-mio-padre-tuo-padre-con-le-autrici\/\",\"name\":\"Luino, presentazione del libro \u201cMio padre, tuo padre\u201d con le autrici\",\"isPartOf\":{\"@id\":\"https:\/\/www.pressenza.com\/it\/#website\"},\"primaryImageOfPage\":{\"@id\":\"https:\/\/www.pressenza.com\/it\/2026\/04\/luino-presentazione-del-libro-mio-padre-tuo-padre-con-le-autrici\/#primaryimage\"},\"image\":{\"@id\":\"https:\/\/www.pressenza.com\/it\/2026\/04\/luino-presentazione-del-libro-mio-padre-tuo-padre-con-le-autrici\/#primaryimage\"},\"thumbnailUrl\":\"https:\/\/www.pressenza.com\/wp-content\/uploads\/2026\/04\/presentazione-Mio-padre-tuo-padre-a-Luino.jpg\",\"datePublished\":\"2026-04-26T10:35:18+00:00\",\"description\":\"Gioved\u00ec 30 aprile 2026 alle 20:45 Palazzo Verbania, Luino (VA) Intervengono: Le autrici Carola Benedetto e Luciana Ciliento Modera: Anna Polo di Pressenza\",\"breadcrumb\":{\"@id\":\"https:\/\/www.pressenza.com\/it\/2026\/04\/luino-presentazione-del-libro-mio-padre-tuo-padre-con-le-autrici\/#breadcrumb\"},\"inLanguage\":\"it-IT\",\"potentialAction\":[{\"@type\":\"ReadAction\",\"target\":[\"https:\/\/www.pressenza.com\/it\/2026\/04\/luino-presentazione-del-libro-mio-padre-tuo-padre-con-le-autrici\/\"]}]},{\"@type\":\"ImageObject\",\"inLanguage\":\"it-IT\",\"@id\":\"https:\/\/www.pressenza.com\/it\/2026\/04\/luino-presentazione-del-libro-mio-padre-tuo-padre-con-le-autrici\/#primaryimage\",\"url\":\"https:\/\/www.pressenza.com\/wp-content\/uploads\/2026\/04\/presentazione-Mio-padre-tuo-padre-a-Luino.jpg\",\"contentUrl\":\"https:\/\/www.pressenza.com\/wp-content\/uploads\/2026\/04\/presentazione-Mio-padre-tuo-padre-a-Luino.jpg\",\"width\":1920,\"height\":1080},{\"@type\":\"BreadcrumbList\",\"@id\":\"https:\/\/www.pressenza.com\/it\/2026\/04\/luino-presentazione-del-libro-mio-padre-tuo-padre-con-le-autrici\/#breadcrumb\",\"itemListElement\":[{\"@type\":\"ListItem\",\"position\":1,\"name\":\"Accueil\",\"item\":\"https:\/\/www.pressenza.com\/it\/\"},{\"@type\":\"ListItem\",\"position\":2,\"name\":\"Luino, presentazione del libro \u201cMio padre, tuo padre\u201d con le autrici\"}]},{\"@type\":\"WebSite\",\"@id\":\"https:\/\/www.pressenza.com\/it\/#website\",\"url\":\"https:\/\/www.pressenza.com\/it\/\",\"name\":\"Pressenza\",\"description\":\"Agenzia di Stampa Internazionale\",\"publisher\":{\"@id\":\"https:\/\/www.pressenza.com\/it\/#organization\"},\"potentialAction\":[{\"@type\":\"SearchAction\",\"target\":{\"@type\":\"EntryPoint\",\"urlTemplate\":\"https:\/\/www.pressenza.com\/it\/?s={search_term_string}\"},\"query-input\":{\"@type\":\"PropertyValueSpecification\",\"valueRequired\":true,\"valueName\":\"search_term_string\"}}],\"inLanguage\":\"it-IT\"},{\"@type\":\"Organization\",\"@id\":\"https:\/\/www.pressenza.com\/it\/#organization\",\"name\":\"Pressenza\",\"url\":\"https:\/\/www.pressenza.com\/it\/\",\"logo\":{\"@type\":\"ImageObject\",\"inLanguage\":\"it-IT\",\"@id\":\"https:\/\/www.pressenza.com\/it\/#\/schema\/logo\/image\/\",\"url\":\"https:\/\/www.pressenza.com\/wp-content\/uploads\/2022\/10\/pressenza_logo_200x200.jpg\",\"contentUrl\":\"https:\/\/www.pressenza.com\/wp-content\/uploads\/2022\/10\/pressenza_logo_200x200.jpg\",\"width\":200,\"height\":200,\"caption\":\"Pressenza\"},\"image\":{\"@id\":\"https:\/\/www.pressenza.com\/it\/#\/schema\/logo\/image\/\"},\"sameAs\":[\"https:\/\/www.facebook.com\/PressenzaItalia\",\"https:\/\/x.com\/PressenzaIPA\"]},{\"@type\":\"Person\",\"@id\":\"https:\/\/www.pressenza.com\/it\/#\/schema\/person\/d983e81827ae24f2c7b1a2123d197f8d\",\"name\":\"Redazione Italia\",\"description\":\"News from the Pressenza Bureau in Italy\",\"sameAs\":[\"https:\/\/www.pressenza.com\/it\/author\/redazione-italia\/\",\"https:\/\/www.facebook.com\/PressenzaItalia\",\"https:\/\/www.instagram.com\/pressenza_italia\/\",\"https:\/\/x.com\/pressenza_it\",\"https:\/\/www.youtube.com\/channel\/UCSalEIWjE1RSxkwjfftFuqg\"],\"url\":\"https:\/\/www.pressenza.com\/it\/author\/redazione-italia\/\"}]}<\/script>\n<!-- \/ Yoast SEO plugin. -->","yoast_head_json":{"title":"Luino, presentazione del libro \u201cMio padre, tuo padre\u201d con le autrici","description":"Gioved\u00ec 30 aprile 2026 alle 20:45 Palazzo Verbania, Luino (VA) Intervengono: Le autrici Carola Benedetto e Luciana Ciliento Modera: Anna Polo di Pressenza","robots":{"index":"index","follow":"follow","max-snippet":"max-snippet:-1","max-image-preview":"max-image-preview:large","max-video-preview":"max-video-preview:-1"},"canonical":"https:\/\/www.pressenza.com\/it\/2026\/04\/luino-presentazione-del-libro-mio-padre-tuo-padre-con-le-autrici\/","og_locale":"it_IT","og_type":"article","og_title":"Luino, presentazione del libro \u201cMio padre, tuo padre\u201d con le autrici","og_description":"Gioved\u00ec 30 aprile 2026 alle 20:45 Palazzo Verbania, Luino (VA) Intervengono: Le autrici Carola Benedetto e Luciana Ciliento Modera: Anna Polo di Pressenza","og_url":"https:\/\/www.pressenza.com\/it\/2026\/04\/luino-presentazione-del-libro-mio-padre-tuo-padre-con-le-autrici\/","og_site_name":"Pressenza","article_publisher":"https:\/\/www.facebook.com\/PressenzaItalia","article_author":"https:\/\/www.facebook.com\/PressenzaItalia","article_published_time":"2026-04-26T10:35:18+00:00","og_image":[{"width":1920,"height":1080,"url":"https:\/\/www.pressenza.com\/wp-content\/uploads\/2026\/04\/presentazione-Mio-padre-tuo-padre-a-Luino.jpg","type":"image\/jpeg"}],"author":"Redazione Italia","twitter_card":"summary_large_image","twitter_creator":"@pressenza_it","twitter_site":"@PressenzaIPA","twitter_misc":{"Scritto da":"Redazione Italia","Tempo di lettura stimato":"2 minuti"},"schema":{"@context":"https:\/\/schema.org","@graph":[{"@type":"Article","@id":"https:\/\/www.pressenza.com\/it\/2026\/04\/luino-presentazione-del-libro-mio-padre-tuo-padre-con-le-autrici\/#article","isPartOf":{"@id":"https:\/\/www.pressenza.com\/it\/2026\/04\/luino-presentazione-del-libro-mio-padre-tuo-padre-con-le-autrici\/"},"author":{"name":"Redazione Italia","@id":"https:\/\/www.pressenza.com\/it\/#\/schema\/person\/d983e81827ae24f2c7b1a2123d197f8d"},"headline":"Luino, presentazione del libro \u201cMio padre, tuo padre\u201d con le autrici","datePublished":"2026-04-26T10:35:18+00:00","mainEntityOfPage":{"@id":"https:\/\/www.pressenza.com\/it\/2026\/04\/luino-presentazione-del-libro-mio-padre-tuo-padre-con-le-autrici\/"},"wordCount":243,"publisher":{"@id":"https:\/\/www.pressenza.com\/it\/#organization"},"image":{"@id":"https:\/\/www.pressenza.com\/it\/2026\/04\/luino-presentazione-del-libro-mio-padre-tuo-padre-con-le-autrici\/#primaryimage"},"thumbnailUrl":"https:\/\/www.pressenza.com\/wp-content\/uploads\/2026\/04\/presentazione-Mio-padre-tuo-padre-a-Luino.jpg","keywords":["conflitto israelo-palestinese","eventi","presentazione del libro \"Mio padre tuo padre\""],"articleSection":["Cronaca","Europa","Medio Oriente","Nonviolenza","Pace e Disarmo"],"inLanguage":"it-IT"},{"@type":"WebPage","@id":"https:\/\/www.pressenza.com\/it\/2026\/04\/luino-presentazione-del-libro-mio-padre-tuo-padre-con-le-autrici\/","url":"https:\/\/www.pressenza.com\/it\/2026\/04\/luino-presentazione-del-libro-mio-padre-tuo-padre-con-le-autrici\/","name":"Luino, presentazione del libro \u201cMio padre, tuo padre\u201d con le autrici","isPartOf":{"@id":"https:\/\/www.pressenza.com\/it\/#website"},"primaryImageOfPage":{"@id":"https:\/\/www.pressenza.com\/it\/2026\/04\/luino-presentazione-del-libro-mio-padre-tuo-padre-con-le-autrici\/#primaryimage"},"image":{"@id":"https:\/\/www.pressenza.com\/it\/2026\/04\/luino-presentazione-del-libro-mio-padre-tuo-padre-con-le-autrici\/#primaryimage"},"thumbnailUrl":"https:\/\/www.pressenza.com\/wp-content\/uploads\/2026\/04\/presentazione-Mio-padre-tuo-padre-a-Luino.jpg","datePublished":"2026-04-26T10:35:18+00:00","description":"Gioved\u00ec 30 aprile 2026 alle 20:45 Palazzo Verbania, Luino (VA) Intervengono: Le autrici Carola Benedetto e Luciana Ciliento Modera: Anna Polo di Pressenza","breadcrumb":{"@id":"https:\/\/www.pressenza.com\/it\/2026\/04\/luino-presentazione-del-libro-mio-padre-tuo-padre-con-le-autrici\/#breadcrumb"},"inLanguage":"it-IT","potentialAction":[{"@type":"ReadAction","target":["https:\/\/www.pressenza.com\/it\/2026\/04\/luino-presentazione-del-libro-mio-padre-tuo-padre-con-le-autrici\/"]}]},{"@type":"ImageObject","inLanguage":"it-IT","@id":"https:\/\/www.pressenza.com\/it\/2026\/04\/luino-presentazione-del-libro-mio-padre-tuo-padre-con-le-autrici\/#primaryimage","url":"https:\/\/www.pressenza.com\/wp-content\/uploads\/2026\/04\/presentazione-Mio-padre-tuo-padre-a-Luino.jpg","contentUrl":"https:\/\/www.pressenza.com\/wp-content\/uploads\/2026\/04\/presentazione-Mio-padre-tuo-padre-a-Luino.jpg","width":1920,"height":1080},{"@type":"BreadcrumbList","@id":"https:\/\/www.pressenza.com\/it\/2026\/04\/luino-presentazione-del-libro-mio-padre-tuo-padre-con-le-autrici\/#breadcrumb","itemListElement":[{"@type":"ListItem","position":1,"name":"Accueil","item":"https:\/\/www.pressenza.com\/it\/"},{"@type":"ListItem","position":2,"name":"Luino, presentazione del libro \u201cMio padre, tuo padre\u201d con le autrici"}]},{"@type":"WebSite","@id":"https:\/\/www.pressenza.com\/it\/#website","url":"https:\/\/www.pressenza.com\/it\/","name":"Pressenza","description":"Agenzia di Stampa Internazionale","publisher":{"@id":"https:\/\/www.pressenza.com\/it\/#organization"},"potentialAction":[{"@type":"SearchAction","target":{"@type":"EntryPoint","urlTemplate":"https:\/\/www.pressenza.com\/it\/?s={search_term_string}"},"query-input":{"@type":"PropertyValueSpecification","valueRequired":true,"valueName":"search_term_string"}}],"inLanguage":"it-IT"},{"@type":"Organization","@id":"https:\/\/www.pressenza.com\/it\/#organization","name":"Pressenza","url":"https:\/\/www.pressenza.com\/it\/","logo":{"@type":"ImageObject","inLanguage":"it-IT","@id":"https:\/\/www.pressenza.com\/it\/#\/schema\/logo\/image\/","url":"https:\/\/www.pressenza.com\/wp-content\/uploads\/2022\/10\/pressenza_logo_200x200.jpg","contentUrl":"https:\/\/www.pressenza.com\/wp-content\/uploads\/2022\/10\/pressenza_logo_200x200.jpg","width":200,"height":200,"caption":"Pressenza"},"image":{"@id":"https:\/\/www.pressenza.com\/it\/#\/schema\/logo\/image\/"},"sameAs":["https:\/\/www.facebook.com\/PressenzaItalia","https:\/\/x.com\/PressenzaIPA"]},{"@type":"Person","@id":"https:\/\/www.pressenza.com\/it\/#\/schema\/person\/d983e81827ae24f2c7b1a2123d197f8d","name":"Redazione Italia","description":"News from the Pressenza Bureau in Italy","sameAs":["https:\/\/www.pressenza.com\/it\/author\/redazione-italia\/","https:\/\/www.facebook.com\/PressenzaItalia","https:\/\/www.instagram.com\/pressenza_italia\/","https:\/\/x.com\/pressenza_it","https:\/\/www.youtube.com\/channel\/UCSalEIWjE1RSxkwjfftFuqg"],"url":"https:\/\/www.pressenza.com\/it\/author\/redazione-italia\/"}]}},"place":"Luino (Varese)","original_article_url":"","_links":{"self":[{"href":"https:\/\/www.pressenza.com\/it\/wp-json\/wp\/v2\/posts\/2695694","targetHints":{"allow":["GET"]}}],"collection":[{"href":"https:\/\/www.pressenza.com\/it\/wp-json\/wp\/v2\/posts"}],"about":[{"href":"https:\/\/www.pressenza.com\/it\/wp-json\/wp\/v2\/types\/post"}],"author":[{"embeddable":true,"href":"https:\/\/www.pressenza.com\/it\/wp-json\/wp\/v2\/users\/594"}],"replies":[{"embeddable":true,"href":"https:\/\/www.pressenza.com\/it\/wp-json\/wp\/v2\/comments?post=2695694"}],"version-history":[{"count":1,"href":"https:\/\/www.pressenza.com\/it\/wp-json\/wp\/v2\/posts\/2695694\/revisions"}],"predecessor-version":[{"id":2695697,"href":"https:\/\/www.pressenza.com\/it\/wp-json\/wp\/v2\/posts\/2695694\/revisions\/2695697"}],"wp:featuredmedia":[{"embeddable":true,"href":"https:\/\/www.pressenza.com\/it\/wp-json\/wp\/v2\/media\/2695696"}],"wp:attachment":[{"href":"https:\/\/www.pressenza.com\/it\/wp-json\/wp\/v2\/media?parent=2695694"}],"wp:term":[{"taxonomy":"category","embeddable":true,"href":"https:\/\/www.pressenza.com\/it\/wp-json\/wp\/v2\/categories?post=2695694"},{"taxonomy":"post_tag","embeddable":true,"href":"https:\/\/www.pressenza.com\/it\/wp-json\/wp\/v2\/tags?post=2695694"}],"curies":[{"name":"wp","href":"https:\/\/api.w.org\/{rel}","templated":true}]}}