{"id":2695666,"date":"2026-04-26T11:18:26","date_gmt":"2026-04-26T10:18:26","guid":{"rendered":"https:\/\/www.pressenza.com\/?p=2695666"},"modified":"2026-04-26T14:44:42","modified_gmt":"2026-04-26T13:44:42","slug":"da-palermo-no-al-fascismo-alla-guerra-alleconomia-di-morte","status":"publish","type":"post","link":"https:\/\/www.pressenza.com\/it\/2026\/04\/da-palermo-no-al-fascismo-alla-guerra-alleconomia-di-morte\/","title":{"rendered":"Da Palermo: no al fascismo, alla guerra, all&#8217;economia di morte"},"content":{"rendered":"<p>&#8220;Potete entrare solo se non dovete protestare&#8221;. Cos\u00ec si \u00e8 rivolto il servizio d&#8217;ordine all&#8217;unico cancello aperto del Giardino Inglese di Palermo a chi interveniva alle celebrazioni ufficiali del 25 aprile in perfetto orario per l&#8217;inizio della cerimonia.\u00a0 Chi si era dato appuntamento poco prima era gi\u00e0 dentro e molti erano l\u00ec proprio per protestare, cartelli alti e bandiere di partiti, movimenti, associazioni, sindacato. All&#8217;ingresso, tra i &#8220;ritardatari&#8221; mi era stato chiesto di mostrare il cartello che raffigurava una stretta di mano insanguinata con la scritta &#8220;Stop accordi&#8221; e la richiesta di libert\u00e0 per Marwan Barghouti e per tutte e tutti i prigionieri palestinesi.<\/p>\n<p>Nei giorni scorsi, da un neonato Comitato, alla conferenza dei capigruppo del Consiglio Comunale era stato chiesto di discutere l&#8217;inserimento all&#8217;ordine del giorno di un atto d&#8217;indirizzo che impegnasse la giunta a pronunciarsi per la liberazione di Marwan Barghouti, cittadino onorario palermitano e da molti osservatori internazionali ritenuto il Mandela palestinese, per conferire la cittadinanza onoraria alle bambine e ai bambini palestinesi e avviare programmi di cooperazione che ne garantiscano il diritto alla crescita e alla spensieratezza e per dare un futuro certo al popolo palestinese oggetto di azioni genocidiarie e per destinare lo 0,01% del bilancio del comune a tali programmi di cooperazione. Purtroppo i consiglieri e le consigliere comunali non hanno finora ritenuto di portare in aula tale proposta e quindi siamo qui anche per questo.<\/p>\n<p>Come il mio cartello ce ne sono gi\u00e0 tanti, dentro. Ma al passo successivo vengo fermata. Mi si dice che non c&#8217;\u00e8 pi\u00f9 posto eppure gli altri anni molte pi\u00f9 persone si affollavano sin fuori l&#8217;ingresso e il marciapiede antistante. Resto al cancello, controllando che a nessun altro sia permesso entrare. Si crea un capannello rumoroso e moderatamente arrabbiato. &#8220;Contingentano la Resistenza&#8221; grido.<\/p>\n<p>A quel punto l&#8217;epilogo. Qualcuno del servizio d&#8217;ordine si avvicina ai cancelli: pare si possa entrare, ma solo se non si vuole protestare. Non stiamo l\u00ec a dichiarare le nostre intenzioni ed entriamo. La cerimonia, per\u00f2, non \u00e8 ancora iniziata: c&#8217;\u00e8 gi\u00e0 chi protesta, sotto il sole di una luminosa mattina e si nota una composta agitazione fatta di brusii e movimenti sparsi tra le autorit\u00e0 e i militari in alta uniforme, dall&#8217;altra parte di un nastro che li separa dal pubblico.<\/p>\n<p>E finalmente il sindaco arriva e prende la parola tra i fischi e gli slogan dei suoi e delle sue concittadine che gli ricordano la vergogna di avere stretto, in occasione di un incontro tenuto nascosto alla citt\u00e0, la mano dell&#8217;ambasciatore israeliano. Non sapr\u00f2 mai cosa ha detto. Riesco a sentire, invece, l&#8217;intervento di Ottavio Terranova, presidente dell&#8217;Anpi cittadina, nonostante qualche pi\u00f9 lieve contestazione.<\/p>\n<p>Poi parte il corteo, colorato, con tutti i suoi striscioni per ogni spezzone, voce diversa ed uguale di uno stesso grido: &#8220;Ora e sempre Resistenza&#8221;. Si percepisce la festa nei saluti, negli incontri, nei passi saltellanti dei bambini come in quelli pi\u00f9 lenti di resistenti anziani. Siamo tutte e tutti partigiani, in difesa, ancora una volta, della Costituzione, nella memoria, viva, di chi si \u00e8 battuto perch\u00e9 potesse essere scritta.<\/p>\n<p>Il nostro No al fascismo \u00e8 oggi un No gridato alto contro la guerra e la sua economia di morte. Lo ribadiscono al microfono, dalla scalinata del teatro Massimo, tutti gli interventi successivi all&#8217;esibizione del coro della Polizia Municipale, ricordando a chi ci governa che l&#8217;Italia ripudia la guerra e dichiarandosi solidali con tutti i popoli oppressi. Si auspica la fine di ogni conflitto armato, un futuro in cui la guerra, come la schiavit\u00f9, apparterr\u00e0 al passato e mentre tra la folla sventolano le bandiere della Palestina, Jasmine interroga le nostre coscienze: perch\u00e9 qui, oggi, celebriamo la nostra Resistenza rendendo omaggio a chi ne fu artefice e chiamiamo terrorista chi resiste in Palestina?<\/p>\n<p>No al riarmo, ma prima ancora disarmo, diserzione, nonviolenza, diventano per noi, che possiamo ancora godere della libert\u00e0 conquistata in quella che fu anche Resistenza armata, imperativi imprescindibili di ogni protesta. E resta cos\u00ec il dubbio, espresso nelle chiacchiere lungo il corteo, che anche impedire le parole del sindaco possa essere stato contrario alla pratica della nonviolenza. Dubbio che, mentre le istituzioni non ascoltano le richieste del popolo e tentano di zittirne la voce, accompagnato dall&#8217;immagine dei volti senza vita dei bambini palestinesi tra le macerie e da quella di una stretta di mano insanguinata -&#8220;\u00e8 come se avesse stretto la mano ad Hitler&#8221;-\u00a0 lascio come spunto di resistente riflessione a chi legge. <strong>(m. l. b.)<\/strong><\/p>\n<p>&nbsp;<\/p>\n<p>***************<\/p>\n<p>&nbsp;<\/p>\n<p>Chiusa la cerimonia istituzionale, dunque, ha inizio il corteo organizzato da ANPI, Cgil, Arci e altre associazioni e i movimenti raccoltatisi nello &#8220;Spezzone Antifascista Antisionista Antimilitaista&#8221;\u00a0 con la partecipazione di migliaia di manifestanti fra cui si registra una significativa predominanza di presenze di giovani, dimostratisi fra i pi\u00f9 attivi a scandire gli slogan che hanno caratterizzato le manifestazioni degli ultimi mesi per incitare a una nuova Resistenza contro il genocidio del popolo palestinese, contro la guerra, contro le politiche aggressive di USA e Israele e contro le politiche securitarie del governo nazionale.<\/p>\n<p>Le due frasi pi\u00f9 significative che aleggiano lungo tutto lo svolgimento del corteo sono \u201cOra e sempre Resistenza\u201d e \u201cFuori la guerra dalla Storia\u201d, a significare la necessit\u00e0 di non considerare il 25 aprile come una ricorrenza da celebrare sterilmente, bens\u00ec come una spinta propulsiva a mobilitarsi contro l\u2019insorgenza dei nuovi fascismi e delle nuove forme di autoritarismo.<\/p>\n<p>Il corteo \u00e8 lungo e fitto, la recente sconfitta al referendum del progetto eversivo di ridisegnare l\u2019architettura costituzionale dei poteri ha ridato voce e forza a chi fino ad oggi aveva abbandonato ogni forma di agire sociale non trovando pi\u00f9 rappresentanza nei partiti tradizionali e nei corpi sociali intermedi che desse voce alle istanze dal basso per un cambiamento radicale dell\u2019assetto politico, sociale ed economico attuale.<\/p>\n<p>Alla testa del corteo due rappresentanti dell\u2019ANPI sostengono un drappo su cui campeggia il testo della Costituzione, a seguire i tanti manifestanti con gli striscioni della Cgil, delle Donne per la Pace, dei collettivi che chiedono il cessate il fuoco permanente e la fine dell\u2019occupazione della Palestina; in mezzo al corteo campeggia anche un\u2019enorme bandiera palestinese, poi ancora gli Avvocati per il No con il loro striscione.<\/p>\n<p>Si vedono anche rappresentanti del centrosinistra fra i quali il PD e i Giovani Democratici, ci sono anche le bandiere ed i manifestanti di Potere al Popolo e di Rifondazione Comunista, c\u2019\u00e8 l\u2019UDU, il collettivo OSA Opposizione Studentesca Alternativa, gli striscioni della FP Cgil, dell\u2019Associazione Cristiana Lavoratori \u201cAchille Grandi\u201d e del Movimento per il No al referendum che prosegue la mobilitazione in difesa della Costituzione e per sostenere le lotte in difesa della Pace e contro le politiche di riarmo. Chiude il corteo lo striscione del circolo Arci A.P.S. Amicizia Sicilia &#8211; Palestina \u201cAl Quds\u201d Palermo.<\/p>\n<p>Non mancano anche due veterani della politica come Leoluca Orlando e Angelo Capitummino, il quale fu accanto a Pio La Torre nelle manifestazioni del 1981 e del 1982 a Comiso contro l\u2019installazione dei missili.<\/p>\n<p>Il corteo giunge a piazza Verdi di fronte al Teatro Massimo poco prima di mezzogiorno; la piazza si riempie per seguire gli interventi dei rappresentanti dell\u2019ANPI Armando Sorrentino, della Cgil Mario Ridulfo e Caterina Altamore che ha parlato in rappresentanza del Coordinamento Donne del Sindacato, dell\u2019Arci Fausto Melluso, delle Donne per la Pace Fausta Ferruzza, del Movimento per il No Davide Ficarra e di altri intervenuti per riaffermare con forza i valori fondanti sanciti dalla Costituzione di ripudio della guerra, contro il fascismo e contro ogni forma di autoritarismo, insieme a una condanna ferma nei confronti delle aggressioni genocidiarie.<\/p>\n<p>Si tratta di attuare pienamente quanto \u00e8 previsto nella stessa Costituzione la quale, ancora oggi, a 81 anni dalla vittoria contro il nazifascismo e ad 80 anni dalla nascita della Repubblica, mantiene integro il suo carattere fortemente rivoluzionario.<strong> (e. a.)<\/strong><\/p>\n<div class=\"post-gallery\">\n\t\t\t<figure class=\"post-gallery-item\">\n\t\t\t\t<img decoding=\"async\" src=\"https:\/\/www.pressenza.com\/wp-content\/uploads\/2026\/04\/WhatsApp-Image-2026-04-26-at-10.53.03.jpg\" loading=\"lazy\">\n\t\t\t\t<figcaption>\n\t\t\t\t\t\n\t\t\t\t<\/figcaption>\n\t\t\t<\/figure>\n\t\t\t<figure class=\"post-gallery-item\">\n\t\t\t\t<img decoding=\"async\" src=\"https:\/\/www.pressenza.com\/wp-content\/uploads\/2026\/04\/WhatsApp-Image-2026-04-26-at-10.53.38.jpg\" loading=\"lazy\">\n\t\t\t\t<figcaption>\n\t\t\t\t\t\n\t\t\t\t<\/figcaption>\n\t\t\t<\/figure>\n\t\t\t<figure class=\"post-gallery-item\">\n\t\t\t\t<img decoding=\"async\" src=\"https:\/\/www.pressenza.com\/wp-content\/uploads\/2026\/04\/WhatsApp-Image-2026-04-26-at-10.55.23.jpg\" loading=\"lazy\">\n\t\t\t\t<figcaption>\n\t\t\t\t\t\n\t\t\t\t<\/figcaption>\n\t\t\t<\/figure>\n\t\t\t<figure class=\"post-gallery-item\">\n\t\t\t\t<img decoding=\"async\" src=\"https:\/\/www.pressenza.com\/wp-content\/uploads\/2026\/04\/WhatsApp-Image-2026-04-26-at-10.57.42.jpg\" loading=\"lazy\">\n\t\t\t\t<figcaption>\n\t\t\t\t\t\n\t\t\t\t<\/figcaption>\n\t\t\t<\/figure>\n\t\t\t<figure class=\"post-gallery-item\">\n\t\t\t\t<img decoding=\"async\" src=\"https:\/\/www.pressenza.com\/wp-content\/uploads\/2026\/04\/WhatsApp-Image-2026-04-26-at-10.58.29.jpg\" loading=\"lazy\">\n\t\t\t\t<figcaption>\n\t\t\t\t\t\n\t\t\t\t<\/figcaption>\n\t\t\t<\/figure>\n\t\t\t<figure class=\"post-gallery-item\">\n\t\t\t\t<img decoding=\"async\" src=\"https:\/\/www.pressenza.com\/wp-content\/uploads\/2026\/04\/WhatsApp-Image-2026-04-26-at-11.04.16.jpg\" loading=\"lazy\">\n\t\t\t\t<figcaption>\n\t\t\t\t\t\n\t\t\t\t<\/figcaption>\n\t\t\t<\/figure>\n\t\t\t<figure class=\"post-gallery-item\">\n\t\t\t\t<img decoding=\"async\" src=\"https:\/\/www.pressenza.com\/wp-content\/uploads\/2026\/04\/WhatsApp-Image-2026-04-26-at-11.10.55.jpg\" loading=\"lazy\">\n\t\t\t\t<figcaption>\n\t\t\t\t\t\n\t\t\t\t<\/figcaption>\n\t\t\t<\/figure>\n\t\t\t<figure class=\"post-gallery-item\">\n\t\t\t\t<img decoding=\"async\" src=\"https:\/\/www.pressenza.com\/wp-content\/uploads\/2026\/04\/WhatsApp-Image-2026-04-26-at-10.54.30-1.jpg\" loading=\"lazy\">\n\t\t\t\t<figcaption>\n\t\t\t\t\t\n\t\t\t\t<\/figcaption>\n\t\t\t<\/figure>\n\t\t\t<figure class=\"post-gallery-item\">\n\t\t\t\t<img decoding=\"async\" src=\"https:\/\/www.pressenza.com\/wp-content\/uploads\/2026\/04\/WhatsApp-Image-2026-04-25-at-20.49.08-1.jpg\" loading=\"lazy\">\n\t\t\t\t<figcaption>\n\t\t\t\t\t\n\t\t\t\t<\/figcaption>\n\t\t\t<\/figure>\n\t\t\t<figure class=\"post-gallery-item\">\n\t\t\t\t<img decoding=\"async\" src=\"https:\/\/www.pressenza.com\/wp-content\/uploads\/2026\/04\/WhatsApp-Image-2026-04-25-at-20.49.09-2.jpg\" loading=\"lazy\">\n\t\t\t\t<figcaption>\n\t\t\t\t\t\n\t\t\t\t<\/figcaption>\n\t\t\t<\/figure><\/div>\n","protected":false},"excerpt":{"rendered":"<p>&#8220;Potete entrare solo se non dovete protestare&#8221;. Cos\u00ec si \u00e8 rivolto il servizio d&#8217;ordine all&#8217;unico cancello aperto del Giardino Inglese di Palermo a chi interveniva alle celebrazioni ufficiali del 25 aprile in perfetto orario per l&#8217;inizio della cerimonia.\u00a0 Chi si&hellip;<\/p>\n","protected":false},"author":1860,"featured_media":2695685,"comment_status":"closed","ping_status":"closed","sticky":false,"template":"","format":"standard","meta":{"footnotes":""},"categories":[11388,1262,1263,55],"tags":[155916],"class_list":["post-2695666","post","type-post","status-publish","format-standard","has-post-thumbnail","hentry","category-contenuti-originali","category-nonviolenza-argomento","category-pace-disarmo","category-politica","tag-25-aprile-2026-a-palermo"],"yoast_head":"<!-- This site is optimized with the Yoast SEO plugin v27.1.1 - https:\/\/yoast.com\/product\/yoast-seo-wordpress\/ -->\n<title>Da Palermo: no al fascismo, alla guerra, all&#039;economia di morte<\/title>\n<meta name=\"description\" content=\"&quot;Potete entrare solo se non dovete protestare&quot;. Cos\u00ec si \u00e8 rivolto il servizio d&#039;ordine all&#039;unico cancello aperto del Giardino Inglese di Palermo a chi\" \/>\n<meta name=\"robots\" content=\"index, follow, max-snippet:-1, max-image-preview:large, max-video-preview:-1\" \/>\n<link rel=\"canonical\" href=\"https:\/\/www.pressenza.com\/it\/2026\/04\/da-palermo-no-al-fascismo-alla-guerra-alleconomia-di-morte\/\" \/>\n<meta property=\"og:locale\" content=\"it_IT\" \/>\n<meta property=\"og:type\" content=\"article\" \/>\n<meta property=\"og:title\" content=\"Da Palermo: no al fascismo, alla guerra, all&#039;economia di morte\" \/>\n<meta property=\"og:description\" content=\"&quot;Potete entrare solo se non dovete protestare&quot;. Cos\u00ec si \u00e8 rivolto il servizio d&#039;ordine all&#039;unico cancello aperto del Giardino Inglese di Palermo a chi\" \/>\n<meta property=\"og:url\" content=\"https:\/\/www.pressenza.com\/it\/2026\/04\/da-palermo-no-al-fascismo-alla-guerra-alleconomia-di-morte\/\" \/>\n<meta property=\"og:site_name\" content=\"Pressenza\" \/>\n<meta property=\"article:publisher\" content=\"https:\/\/www.facebook.com\/PressenzaItalia\" \/>\n<meta property=\"article:published_time\" content=\"2026-04-26T10:18:26+00:00\" \/>\n<meta property=\"article:modified_time\" content=\"2026-04-26T13:44:42+00:00\" \/>\n<meta property=\"og:image\" content=\"https:\/\/www.pressenza.com\/wp-content\/uploads\/2026\/04\/WhatsApp-Image-2026-04-26-at-10.56.11-1.jpg\" \/>\n\t<meta property=\"og:image:width\" content=\"800\" \/>\n\t<meta property=\"og:image:height\" content=\"533\" \/>\n\t<meta property=\"og:image:type\" content=\"image\/jpeg\" \/>\n<meta name=\"author\" content=\"Redazione Palermo\" \/>\n<meta name=\"twitter:card\" content=\"summary_large_image\" \/>\n<meta name=\"twitter:creator\" content=\"@PressenzaIPA\" \/>\n<meta name=\"twitter:site\" content=\"@PressenzaIPA\" \/>\n<meta name=\"twitter:label1\" content=\"Scritto da\" \/>\n\t<meta name=\"twitter:data1\" content=\"Redazione Palermo\" \/>\n\t<meta name=\"twitter:label2\" content=\"Tempo di lettura stimato\" \/>\n\t<meta name=\"twitter:data2\" content=\"8 minuti\" \/>\n<script type=\"application\/ld+json\" class=\"yoast-schema-graph\">{\"@context\":\"https:\/\/schema.org\",\"@graph\":[{\"@type\":\"Article\",\"@id\":\"https:\/\/www.pressenza.com\/it\/2026\/04\/da-palermo-no-al-fascismo-alla-guerra-alleconomia-di-morte\/#article\",\"isPartOf\":{\"@id\":\"https:\/\/www.pressenza.com\/it\/2026\/04\/da-palermo-no-al-fascismo-alla-guerra-alleconomia-di-morte\/\"},\"author\":{\"name\":\"Redazione Palermo\",\"@id\":\"https:\/\/www.pressenza.com\/it\/#\/schema\/person\/dd233b73788fa2d4f797777f9b6c1100\"},\"headline\":\"Da Palermo: no al fascismo, alla guerra, all&#8217;economia di morte\",\"datePublished\":\"2026-04-26T10:18:26+00:00\",\"dateModified\":\"2026-04-26T13:44:42+00:00\",\"mainEntityOfPage\":{\"@id\":\"https:\/\/www.pressenza.com\/it\/2026\/04\/da-palermo-no-al-fascismo-alla-guerra-alleconomia-di-morte\/\"},\"wordCount\":1325,\"publisher\":{\"@id\":\"https:\/\/www.pressenza.com\/it\/#organization\"},\"image\":{\"@id\":\"https:\/\/www.pressenza.com\/it\/2026\/04\/da-palermo-no-al-fascismo-alla-guerra-alleconomia-di-morte\/#primaryimage\"},\"thumbnailUrl\":\"https:\/\/www.pressenza.com\/wp-content\/uploads\/2026\/04\/WhatsApp-Image-2026-04-26-at-10.56.11-1.jpg\",\"keywords\":[\"25 aprile 2026 a Palermo\"],\"articleSection\":[\"contenuti originali\",\"Nonviolenza\",\"Pace e Disarmo\",\"Politica\"],\"inLanguage\":\"it-IT\"},{\"@type\":\"WebPage\",\"@id\":\"https:\/\/www.pressenza.com\/it\/2026\/04\/da-palermo-no-al-fascismo-alla-guerra-alleconomia-di-morte\/\",\"url\":\"https:\/\/www.pressenza.com\/it\/2026\/04\/da-palermo-no-al-fascismo-alla-guerra-alleconomia-di-morte\/\",\"name\":\"Da Palermo: no al fascismo, alla guerra, all'economia di morte\",\"isPartOf\":{\"@id\":\"https:\/\/www.pressenza.com\/it\/#website\"},\"primaryImageOfPage\":{\"@id\":\"https:\/\/www.pressenza.com\/it\/2026\/04\/da-palermo-no-al-fascismo-alla-guerra-alleconomia-di-morte\/#primaryimage\"},\"image\":{\"@id\":\"https:\/\/www.pressenza.com\/it\/2026\/04\/da-palermo-no-al-fascismo-alla-guerra-alleconomia-di-morte\/#primaryimage\"},\"thumbnailUrl\":\"https:\/\/www.pressenza.com\/wp-content\/uploads\/2026\/04\/WhatsApp-Image-2026-04-26-at-10.56.11-1.jpg\",\"datePublished\":\"2026-04-26T10:18:26+00:00\",\"dateModified\":\"2026-04-26T13:44:42+00:00\",\"description\":\"\\\"Potete entrare solo se non dovete protestare\\\". Cos\u00ec si \u00e8 rivolto il servizio d'ordine all'unico cancello aperto del Giardino Inglese di Palermo a chi\",\"breadcrumb\":{\"@id\":\"https:\/\/www.pressenza.com\/it\/2026\/04\/da-palermo-no-al-fascismo-alla-guerra-alleconomia-di-morte\/#breadcrumb\"},\"inLanguage\":\"it-IT\",\"potentialAction\":[{\"@type\":\"ReadAction\",\"target\":[\"https:\/\/www.pressenza.com\/it\/2026\/04\/da-palermo-no-al-fascismo-alla-guerra-alleconomia-di-morte\/\"]}]},{\"@type\":\"ImageObject\",\"inLanguage\":\"it-IT\",\"@id\":\"https:\/\/www.pressenza.com\/it\/2026\/04\/da-palermo-no-al-fascismo-alla-guerra-alleconomia-di-morte\/#primaryimage\",\"url\":\"https:\/\/www.pressenza.com\/wp-content\/uploads\/2026\/04\/WhatsApp-Image-2026-04-26-at-10.56.11-1.jpg\",\"contentUrl\":\"https:\/\/www.pressenza.com\/wp-content\/uploads\/2026\/04\/WhatsApp-Image-2026-04-26-at-10.56.11-1.jpg\",\"width\":800,\"height\":533},{\"@type\":\"BreadcrumbList\",\"@id\":\"https:\/\/www.pressenza.com\/it\/2026\/04\/da-palermo-no-al-fascismo-alla-guerra-alleconomia-di-morte\/#breadcrumb\",\"itemListElement\":[{\"@type\":\"ListItem\",\"position\":1,\"name\":\"Accueil\",\"item\":\"https:\/\/www.pressenza.com\/it\/\"},{\"@type\":\"ListItem\",\"position\":2,\"name\":\"Da Palermo: no al fascismo, alla guerra, all&#8217;economia di morte\"}]},{\"@type\":\"WebSite\",\"@id\":\"https:\/\/www.pressenza.com\/it\/#website\",\"url\":\"https:\/\/www.pressenza.com\/it\/\",\"name\":\"Pressenza\",\"description\":\"Agenzia di Stampa Internazionale\",\"publisher\":{\"@id\":\"https:\/\/www.pressenza.com\/it\/#organization\"},\"potentialAction\":[{\"@type\":\"SearchAction\",\"target\":{\"@type\":\"EntryPoint\",\"urlTemplate\":\"https:\/\/www.pressenza.com\/it\/?s={search_term_string}\"},\"query-input\":{\"@type\":\"PropertyValueSpecification\",\"valueRequired\":true,\"valueName\":\"search_term_string\"}}],\"inLanguage\":\"it-IT\"},{\"@type\":\"Organization\",\"@id\":\"https:\/\/www.pressenza.com\/it\/#organization\",\"name\":\"Pressenza\",\"url\":\"https:\/\/www.pressenza.com\/it\/\",\"logo\":{\"@type\":\"ImageObject\",\"inLanguage\":\"it-IT\",\"@id\":\"https:\/\/www.pressenza.com\/it\/#\/schema\/logo\/image\/\",\"url\":\"https:\/\/www.pressenza.com\/wp-content\/uploads\/2022\/10\/pressenza_logo_200x200.jpg\",\"contentUrl\":\"https:\/\/www.pressenza.com\/wp-content\/uploads\/2022\/10\/pressenza_logo_200x200.jpg\",\"width\":200,\"height\":200,\"caption\":\"Pressenza\"},\"image\":{\"@id\":\"https:\/\/www.pressenza.com\/it\/#\/schema\/logo\/image\/\"},\"sameAs\":[\"https:\/\/www.facebook.com\/PressenzaItalia\",\"https:\/\/x.com\/PressenzaIPA\"]},{\"@type\":\"Person\",\"@id\":\"https:\/\/www.pressenza.com\/it\/#\/schema\/person\/dd233b73788fa2d4f797777f9b6c1100\",\"name\":\"Redazione Palermo\",\"description\":\"News from the Pressenza Bureau in Palermo, Italy\",\"url\":\"https:\/\/www.pressenza.com\/it\/author\/redazione-palermo\/\"}]}<\/script>\n<!-- \/ Yoast SEO plugin. -->","yoast_head_json":{"title":"Da Palermo: no al fascismo, alla guerra, all'economia di morte","description":"\"Potete entrare solo se non dovete protestare\". Cos\u00ec si \u00e8 rivolto il servizio d'ordine all'unico cancello aperto del Giardino Inglese di Palermo a chi","robots":{"index":"index","follow":"follow","max-snippet":"max-snippet:-1","max-image-preview":"max-image-preview:large","max-video-preview":"max-video-preview:-1"},"canonical":"https:\/\/www.pressenza.com\/it\/2026\/04\/da-palermo-no-al-fascismo-alla-guerra-alleconomia-di-morte\/","og_locale":"it_IT","og_type":"article","og_title":"Da Palermo: no al fascismo, alla guerra, all'economia di morte","og_description":"\"Potete entrare solo se non dovete protestare\". Cos\u00ec si \u00e8 rivolto il servizio d'ordine all'unico cancello aperto del Giardino Inglese di Palermo a chi","og_url":"https:\/\/www.pressenza.com\/it\/2026\/04\/da-palermo-no-al-fascismo-alla-guerra-alleconomia-di-morte\/","og_site_name":"Pressenza","article_publisher":"https:\/\/www.facebook.com\/PressenzaItalia","article_published_time":"2026-04-26T10:18:26+00:00","article_modified_time":"2026-04-26T13:44:42+00:00","og_image":[{"width":800,"height":533,"url":"https:\/\/www.pressenza.com\/wp-content\/uploads\/2026\/04\/WhatsApp-Image-2026-04-26-at-10.56.11-1.jpg","type":"image\/jpeg"}],"author":"Redazione Palermo","twitter_card":"summary_large_image","twitter_creator":"@PressenzaIPA","twitter_site":"@PressenzaIPA","twitter_misc":{"Scritto da":"Redazione Palermo","Tempo di lettura stimato":"8 minuti"},"schema":{"@context":"https:\/\/schema.org","@graph":[{"@type":"Article","@id":"https:\/\/www.pressenza.com\/it\/2026\/04\/da-palermo-no-al-fascismo-alla-guerra-alleconomia-di-morte\/#article","isPartOf":{"@id":"https:\/\/www.pressenza.com\/it\/2026\/04\/da-palermo-no-al-fascismo-alla-guerra-alleconomia-di-morte\/"},"author":{"name":"Redazione Palermo","@id":"https:\/\/www.pressenza.com\/it\/#\/schema\/person\/dd233b73788fa2d4f797777f9b6c1100"},"headline":"Da Palermo: no al fascismo, alla guerra, all&#8217;economia di morte","datePublished":"2026-04-26T10:18:26+00:00","dateModified":"2026-04-26T13:44:42+00:00","mainEntityOfPage":{"@id":"https:\/\/www.pressenza.com\/it\/2026\/04\/da-palermo-no-al-fascismo-alla-guerra-alleconomia-di-morte\/"},"wordCount":1325,"publisher":{"@id":"https:\/\/www.pressenza.com\/it\/#organization"},"image":{"@id":"https:\/\/www.pressenza.com\/it\/2026\/04\/da-palermo-no-al-fascismo-alla-guerra-alleconomia-di-morte\/#primaryimage"},"thumbnailUrl":"https:\/\/www.pressenza.com\/wp-content\/uploads\/2026\/04\/WhatsApp-Image-2026-04-26-at-10.56.11-1.jpg","keywords":["25 aprile 2026 a Palermo"],"articleSection":["contenuti originali","Nonviolenza","Pace e Disarmo","Politica"],"inLanguage":"it-IT"},{"@type":"WebPage","@id":"https:\/\/www.pressenza.com\/it\/2026\/04\/da-palermo-no-al-fascismo-alla-guerra-alleconomia-di-morte\/","url":"https:\/\/www.pressenza.com\/it\/2026\/04\/da-palermo-no-al-fascismo-alla-guerra-alleconomia-di-morte\/","name":"Da Palermo: no al fascismo, alla guerra, all'economia di morte","isPartOf":{"@id":"https:\/\/www.pressenza.com\/it\/#website"},"primaryImageOfPage":{"@id":"https:\/\/www.pressenza.com\/it\/2026\/04\/da-palermo-no-al-fascismo-alla-guerra-alleconomia-di-morte\/#primaryimage"},"image":{"@id":"https:\/\/www.pressenza.com\/it\/2026\/04\/da-palermo-no-al-fascismo-alla-guerra-alleconomia-di-morte\/#primaryimage"},"thumbnailUrl":"https:\/\/www.pressenza.com\/wp-content\/uploads\/2026\/04\/WhatsApp-Image-2026-04-26-at-10.56.11-1.jpg","datePublished":"2026-04-26T10:18:26+00:00","dateModified":"2026-04-26T13:44:42+00:00","description":"\"Potete entrare solo se non dovete protestare\". Cos\u00ec si \u00e8 rivolto il servizio d'ordine all'unico cancello aperto del Giardino Inglese di Palermo a chi","breadcrumb":{"@id":"https:\/\/www.pressenza.com\/it\/2026\/04\/da-palermo-no-al-fascismo-alla-guerra-alleconomia-di-morte\/#breadcrumb"},"inLanguage":"it-IT","potentialAction":[{"@type":"ReadAction","target":["https:\/\/www.pressenza.com\/it\/2026\/04\/da-palermo-no-al-fascismo-alla-guerra-alleconomia-di-morte\/"]}]},{"@type":"ImageObject","inLanguage":"it-IT","@id":"https:\/\/www.pressenza.com\/it\/2026\/04\/da-palermo-no-al-fascismo-alla-guerra-alleconomia-di-morte\/#primaryimage","url":"https:\/\/www.pressenza.com\/wp-content\/uploads\/2026\/04\/WhatsApp-Image-2026-04-26-at-10.56.11-1.jpg","contentUrl":"https:\/\/www.pressenza.com\/wp-content\/uploads\/2026\/04\/WhatsApp-Image-2026-04-26-at-10.56.11-1.jpg","width":800,"height":533},{"@type":"BreadcrumbList","@id":"https:\/\/www.pressenza.com\/it\/2026\/04\/da-palermo-no-al-fascismo-alla-guerra-alleconomia-di-morte\/#breadcrumb","itemListElement":[{"@type":"ListItem","position":1,"name":"Accueil","item":"https:\/\/www.pressenza.com\/it\/"},{"@type":"ListItem","position":2,"name":"Da Palermo: no al fascismo, alla guerra, all&#8217;economia di morte"}]},{"@type":"WebSite","@id":"https:\/\/www.pressenza.com\/it\/#website","url":"https:\/\/www.pressenza.com\/it\/","name":"Pressenza","description":"Agenzia di Stampa Internazionale","publisher":{"@id":"https:\/\/www.pressenza.com\/it\/#organization"},"potentialAction":[{"@type":"SearchAction","target":{"@type":"EntryPoint","urlTemplate":"https:\/\/www.pressenza.com\/it\/?s={search_term_string}"},"query-input":{"@type":"PropertyValueSpecification","valueRequired":true,"valueName":"search_term_string"}}],"inLanguage":"it-IT"},{"@type":"Organization","@id":"https:\/\/www.pressenza.com\/it\/#organization","name":"Pressenza","url":"https:\/\/www.pressenza.com\/it\/","logo":{"@type":"ImageObject","inLanguage":"it-IT","@id":"https:\/\/www.pressenza.com\/it\/#\/schema\/logo\/image\/","url":"https:\/\/www.pressenza.com\/wp-content\/uploads\/2022\/10\/pressenza_logo_200x200.jpg","contentUrl":"https:\/\/www.pressenza.com\/wp-content\/uploads\/2022\/10\/pressenza_logo_200x200.jpg","width":200,"height":200,"caption":"Pressenza"},"image":{"@id":"https:\/\/www.pressenza.com\/it\/#\/schema\/logo\/image\/"},"sameAs":["https:\/\/www.facebook.com\/PressenzaItalia","https:\/\/x.com\/PressenzaIPA"]},{"@type":"Person","@id":"https:\/\/www.pressenza.com\/it\/#\/schema\/person\/dd233b73788fa2d4f797777f9b6c1100","name":"Redazione Palermo","description":"News from the Pressenza Bureau in Palermo, Italy","url":"https:\/\/www.pressenza.com\/it\/author\/redazione-palermo\/"}]}},"place":"Servizi di Maria La Bianca ed Enzo Abbinanti","original_article_url":"","_links":{"self":[{"href":"https:\/\/www.pressenza.com\/it\/wp-json\/wp\/v2\/posts\/2695666","targetHints":{"allow":["GET"]}}],"collection":[{"href":"https:\/\/www.pressenza.com\/it\/wp-json\/wp\/v2\/posts"}],"about":[{"href":"https:\/\/www.pressenza.com\/it\/wp-json\/wp\/v2\/types\/post"}],"author":[{"embeddable":true,"href":"https:\/\/www.pressenza.com\/it\/wp-json\/wp\/v2\/users\/1860"}],"replies":[{"embeddable":true,"href":"https:\/\/www.pressenza.com\/it\/wp-json\/wp\/v2\/comments?post=2695666"}],"version-history":[{"count":8,"href":"https:\/\/www.pressenza.com\/it\/wp-json\/wp\/v2\/posts\/2695666\/revisions"}],"predecessor-version":[{"id":2695723,"href":"https:\/\/www.pressenza.com\/it\/wp-json\/wp\/v2\/posts\/2695666\/revisions\/2695723"}],"wp:featuredmedia":[{"embeddable":true,"href":"https:\/\/www.pressenza.com\/it\/wp-json\/wp\/v2\/media\/2695685"}],"wp:attachment":[{"href":"https:\/\/www.pressenza.com\/it\/wp-json\/wp\/v2\/media?parent=2695666"}],"wp:term":[{"taxonomy":"category","embeddable":true,"href":"https:\/\/www.pressenza.com\/it\/wp-json\/wp\/v2\/categories?post=2695666"},{"taxonomy":"post_tag","embeddable":true,"href":"https:\/\/www.pressenza.com\/it\/wp-json\/wp\/v2\/tags?post=2695666"}],"curies":[{"name":"wp","href":"https:\/\/api.w.org\/{rel}","templated":true}]}}