{"id":2695188,"date":"2026-04-24T13:55:58","date_gmt":"2026-04-24T12:55:58","guid":{"rendered":"https:\/\/www.pressenza.com\/?p=2695188"},"modified":"2026-04-24T13:55:58","modified_gmt":"2026-04-24T12:55:58","slug":"il-volontariato-a-dieci-anni-dalla-riforma-del-terzo-settore","status":"publish","type":"post","link":"https:\/\/www.pressenza.com\/it\/2026\/04\/il-volontariato-a-dieci-anni-dalla-riforma-del-terzo-settore\/","title":{"rendered":"Il volontariato a dieci anni dalla riforma del Terzo Settore"},"content":{"rendered":"<p align=\"JUSTIFY\">A dieci anni dall\u2019entrata in vigore della <b>Riforma del Terzo Settore<\/b> (<a href=\"https:\/\/www.gazzettaufficiale.it\/eli\/id\/2016\/06\/18\/16G00118\/sg)\">Legge n. 106 del 6 giugno 2016, entrata in vigore il 3 luglio 2016)<\/a> \u00a0arriva una bocciatura netta da parte di chi il volontariato lo vive ogni giorno: <b>il 51,5% dei volontari esprime un giudizio negativo sull\u2019impatto del nuovo Codice<\/b>.<\/p>\n<p align=\"JUSTIFY\">\u00c8 questo il dato principale che emerge dalla ricerca promossa dal <a href=\"ttps:\/\/retemovi.it\/\"><b>Movimento di Volontariato Italiano \u2013 MoVI<\/b><\/a>, che fotografa uno scollamento sempre pi\u00f9 evidente tra impianto normativo e realt\u00e0 associativa e che \u00e8 stata presentata in occasione del convegno nazionale \u201c<b>Il volontariato a dieci anni dalla riforma del Terzo Settore<\/b>\u201d, promosso dal <b>MoVI<\/b> insieme alla <b>Scuola Superiore Sant\u2019Anna<\/b>, al <b>Centro di Ricerca Maria Eletta Martini<\/b> (MEM), alla <b>Fondazione Emanuela Zancan<\/b>, alla <b>Fondazione per la Coesione Sociale ETS <\/b>e al <b>Centro di ricerca Maria Eletta Martini<\/b>, tenutosi a <b>Pis<\/b>a <b>il 17 e 18 aprile scorsi<\/b>. Questi alcuni numeri del dissenso: il 51,5% dei volontari (<i>scelti tra persone che hanno avuto un ruolo direttivo gestionale<\/i>) esprime un parere nettamente negativo; il 30,7% degli intervistati denuncia un\u2019eccessiva burocratizzazione che genera paralisi operativa; il 12,3% segnala una penalizzazione diretta delle piccole organizzazioni, schiacciate da adempimenti uniformi che non rispettano la diversit\u00e0 del settore; solo il 12,3% del campione promuove la Riforma con un parere positivo. Nonostante il 79,7% dei partecipanti dichiari di conoscere il nuovo assetto normativo, l\u2019effetto reale che ne scaturisce \u00e8 quello di una vera e propria \u201c<i>gabbia burocratica<\/i>\u201d, ove gli strumenti di accreditamento come il <b>RUNTS<\/b> e l\u2019obbligo di nuove competenze digitali e contabili vengono percepiti come barriere d\u2019accesso che sottraggono tempo all\u2019azione sociale per destinarlo alla gestione amministrativa.<\/p>\n<p align=\"JUSTIFY\"><b>Dalla ricerca emerge la preoccupazione per una progressiva \u201caziendalizzazione\u201d del settore<\/b>. La transizione in atto segna il passaggio da un volontariato fondato sulla vocazione e sulla spontaneit\u00e0 a un modello sempre pi\u00f9 professionalizzato e strutturato. Il <b>MoVI <\/b>rileva come questa trasformazione si manifesti in una crisi della gratuit\u00e0, dove la previsione di compensi \u2013 pur favorendo alcuni servizi e l\u2019ingresso dei giovani tramite il Servizio Civile \u2013 rischia di generare una confusione strutturale tra volontariato e lavoro. Allo stesso tempo <b>si assiste a una deriva progettuale, con un\u2019enfasi crescente su bandi e rendicontazione che tende a trasformare le associazioni in veri e propri \u201cprogettifici\u201d<\/b>, nei quali la competizione per le risorse finisce per prevalere sulla cooperazione territoriale.<\/p>\n<p align=\"JUSTIFY\">Infine, <b>il rapporto con la pubblica amministrazione appare sempre pi\u00f9 asimmetrico<\/b>: la co-progettazione viene spesso vissuta come una pratica formale, in cui il volontariato \u00e8 chiamato a svolgere un ruolo di supplenza rispetto alle carenze del pubblico, operando per\u00f2 entro cornici economiche gi\u00e0 definite. \u201c<i>La bocciatura della riforma del Terzo Settore da parte del volontariato conferma la necessit\u00e0 di un miglioramento del Codice in questo ambito<\/i>, ha sottolineato <b>Gianluca Cantisani<\/b>, presidente del <b>MoVI<\/b>. <i>In dieci anni sono state introdotte diverse modifiche migliorative al codice, che tuttavia si sono rivelate insufficienti alle necessit\u00e0 del volontariato. \u00c8 mancato un reale ascolto del mondo del volontariato e un\u2019analisi attraverso un filtro sociale adeguato ai tempi che stiamo vivendo. Con questa ricerca, il <\/i><i><b>MoVI<\/b><\/i><i> si propone di portare nelle sedi istituzionali le istanze emerse dai territori<\/i>\u201d.<\/p>\n<p align=\"JUSTIFY\">Per il <b>MoVI<\/b>, dal Convegno \u00e8 emersa la necessit\u00e0 non tanto di correggere alcuni aspetti tecnici della normativa, quanto di ripensare il ruolo stesso del volontariato nel sistema sociale e nel terzo settore. Il presidente <b>Gianluca Cantisani<\/b> al termine del convegno ha proposto di: rilanciare il volontariato come forma di <i>advocacy<\/i> verso le istituzioni e come partecipazione democratica e cura dei beni comuni, distinta dalla gestione di servizi; riformare il Codice del Terzo Settore per semplificare gli adempimenti per le realt\u00e0 del volontariato pi\u00f9 piccole e spontanee e chiarire meglio i confini tra le diverse tipologie di enti; riconoscere il volontariato informale (una proposta indicata come politicamente pi\u00f9 urgente per colmare il deficit di democrazia che l\u2019interpretazione del codice rischia di rafforzare nel Paese), introducendo nel Codice uno spazio per le aggregazioni spontanee e un percorso graduale verso la formalizzazione del loro ruolo.<\/p>\n<p align=\"JUSTIFY\"><a href=\"https:\/\/www.facebook.com\/photo?fbid=1362587922573589&amp;set=pcb.1362587959240252\"><u><b>Qui<\/b><\/u><\/a> alcuni dati.<\/p>\n","protected":false},"excerpt":{"rendered":"<p>A dieci anni dall\u2019entrata in vigore della Riforma del Terzo Settore (Legge n. 106 del 6 giugno 2016, entrata in vigore il 3 luglio 2016) \u00a0arriva una bocciatura netta da parte di chi il volontariato lo vive ogni giorno: il&hellip;<\/p>\n","protected":false},"author":2106,"featured_media":2695191,"comment_status":"closed","ping_status":"closed","sticky":false,"template":"","format":"standard","meta":{"footnotes":""},"categories":[11388,60,47],"tags":[4501,8309,1142],"class_list":["post-2695188","post","type-post","status-publish","format-standard","has-post-thumbnail","hentry","category-contenuti-originali","category-diritti-umani","category-europa","tag-rapporto","tag-terzo-settore","tag-volontariato"],"yoast_head":"<!-- This site is optimized with the Yoast SEO plugin v27.1.1 - https:\/\/yoast.com\/product\/yoast-seo-wordpress\/ -->\n<title>Il volontariato a dieci anni dalla riforma del Terzo Settore<\/title>\n<meta name=\"description\" content=\"A dieci anni dall\u2019entrata in vigore della Riforma del Terzo Settore \u00a0arriva una bocciatura netta da parte di chi il volontariato lo vive ogni giorno: il 51,5% dei volontari esprime un giudizio negativo sull\u2019impatto del nuovo Codice\" \/>\n<meta name=\"robots\" content=\"index, follow, max-snippet:-1, max-image-preview:large, max-video-preview:-1\" \/>\n<link rel=\"canonical\" href=\"https:\/\/www.pressenza.com\/it\/2026\/04\/il-volontariato-a-dieci-anni-dalla-riforma-del-terzo-settore\/\" \/>\n<meta property=\"og:locale\" content=\"it_IT\" \/>\n<meta property=\"og:type\" content=\"article\" \/>\n<meta property=\"og:title\" content=\"Il volontariato a dieci anni dalla riforma del Terzo Settore\" \/>\n<meta property=\"og:description\" content=\"A dieci anni dall\u2019entrata in vigore della Riforma del Terzo Settore \u00a0arriva una bocciatura netta da parte di chi il volontariato lo vive ogni giorno: il 51,5% dei volontari esprime un giudizio negativo sull\u2019impatto del nuovo Codice\" \/>\n<meta property=\"og:url\" content=\"https:\/\/www.pressenza.com\/it\/2026\/04\/il-volontariato-a-dieci-anni-dalla-riforma-del-terzo-settore\/\" \/>\n<meta property=\"og:site_name\" content=\"Pressenza\" \/>\n<meta property=\"article:publisher\" content=\"https:\/\/www.facebook.com\/PressenzaItalia\" \/>\n<meta property=\"article:published_time\" content=\"2026-04-24T12:55:58+00:00\" \/>\n<meta property=\"og:image\" content=\"https:\/\/www.pressenza.com\/wp-content\/uploads\/2026\/04\/Volontariato.jpg\" \/>\n\t<meta property=\"og:image:width\" content=\"820\" \/>\n\t<meta property=\"og:image:height\" content=\"540\" \/>\n\t<meta property=\"og:image:type\" content=\"image\/jpeg\" \/>\n<meta name=\"author\" content=\"Giovanni Caprio\" \/>\n<meta name=\"twitter:card\" content=\"summary_large_image\" \/>\n<meta name=\"twitter:creator\" content=\"@PressenzaIPA\" \/>\n<meta name=\"twitter:site\" content=\"@PressenzaIPA\" \/>\n<meta name=\"twitter:label1\" content=\"Scritto da\" \/>\n\t<meta name=\"twitter:data1\" content=\"Giovanni Caprio\" \/>\n\t<meta name=\"twitter:label2\" content=\"Tempo di lettura stimato\" \/>\n\t<meta name=\"twitter:data2\" content=\"4 minuti\" \/>\n<script type=\"application\/ld+json\" class=\"yoast-schema-graph\">{\"@context\":\"https:\/\/schema.org\",\"@graph\":[{\"@type\":\"Article\",\"@id\":\"https:\/\/www.pressenza.com\/it\/2026\/04\/il-volontariato-a-dieci-anni-dalla-riforma-del-terzo-settore\/#article\",\"isPartOf\":{\"@id\":\"https:\/\/www.pressenza.com\/it\/2026\/04\/il-volontariato-a-dieci-anni-dalla-riforma-del-terzo-settore\/\"},\"author\":{\"name\":\"Giovanni Caprio\",\"@id\":\"https:\/\/www.pressenza.com\/it\/#\/schema\/person\/841c36a613f4f6e80f5fbc9c1f8c32c8\"},\"headline\":\"Il volontariato a dieci anni dalla riforma del Terzo Settore\",\"datePublished\":\"2026-04-24T12:55:58+00:00\",\"mainEntityOfPage\":{\"@id\":\"https:\/\/www.pressenza.com\/it\/2026\/04\/il-volontariato-a-dieci-anni-dalla-riforma-del-terzo-settore\/\"},\"wordCount\":664,\"publisher\":{\"@id\":\"https:\/\/www.pressenza.com\/it\/#organization\"},\"image\":{\"@id\":\"https:\/\/www.pressenza.com\/it\/2026\/04\/il-volontariato-a-dieci-anni-dalla-riforma-del-terzo-settore\/#primaryimage\"},\"thumbnailUrl\":\"https:\/\/www.pressenza.com\/wp-content\/uploads\/2026\/04\/Volontariato.jpg\",\"keywords\":[\"rapporto\",\"terzo settore\",\"volontariato\"],\"articleSection\":[\"contenuti originali\",\"Diritti Umani\",\"Europa\"],\"inLanguage\":\"it-IT\"},{\"@type\":\"WebPage\",\"@id\":\"https:\/\/www.pressenza.com\/it\/2026\/04\/il-volontariato-a-dieci-anni-dalla-riforma-del-terzo-settore\/\",\"url\":\"https:\/\/www.pressenza.com\/it\/2026\/04\/il-volontariato-a-dieci-anni-dalla-riforma-del-terzo-settore\/\",\"name\":\"Il volontariato a dieci anni dalla riforma del Terzo Settore\",\"isPartOf\":{\"@id\":\"https:\/\/www.pressenza.com\/it\/#website\"},\"primaryImageOfPage\":{\"@id\":\"https:\/\/www.pressenza.com\/it\/2026\/04\/il-volontariato-a-dieci-anni-dalla-riforma-del-terzo-settore\/#primaryimage\"},\"image\":{\"@id\":\"https:\/\/www.pressenza.com\/it\/2026\/04\/il-volontariato-a-dieci-anni-dalla-riforma-del-terzo-settore\/#primaryimage\"},\"thumbnailUrl\":\"https:\/\/www.pressenza.com\/wp-content\/uploads\/2026\/04\/Volontariato.jpg\",\"datePublished\":\"2026-04-24T12:55:58+00:00\",\"description\":\"A dieci anni dall\u2019entrata in vigore della Riforma del Terzo Settore \u00a0arriva una bocciatura netta da parte di chi il volontariato lo vive ogni giorno: il 51,5% dei volontari esprime un giudizio negativo sull\u2019impatto del nuovo Codice\",\"breadcrumb\":{\"@id\":\"https:\/\/www.pressenza.com\/it\/2026\/04\/il-volontariato-a-dieci-anni-dalla-riforma-del-terzo-settore\/#breadcrumb\"},\"inLanguage\":\"it-IT\",\"potentialAction\":[{\"@type\":\"ReadAction\",\"target\":[\"https:\/\/www.pressenza.com\/it\/2026\/04\/il-volontariato-a-dieci-anni-dalla-riforma-del-terzo-settore\/\"]}]},{\"@type\":\"ImageObject\",\"inLanguage\":\"it-IT\",\"@id\":\"https:\/\/www.pressenza.com\/it\/2026\/04\/il-volontariato-a-dieci-anni-dalla-riforma-del-terzo-settore\/#primaryimage\",\"url\":\"https:\/\/www.pressenza.com\/wp-content\/uploads\/2026\/04\/Volontariato.jpg\",\"contentUrl\":\"https:\/\/www.pressenza.com\/wp-content\/uploads\/2026\/04\/Volontariato.jpg\",\"width\":820,\"height\":540},{\"@type\":\"BreadcrumbList\",\"@id\":\"https:\/\/www.pressenza.com\/it\/2026\/04\/il-volontariato-a-dieci-anni-dalla-riforma-del-terzo-settore\/#breadcrumb\",\"itemListElement\":[{\"@type\":\"ListItem\",\"position\":1,\"name\":\"Accueil\",\"item\":\"https:\/\/www.pressenza.com\/it\/\"},{\"@type\":\"ListItem\",\"position\":2,\"name\":\"Il volontariato a dieci anni dalla riforma del Terzo Settore\"}]},{\"@type\":\"WebSite\",\"@id\":\"https:\/\/www.pressenza.com\/it\/#website\",\"url\":\"https:\/\/www.pressenza.com\/it\/\",\"name\":\"Pressenza\",\"description\":\"Agenzia di Stampa Internazionale\",\"publisher\":{\"@id\":\"https:\/\/www.pressenza.com\/it\/#organization\"},\"potentialAction\":[{\"@type\":\"SearchAction\",\"target\":{\"@type\":\"EntryPoint\",\"urlTemplate\":\"https:\/\/www.pressenza.com\/it\/?s={search_term_string}\"},\"query-input\":{\"@type\":\"PropertyValueSpecification\",\"valueRequired\":true,\"valueName\":\"search_term_string\"}}],\"inLanguage\":\"it-IT\"},{\"@type\":\"Organization\",\"@id\":\"https:\/\/www.pressenza.com\/it\/#organization\",\"name\":\"Pressenza\",\"url\":\"https:\/\/www.pressenza.com\/it\/\",\"logo\":{\"@type\":\"ImageObject\",\"inLanguage\":\"it-IT\",\"@id\":\"https:\/\/www.pressenza.com\/it\/#\/schema\/logo\/image\/\",\"url\":\"https:\/\/www.pressenza.com\/wp-content\/uploads\/2022\/10\/pressenza_logo_200x200.jpg\",\"contentUrl\":\"https:\/\/www.pressenza.com\/wp-content\/uploads\/2022\/10\/pressenza_logo_200x200.jpg\",\"width\":200,\"height\":200,\"caption\":\"Pressenza\"},\"image\":{\"@id\":\"https:\/\/www.pressenza.com\/it\/#\/schema\/logo\/image\/\"},\"sameAs\":[\"https:\/\/www.facebook.com\/PressenzaItalia\",\"https:\/\/x.com\/PressenzaIPA\"]},{\"@type\":\"Person\",\"@id\":\"https:\/\/www.pressenza.com\/it\/#\/schema\/person\/841c36a613f4f6e80f5fbc9c1f8c32c8\",\"name\":\"Giovanni Caprio\",\"description\":\"Pubblicista, gi\u00e0 dirigente di istituzioni pubbliche e di fondazioni private. Si occupa di beni comuni, partecipazione e governo del territorio.\",\"url\":\"https:\/\/www.pressenza.com\/it\/author\/giovanni-caprio\/\"}]}<\/script>\n<!-- \/ Yoast SEO plugin. -->","yoast_head_json":{"title":"Il volontariato a dieci anni dalla riforma del Terzo Settore","description":"A dieci anni dall\u2019entrata in vigore della Riforma del Terzo Settore \u00a0arriva una bocciatura netta da parte di chi il volontariato lo vive ogni giorno: il 51,5% dei volontari esprime un giudizio negativo sull\u2019impatto del nuovo Codice","robots":{"index":"index","follow":"follow","max-snippet":"max-snippet:-1","max-image-preview":"max-image-preview:large","max-video-preview":"max-video-preview:-1"},"canonical":"https:\/\/www.pressenza.com\/it\/2026\/04\/il-volontariato-a-dieci-anni-dalla-riforma-del-terzo-settore\/","og_locale":"it_IT","og_type":"article","og_title":"Il volontariato a dieci anni dalla riforma del Terzo Settore","og_description":"A dieci anni dall\u2019entrata in vigore della Riforma del Terzo Settore \u00a0arriva una bocciatura netta da parte di chi il volontariato lo vive ogni giorno: il 51,5% dei volontari esprime un giudizio negativo sull\u2019impatto del nuovo Codice","og_url":"https:\/\/www.pressenza.com\/it\/2026\/04\/il-volontariato-a-dieci-anni-dalla-riforma-del-terzo-settore\/","og_site_name":"Pressenza","article_publisher":"https:\/\/www.facebook.com\/PressenzaItalia","article_published_time":"2026-04-24T12:55:58+00:00","og_image":[{"width":820,"height":540,"url":"https:\/\/www.pressenza.com\/wp-content\/uploads\/2026\/04\/Volontariato.jpg","type":"image\/jpeg"}],"author":"Giovanni Caprio","twitter_card":"summary_large_image","twitter_creator":"@PressenzaIPA","twitter_site":"@PressenzaIPA","twitter_misc":{"Scritto da":"Giovanni Caprio","Tempo di lettura stimato":"4 minuti"},"schema":{"@context":"https:\/\/schema.org","@graph":[{"@type":"Article","@id":"https:\/\/www.pressenza.com\/it\/2026\/04\/il-volontariato-a-dieci-anni-dalla-riforma-del-terzo-settore\/#article","isPartOf":{"@id":"https:\/\/www.pressenza.com\/it\/2026\/04\/il-volontariato-a-dieci-anni-dalla-riforma-del-terzo-settore\/"},"author":{"name":"Giovanni Caprio","@id":"https:\/\/www.pressenza.com\/it\/#\/schema\/person\/841c36a613f4f6e80f5fbc9c1f8c32c8"},"headline":"Il volontariato a dieci anni dalla riforma del Terzo Settore","datePublished":"2026-04-24T12:55:58+00:00","mainEntityOfPage":{"@id":"https:\/\/www.pressenza.com\/it\/2026\/04\/il-volontariato-a-dieci-anni-dalla-riforma-del-terzo-settore\/"},"wordCount":664,"publisher":{"@id":"https:\/\/www.pressenza.com\/it\/#organization"},"image":{"@id":"https:\/\/www.pressenza.com\/it\/2026\/04\/il-volontariato-a-dieci-anni-dalla-riforma-del-terzo-settore\/#primaryimage"},"thumbnailUrl":"https:\/\/www.pressenza.com\/wp-content\/uploads\/2026\/04\/Volontariato.jpg","keywords":["rapporto","terzo settore","volontariato"],"articleSection":["contenuti originali","Diritti Umani","Europa"],"inLanguage":"it-IT"},{"@type":"WebPage","@id":"https:\/\/www.pressenza.com\/it\/2026\/04\/il-volontariato-a-dieci-anni-dalla-riforma-del-terzo-settore\/","url":"https:\/\/www.pressenza.com\/it\/2026\/04\/il-volontariato-a-dieci-anni-dalla-riforma-del-terzo-settore\/","name":"Il volontariato a dieci anni dalla riforma del Terzo Settore","isPartOf":{"@id":"https:\/\/www.pressenza.com\/it\/#website"},"primaryImageOfPage":{"@id":"https:\/\/www.pressenza.com\/it\/2026\/04\/il-volontariato-a-dieci-anni-dalla-riforma-del-terzo-settore\/#primaryimage"},"image":{"@id":"https:\/\/www.pressenza.com\/it\/2026\/04\/il-volontariato-a-dieci-anni-dalla-riforma-del-terzo-settore\/#primaryimage"},"thumbnailUrl":"https:\/\/www.pressenza.com\/wp-content\/uploads\/2026\/04\/Volontariato.jpg","datePublished":"2026-04-24T12:55:58+00:00","description":"A dieci anni dall\u2019entrata in vigore della Riforma del Terzo Settore \u00a0arriva una bocciatura netta da parte di chi il volontariato lo vive ogni giorno: il 51,5% dei volontari esprime un giudizio negativo sull\u2019impatto del nuovo Codice","breadcrumb":{"@id":"https:\/\/www.pressenza.com\/it\/2026\/04\/il-volontariato-a-dieci-anni-dalla-riforma-del-terzo-settore\/#breadcrumb"},"inLanguage":"it-IT","potentialAction":[{"@type":"ReadAction","target":["https:\/\/www.pressenza.com\/it\/2026\/04\/il-volontariato-a-dieci-anni-dalla-riforma-del-terzo-settore\/"]}]},{"@type":"ImageObject","inLanguage":"it-IT","@id":"https:\/\/www.pressenza.com\/it\/2026\/04\/il-volontariato-a-dieci-anni-dalla-riforma-del-terzo-settore\/#primaryimage","url":"https:\/\/www.pressenza.com\/wp-content\/uploads\/2026\/04\/Volontariato.jpg","contentUrl":"https:\/\/www.pressenza.com\/wp-content\/uploads\/2026\/04\/Volontariato.jpg","width":820,"height":540},{"@type":"BreadcrumbList","@id":"https:\/\/www.pressenza.com\/it\/2026\/04\/il-volontariato-a-dieci-anni-dalla-riforma-del-terzo-settore\/#breadcrumb","itemListElement":[{"@type":"ListItem","position":1,"name":"Accueil","item":"https:\/\/www.pressenza.com\/it\/"},{"@type":"ListItem","position":2,"name":"Il volontariato a dieci anni dalla riforma del Terzo Settore"}]},{"@type":"WebSite","@id":"https:\/\/www.pressenza.com\/it\/#website","url":"https:\/\/www.pressenza.com\/it\/","name":"Pressenza","description":"Agenzia di Stampa Internazionale","publisher":{"@id":"https:\/\/www.pressenza.com\/it\/#organization"},"potentialAction":[{"@type":"SearchAction","target":{"@type":"EntryPoint","urlTemplate":"https:\/\/www.pressenza.com\/it\/?s={search_term_string}"},"query-input":{"@type":"PropertyValueSpecification","valueRequired":true,"valueName":"search_term_string"}}],"inLanguage":"it-IT"},{"@type":"Organization","@id":"https:\/\/www.pressenza.com\/it\/#organization","name":"Pressenza","url":"https:\/\/www.pressenza.com\/it\/","logo":{"@type":"ImageObject","inLanguage":"it-IT","@id":"https:\/\/www.pressenza.com\/it\/#\/schema\/logo\/image\/","url":"https:\/\/www.pressenza.com\/wp-content\/uploads\/2022\/10\/pressenza_logo_200x200.jpg","contentUrl":"https:\/\/www.pressenza.com\/wp-content\/uploads\/2022\/10\/pressenza_logo_200x200.jpg","width":200,"height":200,"caption":"Pressenza"},"image":{"@id":"https:\/\/www.pressenza.com\/it\/#\/schema\/logo\/image\/"},"sameAs":["https:\/\/www.facebook.com\/PressenzaItalia","https:\/\/x.com\/PressenzaIPA"]},{"@type":"Person","@id":"https:\/\/www.pressenza.com\/it\/#\/schema\/person\/841c36a613f4f6e80f5fbc9c1f8c32c8","name":"Giovanni Caprio","description":"Pubblicista, gi\u00e0 dirigente di istituzioni pubbliche e di fondazioni private. Si occupa di beni comuni, partecipazione e governo del territorio.","url":"https:\/\/www.pressenza.com\/it\/author\/giovanni-caprio\/"}]}},"place":"","original_article_url":"","_links":{"self":[{"href":"https:\/\/www.pressenza.com\/it\/wp-json\/wp\/v2\/posts\/2695188","targetHints":{"allow":["GET"]}}],"collection":[{"href":"https:\/\/www.pressenza.com\/it\/wp-json\/wp\/v2\/posts"}],"about":[{"href":"https:\/\/www.pressenza.com\/it\/wp-json\/wp\/v2\/types\/post"}],"author":[{"embeddable":true,"href":"https:\/\/www.pressenza.com\/it\/wp-json\/wp\/v2\/users\/2106"}],"replies":[{"embeddable":true,"href":"https:\/\/www.pressenza.com\/it\/wp-json\/wp\/v2\/comments?post=2695188"}],"version-history":[{"count":1,"href":"https:\/\/www.pressenza.com\/it\/wp-json\/wp\/v2\/posts\/2695188\/revisions"}],"predecessor-version":[{"id":2695192,"href":"https:\/\/www.pressenza.com\/it\/wp-json\/wp\/v2\/posts\/2695188\/revisions\/2695192"}],"wp:featuredmedia":[{"embeddable":true,"href":"https:\/\/www.pressenza.com\/it\/wp-json\/wp\/v2\/media\/2695191"}],"wp:attachment":[{"href":"https:\/\/www.pressenza.com\/it\/wp-json\/wp\/v2\/media?parent=2695188"}],"wp:term":[{"taxonomy":"category","embeddable":true,"href":"https:\/\/www.pressenza.com\/it\/wp-json\/wp\/v2\/categories?post=2695188"},{"taxonomy":"post_tag","embeddable":true,"href":"https:\/\/www.pressenza.com\/it\/wp-json\/wp\/v2\/tags?post=2695188"}],"curies":[{"name":"wp","href":"https:\/\/api.w.org\/{rel}","templated":true}]}}