{"id":2691070,"date":"2026-04-07T22:23:34","date_gmt":"2026-04-07T21:23:34","guid":{"rendered":"https:\/\/www.pressenza.com\/?p=2691070"},"modified":"2026-04-08T09:54:05","modified_gmt":"2026-04-08T08:54:05","slug":"presidio-al-tribunale-di-roma-in-difesa-dei-palestinesi-detenuti-da-dicembre","status":"publish","type":"post","link":"https:\/\/www.pressenza.com\/it\/2026\/04\/presidio-al-tribunale-di-roma-in-difesa-dei-palestinesi-detenuti-da-dicembre\/","title":{"rendered":"Presidio al Tribunale di Roma in difesa dei palestinesi detenuti da dicembre"},"content":{"rendered":"<p>Nella mattinata di mercoled\u00ec 8 aprile si terr\u00e0 l&#8217;udienza della Corte di Cassazione a cui hanno fatto ricorso gli avvocati di Mohammed Hannoun, Ra\u2019ed Dawoud, Yaser Elasaly e Ryad Albunstanji. Al presidio di solidariet\u00e0, che si svolger\u00e0 davanti al \u201cPalazzaccio\u201d di piazza Cavour a cominciare dalle 9:30, indetto dal comitato che ne chiede la liberazione hanno gi\u00e0 aderito numerose associazioni.<\/p>\n<p>La <a href=\"https:\/\/www.ansa.it\/liguria\/notizie\/2026\/04\/04\/inchiesta-fondi-hamas-pg-cassazione-documenti-israele-inutilizzabili_f26af4f0-6092-45d2-9d34-a74265832ae4.html\" target=\"_blank\" rel=\"noopener\">notizia diffusa il 4 aprile scorso dall&#8217;ANSA<\/a> riferisce che &#8220;i sostituti procuratori generali Lucia Odello e Paolo Sansonetti condividono l&#8217;impostazione del tribunale del Riesame di Genova, che ha dichiarato inutilizzabili i documenti trasmessi dallo Stato di Israele nell&#8217;ambito dell&#8217;inchiesta sul coinvolgimento dell&#8217;associazione di beneficienza fondata da Mohammad Hannouni in presunti finanziamenti ad Hamas&#8221;. Inoltre che dopo il ricorso dei pm genovesi contro la scarcerazione disposta dal riesame del caso di uno di loro, Raed el Salahat, in una memoria depositata in vista dell&#8217;udienza davanti alla Suprema Corte &#8220;i pg affermano che su di lui ci siano comunque solidi indizi&#8221;, perci\u00f2 chiedono l&#8217;annullamento con rinvio del provvedimento che lo ha scarcerato, ma che non riengono siano valide, anzi hanno valutato che siano inutilizzabili, le cosiddette <em>battlefield evidences<\/em> &#8211; prove materiali e documentali che l&#8217;IDF aveva raccolto &#8216;sul campo di battaglia&#8217; in Israele, per\u00f2 senza redigere i verbali di sequestro e quindi, senza fornire informazioni sulle circostanze e modalit\u00e0 della loro acquisizione e garanzie sulla loro attendibilit\u00e0 &#8211; su cui si basano le accuse che ne hanno motivato l&#8217;arresto.<\/p>\n<p>Rilevando che alle autorit\u00e0 italiane tali atti sono stati forniti dal governo israeliano tramite fonte anonima (un funzionario dello Shin Bet identificato solo con la sigla Avi), i magistrati hanno ritenuto che non possano essere usati come indizi comprovanti le accuse rivolte a lui e, contemporaneamente, a Mohammed Hannoun, Ra\u2019ed Dawoud, Yaser Elasaly e Ryad Albunstanji, invece tuttora detenuti e il cui arresto sulla base delle stesse imputazioni mercoled\u00ec 8 aprile \u00e8 sottoposto alla valutazione della Corte di Cassazione, che ne sancir\u00e0 la convalida oppure l&#8217;annullamento.<\/p>\n<p><img class=\"aligncenter size-full wp-image-2691076\" alt=\"\" \/> <img loading=\"lazy\" decoding=\"async\" class=\"aligncenter size-large wp-image-2691077\" src=\"https:\/\/www.pressenza.com\/wp-content\/uploads\/2026\/04\/Hannoun-Cassazione-1-2.png\" alt=\"\" width=\"362\" height=\"453\" srcset=\"https:\/\/www.pressenza.com\/wp-content\/uploads\/2026\/04\/Hannoun-Cassazione-1-2.png 362w, https:\/\/www.pressenza.com\/wp-content\/uploads\/2026\/04\/Hannoun-Cassazione-1-2-240x300.png 240w\" sizes=\"auto, (max-width: 362px) 100vw, 362px\" \/><\/p>\n<p>&nbsp;<\/p>\n","protected":false},"excerpt":{"rendered":"<p>Nella mattinata di mercoled\u00ec 8 aprile si terr\u00e0 l&#8217;udienza della Corte di Cassazione a cui hanno fatto ricorso gli avvocati di Mohammed Hannoun, Ra\u2019ed Dawoud, Yaser Elasaly e Ryad Albunstanji. Al presidio di solidariet\u00e0, che si svolger\u00e0 davanti al \u201cPalazzaccio\u201d&hellip;<\/p>\n","protected":false},"author":2469,"featured_media":2691071,"comment_status":"closed","ping_status":"closed","sticky":false,"template":"","format":"standard","meta":{"footnotes":""},"categories":[11388,60],"tags":[151656,148819,151826,151828,151827],"class_list":["post-2691070","post","type-post","status-publish","format-standard","has-post-thumbnail","hentry","category-contenuti-originali","category-diritti-umani","tag-liberta-per-mohammed-hannoun","tag-mohammed-hannoun","tag-raed-dawoud","tag-ryad-albunstanji","tag-yaser-elasaly"],"yoast_head":"<!-- This site is optimized with the Yoast SEO plugin v27.1.1 - https:\/\/yoast.com\/product\/yoast-seo-wordpress\/ -->\n<title>Presidio al Tribunale di Roma in difesa dei palestinesi detenuti da dicembre<\/title>\n<meta name=\"description\" content=\"Nella mattinata di mercoled\u00ec 8 aprile si terr\u00e0 l&#039;udienza della Corte di Cassazione a cui hanno fatto ricorso gli avvocati di Mohammed Hannoun, Ra\u2019ed\" \/>\n<meta name=\"robots\" content=\"index, follow, max-snippet:-1, max-image-preview:large, max-video-preview:-1\" \/>\n<link rel=\"canonical\" href=\"https:\/\/www.pressenza.com\/it\/2026\/04\/presidio-al-tribunale-di-roma-in-difesa-dei-palestinesi-detenuti-da-dicembre\/\" \/>\n<meta property=\"og:locale\" content=\"it_IT\" \/>\n<meta property=\"og:type\" content=\"article\" \/>\n<meta property=\"og:title\" content=\"Presidio al Tribunale di Roma in difesa dei palestinesi detenuti da dicembre\" \/>\n<meta property=\"og:description\" content=\"Nella mattinata di mercoled\u00ec 8 aprile si terr\u00e0 l&#039;udienza della Corte di Cassazione a cui hanno fatto ricorso gli avvocati di Mohammed Hannoun, Ra\u2019ed\" \/>\n<meta property=\"og:url\" content=\"https:\/\/www.pressenza.com\/it\/2026\/04\/presidio-al-tribunale-di-roma-in-difesa-dei-palestinesi-detenuti-da-dicembre\/\" \/>\n<meta property=\"og:site_name\" content=\"Pressenza\" \/>\n<meta property=\"article:publisher\" content=\"https:\/\/www.facebook.com\/PressenzaItalia\" \/>\n<meta property=\"article:published_time\" content=\"2026-04-07T21:23:34+00:00\" \/>\n<meta property=\"article:modified_time\" content=\"2026-04-08T08:54:05+00:00\" \/>\n<meta property=\"og:image\" content=\"https:\/\/www.pressenza.com\/wp-content\/uploads\/2026\/04\/Hannoun-Cassazione-1-1.png\" \/>\n\t<meta property=\"og:image:width\" content=\"362\" \/>\n\t<meta property=\"og:image:height\" content=\"205\" \/>\n\t<meta property=\"og:image:type\" content=\"image\/png\" \/>\n<meta name=\"author\" content=\"Maddalena Brunasti\" \/>\n<meta name=\"twitter:card\" content=\"summary_large_image\" \/>\n<meta name=\"twitter:creator\" content=\"@PressenzaIPA\" \/>\n<meta name=\"twitter:site\" content=\"@PressenzaIPA\" \/>\n<meta name=\"twitter:label1\" content=\"Scritto da\" \/>\n\t<meta name=\"twitter:data1\" content=\"Maddalena Brunasti\" \/>\n\t<meta name=\"twitter:label2\" content=\"Tempo di lettura stimato\" \/>\n\t<meta name=\"twitter:data2\" content=\"3 minuti\" \/>\n<script type=\"application\/ld+json\" class=\"yoast-schema-graph\">{\"@context\":\"https:\/\/schema.org\",\"@graph\":[{\"@type\":\"Article\",\"@id\":\"https:\/\/www.pressenza.com\/it\/2026\/04\/presidio-al-tribunale-di-roma-in-difesa-dei-palestinesi-detenuti-da-dicembre\/#article\",\"isPartOf\":{\"@id\":\"https:\/\/www.pressenza.com\/it\/2026\/04\/presidio-al-tribunale-di-roma-in-difesa-dei-palestinesi-detenuti-da-dicembre\/\"},\"author\":{\"name\":\"Maddalena Brunasti\",\"@id\":\"https:\/\/www.pressenza.com\/it\/#\/schema\/person\/c40445c8c2b0f5eb307a44c0d7acec93\"},\"headline\":\"Presidio al Tribunale di Roma in difesa dei palestinesi detenuti da dicembre\",\"datePublished\":\"2026-04-07T21:23:34+00:00\",\"dateModified\":\"2026-04-08T08:54:05+00:00\",\"mainEntityOfPage\":{\"@id\":\"https:\/\/www.pressenza.com\/it\/2026\/04\/presidio-al-tribunale-di-roma-in-difesa-dei-palestinesi-detenuti-da-dicembre\/\"},\"wordCount\":345,\"publisher\":{\"@id\":\"https:\/\/www.pressenza.com\/it\/#organization\"},\"image\":{\"@id\":\"https:\/\/www.pressenza.com\/it\/2026\/04\/presidio-al-tribunale-di-roma-in-difesa-dei-palestinesi-detenuti-da-dicembre\/#primaryimage\"},\"thumbnailUrl\":\"https:\/\/www.pressenza.com\/wp-content\/uploads\/2026\/04\/Hannoun-Cassazione-1-1.png\",\"keywords\":[\"libert\u00e0 per Mohammed Hannoun\",\"Mohammed Hannoun\",\"Ra\u2019ed Dawoud\",\"Ryad Albunstanji\",\"Yaser Elasaly\"],\"articleSection\":[\"contenuti originali\",\"Diritti Umani\"],\"inLanguage\":\"it-IT\"},{\"@type\":\"WebPage\",\"@id\":\"https:\/\/www.pressenza.com\/it\/2026\/04\/presidio-al-tribunale-di-roma-in-difesa-dei-palestinesi-detenuti-da-dicembre\/\",\"url\":\"https:\/\/www.pressenza.com\/it\/2026\/04\/presidio-al-tribunale-di-roma-in-difesa-dei-palestinesi-detenuti-da-dicembre\/\",\"name\":\"Presidio al Tribunale di Roma in difesa dei palestinesi detenuti da dicembre\",\"isPartOf\":{\"@id\":\"https:\/\/www.pressenza.com\/it\/#website\"},\"primaryImageOfPage\":{\"@id\":\"https:\/\/www.pressenza.com\/it\/2026\/04\/presidio-al-tribunale-di-roma-in-difesa-dei-palestinesi-detenuti-da-dicembre\/#primaryimage\"},\"image\":{\"@id\":\"https:\/\/www.pressenza.com\/it\/2026\/04\/presidio-al-tribunale-di-roma-in-difesa-dei-palestinesi-detenuti-da-dicembre\/#primaryimage\"},\"thumbnailUrl\":\"https:\/\/www.pressenza.com\/wp-content\/uploads\/2026\/04\/Hannoun-Cassazione-1-1.png\",\"datePublished\":\"2026-04-07T21:23:34+00:00\",\"dateModified\":\"2026-04-08T08:54:05+00:00\",\"description\":\"Nella mattinata di mercoled\u00ec 8 aprile si terr\u00e0 l'udienza della Corte di Cassazione a cui hanno fatto ricorso gli avvocati di Mohammed Hannoun, Ra\u2019ed\",\"breadcrumb\":{\"@id\":\"https:\/\/www.pressenza.com\/it\/2026\/04\/presidio-al-tribunale-di-roma-in-difesa-dei-palestinesi-detenuti-da-dicembre\/#breadcrumb\"},\"inLanguage\":\"it-IT\",\"potentialAction\":[{\"@type\":\"ReadAction\",\"target\":[\"https:\/\/www.pressenza.com\/it\/2026\/04\/presidio-al-tribunale-di-roma-in-difesa-dei-palestinesi-detenuti-da-dicembre\/\"]}]},{\"@type\":\"ImageObject\",\"inLanguage\":\"it-IT\",\"@id\":\"https:\/\/www.pressenza.com\/it\/2026\/04\/presidio-al-tribunale-di-roma-in-difesa-dei-palestinesi-detenuti-da-dicembre\/#primaryimage\",\"url\":\"https:\/\/www.pressenza.com\/wp-content\/uploads\/2026\/04\/Hannoun-Cassazione-1-1.png\",\"contentUrl\":\"https:\/\/www.pressenza.com\/wp-content\/uploads\/2026\/04\/Hannoun-Cassazione-1-1.png\",\"width\":362,\"height\":205},{\"@type\":\"BreadcrumbList\",\"@id\":\"https:\/\/www.pressenza.com\/it\/2026\/04\/presidio-al-tribunale-di-roma-in-difesa-dei-palestinesi-detenuti-da-dicembre\/#breadcrumb\",\"itemListElement\":[{\"@type\":\"ListItem\",\"position\":1,\"name\":\"Accueil\",\"item\":\"https:\/\/www.pressenza.com\/it\/\"},{\"@type\":\"ListItem\",\"position\":2,\"name\":\"Presidio al Tribunale di Roma in difesa dei palestinesi detenuti da dicembre\"}]},{\"@type\":\"WebSite\",\"@id\":\"https:\/\/www.pressenza.com\/it\/#website\",\"url\":\"https:\/\/www.pressenza.com\/it\/\",\"name\":\"Pressenza\",\"description\":\"Agenzia di Stampa Internazionale\",\"publisher\":{\"@id\":\"https:\/\/www.pressenza.com\/it\/#organization\"},\"potentialAction\":[{\"@type\":\"SearchAction\",\"target\":{\"@type\":\"EntryPoint\",\"urlTemplate\":\"https:\/\/www.pressenza.com\/it\/?s={search_term_string}\"},\"query-input\":{\"@type\":\"PropertyValueSpecification\",\"valueRequired\":true,\"valueName\":\"search_term_string\"}}],\"inLanguage\":\"it-IT\"},{\"@type\":\"Organization\",\"@id\":\"https:\/\/www.pressenza.com\/it\/#organization\",\"name\":\"Pressenza\",\"url\":\"https:\/\/www.pressenza.com\/it\/\",\"logo\":{\"@type\":\"ImageObject\",\"inLanguage\":\"it-IT\",\"@id\":\"https:\/\/www.pressenza.com\/it\/#\/schema\/logo\/image\/\",\"url\":\"https:\/\/www.pressenza.com\/wp-content\/uploads\/2022\/10\/pressenza_logo_200x200.jpg\",\"contentUrl\":\"https:\/\/www.pressenza.com\/wp-content\/uploads\/2022\/10\/pressenza_logo_200x200.jpg\",\"width\":200,\"height\":200,\"caption\":\"Pressenza\"},\"image\":{\"@id\":\"https:\/\/www.pressenza.com\/it\/#\/schema\/logo\/image\/\"},\"sameAs\":[\"https:\/\/www.facebook.com\/PressenzaItalia\",\"https:\/\/x.com\/PressenzaIPA\"]},{\"@type\":\"Person\",\"@id\":\"https:\/\/www.pressenza.com\/it\/#\/schema\/person\/c40445c8c2b0f5eb307a44c0d7acec93\",\"name\":\"Maddalena Brunasti\",\"description\":\"Di origini venete, \u00e8 nata nel 1963 a Milano, dove ha vissuto fino al 2007, fino al 2023 ha abitato in un borgo rurale del Monferrato e ora risiede a Casale Monferrato (AL) e talvolta a Garda (VR). Collaboratrice di Radio Popolare, redattrice della RUBRICA GIOVANI e per un anno corrispondente da Londra, ha realizzato reportage sullo sciopero dei minatori inglesi del 1984-1985. Laureata in Scienze Politiche con una tesi di ricerca sulle procedure per l\u2019acquisizione della cittadinanza negli USA, dal 1994 al 2002 insegnante della SCUOLA DRISS MOUSSAFIR e agente di sviluppo per interventi incentivanti l\u2019inserimento lavorativo degli immigrati, progetti svolti dall\u2019ARCI con finanziamenti erogati dal DG 5 della Commissione Europea, \u00e8 coautrice di MILANO, STADERA: IMMIGRAZIONE, LEGGI E NORME SOCIALI (FrancoAngeli, 1998). Nel 2009 ha ideato la mostra-evento PINOCCHIO &amp; I SUOI COMPAGNI D\u2019AVVENTURA, fino al 2019 ha coordinato la progettazione e curato le comunicazioni di numerose iniziative culturali, dal 2019 al 2023 ha pianificato e svolto il programma di eventi scientifico-culturali della \u201cfiera del verde e dell\u2019agricoltura\u201d MONFERRATO GREEN FARM e dall\u2019inizio del 2024 pratica la settimanale MEZZORA DI SILENZIO PER LA PACE E LA GIUSTIZIA SOCIALE.\",\"url\":\"https:\/\/www.pressenza.com\/it\/author\/m-brunasti\/\"}]}<\/script>\n<!-- \/ Yoast SEO plugin. -->","yoast_head_json":{"title":"Presidio al Tribunale di Roma in difesa dei palestinesi detenuti da dicembre","description":"Nella mattinata di mercoled\u00ec 8 aprile si terr\u00e0 l'udienza della Corte di Cassazione a cui hanno fatto ricorso gli avvocati di Mohammed Hannoun, Ra\u2019ed","robots":{"index":"index","follow":"follow","max-snippet":"max-snippet:-1","max-image-preview":"max-image-preview:large","max-video-preview":"max-video-preview:-1"},"canonical":"https:\/\/www.pressenza.com\/it\/2026\/04\/presidio-al-tribunale-di-roma-in-difesa-dei-palestinesi-detenuti-da-dicembre\/","og_locale":"it_IT","og_type":"article","og_title":"Presidio al Tribunale di Roma in difesa dei palestinesi detenuti da dicembre","og_description":"Nella mattinata di mercoled\u00ec 8 aprile si terr\u00e0 l'udienza della Corte di Cassazione a cui hanno fatto ricorso gli avvocati di Mohammed Hannoun, Ra\u2019ed","og_url":"https:\/\/www.pressenza.com\/it\/2026\/04\/presidio-al-tribunale-di-roma-in-difesa-dei-palestinesi-detenuti-da-dicembre\/","og_site_name":"Pressenza","article_publisher":"https:\/\/www.facebook.com\/PressenzaItalia","article_published_time":"2026-04-07T21:23:34+00:00","article_modified_time":"2026-04-08T08:54:05+00:00","og_image":[{"width":362,"height":205,"url":"https:\/\/www.pressenza.com\/wp-content\/uploads\/2026\/04\/Hannoun-Cassazione-1-1.png","type":"image\/png"}],"author":"Maddalena Brunasti","twitter_card":"summary_large_image","twitter_creator":"@PressenzaIPA","twitter_site":"@PressenzaIPA","twitter_misc":{"Scritto da":"Maddalena Brunasti","Tempo di lettura stimato":"3 minuti"},"schema":{"@context":"https:\/\/schema.org","@graph":[{"@type":"Article","@id":"https:\/\/www.pressenza.com\/it\/2026\/04\/presidio-al-tribunale-di-roma-in-difesa-dei-palestinesi-detenuti-da-dicembre\/#article","isPartOf":{"@id":"https:\/\/www.pressenza.com\/it\/2026\/04\/presidio-al-tribunale-di-roma-in-difesa-dei-palestinesi-detenuti-da-dicembre\/"},"author":{"name":"Maddalena Brunasti","@id":"https:\/\/www.pressenza.com\/it\/#\/schema\/person\/c40445c8c2b0f5eb307a44c0d7acec93"},"headline":"Presidio al Tribunale di Roma in difesa dei palestinesi detenuti da dicembre","datePublished":"2026-04-07T21:23:34+00:00","dateModified":"2026-04-08T08:54:05+00:00","mainEntityOfPage":{"@id":"https:\/\/www.pressenza.com\/it\/2026\/04\/presidio-al-tribunale-di-roma-in-difesa-dei-palestinesi-detenuti-da-dicembre\/"},"wordCount":345,"publisher":{"@id":"https:\/\/www.pressenza.com\/it\/#organization"},"image":{"@id":"https:\/\/www.pressenza.com\/it\/2026\/04\/presidio-al-tribunale-di-roma-in-difesa-dei-palestinesi-detenuti-da-dicembre\/#primaryimage"},"thumbnailUrl":"https:\/\/www.pressenza.com\/wp-content\/uploads\/2026\/04\/Hannoun-Cassazione-1-1.png","keywords":["libert\u00e0 per Mohammed Hannoun","Mohammed Hannoun","Ra\u2019ed Dawoud","Ryad Albunstanji","Yaser Elasaly"],"articleSection":["contenuti originali","Diritti Umani"],"inLanguage":"it-IT"},{"@type":"WebPage","@id":"https:\/\/www.pressenza.com\/it\/2026\/04\/presidio-al-tribunale-di-roma-in-difesa-dei-palestinesi-detenuti-da-dicembre\/","url":"https:\/\/www.pressenza.com\/it\/2026\/04\/presidio-al-tribunale-di-roma-in-difesa-dei-palestinesi-detenuti-da-dicembre\/","name":"Presidio al Tribunale di Roma in difesa dei palestinesi detenuti da dicembre","isPartOf":{"@id":"https:\/\/www.pressenza.com\/it\/#website"},"primaryImageOfPage":{"@id":"https:\/\/www.pressenza.com\/it\/2026\/04\/presidio-al-tribunale-di-roma-in-difesa-dei-palestinesi-detenuti-da-dicembre\/#primaryimage"},"image":{"@id":"https:\/\/www.pressenza.com\/it\/2026\/04\/presidio-al-tribunale-di-roma-in-difesa-dei-palestinesi-detenuti-da-dicembre\/#primaryimage"},"thumbnailUrl":"https:\/\/www.pressenza.com\/wp-content\/uploads\/2026\/04\/Hannoun-Cassazione-1-1.png","datePublished":"2026-04-07T21:23:34+00:00","dateModified":"2026-04-08T08:54:05+00:00","description":"Nella mattinata di mercoled\u00ec 8 aprile si terr\u00e0 l'udienza della Corte di Cassazione a cui hanno fatto ricorso gli avvocati di Mohammed Hannoun, Ra\u2019ed","breadcrumb":{"@id":"https:\/\/www.pressenza.com\/it\/2026\/04\/presidio-al-tribunale-di-roma-in-difesa-dei-palestinesi-detenuti-da-dicembre\/#breadcrumb"},"inLanguage":"it-IT","potentialAction":[{"@type":"ReadAction","target":["https:\/\/www.pressenza.com\/it\/2026\/04\/presidio-al-tribunale-di-roma-in-difesa-dei-palestinesi-detenuti-da-dicembre\/"]}]},{"@type":"ImageObject","inLanguage":"it-IT","@id":"https:\/\/www.pressenza.com\/it\/2026\/04\/presidio-al-tribunale-di-roma-in-difesa-dei-palestinesi-detenuti-da-dicembre\/#primaryimage","url":"https:\/\/www.pressenza.com\/wp-content\/uploads\/2026\/04\/Hannoun-Cassazione-1-1.png","contentUrl":"https:\/\/www.pressenza.com\/wp-content\/uploads\/2026\/04\/Hannoun-Cassazione-1-1.png","width":362,"height":205},{"@type":"BreadcrumbList","@id":"https:\/\/www.pressenza.com\/it\/2026\/04\/presidio-al-tribunale-di-roma-in-difesa-dei-palestinesi-detenuti-da-dicembre\/#breadcrumb","itemListElement":[{"@type":"ListItem","position":1,"name":"Accueil","item":"https:\/\/www.pressenza.com\/it\/"},{"@type":"ListItem","position":2,"name":"Presidio al Tribunale di Roma in difesa dei palestinesi detenuti da dicembre"}]},{"@type":"WebSite","@id":"https:\/\/www.pressenza.com\/it\/#website","url":"https:\/\/www.pressenza.com\/it\/","name":"Pressenza","description":"Agenzia di Stampa Internazionale","publisher":{"@id":"https:\/\/www.pressenza.com\/it\/#organization"},"potentialAction":[{"@type":"SearchAction","target":{"@type":"EntryPoint","urlTemplate":"https:\/\/www.pressenza.com\/it\/?s={search_term_string}"},"query-input":{"@type":"PropertyValueSpecification","valueRequired":true,"valueName":"search_term_string"}}],"inLanguage":"it-IT"},{"@type":"Organization","@id":"https:\/\/www.pressenza.com\/it\/#organization","name":"Pressenza","url":"https:\/\/www.pressenza.com\/it\/","logo":{"@type":"ImageObject","inLanguage":"it-IT","@id":"https:\/\/www.pressenza.com\/it\/#\/schema\/logo\/image\/","url":"https:\/\/www.pressenza.com\/wp-content\/uploads\/2022\/10\/pressenza_logo_200x200.jpg","contentUrl":"https:\/\/www.pressenza.com\/wp-content\/uploads\/2022\/10\/pressenza_logo_200x200.jpg","width":200,"height":200,"caption":"Pressenza"},"image":{"@id":"https:\/\/www.pressenza.com\/it\/#\/schema\/logo\/image\/"},"sameAs":["https:\/\/www.facebook.com\/PressenzaItalia","https:\/\/x.com\/PressenzaIPA"]},{"@type":"Person","@id":"https:\/\/www.pressenza.com\/it\/#\/schema\/person\/c40445c8c2b0f5eb307a44c0d7acec93","name":"Maddalena Brunasti","description":"Di origini venete, \u00e8 nata nel 1963 a Milano, dove ha vissuto fino al 2007, fino al 2023 ha abitato in un borgo rurale del Monferrato e ora risiede a Casale Monferrato (AL) e talvolta a Garda (VR). Collaboratrice di Radio Popolare, redattrice della RUBRICA GIOVANI e per un anno corrispondente da Londra, ha realizzato reportage sullo sciopero dei minatori inglesi del 1984-1985. Laureata in Scienze Politiche con una tesi di ricerca sulle procedure per l\u2019acquisizione della cittadinanza negli USA, dal 1994 al 2002 insegnante della SCUOLA DRISS MOUSSAFIR e agente di sviluppo per interventi incentivanti l\u2019inserimento lavorativo degli immigrati, progetti svolti dall\u2019ARCI con finanziamenti erogati dal DG 5 della Commissione Europea, \u00e8 coautrice di MILANO, STADERA: IMMIGRAZIONE, LEGGI E NORME SOCIALI (FrancoAngeli, 1998). Nel 2009 ha ideato la mostra-evento PINOCCHIO &amp; I SUOI COMPAGNI D\u2019AVVENTURA, fino al 2019 ha coordinato la progettazione e curato le comunicazioni di numerose iniziative culturali, dal 2019 al 2023 ha pianificato e svolto il programma di eventi scientifico-culturali della \u201cfiera del verde e dell\u2019agricoltura\u201d MONFERRATO GREEN FARM e dall\u2019inizio del 2024 pratica la settimanale MEZZORA DI SILENZIO PER LA PACE E LA GIUSTIZIA SOCIALE.","url":"https:\/\/www.pressenza.com\/it\/author\/m-brunasti\/"}]}},"place":"","original_article_url":"","_links":{"self":[{"href":"https:\/\/www.pressenza.com\/it\/wp-json\/wp\/v2\/posts\/2691070","targetHints":{"allow":["GET"]}}],"collection":[{"href":"https:\/\/www.pressenza.com\/it\/wp-json\/wp\/v2\/posts"}],"about":[{"href":"https:\/\/www.pressenza.com\/it\/wp-json\/wp\/v2\/types\/post"}],"author":[{"embeddable":true,"href":"https:\/\/www.pressenza.com\/it\/wp-json\/wp\/v2\/users\/2469"}],"replies":[{"embeddable":true,"href":"https:\/\/www.pressenza.com\/it\/wp-json\/wp\/v2\/comments?post=2691070"}],"version-history":[{"count":5,"href":"https:\/\/www.pressenza.com\/it\/wp-json\/wp\/v2\/posts\/2691070\/revisions"}],"predecessor-version":[{"id":2691149,"href":"https:\/\/www.pressenza.com\/it\/wp-json\/wp\/v2\/posts\/2691070\/revisions\/2691149"}],"wp:featuredmedia":[{"embeddable":true,"href":"https:\/\/www.pressenza.com\/it\/wp-json\/wp\/v2\/media\/2691071"}],"wp:attachment":[{"href":"https:\/\/www.pressenza.com\/it\/wp-json\/wp\/v2\/media?parent=2691070"}],"wp:term":[{"taxonomy":"category","embeddable":true,"href":"https:\/\/www.pressenza.com\/it\/wp-json\/wp\/v2\/categories?post=2691070"},{"taxonomy":"post_tag","embeddable":true,"href":"https:\/\/www.pressenza.com\/it\/wp-json\/wp\/v2\/tags?post=2691070"}],"curies":[{"name":"wp","href":"https:\/\/api.w.org\/{rel}","templated":true}]}}