{"id":2689791,"date":"2026-04-02T23:38:49","date_gmt":"2026-04-02T22:38:49","guid":{"rendered":"https:\/\/www.pressenza.com\/?p=2689791"},"modified":"2026-04-05T00:17:42","modified_gmt":"2026-04-04T23:17:42","slug":"il-congresso-per-la-liberta-delliran-a-londra-ripensare-la-transizione-oltre-le-lotte-di-potere","status":"publish","type":"post","link":"https:\/\/www.pressenza.com\/it\/2026\/04\/il-congresso-per-la-liberta-delliran-a-londra-ripensare-la-transizione-oltre-le-lotte-di-potere\/","title":{"rendered":"Il Congresso per la Libert\u00e0 dell\u2019Iran a Londra: ripensare la transizione oltre le lotte di potere"},"content":{"rendered":"<p>In uno dei momenti pi\u00f9 critici della storia contemporanea dell\u2019Iran, segnato da profonde crisi politiche, fratture sociali e instabilit\u00e0 economica, le iniziative capaci di riunire forze frammentate in un quadro comune di dialogo assumono un\u2019importanza fondamentale. In questo contesto, il Congresso per la Libert\u00e0 dell\u2019Iran, previsto il 28 e 29 marzo 2026 a Londra, rappresenta un tentativo significativo di rispondere a questa necessit\u00e0 storica.<\/p>\n<p>Il Congresso non si presenta come un\u2019autorit\u00e0 politica n\u00e9 come un organo decisionale, ma come una piattaforma civica strutturata. Si propone come uno spazio per un dialogo serio, responsabile e orientato al futuro tra un ampio spettro di attori civili e politici iraniani, provenienti da contesti e visioni differenti ma uniti da una preoccupazione comune: il futuro dell\u2019Iran oltre l\u2019attuale sistema.<\/p>\n<p>&nbsp;<\/p>\n<p><em>Oltre la politica tradizionale: ridefinire la transizione<\/em><\/p>\n<p>Una delle caratteristiche pi\u00f9 rilevanti di questa iniziativa \u00e8 il suo esplicito distacco dai modelli fallimentari del passato. A differenza di molte esperienze precedenti, spesso intrappolate in dinamiche di potere o personalismi, il Congresso chiarisce fin dall\u2019inizio cosa non \u00e8.<\/p>\n<p>Non \u00e8 un\u2019istituzione di governo.<\/p>\n<p>Non \u00e8 un organo decisionale finale.<\/p>\n<p>Non \u00e8 una piattaforma per la selezione di leadership.<\/p>\n<p>Non \u00e8 un progetto esclusivo o monopolistico.<\/p>\n<p>Questa chiarezza riflette un tentativo concreto di ridefinire il concetto stesso di transizione politica in Iran. Si tratta di una transizione che non venga imposta dall\u2019alto n\u00e9 costruita attraverso interventi esterni, ma che emerga da una partecipazione collettiva, trasparente e responsabile.<\/p>\n<p>&nbsp;<\/p>\n<p><em>Pluralismo e coordinamento: il ruolo delle figure chiave<\/em><\/p>\n<p>Un elemento centrale del Congresso \u00e8 la presenza di una pluralit\u00e0 di figure appartenenti a diversi ambiti della societ\u00e0 civile e politica iraniana. Tra i membri del Consiglio di coordinamento figurano personalit\u00e0 come Ismail Abdi, Mohsen Sazegara, Mohsen Makhmalbaf, Reza Alijani, Mahdieh Golroo e Nazanin Afshin-Jam, insieme ad altri attivisti, intellettuali e analisti.<\/p>\n<p>In particolare, la presenza di Ismail Abdi, noto per il suo ruolo nelle mobilitazioni sindacali e civili, riflette il tentativo di collegare le rivendicazioni sociali con una visione pi\u00f9 ampia della transizione politica.<\/p>\n<p>Questa composizione eterogenea evidenzia una volont\u00e0 di riconoscere la diversit\u00e0 come una realt\u00e0 strutturale della societ\u00e0 iraniana e non come un ostacolo.<\/p>\n<p>La crisi centrale: la perdita di fiducia sociale<\/p>\n<p>Al centro del Congresso si colloca una questione pi\u00f9 profonda della semplice competizione politica: la crisi della fiducia.<\/p>\n<p>La societ\u00e0 iraniana \u00e8 oggi non solo politicamente divisa, ma anche profondamente segnata da anni di repressione, disillusione e polarizzazione. In questo contesto, la ricostruzione della fiducia diventa una condizione essenziale per qualsiasi prospettiva di cambiamento.<\/p>\n<p>La domanda chiave \u00e8 semplice ma cruciale. Come ricostruire forme di cooperazione reale in una societ\u00e0 frammentata ed emotivamente esausta?<\/p>\n<p>Il Congresso tenta di affrontare questa sfida spostando il discorso dal livello retorico a quello pratico e cercando modalit\u00e0 concrete per favorire il dialogo tra gruppi che spesso rifiutano persino il confronto.<\/p>\n<p>&nbsp;<\/p>\n<p><em>Pluralismo come necessit\u00e0 politica<\/em><\/p>\n<p>Un altro aspetto rilevante \u00e8 il riconoscimento esplicito del pluralismo. In contrasto con tendenze escludenti ancora presenti in parte dell\u2019opposizione iraniana, il Congresso propone un approccio inclusivo che legittima la coesistenza di visioni diverse.<\/p>\n<p>Questa diversit\u00e0, sebbene complessa da gestire, rappresenta una condizione indispensabile per qualsiasi processo di transizione democratica.<\/p>\n<p>&nbsp;<\/p>\n<p><em>La questione dell\u2019intervento esterno<\/em><\/p>\n<p>Uno dei temi pi\u00f9 delicati affrontati dal Congresso riguarda il ruolo dell\u2019intervento internazionale.<\/p>\n<p>Invece di adottare posizioni ideologiche rigide, il Congresso propone un approccio analitico e pone interrogativi fondamentali. Perch\u00e9 alcuni attori sostengono l\u2019intervento esterno? Quali sono le conseguenze concrete di tali scenari? \u00c8 possibile individuare soluzioni responsabili alternative?<\/p>\n<p>Questo approccio riflette una volont\u00e0 di comprendere la complessit\u00e0 delle dinamiche in gioco evitando semplificazioni.<\/p>\n<p>&nbsp;<\/p>\n<p><em>Da sudditi a cittadini<\/em><\/p>\n<p>Una delle dimensioni pi\u00f9 profonde della discussione riguarda la trasformazione culturale della societ\u00e0.<\/p>\n<p>Una transizione politica priva di cambiamento culturale rischia di riprodurre strutture autoritarie in nuove forme. Per questo, il Congresso sottolinea l\u2019importanza del passaggio da una societ\u00e0 basata sulla passivit\u00e0 a una fondata sulla cittadinanza attiva.<\/p>\n<p>Ci\u00f2 implica responsabilit\u00e0 individuale, partecipazione e superamento del fatalismo politico.<\/p>\n<p>&nbsp;<\/p>\n<p><em>Gestire la transizione: realismo contro semplificazione<\/em><\/p>\n<p>Infine, il Congresso si distingue per il suo approccio realistico. In un contesto spesso dominato da narrazioni emotive, questa iniziativa pone una domanda fondamentale. Come trasformare un sistema politico senza provocare il collasso della societ\u00e0?<\/p>\n<p>Ci\u00f2 richiede ridurre i costi della transizione, gestire i rischi e evitare scenari destabilizzanti.<\/p>\n<p>&nbsp;<\/p>\n<p><em>Conclusione: l\u2019inizio di un percorso<\/em><\/p>\n<p>Il Congresso per la Libert\u00e0 dell\u2019Iran, pur con i suoi limiti, rappresenta un tentativo di aprire un percorso diverso basato sul dialogo, sulla responsabilit\u00e0 e sul riconoscimento della complessit\u00e0.<\/p>\n<p>Gli stessi organizzatori riconoscono che molte voci restano escluse e che questo \u00e8 solo un primo passo. Ma proprio questa consapevolezza pu\u00f2 essere letta come un segnale di maturit\u00e0 politica.<\/p>\n<p>In un contesto in cui molte iniziative sono fallite o si sono frammentate, questo tipo di sforzi, anche se imperfetti, pu\u00f2 rappresentare un punto di partenza per ricostruire una visione condivisa del futuro.<\/p>\n","protected":false},"excerpt":{"rendered":"<p>In uno dei momenti pi\u00f9 critici della storia contemporanea dell\u2019Iran, segnato da profonde crisi politiche, fratture sociali e instabilit\u00e0 economica, le iniziative capaci di riunire forze frammentate in un quadro comune di dialogo assumono un\u2019importanza fondamentale. In questo contesto, il&hellip;<\/p>\n","protected":false},"author":2611,"featured_media":2683010,"comment_status":"closed","ping_status":"closed","sticky":false,"template":"","format":"standard","meta":{"footnotes":""},"categories":[11388,55],"tags":[154716,206],"class_list":["post-2689791","post","type-post","status-publish","format-standard","has-post-thumbnail","hentry","category-contenuti-originali","category-politica","tag-congresso-per-la-liberta","tag-iran"],"yoast_head":"<!-- This site is optimized with the Yoast SEO plugin v27.1.1 - https:\/\/yoast.com\/product\/yoast-seo-wordpress\/ -->\n<title>Il Congresso per la Libert\u00e0 dell\u2019Iran a Londra: ripensare la transizione oltre le lotte di potere<\/title>\n<meta name=\"description\" content=\"In uno dei momenti pi\u00f9 critici della storia contemporanea dell\u2019Iran, segnato da profonde crisi politiche, fratture sociali e instabilit\u00e0 economica, le\" \/>\n<meta name=\"robots\" content=\"index, follow, max-snippet:-1, max-image-preview:large, max-video-preview:-1\" \/>\n<link rel=\"canonical\" href=\"https:\/\/www.pressenza.com\/it\/2026\/04\/il-congresso-per-la-liberta-delliran-a-londra-ripensare-la-transizione-oltre-le-lotte-di-potere\/\" \/>\n<meta property=\"og:locale\" content=\"it_IT\" \/>\n<meta property=\"og:type\" content=\"article\" \/>\n<meta property=\"og:title\" content=\"Il Congresso per la Libert\u00e0 dell\u2019Iran a Londra: ripensare la transizione oltre le lotte di potere\" \/>\n<meta property=\"og:description\" content=\"In uno dei momenti pi\u00f9 critici della storia contemporanea dell\u2019Iran, segnato da profonde crisi politiche, fratture sociali e instabilit\u00e0 economica, le\" \/>\n<meta property=\"og:url\" content=\"https:\/\/www.pressenza.com\/it\/2026\/04\/il-congresso-per-la-liberta-delliran-a-londra-ripensare-la-transizione-oltre-le-lotte-di-potere\/\" \/>\n<meta property=\"og:site_name\" content=\"Pressenza\" \/>\n<meta property=\"article:publisher\" content=\"https:\/\/www.facebook.com\/PressenzaItalia\" \/>\n<meta property=\"article:published_time\" content=\"2026-04-02T22:38:49+00:00\" \/>\n<meta property=\"article:modified_time\" content=\"2026-04-04T23:17:42+00:00\" \/>\n<meta property=\"og:image\" content=\"https:\/\/www.pressenza.com\/wp-content\/uploads\/2026\/03\/depositphotos_385112896-stock-photo-physical-map-iran-area-stereographic.jpg\" \/>\n\t<meta property=\"og:image:width\" content=\"1024\" \/>\n\t<meta property=\"og:image:height\" content=\"576\" \/>\n\t<meta property=\"og:image:type\" content=\"image\/jpeg\" \/>\n<meta name=\"author\" content=\"Shayan Moradi\" \/>\n<meta name=\"twitter:card\" content=\"summary_large_image\" \/>\n<meta name=\"twitter:creator\" content=\"@PressenzaIPA\" \/>\n<meta name=\"twitter:site\" content=\"@PressenzaIPA\" \/>\n<meta name=\"twitter:label1\" content=\"Scritto da\" \/>\n\t<meta name=\"twitter:data1\" content=\"Shayan Moradi\" \/>\n\t<meta name=\"twitter:label2\" content=\"Tempo di lettura stimato\" \/>\n\t<meta name=\"twitter:data2\" content=\"5 minuti\" \/>\n<script type=\"application\/ld+json\" class=\"yoast-schema-graph\">{\"@context\":\"https:\/\/schema.org\",\"@graph\":[{\"@type\":\"Article\",\"@id\":\"https:\/\/www.pressenza.com\/it\/2026\/04\/il-congresso-per-la-liberta-delliran-a-londra-ripensare-la-transizione-oltre-le-lotte-di-potere\/#article\",\"isPartOf\":{\"@id\":\"https:\/\/www.pressenza.com\/it\/2026\/04\/il-congresso-per-la-liberta-delliran-a-londra-ripensare-la-transizione-oltre-le-lotte-di-potere\/\"},\"author\":{\"name\":\"Shayan Moradi\",\"@id\":\"https:\/\/www.pressenza.com\/it\/#\/schema\/person\/7ab7eccb3088fac6dc2ec48bfb3011d2\"},\"headline\":\"Il Congresso per la Libert\u00e0 dell\u2019Iran a Londra: ripensare la transizione oltre le lotte di potere\",\"datePublished\":\"2026-04-02T22:38:49+00:00\",\"dateModified\":\"2026-04-04T23:17:42+00:00\",\"mainEntityOfPage\":{\"@id\":\"https:\/\/www.pressenza.com\/it\/2026\/04\/il-congresso-per-la-liberta-delliran-a-londra-ripensare-la-transizione-oltre-le-lotte-di-potere\/\"},\"wordCount\":831,\"publisher\":{\"@id\":\"https:\/\/www.pressenza.com\/it\/#organization\"},\"image\":{\"@id\":\"https:\/\/www.pressenza.com\/it\/2026\/04\/il-congresso-per-la-liberta-delliran-a-londra-ripensare-la-transizione-oltre-le-lotte-di-potere\/#primaryimage\"},\"thumbnailUrl\":\"https:\/\/www.pressenza.com\/wp-content\/uploads\/2026\/03\/depositphotos_385112896-stock-photo-physical-map-iran-area-stereographic.jpg\",\"keywords\":[\"Congresso per la libert\u00e0\",\"Iran\"],\"articleSection\":[\"contenuti originali\",\"Politica\"],\"inLanguage\":\"it-IT\"},{\"@type\":\"WebPage\",\"@id\":\"https:\/\/www.pressenza.com\/it\/2026\/04\/il-congresso-per-la-liberta-delliran-a-londra-ripensare-la-transizione-oltre-le-lotte-di-potere\/\",\"url\":\"https:\/\/www.pressenza.com\/it\/2026\/04\/il-congresso-per-la-liberta-delliran-a-londra-ripensare-la-transizione-oltre-le-lotte-di-potere\/\",\"name\":\"Il Congresso per la Libert\u00e0 dell\u2019Iran a Londra: ripensare la transizione oltre le lotte di potere\",\"isPartOf\":{\"@id\":\"https:\/\/www.pressenza.com\/it\/#website\"},\"primaryImageOfPage\":{\"@id\":\"https:\/\/www.pressenza.com\/it\/2026\/04\/il-congresso-per-la-liberta-delliran-a-londra-ripensare-la-transizione-oltre-le-lotte-di-potere\/#primaryimage\"},\"image\":{\"@id\":\"https:\/\/www.pressenza.com\/it\/2026\/04\/il-congresso-per-la-liberta-delliran-a-londra-ripensare-la-transizione-oltre-le-lotte-di-potere\/#primaryimage\"},\"thumbnailUrl\":\"https:\/\/www.pressenza.com\/wp-content\/uploads\/2026\/03\/depositphotos_385112896-stock-photo-physical-map-iran-area-stereographic.jpg\",\"datePublished\":\"2026-04-02T22:38:49+00:00\",\"dateModified\":\"2026-04-04T23:17:42+00:00\",\"description\":\"In uno dei momenti pi\u00f9 critici della storia contemporanea dell\u2019Iran, segnato da profonde crisi politiche, fratture sociali e instabilit\u00e0 economica, le\",\"breadcrumb\":{\"@id\":\"https:\/\/www.pressenza.com\/it\/2026\/04\/il-congresso-per-la-liberta-delliran-a-londra-ripensare-la-transizione-oltre-le-lotte-di-potere\/#breadcrumb\"},\"inLanguage\":\"it-IT\",\"potentialAction\":[{\"@type\":\"ReadAction\",\"target\":[\"https:\/\/www.pressenza.com\/it\/2026\/04\/il-congresso-per-la-liberta-delliran-a-londra-ripensare-la-transizione-oltre-le-lotte-di-potere\/\"]}]},{\"@type\":\"ImageObject\",\"inLanguage\":\"it-IT\",\"@id\":\"https:\/\/www.pressenza.com\/it\/2026\/04\/il-congresso-per-la-liberta-delliran-a-londra-ripensare-la-transizione-oltre-le-lotte-di-potere\/#primaryimage\",\"url\":\"https:\/\/www.pressenza.com\/wp-content\/uploads\/2026\/03\/depositphotos_385112896-stock-photo-physical-map-iran-area-stereographic.jpg\",\"contentUrl\":\"https:\/\/www.pressenza.com\/wp-content\/uploads\/2026\/03\/depositphotos_385112896-stock-photo-physical-map-iran-area-stereographic.jpg\",\"width\":1024,\"height\":576},{\"@type\":\"BreadcrumbList\",\"@id\":\"https:\/\/www.pressenza.com\/it\/2026\/04\/il-congresso-per-la-liberta-delliran-a-londra-ripensare-la-transizione-oltre-le-lotte-di-potere\/#breadcrumb\",\"itemListElement\":[{\"@type\":\"ListItem\",\"position\":1,\"name\":\"Accueil\",\"item\":\"https:\/\/www.pressenza.com\/it\/\"},{\"@type\":\"ListItem\",\"position\":2,\"name\":\"Il Congresso per la Libert\u00e0 dell\u2019Iran a Londra: ripensare la transizione oltre le lotte di potere\"}]},{\"@type\":\"WebSite\",\"@id\":\"https:\/\/www.pressenza.com\/it\/#website\",\"url\":\"https:\/\/www.pressenza.com\/it\/\",\"name\":\"Pressenza\",\"description\":\"Agenzia di Stampa Internazionale\",\"publisher\":{\"@id\":\"https:\/\/www.pressenza.com\/it\/#organization\"},\"potentialAction\":[{\"@type\":\"SearchAction\",\"target\":{\"@type\":\"EntryPoint\",\"urlTemplate\":\"https:\/\/www.pressenza.com\/it\/?s={search_term_string}\"},\"query-input\":{\"@type\":\"PropertyValueSpecification\",\"valueRequired\":true,\"valueName\":\"search_term_string\"}}],\"inLanguage\":\"it-IT\"},{\"@type\":\"Organization\",\"@id\":\"https:\/\/www.pressenza.com\/it\/#organization\",\"name\":\"Pressenza\",\"url\":\"https:\/\/www.pressenza.com\/it\/\",\"logo\":{\"@type\":\"ImageObject\",\"inLanguage\":\"it-IT\",\"@id\":\"https:\/\/www.pressenza.com\/it\/#\/schema\/logo\/image\/\",\"url\":\"https:\/\/www.pressenza.com\/wp-content\/uploads\/2022\/10\/pressenza_logo_200x200.jpg\",\"contentUrl\":\"https:\/\/www.pressenza.com\/wp-content\/uploads\/2022\/10\/pressenza_logo_200x200.jpg\",\"width\":200,\"height\":200,\"caption\":\"Pressenza\"},\"image\":{\"@id\":\"https:\/\/www.pressenza.com\/it\/#\/schema\/logo\/image\/\"},\"sameAs\":[\"https:\/\/www.facebook.com\/PressenzaItalia\",\"https:\/\/x.com\/PressenzaIPA\"]},{\"@type\":\"Person\",\"@id\":\"https:\/\/www.pressenza.com\/it\/#\/schema\/person\/7ab7eccb3088fac6dc2ec48bfb3011d2\",\"name\":\"Shayan Moradi\",\"description\":\"Shayan Moradi is an independent political analyst focusing on Iran, Middle Eastern geopolitics, and democratic transitions. His work examines political transformation, infrastructure, and their impact on civilian societies. He is also the author of the book \\\"Free Kurdistan\\\", which explores historical and political aspects of Kurdish self-determination.\",\"url\":\"https:\/\/www.pressenza.com\/it\/author\/shayan-moradi\/\"}]}<\/script>\n<!-- \/ Yoast SEO plugin. -->","yoast_head_json":{"title":"Il Congresso per la Libert\u00e0 dell\u2019Iran a Londra: ripensare la transizione oltre le lotte di potere","description":"In uno dei momenti pi\u00f9 critici della storia contemporanea dell\u2019Iran, segnato da profonde crisi politiche, fratture sociali e instabilit\u00e0 economica, le","robots":{"index":"index","follow":"follow","max-snippet":"max-snippet:-1","max-image-preview":"max-image-preview:large","max-video-preview":"max-video-preview:-1"},"canonical":"https:\/\/www.pressenza.com\/it\/2026\/04\/il-congresso-per-la-liberta-delliran-a-londra-ripensare-la-transizione-oltre-le-lotte-di-potere\/","og_locale":"it_IT","og_type":"article","og_title":"Il Congresso per la Libert\u00e0 dell\u2019Iran a Londra: ripensare la transizione oltre le lotte di potere","og_description":"In uno dei momenti pi\u00f9 critici della storia contemporanea dell\u2019Iran, segnato da profonde crisi politiche, fratture sociali e instabilit\u00e0 economica, le","og_url":"https:\/\/www.pressenza.com\/it\/2026\/04\/il-congresso-per-la-liberta-delliran-a-londra-ripensare-la-transizione-oltre-le-lotte-di-potere\/","og_site_name":"Pressenza","article_publisher":"https:\/\/www.facebook.com\/PressenzaItalia","article_published_time":"2026-04-02T22:38:49+00:00","article_modified_time":"2026-04-04T23:17:42+00:00","og_image":[{"width":1024,"height":576,"url":"https:\/\/www.pressenza.com\/wp-content\/uploads\/2026\/03\/depositphotos_385112896-stock-photo-physical-map-iran-area-stereographic.jpg","type":"image\/jpeg"}],"author":"Shayan Moradi","twitter_card":"summary_large_image","twitter_creator":"@PressenzaIPA","twitter_site":"@PressenzaIPA","twitter_misc":{"Scritto da":"Shayan Moradi","Tempo di lettura stimato":"5 minuti"},"schema":{"@context":"https:\/\/schema.org","@graph":[{"@type":"Article","@id":"https:\/\/www.pressenza.com\/it\/2026\/04\/il-congresso-per-la-liberta-delliran-a-londra-ripensare-la-transizione-oltre-le-lotte-di-potere\/#article","isPartOf":{"@id":"https:\/\/www.pressenza.com\/it\/2026\/04\/il-congresso-per-la-liberta-delliran-a-londra-ripensare-la-transizione-oltre-le-lotte-di-potere\/"},"author":{"name":"Shayan Moradi","@id":"https:\/\/www.pressenza.com\/it\/#\/schema\/person\/7ab7eccb3088fac6dc2ec48bfb3011d2"},"headline":"Il Congresso per la Libert\u00e0 dell\u2019Iran a Londra: ripensare la transizione oltre le lotte di potere","datePublished":"2026-04-02T22:38:49+00:00","dateModified":"2026-04-04T23:17:42+00:00","mainEntityOfPage":{"@id":"https:\/\/www.pressenza.com\/it\/2026\/04\/il-congresso-per-la-liberta-delliran-a-londra-ripensare-la-transizione-oltre-le-lotte-di-potere\/"},"wordCount":831,"publisher":{"@id":"https:\/\/www.pressenza.com\/it\/#organization"},"image":{"@id":"https:\/\/www.pressenza.com\/it\/2026\/04\/il-congresso-per-la-liberta-delliran-a-londra-ripensare-la-transizione-oltre-le-lotte-di-potere\/#primaryimage"},"thumbnailUrl":"https:\/\/www.pressenza.com\/wp-content\/uploads\/2026\/03\/depositphotos_385112896-stock-photo-physical-map-iran-area-stereographic.jpg","keywords":["Congresso per la libert\u00e0","Iran"],"articleSection":["contenuti originali","Politica"],"inLanguage":"it-IT"},{"@type":"WebPage","@id":"https:\/\/www.pressenza.com\/it\/2026\/04\/il-congresso-per-la-liberta-delliran-a-londra-ripensare-la-transizione-oltre-le-lotte-di-potere\/","url":"https:\/\/www.pressenza.com\/it\/2026\/04\/il-congresso-per-la-liberta-delliran-a-londra-ripensare-la-transizione-oltre-le-lotte-di-potere\/","name":"Il Congresso per la Libert\u00e0 dell\u2019Iran a Londra: ripensare la transizione oltre le lotte di potere","isPartOf":{"@id":"https:\/\/www.pressenza.com\/it\/#website"},"primaryImageOfPage":{"@id":"https:\/\/www.pressenza.com\/it\/2026\/04\/il-congresso-per-la-liberta-delliran-a-londra-ripensare-la-transizione-oltre-le-lotte-di-potere\/#primaryimage"},"image":{"@id":"https:\/\/www.pressenza.com\/it\/2026\/04\/il-congresso-per-la-liberta-delliran-a-londra-ripensare-la-transizione-oltre-le-lotte-di-potere\/#primaryimage"},"thumbnailUrl":"https:\/\/www.pressenza.com\/wp-content\/uploads\/2026\/03\/depositphotos_385112896-stock-photo-physical-map-iran-area-stereographic.jpg","datePublished":"2026-04-02T22:38:49+00:00","dateModified":"2026-04-04T23:17:42+00:00","description":"In uno dei momenti pi\u00f9 critici della storia contemporanea dell\u2019Iran, segnato da profonde crisi politiche, fratture sociali e instabilit\u00e0 economica, le","breadcrumb":{"@id":"https:\/\/www.pressenza.com\/it\/2026\/04\/il-congresso-per-la-liberta-delliran-a-londra-ripensare-la-transizione-oltre-le-lotte-di-potere\/#breadcrumb"},"inLanguage":"it-IT","potentialAction":[{"@type":"ReadAction","target":["https:\/\/www.pressenza.com\/it\/2026\/04\/il-congresso-per-la-liberta-delliran-a-londra-ripensare-la-transizione-oltre-le-lotte-di-potere\/"]}]},{"@type":"ImageObject","inLanguage":"it-IT","@id":"https:\/\/www.pressenza.com\/it\/2026\/04\/il-congresso-per-la-liberta-delliran-a-londra-ripensare-la-transizione-oltre-le-lotte-di-potere\/#primaryimage","url":"https:\/\/www.pressenza.com\/wp-content\/uploads\/2026\/03\/depositphotos_385112896-stock-photo-physical-map-iran-area-stereographic.jpg","contentUrl":"https:\/\/www.pressenza.com\/wp-content\/uploads\/2026\/03\/depositphotos_385112896-stock-photo-physical-map-iran-area-stereographic.jpg","width":1024,"height":576},{"@type":"BreadcrumbList","@id":"https:\/\/www.pressenza.com\/it\/2026\/04\/il-congresso-per-la-liberta-delliran-a-londra-ripensare-la-transizione-oltre-le-lotte-di-potere\/#breadcrumb","itemListElement":[{"@type":"ListItem","position":1,"name":"Accueil","item":"https:\/\/www.pressenza.com\/it\/"},{"@type":"ListItem","position":2,"name":"Il Congresso per la Libert\u00e0 dell\u2019Iran a Londra: ripensare la transizione oltre le lotte di potere"}]},{"@type":"WebSite","@id":"https:\/\/www.pressenza.com\/it\/#website","url":"https:\/\/www.pressenza.com\/it\/","name":"Pressenza","description":"Agenzia di Stampa Internazionale","publisher":{"@id":"https:\/\/www.pressenza.com\/it\/#organization"},"potentialAction":[{"@type":"SearchAction","target":{"@type":"EntryPoint","urlTemplate":"https:\/\/www.pressenza.com\/it\/?s={search_term_string}"},"query-input":{"@type":"PropertyValueSpecification","valueRequired":true,"valueName":"search_term_string"}}],"inLanguage":"it-IT"},{"@type":"Organization","@id":"https:\/\/www.pressenza.com\/it\/#organization","name":"Pressenza","url":"https:\/\/www.pressenza.com\/it\/","logo":{"@type":"ImageObject","inLanguage":"it-IT","@id":"https:\/\/www.pressenza.com\/it\/#\/schema\/logo\/image\/","url":"https:\/\/www.pressenza.com\/wp-content\/uploads\/2022\/10\/pressenza_logo_200x200.jpg","contentUrl":"https:\/\/www.pressenza.com\/wp-content\/uploads\/2022\/10\/pressenza_logo_200x200.jpg","width":200,"height":200,"caption":"Pressenza"},"image":{"@id":"https:\/\/www.pressenza.com\/it\/#\/schema\/logo\/image\/"},"sameAs":["https:\/\/www.facebook.com\/PressenzaItalia","https:\/\/x.com\/PressenzaIPA"]},{"@type":"Person","@id":"https:\/\/www.pressenza.com\/it\/#\/schema\/person\/7ab7eccb3088fac6dc2ec48bfb3011d2","name":"Shayan Moradi","description":"Shayan Moradi is an independent political analyst focusing on Iran, Middle Eastern geopolitics, and democratic transitions. His work examines political transformation, infrastructure, and their impact on civilian societies. He is also the author of the book \"Free Kurdistan\", which explores historical and political aspects of Kurdish self-determination.","url":"https:\/\/www.pressenza.com\/it\/author\/shayan-moradi\/"}]}},"place":"","original_article_url":"","_links":{"self":[{"href":"https:\/\/www.pressenza.com\/it\/wp-json\/wp\/v2\/posts\/2689791","targetHints":{"allow":["GET"]}}],"collection":[{"href":"https:\/\/www.pressenza.com\/it\/wp-json\/wp\/v2\/posts"}],"about":[{"href":"https:\/\/www.pressenza.com\/it\/wp-json\/wp\/v2\/types\/post"}],"author":[{"embeddable":true,"href":"https:\/\/www.pressenza.com\/it\/wp-json\/wp\/v2\/users\/2611"}],"replies":[{"embeddable":true,"href":"https:\/\/www.pressenza.com\/it\/wp-json\/wp\/v2\/comments?post=2689791"}],"version-history":[{"count":2,"href":"https:\/\/www.pressenza.com\/it\/wp-json\/wp\/v2\/posts\/2689791\/revisions"}],"predecessor-version":[{"id":2690284,"href":"https:\/\/www.pressenza.com\/it\/wp-json\/wp\/v2\/posts\/2689791\/revisions\/2690284"}],"wp:featuredmedia":[{"embeddable":true,"href":"https:\/\/www.pressenza.com\/it\/wp-json\/wp\/v2\/media\/2683010"}],"wp:attachment":[{"href":"https:\/\/www.pressenza.com\/it\/wp-json\/wp\/v2\/media?parent=2689791"}],"wp:term":[{"taxonomy":"category","embeddable":true,"href":"https:\/\/www.pressenza.com\/it\/wp-json\/wp\/v2\/categories?post=2689791"},{"taxonomy":"post_tag","embeddable":true,"href":"https:\/\/www.pressenza.com\/it\/wp-json\/wp\/v2\/tags?post=2689791"}],"curies":[{"name":"wp","href":"https:\/\/api.w.org\/{rel}","templated":true}]}}