{"id":2689585,"date":"2026-04-02T10:32:38","date_gmt":"2026-04-02T09:32:38","guid":{"rendered":"https:\/\/www.pressenza.com\/?p=2689585"},"modified":"2026-04-02T10:45:15","modified_gmt":"2026-04-02T09:45:15","slug":"widad-tamimi-sto-con-i-palestinesi-e-gli-israeliani-che-cercano-una-pace-vera-e-giusta","status":"publish","type":"post","link":"https:\/\/www.pressenza.com\/it\/2026\/04\/widad-tamimi-sto-con-i-palestinesi-e-gli-israeliani-che-cercano-una-pace-vera-e-giusta\/","title":{"rendered":"Widad Tamimi: \u201cSto con i palestinesi e gli israeliani che cercano una pace vera e giusta\u201d"},"content":{"rendered":"<p>\u201cForse pu\u00f2 sembrare ingenuo, ma resto convinta che non ci siano alternative alla pace. La guerra consuma sempre: svuota, corrode, indebolisce anche chi crede di vincere. E i muri, prima o poi, mostrano la loro natura: sono sottrazione di possibilit\u00e0, amputazione di futuro, un limite imposto tanto a chi li subisce quanto a chi li erige.\u201d<\/p>\n<p><strong>\u00c8 uno dei passaggi pi\u00f9 significativi dell&#8217;ultimo libro di Widad Tamimi, appena uscito per Feltrinelli, \u201cDal fiume al mare \u2013 Storia della mia famiglia divisa tra due popoli\u201d.<\/strong> Del sottotitolo confessa di non essere soddisfatta, a non piacerle \u00e8 quella parola: \u201cdivisa\u201d. \u201cLa mia famiglia sul conflitto tra israeliani e palestinesi non \u00e8 mai stata divisa\u201d. La madre, Claudia Weiss, proveniva dalla grande borghesia intellettuale ebraica austroungarica, mentre il padre, Khader Tamimi (medico pediatra e attuale presidente della Comunit\u00e0 Palestinese della Lombardia, ndr) \u00e8 un profugo palestinese ricco di ingegno e coraggio.<\/p>\n<p><img loading=\"lazy\" decoding=\"async\" class=\"alignnone wp-image-2689591 size-full\" src=\"https:\/\/www.pressenza.com\/wp-content\/uploads\/2026\/04\/Dal-fiume-al-mare.jpg\" alt=\"\" width=\"510\" height=\"800\" srcset=\"https:\/\/www.pressenza.com\/wp-content\/uploads\/2026\/04\/Dal-fiume-al-mare.jpg 510w, https:\/\/www.pressenza.com\/wp-content\/uploads\/2026\/04\/Dal-fiume-al-mare-191x300.jpg 191w\" sizes=\"auto, (max-width: 510px) 100vw, 510px\" \/><\/p>\n<p>Il mio nome significa &#8216;amore&#8217; in arabo antico, una promessa non solo a me, ma quasi politica. Una coppia che aveva radici diverse e proveniva da esuli prometteva al mondo di potersi amare anche attraverso i figli che sarebbero arrivati. La famiglia di mia madre fugg\u00ec negli Stati Uniti dopo le &#8216;leggi razziali\u2019, nessuno and\u00f2 mai in Israele e nessuno della nostra famiglia ebraica condivise mai il progetto sionista. Fu mia madre per\u00f2 la vera artefice, la mente audace e rigorosa di quel progetto che rese possibile la nascita mia e di mia sorella. Mio padre ne \u00e8 stato il cuore pulsante: accogliente, capace d&#8217;amore, com&#8217;\u00e8 nella sua natura. Lei lasci\u00f2 la casa di origine per un ideale di giustizia sociale, rinunciando al superfluo e alla sicurezza di una vita agiata, ben prima di conoscerlo. Era una vera sessantottina e lo rimase fino alla morte, avvenuta prematuramente nel 1991.<\/p>\n<p><strong>Non sar\u00e0 stato facile crescere senza di lei, scomparsa 35 anni fa&#8230;<\/strong><\/p>\n<p>Mamma fu ricoverata per la prima volta quando avevo un anno, ma le sue battaglie con la depressione erano iniziate molto prima. Dei pochi anni che vissi con lei, soltanto cinque in casa e gli altri passati per poche ore al mese nelle varie cliniche psichiatriche in cui veniva rinchiusa, ricordo di averla consolata, tenuta tra le braccia, di averla temuta e persino odiata per quella sua debolezza che nessuno era in grado di spiegarmi.<\/p>\n<p>Nei momenti di maggiore angoscia e conflitto interiore mi domando cosa mi direbbe oggi, quando mi sento sola, accusata di essere una traditrice, una voltafaccia, una che si piega alle logiche del perbenismo o, al contrario, una che sta con il nemico. Colpevole, agli occhi di molti, della compassione che provo per gli uni e per gli altri e dello sguardo che poso su vite che considero \u2013 per ragioni diverse e con responsabilit\u00e0 differenti \u2013 ugualmente miserevoli.<\/p>\n<p><strong>Pensa che dopo quasi 80 anni di sangue e dopo il genocidio la pace tra palestinesi e israeliani sia ancora possibile?<br \/>\n<\/strong><\/p>\n<p>Non indugio sulla sproporzione tra le sofferenze palestinesi e quelle israeliane. Preferisco volgere lo sguardo al futuro e alla necessit\u00e0 di restituire umanit\u00e0 a entrambi i popoli. L&#8217;umanit\u00e0 dell&#8217;uno non pu\u00f2 sopravvivere senza quella dell&#8217;altro. \u00c8 per questo che ogni progetto fondato sulla disumanizzazione inizia sempre dalla separazione: divide, impedisce la conoscenza reciproca, cancella la vicinanza, priva le persone della possibilit\u00e0 di riconoscersi simili e di condividere \u2013 nel suo senso originario \u2013 la compassione, il patire insieme.<\/p>\n<p>I<strong>l suo impegno per la pace e i diritti umani non si esaurisce nell&#8217;attivit\u00e0 di scrittrice e giornalista&#8230;<\/strong><\/p>\n<p>Durante la crisi della rotta balcanica, quando milioni di persone attraversavano anche la Slovenia per andare soprattutto verso la Germania e la Svezia, mi impegnai come volontaria della Croce Rossa per il programma <a href=\"https:\/\/cri.it\/cosa-facciamo\/migrazioni\/restoring-family-links\/\">Restoring family links<\/a>. Lavoravo nei campi profughi dalle otto di sera alle otto del mattino, poi tornavo a casa e scrivevo le storie delle persone incontrate. Era un modo per smaltire il dolore e portarlo all\u2019attenzione degli sloveni, che erano cos\u00ec poco abituati ad accogliere migranti di lingua non slava. Ho continuato a scrivere anche con i ragazzi palestinesi venuti a Lubiana per ricevere protesi e fare fisioterapia dopo le gravi amputazioni subite a Gaza. Gi\u00e0 solo scrivere le loro storie significava offrire finalmente ascolto e restituire umanit\u00e0 a chi \u00e8 sempre stato invisibile o al pi\u00f9 un numero buono per le statistiche. Con alcune famiglie palestinesi abbiamo inviato quelle storie alla Corte Internazionale. Ricordiamo che ogni palestinese \u00e8 testimone di crimini gravissimi.<\/p>\n<p>Ad aiutarmi \u00e8 stato soprattutto un giovane avvocato israeliano in esilio; anche quella \u00e8 una storia dolorosa. Le persone che per convinzione o professione mettono in discussione l&#8217;autorit\u00e0 dello Stato israeliano vengono allontanate o incarcerate. Per questo giovane avvocato tornare dai suoi genitori in patria \u00e8 diventato impossibile. Con la rettrice della Statale di Milano e con il prorettore Stefano Simonetta e molti altri docenti stiamo facendo di tutto, inoltre, per riuscire a portare qui i 165 giovani palestinesi che hanno ricevuto borse di studio per venire a studiare in Italia: erano attesi a settembre, ma non sono ancora riusciti a lasciare la Palestina per l&#8217;Italia.<\/p>\n<p><strong>Che cosa ha provato dopo il 7 ottobre?<br \/>\n<\/strong><\/p>\n<p>Fu come aprire la porta di casa e trovarsi di fronte un poliziotto venuto ad annunciare l&#8217;arresto, per un delitto atroce, di un padre amato. Provai smarrimento, sconforto, una tristezza feroce per i palestinesi che porto nel cuore da sempre, per quella loro capacit\u00e0 di sorriderti anche quando tutto crolla. La violenza cieca, la ferocia vendicativa, l&#8217;abuso sulle donne, il massacro dei bambini: ho temuto che stessimo perdendo la nostra resistenza pi\u00f9 profonda. Non quella armata, ma quella interiore, palestinese: la capacit\u00e0 di restare se stessi nonostante decenni di soprusi, di fatiche, di violenze e di silenzi internazionali.<\/p>\n<p>Oltraggiare l&#8217;umanit\u00e0 dell&#8217;altro non \u00e8 un gesto a senso unico. La disumanizzazione \u00e8 una dinamica a specchio: ogni volta che neghiamo l&#8217;umanit\u00e0 di qualcuno, per riuscire a farlo dobbiamo anestetizzare anche la nostra. La rinuncia a &#8216;mettersi nei panni dell&#8217;altro&#8217; comporta un danno profondo all&#8217;anima.<\/p>\n<p><strong>Qualcuno potrebbe obiettare che \u00e8 facile giudicare \u201cda lontano\u201d.<br \/>\n<\/strong><\/p>\n<p>\u00c8 vero. Noi della diaspora ci sentiamo protetti dai diritti umani di cui godiamo. Non posso sapere per certo cosa avrei fatto se fossi nata in Israele e se avessi perso un figlio per mano di un palestinese, o se fossi cresciuta a Gaza, ma neppure se fossi vissuta sotto il fascismo o il nazismo. Per questo tutta la mia ammirazione va a chi vive laggi\u00f9 e resiste all\u2019odio, resta e lotta per la pace e cerca di dialogare con l&#8217;altro. \u00c8 quella la scommessa pi\u00f9 grande. Il minimo che possiamo fare noi che viviamo altrove \u00e8 metterci in discussione e sostenere gli sforzi di chi ha il coraggio di andare controcorrente rispetto alla tentazione della vendetta e dell&#8221;occhio per occhio\u201d.<\/p>\n<p><strong>Mi sembra che questa sia proprio la scommessa di associazioni e gruppi come Women of the sun, la cui leader Reem al-Hajajreh \u00e8 stata premiata da Gariwo al Giardino dei Giusti di Milano, che porta avanti un&#8217;iniziativa di pace insieme a Yael Admi, fondatrice dell\u2019associazione israeliana Women Wage Peace. Pochi giorni fa a Roma le attiviste dei due movimenti hanno camminato a piedi nudi dall\u2019Ara Pacis al Pincio per chiedere una pace vera e giusta.<\/strong><\/p>\n<p>Infatti, per questo ho voluto invitare Reem a partecipare alle presentazioni del mio libro. Sul palco della Fondazione Feltrinelli ci ha detto: \u201cSono cofondatrice di un gruppo di donne che si battono per la libert\u00e0 e per una pace giusta. Crediamo fermamente che il futuro dei nostri figli debba essere libero dall&#8217;ombra della violenza, lavoriamo per far sentire la voce delle donne e per costruire un domani di diritti e sicurezza per ogni essere umano. Nonostante il dolore e la rabbia della nostra quotidianit\u00e0, abbiamo scelto di collaborare con quegli israeliani che hanno il coraggio di opporsi all&#8217;occupazione. Non \u00e8 una strada semplice, richiede coraggio da entrambe le parti, significa sfidare il dolore da un lato e l&#8217;isolamento sociale dall&#8217;altro.<\/p>\n<p>Abbiamo aderito al &#8216;Mothers&#8217; call&#8217;, l&#8217;appello delle madri, un grido comune di madri palestinesi e israeliane che si rifiutano di accettare l&#8217;idea che i propri figli debbano crescere schiacciati dalla guerra. Con questo appello chiediamo con forza ai leader di scegliere la vita, la comunit\u00e0 e una soluzione politica invece di perpetuare la violenza\u201d.<\/p>\n<p><strong>Ci sono quindi spiragli in questo mondo in cui il diritto internazionale viene quotidianamente calpestato?<br \/>\n<\/strong><\/p>\n<p>\u00c8 molto facile perdere la speranza. Ci guardiamo in giro, leggiamo i giornali e il gioco \u00e8 fatto. Non posso dire di svegliarmi di buon umore tutti i giorni e di sentirmi piena di energie e assolutamente lucida sulla possibilit\u00e0 di creare qualcosa di positivo; ci sono momenti in cui i crolli sono giganteschi per quello che vediamo. Non \u00e8 solo il futuro, ma anche quello che si vive ora, le persone che soffrono oggi. Pensare a quello che succede in tante parti del mondo \u00e8 un dolore gigantesco per tutti noi e per fortuna lo proviamo, sarebbe molto sbagliato non provarlo: mai indifferenti. \u00c8 giusto soffrire con loro. Per\u00f2 sebbene ci sembri sempre che sia la fine, in realt\u00e0 nella storia siamo sempre andati avanti.<\/p>\n<p>Certo, tendiamo a inciampare. \u00c8 come se l&#8217;umanit\u00e0 non riuscisse a camminare dritta, ma continuasse a cadere e a rialzarsi. E ogni volta che ci rialziamo siamo pi\u00f9 lucidi, pi\u00f9 capaci, pi\u00f9 presenti. Il diritto internazionale \u00e8 stato fondato dopo le grandi tragedie del XX secolo, ma poi per decenni lo abbiamo dato per scontato invece che farlo crescere. L&#8217;abbiamo lasciato l\u00ec pensando: adesso siamo tutti salvi, invece avremmo dovuto lavorarci. Ora pi\u00f9 che mai siamo tutti chiamati a questo compito. Nei prossimi mesi ci saranno a Tel Aviv incontri tra palestinesi e israeliani che cercano una pace vera e giusta e io sar\u00f2 con loro. Invito ebrei, palestinesi, israeliani e la comunit\u00e0 internazionale a sostenere chi lotta per una pace giusta e per i diritti uguali per tutte le persone che vivono dal Giordano al Mediterraneo e oltre.<\/p>\n<p>&nbsp;<\/p>\n<p>&nbsp;<\/p>\n<p>&nbsp;<\/p>\n<p>&nbsp;<\/p>\n","protected":false},"excerpt":{"rendered":"<p>\u201cForse pu\u00f2 sembrare ingenuo, ma resto convinta che non ci siano alternative alla pace. La guerra consuma sempre: svuota, corrode, indebolisce anche chi crede di vincere. E i muri, prima o poi, mostrano la loro natura: sono sottrazione di possibilit\u00e0,&hellip;<\/p>\n","protected":false},"author":2522,"featured_media":2689587,"comment_status":"closed","ping_status":"closed","sticky":false,"template":"","format":"standard","meta":{"footnotes":""},"categories":[11388,60,47,157,52,1263],"tags":[153585,1103,1005,9884,129542,154672,1227,55404,153185,117645,117646],"class_list":["post-2689585","post","type-post","status-publish","format-standard","has-post-thumbnail","hentry","category-contenuti-originali","category-diritti-umani","category-europa","category-interviste","category-medio-oriente","category-pace-disarmo","tag-appello-delle-madri","tag-diritto-internazionale","tag-gaza","tag-genocidio","tag-israele-2","tag-libro-dal-fiume-al-mare-storia-della-mia-famiglia-divisa-tra-due-popoli","tag-palestina-it","tag-rotta-balcanica","tag-widad-tamimi","tag-women-of-the-sun","tag-women-wage-peace-it"],"yoast_head":"<!-- This site is optimized with the Yoast SEO plugin v27.1.1 - https:\/\/yoast.com\/product\/yoast-seo-wordpress\/ -->\n<title>Widad Tamimi: \u201cSto con i palestinesi e gli israeliani che cercano una pace vera e giusta\u201d<\/title>\n<meta name=\"description\" content=\"\u201cForse pu\u00f2 sembrare ingenuo, ma resto convinta che non ci siano alternative alla pace. La guerra consuma sempre: svuota, corrode, indebolisce anche chi\" \/>\n<meta name=\"robots\" content=\"index, follow, max-snippet:-1, max-image-preview:large, max-video-preview:-1\" \/>\n<link rel=\"canonical\" href=\"https:\/\/www.pressenza.com\/it\/2026\/04\/widad-tamimi-sto-con-i-palestinesi-e-gli-israeliani-che-cercano-una-pace-vera-e-giusta\/\" \/>\n<meta property=\"og:locale\" content=\"it_IT\" \/>\n<meta property=\"og:type\" content=\"article\" \/>\n<meta property=\"og:title\" content=\"Widad Tamimi: \u201cSto con i palestinesi e gli israeliani che cercano una pace vera e giusta\u201d\" \/>\n<meta property=\"og:description\" content=\"\u201cForse pu\u00f2 sembrare ingenuo, ma resto convinta che non ci siano alternative alla pace. La guerra consuma sempre: svuota, corrode, indebolisce anche chi\" \/>\n<meta property=\"og:url\" content=\"https:\/\/www.pressenza.com\/it\/2026\/04\/widad-tamimi-sto-con-i-palestinesi-e-gli-israeliani-che-cercano-una-pace-vera-e-giusta\/\" \/>\n<meta property=\"og:site_name\" content=\"Pressenza\" \/>\n<meta property=\"article:publisher\" content=\"https:\/\/www.facebook.com\/PressenzaItalia\" \/>\n<meta property=\"article:published_time\" content=\"2026-04-02T09:32:38+00:00\" \/>\n<meta property=\"article:modified_time\" content=\"2026-04-02T09:45:15+00:00\" \/>\n<meta property=\"og:image\" content=\"https:\/\/www.pressenza.com\/wp-content\/uploads\/2026\/04\/Widad-Tamimi.jpg\" \/>\n\t<meta property=\"og:image:width\" content=\"960\" \/>\n\t<meta property=\"og:image:height\" content=\"576\" \/>\n\t<meta property=\"og:image:type\" content=\"image\/jpeg\" \/>\n<meta name=\"author\" content=\"Claudia Cangemi\" \/>\n<meta name=\"twitter:card\" content=\"summary_large_image\" \/>\n<meta name=\"twitter:creator\" content=\"@PressenzaIPA\" \/>\n<meta name=\"twitter:site\" content=\"@PressenzaIPA\" \/>\n<meta name=\"twitter:label1\" content=\"Scritto da\" \/>\n\t<meta name=\"twitter:data1\" content=\"Claudia Cangemi\" \/>\n\t<meta name=\"twitter:label2\" content=\"Tempo di lettura stimato\" \/>\n\t<meta name=\"twitter:data2\" content=\"10 minuti\" \/>\n<script type=\"application\/ld+json\" class=\"yoast-schema-graph\">{\"@context\":\"https:\/\/schema.org\",\"@graph\":[{\"@type\":\"Article\",\"@id\":\"https:\/\/www.pressenza.com\/it\/2026\/04\/widad-tamimi-sto-con-i-palestinesi-e-gli-israeliani-che-cercano-una-pace-vera-e-giusta\/#article\",\"isPartOf\":{\"@id\":\"https:\/\/www.pressenza.com\/it\/2026\/04\/widad-tamimi-sto-con-i-palestinesi-e-gli-israeliani-che-cercano-una-pace-vera-e-giusta\/\"},\"author\":{\"name\":\"Claudia Cangemi\",\"@id\":\"https:\/\/www.pressenza.com\/it\/#\/schema\/person\/85c7ef3c3cc83d9318333d0aff0643f1\"},\"headline\":\"Widad Tamimi: \u201cSto con i palestinesi e gli israeliani che cercano una pace vera e giusta\u201d\",\"datePublished\":\"2026-04-02T09:32:38+00:00\",\"dateModified\":\"2026-04-02T09:45:15+00:00\",\"mainEntityOfPage\":{\"@id\":\"https:\/\/www.pressenza.com\/it\/2026\/04\/widad-tamimi-sto-con-i-palestinesi-e-gli-israeliani-che-cercano-una-pace-vera-e-giusta\/\"},\"wordCount\":1665,\"publisher\":{\"@id\":\"https:\/\/www.pressenza.com\/it\/#organization\"},\"image\":{\"@id\":\"https:\/\/www.pressenza.com\/it\/2026\/04\/widad-tamimi-sto-con-i-palestinesi-e-gli-israeliani-che-cercano-una-pace-vera-e-giusta\/#primaryimage\"},\"thumbnailUrl\":\"https:\/\/www.pressenza.com\/wp-content\/uploads\/2026\/04\/Widad-Tamimi.jpg\",\"keywords\":[\"appello delle madri\",\"diritto internazionale\",\"Gaza\",\"genocidio\",\"Israele\",\"libro \u201cDal fiume al mare \u2013 Storia della mia famiglia divisa tra due popoli\u201d\",\"Palestina\",\"rotta balcanica\",\"Widad Tamimi\",\"Women of the Sun\",\"Women Wage Peace\"],\"articleSection\":[\"contenuti originali\",\"Diritti Umani\",\"Europa\",\"Interviste\",\"Medio Oriente\",\"Pace e Disarmo\"],\"inLanguage\":\"it-IT\"},{\"@type\":\"WebPage\",\"@id\":\"https:\/\/www.pressenza.com\/it\/2026\/04\/widad-tamimi-sto-con-i-palestinesi-e-gli-israeliani-che-cercano-una-pace-vera-e-giusta\/\",\"url\":\"https:\/\/www.pressenza.com\/it\/2026\/04\/widad-tamimi-sto-con-i-palestinesi-e-gli-israeliani-che-cercano-una-pace-vera-e-giusta\/\",\"name\":\"Widad Tamimi: \u201cSto con i palestinesi e gli israeliani che cercano una pace vera e giusta\u201d\",\"isPartOf\":{\"@id\":\"https:\/\/www.pressenza.com\/it\/#website\"},\"primaryImageOfPage\":{\"@id\":\"https:\/\/www.pressenza.com\/it\/2026\/04\/widad-tamimi-sto-con-i-palestinesi-e-gli-israeliani-che-cercano-una-pace-vera-e-giusta\/#primaryimage\"},\"image\":{\"@id\":\"https:\/\/www.pressenza.com\/it\/2026\/04\/widad-tamimi-sto-con-i-palestinesi-e-gli-israeliani-che-cercano-una-pace-vera-e-giusta\/#primaryimage\"},\"thumbnailUrl\":\"https:\/\/www.pressenza.com\/wp-content\/uploads\/2026\/04\/Widad-Tamimi.jpg\",\"datePublished\":\"2026-04-02T09:32:38+00:00\",\"dateModified\":\"2026-04-02T09:45:15+00:00\",\"description\":\"\u201cForse pu\u00f2 sembrare ingenuo, ma resto convinta che non ci siano alternative alla pace. La guerra consuma sempre: svuota, corrode, indebolisce anche chi\",\"breadcrumb\":{\"@id\":\"https:\/\/www.pressenza.com\/it\/2026\/04\/widad-tamimi-sto-con-i-palestinesi-e-gli-israeliani-che-cercano-una-pace-vera-e-giusta\/#breadcrumb\"},\"inLanguage\":\"it-IT\",\"potentialAction\":[{\"@type\":\"ReadAction\",\"target\":[\"https:\/\/www.pressenza.com\/it\/2026\/04\/widad-tamimi-sto-con-i-palestinesi-e-gli-israeliani-che-cercano-una-pace-vera-e-giusta\/\"]}]},{\"@type\":\"ImageObject\",\"inLanguage\":\"it-IT\",\"@id\":\"https:\/\/www.pressenza.com\/it\/2026\/04\/widad-tamimi-sto-con-i-palestinesi-e-gli-israeliani-che-cercano-una-pace-vera-e-giusta\/#primaryimage\",\"url\":\"https:\/\/www.pressenza.com\/wp-content\/uploads\/2026\/04\/Widad-Tamimi.jpg\",\"contentUrl\":\"https:\/\/www.pressenza.com\/wp-content\/uploads\/2026\/04\/Widad-Tamimi.jpg\",\"width\":960,\"height\":576},{\"@type\":\"BreadcrumbList\",\"@id\":\"https:\/\/www.pressenza.com\/it\/2026\/04\/widad-tamimi-sto-con-i-palestinesi-e-gli-israeliani-che-cercano-una-pace-vera-e-giusta\/#breadcrumb\",\"itemListElement\":[{\"@type\":\"ListItem\",\"position\":1,\"name\":\"Accueil\",\"item\":\"https:\/\/www.pressenza.com\/it\/\"},{\"@type\":\"ListItem\",\"position\":2,\"name\":\"Widad Tamimi: \u201cSto con i palestinesi e gli israeliani che cercano una pace vera e giusta\u201d\"}]},{\"@type\":\"WebSite\",\"@id\":\"https:\/\/www.pressenza.com\/it\/#website\",\"url\":\"https:\/\/www.pressenza.com\/it\/\",\"name\":\"Pressenza\",\"description\":\"Agenzia di Stampa Internazionale\",\"publisher\":{\"@id\":\"https:\/\/www.pressenza.com\/it\/#organization\"},\"potentialAction\":[{\"@type\":\"SearchAction\",\"target\":{\"@type\":\"EntryPoint\",\"urlTemplate\":\"https:\/\/www.pressenza.com\/it\/?s={search_term_string}\"},\"query-input\":{\"@type\":\"PropertyValueSpecification\",\"valueRequired\":true,\"valueName\":\"search_term_string\"}}],\"inLanguage\":\"it-IT\"},{\"@type\":\"Organization\",\"@id\":\"https:\/\/www.pressenza.com\/it\/#organization\",\"name\":\"Pressenza\",\"url\":\"https:\/\/www.pressenza.com\/it\/\",\"logo\":{\"@type\":\"ImageObject\",\"inLanguage\":\"it-IT\",\"@id\":\"https:\/\/www.pressenza.com\/it\/#\/schema\/logo\/image\/\",\"url\":\"https:\/\/www.pressenza.com\/wp-content\/uploads\/2022\/10\/pressenza_logo_200x200.jpg\",\"contentUrl\":\"https:\/\/www.pressenza.com\/wp-content\/uploads\/2022\/10\/pressenza_logo_200x200.jpg\",\"width\":200,\"height\":200,\"caption\":\"Pressenza\"},\"image\":{\"@id\":\"https:\/\/www.pressenza.com\/it\/#\/schema\/logo\/image\/\"},\"sameAs\":[\"https:\/\/www.facebook.com\/PressenzaItalia\",\"https:\/\/x.com\/PressenzaIPA\"]},{\"@type\":\"Person\",\"@id\":\"https:\/\/www.pressenza.com\/it\/#\/schema\/person\/85c7ef3c3cc83d9318333d0aff0643f1\",\"name\":\"Claudia Cangemi\",\"url\":\"https:\/\/www.pressenza.com\/it\/author\/claudia-cangemi\/\"}]}<\/script>\n<!-- \/ Yoast SEO plugin. -->","yoast_head_json":{"title":"Widad Tamimi: \u201cSto con i palestinesi e gli israeliani che cercano una pace vera e giusta\u201d","description":"\u201cForse pu\u00f2 sembrare ingenuo, ma resto convinta che non ci siano alternative alla pace. La guerra consuma sempre: svuota, corrode, indebolisce anche chi","robots":{"index":"index","follow":"follow","max-snippet":"max-snippet:-1","max-image-preview":"max-image-preview:large","max-video-preview":"max-video-preview:-1"},"canonical":"https:\/\/www.pressenza.com\/it\/2026\/04\/widad-tamimi-sto-con-i-palestinesi-e-gli-israeliani-che-cercano-una-pace-vera-e-giusta\/","og_locale":"it_IT","og_type":"article","og_title":"Widad Tamimi: \u201cSto con i palestinesi e gli israeliani che cercano una pace vera e giusta\u201d","og_description":"\u201cForse pu\u00f2 sembrare ingenuo, ma resto convinta che non ci siano alternative alla pace. La guerra consuma sempre: svuota, corrode, indebolisce anche chi","og_url":"https:\/\/www.pressenza.com\/it\/2026\/04\/widad-tamimi-sto-con-i-palestinesi-e-gli-israeliani-che-cercano-una-pace-vera-e-giusta\/","og_site_name":"Pressenza","article_publisher":"https:\/\/www.facebook.com\/PressenzaItalia","article_published_time":"2026-04-02T09:32:38+00:00","article_modified_time":"2026-04-02T09:45:15+00:00","og_image":[{"width":960,"height":576,"url":"https:\/\/www.pressenza.com\/wp-content\/uploads\/2026\/04\/Widad-Tamimi.jpg","type":"image\/jpeg"}],"author":"Claudia Cangemi","twitter_card":"summary_large_image","twitter_creator":"@PressenzaIPA","twitter_site":"@PressenzaIPA","twitter_misc":{"Scritto da":"Claudia Cangemi","Tempo di lettura stimato":"10 minuti"},"schema":{"@context":"https:\/\/schema.org","@graph":[{"@type":"Article","@id":"https:\/\/www.pressenza.com\/it\/2026\/04\/widad-tamimi-sto-con-i-palestinesi-e-gli-israeliani-che-cercano-una-pace-vera-e-giusta\/#article","isPartOf":{"@id":"https:\/\/www.pressenza.com\/it\/2026\/04\/widad-tamimi-sto-con-i-palestinesi-e-gli-israeliani-che-cercano-una-pace-vera-e-giusta\/"},"author":{"name":"Claudia Cangemi","@id":"https:\/\/www.pressenza.com\/it\/#\/schema\/person\/85c7ef3c3cc83d9318333d0aff0643f1"},"headline":"Widad Tamimi: \u201cSto con i palestinesi e gli israeliani che cercano una pace vera e giusta\u201d","datePublished":"2026-04-02T09:32:38+00:00","dateModified":"2026-04-02T09:45:15+00:00","mainEntityOfPage":{"@id":"https:\/\/www.pressenza.com\/it\/2026\/04\/widad-tamimi-sto-con-i-palestinesi-e-gli-israeliani-che-cercano-una-pace-vera-e-giusta\/"},"wordCount":1665,"publisher":{"@id":"https:\/\/www.pressenza.com\/it\/#organization"},"image":{"@id":"https:\/\/www.pressenza.com\/it\/2026\/04\/widad-tamimi-sto-con-i-palestinesi-e-gli-israeliani-che-cercano-una-pace-vera-e-giusta\/#primaryimage"},"thumbnailUrl":"https:\/\/www.pressenza.com\/wp-content\/uploads\/2026\/04\/Widad-Tamimi.jpg","keywords":["appello delle madri","diritto internazionale","Gaza","genocidio","Israele","libro \u201cDal fiume al mare \u2013 Storia della mia famiglia divisa tra due popoli\u201d","Palestina","rotta balcanica","Widad Tamimi","Women of the Sun","Women Wage Peace"],"articleSection":["contenuti originali","Diritti Umani","Europa","Interviste","Medio Oriente","Pace e Disarmo"],"inLanguage":"it-IT"},{"@type":"WebPage","@id":"https:\/\/www.pressenza.com\/it\/2026\/04\/widad-tamimi-sto-con-i-palestinesi-e-gli-israeliani-che-cercano-una-pace-vera-e-giusta\/","url":"https:\/\/www.pressenza.com\/it\/2026\/04\/widad-tamimi-sto-con-i-palestinesi-e-gli-israeliani-che-cercano-una-pace-vera-e-giusta\/","name":"Widad Tamimi: \u201cSto con i palestinesi e gli israeliani che cercano una pace vera e giusta\u201d","isPartOf":{"@id":"https:\/\/www.pressenza.com\/it\/#website"},"primaryImageOfPage":{"@id":"https:\/\/www.pressenza.com\/it\/2026\/04\/widad-tamimi-sto-con-i-palestinesi-e-gli-israeliani-che-cercano-una-pace-vera-e-giusta\/#primaryimage"},"image":{"@id":"https:\/\/www.pressenza.com\/it\/2026\/04\/widad-tamimi-sto-con-i-palestinesi-e-gli-israeliani-che-cercano-una-pace-vera-e-giusta\/#primaryimage"},"thumbnailUrl":"https:\/\/www.pressenza.com\/wp-content\/uploads\/2026\/04\/Widad-Tamimi.jpg","datePublished":"2026-04-02T09:32:38+00:00","dateModified":"2026-04-02T09:45:15+00:00","description":"\u201cForse pu\u00f2 sembrare ingenuo, ma resto convinta che non ci siano alternative alla pace. La guerra consuma sempre: svuota, corrode, indebolisce anche chi","breadcrumb":{"@id":"https:\/\/www.pressenza.com\/it\/2026\/04\/widad-tamimi-sto-con-i-palestinesi-e-gli-israeliani-che-cercano-una-pace-vera-e-giusta\/#breadcrumb"},"inLanguage":"it-IT","potentialAction":[{"@type":"ReadAction","target":["https:\/\/www.pressenza.com\/it\/2026\/04\/widad-tamimi-sto-con-i-palestinesi-e-gli-israeliani-che-cercano-una-pace-vera-e-giusta\/"]}]},{"@type":"ImageObject","inLanguage":"it-IT","@id":"https:\/\/www.pressenza.com\/it\/2026\/04\/widad-tamimi-sto-con-i-palestinesi-e-gli-israeliani-che-cercano-una-pace-vera-e-giusta\/#primaryimage","url":"https:\/\/www.pressenza.com\/wp-content\/uploads\/2026\/04\/Widad-Tamimi.jpg","contentUrl":"https:\/\/www.pressenza.com\/wp-content\/uploads\/2026\/04\/Widad-Tamimi.jpg","width":960,"height":576},{"@type":"BreadcrumbList","@id":"https:\/\/www.pressenza.com\/it\/2026\/04\/widad-tamimi-sto-con-i-palestinesi-e-gli-israeliani-che-cercano-una-pace-vera-e-giusta\/#breadcrumb","itemListElement":[{"@type":"ListItem","position":1,"name":"Accueil","item":"https:\/\/www.pressenza.com\/it\/"},{"@type":"ListItem","position":2,"name":"Widad Tamimi: \u201cSto con i palestinesi e gli israeliani che cercano una pace vera e giusta\u201d"}]},{"@type":"WebSite","@id":"https:\/\/www.pressenza.com\/it\/#website","url":"https:\/\/www.pressenza.com\/it\/","name":"Pressenza","description":"Agenzia di Stampa Internazionale","publisher":{"@id":"https:\/\/www.pressenza.com\/it\/#organization"},"potentialAction":[{"@type":"SearchAction","target":{"@type":"EntryPoint","urlTemplate":"https:\/\/www.pressenza.com\/it\/?s={search_term_string}"},"query-input":{"@type":"PropertyValueSpecification","valueRequired":true,"valueName":"search_term_string"}}],"inLanguage":"it-IT"},{"@type":"Organization","@id":"https:\/\/www.pressenza.com\/it\/#organization","name":"Pressenza","url":"https:\/\/www.pressenza.com\/it\/","logo":{"@type":"ImageObject","inLanguage":"it-IT","@id":"https:\/\/www.pressenza.com\/it\/#\/schema\/logo\/image\/","url":"https:\/\/www.pressenza.com\/wp-content\/uploads\/2022\/10\/pressenza_logo_200x200.jpg","contentUrl":"https:\/\/www.pressenza.com\/wp-content\/uploads\/2022\/10\/pressenza_logo_200x200.jpg","width":200,"height":200,"caption":"Pressenza"},"image":{"@id":"https:\/\/www.pressenza.com\/it\/#\/schema\/logo\/image\/"},"sameAs":["https:\/\/www.facebook.com\/PressenzaItalia","https:\/\/x.com\/PressenzaIPA"]},{"@type":"Person","@id":"https:\/\/www.pressenza.com\/it\/#\/schema\/person\/85c7ef3c3cc83d9318333d0aff0643f1","name":"Claudia Cangemi","url":"https:\/\/www.pressenza.com\/it\/author\/claudia-cangemi\/"}]}},"place":"","original_article_url":"","_links":{"self":[{"href":"https:\/\/www.pressenza.com\/it\/wp-json\/wp\/v2\/posts\/2689585","targetHints":{"allow":["GET"]}}],"collection":[{"href":"https:\/\/www.pressenza.com\/it\/wp-json\/wp\/v2\/posts"}],"about":[{"href":"https:\/\/www.pressenza.com\/it\/wp-json\/wp\/v2\/types\/post"}],"author":[{"embeddable":true,"href":"https:\/\/www.pressenza.com\/it\/wp-json\/wp\/v2\/users\/2522"}],"replies":[{"embeddable":true,"href":"https:\/\/www.pressenza.com\/it\/wp-json\/wp\/v2\/comments?post=2689585"}],"version-history":[{"count":4,"href":"https:\/\/www.pressenza.com\/it\/wp-json\/wp\/v2\/posts\/2689585\/revisions"}],"predecessor-version":[{"id":2689592,"href":"https:\/\/www.pressenza.com\/it\/wp-json\/wp\/v2\/posts\/2689585\/revisions\/2689592"}],"wp:featuredmedia":[{"embeddable":true,"href":"https:\/\/www.pressenza.com\/it\/wp-json\/wp\/v2\/media\/2689587"}],"wp:attachment":[{"href":"https:\/\/www.pressenza.com\/it\/wp-json\/wp\/v2\/media?parent=2689585"}],"wp:term":[{"taxonomy":"category","embeddable":true,"href":"https:\/\/www.pressenza.com\/it\/wp-json\/wp\/v2\/categories?post=2689585"},{"taxonomy":"post_tag","embeddable":true,"href":"https:\/\/www.pressenza.com\/it\/wp-json\/wp\/v2\/tags?post=2689585"}],"curies":[{"name":"wp","href":"https:\/\/api.w.org\/{rel}","templated":true}]}}