{"id":2689317,"date":"2026-04-01T10:31:41","date_gmt":"2026-04-01T09:31:41","guid":{"rendered":"https:\/\/www.pressenza.com\/?p=2689317"},"modified":"2026-04-01T13:15:02","modified_gmt":"2026-04-01T12:15:02","slug":"homo-sum-al-liceo-sannazaro-di-napoli-la-notte-in-cui-i-classici-parlano-di-gaza-di-guerra-e-di-umanita","status":"publish","type":"post","link":"https:\/\/www.pressenza.com\/it\/2026\/04\/homo-sum-al-liceo-sannazaro-di-napoli-la-notte-in-cui-i-classici-parlano-di-gaza-di-guerra-e-di-umanita\/","title":{"rendered":"Homo sum: al Liceo Sannazaro di Napoli, la notte in cui i classici parlano di Gaza, di guerra e di umanit\u00e0"},"content":{"rendered":"<p>Lo scorso 27 marzo, i licei classici di tutta Italia hanno celebrato la XII edizione della Notte Nazionale del Liceo Classico, un evento a cadenza annuale nato nel 2015 dall\u2019inventiva di un insegnante siciliano di latino e greco, Rocco Schembra: la Notte ha l\u2019obiettivo di rilanciare e promuovere il liceo classico, dimostrando che il latino e il greco non sono, come spesso si crede, lingue morte, ma che possono ancora dirci molto sul nostro modo di stare al mondo.<\/p>\n<p>Il tema di questa edizione \u00e8 stato Homo sum, che ha permesso agli studenti di riflettere sul concetto di humanitas nell\u2019universo classico e contemporaneo: alla luce delle atrocit\u00e0 di cui l\u2019umanit\u00e0 si sta macchiando, i giovani studenti, tra cui i sannazarini (studenti del Liceo Ginnasio Statale Jacopo Sannazaro di Napoli), hanno voluto ricordare cosa significa essere umani.<\/p>\n<p>Il Sannazaro infatti ha rinnovato anche per quest\u2019anno la sua partecipazione alla Notte organizzando un vero e proprio spettacolo itinerante all\u2019interno dell\u2019istituto.<br \/>\nSin dalle 16:30 nell\u2019Aula Magna della scuola hanno avuto luogo le premiazioni del Premio Mia Filippone indetto dal liceo in memoria dell\u2019ex preside Filippone scomparsa prematuramente. Il concorso \u00e8 suddiviso in tre sezioni (racconto, poesia, disegno\/illustrazione) e quest\u2019anno il filone tematico scelto \u00e8 stato Il valore della diversit\u00e0.<\/p>\n<p>Una volta terminata la consegna dei premi, il pubblico \u00e8 stato invitato nella palestra esterna, dove \u00e8 iniziato lo spettacolo vero e proprio: studenti e insegnanti si sono cimentati in un\u2019esibizione di Hasaposervikos, un ballo tipico greco e serbo nato a Costantinopoli (odierna Istanbul) e il cui nome significa letteralmente danza dei macellai (da hasapiko: danza dei macellai e serviko: serbo).<\/p>\n<p>Gli spettatori sono poi stati invitati nuovamente a tornare verso l\u2019Aula Magna, al cui ingresso c\u2019era ad attenderli la rappresentazione teatrale di un brano tratto dall\u2019Heautontimorumenos di Terenzio (opera a cui ci si \u00e8 ispirati per il tema dell\u2019evento): due anziani contadini del II secolo a.C, Cremete e Menedemo, interpretati da due giovani ragazze, si confrontano sull\u2019intollerabile fatica che Menedemo \u00e8 costretto a sopportare e davanti a cui Cremete non pu\u00f2 che provare piet\u00e0, sostenendo: Homo sum, humani nihil a me alienum puto (sono un essere umano, e nulla di ci\u00f2 che \u00e8 umano mi \u00e8 estraneo).<\/p>\n<p>Lo spettacolo \u00e8 poi proseguito all\u2019interno dell\u2019Aula Magna con la melodiosa esibizione del brano O Fortuna di Carl Orff da parte del coro del Sannazaro, coordinato dalle docenti Maria Antonietta Aceto e Rosaria Fiorenza e che si \u00e8 successivamente esibito magistralmente anche su Memory di Andrew Lloyd Webber e Centro di gravit\u00e0 permanente di Franco Battiato, coinvolgendo il pubblico e intervallando le declamazioni di poesie e brani di narrativa sul tema Homo sum.<\/p>\n<p>I ragazzi infatti, guidati dalle docenti Paola Gargarella, Chiara Tortora, Maria Caterina de Lutio, Paola Castronuovo e Rosa Maria Losito, hanno riportato il racconto di padre Antonio Loffredo e della sua esperienza nel rione Sanit\u00e0 di Napoli, dove attraverso accoglienza e ascolto ha supportato molti giovani a intraprendere la retta via; le descrizioni di noti quadri con Parole di Munch (su L\u2019Urlo di Edvard Munch), che esprime una condizione di angoscia universale che sconquassa tutto l\u2019esistente come un urlo, e Picasso, il sogno e la menzogna di Franco (su Guernica di Pablo Picasso), che rappresenta l\u2019orrore nero della guerra; le poesie e i racconti Fotografia dell\u201911 settembre (di Wislawa Szymborska), Lontano, lontano (di Franco Fortini), San Martino del Carso (di Giuseppe Ungaretti), Siamo gli innumerevoli (di Erri De Luca), Mi dici di tacere (di Rupi Kaur), Non camminare davanti a me (di Albert Camus), Preghiere dei bambini (di Bertold Brecht), Orlo (di Silvia Plath), Pensa agli altri (di Mahmud Darwish), Finalmente sono riuscito a volare (di Pietro Nardiello), Alla vita (di Nazim Hikmet) e gli Inni Orfici (di Orfeo) in cui il tema dell\u2019humanitas \u00e8 affrontato da ogni prospettiva: la guerra, la morte, la sofferenza, la migrazione, la solitudine, la figura femminile, la parola.<\/p>\n<p>Infine, in chiusura, i presenti hanno assistito a una performance inedita per il liceo Sannazaro: i tableaux vivants (quadri viventi) di I mendicanti (di Cristino Banti), Il fiore nel fucile (di Banksy), La madre dell\u2019ucciso (di Francesco Ciusa), Cristo morto (di Andrea Mantegna), Uomo allo specchio (di Ren\u00e9 Magritte) e Il sonno della ragione genera mostri (di Francisco Goya) passano dalla rappresentazione della povert\u00e0 alla volont\u00e0 di sostituire la violenza con la pace, dal dolore straziante di una madre in lutto alla riflessione sulla morte, dal valore dell\u2019identit\u00e0 al timore che, una volta messa a tacere la ragione, emergano i lati pi\u00f9 selvaggi dell\u2019uomo. Tra tutti spicca un oggetto di scena: un telo bianco avvolto in modo tale da sembrare un bambino morto, testimoniando l\u2019orrore nel veder soppressa una vita cos\u00ec pura, fragile e innocente, in critica verso una sempre maggiore assuefazione nei confronti della violenza.<\/p>\n<p>Durante lo spettacolo nulla \u00e8 stato lasciato al caso, dalle immagini di sottofondo, alle musiche, alla scelta dei brani e persino nell\u2019abbigliamento, dal momento che in scena non sono mai mancati quattro colori: tutti in pantalone nero e magliette rosse, verdi e bianche, proprio come la bandiera palestinese, in segno di sostegno, vicinanza e humanitas.<\/p>\n<p>Questa Notte Nazionale del Liceo Classico non ha solo intrattenuto il pubblico, ma ha anche ricordato che l\u2019unica chiave di lettura della realt\u00e0 deve essere l\u2019umanit\u00e0, pensando sempre agli altri.<\/p>\n<div dir=\"auto\">Articolo di Giulia Mandico, Redazione Napoli<\/div>\n<div dir=\"auto\">Foto: Ludovica Rodriquez<\/div>\n","protected":false},"excerpt":{"rendered":"<p>Lo scorso 27 marzo, i licei classici di tutta Italia hanno celebrato la XII edizione della Notte Nazionale del Liceo Classico, un evento a cadenza annuale nato nel 2015 dall\u2019inventiva di un insegnante siciliano di latino e greco, Rocco Schembra:&hellip;<\/p>\n","protected":false},"author":2317,"featured_media":2689326,"comment_status":"closed","ping_status":"closed","sticky":false,"template":"","format":"standard","meta":{"footnotes":""},"categories":[11388,56,46975],"tags":[154615,5149,154616],"class_list":["post-2689317","post","type-post","status-publish","format-standard","has-post-thumbnail","hentry","category-contenuti-originali","category-cultura","category-giovani","tag-liceo-ginnasio-statale-jacopo-sannazaro","tag-napoli","tag-notte-dei-licei"],"yoast_head":"<!-- This site is optimized with the Yoast SEO plugin v27.1.1 - https:\/\/yoast.com\/product\/yoast-seo-wordpress\/ -->\n<title>Homo sum: al Liceo Sannazaro di Napoli, la notte in cui i classici parlano di Gaza, di guerra e di umanit\u00e0<\/title>\n<meta name=\"description\" content=\"Lo scorso 27 marzo, i licei classici di tutta Italia hanno celebrato la XII edizione della Notte Nazionale del Liceo Classico, un evento a cadenza annuale\" \/>\n<meta name=\"robots\" content=\"index, follow, max-snippet:-1, max-image-preview:large, max-video-preview:-1\" \/>\n<link rel=\"canonical\" href=\"https:\/\/www.pressenza.com\/it\/2026\/04\/homo-sum-al-liceo-sannazaro-di-napoli-la-notte-in-cui-i-classici-parlano-di-gaza-di-guerra-e-di-umanita\/\" \/>\n<meta property=\"og:locale\" content=\"it_IT\" \/>\n<meta property=\"og:type\" content=\"article\" \/>\n<meta property=\"og:title\" content=\"Homo sum: al Liceo Sannazaro di Napoli, la notte in cui i classici parlano di Gaza, di guerra e di umanit\u00e0\" \/>\n<meta property=\"og:description\" content=\"Lo scorso 27 marzo, i licei classici di tutta Italia hanno celebrato la XII edizione della Notte Nazionale del Liceo Classico, un evento a cadenza annuale\" \/>\n<meta property=\"og:url\" content=\"https:\/\/www.pressenza.com\/it\/2026\/04\/homo-sum-al-liceo-sannazaro-di-napoli-la-notte-in-cui-i-classici-parlano-di-gaza-di-guerra-e-di-umanita\/\" \/>\n<meta property=\"og:site_name\" content=\"Pressenza\" \/>\n<meta property=\"article:publisher\" content=\"https:\/\/www.facebook.com\/PressenzaItalia\" \/>\n<meta property=\"article:published_time\" content=\"2026-04-01T09:31:41+00:00\" \/>\n<meta property=\"article:modified_time\" content=\"2026-04-01T12:15:02+00:00\" \/>\n<meta property=\"og:image\" content=\"https:\/\/www.pressenza.com\/wp-content\/uploads\/2026\/04\/IMG_2007.jpg\" \/>\n\t<meta property=\"og:image:width\" content=\"1920\" \/>\n\t<meta property=\"og:image:height\" content=\"1278\" \/>\n\t<meta property=\"og:image:type\" content=\"image\/jpeg\" \/>\n<meta name=\"author\" content=\"Redazione Napoli\" \/>\n<meta name=\"twitter:card\" content=\"summary_large_image\" \/>\n<meta name=\"twitter:creator\" content=\"@PressenzaIPA\" \/>\n<meta name=\"twitter:site\" content=\"@PressenzaIPA\" \/>\n<meta name=\"twitter:label1\" content=\"Scritto da\" \/>\n\t<meta name=\"twitter:data1\" content=\"Redazione Napoli\" \/>\n\t<meta name=\"twitter:label2\" content=\"Tempo di lettura stimato\" \/>\n\t<meta name=\"twitter:data2\" content=\"5 minuti\" \/>\n<script type=\"application\/ld+json\" class=\"yoast-schema-graph\">{\"@context\":\"https:\/\/schema.org\",\"@graph\":[{\"@type\":\"Article\",\"@id\":\"https:\/\/www.pressenza.com\/it\/2026\/04\/homo-sum-al-liceo-sannazaro-di-napoli-la-notte-in-cui-i-classici-parlano-di-gaza-di-guerra-e-di-umanita\/#article\",\"isPartOf\":{\"@id\":\"https:\/\/www.pressenza.com\/it\/2026\/04\/homo-sum-al-liceo-sannazaro-di-napoli-la-notte-in-cui-i-classici-parlano-di-gaza-di-guerra-e-di-umanita\/\"},\"author\":{\"name\":\"Redazione Napoli\",\"@id\":\"https:\/\/www.pressenza.com\/it\/#\/schema\/person\/c83f99ec84eefde62a82df91abfd7c90\"},\"headline\":\"Homo sum: al Liceo Sannazaro di Napoli, la notte in cui i classici parlano di Gaza, di guerra e di umanit\u00e0\",\"datePublished\":\"2026-04-01T09:31:41+00:00\",\"dateModified\":\"2026-04-01T12:15:02+00:00\",\"mainEntityOfPage\":{\"@id\":\"https:\/\/www.pressenza.com\/it\/2026\/04\/homo-sum-al-liceo-sannazaro-di-napoli-la-notte-in-cui-i-classici-parlano-di-gaza-di-guerra-e-di-umanita\/\"},\"wordCount\":917,\"publisher\":{\"@id\":\"https:\/\/www.pressenza.com\/it\/#organization\"},\"image\":{\"@id\":\"https:\/\/www.pressenza.com\/it\/2026\/04\/homo-sum-al-liceo-sannazaro-di-napoli-la-notte-in-cui-i-classici-parlano-di-gaza-di-guerra-e-di-umanita\/#primaryimage\"},\"thumbnailUrl\":\"https:\/\/www.pressenza.com\/wp-content\/uploads\/2026\/04\/IMG_2007.jpg\",\"keywords\":[\"Liceo Ginnasio Statale Jacopo Sannazaro\",\"Napoli\",\"Notte dei Licei\"],\"articleSection\":[\"contenuti originali\",\"Cultura e Media\",\"Giovani\"],\"inLanguage\":\"it-IT\"},{\"@type\":\"WebPage\",\"@id\":\"https:\/\/www.pressenza.com\/it\/2026\/04\/homo-sum-al-liceo-sannazaro-di-napoli-la-notte-in-cui-i-classici-parlano-di-gaza-di-guerra-e-di-umanita\/\",\"url\":\"https:\/\/www.pressenza.com\/it\/2026\/04\/homo-sum-al-liceo-sannazaro-di-napoli-la-notte-in-cui-i-classici-parlano-di-gaza-di-guerra-e-di-umanita\/\",\"name\":\"Homo sum: al Liceo Sannazaro di Napoli, la notte in cui i classici parlano di Gaza, di guerra e di umanit\u00e0\",\"isPartOf\":{\"@id\":\"https:\/\/www.pressenza.com\/it\/#website\"},\"primaryImageOfPage\":{\"@id\":\"https:\/\/www.pressenza.com\/it\/2026\/04\/homo-sum-al-liceo-sannazaro-di-napoli-la-notte-in-cui-i-classici-parlano-di-gaza-di-guerra-e-di-umanita\/#primaryimage\"},\"image\":{\"@id\":\"https:\/\/www.pressenza.com\/it\/2026\/04\/homo-sum-al-liceo-sannazaro-di-napoli-la-notte-in-cui-i-classici-parlano-di-gaza-di-guerra-e-di-umanita\/#primaryimage\"},\"thumbnailUrl\":\"https:\/\/www.pressenza.com\/wp-content\/uploads\/2026\/04\/IMG_2007.jpg\",\"datePublished\":\"2026-04-01T09:31:41+00:00\",\"dateModified\":\"2026-04-01T12:15:02+00:00\",\"description\":\"Lo scorso 27 marzo, i licei classici di tutta Italia hanno celebrato la XII edizione della Notte Nazionale del Liceo Classico, un evento a cadenza annuale\",\"breadcrumb\":{\"@id\":\"https:\/\/www.pressenza.com\/it\/2026\/04\/homo-sum-al-liceo-sannazaro-di-napoli-la-notte-in-cui-i-classici-parlano-di-gaza-di-guerra-e-di-umanita\/#breadcrumb\"},\"inLanguage\":\"it-IT\",\"potentialAction\":[{\"@type\":\"ReadAction\",\"target\":[\"https:\/\/www.pressenza.com\/it\/2026\/04\/homo-sum-al-liceo-sannazaro-di-napoli-la-notte-in-cui-i-classici-parlano-di-gaza-di-guerra-e-di-umanita\/\"]}]},{\"@type\":\"ImageObject\",\"inLanguage\":\"it-IT\",\"@id\":\"https:\/\/www.pressenza.com\/it\/2026\/04\/homo-sum-al-liceo-sannazaro-di-napoli-la-notte-in-cui-i-classici-parlano-di-gaza-di-guerra-e-di-umanita\/#primaryimage\",\"url\":\"https:\/\/www.pressenza.com\/wp-content\/uploads\/2026\/04\/IMG_2007.jpg\",\"contentUrl\":\"https:\/\/www.pressenza.com\/wp-content\/uploads\/2026\/04\/IMG_2007.jpg\",\"width\":1920,\"height\":1278,\"caption\":\"Ludovica Rodriquez di redazione Napoli\"},{\"@type\":\"BreadcrumbList\",\"@id\":\"https:\/\/www.pressenza.com\/it\/2026\/04\/homo-sum-al-liceo-sannazaro-di-napoli-la-notte-in-cui-i-classici-parlano-di-gaza-di-guerra-e-di-umanita\/#breadcrumb\",\"itemListElement\":[{\"@type\":\"ListItem\",\"position\":1,\"name\":\"Accueil\",\"item\":\"https:\/\/www.pressenza.com\/it\/\"},{\"@type\":\"ListItem\",\"position\":2,\"name\":\"Homo sum: al Liceo Sannazaro di Napoli, la notte in cui i classici parlano di Gaza, di guerra e di umanit\u00e0\"}]},{\"@type\":\"WebSite\",\"@id\":\"https:\/\/www.pressenza.com\/it\/#website\",\"url\":\"https:\/\/www.pressenza.com\/it\/\",\"name\":\"Pressenza\",\"description\":\"Agenzia di Stampa Internazionale\",\"publisher\":{\"@id\":\"https:\/\/www.pressenza.com\/it\/#organization\"},\"potentialAction\":[{\"@type\":\"SearchAction\",\"target\":{\"@type\":\"EntryPoint\",\"urlTemplate\":\"https:\/\/www.pressenza.com\/it\/?s={search_term_string}\"},\"query-input\":{\"@type\":\"PropertyValueSpecification\",\"valueRequired\":true,\"valueName\":\"search_term_string\"}}],\"inLanguage\":\"it-IT\"},{\"@type\":\"Organization\",\"@id\":\"https:\/\/www.pressenza.com\/it\/#organization\",\"name\":\"Pressenza\",\"url\":\"https:\/\/www.pressenza.com\/it\/\",\"logo\":{\"@type\":\"ImageObject\",\"inLanguage\":\"it-IT\",\"@id\":\"https:\/\/www.pressenza.com\/it\/#\/schema\/logo\/image\/\",\"url\":\"https:\/\/www.pressenza.com\/wp-content\/uploads\/2022\/10\/pressenza_logo_200x200.jpg\",\"contentUrl\":\"https:\/\/www.pressenza.com\/wp-content\/uploads\/2022\/10\/pressenza_logo_200x200.jpg\",\"width\":200,\"height\":200,\"caption\":\"Pressenza\"},\"image\":{\"@id\":\"https:\/\/www.pressenza.com\/it\/#\/schema\/logo\/image\/\"},\"sameAs\":[\"https:\/\/www.facebook.com\/PressenzaItalia\",\"https:\/\/x.com\/PressenzaIPA\"]},{\"@type\":\"Person\",\"@id\":\"https:\/\/www.pressenza.com\/it\/#\/schema\/person\/c83f99ec84eefde62a82df91abfd7c90\",\"name\":\"Redazione Napoli\",\"description\":\"News from the Pressenza Bureau in Naples, Italy\",\"url\":\"https:\/\/www.pressenza.com\/it\/author\/redazione-napoli\/\"}]}<\/script>\n<!-- \/ Yoast SEO plugin. -->","yoast_head_json":{"title":"Homo sum: al Liceo Sannazaro di Napoli, la notte in cui i classici parlano di Gaza, di guerra e di umanit\u00e0","description":"Lo scorso 27 marzo, i licei classici di tutta Italia hanno celebrato la XII edizione della Notte Nazionale del Liceo Classico, un evento a cadenza annuale","robots":{"index":"index","follow":"follow","max-snippet":"max-snippet:-1","max-image-preview":"max-image-preview:large","max-video-preview":"max-video-preview:-1"},"canonical":"https:\/\/www.pressenza.com\/it\/2026\/04\/homo-sum-al-liceo-sannazaro-di-napoli-la-notte-in-cui-i-classici-parlano-di-gaza-di-guerra-e-di-umanita\/","og_locale":"it_IT","og_type":"article","og_title":"Homo sum: al Liceo Sannazaro di Napoli, la notte in cui i classici parlano di Gaza, di guerra e di umanit\u00e0","og_description":"Lo scorso 27 marzo, i licei classici di tutta Italia hanno celebrato la XII edizione della Notte Nazionale del Liceo Classico, un evento a cadenza annuale","og_url":"https:\/\/www.pressenza.com\/it\/2026\/04\/homo-sum-al-liceo-sannazaro-di-napoli-la-notte-in-cui-i-classici-parlano-di-gaza-di-guerra-e-di-umanita\/","og_site_name":"Pressenza","article_publisher":"https:\/\/www.facebook.com\/PressenzaItalia","article_published_time":"2026-04-01T09:31:41+00:00","article_modified_time":"2026-04-01T12:15:02+00:00","og_image":[{"width":1920,"height":1278,"url":"https:\/\/www.pressenza.com\/wp-content\/uploads\/2026\/04\/IMG_2007.jpg","type":"image\/jpeg"}],"author":"Redazione Napoli","twitter_card":"summary_large_image","twitter_creator":"@PressenzaIPA","twitter_site":"@PressenzaIPA","twitter_misc":{"Scritto da":"Redazione Napoli","Tempo di lettura stimato":"5 minuti"},"schema":{"@context":"https:\/\/schema.org","@graph":[{"@type":"Article","@id":"https:\/\/www.pressenza.com\/it\/2026\/04\/homo-sum-al-liceo-sannazaro-di-napoli-la-notte-in-cui-i-classici-parlano-di-gaza-di-guerra-e-di-umanita\/#article","isPartOf":{"@id":"https:\/\/www.pressenza.com\/it\/2026\/04\/homo-sum-al-liceo-sannazaro-di-napoli-la-notte-in-cui-i-classici-parlano-di-gaza-di-guerra-e-di-umanita\/"},"author":{"name":"Redazione Napoli","@id":"https:\/\/www.pressenza.com\/it\/#\/schema\/person\/c83f99ec84eefde62a82df91abfd7c90"},"headline":"Homo sum: al Liceo Sannazaro di Napoli, la notte in cui i classici parlano di Gaza, di guerra e di umanit\u00e0","datePublished":"2026-04-01T09:31:41+00:00","dateModified":"2026-04-01T12:15:02+00:00","mainEntityOfPage":{"@id":"https:\/\/www.pressenza.com\/it\/2026\/04\/homo-sum-al-liceo-sannazaro-di-napoli-la-notte-in-cui-i-classici-parlano-di-gaza-di-guerra-e-di-umanita\/"},"wordCount":917,"publisher":{"@id":"https:\/\/www.pressenza.com\/it\/#organization"},"image":{"@id":"https:\/\/www.pressenza.com\/it\/2026\/04\/homo-sum-al-liceo-sannazaro-di-napoli-la-notte-in-cui-i-classici-parlano-di-gaza-di-guerra-e-di-umanita\/#primaryimage"},"thumbnailUrl":"https:\/\/www.pressenza.com\/wp-content\/uploads\/2026\/04\/IMG_2007.jpg","keywords":["Liceo Ginnasio Statale Jacopo Sannazaro","Napoli","Notte dei Licei"],"articleSection":["contenuti originali","Cultura e Media","Giovani"],"inLanguage":"it-IT"},{"@type":"WebPage","@id":"https:\/\/www.pressenza.com\/it\/2026\/04\/homo-sum-al-liceo-sannazaro-di-napoli-la-notte-in-cui-i-classici-parlano-di-gaza-di-guerra-e-di-umanita\/","url":"https:\/\/www.pressenza.com\/it\/2026\/04\/homo-sum-al-liceo-sannazaro-di-napoli-la-notte-in-cui-i-classici-parlano-di-gaza-di-guerra-e-di-umanita\/","name":"Homo sum: al Liceo Sannazaro di Napoli, la notte in cui i classici parlano di Gaza, di guerra e di umanit\u00e0","isPartOf":{"@id":"https:\/\/www.pressenza.com\/it\/#website"},"primaryImageOfPage":{"@id":"https:\/\/www.pressenza.com\/it\/2026\/04\/homo-sum-al-liceo-sannazaro-di-napoli-la-notte-in-cui-i-classici-parlano-di-gaza-di-guerra-e-di-umanita\/#primaryimage"},"image":{"@id":"https:\/\/www.pressenza.com\/it\/2026\/04\/homo-sum-al-liceo-sannazaro-di-napoli-la-notte-in-cui-i-classici-parlano-di-gaza-di-guerra-e-di-umanita\/#primaryimage"},"thumbnailUrl":"https:\/\/www.pressenza.com\/wp-content\/uploads\/2026\/04\/IMG_2007.jpg","datePublished":"2026-04-01T09:31:41+00:00","dateModified":"2026-04-01T12:15:02+00:00","description":"Lo scorso 27 marzo, i licei classici di tutta Italia hanno celebrato la XII edizione della Notte Nazionale del Liceo Classico, un evento a cadenza annuale","breadcrumb":{"@id":"https:\/\/www.pressenza.com\/it\/2026\/04\/homo-sum-al-liceo-sannazaro-di-napoli-la-notte-in-cui-i-classici-parlano-di-gaza-di-guerra-e-di-umanita\/#breadcrumb"},"inLanguage":"it-IT","potentialAction":[{"@type":"ReadAction","target":["https:\/\/www.pressenza.com\/it\/2026\/04\/homo-sum-al-liceo-sannazaro-di-napoli-la-notte-in-cui-i-classici-parlano-di-gaza-di-guerra-e-di-umanita\/"]}]},{"@type":"ImageObject","inLanguage":"it-IT","@id":"https:\/\/www.pressenza.com\/it\/2026\/04\/homo-sum-al-liceo-sannazaro-di-napoli-la-notte-in-cui-i-classici-parlano-di-gaza-di-guerra-e-di-umanita\/#primaryimage","url":"https:\/\/www.pressenza.com\/wp-content\/uploads\/2026\/04\/IMG_2007.jpg","contentUrl":"https:\/\/www.pressenza.com\/wp-content\/uploads\/2026\/04\/IMG_2007.jpg","width":1920,"height":1278,"caption":"Ludovica Rodriquez di redazione Napoli"},{"@type":"BreadcrumbList","@id":"https:\/\/www.pressenza.com\/it\/2026\/04\/homo-sum-al-liceo-sannazaro-di-napoli-la-notte-in-cui-i-classici-parlano-di-gaza-di-guerra-e-di-umanita\/#breadcrumb","itemListElement":[{"@type":"ListItem","position":1,"name":"Accueil","item":"https:\/\/www.pressenza.com\/it\/"},{"@type":"ListItem","position":2,"name":"Homo sum: al Liceo Sannazaro di Napoli, la notte in cui i classici parlano di Gaza, di guerra e di umanit\u00e0"}]},{"@type":"WebSite","@id":"https:\/\/www.pressenza.com\/it\/#website","url":"https:\/\/www.pressenza.com\/it\/","name":"Pressenza","description":"Agenzia di Stampa Internazionale","publisher":{"@id":"https:\/\/www.pressenza.com\/it\/#organization"},"potentialAction":[{"@type":"SearchAction","target":{"@type":"EntryPoint","urlTemplate":"https:\/\/www.pressenza.com\/it\/?s={search_term_string}"},"query-input":{"@type":"PropertyValueSpecification","valueRequired":true,"valueName":"search_term_string"}}],"inLanguage":"it-IT"},{"@type":"Organization","@id":"https:\/\/www.pressenza.com\/it\/#organization","name":"Pressenza","url":"https:\/\/www.pressenza.com\/it\/","logo":{"@type":"ImageObject","inLanguage":"it-IT","@id":"https:\/\/www.pressenza.com\/it\/#\/schema\/logo\/image\/","url":"https:\/\/www.pressenza.com\/wp-content\/uploads\/2022\/10\/pressenza_logo_200x200.jpg","contentUrl":"https:\/\/www.pressenza.com\/wp-content\/uploads\/2022\/10\/pressenza_logo_200x200.jpg","width":200,"height":200,"caption":"Pressenza"},"image":{"@id":"https:\/\/www.pressenza.com\/it\/#\/schema\/logo\/image\/"},"sameAs":["https:\/\/www.facebook.com\/PressenzaItalia","https:\/\/x.com\/PressenzaIPA"]},{"@type":"Person","@id":"https:\/\/www.pressenza.com\/it\/#\/schema\/person\/c83f99ec84eefde62a82df91abfd7c90","name":"Redazione Napoli","description":"News from the Pressenza Bureau in Naples, Italy","url":"https:\/\/www.pressenza.com\/it\/author\/redazione-napoli\/"}]}},"place":"","original_article_url":"","_links":{"self":[{"href":"https:\/\/www.pressenza.com\/it\/wp-json\/wp\/v2\/posts\/2689317","targetHints":{"allow":["GET"]}}],"collection":[{"href":"https:\/\/www.pressenza.com\/it\/wp-json\/wp\/v2\/posts"}],"about":[{"href":"https:\/\/www.pressenza.com\/it\/wp-json\/wp\/v2\/types\/post"}],"author":[{"embeddable":true,"href":"https:\/\/www.pressenza.com\/it\/wp-json\/wp\/v2\/users\/2317"}],"replies":[{"embeddable":true,"href":"https:\/\/www.pressenza.com\/it\/wp-json\/wp\/v2\/comments?post=2689317"}],"version-history":[{"count":3,"href":"https:\/\/www.pressenza.com\/it\/wp-json\/wp\/v2\/posts\/2689317\/revisions"}],"predecessor-version":[{"id":2689361,"href":"https:\/\/www.pressenza.com\/it\/wp-json\/wp\/v2\/posts\/2689317\/revisions\/2689361"}],"wp:featuredmedia":[{"embeddable":true,"href":"https:\/\/www.pressenza.com\/it\/wp-json\/wp\/v2\/media\/2689326"}],"wp:attachment":[{"href":"https:\/\/www.pressenza.com\/it\/wp-json\/wp\/v2\/media?parent=2689317"}],"wp:term":[{"taxonomy":"category","embeddable":true,"href":"https:\/\/www.pressenza.com\/it\/wp-json\/wp\/v2\/categories?post=2689317"},{"taxonomy":"post_tag","embeddable":true,"href":"https:\/\/www.pressenza.com\/it\/wp-json\/wp\/v2\/tags?post=2689317"}],"curies":[{"name":"wp","href":"https:\/\/api.w.org\/{rel}","templated":true}]}}