{"id":2689222,"date":"2026-03-31T21:24:33","date_gmt":"2026-03-31T20:24:33","guid":{"rendered":"https:\/\/www.pressenza.com\/?p=2689222"},"modified":"2026-03-31T21:25:04","modified_gmt":"2026-03-31T20:25:04","slug":"thiago-avila-detenuto-a-buenos-aires","status":"publish","type":"post","link":"https:\/\/www.pressenza.com\/it\/2026\/03\/thiago-avila-detenuto-a-buenos-aires\/","title":{"rendered":"La persecuzione contro Thiago \u00c1vila continua in Argentina.\u00a0"},"content":{"rendered":"<div dir=\"auto\">Thiago \u00c1vila \u00e8 stato separato dalla sua famiglia ed \u00e8 detenuto a Buenos Aires con un ordine di deportazione. Non vuole lasciare il paese senza poter salutare i propri cari, soprattutto perch\u00e9 tra pochi giorni partir\u00e0 da Barcellona verso Gaza con una missione umanitaria.<\/div>\n<div dir=\"auto\"><\/div>\n<div dir=\"auto\">Thiago ha un volo per Barcellona domani alle 11:00, ma la polizia insiste per farlo partire immediatamente, proponendo di mandarlo in Uruguay. Una commissione politica con deputati argentini \u00e8 all\u2019aeroporto per cercare di contattarlo, ma finora non ha ottenuto il permesso dalla polizia.<\/div>\n<div dir=\"auto\"><\/div>\n<div dir=\"auto\">Non sappiamo ancora se Thiago sar\u00e0 costretto a partire con la forza o se la decisione di deportazione verr\u00e0 revocata.<\/div>\n<div dir=\"auto\"><\/div>\n<div dir=\"auto\">Dichiarazioni di Lara, moglie di Thiago e organizzatrice della missione umanitaria:\u00a0&#8220;Thiago non vuole lasciare il paese senza poter dire addio alla sua famiglia. Questa situazione \u00e8 dolorosa e ingiusta. Chiediamo alle autorit\u00e0 di rispettare i diritti umani e di permettere un incontro familiare prima di qualsiasi decisione definitiva. Siamo preoccupati per la sicurezza di Thiago e per il fatto che questa deportazione sembra pi\u00f9 una persecuzione politica che una misura legale. La solidariet\u00e0 internazionale \u00e8 fondamentale in questo momento&#8221;.<\/div>\n<div dir=\"auto\"><\/div>\n<div dir=\"auto\">Dichiarazione di un deputato argentino presente all\u2019aeroporto:\u00a0&#8220;Stiamo monitorando la situazione con grande attenzione. \u00c8 fondamentale che le autorit\u00e0 rispettino i diritti fondamentali di Thiago e garantiscano un processo giusto. La deportazione forzata senza garanzie sarebbe una grave violazione dei diritti umani&#8221;.<\/div>\n","protected":false},"excerpt":{"rendered":"<p>Thiago \u00c1vila \u00e8 stato separato dalla sua famiglia ed \u00e8 detenuto a Buenos Aires con un ordine di deportazione. Non vuole lasciare il paese senza poter salutare i propri cari, soprattutto perch\u00e9 tra pochi giorni partir\u00e0 da Barcellona verso Gaza&hellip;<\/p>\n","protected":false},"author":2407,"featured_media":2689223,"comment_status":"closed","ping_status":"closed","sticky":false,"template":"","format":"standard","meta":{"footnotes":""},"categories":[11388,60],"tags":[138053],"class_list":["post-2689222","post","type-post","status-publish","format-standard","has-post-thumbnail","hentry","category-contenuti-originali","category-diritti-umani","tag-thiago-avila"],"yoast_head":"<!-- This site is optimized with the Yoast SEO plugin v27.1.1 - https:\/\/yoast.com\/product\/yoast-seo-wordpress\/ -->\n<title>La persecuzione contro Thiago \u00c1vila continua in Argentina.\u00a0<\/title>\n<meta name=\"description\" content=\"Thiago \u00c1vila \u00e8 stato separato dalla sua famiglia ed \u00e8 detenuto a Buenos Aires con un ordine di deportazione. Non vuole lasciare il paese senza poter\" \/>\n<meta name=\"robots\" content=\"index, follow, max-snippet:-1, max-image-preview:large, max-video-preview:-1\" \/>\n<link rel=\"canonical\" href=\"https:\/\/www.pressenza.com\/it\/2026\/03\/thiago-avila-detenuto-a-buenos-aires\/\" \/>\n<meta property=\"og:locale\" content=\"it_IT\" \/>\n<meta property=\"og:type\" content=\"article\" \/>\n<meta property=\"og:title\" content=\"La persecuzione contro Thiago \u00c1vila continua in Argentina.\u00a0\" \/>\n<meta property=\"og:description\" content=\"Thiago \u00c1vila \u00e8 stato separato dalla sua famiglia ed \u00e8 detenuto a Buenos Aires con un ordine di deportazione. Non vuole lasciare il paese senza poter\" \/>\n<meta property=\"og:url\" content=\"https:\/\/www.pressenza.com\/it\/2026\/03\/thiago-avila-detenuto-a-buenos-aires\/\" \/>\n<meta property=\"og:site_name\" content=\"Pressenza\" \/>\n<meta property=\"article:publisher\" content=\"https:\/\/www.facebook.com\/PressenzaItalia\" \/>\n<meta property=\"article:published_time\" content=\"2026-03-31T20:24:33+00:00\" \/>\n<meta property=\"article:modified_time\" content=\"2026-03-31T20:25:04+00:00\" \/>\n<meta property=\"og:image\" content=\"https:\/\/www.pressenza.com\/wp-content\/uploads\/2026\/03\/658059807_18518696335073483_4415910388960375414_n.jpg\" \/>\n\t<meta property=\"og:image:width\" content=\"1440\" \/>\n\t<meta property=\"og:image:height\" content=\"975\" \/>\n\t<meta property=\"og:image:type\" content=\"image\/jpeg\" \/>\n<meta name=\"author\" content=\"Ray Man\" \/>\n<meta name=\"twitter:card\" content=\"summary_large_image\" \/>\n<meta name=\"twitter:creator\" content=\"@PressenzaIPA\" \/>\n<meta name=\"twitter:site\" content=\"@PressenzaIPA\" \/>\n<meta name=\"twitter:label1\" content=\"Scritto da\" \/>\n\t<meta name=\"twitter:data1\" content=\"Ray Man\" \/>\n\t<meta name=\"twitter:label2\" content=\"Tempo di lettura stimato\" \/>\n\t<meta name=\"twitter:data2\" content=\"2 minuti\" \/>\n<script type=\"application\/ld+json\" class=\"yoast-schema-graph\">{\"@context\":\"https:\/\/schema.org\",\"@graph\":[{\"@type\":\"Article\",\"@id\":\"https:\/\/www.pressenza.com\/it\/2026\/03\/thiago-avila-detenuto-a-buenos-aires\/#article\",\"isPartOf\":{\"@id\":\"https:\/\/www.pressenza.com\/it\/2026\/03\/thiago-avila-detenuto-a-buenos-aires\/\"},\"author\":{\"name\":\"Ray Man\",\"@id\":\"https:\/\/www.pressenza.com\/it\/#\/schema\/person\/65f839df5847a390cd84df4e1e061bd6\"},\"headline\":\"La persecuzione contro Thiago \u00c1vila continua in Argentina.\u00a0\",\"datePublished\":\"2026-03-31T20:24:33+00:00\",\"dateModified\":\"2026-03-31T20:25:04+00:00\",\"mainEntityOfPage\":{\"@id\":\"https:\/\/www.pressenza.com\/it\/2026\/03\/thiago-avila-detenuto-a-buenos-aires\/\"},\"wordCount\":232,\"publisher\":{\"@id\":\"https:\/\/www.pressenza.com\/it\/#organization\"},\"image\":{\"@id\":\"https:\/\/www.pressenza.com\/it\/2026\/03\/thiago-avila-detenuto-a-buenos-aires\/#primaryimage\"},\"thumbnailUrl\":\"https:\/\/www.pressenza.com\/wp-content\/uploads\/2026\/03\/658059807_18518696335073483_4415910388960375414_n.jpg\",\"keywords\":[\"Thiago \u00c1vila\"],\"articleSection\":[\"contenuti originali\",\"Diritti Umani\"],\"inLanguage\":\"it-IT\"},{\"@type\":\"WebPage\",\"@id\":\"https:\/\/www.pressenza.com\/it\/2026\/03\/thiago-avila-detenuto-a-buenos-aires\/\",\"url\":\"https:\/\/www.pressenza.com\/it\/2026\/03\/thiago-avila-detenuto-a-buenos-aires\/\",\"name\":\"La persecuzione contro Thiago \u00c1vila continua in Argentina.\u00a0\",\"isPartOf\":{\"@id\":\"https:\/\/www.pressenza.com\/it\/#website\"},\"primaryImageOfPage\":{\"@id\":\"https:\/\/www.pressenza.com\/it\/2026\/03\/thiago-avila-detenuto-a-buenos-aires\/#primaryimage\"},\"image\":{\"@id\":\"https:\/\/www.pressenza.com\/it\/2026\/03\/thiago-avila-detenuto-a-buenos-aires\/#primaryimage\"},\"thumbnailUrl\":\"https:\/\/www.pressenza.com\/wp-content\/uploads\/2026\/03\/658059807_18518696335073483_4415910388960375414_n.jpg\",\"datePublished\":\"2026-03-31T20:24:33+00:00\",\"dateModified\":\"2026-03-31T20:25:04+00:00\",\"description\":\"Thiago \u00c1vila \u00e8 stato separato dalla sua famiglia ed \u00e8 detenuto a Buenos Aires con un ordine di deportazione. Non vuole lasciare il paese senza poter\",\"breadcrumb\":{\"@id\":\"https:\/\/www.pressenza.com\/it\/2026\/03\/thiago-avila-detenuto-a-buenos-aires\/#breadcrumb\"},\"inLanguage\":\"it-IT\",\"potentialAction\":[{\"@type\":\"ReadAction\",\"target\":[\"https:\/\/www.pressenza.com\/it\/2026\/03\/thiago-avila-detenuto-a-buenos-aires\/\"]}]},{\"@type\":\"ImageObject\",\"inLanguage\":\"it-IT\",\"@id\":\"https:\/\/www.pressenza.com\/it\/2026\/03\/thiago-avila-detenuto-a-buenos-aires\/#primaryimage\",\"url\":\"https:\/\/www.pressenza.com\/wp-content\/uploads\/2026\/03\/658059807_18518696335073483_4415910388960375414_n.jpg\",\"contentUrl\":\"https:\/\/www.pressenza.com\/wp-content\/uploads\/2026\/03\/658059807_18518696335073483_4415910388960375414_n.jpg\",\"width\":1440,\"height\":975},{\"@type\":\"BreadcrumbList\",\"@id\":\"https:\/\/www.pressenza.com\/it\/2026\/03\/thiago-avila-detenuto-a-buenos-aires\/#breadcrumb\",\"itemListElement\":[{\"@type\":\"ListItem\",\"position\":1,\"name\":\"Accueil\",\"item\":\"https:\/\/www.pressenza.com\/it\/\"},{\"@type\":\"ListItem\",\"position\":2,\"name\":\"La persecuzione contro Thiago \u00c1vila continua in Argentina.\u00a0\"}]},{\"@type\":\"WebSite\",\"@id\":\"https:\/\/www.pressenza.com\/it\/#website\",\"url\":\"https:\/\/www.pressenza.com\/it\/\",\"name\":\"Pressenza\",\"description\":\"Agenzia di Stampa Internazionale\",\"publisher\":{\"@id\":\"https:\/\/www.pressenza.com\/it\/#organization\"},\"potentialAction\":[{\"@type\":\"SearchAction\",\"target\":{\"@type\":\"EntryPoint\",\"urlTemplate\":\"https:\/\/www.pressenza.com\/it\/?s={search_term_string}\"},\"query-input\":{\"@type\":\"PropertyValueSpecification\",\"valueRequired\":true,\"valueName\":\"search_term_string\"}}],\"inLanguage\":\"it-IT\"},{\"@type\":\"Organization\",\"@id\":\"https:\/\/www.pressenza.com\/it\/#organization\",\"name\":\"Pressenza\",\"url\":\"https:\/\/www.pressenza.com\/it\/\",\"logo\":{\"@type\":\"ImageObject\",\"inLanguage\":\"it-IT\",\"@id\":\"https:\/\/www.pressenza.com\/it\/#\/schema\/logo\/image\/\",\"url\":\"https:\/\/www.pressenza.com\/wp-content\/uploads\/2022\/10\/pressenza_logo_200x200.jpg\",\"contentUrl\":\"https:\/\/www.pressenza.com\/wp-content\/uploads\/2022\/10\/pressenza_logo_200x200.jpg\",\"width\":200,\"height\":200,\"caption\":\"Pressenza\"},\"image\":{\"@id\":\"https:\/\/www.pressenza.com\/it\/#\/schema\/logo\/image\/\"},\"sameAs\":[\"https:\/\/www.facebook.com\/PressenzaItalia\",\"https:\/\/x.com\/PressenzaIPA\"]},{\"@type\":\"Person\",\"@id\":\"https:\/\/www.pressenza.com\/it\/#\/schema\/person\/65f839df5847a390cd84df4e1e061bd6\",\"name\":\"Ray Man\",\"url\":\"https:\/\/www.pressenza.com\/it\/author\/rayman\/\"}]}<\/script>\n<!-- \/ Yoast SEO plugin. -->","yoast_head_json":{"title":"La persecuzione contro Thiago \u00c1vila continua in Argentina.\u00a0","description":"Thiago \u00c1vila \u00e8 stato separato dalla sua famiglia ed \u00e8 detenuto a Buenos Aires con un ordine di deportazione. Non vuole lasciare il paese senza poter","robots":{"index":"index","follow":"follow","max-snippet":"max-snippet:-1","max-image-preview":"max-image-preview:large","max-video-preview":"max-video-preview:-1"},"canonical":"https:\/\/www.pressenza.com\/it\/2026\/03\/thiago-avila-detenuto-a-buenos-aires\/","og_locale":"it_IT","og_type":"article","og_title":"La persecuzione contro Thiago \u00c1vila continua in Argentina.\u00a0","og_description":"Thiago \u00c1vila \u00e8 stato separato dalla sua famiglia ed \u00e8 detenuto a Buenos Aires con un ordine di deportazione. Non vuole lasciare il paese senza poter","og_url":"https:\/\/www.pressenza.com\/it\/2026\/03\/thiago-avila-detenuto-a-buenos-aires\/","og_site_name":"Pressenza","article_publisher":"https:\/\/www.facebook.com\/PressenzaItalia","article_published_time":"2026-03-31T20:24:33+00:00","article_modified_time":"2026-03-31T20:25:04+00:00","og_image":[{"width":1440,"height":975,"url":"https:\/\/www.pressenza.com\/wp-content\/uploads\/2026\/03\/658059807_18518696335073483_4415910388960375414_n.jpg","type":"image\/jpeg"}],"author":"Ray Man","twitter_card":"summary_large_image","twitter_creator":"@PressenzaIPA","twitter_site":"@PressenzaIPA","twitter_misc":{"Scritto da":"Ray Man","Tempo di lettura stimato":"2 minuti"},"schema":{"@context":"https:\/\/schema.org","@graph":[{"@type":"Article","@id":"https:\/\/www.pressenza.com\/it\/2026\/03\/thiago-avila-detenuto-a-buenos-aires\/#article","isPartOf":{"@id":"https:\/\/www.pressenza.com\/it\/2026\/03\/thiago-avila-detenuto-a-buenos-aires\/"},"author":{"name":"Ray Man","@id":"https:\/\/www.pressenza.com\/it\/#\/schema\/person\/65f839df5847a390cd84df4e1e061bd6"},"headline":"La persecuzione contro Thiago \u00c1vila continua in Argentina.\u00a0","datePublished":"2026-03-31T20:24:33+00:00","dateModified":"2026-03-31T20:25:04+00:00","mainEntityOfPage":{"@id":"https:\/\/www.pressenza.com\/it\/2026\/03\/thiago-avila-detenuto-a-buenos-aires\/"},"wordCount":232,"publisher":{"@id":"https:\/\/www.pressenza.com\/it\/#organization"},"image":{"@id":"https:\/\/www.pressenza.com\/it\/2026\/03\/thiago-avila-detenuto-a-buenos-aires\/#primaryimage"},"thumbnailUrl":"https:\/\/www.pressenza.com\/wp-content\/uploads\/2026\/03\/658059807_18518696335073483_4415910388960375414_n.jpg","keywords":["Thiago \u00c1vila"],"articleSection":["contenuti originali","Diritti Umani"],"inLanguage":"it-IT"},{"@type":"WebPage","@id":"https:\/\/www.pressenza.com\/it\/2026\/03\/thiago-avila-detenuto-a-buenos-aires\/","url":"https:\/\/www.pressenza.com\/it\/2026\/03\/thiago-avila-detenuto-a-buenos-aires\/","name":"La persecuzione contro Thiago \u00c1vila continua in Argentina.\u00a0","isPartOf":{"@id":"https:\/\/www.pressenza.com\/it\/#website"},"primaryImageOfPage":{"@id":"https:\/\/www.pressenza.com\/it\/2026\/03\/thiago-avila-detenuto-a-buenos-aires\/#primaryimage"},"image":{"@id":"https:\/\/www.pressenza.com\/it\/2026\/03\/thiago-avila-detenuto-a-buenos-aires\/#primaryimage"},"thumbnailUrl":"https:\/\/www.pressenza.com\/wp-content\/uploads\/2026\/03\/658059807_18518696335073483_4415910388960375414_n.jpg","datePublished":"2026-03-31T20:24:33+00:00","dateModified":"2026-03-31T20:25:04+00:00","description":"Thiago \u00c1vila \u00e8 stato separato dalla sua famiglia ed \u00e8 detenuto a Buenos Aires con un ordine di deportazione. Non vuole lasciare il paese senza poter","breadcrumb":{"@id":"https:\/\/www.pressenza.com\/it\/2026\/03\/thiago-avila-detenuto-a-buenos-aires\/#breadcrumb"},"inLanguage":"it-IT","potentialAction":[{"@type":"ReadAction","target":["https:\/\/www.pressenza.com\/it\/2026\/03\/thiago-avila-detenuto-a-buenos-aires\/"]}]},{"@type":"ImageObject","inLanguage":"it-IT","@id":"https:\/\/www.pressenza.com\/it\/2026\/03\/thiago-avila-detenuto-a-buenos-aires\/#primaryimage","url":"https:\/\/www.pressenza.com\/wp-content\/uploads\/2026\/03\/658059807_18518696335073483_4415910388960375414_n.jpg","contentUrl":"https:\/\/www.pressenza.com\/wp-content\/uploads\/2026\/03\/658059807_18518696335073483_4415910388960375414_n.jpg","width":1440,"height":975},{"@type":"BreadcrumbList","@id":"https:\/\/www.pressenza.com\/it\/2026\/03\/thiago-avila-detenuto-a-buenos-aires\/#breadcrumb","itemListElement":[{"@type":"ListItem","position":1,"name":"Accueil","item":"https:\/\/www.pressenza.com\/it\/"},{"@type":"ListItem","position":2,"name":"La persecuzione contro Thiago \u00c1vila continua in Argentina.\u00a0"}]},{"@type":"WebSite","@id":"https:\/\/www.pressenza.com\/it\/#website","url":"https:\/\/www.pressenza.com\/it\/","name":"Pressenza","description":"Agenzia di Stampa Internazionale","publisher":{"@id":"https:\/\/www.pressenza.com\/it\/#organization"},"potentialAction":[{"@type":"SearchAction","target":{"@type":"EntryPoint","urlTemplate":"https:\/\/www.pressenza.com\/it\/?s={search_term_string}"},"query-input":{"@type":"PropertyValueSpecification","valueRequired":true,"valueName":"search_term_string"}}],"inLanguage":"it-IT"},{"@type":"Organization","@id":"https:\/\/www.pressenza.com\/it\/#organization","name":"Pressenza","url":"https:\/\/www.pressenza.com\/it\/","logo":{"@type":"ImageObject","inLanguage":"it-IT","@id":"https:\/\/www.pressenza.com\/it\/#\/schema\/logo\/image\/","url":"https:\/\/www.pressenza.com\/wp-content\/uploads\/2022\/10\/pressenza_logo_200x200.jpg","contentUrl":"https:\/\/www.pressenza.com\/wp-content\/uploads\/2022\/10\/pressenza_logo_200x200.jpg","width":200,"height":200,"caption":"Pressenza"},"image":{"@id":"https:\/\/www.pressenza.com\/it\/#\/schema\/logo\/image\/"},"sameAs":["https:\/\/www.facebook.com\/PressenzaItalia","https:\/\/x.com\/PressenzaIPA"]},{"@type":"Person","@id":"https:\/\/www.pressenza.com\/it\/#\/schema\/person\/65f839df5847a390cd84df4e1e061bd6","name":"Ray Man","url":"https:\/\/www.pressenza.com\/it\/author\/rayman\/"}]}},"place":"","original_article_url":"","_links":{"self":[{"href":"https:\/\/www.pressenza.com\/it\/wp-json\/wp\/v2\/posts\/2689222","targetHints":{"allow":["GET"]}}],"collection":[{"href":"https:\/\/www.pressenza.com\/it\/wp-json\/wp\/v2\/posts"}],"about":[{"href":"https:\/\/www.pressenza.com\/it\/wp-json\/wp\/v2\/types\/post"}],"author":[{"embeddable":true,"href":"https:\/\/www.pressenza.com\/it\/wp-json\/wp\/v2\/users\/2407"}],"replies":[{"embeddable":true,"href":"https:\/\/www.pressenza.com\/it\/wp-json\/wp\/v2\/comments?post=2689222"}],"version-history":[{"count":1,"href":"https:\/\/www.pressenza.com\/it\/wp-json\/wp\/v2\/posts\/2689222\/revisions"}],"predecessor-version":[{"id":2689224,"href":"https:\/\/www.pressenza.com\/it\/wp-json\/wp\/v2\/posts\/2689222\/revisions\/2689224"}],"wp:featuredmedia":[{"embeddable":true,"href":"https:\/\/www.pressenza.com\/it\/wp-json\/wp\/v2\/media\/2689223"}],"wp:attachment":[{"href":"https:\/\/www.pressenza.com\/it\/wp-json\/wp\/v2\/media?parent=2689222"}],"wp:term":[{"taxonomy":"category","embeddable":true,"href":"https:\/\/www.pressenza.com\/it\/wp-json\/wp\/v2\/categories?post=2689222"},{"taxonomy":"post_tag","embeddable":true,"href":"https:\/\/www.pressenza.com\/it\/wp-json\/wp\/v2\/tags?post=2689222"}],"curies":[{"name":"wp","href":"https:\/\/api.w.org\/{rel}","templated":true}]}}