{"id":2689086,"date":"2026-03-31T14:44:17","date_gmt":"2026-03-31T13:44:17","guid":{"rendered":"https:\/\/www.pressenza.com\/?p=2689086"},"modified":"2026-03-31T14:44:17","modified_gmt":"2026-03-31T13:44:17","slug":"la-guerra-non-puo-essere-umanizzata-deve-essere-cancellata","status":"publish","type":"post","link":"https:\/\/www.pressenza.com\/it\/2026\/03\/la-guerra-non-puo-essere-umanizzata-deve-essere-cancellata\/","title":{"rendered":"La guerra non pu\u00f2 essere umanizzata, deve essere cancellata"},"content":{"rendered":"<p><em>Leonardo Boff \u00e8 un presbitero, teologo e scrittore brasiliano. \u00c8 uno dei pi\u00f9 importanti esponenti della teologia della liberazione. Gianni Alioti ha tradotto dal portoghese questo suo testo inedito per l&#8217;Italia. Boff scrive per la rivista LIBERTA della ICL (<a href=\"https:\/\/www.revistaliberta.com.br\">https:\/\/www.revistaliberta.com.br<\/a>); ha anche scritto &#8220;Cuidar da Terra &#8211; Proteger a vida&#8221;, Record 2010 (<a href=\"https:\/\/www.leonardoboff.org\">https:\/\/www.leonardoboff.org<\/a>)<\/em> <\/p>\n<p>Leonardo Boff<\/p>\n<p>La frase nel titolo non \u00e8 mia, \u00e8 di Bertrand Russell e Albert Einstein nel loro manifesto del 9 luglio 1955 contro i pericoli della guerra nucleare e per la pace.<br \/>\nQuesto \u00e8 il grande anelito dell&#8217;umanit\u00e0, sempre frustrato e sempre di nuovo rinnovato.<br \/>\nQuesta utopia per la quale lottiamo affinch\u00e9 sia realizzabile, non potr\u00e0 mai essere abbandonata, perch\u00e9 sarebbe cinismo nei confronti delle vittime delle guerre e abbandono di ogni senso etico.<\/p>\n<p>Ogni guerra sacrifica migliaia e persino milioni di persone.<br \/>\nCome Caino che uccise suo fratello Abele.<\/p>\n<p>Max Born, premio Nobel per la fisica (1954), denunci\u00f2 la prevalenza delle uccisioni di civili nella guerra moderna.<br \/>\nNella Prima Guerra Mondiale, solo il 5% dei civili mor\u00ec, nella Seconda Guerra Mondiale il 50%, nelle guerre di Corea e del Vietnam l&#8217;85%.<br \/>\nE dati recenti hanno mostrato che, in Iraq e nell&#8217;ex Jugoslavia, il 98% delle vittime erano civili.<br \/>\nLo stesso sta accadendo nella guerra di Netanyahu contro i palestinesi nella Striscia di Gaza. Oltre 18 mila bambini che non avevano nulla a che fare con la guerra [contro Hamas] sono stati sacrificati.<\/p>\n<p>Non basta essere a favore della pace. Dobbiamo essere contro la guerra.<br \/>\nOgni guerra, di per s\u00e9, uccide la vita degli altri, dei nostri simili.<br \/>\nCaino non pu\u00f2 trionfare.<\/p>\n<p>Il fenomeno della guerra si presenta cos\u00ec complesso che nessuna risposta univoca lo spiega o \u00e8 sufficiente. Questo non ci esime dal riflettere sulla realt\u00e0 della guerra e sulle sue perverse conseguenze umane e materiali.<\/p>\n<p>Ad esempio, se un paese viene aggredito da un altro, cosa fare?<br \/>\nHa il diritto di difendersi con forze difensive?<br \/>\nC&#8217;\u00e8 proporzionalit\u00e0 in questo?<br \/>\nCome dovrebbero comportarsi i governanti dei popoli che assistono a un genocidio a cielo aperto, come nella Striscia di Gaza?<br \/>\nO di fronte alla pulizia etnica delle minoranze attuata nell&#8217;ex Jugoslavia, in Kosovo e in Bosnia da soldati assetati di sangue che hanno sistematicamente violato i diritti umani fondamentali.<br \/>\n\u00c8 lecito invocare il principio di non intervento negli affari interni di Stati sovrani e assistere, passivamente, a crimini contro l&#8217;umanit\u00e0? Qual \u00e8 il limite della sovranit\u00e0?<br \/>\n\u00c8 assoluta? \u00c8 al di sopra dell\u2019umano?<\/p>\n<p>Come reagire al fenomeno diffuso del terrorismo che, eventualmente, potrebbe ottenere l&#8217;accesso a materiali atomici, minacciare un&#8217;intera citt\u00e0, mettendola in ginocchio.<br \/>\nE nel caso l\u2019attacco nucleare fosse lanciato, renderebbe la vita impossibile all&#8217;intera citt\u00e0 a causa della radioattivit\u00e0.<br \/>\nContro a questo \u00e8 legittima una guerra preventiva?<\/p>\n<p>Sono domande etiche che, al giorno d\u2019oggi, occupano menti e cuori.<br \/>\nPer evitare la disperazione, dobbiamo pensare. <\/p>\n<p>In tutto il mondo, data la strategia dell&#8217;attuale presidente degli Stati Uniti, Donald Trump la pace, come ha affermato e sta attuando), si raggiunger\u00e0 non attraverso il dialogo, ma con la forza. Non sarebbe mai pace, ma una pacificazione forzata. <\/p>\n<p>\u00c8 un discorso ricorrente tra tutti i presidenti, incluso Barack Obama, che ha affermato che gli Stati Uniti hanno interessi globali e possono intervenire quando questi sono minacciati, anche usando la forza.<\/p>\n<p>Di fronte a questi problemi si presentano diverse opzioni.<\/p>\n<p>Un ampio gruppo sostiene la tesi: data la capacit\u00e0 devastante della guerra moderna con armi chimiche, biologiche e nucleari, che possono compromettere il futuro della specie e dell&#8217;intera biosfera, non esiste pi\u00f9 una guerra giusta (ius ad bellum).<br \/>\nLa vita e l&#8217;essere umano nelle sue varie forme sono al di sopra di tutto.<\/p>\n<p>Un altro gruppo afferma: pu\u00f2 esserci una guerra giusta, un &#8220;intervento umanitario&#8221;, ma limitato alla prevenzione dell&#8217;etnocidio e dei crimini contro l\u2019umanit\u00e0.<\/p>\n<p>Un altro gruppo, in rappresentanza dell&#8217;establishment globale, ribadisce: si deve riscattare la guerra giusta come autodifesa, come punizione dei paesi dell'&#8221;asse del male&#8221; e come prevenzione di attacchi con armi di distruzione di massa. <\/p>\n<p>Esprimiamo un giudizio etico su queste posizioni: nelle condizioni attuali, ogni guerra rappresenta un rischio estremamente elevato, poich\u00e9 disponiamo di una macchina di morte in grado di distruggere l&#8217;umanit\u00e0 e la biosfera.<br \/>\nLa guerra \u00e8 un mezzo ingiusto, in quanto globalmente letale.<\/p>\n<p>Da un punto di vista politico realistico, un &#8220;intervento umanitario&#8221; limitato \u00e8 teoricamente giustificabile, a due condizioni: non pu\u00f2 essere deciso da un singolo Paese, ma dalla comunit\u00e0 delle nazioni (ONU) e deve rispettare due principi fondamentali (ius in bello = i diritti nel corso della guerra): l&#8217;immunit\u00e0 della popolazione civile e l&#8217;adeguatezza dei mezzi (non possono causare pi\u00f9 danni che benefici).<\/p>\n<p>L&#8217;uso della forza come autodifesa non lo rende buono, ma lo si giustifica entro i limiti della rigorosa adeguatezza dei mezzi.<\/p>\n<p>La guerra punitiva, come quella contro l&#8217;Afghanistan e contro il sud del Libano, dove opera Hezbollah, si basa sulla vendetta e non \u00e8 difendibile.<br \/>\nAlimenta solo rabbia e risentimento, un brodo per futuri conflitti. <\/p>\n<p>La guerra preventiva contro l&#8217;Iraq, basata sul falso presupposto che possedesse armi di distruzione di massa, era illegittima perch\u00e9 basata su false analisi su quanto non ancora accaduto e che non sarebbe potuto accadere.<br \/>\nNessun diritto, di qualsiasi natura, le conferisce legittimit\u00e0 in quanto \u00e8 soggettiva e arbitraria.<\/p>\n<p>Tutto ci\u00f2 \u00e8 teoricamente valido, poich\u00e9 \u00e8 importante chiarire le posizioni.<br \/>\nNella pratica, tuttavia, \u00e8 stato dimostrato che tutte le guerre, anche quelle di &#8220;intervento umanitario&#8221;, non rispettano i due criteri: l&#8217;immunit\u00e0 della popolazione civile e l&#8217;adeguatezza dei mezzi. Non si fa distinzione tra combattenti e non combattenti.<\/p>\n<p>Per indebolire il nemico si distruggono le sue infrastrutture, con numerose morti innocenti e civili.<br \/>\nLe conseguenze della guerra durano anni, come nel caso dell&#8217;uranio impoverito, utilizzato dall&#8217;esercito nord-americano, che causa malattie letali all\u2019intero gruppo di persone esposte.<\/p>\n<p>La guerra non \u00e8 la soluzione a nessun problema.<br \/>\nDobbiamo cercare un nuovo paradigma, alla luce di San Francesco d&#8217;Assisi, Lev Tolstoj, di Gandhi e di Luther King Jr., se non vogliamo distruggerci: la pace come meta e come metodo.<br \/>\nSe vuoi la pace, preparati alla pace.<\/p>\n","protected":false},"excerpt":{"rendered":"<p>Leonardo Boff \u00e8 un presbitero, teologo e scrittore brasiliano. \u00c8 uno dei pi\u00f9 importanti esponenti della teologia della liberazione. Gianni Alioti ha tradotto dal portoghese questo suo testo inedito per l&#8217;Italia. Boff scrive per la rivista LIBERTA della ICL (https:\/\/www.revistaliberta.com.br);&hellip;<\/p>\n","protected":false},"author":594,"featured_media":2689091,"comment_status":"closed","ping_status":"closed","sticky":false,"template":"","format":"standard","meta":{"footnotes":""},"categories":[59,1262,1263,57],"tags":[154520],"class_list":["post-2689086","post","type-post","status-publish","format-standard","has-post-thumbnail","hentry","category-ambiente-ecologia","category-nonviolenza-argomento","category-pace-disarmo","category-affari-esteri","tag-boff"],"yoast_head":"<!-- This site is optimized with the Yoast SEO plugin v27.1.1 - https:\/\/yoast.com\/product\/yoast-seo-wordpress\/ -->\n<title>La guerra non pu\u00f2 essere umanizzata, deve essere cancellata<\/title>\n<meta name=\"description\" content=\"Leonardo Boff \u00e8 un presbitero, teologo e scrittore brasiliano. \u00c8 uno dei pi\u00f9 importanti esponenti della teologia della liberazione. Gianni Alioti ha\" \/>\n<meta name=\"robots\" content=\"index, follow, max-snippet:-1, max-image-preview:large, max-video-preview:-1\" \/>\n<link rel=\"canonical\" href=\"https:\/\/www.pressenza.com\/it\/2026\/03\/la-guerra-non-puo-essere-umanizzata-deve-essere-cancellata\/\" \/>\n<meta property=\"og:locale\" content=\"it_IT\" \/>\n<meta property=\"og:type\" content=\"article\" \/>\n<meta property=\"og:title\" content=\"La guerra non pu\u00f2 essere umanizzata, deve essere cancellata\" \/>\n<meta property=\"og:description\" content=\"Leonardo Boff \u00e8 un presbitero, teologo e scrittore brasiliano. \u00c8 uno dei pi\u00f9 importanti esponenti della teologia della liberazione. Gianni Alioti ha\" \/>\n<meta property=\"og:url\" content=\"https:\/\/www.pressenza.com\/it\/2026\/03\/la-guerra-non-puo-essere-umanizzata-deve-essere-cancellata\/\" \/>\n<meta property=\"og:site_name\" content=\"Pressenza\" \/>\n<meta property=\"article:publisher\" content=\"https:\/\/www.facebook.com\/PressenzaItalia\" \/>\n<meta property=\"article:author\" content=\"https:\/\/www.facebook.com\/PressenzaItalia\" \/>\n<meta property=\"article:published_time\" content=\"2026-03-31T13:44:17+00:00\" \/>\n<meta property=\"og:image\" content=\"https:\/\/www.pressenza.com\/wp-content\/uploads\/2026\/03\/boff.webp\" \/>\n\t<meta property=\"og:image:width\" content=\"420\" \/>\n\t<meta property=\"og:image:height\" content=\"242\" \/>\n\t<meta property=\"og:image:type\" content=\"image\/webp\" \/>\n<meta name=\"author\" content=\"Redazione Italia\" \/>\n<meta name=\"twitter:card\" content=\"summary_large_image\" \/>\n<meta name=\"twitter:creator\" content=\"@pressenza_it\" \/>\n<meta name=\"twitter:site\" content=\"@PressenzaIPA\" \/>\n<meta name=\"twitter:label1\" content=\"Scritto da\" \/>\n\t<meta name=\"twitter:data1\" content=\"Redazione Italia\" \/>\n\t<meta name=\"twitter:label2\" content=\"Tempo di lettura stimato\" \/>\n\t<meta name=\"twitter:data2\" content=\"1 minuto\" \/>\n<script type=\"application\/ld+json\" class=\"yoast-schema-graph\">{\"@context\":\"https:\/\/schema.org\",\"@graph\":[{\"@type\":\"Article\",\"@id\":\"https:\/\/www.pressenza.com\/it\/2026\/03\/la-guerra-non-puo-essere-umanizzata-deve-essere-cancellata\/#article\",\"isPartOf\":{\"@id\":\"https:\/\/www.pressenza.com\/it\/2026\/03\/la-guerra-non-puo-essere-umanizzata-deve-essere-cancellata\/\"},\"author\":{\"name\":\"Redazione Italia\",\"@id\":\"https:\/\/www.pressenza.com\/it\/#\/schema\/person\/d983e81827ae24f2c7b1a2123d197f8d\"},\"headline\":\"La guerra non pu\u00f2 essere umanizzata, deve essere cancellata\",\"datePublished\":\"2026-03-31T13:44:17+00:00\",\"mainEntityOfPage\":{\"@id\":\"https:\/\/www.pressenza.com\/it\/2026\/03\/la-guerra-non-puo-essere-umanizzata-deve-essere-cancellata\/\"},\"wordCount\":1018,\"publisher\":{\"@id\":\"https:\/\/www.pressenza.com\/it\/#organization\"},\"image\":{\"@id\":\"https:\/\/www.pressenza.com\/it\/2026\/03\/la-guerra-non-puo-essere-umanizzata-deve-essere-cancellata\/#primaryimage\"},\"thumbnailUrl\":\"https:\/\/www.pressenza.com\/wp-content\/uploads\/2026\/03\/boff.webp\",\"keywords\":[\"boff\"],\"articleSection\":[\"Ecologia ed Ambiente\",\"Nonviolenza\",\"Pace e Disarmo\",\"Questioni internazionali\"],\"inLanguage\":\"it-IT\"},{\"@type\":\"WebPage\",\"@id\":\"https:\/\/www.pressenza.com\/it\/2026\/03\/la-guerra-non-puo-essere-umanizzata-deve-essere-cancellata\/\",\"url\":\"https:\/\/www.pressenza.com\/it\/2026\/03\/la-guerra-non-puo-essere-umanizzata-deve-essere-cancellata\/\",\"name\":\"La guerra non pu\u00f2 essere umanizzata, deve essere cancellata\",\"isPartOf\":{\"@id\":\"https:\/\/www.pressenza.com\/it\/#website\"},\"primaryImageOfPage\":{\"@id\":\"https:\/\/www.pressenza.com\/it\/2026\/03\/la-guerra-non-puo-essere-umanizzata-deve-essere-cancellata\/#primaryimage\"},\"image\":{\"@id\":\"https:\/\/www.pressenza.com\/it\/2026\/03\/la-guerra-non-puo-essere-umanizzata-deve-essere-cancellata\/#primaryimage\"},\"thumbnailUrl\":\"https:\/\/www.pressenza.com\/wp-content\/uploads\/2026\/03\/boff.webp\",\"datePublished\":\"2026-03-31T13:44:17+00:00\",\"description\":\"Leonardo Boff \u00e8 un presbitero, teologo e scrittore brasiliano. \u00c8 uno dei pi\u00f9 importanti esponenti della teologia della liberazione. Gianni Alioti ha\",\"breadcrumb\":{\"@id\":\"https:\/\/www.pressenza.com\/it\/2026\/03\/la-guerra-non-puo-essere-umanizzata-deve-essere-cancellata\/#breadcrumb\"},\"inLanguage\":\"it-IT\",\"potentialAction\":[{\"@type\":\"ReadAction\",\"target\":[\"https:\/\/www.pressenza.com\/it\/2026\/03\/la-guerra-non-puo-essere-umanizzata-deve-essere-cancellata\/\"]}]},{\"@type\":\"ImageObject\",\"inLanguage\":\"it-IT\",\"@id\":\"https:\/\/www.pressenza.com\/it\/2026\/03\/la-guerra-non-puo-essere-umanizzata-deve-essere-cancellata\/#primaryimage\",\"url\":\"https:\/\/www.pressenza.com\/wp-content\/uploads\/2026\/03\/boff.webp\",\"contentUrl\":\"https:\/\/www.pressenza.com\/wp-content\/uploads\/2026\/03\/boff.webp\",\"width\":420,\"height\":242},{\"@type\":\"BreadcrumbList\",\"@id\":\"https:\/\/www.pressenza.com\/it\/2026\/03\/la-guerra-non-puo-essere-umanizzata-deve-essere-cancellata\/#breadcrumb\",\"itemListElement\":[{\"@type\":\"ListItem\",\"position\":1,\"name\":\"Accueil\",\"item\":\"https:\/\/www.pressenza.com\/it\/\"},{\"@type\":\"ListItem\",\"position\":2,\"name\":\"La guerra non pu\u00f2 essere umanizzata, deve essere cancellata\"}]},{\"@type\":\"WebSite\",\"@id\":\"https:\/\/www.pressenza.com\/it\/#website\",\"url\":\"https:\/\/www.pressenza.com\/it\/\",\"name\":\"Pressenza\",\"description\":\"Agenzia di Stampa Internazionale\",\"publisher\":{\"@id\":\"https:\/\/www.pressenza.com\/it\/#organization\"},\"potentialAction\":[{\"@type\":\"SearchAction\",\"target\":{\"@type\":\"EntryPoint\",\"urlTemplate\":\"https:\/\/www.pressenza.com\/it\/?s={search_term_string}\"},\"query-input\":{\"@type\":\"PropertyValueSpecification\",\"valueRequired\":true,\"valueName\":\"search_term_string\"}}],\"inLanguage\":\"it-IT\"},{\"@type\":\"Organization\",\"@id\":\"https:\/\/www.pressenza.com\/it\/#organization\",\"name\":\"Pressenza\",\"url\":\"https:\/\/www.pressenza.com\/it\/\",\"logo\":{\"@type\":\"ImageObject\",\"inLanguage\":\"it-IT\",\"@id\":\"https:\/\/www.pressenza.com\/it\/#\/schema\/logo\/image\/\",\"url\":\"https:\/\/www.pressenza.com\/wp-content\/uploads\/2022\/10\/pressenza_logo_200x200.jpg\",\"contentUrl\":\"https:\/\/www.pressenza.com\/wp-content\/uploads\/2022\/10\/pressenza_logo_200x200.jpg\",\"width\":200,\"height\":200,\"caption\":\"Pressenza\"},\"image\":{\"@id\":\"https:\/\/www.pressenza.com\/it\/#\/schema\/logo\/image\/\"},\"sameAs\":[\"https:\/\/www.facebook.com\/PressenzaItalia\",\"https:\/\/x.com\/PressenzaIPA\"]},{\"@type\":\"Person\",\"@id\":\"https:\/\/www.pressenza.com\/it\/#\/schema\/person\/d983e81827ae24f2c7b1a2123d197f8d\",\"name\":\"Redazione Italia\",\"description\":\"News from the Pressenza Bureau in Italy\",\"sameAs\":[\"https:\/\/www.pressenza.com\/it\/author\/redazione-italia\/\",\"https:\/\/www.facebook.com\/PressenzaItalia\",\"https:\/\/www.instagram.com\/pressenza_italia\/\",\"https:\/\/x.com\/pressenza_it\",\"https:\/\/www.youtube.com\/channel\/UCSalEIWjE1RSxkwjfftFuqg\"],\"url\":\"https:\/\/www.pressenza.com\/it\/author\/redazione-italia\/\"}]}<\/script>\n<!-- \/ Yoast SEO plugin. -->","yoast_head_json":{"title":"La guerra non pu\u00f2 essere umanizzata, deve essere cancellata","description":"Leonardo Boff \u00e8 un presbitero, teologo e scrittore brasiliano. \u00c8 uno dei pi\u00f9 importanti esponenti della teologia della liberazione. Gianni Alioti ha","robots":{"index":"index","follow":"follow","max-snippet":"max-snippet:-1","max-image-preview":"max-image-preview:large","max-video-preview":"max-video-preview:-1"},"canonical":"https:\/\/www.pressenza.com\/it\/2026\/03\/la-guerra-non-puo-essere-umanizzata-deve-essere-cancellata\/","og_locale":"it_IT","og_type":"article","og_title":"La guerra non pu\u00f2 essere umanizzata, deve essere cancellata","og_description":"Leonardo Boff \u00e8 un presbitero, teologo e scrittore brasiliano. \u00c8 uno dei pi\u00f9 importanti esponenti della teologia della liberazione. Gianni Alioti ha","og_url":"https:\/\/www.pressenza.com\/it\/2026\/03\/la-guerra-non-puo-essere-umanizzata-deve-essere-cancellata\/","og_site_name":"Pressenza","article_publisher":"https:\/\/www.facebook.com\/PressenzaItalia","article_author":"https:\/\/www.facebook.com\/PressenzaItalia","article_published_time":"2026-03-31T13:44:17+00:00","og_image":[{"width":420,"height":242,"url":"https:\/\/www.pressenza.com\/wp-content\/uploads\/2026\/03\/boff.webp","type":"image\/webp"}],"author":"Redazione Italia","twitter_card":"summary_large_image","twitter_creator":"@pressenza_it","twitter_site":"@PressenzaIPA","twitter_misc":{"Scritto da":"Redazione Italia","Tempo di lettura stimato":"1 minuto"},"schema":{"@context":"https:\/\/schema.org","@graph":[{"@type":"Article","@id":"https:\/\/www.pressenza.com\/it\/2026\/03\/la-guerra-non-puo-essere-umanizzata-deve-essere-cancellata\/#article","isPartOf":{"@id":"https:\/\/www.pressenza.com\/it\/2026\/03\/la-guerra-non-puo-essere-umanizzata-deve-essere-cancellata\/"},"author":{"name":"Redazione Italia","@id":"https:\/\/www.pressenza.com\/it\/#\/schema\/person\/d983e81827ae24f2c7b1a2123d197f8d"},"headline":"La guerra non pu\u00f2 essere umanizzata, deve essere cancellata","datePublished":"2026-03-31T13:44:17+00:00","mainEntityOfPage":{"@id":"https:\/\/www.pressenza.com\/it\/2026\/03\/la-guerra-non-puo-essere-umanizzata-deve-essere-cancellata\/"},"wordCount":1018,"publisher":{"@id":"https:\/\/www.pressenza.com\/it\/#organization"},"image":{"@id":"https:\/\/www.pressenza.com\/it\/2026\/03\/la-guerra-non-puo-essere-umanizzata-deve-essere-cancellata\/#primaryimage"},"thumbnailUrl":"https:\/\/www.pressenza.com\/wp-content\/uploads\/2026\/03\/boff.webp","keywords":["boff"],"articleSection":["Ecologia ed Ambiente","Nonviolenza","Pace e Disarmo","Questioni internazionali"],"inLanguage":"it-IT"},{"@type":"WebPage","@id":"https:\/\/www.pressenza.com\/it\/2026\/03\/la-guerra-non-puo-essere-umanizzata-deve-essere-cancellata\/","url":"https:\/\/www.pressenza.com\/it\/2026\/03\/la-guerra-non-puo-essere-umanizzata-deve-essere-cancellata\/","name":"La guerra non pu\u00f2 essere umanizzata, deve essere cancellata","isPartOf":{"@id":"https:\/\/www.pressenza.com\/it\/#website"},"primaryImageOfPage":{"@id":"https:\/\/www.pressenza.com\/it\/2026\/03\/la-guerra-non-puo-essere-umanizzata-deve-essere-cancellata\/#primaryimage"},"image":{"@id":"https:\/\/www.pressenza.com\/it\/2026\/03\/la-guerra-non-puo-essere-umanizzata-deve-essere-cancellata\/#primaryimage"},"thumbnailUrl":"https:\/\/www.pressenza.com\/wp-content\/uploads\/2026\/03\/boff.webp","datePublished":"2026-03-31T13:44:17+00:00","description":"Leonardo Boff \u00e8 un presbitero, teologo e scrittore brasiliano. \u00c8 uno dei pi\u00f9 importanti esponenti della teologia della liberazione. Gianni Alioti ha","breadcrumb":{"@id":"https:\/\/www.pressenza.com\/it\/2026\/03\/la-guerra-non-puo-essere-umanizzata-deve-essere-cancellata\/#breadcrumb"},"inLanguage":"it-IT","potentialAction":[{"@type":"ReadAction","target":["https:\/\/www.pressenza.com\/it\/2026\/03\/la-guerra-non-puo-essere-umanizzata-deve-essere-cancellata\/"]}]},{"@type":"ImageObject","inLanguage":"it-IT","@id":"https:\/\/www.pressenza.com\/it\/2026\/03\/la-guerra-non-puo-essere-umanizzata-deve-essere-cancellata\/#primaryimage","url":"https:\/\/www.pressenza.com\/wp-content\/uploads\/2026\/03\/boff.webp","contentUrl":"https:\/\/www.pressenza.com\/wp-content\/uploads\/2026\/03\/boff.webp","width":420,"height":242},{"@type":"BreadcrumbList","@id":"https:\/\/www.pressenza.com\/it\/2026\/03\/la-guerra-non-puo-essere-umanizzata-deve-essere-cancellata\/#breadcrumb","itemListElement":[{"@type":"ListItem","position":1,"name":"Accueil","item":"https:\/\/www.pressenza.com\/it\/"},{"@type":"ListItem","position":2,"name":"La guerra non pu\u00f2 essere umanizzata, deve essere cancellata"}]},{"@type":"WebSite","@id":"https:\/\/www.pressenza.com\/it\/#website","url":"https:\/\/www.pressenza.com\/it\/","name":"Pressenza","description":"Agenzia di Stampa Internazionale","publisher":{"@id":"https:\/\/www.pressenza.com\/it\/#organization"},"potentialAction":[{"@type":"SearchAction","target":{"@type":"EntryPoint","urlTemplate":"https:\/\/www.pressenza.com\/it\/?s={search_term_string}"},"query-input":{"@type":"PropertyValueSpecification","valueRequired":true,"valueName":"search_term_string"}}],"inLanguage":"it-IT"},{"@type":"Organization","@id":"https:\/\/www.pressenza.com\/it\/#organization","name":"Pressenza","url":"https:\/\/www.pressenza.com\/it\/","logo":{"@type":"ImageObject","inLanguage":"it-IT","@id":"https:\/\/www.pressenza.com\/it\/#\/schema\/logo\/image\/","url":"https:\/\/www.pressenza.com\/wp-content\/uploads\/2022\/10\/pressenza_logo_200x200.jpg","contentUrl":"https:\/\/www.pressenza.com\/wp-content\/uploads\/2022\/10\/pressenza_logo_200x200.jpg","width":200,"height":200,"caption":"Pressenza"},"image":{"@id":"https:\/\/www.pressenza.com\/it\/#\/schema\/logo\/image\/"},"sameAs":["https:\/\/www.facebook.com\/PressenzaItalia","https:\/\/x.com\/PressenzaIPA"]},{"@type":"Person","@id":"https:\/\/www.pressenza.com\/it\/#\/schema\/person\/d983e81827ae24f2c7b1a2123d197f8d","name":"Redazione Italia","description":"News from the Pressenza Bureau in Italy","sameAs":["https:\/\/www.pressenza.com\/it\/author\/redazione-italia\/","https:\/\/www.facebook.com\/PressenzaItalia","https:\/\/www.instagram.com\/pressenza_italia\/","https:\/\/x.com\/pressenza_it","https:\/\/www.youtube.com\/channel\/UCSalEIWjE1RSxkwjfftFuqg"],"url":"https:\/\/www.pressenza.com\/it\/author\/redazione-italia\/"}]}},"place":"","original_article_url":"","_links":{"self":[{"href":"https:\/\/www.pressenza.com\/it\/wp-json\/wp\/v2\/posts\/2689086","targetHints":{"allow":["GET"]}}],"collection":[{"href":"https:\/\/www.pressenza.com\/it\/wp-json\/wp\/v2\/posts"}],"about":[{"href":"https:\/\/www.pressenza.com\/it\/wp-json\/wp\/v2\/types\/post"}],"author":[{"embeddable":true,"href":"https:\/\/www.pressenza.com\/it\/wp-json\/wp\/v2\/users\/594"}],"replies":[{"embeddable":true,"href":"https:\/\/www.pressenza.com\/it\/wp-json\/wp\/v2\/comments?post=2689086"}],"version-history":[{"count":1,"href":"https:\/\/www.pressenza.com\/it\/wp-json\/wp\/v2\/posts\/2689086\/revisions"}],"predecessor-version":[{"id":2689092,"href":"https:\/\/www.pressenza.com\/it\/wp-json\/wp\/v2\/posts\/2689086\/revisions\/2689092"}],"wp:featuredmedia":[{"embeddable":true,"href":"https:\/\/www.pressenza.com\/it\/wp-json\/wp\/v2\/media\/2689091"}],"wp:attachment":[{"href":"https:\/\/www.pressenza.com\/it\/wp-json\/wp\/v2\/media?parent=2689086"}],"wp:term":[{"taxonomy":"category","embeddable":true,"href":"https:\/\/www.pressenza.com\/it\/wp-json\/wp\/v2\/categories?post=2689086"},{"taxonomy":"post_tag","embeddable":true,"href":"https:\/\/www.pressenza.com\/it\/wp-json\/wp\/v2\/tags?post=2689086"}],"curies":[{"name":"wp","href":"https:\/\/api.w.org\/{rel}","templated":true}]}}