{"id":2689010,"date":"2026-03-31T11:00:55","date_gmt":"2026-03-31T10:00:55","guid":{"rendered":"https:\/\/www.pressenza.com\/?p=2689010"},"modified":"2026-03-31T11:00:55","modified_gmt":"2026-03-31T10:00:55","slug":"assemblea-no-kings-usa","status":"publish","type":"post","link":"https:\/\/www.pressenza.com\/it\/2026\/03\/assemblea-no-kings-usa\/","title":{"rendered":"No Kings &#8211; USA : assemblea generale online"},"content":{"rendered":"<p>Dalle 8 pm EDT \/ 5 pm PST di oggi, in Italia nella notte tra marted\u00ec 31 marzo e mercoled\u00ec 1\u00b0 aprile, <em>leader<\/em> e attivisti del movimento No Kings statunitense confronteranno le rispettive esperienze e coordineranno le prossime iniziative.<\/p>\n<blockquote><p><em>On March 28, millions of us made it clear: we don&#8217;t do kings in America. Our <strong>nonviolent movement<\/strong> is only growing. At our <strong>March 31 Mass Call<\/strong>, you&#8217;ll hear from leaders and fellow local activists to celebrate this historic mobilization and dig into what comes next. Join us <\/em>(Il 28 marzo scorso in milioni abbiamo messo in chiaro un punto fondamentale: in America non tolleriamo i re. Il nostro <strong>movimento nonviolento<\/strong> \u00e8 in continua crescita. Alla nostra <strong>assemblea generale<\/strong> del <strong>31 marzo<\/strong>, ascolterete i leader e altri attivisti locali per celebrare questa storica mobilitazione e approfondire i prossimi passi. Unitevi a noi).<\/p><\/blockquote>\n<div id=\"attachment_2689018\" class=\"wp-caption aligncenter\"><a href=\"https:\/\/www.nokings.org\/\" target=\"_blank\" rel=\"https:\/\/www.nokings.org\/ noopener\"><img loading=\"lazy\" decoding=\"async\" aria-describedby=\"caption-attachment-2689018\" class=\"wp-image-2689018 size-full\" src=\"https:\/\/www.pressenza.com\/wp-content\/uploads\/2026\/03\/no-king-28-marzo.jpg\" alt=\"\" width=\"661\" height=\"378\" srcset=\"https:\/\/www.pressenza.com\/wp-content\/uploads\/2026\/03\/no-king-28-marzo.jpg 661w, https:\/\/www.pressenza.com\/wp-content\/uploads\/2026\/03\/no-king-28-marzo-300x172.jpg 300w\" sizes=\"auto, (max-width: 661px) 100vw, 661px\" \/><\/a><p id=\"caption-attachment-2689018\" class=\"wp-caption-text\">Le manifestazioni svolte il 28 marzo scorso negli USA e in tutto il mondo evidenziate nella mappa <em>online<\/em> sul sito <a href=\"https:\/\/www.nokings.org\/\" target=\"_blank\" rel=\"noopener\">nokings.org<\/a><\/p><\/div>\n<p>Al collegamento, attivato da ACLU \/ <em>American Civil Liberties Union<\/em> sulla piattaforma <em>mobilize.us<\/em>, si accede mediante la registrazione al modulo : <a href=\"https:\/\/www.mobilize.us\/nokings\/event\/922682\/\" target=\"_blank\" rel=\"noopener\">https:\/\/www.mobilize.us\/nokings\/event\/922682\/<\/a><\/p>\n<p>Nella stessa giornata, marted\u00ec 31 marzo, dalle 19 alle 20 EDT <em>Interfaith Alliance\u00a0<\/em>organizza un incontro interreligioso nazionale per &#8220;riflettere su quanto sta accadendo e trasformare questo momento in un movimento attraverso azioni concrete e continue&#8221; e &#8220;mobilitare i leader religiosi a livello nazionale per proteggere la democrazia attraverso l&#8217;azione nonviolenta&#8221;.<\/p>\n<p>E, per chi non ha potuto partecipare di persona alle iniziative del 28 marzo, No Kings USA mette a disposizione la registrazione della manifestazione al Campidoglio del Minnesota a cui, insieme agli attivisti nazionali e locali e al senatore Bernie Sanders, alla vicegovernatrice del Minnesota Peggy Flanagan e al procuratore generale del Minnesota Keith Ellison, sono intervenuti Joan Baez, Jane Fonda, Maggie Rogers, Bruce Springsteen e molti altri sostenitori del movimento.<\/p>\n<p><iframe loading=\"lazy\" title=\"No Kings Flagship Rally: MN State Capitol\" width=\"500\" height=\"281\" src=\"https:\/\/www.youtube.com\/embed\/KKnRODQDuTo?feature=oembed\" frameborder=\"0\" allow=\"accelerometer; autoplay; clipboard-write; encrypted-media; gyroscope; picture-in-picture; web-share\" referrerpolicy=\"strict-origin-when-cross-origin\" allowfullscreen><\/iframe><\/p>\n","protected":false},"excerpt":{"rendered":"<p>Dalle 8 pm EDT \/ 5 pm PST di oggi, in Italia nella notte tra marted\u00ec 31 marzo e mercoled\u00ec 1\u00b0 aprile, leader e attivisti del movimento No Kings statunitense confronteranno le rispettive esperienze e coordineranno le prossime iniziative. On&hellip;<\/p>\n","protected":false},"author":594,"featured_media":2689011,"comment_status":"closed","ping_status":"closed","sticky":false,"template":"","format":"standard","meta":{"footnotes":""},"categories":[11388,60],"tags":[92941,154176,145260,139905],"class_list":["post-2689010","post","type-post","status-publish","format-standard","has-post-thumbnail","hentry","category-contenuti-originali","category-diritti-umani","tag-azioni-dirette-nonviolente","tag-manifestazione-28-marzo","tag-movimento-no-kings","tag-nonviolenza-it"],"yoast_head":"<!-- This site is optimized with the Yoast SEO plugin v27.1.1 - https:\/\/yoast.com\/product\/yoast-seo-wordpress\/ -->\n<title>No Kings - USA : assemblea generale online<\/title>\n<meta name=\"description\" content=\"Dalle 8 pm EDT \/ 5 pm PST di oggi, in Italia nella notte tra marted\u00ec 31 marzo e mercoled\u00ec 1\u00b0 aprile, leader e attivisti del movimento No Kings Dalle 8 pm EDT \/ 5 pm PST di oggi, marted\u00ec 31 marzo - in Italia nella notte tra marted\u00ec 31 marzo e mercoled\u00ec 1\u00b0 aprile - leader e attivisti del movimento No Kings statunitense confronteranno le rispettive esperienze e coordineranno le prossime iniziative.\" \/>\n<meta name=\"robots\" content=\"index, follow, max-snippet:-1, max-image-preview:large, max-video-preview:-1\" \/>\n<link rel=\"canonical\" href=\"https:\/\/www.pressenza.com\/it\/2026\/03\/assemblea-no-kings-usa\/\" \/>\n<meta property=\"og:locale\" content=\"it_IT\" \/>\n<meta property=\"og:type\" content=\"article\" \/>\n<meta property=\"og:title\" content=\"No Kings - USA : assemblea generale online\" \/>\n<meta property=\"og:description\" content=\"Dalle 8 pm EDT \/ 5 pm PST di oggi, in Italia nella notte tra marted\u00ec 31 marzo e mercoled\u00ec 1\u00b0 aprile, leader e attivisti del movimento No Kings Dalle 8 pm EDT \/ 5 pm PST di oggi, marted\u00ec 31 marzo - in Italia nella notte tra marted\u00ec 31 marzo e mercoled\u00ec 1\u00b0 aprile - leader e attivisti del movimento No Kings statunitense confronteranno le rispettive esperienze e coordineranno le prossime iniziative.\" \/>\n<meta property=\"og:url\" content=\"https:\/\/www.pressenza.com\/it\/2026\/03\/assemblea-no-kings-usa\/\" \/>\n<meta property=\"og:site_name\" content=\"Pressenza\" \/>\n<meta property=\"article:publisher\" content=\"https:\/\/www.facebook.com\/PressenzaItalia\" \/>\n<meta property=\"article:author\" content=\"https:\/\/www.facebook.com\/PressenzaItalia\" \/>\n<meta property=\"article:published_time\" content=\"2026-03-31T10:00:55+00:00\" \/>\n<meta property=\"og:image\" content=\"https:\/\/www.pressenza.com\/wp-content\/uploads\/2026\/03\/no-king-USA-31-marzo.png\" \/>\n\t<meta property=\"og:image:width\" content=\"1279\" \/>\n\t<meta property=\"og:image:height\" content=\"490\" \/>\n\t<meta property=\"og:image:type\" content=\"image\/png\" \/>\n<meta name=\"author\" content=\"Redazione Italia\" \/>\n<meta name=\"twitter:card\" content=\"summary_large_image\" \/>\n<meta name=\"twitter:creator\" content=\"@pressenza_it\" \/>\n<meta name=\"twitter:site\" content=\"@PressenzaIPA\" \/>\n<meta name=\"twitter:label1\" content=\"Scritto da\" \/>\n\t<meta name=\"twitter:data1\" content=\"Redazione Italia\" \/>\n\t<meta name=\"twitter:label2\" content=\"Tempo di lettura stimato\" \/>\n\t<meta name=\"twitter:data2\" content=\"2 minuti\" \/>\n<script type=\"application\/ld+json\" class=\"yoast-schema-graph\">{\"@context\":\"https:\/\/schema.org\",\"@graph\":[{\"@type\":\"Article\",\"@id\":\"https:\/\/www.pressenza.com\/it\/2026\/03\/assemblea-no-kings-usa\/#article\",\"isPartOf\":{\"@id\":\"https:\/\/www.pressenza.com\/it\/2026\/03\/assemblea-no-kings-usa\/\"},\"author\":{\"name\":\"Redazione Italia\",\"@id\":\"https:\/\/www.pressenza.com\/it\/#\/schema\/person\/d983e81827ae24f2c7b1a2123d197f8d\"},\"headline\":\"No Kings &#8211; USA : assemblea generale online\",\"datePublished\":\"2026-03-31T10:00:55+00:00\",\"mainEntityOfPage\":{\"@id\":\"https:\/\/www.pressenza.com\/it\/2026\/03\/assemblea-no-kings-usa\/\"},\"wordCount\":324,\"publisher\":{\"@id\":\"https:\/\/www.pressenza.com\/it\/#organization\"},\"image\":{\"@id\":\"https:\/\/www.pressenza.com\/it\/2026\/03\/assemblea-no-kings-usa\/#primaryimage\"},\"thumbnailUrl\":\"https:\/\/www.pressenza.com\/wp-content\/uploads\/2026\/03\/no-king-USA-31-marzo.png\",\"keywords\":[\"azioni dirette nonviolente\",\"manifestazione 28 marzo\",\"movimento No Kings\",\"nonviolenza\"],\"articleSection\":[\"contenuti originali\",\"Diritti Umani\"],\"inLanguage\":\"it-IT\"},{\"@type\":\"WebPage\",\"@id\":\"https:\/\/www.pressenza.com\/it\/2026\/03\/assemblea-no-kings-usa\/\",\"url\":\"https:\/\/www.pressenza.com\/it\/2026\/03\/assemblea-no-kings-usa\/\",\"name\":\"No Kings - USA : assemblea generale online\",\"isPartOf\":{\"@id\":\"https:\/\/www.pressenza.com\/it\/#website\"},\"primaryImageOfPage\":{\"@id\":\"https:\/\/www.pressenza.com\/it\/2026\/03\/assemblea-no-kings-usa\/#primaryimage\"},\"image\":{\"@id\":\"https:\/\/www.pressenza.com\/it\/2026\/03\/assemblea-no-kings-usa\/#primaryimage\"},\"thumbnailUrl\":\"https:\/\/www.pressenza.com\/wp-content\/uploads\/2026\/03\/no-king-USA-31-marzo.png\",\"datePublished\":\"2026-03-31T10:00:55+00:00\",\"description\":\"Dalle 8 pm EDT \/ 5 pm PST di oggi, in Italia nella notte tra marted\u00ec 31 marzo e mercoled\u00ec 1\u00b0 aprile, leader e attivisti del movimento No Kings Dalle 8 pm EDT \/ 5 pm PST di oggi, marted\u00ec 31 marzo - in Italia nella notte tra marted\u00ec 31 marzo e mercoled\u00ec 1\u00b0 aprile - leader e attivisti del movimento No Kings statunitense confronteranno le rispettive esperienze e coordineranno le prossime iniziative.\",\"breadcrumb\":{\"@id\":\"https:\/\/www.pressenza.com\/it\/2026\/03\/assemblea-no-kings-usa\/#breadcrumb\"},\"inLanguage\":\"it-IT\",\"potentialAction\":[{\"@type\":\"ReadAction\",\"target\":[\"https:\/\/www.pressenza.com\/it\/2026\/03\/assemblea-no-kings-usa\/\"]}]},{\"@type\":\"ImageObject\",\"inLanguage\":\"it-IT\",\"@id\":\"https:\/\/www.pressenza.com\/it\/2026\/03\/assemblea-no-kings-usa\/#primaryimage\",\"url\":\"https:\/\/www.pressenza.com\/wp-content\/uploads\/2026\/03\/no-king-USA-31-marzo.png\",\"contentUrl\":\"https:\/\/www.pressenza.com\/wp-content\/uploads\/2026\/03\/no-king-USA-31-marzo.png\",\"width\":1279,\"height\":490},{\"@type\":\"BreadcrumbList\",\"@id\":\"https:\/\/www.pressenza.com\/it\/2026\/03\/assemblea-no-kings-usa\/#breadcrumb\",\"itemListElement\":[{\"@type\":\"ListItem\",\"position\":1,\"name\":\"Accueil\",\"item\":\"https:\/\/www.pressenza.com\/it\/\"},{\"@type\":\"ListItem\",\"position\":2,\"name\":\"No Kings &#8211; USA : assemblea generale online\"}]},{\"@type\":\"WebSite\",\"@id\":\"https:\/\/www.pressenza.com\/it\/#website\",\"url\":\"https:\/\/www.pressenza.com\/it\/\",\"name\":\"Pressenza\",\"description\":\"Agenzia di Stampa Internazionale\",\"publisher\":{\"@id\":\"https:\/\/www.pressenza.com\/it\/#organization\"},\"potentialAction\":[{\"@type\":\"SearchAction\",\"target\":{\"@type\":\"EntryPoint\",\"urlTemplate\":\"https:\/\/www.pressenza.com\/it\/?s={search_term_string}\"},\"query-input\":{\"@type\":\"PropertyValueSpecification\",\"valueRequired\":true,\"valueName\":\"search_term_string\"}}],\"inLanguage\":\"it-IT\"},{\"@type\":\"Organization\",\"@id\":\"https:\/\/www.pressenza.com\/it\/#organization\",\"name\":\"Pressenza\",\"url\":\"https:\/\/www.pressenza.com\/it\/\",\"logo\":{\"@type\":\"ImageObject\",\"inLanguage\":\"it-IT\",\"@id\":\"https:\/\/www.pressenza.com\/it\/#\/schema\/logo\/image\/\",\"url\":\"https:\/\/www.pressenza.com\/wp-content\/uploads\/2022\/10\/pressenza_logo_200x200.jpg\",\"contentUrl\":\"https:\/\/www.pressenza.com\/wp-content\/uploads\/2022\/10\/pressenza_logo_200x200.jpg\",\"width\":200,\"height\":200,\"caption\":\"Pressenza\"},\"image\":{\"@id\":\"https:\/\/www.pressenza.com\/it\/#\/schema\/logo\/image\/\"},\"sameAs\":[\"https:\/\/www.facebook.com\/PressenzaItalia\",\"https:\/\/x.com\/PressenzaIPA\"]},{\"@type\":\"Person\",\"@id\":\"https:\/\/www.pressenza.com\/it\/#\/schema\/person\/d983e81827ae24f2c7b1a2123d197f8d\",\"name\":\"Redazione Italia\",\"description\":\"News from the Pressenza Bureau in Italy\",\"sameAs\":[\"https:\/\/www.pressenza.com\/it\/author\/redazione-italia\/\",\"https:\/\/www.facebook.com\/PressenzaItalia\",\"https:\/\/www.instagram.com\/pressenza_italia\/\",\"https:\/\/x.com\/pressenza_it\",\"https:\/\/www.youtube.com\/channel\/UCSalEIWjE1RSxkwjfftFuqg\"],\"url\":\"https:\/\/www.pressenza.com\/it\/author\/redazione-italia\/\"}]}<\/script>\n<!-- \/ Yoast SEO plugin. -->","yoast_head_json":{"title":"No Kings - USA : assemblea generale online","description":"Dalle 8 pm EDT \/ 5 pm PST di oggi, in Italia nella notte tra marted\u00ec 31 marzo e mercoled\u00ec 1\u00b0 aprile, leader e attivisti del movimento No Kings Dalle 8 pm EDT \/ 5 pm PST di oggi, marted\u00ec 31 marzo - in Italia nella notte tra marted\u00ec 31 marzo e mercoled\u00ec 1\u00b0 aprile - leader e attivisti del movimento No Kings statunitense confronteranno le rispettive esperienze e coordineranno le prossime iniziative.","robots":{"index":"index","follow":"follow","max-snippet":"max-snippet:-1","max-image-preview":"max-image-preview:large","max-video-preview":"max-video-preview:-1"},"canonical":"https:\/\/www.pressenza.com\/it\/2026\/03\/assemblea-no-kings-usa\/","og_locale":"it_IT","og_type":"article","og_title":"No Kings - USA : assemblea generale online","og_description":"Dalle 8 pm EDT \/ 5 pm PST di oggi, in Italia nella notte tra marted\u00ec 31 marzo e mercoled\u00ec 1\u00b0 aprile, leader e attivisti del movimento No Kings Dalle 8 pm EDT \/ 5 pm PST di oggi, marted\u00ec 31 marzo - in Italia nella notte tra marted\u00ec 31 marzo e mercoled\u00ec 1\u00b0 aprile - leader e attivisti del movimento No Kings statunitense confronteranno le rispettive esperienze e coordineranno le prossime iniziative.","og_url":"https:\/\/www.pressenza.com\/it\/2026\/03\/assemblea-no-kings-usa\/","og_site_name":"Pressenza","article_publisher":"https:\/\/www.facebook.com\/PressenzaItalia","article_author":"https:\/\/www.facebook.com\/PressenzaItalia","article_published_time":"2026-03-31T10:00:55+00:00","og_image":[{"width":1279,"height":490,"url":"https:\/\/www.pressenza.com\/wp-content\/uploads\/2026\/03\/no-king-USA-31-marzo.png","type":"image\/png"}],"author":"Redazione Italia","twitter_card":"summary_large_image","twitter_creator":"@pressenza_it","twitter_site":"@PressenzaIPA","twitter_misc":{"Scritto da":"Redazione Italia","Tempo di lettura stimato":"2 minuti"},"schema":{"@context":"https:\/\/schema.org","@graph":[{"@type":"Article","@id":"https:\/\/www.pressenza.com\/it\/2026\/03\/assemblea-no-kings-usa\/#article","isPartOf":{"@id":"https:\/\/www.pressenza.com\/it\/2026\/03\/assemblea-no-kings-usa\/"},"author":{"name":"Redazione Italia","@id":"https:\/\/www.pressenza.com\/it\/#\/schema\/person\/d983e81827ae24f2c7b1a2123d197f8d"},"headline":"No Kings &#8211; USA : assemblea generale online","datePublished":"2026-03-31T10:00:55+00:00","mainEntityOfPage":{"@id":"https:\/\/www.pressenza.com\/it\/2026\/03\/assemblea-no-kings-usa\/"},"wordCount":324,"publisher":{"@id":"https:\/\/www.pressenza.com\/it\/#organization"},"image":{"@id":"https:\/\/www.pressenza.com\/it\/2026\/03\/assemblea-no-kings-usa\/#primaryimage"},"thumbnailUrl":"https:\/\/www.pressenza.com\/wp-content\/uploads\/2026\/03\/no-king-USA-31-marzo.png","keywords":["azioni dirette nonviolente","manifestazione 28 marzo","movimento No Kings","nonviolenza"],"articleSection":["contenuti originali","Diritti Umani"],"inLanguage":"it-IT"},{"@type":"WebPage","@id":"https:\/\/www.pressenza.com\/it\/2026\/03\/assemblea-no-kings-usa\/","url":"https:\/\/www.pressenza.com\/it\/2026\/03\/assemblea-no-kings-usa\/","name":"No Kings - USA : assemblea generale online","isPartOf":{"@id":"https:\/\/www.pressenza.com\/it\/#website"},"primaryImageOfPage":{"@id":"https:\/\/www.pressenza.com\/it\/2026\/03\/assemblea-no-kings-usa\/#primaryimage"},"image":{"@id":"https:\/\/www.pressenza.com\/it\/2026\/03\/assemblea-no-kings-usa\/#primaryimage"},"thumbnailUrl":"https:\/\/www.pressenza.com\/wp-content\/uploads\/2026\/03\/no-king-USA-31-marzo.png","datePublished":"2026-03-31T10:00:55+00:00","description":"Dalle 8 pm EDT \/ 5 pm PST di oggi, in Italia nella notte tra marted\u00ec 31 marzo e mercoled\u00ec 1\u00b0 aprile, leader e attivisti del movimento No Kings Dalle 8 pm EDT \/ 5 pm PST di oggi, marted\u00ec 31 marzo - in Italia nella notte tra marted\u00ec 31 marzo e mercoled\u00ec 1\u00b0 aprile - leader e attivisti del movimento No Kings statunitense confronteranno le rispettive esperienze e coordineranno le prossime iniziative.","breadcrumb":{"@id":"https:\/\/www.pressenza.com\/it\/2026\/03\/assemblea-no-kings-usa\/#breadcrumb"},"inLanguage":"it-IT","potentialAction":[{"@type":"ReadAction","target":["https:\/\/www.pressenza.com\/it\/2026\/03\/assemblea-no-kings-usa\/"]}]},{"@type":"ImageObject","inLanguage":"it-IT","@id":"https:\/\/www.pressenza.com\/it\/2026\/03\/assemblea-no-kings-usa\/#primaryimage","url":"https:\/\/www.pressenza.com\/wp-content\/uploads\/2026\/03\/no-king-USA-31-marzo.png","contentUrl":"https:\/\/www.pressenza.com\/wp-content\/uploads\/2026\/03\/no-king-USA-31-marzo.png","width":1279,"height":490},{"@type":"BreadcrumbList","@id":"https:\/\/www.pressenza.com\/it\/2026\/03\/assemblea-no-kings-usa\/#breadcrumb","itemListElement":[{"@type":"ListItem","position":1,"name":"Accueil","item":"https:\/\/www.pressenza.com\/it\/"},{"@type":"ListItem","position":2,"name":"No Kings &#8211; USA : assemblea generale online"}]},{"@type":"WebSite","@id":"https:\/\/www.pressenza.com\/it\/#website","url":"https:\/\/www.pressenza.com\/it\/","name":"Pressenza","description":"Agenzia di Stampa Internazionale","publisher":{"@id":"https:\/\/www.pressenza.com\/it\/#organization"},"potentialAction":[{"@type":"SearchAction","target":{"@type":"EntryPoint","urlTemplate":"https:\/\/www.pressenza.com\/it\/?s={search_term_string}"},"query-input":{"@type":"PropertyValueSpecification","valueRequired":true,"valueName":"search_term_string"}}],"inLanguage":"it-IT"},{"@type":"Organization","@id":"https:\/\/www.pressenza.com\/it\/#organization","name":"Pressenza","url":"https:\/\/www.pressenza.com\/it\/","logo":{"@type":"ImageObject","inLanguage":"it-IT","@id":"https:\/\/www.pressenza.com\/it\/#\/schema\/logo\/image\/","url":"https:\/\/www.pressenza.com\/wp-content\/uploads\/2022\/10\/pressenza_logo_200x200.jpg","contentUrl":"https:\/\/www.pressenza.com\/wp-content\/uploads\/2022\/10\/pressenza_logo_200x200.jpg","width":200,"height":200,"caption":"Pressenza"},"image":{"@id":"https:\/\/www.pressenza.com\/it\/#\/schema\/logo\/image\/"},"sameAs":["https:\/\/www.facebook.com\/PressenzaItalia","https:\/\/x.com\/PressenzaIPA"]},{"@type":"Person","@id":"https:\/\/www.pressenza.com\/it\/#\/schema\/person\/d983e81827ae24f2c7b1a2123d197f8d","name":"Redazione Italia","description":"News from the Pressenza Bureau in Italy","sameAs":["https:\/\/www.pressenza.com\/it\/author\/redazione-italia\/","https:\/\/www.facebook.com\/PressenzaItalia","https:\/\/www.instagram.com\/pressenza_italia\/","https:\/\/x.com\/pressenza_it","https:\/\/www.youtube.com\/channel\/UCSalEIWjE1RSxkwjfftFuqg"],"url":"https:\/\/www.pressenza.com\/it\/author\/redazione-italia\/"}]}},"place":"Maddalena Brunasti","original_article_url":"https:\/\/www.mobilize.us\/nokings\/event\/922682\/","_links":{"self":[{"href":"https:\/\/www.pressenza.com\/it\/wp-json\/wp\/v2\/posts\/2689010","targetHints":{"allow":["GET"]}}],"collection":[{"href":"https:\/\/www.pressenza.com\/it\/wp-json\/wp\/v2\/posts"}],"about":[{"href":"https:\/\/www.pressenza.com\/it\/wp-json\/wp\/v2\/types\/post"}],"author":[{"embeddable":true,"href":"https:\/\/www.pressenza.com\/it\/wp-json\/wp\/v2\/users\/594"}],"replies":[{"embeddable":true,"href":"https:\/\/www.pressenza.com\/it\/wp-json\/wp\/v2\/comments?post=2689010"}],"version-history":[{"count":3,"href":"https:\/\/www.pressenza.com\/it\/wp-json\/wp\/v2\/posts\/2689010\/revisions"}],"predecessor-version":[{"id":2689025,"href":"https:\/\/www.pressenza.com\/it\/wp-json\/wp\/v2\/posts\/2689010\/revisions\/2689025"}],"wp:featuredmedia":[{"embeddable":true,"href":"https:\/\/www.pressenza.com\/it\/wp-json\/wp\/v2\/media\/2689011"}],"wp:attachment":[{"href":"https:\/\/www.pressenza.com\/it\/wp-json\/wp\/v2\/media?parent=2689010"}],"wp:term":[{"taxonomy":"category","embeddable":true,"href":"https:\/\/www.pressenza.com\/it\/wp-json\/wp\/v2\/categories?post=2689010"},{"taxonomy":"post_tag","embeddable":true,"href":"https:\/\/www.pressenza.com\/it\/wp-json\/wp\/v2\/tags?post=2689010"}],"curies":[{"name":"wp","href":"https:\/\/api.w.org\/{rel}","templated":true}]}}