{"id":2688371,"date":"2026-03-29T09:37:35","date_gmt":"2026-03-29T08:37:35","guid":{"rendered":"https:\/\/www.pressenza.com\/?p=2688371"},"modified":"2026-03-29T09:38:45","modified_gmt":"2026-03-29T08:38:45","slug":"la-giornata-internazionale-dei-rifiuti-zero-questanno-si-concentra-sullo-spreco-alimentare","status":"publish","type":"post","link":"https:\/\/www.pressenza.com\/it\/2026\/03\/la-giornata-internazionale-dei-rifiuti-zero-questanno-si-concentra-sullo-spreco-alimentare\/","title":{"rendered":"La Giornata internazionale dei rifiuti zero quest&#8217;anno si concentra sullo spreco alimentare"},"content":{"rendered":"<p>Domani, 30 marzo, si celebra <strong>la Giornata internazionale dei rifiuti zero<\/strong>, promossa congiuntamente dal <strong>Programma delle Nazioni Unite per l&#8217;ambiente<\/strong> (UNEP) e dal <strong>Programma delle Nazioni Unite per gli insediamenti umani<\/strong> (UN-Habitat), con l\u2019obiettivo di sottolineare l&#8217;importanza di rafforzare la gestione dei rifiuti a livello globale e la necessit\u00e0 di promuovere modelli di consumo e produzione sostenibili per affrontare la crisi dell&#8217;inquinamento da rifiuti.<\/p>\n<p>Ogni anno, l&#8217;umanit\u00e0 produce tra 2,1 e 2,3 miliardi di tonnellate di rifiuti solidi urbani e senza interventi urgenti, la produzione annuale dei rifiuti raggiunger\u00e0 i 3,8 miliardi di tonnellate entro il 2050. L&#8217;inquinamento da rifiuti minaccia la salute umana, costa all&#8217;economia globale centinaia di miliardi di dollari ogni anno e aggrava la triplice crisi planetaria: la crisi del cambiamento climatico, la crisi della natura, della perdita di territorio e biodiversit\u00e0 e la crisi dell&#8217;inquinamento e dei rifiuti.<\/p>\n<p><strong>La giornata di quest&#8217;anno si concentra sullo spreco alimentare<\/strong>, per sensibilizzare come il mondo stia sprecando cibo a livelli allarmanti, compromettendo la sicurezza alimentare e rallentando i progressi verso un futuro a zero rifiuti e circolare. <strong>Solo nel 2022, sono state sprecate circa 1 miliardo di tonnellate di cibo<\/strong>, quasi un quinto di tutto il cibo disponibile per i consumatori. La perdita e lo spreco alimentare rappresentano una grave minaccia per il clima e l&#8217;ambiente, poich\u00e9 sono responsabili fino al 10% delle emissioni globali di gas serra (GHG), quasi cinque volte le emissioni del settore aeronautico e fino al 14% delle emissioni globali di metano.<\/p>\n<p><strong>In Italia lo spreco alimentare<\/strong>, pur se diminuito rispetto allo scorso anno (<em>\u00e8 sceso a gennaio 2026 di 63,9 grammi settimanali, da 617,9 grammi a 554, rispetto alla rilevazione effettuata nel febbraio 2025<\/em>), <strong>tocca<\/strong> &#8211; <em>secondo i dati del Rapporto dell\u2019<strong>Osservatorio Waste Watcher International <\/strong>diffuso il 3 febbraio scorso <\/em>&#8211; \u00a0<strong>cifre vertiginose<\/strong>: vale infatti oltre 13 miliardi e mezzo di euro, pari a oltre 5 milioni di tonnellate di cibo, 7 miliardi e 363 milioni solo nelle nostre case (nella distribuzione il costo dello spreco vale quasi 4 miliardi e nell\u2019industria oltre 862 milioni). Il nostro Paese, insomma, migliora anche se non abbastanza restando al di sopra della media europea.<\/p>\n<p><strong>Affrontare il problema dello spreco alimentare \u00e8 una delle soluzioni climatiche pi\u00f9 efficaci in termini di costi e facilmente attuabili<\/strong>, in linea con gli approcci &#8220;zero rifiuti&#8221; che privilegiano la prevenzione, l&#8217;efficienza delle risorse e il cambiamento sistemico. <strong>Governi e imprese devono adottare la filosofia &#8220;rifiuti zero&#8221; per superare la crisi dell&#8217;inquinamento da rifiuti<\/strong>. I governi possono promuovere la prevenzione dello spreco alimentare attraverso piani per il clima e la biodiversit\u00e0 e politiche nazionali in materia di economia circolare, rifiuti, sistemi alimentari, agricoltura e sviluppo urbano, mentre le imprese possono definire obiettivi misurabili di riduzione degli sprechi alimentari e integrali negli impegni di sostenibilit\u00e0 gi\u00e0 esistenti, innovare per passare a sistemi alimentari circolari e migliorare l&#8217;efficienza lungo le filiere di approvvigionamento.<\/p>\n<p>Ma anche i cittadini possono fare la propria parte. Infatti, ognuno di noi \u00e8 parte della soluzione e pu\u00f2 fare molto per garantire che il cibo acquistato non finisca nella spazzatura. Come propone <strong>Legambiente<\/strong> in vista della <strong>Giornata internazionale dei rifiuti zero<\/strong>, si deve <strong>partire dal piatto<\/strong>. <strong>Legambiente<\/strong> detta alcune semplici \u201c<em>regole<\/em>\u201d:<\/p>\n<p><strong>1. Fai acquisti consapevoli<\/strong>. Controlla cosa hai in frigo e fai la lista della spesa. Ti aiuter\u00e0 ad acquistare solo il cibo che sai di utilizzare senza lasciarti tentare da strategie di marketing e offerte speciali;<\/p>\n<p><strong>2. Cucina in modo intelligente<\/strong>. Non portare in tavola pi\u00f9 di quanto riesci a mangiare, misura le porzioni e se avanza qualcosa riutilizzala con creativit\u00e0;<\/p>\n<p><strong>3. Controlla le date di scadenza<\/strong>. C&#8217;\u00e8 una differenza tra la dicitura &#8220;consumarsi entro&#8221; \u2013 dopo la quale il cibo non \u00e8 pi\u00f9 sicuro da mangiare e la dicitura &#8220;consumarsi preferibilmente entro&#8221; \u00e8 una indicazione, spesso il cibo \u00e8 perfettamente sicuro anche dopo questa data;<\/p>\n<p><strong>4. Conserva correttamente il cibo<\/strong>. Conserva gli alimenti secchi in contenitori ermetici, la carne fresca nel congelatore o nel vano frigorifero, cipolle e patate in un luogo fresco e buio, frutta e verdura fresca nell&#8217;apposito cassetto del frigorifero e assicurati che le confezioni gi\u00e0 aperte siano ben sigillate;<\/p>\n<p><strong>5. Acquista prodotti locali e di stagione<\/strong>. Contribuisce a ridurre le emissioni e le risorse necessarie per trasportare, conservare e vendere cibo lontano da dove e quando \u00e8 stato coltivato;<\/p>\n<p><strong>6. Condividi il tuo cibo in eccedenza a una banca alimentare locale<\/strong>: potr\u00e0 aiutare a sfamare i membri pi\u00f9 vulnerabili della comunit\u00e0.<\/p>\n<p><strong><u>Qui<\/u><\/strong> per approfondire: <a href=\"https:\/\/www.unep.org\/zerowasteday\/\">https:\/\/www.unep.org\/zerowasteday\/<\/a>.<\/p>\n<p><img loading=\"lazy\" decoding=\"async\" class=\"size-medium wp-image-2688374 aligncenter\" src=\"https:\/\/www.pressenza.com\/wp-content\/uploads\/2026\/03\/foto-di-WWF-300x254.webp\" alt=\"\" width=\"300\" height=\"254\" \/><\/p>\n","protected":false},"excerpt":{"rendered":"<p>Domani, 30 marzo, si celebra la Giornata internazionale dei rifiuti zero, promossa congiuntamente dal Programma delle Nazioni Unite per l&#8217;ambiente (UNEP) e dal Programma delle Nazioni Unite per gli insediamenti umani (UN-Habitat), con l\u2019obiettivo di sottolineare l&#8217;importanza di rafforzare la&hellip;<\/p>\n","protected":false},"author":2106,"featured_media":2688373,"comment_status":"closed","ping_status":"closed","sticky":false,"template":"","format":"standard","meta":{"footnotes":""},"categories":[11388,59,1259],"tags":[154372,154373,13127],"class_list":["post-2688371","post","type-post","status-publish","format-standard","has-post-thumbnail","hentry","category-contenuti-originali","category-ambiente-ecologia","category-salute-argomento","tag-giornata-internazionale-dei-rifiuti-zero","tag-osservatorio-waste-watcher-international","tag-spreco-alimentare"],"yoast_head":"<!-- This site is optimized with the Yoast SEO plugin v27.1.1 - https:\/\/yoast.com\/product\/yoast-seo-wordpress\/ -->\n<title>La Giornata internazionale dei rifiuti zero quest&#039;anno si concentra sullo spreco alimentare<\/title>\n<meta name=\"description\" content=\"Domani, 30 marzo, si celebra la Giornata internazionale dei rifiuti zero, promossa congiuntamente dal Programma delle Nazioni Unite per l&#039;ambiente (UNEP)\" \/>\n<meta name=\"robots\" content=\"index, follow, max-snippet:-1, max-image-preview:large, max-video-preview:-1\" \/>\n<link rel=\"canonical\" href=\"https:\/\/www.pressenza.com\/it\/2026\/03\/la-giornata-internazionale-dei-rifiuti-zero-questanno-si-concentra-sullo-spreco-alimentare\/\" \/>\n<meta property=\"og:locale\" content=\"it_IT\" \/>\n<meta property=\"og:type\" content=\"article\" \/>\n<meta property=\"og:title\" content=\"La Giornata internazionale dei rifiuti zero quest&#039;anno si concentra sullo spreco alimentare\" \/>\n<meta property=\"og:description\" content=\"Domani, 30 marzo, si celebra la Giornata internazionale dei rifiuti zero, promossa congiuntamente dal Programma delle Nazioni Unite per l&#039;ambiente (UNEP)\" \/>\n<meta property=\"og:url\" content=\"https:\/\/www.pressenza.com\/it\/2026\/03\/la-giornata-internazionale-dei-rifiuti-zero-questanno-si-concentra-sullo-spreco-alimentare\/\" \/>\n<meta property=\"og:site_name\" content=\"Pressenza\" \/>\n<meta property=\"article:publisher\" content=\"https:\/\/www.facebook.com\/PressenzaItalia\" \/>\n<meta property=\"article:published_time\" content=\"2026-03-29T08:37:35+00:00\" \/>\n<meta property=\"article:modified_time\" content=\"2026-03-29T08:38:45+00:00\" \/>\n<meta property=\"og:image\" content=\"https:\/\/www.pressenza.com\/wp-content\/uploads\/2026\/03\/foto-di-Legambiente.jpg\" \/>\n\t<meta property=\"og:image:width\" content=\"800\" \/>\n\t<meta property=\"og:image:height\" content=\"489\" \/>\n\t<meta property=\"og:image:type\" content=\"image\/jpeg\" \/>\n<meta name=\"author\" content=\"Giovanni Caprio\" \/>\n<meta name=\"twitter:card\" content=\"summary_large_image\" \/>\n<meta name=\"twitter:creator\" content=\"@PressenzaIPA\" \/>\n<meta name=\"twitter:site\" content=\"@PressenzaIPA\" \/>\n<meta name=\"twitter:label1\" content=\"Scritto da\" \/>\n\t<meta name=\"twitter:data1\" content=\"Giovanni Caprio\" \/>\n\t<meta name=\"twitter:label2\" content=\"Tempo di lettura stimato\" \/>\n\t<meta name=\"twitter:data2\" content=\"5 minuti\" \/>\n<script type=\"application\/ld+json\" class=\"yoast-schema-graph\">{\"@context\":\"https:\/\/schema.org\",\"@graph\":[{\"@type\":\"Article\",\"@id\":\"https:\/\/www.pressenza.com\/it\/2026\/03\/la-giornata-internazionale-dei-rifiuti-zero-questanno-si-concentra-sullo-spreco-alimentare\/#article\",\"isPartOf\":{\"@id\":\"https:\/\/www.pressenza.com\/it\/2026\/03\/la-giornata-internazionale-dei-rifiuti-zero-questanno-si-concentra-sullo-spreco-alimentare\/\"},\"author\":{\"name\":\"Giovanni Caprio\",\"@id\":\"https:\/\/www.pressenza.com\/it\/#\/schema\/person\/841c36a613f4f6e80f5fbc9c1f8c32c8\"},\"headline\":\"La Giornata internazionale dei rifiuti zero quest&#8217;anno si concentra sullo spreco alimentare\",\"datePublished\":\"2026-03-29T08:37:35+00:00\",\"dateModified\":\"2026-03-29T08:38:45+00:00\",\"mainEntityOfPage\":{\"@id\":\"https:\/\/www.pressenza.com\/it\/2026\/03\/la-giornata-internazionale-dei-rifiuti-zero-questanno-si-concentra-sullo-spreco-alimentare\/\"},\"wordCount\":738,\"publisher\":{\"@id\":\"https:\/\/www.pressenza.com\/it\/#organization\"},\"image\":{\"@id\":\"https:\/\/www.pressenza.com\/it\/2026\/03\/la-giornata-internazionale-dei-rifiuti-zero-questanno-si-concentra-sullo-spreco-alimentare\/#primaryimage\"},\"thumbnailUrl\":\"https:\/\/www.pressenza.com\/wp-content\/uploads\/2026\/03\/foto-di-Legambiente.jpg\",\"keywords\":[\"Giornata internazionale dei rifiuti zero\",\"Osservatorio Waste Watcher International\",\"spreco alimentare\"],\"articleSection\":[\"contenuti originali\",\"Ecologia ed Ambiente\",\"Salute\"],\"inLanguage\":\"it-IT\"},{\"@type\":\"WebPage\",\"@id\":\"https:\/\/www.pressenza.com\/it\/2026\/03\/la-giornata-internazionale-dei-rifiuti-zero-questanno-si-concentra-sullo-spreco-alimentare\/\",\"url\":\"https:\/\/www.pressenza.com\/it\/2026\/03\/la-giornata-internazionale-dei-rifiuti-zero-questanno-si-concentra-sullo-spreco-alimentare\/\",\"name\":\"La Giornata internazionale dei rifiuti zero quest'anno si concentra sullo spreco alimentare\",\"isPartOf\":{\"@id\":\"https:\/\/www.pressenza.com\/it\/#website\"},\"primaryImageOfPage\":{\"@id\":\"https:\/\/www.pressenza.com\/it\/2026\/03\/la-giornata-internazionale-dei-rifiuti-zero-questanno-si-concentra-sullo-spreco-alimentare\/#primaryimage\"},\"image\":{\"@id\":\"https:\/\/www.pressenza.com\/it\/2026\/03\/la-giornata-internazionale-dei-rifiuti-zero-questanno-si-concentra-sullo-spreco-alimentare\/#primaryimage\"},\"thumbnailUrl\":\"https:\/\/www.pressenza.com\/wp-content\/uploads\/2026\/03\/foto-di-Legambiente.jpg\",\"datePublished\":\"2026-03-29T08:37:35+00:00\",\"dateModified\":\"2026-03-29T08:38:45+00:00\",\"description\":\"Domani, 30 marzo, si celebra la Giornata internazionale dei rifiuti zero, promossa congiuntamente dal Programma delle Nazioni Unite per l'ambiente (UNEP)\",\"breadcrumb\":{\"@id\":\"https:\/\/www.pressenza.com\/it\/2026\/03\/la-giornata-internazionale-dei-rifiuti-zero-questanno-si-concentra-sullo-spreco-alimentare\/#breadcrumb\"},\"inLanguage\":\"it-IT\",\"potentialAction\":[{\"@type\":\"ReadAction\",\"target\":[\"https:\/\/www.pressenza.com\/it\/2026\/03\/la-giornata-internazionale-dei-rifiuti-zero-questanno-si-concentra-sullo-spreco-alimentare\/\"]}]},{\"@type\":\"ImageObject\",\"inLanguage\":\"it-IT\",\"@id\":\"https:\/\/www.pressenza.com\/it\/2026\/03\/la-giornata-internazionale-dei-rifiuti-zero-questanno-si-concentra-sullo-spreco-alimentare\/#primaryimage\",\"url\":\"https:\/\/www.pressenza.com\/wp-content\/uploads\/2026\/03\/foto-di-Legambiente.jpg\",\"contentUrl\":\"https:\/\/www.pressenza.com\/wp-content\/uploads\/2026\/03\/foto-di-Legambiente.jpg\",\"width\":800,\"height\":489},{\"@type\":\"BreadcrumbList\",\"@id\":\"https:\/\/www.pressenza.com\/it\/2026\/03\/la-giornata-internazionale-dei-rifiuti-zero-questanno-si-concentra-sullo-spreco-alimentare\/#breadcrumb\",\"itemListElement\":[{\"@type\":\"ListItem\",\"position\":1,\"name\":\"Accueil\",\"item\":\"https:\/\/www.pressenza.com\/it\/\"},{\"@type\":\"ListItem\",\"position\":2,\"name\":\"La Giornata internazionale dei rifiuti zero quest&#8217;anno si concentra sullo spreco alimentare\"}]},{\"@type\":\"WebSite\",\"@id\":\"https:\/\/www.pressenza.com\/it\/#website\",\"url\":\"https:\/\/www.pressenza.com\/it\/\",\"name\":\"Pressenza\",\"description\":\"Agenzia di Stampa Internazionale\",\"publisher\":{\"@id\":\"https:\/\/www.pressenza.com\/it\/#organization\"},\"potentialAction\":[{\"@type\":\"SearchAction\",\"target\":{\"@type\":\"EntryPoint\",\"urlTemplate\":\"https:\/\/www.pressenza.com\/it\/?s={search_term_string}\"},\"query-input\":{\"@type\":\"PropertyValueSpecification\",\"valueRequired\":true,\"valueName\":\"search_term_string\"}}],\"inLanguage\":\"it-IT\"},{\"@type\":\"Organization\",\"@id\":\"https:\/\/www.pressenza.com\/it\/#organization\",\"name\":\"Pressenza\",\"url\":\"https:\/\/www.pressenza.com\/it\/\",\"logo\":{\"@type\":\"ImageObject\",\"inLanguage\":\"it-IT\",\"@id\":\"https:\/\/www.pressenza.com\/it\/#\/schema\/logo\/image\/\",\"url\":\"https:\/\/www.pressenza.com\/wp-content\/uploads\/2022\/10\/pressenza_logo_200x200.jpg\",\"contentUrl\":\"https:\/\/www.pressenza.com\/wp-content\/uploads\/2022\/10\/pressenza_logo_200x200.jpg\",\"width\":200,\"height\":200,\"caption\":\"Pressenza\"},\"image\":{\"@id\":\"https:\/\/www.pressenza.com\/it\/#\/schema\/logo\/image\/\"},\"sameAs\":[\"https:\/\/www.facebook.com\/PressenzaItalia\",\"https:\/\/x.com\/PressenzaIPA\"]},{\"@type\":\"Person\",\"@id\":\"https:\/\/www.pressenza.com\/it\/#\/schema\/person\/841c36a613f4f6e80f5fbc9c1f8c32c8\",\"name\":\"Giovanni Caprio\",\"description\":\"Pubblicista, gi\u00e0 dirigente di istituzioni pubbliche e di fondazioni private. Si occupa di beni comuni, partecipazione e governo del territorio.\",\"url\":\"https:\/\/www.pressenza.com\/it\/author\/giovanni-caprio\/\"}]}<\/script>\n<!-- \/ Yoast SEO plugin. -->","yoast_head_json":{"title":"La Giornata internazionale dei rifiuti zero quest'anno si concentra sullo spreco alimentare","description":"Domani, 30 marzo, si celebra la Giornata internazionale dei rifiuti zero, promossa congiuntamente dal Programma delle Nazioni Unite per l'ambiente (UNEP)","robots":{"index":"index","follow":"follow","max-snippet":"max-snippet:-1","max-image-preview":"max-image-preview:large","max-video-preview":"max-video-preview:-1"},"canonical":"https:\/\/www.pressenza.com\/it\/2026\/03\/la-giornata-internazionale-dei-rifiuti-zero-questanno-si-concentra-sullo-spreco-alimentare\/","og_locale":"it_IT","og_type":"article","og_title":"La Giornata internazionale dei rifiuti zero quest'anno si concentra sullo spreco alimentare","og_description":"Domani, 30 marzo, si celebra la Giornata internazionale dei rifiuti zero, promossa congiuntamente dal Programma delle Nazioni Unite per l'ambiente (UNEP)","og_url":"https:\/\/www.pressenza.com\/it\/2026\/03\/la-giornata-internazionale-dei-rifiuti-zero-questanno-si-concentra-sullo-spreco-alimentare\/","og_site_name":"Pressenza","article_publisher":"https:\/\/www.facebook.com\/PressenzaItalia","article_published_time":"2026-03-29T08:37:35+00:00","article_modified_time":"2026-03-29T08:38:45+00:00","og_image":[{"width":800,"height":489,"url":"https:\/\/www.pressenza.com\/wp-content\/uploads\/2026\/03\/foto-di-Legambiente.jpg","type":"image\/jpeg"}],"author":"Giovanni Caprio","twitter_card":"summary_large_image","twitter_creator":"@PressenzaIPA","twitter_site":"@PressenzaIPA","twitter_misc":{"Scritto da":"Giovanni Caprio","Tempo di lettura stimato":"5 minuti"},"schema":{"@context":"https:\/\/schema.org","@graph":[{"@type":"Article","@id":"https:\/\/www.pressenza.com\/it\/2026\/03\/la-giornata-internazionale-dei-rifiuti-zero-questanno-si-concentra-sullo-spreco-alimentare\/#article","isPartOf":{"@id":"https:\/\/www.pressenza.com\/it\/2026\/03\/la-giornata-internazionale-dei-rifiuti-zero-questanno-si-concentra-sullo-spreco-alimentare\/"},"author":{"name":"Giovanni Caprio","@id":"https:\/\/www.pressenza.com\/it\/#\/schema\/person\/841c36a613f4f6e80f5fbc9c1f8c32c8"},"headline":"La Giornata internazionale dei rifiuti zero quest&#8217;anno si concentra sullo spreco alimentare","datePublished":"2026-03-29T08:37:35+00:00","dateModified":"2026-03-29T08:38:45+00:00","mainEntityOfPage":{"@id":"https:\/\/www.pressenza.com\/it\/2026\/03\/la-giornata-internazionale-dei-rifiuti-zero-questanno-si-concentra-sullo-spreco-alimentare\/"},"wordCount":738,"publisher":{"@id":"https:\/\/www.pressenza.com\/it\/#organization"},"image":{"@id":"https:\/\/www.pressenza.com\/it\/2026\/03\/la-giornata-internazionale-dei-rifiuti-zero-questanno-si-concentra-sullo-spreco-alimentare\/#primaryimage"},"thumbnailUrl":"https:\/\/www.pressenza.com\/wp-content\/uploads\/2026\/03\/foto-di-Legambiente.jpg","keywords":["Giornata internazionale dei rifiuti zero","Osservatorio Waste Watcher International","spreco alimentare"],"articleSection":["contenuti originali","Ecologia ed Ambiente","Salute"],"inLanguage":"it-IT"},{"@type":"WebPage","@id":"https:\/\/www.pressenza.com\/it\/2026\/03\/la-giornata-internazionale-dei-rifiuti-zero-questanno-si-concentra-sullo-spreco-alimentare\/","url":"https:\/\/www.pressenza.com\/it\/2026\/03\/la-giornata-internazionale-dei-rifiuti-zero-questanno-si-concentra-sullo-spreco-alimentare\/","name":"La Giornata internazionale dei rifiuti zero quest'anno si concentra sullo spreco alimentare","isPartOf":{"@id":"https:\/\/www.pressenza.com\/it\/#website"},"primaryImageOfPage":{"@id":"https:\/\/www.pressenza.com\/it\/2026\/03\/la-giornata-internazionale-dei-rifiuti-zero-questanno-si-concentra-sullo-spreco-alimentare\/#primaryimage"},"image":{"@id":"https:\/\/www.pressenza.com\/it\/2026\/03\/la-giornata-internazionale-dei-rifiuti-zero-questanno-si-concentra-sullo-spreco-alimentare\/#primaryimage"},"thumbnailUrl":"https:\/\/www.pressenza.com\/wp-content\/uploads\/2026\/03\/foto-di-Legambiente.jpg","datePublished":"2026-03-29T08:37:35+00:00","dateModified":"2026-03-29T08:38:45+00:00","description":"Domani, 30 marzo, si celebra la Giornata internazionale dei rifiuti zero, promossa congiuntamente dal Programma delle Nazioni Unite per l'ambiente (UNEP)","breadcrumb":{"@id":"https:\/\/www.pressenza.com\/it\/2026\/03\/la-giornata-internazionale-dei-rifiuti-zero-questanno-si-concentra-sullo-spreco-alimentare\/#breadcrumb"},"inLanguage":"it-IT","potentialAction":[{"@type":"ReadAction","target":["https:\/\/www.pressenza.com\/it\/2026\/03\/la-giornata-internazionale-dei-rifiuti-zero-questanno-si-concentra-sullo-spreco-alimentare\/"]}]},{"@type":"ImageObject","inLanguage":"it-IT","@id":"https:\/\/www.pressenza.com\/it\/2026\/03\/la-giornata-internazionale-dei-rifiuti-zero-questanno-si-concentra-sullo-spreco-alimentare\/#primaryimage","url":"https:\/\/www.pressenza.com\/wp-content\/uploads\/2026\/03\/foto-di-Legambiente.jpg","contentUrl":"https:\/\/www.pressenza.com\/wp-content\/uploads\/2026\/03\/foto-di-Legambiente.jpg","width":800,"height":489},{"@type":"BreadcrumbList","@id":"https:\/\/www.pressenza.com\/it\/2026\/03\/la-giornata-internazionale-dei-rifiuti-zero-questanno-si-concentra-sullo-spreco-alimentare\/#breadcrumb","itemListElement":[{"@type":"ListItem","position":1,"name":"Accueil","item":"https:\/\/www.pressenza.com\/it\/"},{"@type":"ListItem","position":2,"name":"La Giornata internazionale dei rifiuti zero quest&#8217;anno si concentra sullo spreco alimentare"}]},{"@type":"WebSite","@id":"https:\/\/www.pressenza.com\/it\/#website","url":"https:\/\/www.pressenza.com\/it\/","name":"Pressenza","description":"Agenzia di Stampa Internazionale","publisher":{"@id":"https:\/\/www.pressenza.com\/it\/#organization"},"potentialAction":[{"@type":"SearchAction","target":{"@type":"EntryPoint","urlTemplate":"https:\/\/www.pressenza.com\/it\/?s={search_term_string}"},"query-input":{"@type":"PropertyValueSpecification","valueRequired":true,"valueName":"search_term_string"}}],"inLanguage":"it-IT"},{"@type":"Organization","@id":"https:\/\/www.pressenza.com\/it\/#organization","name":"Pressenza","url":"https:\/\/www.pressenza.com\/it\/","logo":{"@type":"ImageObject","inLanguage":"it-IT","@id":"https:\/\/www.pressenza.com\/it\/#\/schema\/logo\/image\/","url":"https:\/\/www.pressenza.com\/wp-content\/uploads\/2022\/10\/pressenza_logo_200x200.jpg","contentUrl":"https:\/\/www.pressenza.com\/wp-content\/uploads\/2022\/10\/pressenza_logo_200x200.jpg","width":200,"height":200,"caption":"Pressenza"},"image":{"@id":"https:\/\/www.pressenza.com\/it\/#\/schema\/logo\/image\/"},"sameAs":["https:\/\/www.facebook.com\/PressenzaItalia","https:\/\/x.com\/PressenzaIPA"]},{"@type":"Person","@id":"https:\/\/www.pressenza.com\/it\/#\/schema\/person\/841c36a613f4f6e80f5fbc9c1f8c32c8","name":"Giovanni Caprio","description":"Pubblicista, gi\u00e0 dirigente di istituzioni pubbliche e di fondazioni private. Si occupa di beni comuni, partecipazione e governo del territorio.","url":"https:\/\/www.pressenza.com\/it\/author\/giovanni-caprio\/"}]}},"place":"","original_article_url":"","_links":{"self":[{"href":"https:\/\/www.pressenza.com\/it\/wp-json\/wp\/v2\/posts\/2688371","targetHints":{"allow":["GET"]}}],"collection":[{"href":"https:\/\/www.pressenza.com\/it\/wp-json\/wp\/v2\/posts"}],"about":[{"href":"https:\/\/www.pressenza.com\/it\/wp-json\/wp\/v2\/types\/post"}],"author":[{"embeddable":true,"href":"https:\/\/www.pressenza.com\/it\/wp-json\/wp\/v2\/users\/2106"}],"replies":[{"embeddable":true,"href":"https:\/\/www.pressenza.com\/it\/wp-json\/wp\/v2\/comments?post=2688371"}],"version-history":[{"count":2,"href":"https:\/\/www.pressenza.com\/it\/wp-json\/wp\/v2\/posts\/2688371\/revisions"}],"predecessor-version":[{"id":2688376,"href":"https:\/\/www.pressenza.com\/it\/wp-json\/wp\/v2\/posts\/2688371\/revisions\/2688376"}],"wp:featuredmedia":[{"embeddable":true,"href":"https:\/\/www.pressenza.com\/it\/wp-json\/wp\/v2\/media\/2688373"}],"wp:attachment":[{"href":"https:\/\/www.pressenza.com\/it\/wp-json\/wp\/v2\/media?parent=2688371"}],"wp:term":[{"taxonomy":"category","embeddable":true,"href":"https:\/\/www.pressenza.com\/it\/wp-json\/wp\/v2\/categories?post=2688371"},{"taxonomy":"post_tag","embeddable":true,"href":"https:\/\/www.pressenza.com\/it\/wp-json\/wp\/v2\/tags?post=2688371"}],"curies":[{"name":"wp","href":"https:\/\/api.w.org\/{rel}","templated":true}]}}