{"id":2688168,"date":"2026-03-28T09:58:17","date_gmt":"2026-03-28T09:58:17","guid":{"rendered":"https:\/\/www.pressenza.com\/?p=2688168"},"modified":"2026-03-28T10:01:00","modified_gmt":"2026-03-28T10:01:00","slug":"unaltra-difesa-e-possibile","status":"publish","type":"post","link":"https:\/\/www.pressenza.com\/it\/2026\/03\/unaltra-difesa-e-possibile\/","title":{"rendered":"Un&#8217;altra difesa \u00e8 possibile"},"content":{"rendered":"<p>Di fronte alla drammatica crisi globale, con un Mondo e un\u2019Italia sempre pi\u00f9 armati e venti di guerra alimentati da una fase di aumento enorme della spesa militare, l\u2019intenzione dei promotori di questa azione \u00e8 quella di compiere un \u201cpasso in avanti\u201d promuovendo congiuntamente una Campagna per il disarmo e la difesa civile. L\u2019obiettivo \u00e8 quello della costituzione di Dipartimento che indirizzi il contributo alla difesa civile con le proprie autonomie e modalit\u00e0 di lavoro delle varie componenti oggi esistenti fra cui il Servizio civile, i Corpi civili di pace, la Protezione civile oltre ad un ipotizzato Istituto di ricerca su Pace e Disarmo.<\/p>\n<p>Si tratta di dare finalmente concretezza a ci\u00f2 che prefiguravano i Costituenti con il ripudio della guerra e che gi\u00e0 oggi \u00e8 previsto dalla legge e confermato dalla Corte Costituzionale: la possibilit\u00e0 di assolvere all\u2019obbligo costituzionale dell\u2019articolo 52 con una struttura di Difesa civile alternativa a quella prettamente militare, finanziata direttamente dai cittadini attraverso l\u2019opzione fiscale in sede di dichiarazione dei redditi.<\/p>\n<p><strong>\u201cIstituzione e modalit\u00e0 di finanziamento del Dipartimento della Difesa Civile non armata e nonviolenta\u201d<\/strong><\/p>\n<p>La proposta che avanziamo mira a trovare uno spazio istituzionale per una forma di Difesa, prevista gi\u00e0 dal nostro ordinamento legislativo, che non sia quella legata alle Forze Armate e allo strumento militare. Se il percorso della Legge di iniziativa popolare arriver\u00e0 a compimento il Dipartimento che ne scaturir\u00e0 sar\u00e0 il luogo in cui sperimentare nuovi approcci e in cui rendere concreta l\u2019idea di un modo pi\u00f9 intelligente e meno cruento di proteggere la vita di tutti i cittadini.<\/p>\n<p>La proposta di legge di iniziativa popolare per l\u2019istituzione di un Dipartimento della difesa civile, non armata e nonviolenta \u2014 promossa dalla Campagna \u201cUn\u2019altra difesa \u00e8 possibile\u201d (CNESC, Rete Italiana Pace e Disarmo, Sbilanciamoci) \u2014 muove da un presupposto costituzionale preciso: il dovere di difesa della Patria sancito dall\u2019articolo 52 della Costituzione pu\u00f2 essere adempiuto anche attraverso strumenti civili, come gi\u00e0 riconosciuto dalla Corte costituzionale nel 1985.<\/p>\n<p>Gli articoli 2 e 11 della Costituzione \u2013 solidariet\u00e0 e ripudio della guerra \u2013 disegnano un concetto di sicurezza fondato sulla protezione delle persone e delle istituzioni democratiche, non sulla forza militare. Il Dipartimento, collocato presso la Presidenza del Consiglio, andr\u00e0 a coordinare i Corpi civili di pace, un Istituto di ricerca per la pace e il disarmo operando in sinergia con protezione civile e servizio civile universale.<\/p>\n<p>Il finanziamento avverr\u00e0 anche tramite un Fondo nazionale, alimentato dalla Legge di Bilancio e dalla facolt\u00e0 dei contribuenti di destinare il 6 per mille dell\u2019IRPEF senza oneri aggiuntivi.<\/p>\n<p>In un momento in cui il dibattito pubblico europeo sembra aver capitolato all\u2019equazione \u201cpi\u00f9 sicurezza = pi\u00f9 armi\u201d questa proposta afferma con chiarezza l\u2019opposto: la vera sicurezza si costruisce con prevenzione dei conflitti, mediazione, coesione sociale e cooperazione internazionale.<\/p>\n<p>Difesa civile nonviolenta<\/p>\n<p><a href=\"http:\/\/www.difesacivilenonviolenta.org\/wp-content\/uploads\/2026\/03\/PdL_DCNANV_2026-AltraDifesaPossibile-depositato.pdf\">qui per leggere il testo della proposta di legge e firmare<\/a><\/p>\n<p><a href=\"http:\/\/www.difesacivilenonviolenta.org\/wp-content\/uploads\/2026\/03\/PdL_DCNANV_2026-AltraDifesaPossibile-depositato.pdf\">http:\/\/www.difesacivilenonviolenta.org\/wp-content\/uploads\/2026\/03\/PdL_DCNANV_2026-AltraDifesaPossibile-depositato.pdf<\/a><\/p>\n","protected":false},"excerpt":{"rendered":"<p>Di fronte alla drammatica crisi globale, con un Mondo e un\u2019Italia sempre pi\u00f9 armati e venti di guerra alimentati da una fase di aumento enorme della spesa militare, l\u2019intenzione dei promotori di questa azione \u00e8 quella di compiere un \u201cpasso&hellip;<\/p>\n","protected":false},"author":594,"featured_media":2637419,"comment_status":"closed","ping_status":"closed","sticky":false,"template":"","format":"standard","meta":{"footnotes":""},"categories":[1262,1263],"tags":[154321,47960],"class_list":["post-2688168","post","type-post","status-publish","format-standard","has-post-thumbnail","hentry","category-nonviolenza-argomento","category-pace-disarmo","tag-campagna-per-il-disarmo-e-la-difesa-civile","tag-proposta-di-legge-di-iniziativa-popolare"],"yoast_head":"<!-- This site is optimized with the Yoast SEO plugin v27.1.1 - https:\/\/yoast.com\/product\/yoast-seo-wordpress\/ -->\n<title>Un&#039;altra difesa \u00e8 possibile<\/title>\n<meta name=\"description\" content=\"Di fronte alla drammatica crisi globale, con un Mondo e un\u2019Italia sempre pi\u00f9 armati e venti di guerra alimentati da una fase di aumento enorme della spesa\" \/>\n<meta name=\"robots\" content=\"index, follow, max-snippet:-1, max-image-preview:large, max-video-preview:-1\" \/>\n<link rel=\"canonical\" href=\"https:\/\/www.pressenza.com\/it\/2026\/03\/unaltra-difesa-e-possibile\/\" \/>\n<meta property=\"og:locale\" content=\"it_IT\" \/>\n<meta property=\"og:type\" content=\"article\" \/>\n<meta property=\"og:title\" content=\"Un&#039;altra difesa \u00e8 possibile\" \/>\n<meta property=\"og:description\" content=\"Di fronte alla drammatica crisi globale, con un Mondo e un\u2019Italia sempre pi\u00f9 armati e venti di guerra alimentati da una fase di aumento enorme della spesa\" \/>\n<meta property=\"og:url\" content=\"https:\/\/www.pressenza.com\/it\/2026\/03\/unaltra-difesa-e-possibile\/\" \/>\n<meta property=\"og:site_name\" content=\"Pressenza\" \/>\n<meta property=\"article:publisher\" content=\"https:\/\/www.facebook.com\/PressenzaItalia\" \/>\n<meta property=\"article:author\" content=\"https:\/\/www.facebook.com\/PressenzaItalia\" \/>\n<meta property=\"article:published_time\" content=\"2026-03-28T09:58:17+00:00\" \/>\n<meta property=\"article:modified_time\" content=\"2026-03-28T10:01:00+00:00\" \/>\n<meta property=\"og:image\" content=\"https:\/\/www.pressenza.com\/wp-content\/uploads\/2025\/09\/1-7-e1760180070274.jpg\" \/>\n\t<meta property=\"og:image:width\" content=\"800\" \/>\n\t<meta property=\"og:image:height\" content=\"600\" \/>\n\t<meta property=\"og:image:type\" content=\"image\/jpeg\" \/>\n<meta name=\"author\" content=\"Redazione Italia\" \/>\n<meta name=\"twitter:card\" content=\"summary_large_image\" \/>\n<meta name=\"twitter:creator\" content=\"@pressenza_it\" \/>\n<meta name=\"twitter:site\" content=\"@PressenzaIPA\" \/>\n<meta name=\"twitter:label1\" content=\"Scritto da\" \/>\n\t<meta name=\"twitter:data1\" content=\"Redazione Italia\" \/>\n\t<meta name=\"twitter:label2\" content=\"Tempo di lettura stimato\" \/>\n\t<meta name=\"twitter:data2\" content=\"3 minuti\" \/>\n<script type=\"application\/ld+json\" class=\"yoast-schema-graph\">{\"@context\":\"https:\/\/schema.org\",\"@graph\":[{\"@type\":\"Article\",\"@id\":\"https:\/\/www.pressenza.com\/it\/2026\/03\/unaltra-difesa-e-possibile\/#article\",\"isPartOf\":{\"@id\":\"https:\/\/www.pressenza.com\/it\/2026\/03\/unaltra-difesa-e-possibile\/\"},\"author\":{\"name\":\"Redazione Italia\",\"@id\":\"https:\/\/www.pressenza.com\/it\/#\/schema\/person\/d983e81827ae24f2c7b1a2123d197f8d\"},\"headline\":\"Un&#8217;altra difesa \u00e8 possibile\",\"datePublished\":\"2026-03-28T09:58:17+00:00\",\"dateModified\":\"2026-03-28T10:01:00+00:00\",\"mainEntityOfPage\":{\"@id\":\"https:\/\/www.pressenza.com\/it\/2026\/03\/unaltra-difesa-e-possibile\/\"},\"wordCount\":487,\"publisher\":{\"@id\":\"https:\/\/www.pressenza.com\/it\/#organization\"},\"image\":{\"@id\":\"https:\/\/www.pressenza.com\/it\/2026\/03\/unaltra-difesa-e-possibile\/#primaryimage\"},\"thumbnailUrl\":\"https:\/\/www.pressenza.com\/wp-content\/uploads\/2025\/09\/1-7-e1760180070274.jpg\",\"keywords\":[\"Campagna per il disarmo e la difesa civile\",\"proposta di legge di iniziativa popolare\"],\"articleSection\":[\"Nonviolenza\",\"Pace e Disarmo\"],\"inLanguage\":\"it-IT\"},{\"@type\":\"WebPage\",\"@id\":\"https:\/\/www.pressenza.com\/it\/2026\/03\/unaltra-difesa-e-possibile\/\",\"url\":\"https:\/\/www.pressenza.com\/it\/2026\/03\/unaltra-difesa-e-possibile\/\",\"name\":\"Un'altra difesa \u00e8 possibile\",\"isPartOf\":{\"@id\":\"https:\/\/www.pressenza.com\/it\/#website\"},\"primaryImageOfPage\":{\"@id\":\"https:\/\/www.pressenza.com\/it\/2026\/03\/unaltra-difesa-e-possibile\/#primaryimage\"},\"image\":{\"@id\":\"https:\/\/www.pressenza.com\/it\/2026\/03\/unaltra-difesa-e-possibile\/#primaryimage\"},\"thumbnailUrl\":\"https:\/\/www.pressenza.com\/wp-content\/uploads\/2025\/09\/1-7-e1760180070274.jpg\",\"datePublished\":\"2026-03-28T09:58:17+00:00\",\"dateModified\":\"2026-03-28T10:01:00+00:00\",\"description\":\"Di fronte alla drammatica crisi globale, con un Mondo e un\u2019Italia sempre pi\u00f9 armati e venti di guerra alimentati da una fase di aumento enorme della spesa\",\"breadcrumb\":{\"@id\":\"https:\/\/www.pressenza.com\/it\/2026\/03\/unaltra-difesa-e-possibile\/#breadcrumb\"},\"inLanguage\":\"it-IT\",\"potentialAction\":[{\"@type\":\"ReadAction\",\"target\":[\"https:\/\/www.pressenza.com\/it\/2026\/03\/unaltra-difesa-e-possibile\/\"]}]},{\"@type\":\"ImageObject\",\"inLanguage\":\"it-IT\",\"@id\":\"https:\/\/www.pressenza.com\/it\/2026\/03\/unaltra-difesa-e-possibile\/#primaryimage\",\"url\":\"https:\/\/www.pressenza.com\/wp-content\/uploads\/2025\/09\/1-7-e1760180070274.jpg\",\"contentUrl\":\"https:\/\/www.pressenza.com\/wp-content\/uploads\/2025\/09\/1-7-e1760180070274.jpg\",\"width\":800,\"height\":600,\"caption\":\"Foto di gruppo in cammino per la pace e il disarmo con striscione della pace\"},{\"@type\":\"BreadcrumbList\",\"@id\":\"https:\/\/www.pressenza.com\/it\/2026\/03\/unaltra-difesa-e-possibile\/#breadcrumb\",\"itemListElement\":[{\"@type\":\"ListItem\",\"position\":1,\"name\":\"Accueil\",\"item\":\"https:\/\/www.pressenza.com\/it\/\"},{\"@type\":\"ListItem\",\"position\":2,\"name\":\"Un&#8217;altra difesa \u00e8 possibile\"}]},{\"@type\":\"WebSite\",\"@id\":\"https:\/\/www.pressenza.com\/it\/#website\",\"url\":\"https:\/\/www.pressenza.com\/it\/\",\"name\":\"Pressenza\",\"description\":\"Agenzia di Stampa Internazionale\",\"publisher\":{\"@id\":\"https:\/\/www.pressenza.com\/it\/#organization\"},\"potentialAction\":[{\"@type\":\"SearchAction\",\"target\":{\"@type\":\"EntryPoint\",\"urlTemplate\":\"https:\/\/www.pressenza.com\/it\/?s={search_term_string}\"},\"query-input\":{\"@type\":\"PropertyValueSpecification\",\"valueRequired\":true,\"valueName\":\"search_term_string\"}}],\"inLanguage\":\"it-IT\"},{\"@type\":\"Organization\",\"@id\":\"https:\/\/www.pressenza.com\/it\/#organization\",\"name\":\"Pressenza\",\"url\":\"https:\/\/www.pressenza.com\/it\/\",\"logo\":{\"@type\":\"ImageObject\",\"inLanguage\":\"it-IT\",\"@id\":\"https:\/\/www.pressenza.com\/it\/#\/schema\/logo\/image\/\",\"url\":\"https:\/\/www.pressenza.com\/wp-content\/uploads\/2022\/10\/pressenza_logo_200x200.jpg\",\"contentUrl\":\"https:\/\/www.pressenza.com\/wp-content\/uploads\/2022\/10\/pressenza_logo_200x200.jpg\",\"width\":200,\"height\":200,\"caption\":\"Pressenza\"},\"image\":{\"@id\":\"https:\/\/www.pressenza.com\/it\/#\/schema\/logo\/image\/\"},\"sameAs\":[\"https:\/\/www.facebook.com\/PressenzaItalia\",\"https:\/\/x.com\/PressenzaIPA\"]},{\"@type\":\"Person\",\"@id\":\"https:\/\/www.pressenza.com\/it\/#\/schema\/person\/d983e81827ae24f2c7b1a2123d197f8d\",\"name\":\"Redazione Italia\",\"description\":\"News from the Pressenza Bureau in Italy\",\"sameAs\":[\"https:\/\/www.pressenza.com\/it\/author\/redazione-italia\/\",\"https:\/\/www.facebook.com\/PressenzaItalia\",\"https:\/\/www.instagram.com\/pressenza_italia\/\",\"https:\/\/x.com\/pressenza_it\",\"https:\/\/www.youtube.com\/channel\/UCSalEIWjE1RSxkwjfftFuqg\"],\"url\":\"https:\/\/www.pressenza.com\/it\/author\/redazione-italia\/\"}]}<\/script>\n<!-- \/ Yoast SEO plugin. -->","yoast_head_json":{"title":"Un'altra difesa \u00e8 possibile","description":"Di fronte alla drammatica crisi globale, con un Mondo e un\u2019Italia sempre pi\u00f9 armati e venti di guerra alimentati da una fase di aumento enorme della spesa","robots":{"index":"index","follow":"follow","max-snippet":"max-snippet:-1","max-image-preview":"max-image-preview:large","max-video-preview":"max-video-preview:-1"},"canonical":"https:\/\/www.pressenza.com\/it\/2026\/03\/unaltra-difesa-e-possibile\/","og_locale":"it_IT","og_type":"article","og_title":"Un'altra difesa \u00e8 possibile","og_description":"Di fronte alla drammatica crisi globale, con un Mondo e un\u2019Italia sempre pi\u00f9 armati e venti di guerra alimentati da una fase di aumento enorme della spesa","og_url":"https:\/\/www.pressenza.com\/it\/2026\/03\/unaltra-difesa-e-possibile\/","og_site_name":"Pressenza","article_publisher":"https:\/\/www.facebook.com\/PressenzaItalia","article_author":"https:\/\/www.facebook.com\/PressenzaItalia","article_published_time":"2026-03-28T09:58:17+00:00","article_modified_time":"2026-03-28T10:01:00+00:00","og_image":[{"width":800,"height":600,"url":"https:\/\/www.pressenza.com\/wp-content\/uploads\/2025\/09\/1-7-e1760180070274.jpg","type":"image\/jpeg"}],"author":"Redazione Italia","twitter_card":"summary_large_image","twitter_creator":"@pressenza_it","twitter_site":"@PressenzaIPA","twitter_misc":{"Scritto da":"Redazione Italia","Tempo di lettura stimato":"3 minuti"},"schema":{"@context":"https:\/\/schema.org","@graph":[{"@type":"Article","@id":"https:\/\/www.pressenza.com\/it\/2026\/03\/unaltra-difesa-e-possibile\/#article","isPartOf":{"@id":"https:\/\/www.pressenza.com\/it\/2026\/03\/unaltra-difesa-e-possibile\/"},"author":{"name":"Redazione Italia","@id":"https:\/\/www.pressenza.com\/it\/#\/schema\/person\/d983e81827ae24f2c7b1a2123d197f8d"},"headline":"Un&#8217;altra difesa \u00e8 possibile","datePublished":"2026-03-28T09:58:17+00:00","dateModified":"2026-03-28T10:01:00+00:00","mainEntityOfPage":{"@id":"https:\/\/www.pressenza.com\/it\/2026\/03\/unaltra-difesa-e-possibile\/"},"wordCount":487,"publisher":{"@id":"https:\/\/www.pressenza.com\/it\/#organization"},"image":{"@id":"https:\/\/www.pressenza.com\/it\/2026\/03\/unaltra-difesa-e-possibile\/#primaryimage"},"thumbnailUrl":"https:\/\/www.pressenza.com\/wp-content\/uploads\/2025\/09\/1-7-e1760180070274.jpg","keywords":["Campagna per il disarmo e la difesa civile","proposta di legge di iniziativa popolare"],"articleSection":["Nonviolenza","Pace e Disarmo"],"inLanguage":"it-IT"},{"@type":"WebPage","@id":"https:\/\/www.pressenza.com\/it\/2026\/03\/unaltra-difesa-e-possibile\/","url":"https:\/\/www.pressenza.com\/it\/2026\/03\/unaltra-difesa-e-possibile\/","name":"Un'altra difesa \u00e8 possibile","isPartOf":{"@id":"https:\/\/www.pressenza.com\/it\/#website"},"primaryImageOfPage":{"@id":"https:\/\/www.pressenza.com\/it\/2026\/03\/unaltra-difesa-e-possibile\/#primaryimage"},"image":{"@id":"https:\/\/www.pressenza.com\/it\/2026\/03\/unaltra-difesa-e-possibile\/#primaryimage"},"thumbnailUrl":"https:\/\/www.pressenza.com\/wp-content\/uploads\/2025\/09\/1-7-e1760180070274.jpg","datePublished":"2026-03-28T09:58:17+00:00","dateModified":"2026-03-28T10:01:00+00:00","description":"Di fronte alla drammatica crisi globale, con un Mondo e un\u2019Italia sempre pi\u00f9 armati e venti di guerra alimentati da una fase di aumento enorme della spesa","breadcrumb":{"@id":"https:\/\/www.pressenza.com\/it\/2026\/03\/unaltra-difesa-e-possibile\/#breadcrumb"},"inLanguage":"it-IT","potentialAction":[{"@type":"ReadAction","target":["https:\/\/www.pressenza.com\/it\/2026\/03\/unaltra-difesa-e-possibile\/"]}]},{"@type":"ImageObject","inLanguage":"it-IT","@id":"https:\/\/www.pressenza.com\/it\/2026\/03\/unaltra-difesa-e-possibile\/#primaryimage","url":"https:\/\/www.pressenza.com\/wp-content\/uploads\/2025\/09\/1-7-e1760180070274.jpg","contentUrl":"https:\/\/www.pressenza.com\/wp-content\/uploads\/2025\/09\/1-7-e1760180070274.jpg","width":800,"height":600,"caption":"Foto di gruppo in cammino per la pace e il disarmo con striscione della pace"},{"@type":"BreadcrumbList","@id":"https:\/\/www.pressenza.com\/it\/2026\/03\/unaltra-difesa-e-possibile\/#breadcrumb","itemListElement":[{"@type":"ListItem","position":1,"name":"Accueil","item":"https:\/\/www.pressenza.com\/it\/"},{"@type":"ListItem","position":2,"name":"Un&#8217;altra difesa \u00e8 possibile"}]},{"@type":"WebSite","@id":"https:\/\/www.pressenza.com\/it\/#website","url":"https:\/\/www.pressenza.com\/it\/","name":"Pressenza","description":"Agenzia di Stampa Internazionale","publisher":{"@id":"https:\/\/www.pressenza.com\/it\/#organization"},"potentialAction":[{"@type":"SearchAction","target":{"@type":"EntryPoint","urlTemplate":"https:\/\/www.pressenza.com\/it\/?s={search_term_string}"},"query-input":{"@type":"PropertyValueSpecification","valueRequired":true,"valueName":"search_term_string"}}],"inLanguage":"it-IT"},{"@type":"Organization","@id":"https:\/\/www.pressenza.com\/it\/#organization","name":"Pressenza","url":"https:\/\/www.pressenza.com\/it\/","logo":{"@type":"ImageObject","inLanguage":"it-IT","@id":"https:\/\/www.pressenza.com\/it\/#\/schema\/logo\/image\/","url":"https:\/\/www.pressenza.com\/wp-content\/uploads\/2022\/10\/pressenza_logo_200x200.jpg","contentUrl":"https:\/\/www.pressenza.com\/wp-content\/uploads\/2022\/10\/pressenza_logo_200x200.jpg","width":200,"height":200,"caption":"Pressenza"},"image":{"@id":"https:\/\/www.pressenza.com\/it\/#\/schema\/logo\/image\/"},"sameAs":["https:\/\/www.facebook.com\/PressenzaItalia","https:\/\/x.com\/PressenzaIPA"]},{"@type":"Person","@id":"https:\/\/www.pressenza.com\/it\/#\/schema\/person\/d983e81827ae24f2c7b1a2123d197f8d","name":"Redazione Italia","description":"News from the Pressenza Bureau in Italy","sameAs":["https:\/\/www.pressenza.com\/it\/author\/redazione-italia\/","https:\/\/www.facebook.com\/PressenzaItalia","https:\/\/www.instagram.com\/pressenza_italia\/","https:\/\/x.com\/pressenza_it","https:\/\/www.youtube.com\/channel\/UCSalEIWjE1RSxkwjfftFuqg"],"url":"https:\/\/www.pressenza.com\/it\/author\/redazione-italia\/"}]}},"place":"","original_article_url":"https:\/\/www.difesacivilenonviolenta.org\/","_links":{"self":[{"href":"https:\/\/www.pressenza.com\/it\/wp-json\/wp\/v2\/posts\/2688168","targetHints":{"allow":["GET"]}}],"collection":[{"href":"https:\/\/www.pressenza.com\/it\/wp-json\/wp\/v2\/posts"}],"about":[{"href":"https:\/\/www.pressenza.com\/it\/wp-json\/wp\/v2\/types\/post"}],"author":[{"embeddable":true,"href":"https:\/\/www.pressenza.com\/it\/wp-json\/wp\/v2\/users\/594"}],"replies":[{"embeddable":true,"href":"https:\/\/www.pressenza.com\/it\/wp-json\/wp\/v2\/comments?post=2688168"}],"version-history":[{"count":1,"href":"https:\/\/www.pressenza.com\/it\/wp-json\/wp\/v2\/posts\/2688168\/revisions"}],"predecessor-version":[{"id":2688173,"href":"https:\/\/www.pressenza.com\/it\/wp-json\/wp\/v2\/posts\/2688168\/revisions\/2688173"}],"wp:featuredmedia":[{"embeddable":true,"href":"https:\/\/www.pressenza.com\/it\/wp-json\/wp\/v2\/media\/2637419"}],"wp:attachment":[{"href":"https:\/\/www.pressenza.com\/it\/wp-json\/wp\/v2\/media?parent=2688168"}],"wp:term":[{"taxonomy":"category","embeddable":true,"href":"https:\/\/www.pressenza.com\/it\/wp-json\/wp\/v2\/categories?post=2688168"},{"taxonomy":"post_tag","embeddable":true,"href":"https:\/\/www.pressenza.com\/it\/wp-json\/wp\/v2\/tags?post=2688168"}],"curies":[{"name":"wp","href":"https:\/\/api.w.org\/{rel}","templated":true}]}}