{"id":2687327,"date":"2026-03-24T21:06:37","date_gmt":"2026-03-24T21:06:37","guid":{"rendered":"https:\/\/www.pressenza.com\/?p=2687327"},"modified":"2026-03-24T21:06:37","modified_gmt":"2026-03-24T21:06:37","slug":"presidio-a-ghedi-4-aprile","status":"publish","type":"post","link":"https:\/\/www.pressenza.com\/it\/2026\/03\/presidio-a-ghedi-4-aprile\/","title":{"rendered":"Nel 77\u00b0 anniversario della fondazione della NATO, presidio alla base di Ghedi"},"content":{"rendered":"<p style=\"text-align: center;\">FACCIAMO DEL <strong>4 APRILE\u00a0<\/strong>UNA <em><strong>GIORNATA DI LOTTA E MOBILITAZIONE CONTRO L\u2019OLOCAUSTO NUCLEARE <\/strong><\/em>!<\/p>\n<p style=\"text-align: center;\">77 anni di guerre, saccheggi, soprusi e provocazioni militari di ogni tipo, 77 anni di militarizzazione dei territori, di abusi, depistaggi, operazioni sporche, inquinamento ambientale e terrorismo nel nostro paese<\/p>\n<p>L\u2019esistenza stessa della NATO e delle sue basi in giro per il mondo \u00e8 un problema di sopravvivenza dell\u2019umanit\u00e0: l\u2019aggressione di USA e Israele contro l\u2019Iran ne \u00e8 una dimostrazione, come il genocidio ancora in corso in Palestina, il rapimento illegale del presidente del Venezuela Nicolas Maduro, la corsa al riarmo e l\u2019invio di armi in Ucraina, il criminale strangolamento di Cuba.<\/p>\n<p>L\u2019Italia \u00e8 complice! Da qui partono armi, droni, aerei che contribuiscono a massacrare popolazioni intere. La base di Ghedi, a pochi chilometri da Brescia, \u00e8 una base strategica per le operazioni della NATO: ad esempio \u00e8 stata usata per i bombardamenti su Belgrado nel 1999. Quindi in caso di coinvolgimento pi\u00f9 esplicito del nostro paese nella Terza guerra mondiale, \u00e8 un obiettivo militare primario.<\/p>\n<p>Per questo motivo da pi\u00f9 di tre anni \u00e8 in corso una battaglia per avere i piani di emergenza in caso di incidente o attacco nucleare. Questi piani non sono mai stati forniti dalle autorit\u00e0 competenti e ad oggi risultano inesistenti. La loro \u00e8 negligenza<br \/>\nconsapevole e colpevole nei confronti della popolazione civile!<\/p>\n<p>\u00c8 necessario organizzarsi, fare rete e coordinare tutte le realt\u00e0 che gi\u00e0 oggi lottano contro la guerra, il riarmo dell\u2019UE e della NATO. Spezziamo insieme le catene della collaborazione e partecipazione del nostro paese alle guerre di aggressione USA e<br \/>\nNATO. Facciamo del 4 aprile una giornata di mobilitazione generale a partire dalla base di militare di Ghedi.<\/p>\n<p style=\"text-align: center;\">Fermiamo la spirale della Terza guerra mondiale!<br \/>\nFuori l&#8217;Italia dalla NATO, fuori la NATO dall&#8217;Italia!<\/p>\n<p style=\"text-align: center;\">INVITIAMO TUTTE E TUTTI:<\/p>\n<p style=\"text-align: center;\">SINGOLI, REALT\u00c0 ASSOCIATIVE, PARTITI, SINDACATI, COMITATI, CENTRI SOCIALI<\/p>\n<p style=\"text-align: center;\">A PARTECIPARE E DARE L\u2019ADESIONE PER UN<\/p>\n<p style=\"text-align: center;\">GRANDE <strong>PRESIDIO<\/strong> DAVANTI <strong>ALLA BASE DI GHEDI<\/strong><br \/>\nSABATO <strong>4 APRILE<\/strong> DALLE ORE 15:00<\/p>\n<p style=\"text-align: left;\">Prime adesioni:<\/p>\n<p style=\"text-align: left;\"><em>Donne e Uomini Contro la Guerra<\/em> &#8211; <em>CS28MAGGIO<\/em> \u2013 PCI &#8211; PRC &#8211; <em>Potere al Popolo<\/em> &#8211; USB &#8211; P.CARC Lombardia \u2013 <em>Partito Comunista di Unit\u00e0 Popolare<\/em> &#8211; <em>Comitato spontaneo contro le nocivit\u00e0<\/em> &#8211; <em>Insieme Sinistra Ghedi<\/em> &#8211; <em>Rete per la Pace della Franciacorta<\/em> &#8211; <em>Italia Nicaragua<\/em> &#8211; <em>Comitato bresciano per la pace e il disarmo<\/em> \u2013 <em>Patria Socialista Milano<\/em><\/p>\n<p style=\"text-align: left;\">Per info e adesioni:<\/p>\n<ul>\n<li style=\"text-align: left;\"><a href=\"mailto:coordinamentonazionalenonato@proton.me\" target=\"_blank\" rel=\"noopener\">coordinamentonazionalenonato@proton.me<\/a><\/li>\n<li style=\"text-align: left;\">3394166753<\/li>\n<\/ul>\n","protected":false},"excerpt":{"rendered":"<p>FACCIAMO DEL 4 APRILE\u00a0UNA GIORNATA DI LOTTA E MOBILITAZIONE CONTRO L\u2019OLOCAUSTO NUCLEARE ! 77 anni di guerre, saccheggi, soprusi e provocazioni militari di ogni tipo, 77 anni di militarizzazione dei territori, di abusi, depistaggi, operazioni sporche, inquinamento ambientale e terrorismo&hellip;<\/p>\n","protected":false},"author":594,"featured_media":2687328,"comment_status":"closed","ping_status":"closed","sticky":false,"template":"","format":"standard","meta":{"footnotes":""},"categories":[150,1263],"tags":[130278],"class_list":["post-2687327","post","type-post","status-publish","format-standard","has-post-thumbnail","hentry","category-comunicati-stampa","category-pace-disarmo","tag-coordinamento-nazionale-no-nato"],"yoast_head":"<!-- This site is optimized with the Yoast SEO plugin v27.1.1 - https:\/\/yoast.com\/product\/yoast-seo-wordpress\/ -->\n<title>Nel 77\u00b0 anniversario della fondazione della NATO, presidio alla base di Ghedi<\/title>\n<meta name=\"description\" content=\"FACCIAMO DEL 4 APRILE\u00a0UNA GIORNATA DI LOTTA E MOBILITAZIONE CONTRO L\u2019OLOCAUSTO NUCLEARE ! 77 anni di guerre, saccheggi, soprusi e provocazioni militari di\" \/>\n<meta name=\"robots\" content=\"index, follow, max-snippet:-1, max-image-preview:large, max-video-preview:-1\" \/>\n<link rel=\"canonical\" href=\"https:\/\/www.pressenza.com\/it\/2026\/03\/presidio-a-ghedi-4-aprile\/\" \/>\n<meta property=\"og:locale\" content=\"it_IT\" \/>\n<meta property=\"og:type\" content=\"article\" \/>\n<meta property=\"og:title\" content=\"Nel 77\u00b0 anniversario della fondazione della NATO, presidio alla base di Ghedi\" \/>\n<meta property=\"og:description\" content=\"FACCIAMO DEL 4 APRILE\u00a0UNA GIORNATA DI LOTTA E MOBILITAZIONE CONTRO L\u2019OLOCAUSTO NUCLEARE ! 77 anni di guerre, saccheggi, soprusi e provocazioni militari di\" \/>\n<meta property=\"og:url\" content=\"https:\/\/www.pressenza.com\/it\/2026\/03\/presidio-a-ghedi-4-aprile\/\" \/>\n<meta property=\"og:site_name\" content=\"Pressenza\" \/>\n<meta property=\"article:publisher\" content=\"https:\/\/www.facebook.com\/PressenzaItalia\" \/>\n<meta property=\"article:author\" content=\"https:\/\/www.facebook.com\/PressenzaItalia\" \/>\n<meta property=\"article:published_time\" content=\"2026-03-24T21:06:37+00:00\" \/>\n<meta property=\"og:image\" content=\"https:\/\/www.pressenza.com\/wp-content\/uploads\/2026\/03\/6_Stormo_Ghedi_1000_ore_di_volo_per_i_velivoli_F-35_20270702-2-scaled-1.jpg\" \/>\n\t<meta property=\"og:image:width\" content=\"1920\" \/>\n\t<meta property=\"og:image:height\" content=\"654\" \/>\n\t<meta property=\"og:image:type\" content=\"image\/jpeg\" \/>\n<meta name=\"author\" content=\"Redazione Italia\" \/>\n<meta name=\"twitter:card\" content=\"summary_large_image\" \/>\n<meta name=\"twitter:creator\" content=\"@pressenza_it\" \/>\n<meta name=\"twitter:site\" content=\"@PressenzaIPA\" \/>\n<meta name=\"twitter:label1\" content=\"Scritto da\" \/>\n\t<meta name=\"twitter:data1\" content=\"Redazione Italia\" \/>\n\t<meta name=\"twitter:label2\" content=\"Tempo di lettura stimato\" \/>\n\t<meta name=\"twitter:data2\" content=\"3 minuti\" \/>\n<script type=\"application\/ld+json\" class=\"yoast-schema-graph\">{\"@context\":\"https:\/\/schema.org\",\"@graph\":[{\"@type\":\"Article\",\"@id\":\"https:\/\/www.pressenza.com\/it\/2026\/03\/presidio-a-ghedi-4-aprile\/#article\",\"isPartOf\":{\"@id\":\"https:\/\/www.pressenza.com\/it\/2026\/03\/presidio-a-ghedi-4-aprile\/\"},\"author\":{\"name\":\"Redazione Italia\",\"@id\":\"https:\/\/www.pressenza.com\/it\/#\/schema\/person\/d983e81827ae24f2c7b1a2123d197f8d\"},\"headline\":\"Nel 77\u00b0 anniversario della fondazione della NATO, presidio alla base di Ghedi\",\"datePublished\":\"2026-03-24T21:06:37+00:00\",\"mainEntityOfPage\":{\"@id\":\"https:\/\/www.pressenza.com\/it\/2026\/03\/presidio-a-ghedi-4-aprile\/\"},\"wordCount\":401,\"publisher\":{\"@id\":\"https:\/\/www.pressenza.com\/it\/#organization\"},\"image\":{\"@id\":\"https:\/\/www.pressenza.com\/it\/2026\/03\/presidio-a-ghedi-4-aprile\/#primaryimage\"},\"thumbnailUrl\":\"https:\/\/www.pressenza.com\/wp-content\/uploads\/2026\/03\/6_Stormo_Ghedi_1000_ore_di_volo_per_i_velivoli_F-35_20270702-2-scaled-1.jpg\",\"keywords\":[\"Coordinamento Nazionale No NATO\"],\"articleSection\":[\"Comunicati Stampa\",\"Pace e Disarmo\"],\"inLanguage\":\"it-IT\"},{\"@type\":\"WebPage\",\"@id\":\"https:\/\/www.pressenza.com\/it\/2026\/03\/presidio-a-ghedi-4-aprile\/\",\"url\":\"https:\/\/www.pressenza.com\/it\/2026\/03\/presidio-a-ghedi-4-aprile\/\",\"name\":\"Nel 77\u00b0 anniversario della fondazione della NATO, presidio alla base di Ghedi\",\"isPartOf\":{\"@id\":\"https:\/\/www.pressenza.com\/it\/#website\"},\"primaryImageOfPage\":{\"@id\":\"https:\/\/www.pressenza.com\/it\/2026\/03\/presidio-a-ghedi-4-aprile\/#primaryimage\"},\"image\":{\"@id\":\"https:\/\/www.pressenza.com\/it\/2026\/03\/presidio-a-ghedi-4-aprile\/#primaryimage\"},\"thumbnailUrl\":\"https:\/\/www.pressenza.com\/wp-content\/uploads\/2026\/03\/6_Stormo_Ghedi_1000_ore_di_volo_per_i_velivoli_F-35_20270702-2-scaled-1.jpg\",\"datePublished\":\"2026-03-24T21:06:37+00:00\",\"description\":\"FACCIAMO DEL 4 APRILE\u00a0UNA GIORNATA DI LOTTA E MOBILITAZIONE CONTRO L\u2019OLOCAUSTO NUCLEARE ! 77 anni di guerre, saccheggi, soprusi e provocazioni militari di\",\"breadcrumb\":{\"@id\":\"https:\/\/www.pressenza.com\/it\/2026\/03\/presidio-a-ghedi-4-aprile\/#breadcrumb\"},\"inLanguage\":\"it-IT\",\"potentialAction\":[{\"@type\":\"ReadAction\",\"target\":[\"https:\/\/www.pressenza.com\/it\/2026\/03\/presidio-a-ghedi-4-aprile\/\"]}]},{\"@type\":\"ImageObject\",\"inLanguage\":\"it-IT\",\"@id\":\"https:\/\/www.pressenza.com\/it\/2026\/03\/presidio-a-ghedi-4-aprile\/#primaryimage\",\"url\":\"https:\/\/www.pressenza.com\/wp-content\/uploads\/2026\/03\/6_Stormo_Ghedi_1000_ore_di_volo_per_i_velivoli_F-35_20270702-2-scaled-1.jpg\",\"contentUrl\":\"https:\/\/www.pressenza.com\/wp-content\/uploads\/2026\/03\/6_Stormo_Ghedi_1000_ore_di_volo_per_i_velivoli_F-35_20270702-2-scaled-1.jpg\",\"width\":1920,\"height\":654},{\"@type\":\"BreadcrumbList\",\"@id\":\"https:\/\/www.pressenza.com\/it\/2026\/03\/presidio-a-ghedi-4-aprile\/#breadcrumb\",\"itemListElement\":[{\"@type\":\"ListItem\",\"position\":1,\"name\":\"Accueil\",\"item\":\"https:\/\/www.pressenza.com\/it\/\"},{\"@type\":\"ListItem\",\"position\":2,\"name\":\"Nel 77\u00b0 anniversario della fondazione della NATO, presidio alla base di Ghedi\"}]},{\"@type\":\"WebSite\",\"@id\":\"https:\/\/www.pressenza.com\/it\/#website\",\"url\":\"https:\/\/www.pressenza.com\/it\/\",\"name\":\"Pressenza\",\"description\":\"Agenzia di Stampa Internazionale\",\"publisher\":{\"@id\":\"https:\/\/www.pressenza.com\/it\/#organization\"},\"potentialAction\":[{\"@type\":\"SearchAction\",\"target\":{\"@type\":\"EntryPoint\",\"urlTemplate\":\"https:\/\/www.pressenza.com\/it\/?s={search_term_string}\"},\"query-input\":{\"@type\":\"PropertyValueSpecification\",\"valueRequired\":true,\"valueName\":\"search_term_string\"}}],\"inLanguage\":\"it-IT\"},{\"@type\":\"Organization\",\"@id\":\"https:\/\/www.pressenza.com\/it\/#organization\",\"name\":\"Pressenza\",\"url\":\"https:\/\/www.pressenza.com\/it\/\",\"logo\":{\"@type\":\"ImageObject\",\"inLanguage\":\"it-IT\",\"@id\":\"https:\/\/www.pressenza.com\/it\/#\/schema\/logo\/image\/\",\"url\":\"https:\/\/www.pressenza.com\/wp-content\/uploads\/2022\/10\/pressenza_logo_200x200.jpg\",\"contentUrl\":\"https:\/\/www.pressenza.com\/wp-content\/uploads\/2022\/10\/pressenza_logo_200x200.jpg\",\"width\":200,\"height\":200,\"caption\":\"Pressenza\"},\"image\":{\"@id\":\"https:\/\/www.pressenza.com\/it\/#\/schema\/logo\/image\/\"},\"sameAs\":[\"https:\/\/www.facebook.com\/PressenzaItalia\",\"https:\/\/x.com\/PressenzaIPA\"]},{\"@type\":\"Person\",\"@id\":\"https:\/\/www.pressenza.com\/it\/#\/schema\/person\/d983e81827ae24f2c7b1a2123d197f8d\",\"name\":\"Redazione Italia\",\"description\":\"News from the Pressenza Bureau in Italy\",\"sameAs\":[\"https:\/\/www.pressenza.com\/it\/author\/redazione-italia\/\",\"https:\/\/www.facebook.com\/PressenzaItalia\",\"https:\/\/www.instagram.com\/pressenza_italia\/\",\"https:\/\/x.com\/pressenza_it\",\"https:\/\/www.youtube.com\/channel\/UCSalEIWjE1RSxkwjfftFuqg\"],\"url\":\"https:\/\/www.pressenza.com\/it\/author\/redazione-italia\/\"}]}<\/script>\n<!-- \/ Yoast SEO plugin. -->","yoast_head_json":{"title":"Nel 77\u00b0 anniversario della fondazione della NATO, presidio alla base di Ghedi","description":"FACCIAMO DEL 4 APRILE\u00a0UNA GIORNATA DI LOTTA E MOBILITAZIONE CONTRO L\u2019OLOCAUSTO NUCLEARE ! 77 anni di guerre, saccheggi, soprusi e provocazioni militari di","robots":{"index":"index","follow":"follow","max-snippet":"max-snippet:-1","max-image-preview":"max-image-preview:large","max-video-preview":"max-video-preview:-1"},"canonical":"https:\/\/www.pressenza.com\/it\/2026\/03\/presidio-a-ghedi-4-aprile\/","og_locale":"it_IT","og_type":"article","og_title":"Nel 77\u00b0 anniversario della fondazione della NATO, presidio alla base di Ghedi","og_description":"FACCIAMO DEL 4 APRILE\u00a0UNA GIORNATA DI LOTTA E MOBILITAZIONE CONTRO L\u2019OLOCAUSTO NUCLEARE ! 77 anni di guerre, saccheggi, soprusi e provocazioni militari di","og_url":"https:\/\/www.pressenza.com\/it\/2026\/03\/presidio-a-ghedi-4-aprile\/","og_site_name":"Pressenza","article_publisher":"https:\/\/www.facebook.com\/PressenzaItalia","article_author":"https:\/\/www.facebook.com\/PressenzaItalia","article_published_time":"2026-03-24T21:06:37+00:00","og_image":[{"width":1920,"height":654,"url":"https:\/\/www.pressenza.com\/wp-content\/uploads\/2026\/03\/6_Stormo_Ghedi_1000_ore_di_volo_per_i_velivoli_F-35_20270702-2-scaled-1.jpg","type":"image\/jpeg"}],"author":"Redazione Italia","twitter_card":"summary_large_image","twitter_creator":"@pressenza_it","twitter_site":"@PressenzaIPA","twitter_misc":{"Scritto da":"Redazione Italia","Tempo di lettura stimato":"3 minuti"},"schema":{"@context":"https:\/\/schema.org","@graph":[{"@type":"Article","@id":"https:\/\/www.pressenza.com\/it\/2026\/03\/presidio-a-ghedi-4-aprile\/#article","isPartOf":{"@id":"https:\/\/www.pressenza.com\/it\/2026\/03\/presidio-a-ghedi-4-aprile\/"},"author":{"name":"Redazione Italia","@id":"https:\/\/www.pressenza.com\/it\/#\/schema\/person\/d983e81827ae24f2c7b1a2123d197f8d"},"headline":"Nel 77\u00b0 anniversario della fondazione della NATO, presidio alla base di Ghedi","datePublished":"2026-03-24T21:06:37+00:00","mainEntityOfPage":{"@id":"https:\/\/www.pressenza.com\/it\/2026\/03\/presidio-a-ghedi-4-aprile\/"},"wordCount":401,"publisher":{"@id":"https:\/\/www.pressenza.com\/it\/#organization"},"image":{"@id":"https:\/\/www.pressenza.com\/it\/2026\/03\/presidio-a-ghedi-4-aprile\/#primaryimage"},"thumbnailUrl":"https:\/\/www.pressenza.com\/wp-content\/uploads\/2026\/03\/6_Stormo_Ghedi_1000_ore_di_volo_per_i_velivoli_F-35_20270702-2-scaled-1.jpg","keywords":["Coordinamento Nazionale No NATO"],"articleSection":["Comunicati Stampa","Pace e Disarmo"],"inLanguage":"it-IT"},{"@type":"WebPage","@id":"https:\/\/www.pressenza.com\/it\/2026\/03\/presidio-a-ghedi-4-aprile\/","url":"https:\/\/www.pressenza.com\/it\/2026\/03\/presidio-a-ghedi-4-aprile\/","name":"Nel 77\u00b0 anniversario della fondazione della NATO, presidio alla base di Ghedi","isPartOf":{"@id":"https:\/\/www.pressenza.com\/it\/#website"},"primaryImageOfPage":{"@id":"https:\/\/www.pressenza.com\/it\/2026\/03\/presidio-a-ghedi-4-aprile\/#primaryimage"},"image":{"@id":"https:\/\/www.pressenza.com\/it\/2026\/03\/presidio-a-ghedi-4-aprile\/#primaryimage"},"thumbnailUrl":"https:\/\/www.pressenza.com\/wp-content\/uploads\/2026\/03\/6_Stormo_Ghedi_1000_ore_di_volo_per_i_velivoli_F-35_20270702-2-scaled-1.jpg","datePublished":"2026-03-24T21:06:37+00:00","description":"FACCIAMO DEL 4 APRILE\u00a0UNA GIORNATA DI LOTTA E MOBILITAZIONE CONTRO L\u2019OLOCAUSTO NUCLEARE ! 77 anni di guerre, saccheggi, soprusi e provocazioni militari di","breadcrumb":{"@id":"https:\/\/www.pressenza.com\/it\/2026\/03\/presidio-a-ghedi-4-aprile\/#breadcrumb"},"inLanguage":"it-IT","potentialAction":[{"@type":"ReadAction","target":["https:\/\/www.pressenza.com\/it\/2026\/03\/presidio-a-ghedi-4-aprile\/"]}]},{"@type":"ImageObject","inLanguage":"it-IT","@id":"https:\/\/www.pressenza.com\/it\/2026\/03\/presidio-a-ghedi-4-aprile\/#primaryimage","url":"https:\/\/www.pressenza.com\/wp-content\/uploads\/2026\/03\/6_Stormo_Ghedi_1000_ore_di_volo_per_i_velivoli_F-35_20270702-2-scaled-1.jpg","contentUrl":"https:\/\/www.pressenza.com\/wp-content\/uploads\/2026\/03\/6_Stormo_Ghedi_1000_ore_di_volo_per_i_velivoli_F-35_20270702-2-scaled-1.jpg","width":1920,"height":654},{"@type":"BreadcrumbList","@id":"https:\/\/www.pressenza.com\/it\/2026\/03\/presidio-a-ghedi-4-aprile\/#breadcrumb","itemListElement":[{"@type":"ListItem","position":1,"name":"Accueil","item":"https:\/\/www.pressenza.com\/it\/"},{"@type":"ListItem","position":2,"name":"Nel 77\u00b0 anniversario della fondazione della NATO, presidio alla base di Ghedi"}]},{"@type":"WebSite","@id":"https:\/\/www.pressenza.com\/it\/#website","url":"https:\/\/www.pressenza.com\/it\/","name":"Pressenza","description":"Agenzia di Stampa Internazionale","publisher":{"@id":"https:\/\/www.pressenza.com\/it\/#organization"},"potentialAction":[{"@type":"SearchAction","target":{"@type":"EntryPoint","urlTemplate":"https:\/\/www.pressenza.com\/it\/?s={search_term_string}"},"query-input":{"@type":"PropertyValueSpecification","valueRequired":true,"valueName":"search_term_string"}}],"inLanguage":"it-IT"},{"@type":"Organization","@id":"https:\/\/www.pressenza.com\/it\/#organization","name":"Pressenza","url":"https:\/\/www.pressenza.com\/it\/","logo":{"@type":"ImageObject","inLanguage":"it-IT","@id":"https:\/\/www.pressenza.com\/it\/#\/schema\/logo\/image\/","url":"https:\/\/www.pressenza.com\/wp-content\/uploads\/2022\/10\/pressenza_logo_200x200.jpg","contentUrl":"https:\/\/www.pressenza.com\/wp-content\/uploads\/2022\/10\/pressenza_logo_200x200.jpg","width":200,"height":200,"caption":"Pressenza"},"image":{"@id":"https:\/\/www.pressenza.com\/it\/#\/schema\/logo\/image\/"},"sameAs":["https:\/\/www.facebook.com\/PressenzaItalia","https:\/\/x.com\/PressenzaIPA"]},{"@type":"Person","@id":"https:\/\/www.pressenza.com\/it\/#\/schema\/person\/d983e81827ae24f2c7b1a2123d197f8d","name":"Redazione Italia","description":"News from the Pressenza Bureau in Italy","sameAs":["https:\/\/www.pressenza.com\/it\/author\/redazione-italia\/","https:\/\/www.facebook.com\/PressenzaItalia","https:\/\/www.instagram.com\/pressenza_italia\/","https:\/\/x.com\/pressenza_it","https:\/\/www.youtube.com\/channel\/UCSalEIWjE1RSxkwjfftFuqg"],"url":"https:\/\/www.pressenza.com\/it\/author\/redazione-italia\/"}]}},"place":"","original_article_url":"","_links":{"self":[{"href":"https:\/\/www.pressenza.com\/it\/wp-json\/wp\/v2\/posts\/2687327","targetHints":{"allow":["GET"]}}],"collection":[{"href":"https:\/\/www.pressenza.com\/it\/wp-json\/wp\/v2\/posts"}],"about":[{"href":"https:\/\/www.pressenza.com\/it\/wp-json\/wp\/v2\/types\/post"}],"author":[{"embeddable":true,"href":"https:\/\/www.pressenza.com\/it\/wp-json\/wp\/v2\/users\/594"}],"replies":[{"embeddable":true,"href":"https:\/\/www.pressenza.com\/it\/wp-json\/wp\/v2\/comments?post=2687327"}],"version-history":[{"count":4,"href":"https:\/\/www.pressenza.com\/it\/wp-json\/wp\/v2\/posts\/2687327\/revisions"}],"predecessor-version":[{"id":2687332,"href":"https:\/\/www.pressenza.com\/it\/wp-json\/wp\/v2\/posts\/2687327\/revisions\/2687332"}],"wp:featuredmedia":[{"embeddable":true,"href":"https:\/\/www.pressenza.com\/it\/wp-json\/wp\/v2\/media\/2687328"}],"wp:attachment":[{"href":"https:\/\/www.pressenza.com\/it\/wp-json\/wp\/v2\/media?parent=2687327"}],"wp:term":[{"taxonomy":"category","embeddable":true,"href":"https:\/\/www.pressenza.com\/it\/wp-json\/wp\/v2\/categories?post=2687327"},{"taxonomy":"post_tag","embeddable":true,"href":"https:\/\/www.pressenza.com\/it\/wp-json\/wp\/v2\/tags?post=2687327"}],"curies":[{"name":"wp","href":"https:\/\/api.w.org\/{rel}","templated":true}]}}