{"id":2684728,"date":"2026-03-16T11:29:24","date_gmt":"2026-03-16T11:29:24","guid":{"rendered":"https:\/\/www.pressenza.com\/?p=2684728"},"modified":"2026-03-16T11:29:24","modified_gmt":"2026-03-16T11:29:24","slug":"dichiarazione-del-fronte-pacifista-israelo-palestinese-sul-conflitto-in-corso","status":"publish","type":"post","link":"https:\/\/www.pressenza.com\/it\/2026\/03\/dichiarazione-del-fronte-pacifista-israelo-palestinese-sul-conflitto-in-corso\/","title":{"rendered":"Dichiarazione del fronte pacifista Israelo\/palestinese sul conflitto in corso"},"content":{"rendered":"<div class=\"card-body message-content-body pt-0 d-flex flex-column gap-4 margin-left\">\n<div class=\"message-content-body-text\">\n<div class=\"email-viewer-container\">\n<div class=\"viewport\">\n<div class=\"content\">\n<div>\n<div class=\"xam_msg_class\">\n<div>\n<div><b>80 organizzazioni ebraiche e arabe israeliane a Trump e Netanyahu: ponete fine alla guerra con l\u2019Iran<\/b><\/div>\n<div><\/div>\n<div><b>In questa Lettera Aperta la coalizione It\u2019s Time avverte che, in mancanza di una risoluzione del conflitto israelo-palestinese non sar\u00e0 possibile raggiungere alcuna stabilit\u00e0 nella regione, e critica il silenzio dell\u2019opposizione politica israeliana mentre la guerra si intensifica<\/b><\/div>\n<div><\/div>\n<div>Ottanta organizzazioni ebraiche e arabe in Israele hanno inviato oggi (luned\u00ec) una lettera aperta al presidente degli Stati Uniti Donald Trump e al primo ministro israeliano Benjamin Netanyahu, chiedendo la fine della guerra con l&#8217;Iran e l&#8217;avvio di un ampio processo politico regionale volto a risolvere il conflitto israelo-palestinese e a stabilizzare il Medio Oriente.<\/div>\n<div><\/div>\n<div>Le organizzazioni firmatarie della lettera sono membri della coalizione \u201cIt\u2019s Time\u201d, un\u2019ampia alleanza di organizzazioni per la pace, la riconciliazione e la societ\u00e0 condivisa in Israele.<\/div>\n<div><\/div>\n<div>Nella lettera, le organizzazioni avvertono che in conflitto attuale non sta affatto migliorando le condizioni di sicurezza, e al contario mette a rischio l\u2019intera regione:<\/div>\n<div><\/div>\n<div>&#8220;\u00c8 ora di fermare la guerra con l\u2019Iran \u2013 una guerra i cui obiettivi non sono raggiungibili n assenza di una chiara strategia di uscita. Ogni ulteriore guerra nella regione non fa che avvicinare il prossimo round invece di prevenirlo.&#8221;<\/div>\n<div><\/div>\n<div>\n<div>Secondo le organizzazioni, la guerra con l\u2019Iran non pu\u00f2 essere considerata isolatamente, ma \u00e8 direttamente collegata agli sviluppi a Gaza e in Cisgiordania. La lettera sottolinea che, sotto la copertura dell\u2019escalation regionale, il fragile cessate il fuoco a Gaza \u00e8 minacciato, la maggior parte dei valichi resta chiusa limitando il flusso degli aiuti umanitari, mentre la violenza dei coloni in Cisgiordania continua a intensificarsi, aumentando il rischio di un pi\u00f9 ampio deterioramento della situazione regionale.<\/div>\n<div><\/div>\n<div>Le organizzazioni sottolineano che senza una soluzione politica al conflitto israelo-palestinese non sar\u00e0 possibile raggiungere alcuna stabilit\u00e0 regionale:<\/div>\n<div><\/div>\n<div>\u201cProprio come il conflitto israelo-palestinese \u00e8 una fonte centrale di instabilit\u00e0 in questa area, la sua risoluzione sar\u00e0 la chiave per costruire una nuova e stabile architettura di sicurezza.\u201d<\/div>\n<div><\/div>\n<div>La lettera critica anche il sistema politico israeliano, in particolare la mancanza di una chiara voce dell\u2019opposizione ebraica che chieda la fine della guerra:<\/div>\n<div><\/div>\n<div>\u00abIn assenza di una chiara voce politica che chieda la fine della guerra, la societ\u00e0 civile si trova da sola a sventolare questa bandiera che esprime la volont\u00e0 della stragrande maggioranza dell\u2019opinione pubblica in Israele, che vuole la vita, la pace e la fine del ciclo di spargimenti di sangue\u00bb.<\/div>\n<div><\/div>\n<div>Le organizzazioni affermano che l\u2019appello a porre fine alla guerra fa parte di uno sforzo pi\u00f9 ampio volto a promuovere un processo politico regionale, che include il mantenimento del cessate il fuoco a Gaza, il contenimento della violenza in Cisgiordania e la convocazione di una conferenza regionale per avviare un processo diplomatico volto a risolvere una volta per sempre il conflitto israelo-palestinese.<\/div>\n<div><\/div>\n<\/div>\n<\/div>\n<div>Il 30 aprile prossimo, la coalizione \u201cIt\u2019s Time\u201d ha previsto la 3za edizione del People\u2019s Peace Summit a Tel Aviv: il pi\u00f9 grande evento contro la guerra in programma in Israele nel 2026 e il primo grande raduno pubblico che chiede la fine delle guerre con l\u2019Iran e il Libano e un processo politico regionale.<\/div>\n<div><\/div>\n<div>*Link alla lettera completa:*<a href=\"https:\/\/drive.google.com\/file\/d\/1QTec2mbk2p8p6gZyFXrLew8cpY3LeKe9\/view?usp=drive_link\" target=\"_blank\" rel=\"noopener noreferrer\"> https:\/\/drive.google.com\/file\/d\/1QTec2mbk2p8p6gZyFXrLew8cpY3LeKe9\/view?usp=drive_link<\/a><\/div>\n<div><\/div>\n<div>*Informazioni sulla coalizione \u201cIt\u2019s Time\u201d*<\/div>\n<div>\u201cIt\u2019s Time\u201d \u00e8 un&#8217;ampia coalizione di circa 80 organizzazioni ebraiche e arabe per la pace e la societ\u00e0 condivisa in Israele, che lavorano insieme per promuovere la fine del conflitto israelo-palestinese attraverso un accordo politico e per promuovere un futuro di sicurezza, giustizia e uguaglianza per entrambi i popoli. Nell&#8217;ambito del suo lavoro, la coalizione promuove iniziative pubbliche e diplomatiche, tra cui il People\u2019s Peace Summit, che cerca di presentare un&#8217;alternativa civica al ciclo continuo di conflitti e guerre.<\/div>\n<div><\/div>\n<div><\/div>\n<\/div>\n<\/div>\n<\/div>\n<\/div>\n<\/div>\n<\/div>\n<\/div>\n<div class=\"card-footer message-content-footer pb-3 sticky-bottom z-3 margin-left\">\n<div class=\"aru-button-group\" role=\"group\"><\/div>\n<\/div>\n","protected":false},"excerpt":{"rendered":"<p>80 organizzazioni ebraiche e arabe israeliane a Trump e Netanyahu: ponete fine alla guerra con l\u2019Iran In questa Lettera Aperta la coalizione It\u2019s Time avverte che, in mancanza di una risoluzione del conflitto israelo-palestinese non sar\u00e0 possibile raggiungere alcuna stabilit\u00e0&hellip;<\/p>\n","protected":false},"author":2072,"featured_media":1898355,"comment_status":"closed","ping_status":"closed","sticky":false,"template":"","format":"standard","meta":{"footnotes":""},"categories":[52,1262,1263,57],"tags":[9778,8714,206,140717],"class_list":["post-2684728","post","type-post","status-publish","format-standard","has-post-thumbnail","hentry","category-medio-oriente","category-nonviolenza-argomento","category-pace-disarmo","category-affari-esteri","tag-comunicato","tag-conflitto","tag-iran","tag-its-time-it"],"yoast_head":"<!-- This site is optimized with the Yoast SEO plugin v27.1.1 - https:\/\/yoast.com\/product\/yoast-seo-wordpress\/ -->\n<title>Dichiarazione del fronte pacifista Israelo\/palestinese sul conflitto in corso<\/title>\n<meta name=\"description\" content=\"80 organizzazioni ebraiche e arabe israeliane a Trump e Netanyahu: ponete fine alla guerra con l\u2019Iran In questa Lettera Aperta la coalizione It\u2019s Time\" \/>\n<meta name=\"robots\" content=\"index, follow, max-snippet:-1, max-image-preview:large, max-video-preview:-1\" \/>\n<link rel=\"canonical\" href=\"https:\/\/www.pressenza.com\/it\/2026\/03\/dichiarazione-del-fronte-pacifista-israelo-palestinese-sul-conflitto-in-corso\/\" \/>\n<meta property=\"og:locale\" content=\"it_IT\" \/>\n<meta property=\"og:type\" content=\"article\" \/>\n<meta property=\"og:title\" content=\"Dichiarazione del fronte pacifista Israelo\/palestinese sul conflitto in corso\" \/>\n<meta property=\"og:description\" content=\"80 organizzazioni ebraiche e arabe israeliane a Trump e Netanyahu: ponete fine alla guerra con l\u2019Iran In questa Lettera Aperta la coalizione It\u2019s Time\" \/>\n<meta property=\"og:url\" content=\"https:\/\/www.pressenza.com\/it\/2026\/03\/dichiarazione-del-fronte-pacifista-israelo-palestinese-sul-conflitto-in-corso\/\" \/>\n<meta property=\"og:site_name\" content=\"Pressenza\" \/>\n<meta property=\"article:publisher\" content=\"https:\/\/www.facebook.com\/PressenzaItalia\" \/>\n<meta property=\"article:published_time\" content=\"2026-03-16T11:29:24+00:00\" \/>\n<meta property=\"og:image\" content=\"https:\/\/www.pressenza.com\/wp-content\/uploads\/2013\/06\/syriandust-600x399-en-fr.jpg\" \/>\n\t<meta property=\"og:image:width\" content=\"600\" \/>\n\t<meta property=\"og:image:height\" content=\"399\" \/>\n\t<meta property=\"og:image:type\" content=\"image\/jpeg\" \/>\n<meta name=\"author\" content=\"Daniela Bezzi\" \/>\n<meta name=\"twitter:card\" content=\"summary_large_image\" \/>\n<meta name=\"twitter:creator\" content=\"@PressenzaIPA\" \/>\n<meta name=\"twitter:site\" content=\"@PressenzaIPA\" \/>\n<meta name=\"twitter:label1\" content=\"Scritto da\" \/>\n\t<meta name=\"twitter:data1\" content=\"Daniela Bezzi\" \/>\n\t<meta name=\"twitter:label2\" content=\"Tempo di lettura stimato\" \/>\n\t<meta name=\"twitter:data2\" content=\"3 minuti\" \/>\n<script type=\"application\/ld+json\" class=\"yoast-schema-graph\">{\"@context\":\"https:\/\/schema.org\",\"@graph\":[{\"@type\":\"Article\",\"@id\":\"https:\/\/www.pressenza.com\/it\/2026\/03\/dichiarazione-del-fronte-pacifista-israelo-palestinese-sul-conflitto-in-corso\/#article\",\"isPartOf\":{\"@id\":\"https:\/\/www.pressenza.com\/it\/2026\/03\/dichiarazione-del-fronte-pacifista-israelo-palestinese-sul-conflitto-in-corso\/\"},\"author\":{\"name\":\"Daniela Bezzi\",\"@id\":\"https:\/\/www.pressenza.com\/it\/#\/schema\/person\/e824ea519c79c3808f4910f1c2b90688\"},\"headline\":\"Dichiarazione del fronte pacifista Israelo\/palestinese sul conflitto in corso\",\"datePublished\":\"2026-03-16T11:29:24+00:00\",\"mainEntityOfPage\":{\"@id\":\"https:\/\/www.pressenza.com\/it\/2026\/03\/dichiarazione-del-fronte-pacifista-israelo-palestinese-sul-conflitto-in-corso\/\"},\"wordCount\":641,\"publisher\":{\"@id\":\"https:\/\/www.pressenza.com\/it\/#organization\"},\"image\":{\"@id\":\"https:\/\/www.pressenza.com\/it\/2026\/03\/dichiarazione-del-fronte-pacifista-israelo-palestinese-sul-conflitto-in-corso\/#primaryimage\"},\"thumbnailUrl\":\"https:\/\/www.pressenza.com\/wp-content\/uploads\/2013\/06\/syriandust-600x399-en-fr.jpg\",\"keywords\":[\"comunicato\",\"conflitto\",\"Iran\",\"It\u2019s Time\"],\"articleSection\":[\"Medio Oriente\",\"Nonviolenza\",\"Pace e Disarmo\",\"Questioni internazionali\"],\"inLanguage\":\"it-IT\"},{\"@type\":\"WebPage\",\"@id\":\"https:\/\/www.pressenza.com\/it\/2026\/03\/dichiarazione-del-fronte-pacifista-israelo-palestinese-sul-conflitto-in-corso\/\",\"url\":\"https:\/\/www.pressenza.com\/it\/2026\/03\/dichiarazione-del-fronte-pacifista-israelo-palestinese-sul-conflitto-in-corso\/\",\"name\":\"Dichiarazione del fronte pacifista Israelo\/palestinese sul conflitto in corso\",\"isPartOf\":{\"@id\":\"https:\/\/www.pressenza.com\/it\/#website\"},\"primaryImageOfPage\":{\"@id\":\"https:\/\/www.pressenza.com\/it\/2026\/03\/dichiarazione-del-fronte-pacifista-israelo-palestinese-sul-conflitto-in-corso\/#primaryimage\"},\"image\":{\"@id\":\"https:\/\/www.pressenza.com\/it\/2026\/03\/dichiarazione-del-fronte-pacifista-israelo-palestinese-sul-conflitto-in-corso\/#primaryimage\"},\"thumbnailUrl\":\"https:\/\/www.pressenza.com\/wp-content\/uploads\/2013\/06\/syriandust-600x399-en-fr.jpg\",\"datePublished\":\"2026-03-16T11:29:24+00:00\",\"description\":\"80 organizzazioni ebraiche e arabe israeliane a Trump e Netanyahu: ponete fine alla guerra con l\u2019Iran In questa Lettera Aperta la coalizione It\u2019s Time\",\"breadcrumb\":{\"@id\":\"https:\/\/www.pressenza.com\/it\/2026\/03\/dichiarazione-del-fronte-pacifista-israelo-palestinese-sul-conflitto-in-corso\/#breadcrumb\"},\"inLanguage\":\"it-IT\",\"potentialAction\":[{\"@type\":\"ReadAction\",\"target\":[\"https:\/\/www.pressenza.com\/it\/2026\/03\/dichiarazione-del-fronte-pacifista-israelo-palestinese-sul-conflitto-in-corso\/\"]}]},{\"@type\":\"ImageObject\",\"inLanguage\":\"it-IT\",\"@id\":\"https:\/\/www.pressenza.com\/it\/2026\/03\/dichiarazione-del-fronte-pacifista-israelo-palestinese-sul-conflitto-in-corso\/#primaryimage\",\"url\":\"https:\/\/www.pressenza.com\/wp-content\/uploads\/2013\/06\/syriandust-600x399-en-fr.jpg\",\"contentUrl\":\"https:\/\/www.pressenza.com\/wp-content\/uploads\/2013\/06\/syriandust-600x399-en-fr.jpg\",\"width\":600,\"height\":399},{\"@type\":\"BreadcrumbList\",\"@id\":\"https:\/\/www.pressenza.com\/it\/2026\/03\/dichiarazione-del-fronte-pacifista-israelo-palestinese-sul-conflitto-in-corso\/#breadcrumb\",\"itemListElement\":[{\"@type\":\"ListItem\",\"position\":1,\"name\":\"Accueil\",\"item\":\"https:\/\/www.pressenza.com\/it\/\"},{\"@type\":\"ListItem\",\"position\":2,\"name\":\"Dichiarazione del fronte pacifista Israelo\/palestinese sul conflitto in corso\"}]},{\"@type\":\"WebSite\",\"@id\":\"https:\/\/www.pressenza.com\/it\/#website\",\"url\":\"https:\/\/www.pressenza.com\/it\/\",\"name\":\"Pressenza\",\"description\":\"Agenzia di Stampa Internazionale\",\"publisher\":{\"@id\":\"https:\/\/www.pressenza.com\/it\/#organization\"},\"potentialAction\":[{\"@type\":\"SearchAction\",\"target\":{\"@type\":\"EntryPoint\",\"urlTemplate\":\"https:\/\/www.pressenza.com\/it\/?s={search_term_string}\"},\"query-input\":{\"@type\":\"PropertyValueSpecification\",\"valueRequired\":true,\"valueName\":\"search_term_string\"}}],\"inLanguage\":\"it-IT\"},{\"@type\":\"Organization\",\"@id\":\"https:\/\/www.pressenza.com\/it\/#organization\",\"name\":\"Pressenza\",\"url\":\"https:\/\/www.pressenza.com\/it\/\",\"logo\":{\"@type\":\"ImageObject\",\"inLanguage\":\"it-IT\",\"@id\":\"https:\/\/www.pressenza.com\/it\/#\/schema\/logo\/image\/\",\"url\":\"https:\/\/www.pressenza.com\/wp-content\/uploads\/2022\/10\/pressenza_logo_200x200.jpg\",\"contentUrl\":\"https:\/\/www.pressenza.com\/wp-content\/uploads\/2022\/10\/pressenza_logo_200x200.jpg\",\"width\":200,\"height\":200,\"caption\":\"Pressenza\"},\"image\":{\"@id\":\"https:\/\/www.pressenza.com\/it\/#\/schema\/logo\/image\/\"},\"sameAs\":[\"https:\/\/www.facebook.com\/PressenzaItalia\",\"https:\/\/x.com\/PressenzaIPA\"]},{\"@type\":\"Person\",\"@id\":\"https:\/\/www.pressenza.com\/it\/#\/schema\/person\/e824ea519c79c3808f4910f1c2b90688\",\"name\":\"Daniela Bezzi\",\"description\":\"A journalist, cultural worker and independent researcher, she lived and worked for extended periods in Japan, the UK and India before settling back in Italy, where she contributes to various publications on environmental, human rights and labour issues.\",\"url\":\"https:\/\/www.pressenza.com\/it\/author\/daniela-bezzi\/\"}]}<\/script>\n<!-- \/ Yoast SEO plugin. -->","yoast_head_json":{"title":"Dichiarazione del fronte pacifista Israelo\/palestinese sul conflitto in corso","description":"80 organizzazioni ebraiche e arabe israeliane a Trump e Netanyahu: ponete fine alla guerra con l\u2019Iran In questa Lettera Aperta la coalizione It\u2019s Time","robots":{"index":"index","follow":"follow","max-snippet":"max-snippet:-1","max-image-preview":"max-image-preview:large","max-video-preview":"max-video-preview:-1"},"canonical":"https:\/\/www.pressenza.com\/it\/2026\/03\/dichiarazione-del-fronte-pacifista-israelo-palestinese-sul-conflitto-in-corso\/","og_locale":"it_IT","og_type":"article","og_title":"Dichiarazione del fronte pacifista Israelo\/palestinese sul conflitto in corso","og_description":"80 organizzazioni ebraiche e arabe israeliane a Trump e Netanyahu: ponete fine alla guerra con l\u2019Iran In questa Lettera Aperta la coalizione It\u2019s Time","og_url":"https:\/\/www.pressenza.com\/it\/2026\/03\/dichiarazione-del-fronte-pacifista-israelo-palestinese-sul-conflitto-in-corso\/","og_site_name":"Pressenza","article_publisher":"https:\/\/www.facebook.com\/PressenzaItalia","article_published_time":"2026-03-16T11:29:24+00:00","og_image":[{"width":600,"height":399,"url":"https:\/\/www.pressenza.com\/wp-content\/uploads\/2013\/06\/syriandust-600x399-en-fr.jpg","type":"image\/jpeg"}],"author":"Daniela Bezzi","twitter_card":"summary_large_image","twitter_creator":"@PressenzaIPA","twitter_site":"@PressenzaIPA","twitter_misc":{"Scritto da":"Daniela Bezzi","Tempo di lettura stimato":"3 minuti"},"schema":{"@context":"https:\/\/schema.org","@graph":[{"@type":"Article","@id":"https:\/\/www.pressenza.com\/it\/2026\/03\/dichiarazione-del-fronte-pacifista-israelo-palestinese-sul-conflitto-in-corso\/#article","isPartOf":{"@id":"https:\/\/www.pressenza.com\/it\/2026\/03\/dichiarazione-del-fronte-pacifista-israelo-palestinese-sul-conflitto-in-corso\/"},"author":{"name":"Daniela Bezzi","@id":"https:\/\/www.pressenza.com\/it\/#\/schema\/person\/e824ea519c79c3808f4910f1c2b90688"},"headline":"Dichiarazione del fronte pacifista Israelo\/palestinese sul conflitto in corso","datePublished":"2026-03-16T11:29:24+00:00","mainEntityOfPage":{"@id":"https:\/\/www.pressenza.com\/it\/2026\/03\/dichiarazione-del-fronte-pacifista-israelo-palestinese-sul-conflitto-in-corso\/"},"wordCount":641,"publisher":{"@id":"https:\/\/www.pressenza.com\/it\/#organization"},"image":{"@id":"https:\/\/www.pressenza.com\/it\/2026\/03\/dichiarazione-del-fronte-pacifista-israelo-palestinese-sul-conflitto-in-corso\/#primaryimage"},"thumbnailUrl":"https:\/\/www.pressenza.com\/wp-content\/uploads\/2013\/06\/syriandust-600x399-en-fr.jpg","keywords":["comunicato","conflitto","Iran","It\u2019s Time"],"articleSection":["Medio Oriente","Nonviolenza","Pace e Disarmo","Questioni internazionali"],"inLanguage":"it-IT"},{"@type":"WebPage","@id":"https:\/\/www.pressenza.com\/it\/2026\/03\/dichiarazione-del-fronte-pacifista-israelo-palestinese-sul-conflitto-in-corso\/","url":"https:\/\/www.pressenza.com\/it\/2026\/03\/dichiarazione-del-fronte-pacifista-israelo-palestinese-sul-conflitto-in-corso\/","name":"Dichiarazione del fronte pacifista Israelo\/palestinese sul conflitto in corso","isPartOf":{"@id":"https:\/\/www.pressenza.com\/it\/#website"},"primaryImageOfPage":{"@id":"https:\/\/www.pressenza.com\/it\/2026\/03\/dichiarazione-del-fronte-pacifista-israelo-palestinese-sul-conflitto-in-corso\/#primaryimage"},"image":{"@id":"https:\/\/www.pressenza.com\/it\/2026\/03\/dichiarazione-del-fronte-pacifista-israelo-palestinese-sul-conflitto-in-corso\/#primaryimage"},"thumbnailUrl":"https:\/\/www.pressenza.com\/wp-content\/uploads\/2013\/06\/syriandust-600x399-en-fr.jpg","datePublished":"2026-03-16T11:29:24+00:00","description":"80 organizzazioni ebraiche e arabe israeliane a Trump e Netanyahu: ponete fine alla guerra con l\u2019Iran In questa Lettera Aperta la coalizione It\u2019s Time","breadcrumb":{"@id":"https:\/\/www.pressenza.com\/it\/2026\/03\/dichiarazione-del-fronte-pacifista-israelo-palestinese-sul-conflitto-in-corso\/#breadcrumb"},"inLanguage":"it-IT","potentialAction":[{"@type":"ReadAction","target":["https:\/\/www.pressenza.com\/it\/2026\/03\/dichiarazione-del-fronte-pacifista-israelo-palestinese-sul-conflitto-in-corso\/"]}]},{"@type":"ImageObject","inLanguage":"it-IT","@id":"https:\/\/www.pressenza.com\/it\/2026\/03\/dichiarazione-del-fronte-pacifista-israelo-palestinese-sul-conflitto-in-corso\/#primaryimage","url":"https:\/\/www.pressenza.com\/wp-content\/uploads\/2013\/06\/syriandust-600x399-en-fr.jpg","contentUrl":"https:\/\/www.pressenza.com\/wp-content\/uploads\/2013\/06\/syriandust-600x399-en-fr.jpg","width":600,"height":399},{"@type":"BreadcrumbList","@id":"https:\/\/www.pressenza.com\/it\/2026\/03\/dichiarazione-del-fronte-pacifista-israelo-palestinese-sul-conflitto-in-corso\/#breadcrumb","itemListElement":[{"@type":"ListItem","position":1,"name":"Accueil","item":"https:\/\/www.pressenza.com\/it\/"},{"@type":"ListItem","position":2,"name":"Dichiarazione del fronte pacifista Israelo\/palestinese sul conflitto in corso"}]},{"@type":"WebSite","@id":"https:\/\/www.pressenza.com\/it\/#website","url":"https:\/\/www.pressenza.com\/it\/","name":"Pressenza","description":"Agenzia di Stampa Internazionale","publisher":{"@id":"https:\/\/www.pressenza.com\/it\/#organization"},"potentialAction":[{"@type":"SearchAction","target":{"@type":"EntryPoint","urlTemplate":"https:\/\/www.pressenza.com\/it\/?s={search_term_string}"},"query-input":{"@type":"PropertyValueSpecification","valueRequired":true,"valueName":"search_term_string"}}],"inLanguage":"it-IT"},{"@type":"Organization","@id":"https:\/\/www.pressenza.com\/it\/#organization","name":"Pressenza","url":"https:\/\/www.pressenza.com\/it\/","logo":{"@type":"ImageObject","inLanguage":"it-IT","@id":"https:\/\/www.pressenza.com\/it\/#\/schema\/logo\/image\/","url":"https:\/\/www.pressenza.com\/wp-content\/uploads\/2022\/10\/pressenza_logo_200x200.jpg","contentUrl":"https:\/\/www.pressenza.com\/wp-content\/uploads\/2022\/10\/pressenza_logo_200x200.jpg","width":200,"height":200,"caption":"Pressenza"},"image":{"@id":"https:\/\/www.pressenza.com\/it\/#\/schema\/logo\/image\/"},"sameAs":["https:\/\/www.facebook.com\/PressenzaItalia","https:\/\/x.com\/PressenzaIPA"]},{"@type":"Person","@id":"https:\/\/www.pressenza.com\/it\/#\/schema\/person\/e824ea519c79c3808f4910f1c2b90688","name":"Daniela Bezzi","description":"A journalist, cultural worker and independent researcher, she lived and worked for extended periods in Japan, the UK and India before settling back in Italy, where she contributes to various publications on environmental, human rights and labour issues.","url":"https:\/\/www.pressenza.com\/it\/author\/daniela-bezzi\/"}]}},"place":"","original_article_url":"","_links":{"self":[{"href":"https:\/\/www.pressenza.com\/it\/wp-json\/wp\/v2\/posts\/2684728","targetHints":{"allow":["GET"]}}],"collection":[{"href":"https:\/\/www.pressenza.com\/it\/wp-json\/wp\/v2\/posts"}],"about":[{"href":"https:\/\/www.pressenza.com\/it\/wp-json\/wp\/v2\/types\/post"}],"author":[{"embeddable":true,"href":"https:\/\/www.pressenza.com\/it\/wp-json\/wp\/v2\/users\/2072"}],"replies":[{"embeddable":true,"href":"https:\/\/www.pressenza.com\/it\/wp-json\/wp\/v2\/comments?post=2684728"}],"version-history":[{"count":2,"href":"https:\/\/www.pressenza.com\/it\/wp-json\/wp\/v2\/posts\/2684728\/revisions"}],"predecessor-version":[{"id":2684743,"href":"https:\/\/www.pressenza.com\/it\/wp-json\/wp\/v2\/posts\/2684728\/revisions\/2684743"}],"wp:featuredmedia":[{"embeddable":true,"href":"https:\/\/www.pressenza.com\/it\/wp-json\/wp\/v2\/media\/1898355"}],"wp:attachment":[{"href":"https:\/\/www.pressenza.com\/it\/wp-json\/wp\/v2\/media?parent=2684728"}],"wp:term":[{"taxonomy":"category","embeddable":true,"href":"https:\/\/www.pressenza.com\/it\/wp-json\/wp\/v2\/categories?post=2684728"},{"taxonomy":"post_tag","embeddable":true,"href":"https:\/\/www.pressenza.com\/it\/wp-json\/wp\/v2\/tags?post=2684728"}],"curies":[{"name":"wp","href":"https:\/\/api.w.org\/{rel}","templated":true}]}}