{"id":2683886,"date":"2026-03-13T10:03:00","date_gmt":"2026-03-13T10:03:00","guid":{"rendered":"https:\/\/www.pressenza.com\/?p=2683886"},"modified":"2026-03-13T10:03:00","modified_gmt":"2026-03-13T10:03:00","slug":"il-liceo-capialbi-celebra-la-giornata-della-cura-del-mondo-attraverso-i-giusti","status":"publish","type":"post","link":"https:\/\/www.pressenza.com\/it\/2026\/03\/il-liceo-capialbi-celebra-la-giornata-della-cura-del-mondo-attraverso-i-giusti\/","title":{"rendered":"Il Liceo Capialbi celebra la Giornata della cura del mondo attraverso i Giusti"},"content":{"rendered":"<p>Il 9 marzo 2026 al Liceo Statale Vito Capialbi di Vibo Valentia si \u00e8 svolta una mattinata intensa di riflessione, cultura e partecipazione in occasione della \u201c<strong>Giornata della cura del mondo attraverso i Giusti<\/strong>\u201d, iniziativa dedicata alla figura di <a href=\"https:\/\/it.wikipedia.org\/wiki\/Sophie_Scholl\">Sophie Scholl<\/a>, giovane simbolo di coraggio civile e di resistenza morale contro ogni forma di totalitarismo e ingiustizia.<\/p>\n<p>L\u2019evento, promosso dal <strong>Comitato scolastico Diritti Umani<\/strong> dell\u2019istituto, ha rappresentato un importante momento di approfondimento sui temi della memoria storica, della difesa dei diritti umani e del valore delle scelte individuali di fronte alle ingiustizie della storia e del presente.<\/p>\n<p>La giornata si \u00e8 aperta alle 11:10 con un momento artistico che ha coinvolto gli studenti del liceo. L\u2019orchestra dell\u2019istituto, diretta dal Maestro Diego Ventura, ha offerto un saluto musicale introduttivo, seguito da una performance di danza curata dalla classe 2A del corso coreutico, guidata dalla Professoressa Gabriella Cutrupi. I due momenti artistici hanno contribuito a creare un clima di partecipazione e riflessione, sottolineando il legame tra arte e memoria. Alle 11:15 \u00e8 intervenuta Elisa Greco, attivista del Comitato scolastico Diritti Umani, che ha introdotto e coordinato l\u2019incontro, illustrando il significato della giornata e il valore simbolico della figura dei \u201cGiusti\u201d, ovvero di coloro che nella storia hanno avuto il coraggio di opporsi alle ingiustizie e di difendere la dignit\u00e0 umana.<\/p>\n<p>A seguire si sono svolti i saluti istituzionali del Dirigente Scolastico Antonello Scalamandr\u00e8 e di Monsignor Giuseppe Fiorillo, gi\u00e0 presidente dell\u2019associazione Libera di Vibo Valentia. Entrambi hanno sottolineato l\u2019importanza della scuola come luogo di formazione civile e culturale, capace di educare le nuove generazioni ai valori della responsabilit\u00e0, della solidariet\u00e0 e della giustizia. Il momento centrale dell\u2019incontro \u00e8 stato dedicato alla presentazione del volume \u201cViolenza e nonviolenza nei tempi bui della globalizzazione\u201d, pubblicato dal Comitato scolastico Diritti Umani. Durante questa fase sono intervenuti gli attivisti e gli autori del volume, offrendo spunti di riflessione sulle dinamiche dei conflitti contemporanei e sull\u2019importanza di promuovere una cultura della pace e della nonviolenza.<\/p>\n<p>Nel corso della mattinata, in rappresentanza della classe IVBSU, sono intervenuti gli studenti Riccardo Lagamba e Martina La Scala, affiancati dalle studentesse Miriam Teti ed Emily Fusca della VBSU, che hanno partecipato alla lettura e alla presentazione dei contenuti legati ai temi della giornata. Il loro intervento ha evidenziato il ruolo fondamentale delle giovani generazioni nella difesa dei diritti umani e nella costruzione di una societ\u00e0 pi\u00f9 giusta e consapevole. Durante la presentazione \u00e8 intervenuta anche la Dott.ssa Menella Potenza, gi\u00e0 direttrice della Biblioteca Comunale di Vibo Valentia, che ha offerto un significativo contributo culturale sul valore della memoria storica e sull\u2019importanza della riflessione critica nel mondo contemporaneo. Alle 12:10 la mattinata \u00e8 proseguita con un intermezzo musicale a cura dell\u2019orchestra del liceo, sempre diretta dal Maestro Diego Ventura, che ha regalato al pubblico un ulteriore momento di coinvolgimento artistico. Successivamente \u00e8 stato presentato il volume \u201cCritica della ragion bellica\u201d del filosofo e giurista Tommaso Greco. Durante questo momento sono intervenuti Igor Campanaro e Carmen Sette, studenti della classe VBSU, che hanno approfondito i temi centrali dell\u2019opera, soffermandosi sul concetto di \u201cragione bellica\u201d e sulla necessit\u00e0 di promuovere una cultura fondata sul dialogo, sulla responsabilit\u00e0 e sulla pace.<\/p>\n<p>Nella parte conclusiva dell\u2019evento si \u00e8 svolta la presentazione del Giusto, momento simbolico dedicato alla memoria di coloro che, nel corso della storia, hanno difeso i diritti e la dignit\u00e0 degli altri anche a rischio della propria vita. La giornata si \u00e8 infine conclusa con la piantumazione e la benedizione dell\u2019albero dei Giusti, gesto simbolico che rappresenta l\u2019impegno della comunit\u00e0 scolastica nel mantenere viva la memoria di queste figure e nel promuovere i valori della giustizia, della solidariet\u00e0 e della responsabilit\u00e0 civile.<\/p>\n<p>L\u2019iniziativa ha rappresentato un\u2019importante occasione di crescita culturale e civile per gli studenti del liceo, confermando il ruolo fondamentale della scuola come luogo di memoria, consapevolezza e impegno per la costruzione di una societ\u00e0 pi\u00f9 giusta.<\/p>\n","protected":false},"excerpt":{"rendered":"<p>Il 9 marzo 2026 al Liceo Statale Vito Capialbi di Vibo Valentia si \u00e8 svolta una mattinata intensa di riflessione, cultura e partecipazione in occasione della \u201cGiornata della cura del mondo attraverso i Giusti\u201d, iniziativa dedicata alla figura di Sophie&hellip;<\/p>\n","protected":false},"author":594,"featured_media":2683887,"comment_status":"closed","ping_status":"closed","sticky":false,"template":"","format":"standard","meta":{"footnotes":""},"categories":[11388,60,47,1262],"tags":[117283,153460,117282],"class_list":["post-2683886","post","type-post","status-publish","format-standard","has-post-thumbnail","hentry","category-contenuti-originali","category-diritti-umani","category-europa","category-nonviolenza-argomento","tag-comitato-scolastico-diritti-umani","tag-giornata-della-cura-del-mondo-attraverso-i-giusti","tag-liceo-statale-vito-capialbi"],"yoast_head":"<!-- This site is optimized with the Yoast SEO plugin v27.1.1 - https:\/\/yoast.com\/product\/yoast-seo-wordpress\/ -->\n<title>Il Liceo Capialbi celebra la Giornata della cura del mondo attraverso i Giusti<\/title>\n<meta name=\"description\" content=\"Il 9 marzo 2026 al Liceo Statale Vito Capialbi di Vibo Valentia si \u00e8 svolta una mattinata intensa di riflessione, cultura e partecipazione in occasione\" \/>\n<meta name=\"robots\" content=\"index, follow, max-snippet:-1, max-image-preview:large, max-video-preview:-1\" \/>\n<link rel=\"canonical\" href=\"https:\/\/www.pressenza.com\/it\/2026\/03\/il-liceo-capialbi-celebra-la-giornata-della-cura-del-mondo-attraverso-i-giusti\/\" \/>\n<meta property=\"og:locale\" content=\"it_IT\" \/>\n<meta property=\"og:type\" content=\"article\" \/>\n<meta property=\"og:title\" content=\"Il Liceo Capialbi celebra la Giornata della cura del mondo attraverso i Giusti\" \/>\n<meta property=\"og:description\" content=\"Il 9 marzo 2026 al Liceo Statale Vito Capialbi di Vibo Valentia si \u00e8 svolta una mattinata intensa di riflessione, cultura e partecipazione in occasione\" \/>\n<meta property=\"og:url\" content=\"https:\/\/www.pressenza.com\/it\/2026\/03\/il-liceo-capialbi-celebra-la-giornata-della-cura-del-mondo-attraverso-i-giusti\/\" \/>\n<meta property=\"og:site_name\" content=\"Pressenza\" \/>\n<meta property=\"article:publisher\" content=\"https:\/\/www.facebook.com\/PressenzaItalia\" \/>\n<meta property=\"article:author\" content=\"https:\/\/www.facebook.com\/PressenzaItalia\" \/>\n<meta property=\"article:published_time\" content=\"2026-03-13T10:03:00+00:00\" \/>\n<meta property=\"og:image\" content=\"https:\/\/www.pressenza.com\/wp-content\/uploads\/2026\/03\/giornata-giusti-VV-rit.jpg\" \/>\n\t<meta property=\"og:image:width\" content=\"1520\" \/>\n\t<meta property=\"og:image:height\" content=\"1353\" \/>\n\t<meta property=\"og:image:type\" content=\"image\/jpeg\" \/>\n<meta name=\"author\" content=\"Redazione Italia\" \/>\n<meta name=\"twitter:card\" content=\"summary_large_image\" \/>\n<meta name=\"twitter:creator\" content=\"@pressenza_it\" \/>\n<meta name=\"twitter:site\" content=\"@PressenzaIPA\" \/>\n<meta name=\"twitter:label1\" content=\"Scritto da\" \/>\n\t<meta name=\"twitter:data1\" content=\"Redazione Italia\" \/>\n\t<meta name=\"twitter:label2\" content=\"Tempo di lettura stimato\" \/>\n\t<meta name=\"twitter:data2\" content=\"4 minuti\" \/>\n<script type=\"application\/ld+json\" class=\"yoast-schema-graph\">{\"@context\":\"https:\/\/schema.org\",\"@graph\":[{\"@type\":\"Article\",\"@id\":\"https:\/\/www.pressenza.com\/it\/2026\/03\/il-liceo-capialbi-celebra-la-giornata-della-cura-del-mondo-attraverso-i-giusti\/#article\",\"isPartOf\":{\"@id\":\"https:\/\/www.pressenza.com\/it\/2026\/03\/il-liceo-capialbi-celebra-la-giornata-della-cura-del-mondo-attraverso-i-giusti\/\"},\"author\":{\"name\":\"Redazione Italia\",\"@id\":\"https:\/\/www.pressenza.com\/it\/#\/schema\/person\/d983e81827ae24f2c7b1a2123d197f8d\"},\"headline\":\"Il Liceo Capialbi celebra la Giornata della cura del mondo attraverso i Giusti\",\"datePublished\":\"2026-03-13T10:03:00+00:00\",\"mainEntityOfPage\":{\"@id\":\"https:\/\/www.pressenza.com\/it\/2026\/03\/il-liceo-capialbi-celebra-la-giornata-della-cura-del-mondo-attraverso-i-giusti\/\"},\"wordCount\":661,\"publisher\":{\"@id\":\"https:\/\/www.pressenza.com\/it\/#organization\"},\"image\":{\"@id\":\"https:\/\/www.pressenza.com\/it\/2026\/03\/il-liceo-capialbi-celebra-la-giornata-della-cura-del-mondo-attraverso-i-giusti\/#primaryimage\"},\"thumbnailUrl\":\"https:\/\/www.pressenza.com\/wp-content\/uploads\/2026\/03\/giornata-giusti-VV-rit.jpg\",\"keywords\":[\"Comitato Scolastico Diritti Umani\",\"Giornata della cura del mondo attraverso i Giusti\",\"Liceo Statale Vito Capialbi\"],\"articleSection\":[\"contenuti originali\",\"Diritti Umani\",\"Europa\",\"Nonviolenza\"],\"inLanguage\":\"it-IT\"},{\"@type\":\"WebPage\",\"@id\":\"https:\/\/www.pressenza.com\/it\/2026\/03\/il-liceo-capialbi-celebra-la-giornata-della-cura-del-mondo-attraverso-i-giusti\/\",\"url\":\"https:\/\/www.pressenza.com\/it\/2026\/03\/il-liceo-capialbi-celebra-la-giornata-della-cura-del-mondo-attraverso-i-giusti\/\",\"name\":\"Il Liceo Capialbi celebra la Giornata della cura del mondo attraverso i Giusti\",\"isPartOf\":{\"@id\":\"https:\/\/www.pressenza.com\/it\/#website\"},\"primaryImageOfPage\":{\"@id\":\"https:\/\/www.pressenza.com\/it\/2026\/03\/il-liceo-capialbi-celebra-la-giornata-della-cura-del-mondo-attraverso-i-giusti\/#primaryimage\"},\"image\":{\"@id\":\"https:\/\/www.pressenza.com\/it\/2026\/03\/il-liceo-capialbi-celebra-la-giornata-della-cura-del-mondo-attraverso-i-giusti\/#primaryimage\"},\"thumbnailUrl\":\"https:\/\/www.pressenza.com\/wp-content\/uploads\/2026\/03\/giornata-giusti-VV-rit.jpg\",\"datePublished\":\"2026-03-13T10:03:00+00:00\",\"description\":\"Il 9 marzo 2026 al Liceo Statale Vito Capialbi di Vibo Valentia si \u00e8 svolta una mattinata intensa di riflessione, cultura e partecipazione in occasione\",\"breadcrumb\":{\"@id\":\"https:\/\/www.pressenza.com\/it\/2026\/03\/il-liceo-capialbi-celebra-la-giornata-della-cura-del-mondo-attraverso-i-giusti\/#breadcrumb\"},\"inLanguage\":\"it-IT\",\"potentialAction\":[{\"@type\":\"ReadAction\",\"target\":[\"https:\/\/www.pressenza.com\/it\/2026\/03\/il-liceo-capialbi-celebra-la-giornata-della-cura-del-mondo-attraverso-i-giusti\/\"]}]},{\"@type\":\"ImageObject\",\"inLanguage\":\"it-IT\",\"@id\":\"https:\/\/www.pressenza.com\/it\/2026\/03\/il-liceo-capialbi-celebra-la-giornata-della-cura-del-mondo-attraverso-i-giusti\/#primaryimage\",\"url\":\"https:\/\/www.pressenza.com\/wp-content\/uploads\/2026\/03\/giornata-giusti-VV-rit.jpg\",\"contentUrl\":\"https:\/\/www.pressenza.com\/wp-content\/uploads\/2026\/03\/giornata-giusti-VV-rit.jpg\",\"width\":1520,\"height\":1353},{\"@type\":\"BreadcrumbList\",\"@id\":\"https:\/\/www.pressenza.com\/it\/2026\/03\/il-liceo-capialbi-celebra-la-giornata-della-cura-del-mondo-attraverso-i-giusti\/#breadcrumb\",\"itemListElement\":[{\"@type\":\"ListItem\",\"position\":1,\"name\":\"Accueil\",\"item\":\"https:\/\/www.pressenza.com\/it\/\"},{\"@type\":\"ListItem\",\"position\":2,\"name\":\"Il Liceo Capialbi celebra la Giornata della cura del mondo attraverso i Giusti\"}]},{\"@type\":\"WebSite\",\"@id\":\"https:\/\/www.pressenza.com\/it\/#website\",\"url\":\"https:\/\/www.pressenza.com\/it\/\",\"name\":\"Pressenza\",\"description\":\"Agenzia di Stampa Internazionale\",\"publisher\":{\"@id\":\"https:\/\/www.pressenza.com\/it\/#organization\"},\"potentialAction\":[{\"@type\":\"SearchAction\",\"target\":{\"@type\":\"EntryPoint\",\"urlTemplate\":\"https:\/\/www.pressenza.com\/it\/?s={search_term_string}\"},\"query-input\":{\"@type\":\"PropertyValueSpecification\",\"valueRequired\":true,\"valueName\":\"search_term_string\"}}],\"inLanguage\":\"it-IT\"},{\"@type\":\"Organization\",\"@id\":\"https:\/\/www.pressenza.com\/it\/#organization\",\"name\":\"Pressenza\",\"url\":\"https:\/\/www.pressenza.com\/it\/\",\"logo\":{\"@type\":\"ImageObject\",\"inLanguage\":\"it-IT\",\"@id\":\"https:\/\/www.pressenza.com\/it\/#\/schema\/logo\/image\/\",\"url\":\"https:\/\/www.pressenza.com\/wp-content\/uploads\/2022\/10\/pressenza_logo_200x200.jpg\",\"contentUrl\":\"https:\/\/www.pressenza.com\/wp-content\/uploads\/2022\/10\/pressenza_logo_200x200.jpg\",\"width\":200,\"height\":200,\"caption\":\"Pressenza\"},\"image\":{\"@id\":\"https:\/\/www.pressenza.com\/it\/#\/schema\/logo\/image\/\"},\"sameAs\":[\"https:\/\/www.facebook.com\/PressenzaItalia\",\"https:\/\/x.com\/PressenzaIPA\"]},{\"@type\":\"Person\",\"@id\":\"https:\/\/www.pressenza.com\/it\/#\/schema\/person\/d983e81827ae24f2c7b1a2123d197f8d\",\"name\":\"Redazione Italia\",\"description\":\"News from the Pressenza Bureau in Italy\",\"sameAs\":[\"https:\/\/www.pressenza.com\/it\/author\/redazione-italia\/\",\"https:\/\/www.facebook.com\/PressenzaItalia\",\"https:\/\/www.instagram.com\/pressenza_italia\/\",\"https:\/\/x.com\/pressenza_it\",\"https:\/\/www.youtube.com\/channel\/UCSalEIWjE1RSxkwjfftFuqg\"],\"url\":\"https:\/\/www.pressenza.com\/it\/author\/redazione-italia\/\"}]}<\/script>\n<!-- \/ Yoast SEO plugin. -->","yoast_head_json":{"title":"Il Liceo Capialbi celebra la Giornata della cura del mondo attraverso i Giusti","description":"Il 9 marzo 2026 al Liceo Statale Vito Capialbi di Vibo Valentia si \u00e8 svolta una mattinata intensa di riflessione, cultura e partecipazione in occasione","robots":{"index":"index","follow":"follow","max-snippet":"max-snippet:-1","max-image-preview":"max-image-preview:large","max-video-preview":"max-video-preview:-1"},"canonical":"https:\/\/www.pressenza.com\/it\/2026\/03\/il-liceo-capialbi-celebra-la-giornata-della-cura-del-mondo-attraverso-i-giusti\/","og_locale":"it_IT","og_type":"article","og_title":"Il Liceo Capialbi celebra la Giornata della cura del mondo attraverso i Giusti","og_description":"Il 9 marzo 2026 al Liceo Statale Vito Capialbi di Vibo Valentia si \u00e8 svolta una mattinata intensa di riflessione, cultura e partecipazione in occasione","og_url":"https:\/\/www.pressenza.com\/it\/2026\/03\/il-liceo-capialbi-celebra-la-giornata-della-cura-del-mondo-attraverso-i-giusti\/","og_site_name":"Pressenza","article_publisher":"https:\/\/www.facebook.com\/PressenzaItalia","article_author":"https:\/\/www.facebook.com\/PressenzaItalia","article_published_time":"2026-03-13T10:03:00+00:00","og_image":[{"width":1520,"height":1353,"url":"https:\/\/www.pressenza.com\/wp-content\/uploads\/2026\/03\/giornata-giusti-VV-rit.jpg","type":"image\/jpeg"}],"author":"Redazione Italia","twitter_card":"summary_large_image","twitter_creator":"@pressenza_it","twitter_site":"@PressenzaIPA","twitter_misc":{"Scritto da":"Redazione Italia","Tempo di lettura stimato":"4 minuti"},"schema":{"@context":"https:\/\/schema.org","@graph":[{"@type":"Article","@id":"https:\/\/www.pressenza.com\/it\/2026\/03\/il-liceo-capialbi-celebra-la-giornata-della-cura-del-mondo-attraverso-i-giusti\/#article","isPartOf":{"@id":"https:\/\/www.pressenza.com\/it\/2026\/03\/il-liceo-capialbi-celebra-la-giornata-della-cura-del-mondo-attraverso-i-giusti\/"},"author":{"name":"Redazione Italia","@id":"https:\/\/www.pressenza.com\/it\/#\/schema\/person\/d983e81827ae24f2c7b1a2123d197f8d"},"headline":"Il Liceo Capialbi celebra la Giornata della cura del mondo attraverso i Giusti","datePublished":"2026-03-13T10:03:00+00:00","mainEntityOfPage":{"@id":"https:\/\/www.pressenza.com\/it\/2026\/03\/il-liceo-capialbi-celebra-la-giornata-della-cura-del-mondo-attraverso-i-giusti\/"},"wordCount":661,"publisher":{"@id":"https:\/\/www.pressenza.com\/it\/#organization"},"image":{"@id":"https:\/\/www.pressenza.com\/it\/2026\/03\/il-liceo-capialbi-celebra-la-giornata-della-cura-del-mondo-attraverso-i-giusti\/#primaryimage"},"thumbnailUrl":"https:\/\/www.pressenza.com\/wp-content\/uploads\/2026\/03\/giornata-giusti-VV-rit.jpg","keywords":["Comitato Scolastico Diritti Umani","Giornata della cura del mondo attraverso i Giusti","Liceo Statale Vito Capialbi"],"articleSection":["contenuti originali","Diritti Umani","Europa","Nonviolenza"],"inLanguage":"it-IT"},{"@type":"WebPage","@id":"https:\/\/www.pressenza.com\/it\/2026\/03\/il-liceo-capialbi-celebra-la-giornata-della-cura-del-mondo-attraverso-i-giusti\/","url":"https:\/\/www.pressenza.com\/it\/2026\/03\/il-liceo-capialbi-celebra-la-giornata-della-cura-del-mondo-attraverso-i-giusti\/","name":"Il Liceo Capialbi celebra la Giornata della cura del mondo attraverso i Giusti","isPartOf":{"@id":"https:\/\/www.pressenza.com\/it\/#website"},"primaryImageOfPage":{"@id":"https:\/\/www.pressenza.com\/it\/2026\/03\/il-liceo-capialbi-celebra-la-giornata-della-cura-del-mondo-attraverso-i-giusti\/#primaryimage"},"image":{"@id":"https:\/\/www.pressenza.com\/it\/2026\/03\/il-liceo-capialbi-celebra-la-giornata-della-cura-del-mondo-attraverso-i-giusti\/#primaryimage"},"thumbnailUrl":"https:\/\/www.pressenza.com\/wp-content\/uploads\/2026\/03\/giornata-giusti-VV-rit.jpg","datePublished":"2026-03-13T10:03:00+00:00","description":"Il 9 marzo 2026 al Liceo Statale Vito Capialbi di Vibo Valentia si \u00e8 svolta una mattinata intensa di riflessione, cultura e partecipazione in occasione","breadcrumb":{"@id":"https:\/\/www.pressenza.com\/it\/2026\/03\/il-liceo-capialbi-celebra-la-giornata-della-cura-del-mondo-attraverso-i-giusti\/#breadcrumb"},"inLanguage":"it-IT","potentialAction":[{"@type":"ReadAction","target":["https:\/\/www.pressenza.com\/it\/2026\/03\/il-liceo-capialbi-celebra-la-giornata-della-cura-del-mondo-attraverso-i-giusti\/"]}]},{"@type":"ImageObject","inLanguage":"it-IT","@id":"https:\/\/www.pressenza.com\/it\/2026\/03\/il-liceo-capialbi-celebra-la-giornata-della-cura-del-mondo-attraverso-i-giusti\/#primaryimage","url":"https:\/\/www.pressenza.com\/wp-content\/uploads\/2026\/03\/giornata-giusti-VV-rit.jpg","contentUrl":"https:\/\/www.pressenza.com\/wp-content\/uploads\/2026\/03\/giornata-giusti-VV-rit.jpg","width":1520,"height":1353},{"@type":"BreadcrumbList","@id":"https:\/\/www.pressenza.com\/it\/2026\/03\/il-liceo-capialbi-celebra-la-giornata-della-cura-del-mondo-attraverso-i-giusti\/#breadcrumb","itemListElement":[{"@type":"ListItem","position":1,"name":"Accueil","item":"https:\/\/www.pressenza.com\/it\/"},{"@type":"ListItem","position":2,"name":"Il Liceo Capialbi celebra la Giornata della cura del mondo attraverso i Giusti"}]},{"@type":"WebSite","@id":"https:\/\/www.pressenza.com\/it\/#website","url":"https:\/\/www.pressenza.com\/it\/","name":"Pressenza","description":"Agenzia di Stampa Internazionale","publisher":{"@id":"https:\/\/www.pressenza.com\/it\/#organization"},"potentialAction":[{"@type":"SearchAction","target":{"@type":"EntryPoint","urlTemplate":"https:\/\/www.pressenza.com\/it\/?s={search_term_string}"},"query-input":{"@type":"PropertyValueSpecification","valueRequired":true,"valueName":"search_term_string"}}],"inLanguage":"it-IT"},{"@type":"Organization","@id":"https:\/\/www.pressenza.com\/it\/#organization","name":"Pressenza","url":"https:\/\/www.pressenza.com\/it\/","logo":{"@type":"ImageObject","inLanguage":"it-IT","@id":"https:\/\/www.pressenza.com\/it\/#\/schema\/logo\/image\/","url":"https:\/\/www.pressenza.com\/wp-content\/uploads\/2022\/10\/pressenza_logo_200x200.jpg","contentUrl":"https:\/\/www.pressenza.com\/wp-content\/uploads\/2022\/10\/pressenza_logo_200x200.jpg","width":200,"height":200,"caption":"Pressenza"},"image":{"@id":"https:\/\/www.pressenza.com\/it\/#\/schema\/logo\/image\/"},"sameAs":["https:\/\/www.facebook.com\/PressenzaItalia","https:\/\/x.com\/PressenzaIPA"]},{"@type":"Person","@id":"https:\/\/www.pressenza.com\/it\/#\/schema\/person\/d983e81827ae24f2c7b1a2123d197f8d","name":"Redazione Italia","description":"News from the Pressenza Bureau in Italy","sameAs":["https:\/\/www.pressenza.com\/it\/author\/redazione-italia\/","https:\/\/www.facebook.com\/PressenzaItalia","https:\/\/www.instagram.com\/pressenza_italia\/","https:\/\/x.com\/pressenza_it","https:\/\/www.youtube.com\/channel\/UCSalEIWjE1RSxkwjfftFuqg"],"url":"https:\/\/www.pressenza.com\/it\/author\/redazione-italia\/"}]}},"place":"Amalia Carioti, Carol Criseo, Martina Macri, Vibo Valentia","original_article_url":"","_links":{"self":[{"href":"https:\/\/www.pressenza.com\/it\/wp-json\/wp\/v2\/posts\/2683886","targetHints":{"allow":["GET"]}}],"collection":[{"href":"https:\/\/www.pressenza.com\/it\/wp-json\/wp\/v2\/posts"}],"about":[{"href":"https:\/\/www.pressenza.com\/it\/wp-json\/wp\/v2\/types\/post"}],"author":[{"embeddable":true,"href":"https:\/\/www.pressenza.com\/it\/wp-json\/wp\/v2\/users\/594"}],"replies":[{"embeddable":true,"href":"https:\/\/www.pressenza.com\/it\/wp-json\/wp\/v2\/comments?post=2683886"}],"version-history":[{"count":1,"href":"https:\/\/www.pressenza.com\/it\/wp-json\/wp\/v2\/posts\/2683886\/revisions"}],"predecessor-version":[{"id":2683888,"href":"https:\/\/www.pressenza.com\/it\/wp-json\/wp\/v2\/posts\/2683886\/revisions\/2683888"}],"wp:featuredmedia":[{"embeddable":true,"href":"https:\/\/www.pressenza.com\/it\/wp-json\/wp\/v2\/media\/2683887"}],"wp:attachment":[{"href":"https:\/\/www.pressenza.com\/it\/wp-json\/wp\/v2\/media?parent=2683886"}],"wp:term":[{"taxonomy":"category","embeddable":true,"href":"https:\/\/www.pressenza.com\/it\/wp-json\/wp\/v2\/categories?post=2683886"},{"taxonomy":"post_tag","embeddable":true,"href":"https:\/\/www.pressenza.com\/it\/wp-json\/wp\/v2\/tags?post=2683886"}],"curies":[{"name":"wp","href":"https:\/\/api.w.org\/{rel}","templated":true}]}}