{"id":2683337,"date":"2026-03-11T15:45:06","date_gmt":"2026-03-11T15:45:06","guid":{"rendered":"https:\/\/www.pressenza.com\/?p=2683337"},"modified":"2026-03-11T15:45:06","modified_gmt":"2026-03-11T15:45:06","slug":"io-mi-sento-a-casa-quando-ecco-perche-bisogna-cambiare-la-narrazione-sulle-persone-migranti","status":"publish","type":"post","link":"https:\/\/www.pressenza.com\/it\/2026\/03\/io-mi-sento-a-casa-quando-ecco-perche-bisogna-cambiare-la-narrazione-sulle-persone-migranti\/","title":{"rendered":"\u201cIo mi sento a casa quando\u201d: ecco perch\u00e9 bisogna cambiare la narrazione sulle persone migranti"},"content":{"rendered":"<p>\u00c8 il momento di cambiare la visione delle persone con fragilit\u00e0 o con background migratorio. \u00c8 questo l\u2019obiettivo di IMpatto Inclusivo, da perseguire attraverso una narrazione differente. Punto di partenza, un video dal titolo \u201cIo mi sento a casa quando\u201d.<\/p>\n<p>Quando si parla di migrazioni, la mente attiva subito dei pre-concetti, degli stereotipi e delle posizioni preconfezionate che, qualunque sia la propria posizione sul tema, generano<strong>\u00a0una percezione distorta, che categorizza e limita milioni di esseri umani\u00a0<\/strong>in un clich\u00e9 finendo con il cancellare la loro identit\u00e0. Se questo \u00e8 vero in generale, lo \u00e8 ancor di pi\u00f9 in luoghi che spesso assurgono alle cronache.<\/p>\n<p><strong>Un esempio \u00e8 quello del confine di Ventimiglia<\/strong>, la provincia di Imperia, i flussi raccontati come emergenza, i volti che diventano simboli di dolore, di pericolo e che magari vengono strumentalizzati in un verso o nell\u2019altro da questo o quel politico. Nel tempo queste rappresentazioni si sono sedimentate fino a trasformarsi in una lente stabile attraverso cui leggere ogni percorso individuale, ogni mondo interiore.<\/p>\n<p>Dentro questo paesaggio simbolico si colloca\u00a0<a href=\"https:\/\/www.italiachecambia.org\/2026\/01\/impatto-inclusivo-ponente-ligure\/\">IMpatto Inclusivo<\/a>, una rete di realt\u00e0 del territorio nata nel quadro del programma\u00a0<a href=\"https:\/\/www.compagniadisanpaolo.it\/it\/progetti\/territori-inclusivi\/\">Territori Inclusivi<\/a>\u00a0della Fondazione Compagnia di San Paolo. Per diciotto mesi il progetto ha lavorato su ambiti concreti come casa, lavoro, orientamento e benessere, costruendo percorsi di accompagnamento per persone con fragilit\u00e0 e background migratorio. Accanto alla dimensione operativa, la rete ha scelto di intervenire su\u00a0<strong>un piano meno consueto nei progetti sociali: quello della narrazione<\/strong>.<\/p>\n<p><iframe loading=\"lazy\" title=\"&quot;Io mi sento a casa quando&quot;: ecco perch\u00e9 bisogna cambiare la narrazione sulle persone migranti\" width=\"500\" height=\"281\" src=\"https:\/\/www.youtube.com\/embed\/HiUaWAE7OeY?start=10&#038;feature=oembed\" frameborder=\"0\" allow=\"accelerometer; autoplay; clipboard-write; encrypted-media; gyroscope; picture-in-picture; web-share\" referrerpolicy=\"strict-origin-when-cross-origin\" allowfullscreen><\/iframe><\/p>\n<p>A coordinare IMpatto Inclusivo \u00e8 Anna Fraioli, progettista sociale attiva da anni nella provincia di Imperia. Quando le chiedo cosa significhi cambiare narrazione, risponde cos\u00ec: \u00abSignifica<strong>\u00a0lavorare per cambiare la visione delle persone con fragilit\u00e0 o con background migratorio<\/strong>\u00a0nel nostro contesto\u00bb. Il contesto \u00e8 quello imperiese, fatto di piccoli centri e relazioni ravvicinate. Per Fraioli il punto \u00e8 spostare lo sguardo dalla figura del \u201cragazzo che arriva col barcone\u201d verso la persona nella sua interezza. Una persona con competenze, desideri, potenzialit\u00e0, capace di contribuire alla vita collettiva.<\/p>\n<p><strong>Nei primi mesi la rete ha attraversato un percorso di formazione e\u00a0<\/strong><em><strong>capacity building<\/strong><\/em><strong>\u00a0proprio su questo tema<\/strong>. Per il territorio si \u00e8 trattato di un passaggio nuovo. Operatrici e operatori abituati a lavorare sull\u2019inclusione hanno iniziato a interrogarsi sul linguaggio, sulle immagini utilizzate, sui sottintesi che accompagnano anche la comunicazione quotidiana. \u00ab\u00c8 un processo difficile \u2013 racconta Fraioli \u2013 perch\u00e9 la narrazione \u00e8 intrinseca in ognuno di noi\u00bb.<\/p>\n<p>Anche chi opera con intenzioni di cura pu\u00f2 scivolare in una distinzione implicita tra chi aiuta e chi viene aiutato. La sorpresa \u00e8 arrivata proprio da questa presa di coscienza. \u00abCi siamo accorti che esiste questo pensiero stereotipato che crea una distinzione fra noi e loro\u00bb. Da qui si \u00e8 aperto un lavoro di riallineamento.\u00a0<strong>La fragilit\u00e0 viene riconosciuta come una condizione che attraversa una fase della vita<\/strong>, mentre l\u2019identit\u00e0 della persona resta pi\u00f9 ampia, fatta di risorse, aspirazioni, capacit\u00e0 di generare valore per il territorio.<\/p>\n<p><em>Cambiare narrazione significa far emergere storie che normalmente non vengono raccontate e scegliere con attenzione il modo con cui farle conoscere<\/em><\/p>\n<p><strong>Il tema della narrazione, in questo quadro, assume una dimensione politica<\/strong>\u00a0nel senso pi\u00f9 concreto del termine. La Fondazione Compagnia di San Paolo insiste su questo aspetto dentro Territori Inclusivi perch\u00e9 le politiche sociali agiscono dentro un immaginario collettivo gi\u00e0 formato. Se quell\u2019immaginario \u00e8 rigido, ogni intervento rischia di essere percepito come concessione o come costo. Se l\u2019immaginario si apre, le stesse azioni vengono lette come investimento comune. Lavorare sulle parole significa intervenire su quella infrastruttura invisibile che orienta le decisioni pubbliche e le relazioni quotidiane.<\/p>\n<p>Nel Ponente ligure questo passaggio assume un peso particolare.<strong>\u00a0Il confine ha reso il territorio un luogo simbolico nel racconto nazionale delle migrazioni<\/strong>. Intervenire qui sulla narrazione significa misurarsi con immagini forti e radicate. La rete ha scelto di farlo a partire dall\u2019esperienza concreta delle persone, cercando di tenere insieme dimensione materiale e dimensione culturale.<\/p>\n<p><strong>Il video \u201cIo mi sento a casa quando\u201d,<\/strong> realizzato al termine dei diciotto mesi di progetto, raccoglie questa traiettoria.\u00a0<strong>Le testimonianze mostrano storie diverse che convergono su elementi comuni<\/strong>: casa, lavoro, famiglia, benessere mentale, integrazione nel territorio. \u00abOgnuno ha la sua storia e il suo background \u2013 spiega Fraioli \u2013 ma mettendole vicine sono molto simili\u00bb. Il bisogno di stabilit\u00e0 come individuo nel mondo attraversa chi arriva da altri Paesi e chi vive da sempre nella provincia di Imperia.<\/p>\n<p><img loading=\"lazy\" decoding=\"async\" class=\"alignnone wp-image-2683338 size-full\" src=\"https:\/\/www.pressenza.com\/wp-content\/uploads\/2026\/03\/bambini-e-pigne.jpg\" alt=\"\" width=\"1130\" height=\"754\" srcset=\"https:\/\/www.pressenza.com\/wp-content\/uploads\/2026\/03\/bambini-e-pigne.jpg 1130w, https:\/\/www.pressenza.com\/wp-content\/uploads\/2026\/03\/bambini-e-pigne-300x200.jpg 300w, https:\/\/www.pressenza.com\/wp-content\/uploads\/2026\/03\/bambini-e-pigne-820x547.jpg 820w\" sizes=\"auto, (max-width: 1130px) 100vw, 1130px\" \/><\/p>\n<p><strong>Il lavoro sulla narrazione si intreccia anche con la comunicazione verso l\u2019esterno<\/strong>, soprattutto nel rapporto con gli enti pubblici. Qui la sperimentazione \u00e8 solo all\u2019inizio. Tradurre un cambio di sguardo in pratiche istituzionali richiede continuit\u00e0 e coerenza. La narrazione orienta le priorit\u00e0, definisce le categorie con cui si leggono i fenomeni, incide sulle scelte.<\/p>\n<p>Tutte le esperienze coinvolte in IMpatto Inclusivo indicano che\u00a0<strong>la realt\u00e0 \u00e8 pi\u00f9 articolata rispetto alla rappresentazione polarizzata che domina nel dibattito pubblico<\/strong>. Le persone cercano condizioni di vita dignitose, relazioni significative, possibilit\u00e0 di partecipazione. La rete ha lavorato su questi ambiti in modo integrato, costruendo connessioni che tengono insieme servizi, accompagnamento e riconoscimento reciproco.<\/p>\n<p>Cambiare narrazione significa allora far emergere storie che normalmente non vengono raccontate e scegliere con attenzione il modo con cui farle conoscere. Significa far emergere punti di contatto che permettono a chi ascolta di riconoscersi. In quel riconoscimento si gioca una parte della coesione sociale a cui mira Territori Inclusivi. Come abbiamo riassunto alla fine del video che accompagna questo articolo, \u201c<strong>la casa non \u00e8 un luogo. \u00c8 qualcosa che costruiamo insieme<\/strong>\u201d. E allora costruiamola questa casa, mattone dopo mattone.<\/p>\n","protected":false},"excerpt":{"rendered":"<p>\u00c8 il momento di cambiare la visione delle persone con fragilit\u00e0 o con background migratorio. \u00c8 questo l\u2019obiettivo di IMpatto Inclusivo, da perseguire attraverso una narrazione differente. Punto di partenza, un video dal titolo \u201cIo mi sento a casa quando\u201d.&hellip;<\/p>\n","protected":false},"author":1156,"featured_media":2683339,"comment_status":"closed","ping_status":"closed","sticky":false,"template":"","format":"standard","meta":{"footnotes":""},"categories":[56,47,54572],"tags":[98287,150226,153249,53125,153248,1543,153247],"class_list":["post-2683337","post","type-post","status-publish","format-standard","has-post-thumbnail","hentry","category-cultura","category-europa","category-migranti","tag-buone-nuove","tag-impatto-inclusivo","tag-integrazione-nel-territorio","tag-narrazione","tag-persone-migranti","tag-testimonianze","tag-video-io-mi-sento-a-casa-quando"],"yoast_head":"<!-- This site is optimized with the Yoast SEO plugin v27.1.1 - https:\/\/yoast.com\/product\/yoast-seo-wordpress\/ -->\n<title>\u201cIo mi sento a casa quando\u201d: ecco perch\u00e9 bisogna cambiare la narrazione sulle persone migranti<\/title>\n<meta name=\"description\" content=\"\u00c8 il momento di cambiare la visione delle persone con fragilit\u00e0 o con background migratorio. \u00c8 questo l\u2019obiettivo di IMpatto Inclusivo, da perseguire\" \/>\n<meta name=\"robots\" content=\"index, follow, max-snippet:-1, max-image-preview:large, max-video-preview:-1\" \/>\n<link rel=\"canonical\" href=\"https:\/\/www.pressenza.com\/it\/2026\/03\/io-mi-sento-a-casa-quando-ecco-perche-bisogna-cambiare-la-narrazione-sulle-persone-migranti\/\" \/>\n<meta property=\"og:locale\" content=\"it_IT\" \/>\n<meta property=\"og:type\" content=\"article\" \/>\n<meta property=\"og:title\" content=\"\u201cIo mi sento a casa quando\u201d: ecco perch\u00e9 bisogna cambiare la narrazione sulle persone migranti\" \/>\n<meta property=\"og:description\" content=\"\u00c8 il momento di cambiare la visione delle persone con fragilit\u00e0 o con background migratorio. \u00c8 questo l\u2019obiettivo di IMpatto Inclusivo, da perseguire\" \/>\n<meta property=\"og:url\" content=\"https:\/\/www.pressenza.com\/it\/2026\/03\/io-mi-sento-a-casa-quando-ecco-perche-bisogna-cambiare-la-narrazione-sulle-persone-migranti\/\" \/>\n<meta property=\"og:site_name\" content=\"Pressenza\" \/>\n<meta property=\"article:publisher\" content=\"https:\/\/www.facebook.com\/PressenzaItalia\" \/>\n<meta property=\"article:published_time\" content=\"2026-03-11T15:45:06+00:00\" \/>\n<meta property=\"og:image\" content=\"https:\/\/www.pressenza.com\/wp-content\/uploads\/2026\/03\/disegno-migranti-e-barca.jpeg\" \/>\n\t<meta property=\"og:image:width\" content=\"1130\" \/>\n\t<meta property=\"og:image:height\" content=\"752\" \/>\n\t<meta property=\"og:image:type\" content=\"image\/jpeg\" \/>\n<meta name=\"author\" content=\"Italia che Cambia\" \/>\n<meta name=\"twitter:card\" content=\"summary_large_image\" \/>\n<meta name=\"twitter:creator\" content=\"@PressenzaIPA\" \/>\n<meta name=\"twitter:site\" content=\"@PressenzaIPA\" \/>\n<meta name=\"twitter:label1\" content=\"Scritto da\" \/>\n\t<meta name=\"twitter:data1\" content=\"Italia che Cambia\" \/>\n\t<meta name=\"twitter:label2\" content=\"Tempo di lettura stimato\" \/>\n\t<meta name=\"twitter:data2\" content=\"6 minuti\" \/>\n<script type=\"application\/ld+json\" class=\"yoast-schema-graph\">{\"@context\":\"https:\/\/schema.org\",\"@graph\":[{\"@type\":\"Article\",\"@id\":\"https:\/\/www.pressenza.com\/it\/2026\/03\/io-mi-sento-a-casa-quando-ecco-perche-bisogna-cambiare-la-narrazione-sulle-persone-migranti\/#article\",\"isPartOf\":{\"@id\":\"https:\/\/www.pressenza.com\/it\/2026\/03\/io-mi-sento-a-casa-quando-ecco-perche-bisogna-cambiare-la-narrazione-sulle-persone-migranti\/\"},\"author\":{\"name\":\"Italia che Cambia\",\"@id\":\"https:\/\/www.pressenza.com\/it\/#\/schema\/person\/26ae515434c753a9e88393ca1aba3b44\"},\"headline\":\"\u201cIo mi sento a casa quando\u201d: ecco perch\u00e9 bisogna cambiare la narrazione sulle persone migranti\",\"datePublished\":\"2026-03-11T15:45:06+00:00\",\"mainEntityOfPage\":{\"@id\":\"https:\/\/www.pressenza.com\/it\/2026\/03\/io-mi-sento-a-casa-quando-ecco-perche-bisogna-cambiare-la-narrazione-sulle-persone-migranti\/\"},\"wordCount\":931,\"publisher\":{\"@id\":\"https:\/\/www.pressenza.com\/it\/#organization\"},\"image\":{\"@id\":\"https:\/\/www.pressenza.com\/it\/2026\/03\/io-mi-sento-a-casa-quando-ecco-perche-bisogna-cambiare-la-narrazione-sulle-persone-migranti\/#primaryimage\"},\"thumbnailUrl\":\"https:\/\/www.pressenza.com\/wp-content\/uploads\/2026\/03\/disegno-migranti-e-barca.jpeg\",\"keywords\":[\"buone nuove\",\"Impatto inclusivo\",\"integrazione nel territorio\",\"narrazione\",\"persone migranti\",\"testimonianze\",\"video \u201cIo mi sento a casa quando\u201d\"],\"articleSection\":[\"Cultura e Media\",\"Europa\",\"Migranti\"],\"inLanguage\":\"it-IT\"},{\"@type\":\"WebPage\",\"@id\":\"https:\/\/www.pressenza.com\/it\/2026\/03\/io-mi-sento-a-casa-quando-ecco-perche-bisogna-cambiare-la-narrazione-sulle-persone-migranti\/\",\"url\":\"https:\/\/www.pressenza.com\/it\/2026\/03\/io-mi-sento-a-casa-quando-ecco-perche-bisogna-cambiare-la-narrazione-sulle-persone-migranti\/\",\"name\":\"\u201cIo mi sento a casa quando\u201d: ecco perch\u00e9 bisogna cambiare la narrazione sulle persone migranti\",\"isPartOf\":{\"@id\":\"https:\/\/www.pressenza.com\/it\/#website\"},\"primaryImageOfPage\":{\"@id\":\"https:\/\/www.pressenza.com\/it\/2026\/03\/io-mi-sento-a-casa-quando-ecco-perche-bisogna-cambiare-la-narrazione-sulle-persone-migranti\/#primaryimage\"},\"image\":{\"@id\":\"https:\/\/www.pressenza.com\/it\/2026\/03\/io-mi-sento-a-casa-quando-ecco-perche-bisogna-cambiare-la-narrazione-sulle-persone-migranti\/#primaryimage\"},\"thumbnailUrl\":\"https:\/\/www.pressenza.com\/wp-content\/uploads\/2026\/03\/disegno-migranti-e-barca.jpeg\",\"datePublished\":\"2026-03-11T15:45:06+00:00\",\"description\":\"\u00c8 il momento di cambiare la visione delle persone con fragilit\u00e0 o con background migratorio. \u00c8 questo l\u2019obiettivo di IMpatto Inclusivo, da perseguire\",\"breadcrumb\":{\"@id\":\"https:\/\/www.pressenza.com\/it\/2026\/03\/io-mi-sento-a-casa-quando-ecco-perche-bisogna-cambiare-la-narrazione-sulle-persone-migranti\/#breadcrumb\"},\"inLanguage\":\"it-IT\",\"potentialAction\":[{\"@type\":\"ReadAction\",\"target\":[\"https:\/\/www.pressenza.com\/it\/2026\/03\/io-mi-sento-a-casa-quando-ecco-perche-bisogna-cambiare-la-narrazione-sulle-persone-migranti\/\"]}]},{\"@type\":\"ImageObject\",\"inLanguage\":\"it-IT\",\"@id\":\"https:\/\/www.pressenza.com\/it\/2026\/03\/io-mi-sento-a-casa-quando-ecco-perche-bisogna-cambiare-la-narrazione-sulle-persone-migranti\/#primaryimage\",\"url\":\"https:\/\/www.pressenza.com\/wp-content\/uploads\/2026\/03\/disegno-migranti-e-barca.jpeg\",\"contentUrl\":\"https:\/\/www.pressenza.com\/wp-content\/uploads\/2026\/03\/disegno-migranti-e-barca.jpeg\",\"width\":1130,\"height\":752},{\"@type\":\"BreadcrumbList\",\"@id\":\"https:\/\/www.pressenza.com\/it\/2026\/03\/io-mi-sento-a-casa-quando-ecco-perche-bisogna-cambiare-la-narrazione-sulle-persone-migranti\/#breadcrumb\",\"itemListElement\":[{\"@type\":\"ListItem\",\"position\":1,\"name\":\"Accueil\",\"item\":\"https:\/\/www.pressenza.com\/it\/\"},{\"@type\":\"ListItem\",\"position\":2,\"name\":\"\u201cIo mi sento a casa quando\u201d: ecco perch\u00e9 bisogna cambiare la narrazione sulle persone migranti\"}]},{\"@type\":\"WebSite\",\"@id\":\"https:\/\/www.pressenza.com\/it\/#website\",\"url\":\"https:\/\/www.pressenza.com\/it\/\",\"name\":\"Pressenza\",\"description\":\"Agenzia di Stampa Internazionale\",\"publisher\":{\"@id\":\"https:\/\/www.pressenza.com\/it\/#organization\"},\"potentialAction\":[{\"@type\":\"SearchAction\",\"target\":{\"@type\":\"EntryPoint\",\"urlTemplate\":\"https:\/\/www.pressenza.com\/it\/?s={search_term_string}\"},\"query-input\":{\"@type\":\"PropertyValueSpecification\",\"valueRequired\":true,\"valueName\":\"search_term_string\"}}],\"inLanguage\":\"it-IT\"},{\"@type\":\"Organization\",\"@id\":\"https:\/\/www.pressenza.com\/it\/#organization\",\"name\":\"Pressenza\",\"url\":\"https:\/\/www.pressenza.com\/it\/\",\"logo\":{\"@type\":\"ImageObject\",\"inLanguage\":\"it-IT\",\"@id\":\"https:\/\/www.pressenza.com\/it\/#\/schema\/logo\/image\/\",\"url\":\"https:\/\/www.pressenza.com\/wp-content\/uploads\/2022\/10\/pressenza_logo_200x200.jpg\",\"contentUrl\":\"https:\/\/www.pressenza.com\/wp-content\/uploads\/2022\/10\/pressenza_logo_200x200.jpg\",\"width\":200,\"height\":200,\"caption\":\"Pressenza\"},\"image\":{\"@id\":\"https:\/\/www.pressenza.com\/it\/#\/schema\/logo\/image\/\"},\"sameAs\":[\"https:\/\/www.facebook.com\/PressenzaItalia\",\"https:\/\/x.com\/PressenzaIPA\"]},{\"@type\":\"Person\",\"@id\":\"https:\/\/www.pressenza.com\/it\/#\/schema\/person\/26ae515434c753a9e88393ca1aba3b44\",\"name\":\"Italia che Cambia\",\"description\":\"Italia che Cambia \u00e8 una testata giornalistica. Vogliamo creare strumenti che mettano insieme tutti gli attori silenziosi di quell\u2019Italia che esiste ma che attualmente \u00e8 invisibile dall\u2019esterno, perch\u00e9 ignorata dai mass media. Vogliamo raccontare e rappresentare quei milioni di cittadini fino ad oggi esclusi dai circuiti informativi, offrendogli allo stesso tempo una serie di servizi fondamentali alla valorizzazione e alla messa in rete delle loro azioni.\",\"url\":\"https:\/\/www.pressenza.com\/it\/author\/italia-che-cambia\/\"}]}<\/script>\n<!-- \/ Yoast SEO plugin. -->","yoast_head_json":{"title":"\u201cIo mi sento a casa quando\u201d: ecco perch\u00e9 bisogna cambiare la narrazione sulle persone migranti","description":"\u00c8 il momento di cambiare la visione delle persone con fragilit\u00e0 o con background migratorio. \u00c8 questo l\u2019obiettivo di IMpatto Inclusivo, da perseguire","robots":{"index":"index","follow":"follow","max-snippet":"max-snippet:-1","max-image-preview":"max-image-preview:large","max-video-preview":"max-video-preview:-1"},"canonical":"https:\/\/www.pressenza.com\/it\/2026\/03\/io-mi-sento-a-casa-quando-ecco-perche-bisogna-cambiare-la-narrazione-sulle-persone-migranti\/","og_locale":"it_IT","og_type":"article","og_title":"\u201cIo mi sento a casa quando\u201d: ecco perch\u00e9 bisogna cambiare la narrazione sulle persone migranti","og_description":"\u00c8 il momento di cambiare la visione delle persone con fragilit\u00e0 o con background migratorio. \u00c8 questo l\u2019obiettivo di IMpatto Inclusivo, da perseguire","og_url":"https:\/\/www.pressenza.com\/it\/2026\/03\/io-mi-sento-a-casa-quando-ecco-perche-bisogna-cambiare-la-narrazione-sulle-persone-migranti\/","og_site_name":"Pressenza","article_publisher":"https:\/\/www.facebook.com\/PressenzaItalia","article_published_time":"2026-03-11T15:45:06+00:00","og_image":[{"width":1130,"height":752,"url":"https:\/\/www.pressenza.com\/wp-content\/uploads\/2026\/03\/disegno-migranti-e-barca.jpeg","type":"image\/jpeg"}],"author":"Italia che Cambia","twitter_card":"summary_large_image","twitter_creator":"@PressenzaIPA","twitter_site":"@PressenzaIPA","twitter_misc":{"Scritto da":"Italia che Cambia","Tempo di lettura stimato":"6 minuti"},"schema":{"@context":"https:\/\/schema.org","@graph":[{"@type":"Article","@id":"https:\/\/www.pressenza.com\/it\/2026\/03\/io-mi-sento-a-casa-quando-ecco-perche-bisogna-cambiare-la-narrazione-sulle-persone-migranti\/#article","isPartOf":{"@id":"https:\/\/www.pressenza.com\/it\/2026\/03\/io-mi-sento-a-casa-quando-ecco-perche-bisogna-cambiare-la-narrazione-sulle-persone-migranti\/"},"author":{"name":"Italia che Cambia","@id":"https:\/\/www.pressenza.com\/it\/#\/schema\/person\/26ae515434c753a9e88393ca1aba3b44"},"headline":"\u201cIo mi sento a casa quando\u201d: ecco perch\u00e9 bisogna cambiare la narrazione sulle persone migranti","datePublished":"2026-03-11T15:45:06+00:00","mainEntityOfPage":{"@id":"https:\/\/www.pressenza.com\/it\/2026\/03\/io-mi-sento-a-casa-quando-ecco-perche-bisogna-cambiare-la-narrazione-sulle-persone-migranti\/"},"wordCount":931,"publisher":{"@id":"https:\/\/www.pressenza.com\/it\/#organization"},"image":{"@id":"https:\/\/www.pressenza.com\/it\/2026\/03\/io-mi-sento-a-casa-quando-ecco-perche-bisogna-cambiare-la-narrazione-sulle-persone-migranti\/#primaryimage"},"thumbnailUrl":"https:\/\/www.pressenza.com\/wp-content\/uploads\/2026\/03\/disegno-migranti-e-barca.jpeg","keywords":["buone nuove","Impatto inclusivo","integrazione nel territorio","narrazione","persone migranti","testimonianze","video \u201cIo mi sento a casa quando\u201d"],"articleSection":["Cultura e Media","Europa","Migranti"],"inLanguage":"it-IT"},{"@type":"WebPage","@id":"https:\/\/www.pressenza.com\/it\/2026\/03\/io-mi-sento-a-casa-quando-ecco-perche-bisogna-cambiare-la-narrazione-sulle-persone-migranti\/","url":"https:\/\/www.pressenza.com\/it\/2026\/03\/io-mi-sento-a-casa-quando-ecco-perche-bisogna-cambiare-la-narrazione-sulle-persone-migranti\/","name":"\u201cIo mi sento a casa quando\u201d: ecco perch\u00e9 bisogna cambiare la narrazione sulle persone migranti","isPartOf":{"@id":"https:\/\/www.pressenza.com\/it\/#website"},"primaryImageOfPage":{"@id":"https:\/\/www.pressenza.com\/it\/2026\/03\/io-mi-sento-a-casa-quando-ecco-perche-bisogna-cambiare-la-narrazione-sulle-persone-migranti\/#primaryimage"},"image":{"@id":"https:\/\/www.pressenza.com\/it\/2026\/03\/io-mi-sento-a-casa-quando-ecco-perche-bisogna-cambiare-la-narrazione-sulle-persone-migranti\/#primaryimage"},"thumbnailUrl":"https:\/\/www.pressenza.com\/wp-content\/uploads\/2026\/03\/disegno-migranti-e-barca.jpeg","datePublished":"2026-03-11T15:45:06+00:00","description":"\u00c8 il momento di cambiare la visione delle persone con fragilit\u00e0 o con background migratorio. \u00c8 questo l\u2019obiettivo di IMpatto Inclusivo, da perseguire","breadcrumb":{"@id":"https:\/\/www.pressenza.com\/it\/2026\/03\/io-mi-sento-a-casa-quando-ecco-perche-bisogna-cambiare-la-narrazione-sulle-persone-migranti\/#breadcrumb"},"inLanguage":"it-IT","potentialAction":[{"@type":"ReadAction","target":["https:\/\/www.pressenza.com\/it\/2026\/03\/io-mi-sento-a-casa-quando-ecco-perche-bisogna-cambiare-la-narrazione-sulle-persone-migranti\/"]}]},{"@type":"ImageObject","inLanguage":"it-IT","@id":"https:\/\/www.pressenza.com\/it\/2026\/03\/io-mi-sento-a-casa-quando-ecco-perche-bisogna-cambiare-la-narrazione-sulle-persone-migranti\/#primaryimage","url":"https:\/\/www.pressenza.com\/wp-content\/uploads\/2026\/03\/disegno-migranti-e-barca.jpeg","contentUrl":"https:\/\/www.pressenza.com\/wp-content\/uploads\/2026\/03\/disegno-migranti-e-barca.jpeg","width":1130,"height":752},{"@type":"BreadcrumbList","@id":"https:\/\/www.pressenza.com\/it\/2026\/03\/io-mi-sento-a-casa-quando-ecco-perche-bisogna-cambiare-la-narrazione-sulle-persone-migranti\/#breadcrumb","itemListElement":[{"@type":"ListItem","position":1,"name":"Accueil","item":"https:\/\/www.pressenza.com\/it\/"},{"@type":"ListItem","position":2,"name":"\u201cIo mi sento a casa quando\u201d: ecco perch\u00e9 bisogna cambiare la narrazione sulle persone migranti"}]},{"@type":"WebSite","@id":"https:\/\/www.pressenza.com\/it\/#website","url":"https:\/\/www.pressenza.com\/it\/","name":"Pressenza","description":"Agenzia di Stampa Internazionale","publisher":{"@id":"https:\/\/www.pressenza.com\/it\/#organization"},"potentialAction":[{"@type":"SearchAction","target":{"@type":"EntryPoint","urlTemplate":"https:\/\/www.pressenza.com\/it\/?s={search_term_string}"},"query-input":{"@type":"PropertyValueSpecification","valueRequired":true,"valueName":"search_term_string"}}],"inLanguage":"it-IT"},{"@type":"Organization","@id":"https:\/\/www.pressenza.com\/it\/#organization","name":"Pressenza","url":"https:\/\/www.pressenza.com\/it\/","logo":{"@type":"ImageObject","inLanguage":"it-IT","@id":"https:\/\/www.pressenza.com\/it\/#\/schema\/logo\/image\/","url":"https:\/\/www.pressenza.com\/wp-content\/uploads\/2022\/10\/pressenza_logo_200x200.jpg","contentUrl":"https:\/\/www.pressenza.com\/wp-content\/uploads\/2022\/10\/pressenza_logo_200x200.jpg","width":200,"height":200,"caption":"Pressenza"},"image":{"@id":"https:\/\/www.pressenza.com\/it\/#\/schema\/logo\/image\/"},"sameAs":["https:\/\/www.facebook.com\/PressenzaItalia","https:\/\/x.com\/PressenzaIPA"]},{"@type":"Person","@id":"https:\/\/www.pressenza.com\/it\/#\/schema\/person\/26ae515434c753a9e88393ca1aba3b44","name":"Italia che Cambia","description":"Italia che Cambia \u00e8 una testata giornalistica. Vogliamo creare strumenti che mettano insieme tutti gli attori silenziosi di quell\u2019Italia che esiste ma che attualmente \u00e8 invisibile dall\u2019esterno, perch\u00e9 ignorata dai mass media. Vogliamo raccontare e rappresentare quei milioni di cittadini fino ad oggi esclusi dai circuiti informativi, offrendogli allo stesso tempo una serie di servizi fondamentali alla valorizzazione e alla messa in rete delle loro azioni.","url":"https:\/\/www.pressenza.com\/it\/author\/italia-che-cambia\/"}]}},"place":"Daniel Tarozzi, Ponente ligure","original_article_url":"https:\/\/www.italiachecambia.org\/2026\/03\/mi-sento-a-casa-persone-migranti\/","_links":{"self":[{"href":"https:\/\/www.pressenza.com\/it\/wp-json\/wp\/v2\/posts\/2683337","targetHints":{"allow":["GET"]}}],"collection":[{"href":"https:\/\/www.pressenza.com\/it\/wp-json\/wp\/v2\/posts"}],"about":[{"href":"https:\/\/www.pressenza.com\/it\/wp-json\/wp\/v2\/types\/post"}],"author":[{"embeddable":true,"href":"https:\/\/www.pressenza.com\/it\/wp-json\/wp\/v2\/users\/1156"}],"replies":[{"embeddable":true,"href":"https:\/\/www.pressenza.com\/it\/wp-json\/wp\/v2\/comments?post=2683337"}],"version-history":[{"count":1,"href":"https:\/\/www.pressenza.com\/it\/wp-json\/wp\/v2\/posts\/2683337\/revisions"}],"predecessor-version":[{"id":2683342,"href":"https:\/\/www.pressenza.com\/it\/wp-json\/wp\/v2\/posts\/2683337\/revisions\/2683342"}],"wp:featuredmedia":[{"embeddable":true,"href":"https:\/\/www.pressenza.com\/it\/wp-json\/wp\/v2\/media\/2683339"}],"wp:attachment":[{"href":"https:\/\/www.pressenza.com\/it\/wp-json\/wp\/v2\/media?parent=2683337"}],"wp:term":[{"taxonomy":"category","embeddable":true,"href":"https:\/\/www.pressenza.com\/it\/wp-json\/wp\/v2\/categories?post=2683337"},{"taxonomy":"post_tag","embeddable":true,"href":"https:\/\/www.pressenza.com\/it\/wp-json\/wp\/v2\/tags?post=2683337"}],"curies":[{"name":"wp","href":"https:\/\/api.w.org\/{rel}","templated":true}]}}