{"id":2683237,"date":"2026-03-11T09:27:04","date_gmt":"2026-03-11T09:27:04","guid":{"rendered":"https:\/\/www.pressenza.com\/?p=2683237"},"modified":"2026-03-11T09:27:04","modified_gmt":"2026-03-11T09:27:04","slug":"terzo-settore-crescono-partecipazione-civica-online-donazioni-5x1000-e-occupazione","status":"publish","type":"post","link":"https:\/\/www.pressenza.com\/it\/2026\/03\/terzo-settore-crescono-partecipazione-civica-online-donazioni-5x1000-e-occupazione\/","title":{"rendered":"Terzo settore: crescono partecipazione civica online, donazioni, 5&#215;1000 e occupazione"},"content":{"rendered":"<p>Il <strong>Terzo settore italiano<\/strong> &#8211; <em>l\u2019insieme degli enti di carattere privato che si affianca alle istituzioni pubbliche e al mercato e che interagisce con entrambi per l\u2019interesse delle comunit\u00e0, agendo in diversi ambiti, dall\u2019assistenza alle persone con disabilit\u00e0 alla tutela dell\u2019ambiente, dai servizi sanitari e socio-assistenziali all\u2019animazione culturale<\/em> &#8211; non solo tiene, ma cresce, si innova e consolida il proprio ruolo strategico per il benessere sociale ed economico del Paese.<\/p>\n<p>Il <strong>Terzjus Report 2025<\/strong>, \u201c<strong><em>La riforma al traguardo. Risultati, nodi irrisolti e futuro del Terzo Settore<\/em><\/strong>\u201d, presentato a Roma di recente, restituisce infatti l\u2019immagine di un comparto dinamico, partecipato e sempre pi\u00f9 centrale nelle politiche di <em>welfare<\/em> e nello sviluppo dell\u2019economia sociale. <strong>Terzjus<\/strong> \u2013 <strong>Osservatorio di diritto del Terzo Settore, della filantropia e dell\u2019impresa sociale<\/strong> \u2013 \u00e8 una Fondazione ETS nata dall\u2019associazione costituita nel dicembre 2019, che si propone di promuovere la cultura e il diritto della Riforma del Terzo Settore e, in senso pi\u00f9 in generale, di spiegare l\u2019impatto che la nuova legislazione ha avuto sulla vita degli enti del Terzo.<\/p>\n<p><strong>Terzjus<\/strong> promuove la cultura giuridica del Terzo Settore, della filantropia e dell\u2019impresa sociale, proponendo un\u2019analisi della riforma del Terzo Settore del 2017 e del suo stato di concreta applicazione. Attraverso un approccio scientifico e di ricerca, incentiva altres\u00ec il dialogo con le istituzioni italiane ed europee sul ruolo del Terzo Settore e dell\u2019economia sociale (<a href=\"https:\/\/terzjus.it\/\">https:\/\/terzjus.it\/<\/a>).<\/p>\n<p>Oggi<strong> il Terzo settore conta oltre 140.000 enti iscritti al<\/strong> <a href=\"https:\/\/servizi.lavoro.gov.it\/runts\/it-it\/\">Registro Unico Nazionale del Terzo Settore (RUNTS)<\/a> <strong>nella nuova fase post-riforma<\/strong> e rappresenta circa il 4,5% dell\u2019occupazione privata. Alcune problematiche strutturali restano per\u00f2 evidenti: il differenziale retributivo medio rispetto al resto dell\u2019economia privata \u00e8 pari a circa il 25-30% in meno, il 73% degli occupati \u00e8 donna, con un\u2019alta incidenza di part-time e la retribuzione media dei lavoratori dipendenti \u00e8 pari a 13.331 euro. Pi\u00f9 dell\u201980% degli occupati \u00e8 concentrato nelle imprese sociali. Nella relazione di presentazione del Rapporto, Antonio Fici, giurista e direttore scientifico di Terzjus, ha evidenziato come il 2025 rappresenti un punto di svolta per il diritto del Terzo Settore, grazie al completamento del programma legislativo avviato nel 2016 poich\u00e9 \u201c<em>i diversi passi previsti<\/em>, ha osservato Fici, <em>sono stati realizzati, salvo poche, ma rilevanti eccezioni, come gli articoli 18, commi 3 e 5, ancora inefficaci ma fondamentali per lo sviluppo delle imprese sociali. Per il resto, il grosso del lavoro \u00e8 stato completato. Inoltre, quest\u2019anno nel titolo compare finalmente la parola traguardo, ricordando per\u00f2 che questo termine non evoca la fine della storia del diritto del Terzo Settore: tutt\u2019altro. Ora il diritto del Terzo Settore ha tutte le basi su cui consolidarsi, evolvere e maturare<\/em>\u201d.<\/p>\n<p>Accanto ai due nuclei tematici principali, l\u2019introduzione della fiscalit\u00e0 specifica per il Terzo settore e la definizione della disciplina dei controlli, il Rapporto affronta altri temi centrali, tra cui: economia sociale, lavoro, 5 per mille, liberalit\u00e0 agevolate, nuove forme di volontariato, rapporti con il Registro delle imprese. \u201c<em>E lo fa<\/em>,\u00a0 ha sottolineato Fici,\u00a0 <em>con uno stile Terzius chiaro, riconoscibile, omogeneo, unico nel suo genere, perch\u00e9 comprensibile a tutti, ma non per questo privo di verifiche, riscontri e precisione a livello tecnico<\/em>\u201d.<\/p>\n<p>Durante la presentazione del Rapporto, il <strong>Piano d\u2019Azione Nazionale per l\u2019Economia Sociale<\/strong> (PANES) \u00e8 stato indicato come la cornice strategica per consolidare e sviluppare un comparto che gi\u00e0 oggi rappresenta un attore rilevante dello sviluppo territoriale. Il Piano, come ha osservato <strong>Gabriele Sepio<\/strong>, Segretario Generale di <strong>Terzjus<\/strong>, \u201c<em>punta per la prima volta a creare un perimetro culturale e giuridico entro il quale gli enti dell\u2019economia sociale &#8211; cooperative, imprese sociali, ETS, enti religiosi, societ\u00e0 di mutuo soccorso e Ssd \u2013 potranno finalmente utilizzare strumenti adatti a realt\u00e0 che ispirano la propria azione a favore del bene comune. Finanza, fisco, public procurement e revisione delle regole sugli aiuti di Stato sono solo alcune delle priorit\u00e0 per costruire un quadro di regole e di incentivi volti a promuovere, come indicato dalla Raccomandazione UE, i soggetti dell\u2019economia sociale in un welfare comunitario caratterizzato dalla reciprocit\u00e0<\/em>\u201d.<\/p>\n<p>Come si ricorder\u00e0, ai sensi del punto 10 della Raccomandazione del 27 novembre 2023, sullo sviluppo delle condizioni quadro dell\u2019economia sociale, del Consiglio dell\u2019<strong>Unione Europea<\/strong>, si \u00e8 svolta dal 17 ottobre 2025 al 14 novembre 2026 la consultazione sul &#8220;<strong>Piano nazionale per l\u2019economia sociale<\/strong>&#8221; del <strong>Ministero dell\u2019Economia e delle Finanze. Il Piano nazionale per l\u2019economia sociale <\/strong>\u00e8 stato predisposto sentiti i Ministeri competenti unitamente alle organizzazioni e agli enti pi\u00f9 rappresentativi dell\u2019economia sociale. L\u2019obiettivo del Piano \u00e8 di perimetrare i soggetti facenti parte dell\u2019ecosistema dell\u2019economia sociale e di individuare le azioni e le iniziative volte a promuovere le attivit\u00e0 e lo sviluppo dei relativi modelli organizzativi al fine di favorire il perseguimento di finalit\u00e0 di interesse generale e collettivo (<a href=\"https:\/\/www.finanze.gov.it\/export\/sites\/finanze\/consultazioniDF\/.content\/allegati\/Piano_azione_ES_consultazione_MEF.pdf\">https:\/\/www.finanze.gov.it\/export\/sites\/finanze\/consultazioniDF\/.content\/allegati\/Piano_azione_ES_consultazione_MEF.pdf<\/a>).<\/p>\n<p>\u201c<em>Abbiamo impiegato quasi dieci anni per costruire un\u2019infrastruttura normativa solida. Oggi quella stagione si chiude<\/em>, ha dichiarato <strong>Luigi Bobba<\/strong>, Presidente della <strong>Fondazione Terzjus<\/strong>, nel suo intervento alla presentazione del Rapporto. <em>Ma le regole, da sole, non bastano. Se il differenziale salariale con gli altri lavoratori dell&#8217;economia privata resta cos\u00ec rilevante, la sfida ora \u00e8 trasformare la riforma in qualit\u00e0 del lavoro e sostenibilit\u00e0 economica degli ETS. Il nuovo inizio significa passare dalla regolazione alla crescita, dall\u2019adempimento all\u2019impatto sociale misurabile, da ruolo di supporto alla PA per la fornitura di servizi sociali, a soggetto di innovazione sociale. E significa anche riconoscere che l\u2019economia sociale non \u00e8 un settore residuale, ma una componente strutturale del modello di sviluppo del Paese: produce occupazione, coesione sociale e servizi essenziali nei territori specialmente quelli pi\u00f9 marginali<\/em>. <em>Se vogliamo difendere l\u2019universalismo del nostro welfare dobbiamo investire sul Terzo settore e sull\u2019economia sociale come leva strategica di innovazione e competitivit\u00e0 inclusiva<\/em>\u201d.<\/p>\n<p><strong><u>Qui<\/u><\/strong> per scaricare il Rapporto: <a href=\"https:\/\/terzjus.it\/rapporto\/\">https:\/\/terzjus.it\/rapporto\/<\/a>.<\/p>\n<p>&nbsp;<\/p>\n","protected":false},"excerpt":{"rendered":"<p>Il Terzo settore italiano &#8211; l\u2019insieme degli enti di carattere privato che si affianca alle istituzioni pubbliche e al mercato e che interagisce con entrambi per l\u2019interesse delle comunit\u00e0, agendo in diversi ambiti, dall\u2019assistenza alle persone con disabilit\u00e0 alla tutela&hellip;<\/p>\n","protected":false},"author":2106,"featured_media":2683238,"comment_status":"closed","ping_status":"closed","sticky":false,"template":"","format":"standard","meta":{"footnotes":""},"categories":[11388,62,47],"tags":[9372,153231,153230],"class_list":["post-2683237","post","type-post","status-publish","format-standard","has-post-thumbnail","hentry","category-contenuti-originali","category-economia","category-europa","tag-economia-sociale","tag-terzjus-report-2025","tag-terzo-settore-italiano"],"yoast_head":"<!-- This site is optimized with the Yoast SEO plugin v27.1.1 - https:\/\/yoast.com\/product\/yoast-seo-wordpress\/ -->\n<title>Terzo settore: crescono partecipazione civica online, donazioni, 5x1000 e occupazione<\/title>\n<meta name=\"description\" content=\"Il Terzo settore italiano - l\u2019insieme degli enti di carattere privato che si affianca alle istituzioni pubbliche e al mercato e che interagisce con\" \/>\n<meta name=\"robots\" content=\"index, follow, max-snippet:-1, max-image-preview:large, max-video-preview:-1\" \/>\n<link rel=\"canonical\" href=\"https:\/\/www.pressenza.com\/it\/2026\/03\/terzo-settore-crescono-partecipazione-civica-online-donazioni-5x1000-e-occupazione\/\" \/>\n<meta property=\"og:locale\" content=\"it_IT\" \/>\n<meta property=\"og:type\" content=\"article\" \/>\n<meta property=\"og:title\" content=\"Terzo settore: crescono partecipazione civica online, donazioni, 5x1000 e occupazione\" \/>\n<meta property=\"og:description\" content=\"Il Terzo settore italiano - l\u2019insieme degli enti di carattere privato che si affianca alle istituzioni pubbliche e al mercato e che interagisce con\" \/>\n<meta property=\"og:url\" content=\"https:\/\/www.pressenza.com\/it\/2026\/03\/terzo-settore-crescono-partecipazione-civica-online-donazioni-5x1000-e-occupazione\/\" \/>\n<meta property=\"og:site_name\" content=\"Pressenza\" \/>\n<meta property=\"article:publisher\" content=\"https:\/\/www.facebook.com\/PressenzaItalia\" \/>\n<meta property=\"article:published_time\" content=\"2026-03-11T09:27:04+00:00\" \/>\n<meta property=\"og:image\" content=\"https:\/\/www.pressenza.com\/wp-content\/uploads\/2026\/03\/foto-di-Forum-Terzo-Settore.jpg\" \/>\n\t<meta property=\"og:image:width\" content=\"1920\" \/>\n\t<meta property=\"og:image:height\" content=\"1280\" \/>\n\t<meta property=\"og:image:type\" content=\"image\/jpeg\" \/>\n<meta name=\"author\" content=\"Giovanni Caprio\" \/>\n<meta name=\"twitter:card\" content=\"summary_large_image\" \/>\n<meta name=\"twitter:creator\" content=\"@PressenzaIPA\" \/>\n<meta name=\"twitter:site\" content=\"@PressenzaIPA\" \/>\n<meta name=\"twitter:label1\" content=\"Scritto da\" \/>\n\t<meta name=\"twitter:data1\" content=\"Giovanni Caprio\" \/>\n\t<meta name=\"twitter:label2\" content=\"Tempo di lettura stimato\" \/>\n\t<meta name=\"twitter:data2\" content=\"6 minuti\" \/>\n<script type=\"application\/ld+json\" class=\"yoast-schema-graph\">{\"@context\":\"https:\/\/schema.org\",\"@graph\":[{\"@type\":\"Article\",\"@id\":\"https:\/\/www.pressenza.com\/it\/2026\/03\/terzo-settore-crescono-partecipazione-civica-online-donazioni-5x1000-e-occupazione\/#article\",\"isPartOf\":{\"@id\":\"https:\/\/www.pressenza.com\/it\/2026\/03\/terzo-settore-crescono-partecipazione-civica-online-donazioni-5x1000-e-occupazione\/\"},\"author\":{\"name\":\"Giovanni Caprio\",\"@id\":\"https:\/\/www.pressenza.com\/it\/#\/schema\/person\/841c36a613f4f6e80f5fbc9c1f8c32c8\"},\"headline\":\"Terzo settore: crescono partecipazione civica online, donazioni, 5&#215;1000 e occupazione\",\"datePublished\":\"2026-03-11T09:27:04+00:00\",\"mainEntityOfPage\":{\"@id\":\"https:\/\/www.pressenza.com\/it\/2026\/03\/terzo-settore-crescono-partecipazione-civica-online-donazioni-5x1000-e-occupazione\/\"},\"wordCount\":974,\"publisher\":{\"@id\":\"https:\/\/www.pressenza.com\/it\/#organization\"},\"image\":{\"@id\":\"https:\/\/www.pressenza.com\/it\/2026\/03\/terzo-settore-crescono-partecipazione-civica-online-donazioni-5x1000-e-occupazione\/#primaryimage\"},\"thumbnailUrl\":\"https:\/\/www.pressenza.com\/wp-content\/uploads\/2026\/03\/foto-di-Forum-Terzo-Settore.jpg\",\"keywords\":[\"economia sociale\",\"Terzjus Report 2025\",\"Terzo settore italiano\"],\"articleSection\":[\"contenuti originali\",\"Economia\",\"Europa\"],\"inLanguage\":\"it-IT\"},{\"@type\":\"WebPage\",\"@id\":\"https:\/\/www.pressenza.com\/it\/2026\/03\/terzo-settore-crescono-partecipazione-civica-online-donazioni-5x1000-e-occupazione\/\",\"url\":\"https:\/\/www.pressenza.com\/it\/2026\/03\/terzo-settore-crescono-partecipazione-civica-online-donazioni-5x1000-e-occupazione\/\",\"name\":\"Terzo settore: crescono partecipazione civica online, donazioni, 5x1000 e occupazione\",\"isPartOf\":{\"@id\":\"https:\/\/www.pressenza.com\/it\/#website\"},\"primaryImageOfPage\":{\"@id\":\"https:\/\/www.pressenza.com\/it\/2026\/03\/terzo-settore-crescono-partecipazione-civica-online-donazioni-5x1000-e-occupazione\/#primaryimage\"},\"image\":{\"@id\":\"https:\/\/www.pressenza.com\/it\/2026\/03\/terzo-settore-crescono-partecipazione-civica-online-donazioni-5x1000-e-occupazione\/#primaryimage\"},\"thumbnailUrl\":\"https:\/\/www.pressenza.com\/wp-content\/uploads\/2026\/03\/foto-di-Forum-Terzo-Settore.jpg\",\"datePublished\":\"2026-03-11T09:27:04+00:00\",\"description\":\"Il Terzo settore italiano - l\u2019insieme degli enti di carattere privato che si affianca alle istituzioni pubbliche e al mercato e che interagisce con\",\"breadcrumb\":{\"@id\":\"https:\/\/www.pressenza.com\/it\/2026\/03\/terzo-settore-crescono-partecipazione-civica-online-donazioni-5x1000-e-occupazione\/#breadcrumb\"},\"inLanguage\":\"it-IT\",\"potentialAction\":[{\"@type\":\"ReadAction\",\"target\":[\"https:\/\/www.pressenza.com\/it\/2026\/03\/terzo-settore-crescono-partecipazione-civica-online-donazioni-5x1000-e-occupazione\/\"]}]},{\"@type\":\"ImageObject\",\"inLanguage\":\"it-IT\",\"@id\":\"https:\/\/www.pressenza.com\/it\/2026\/03\/terzo-settore-crescono-partecipazione-civica-online-donazioni-5x1000-e-occupazione\/#primaryimage\",\"url\":\"https:\/\/www.pressenza.com\/wp-content\/uploads\/2026\/03\/foto-di-Forum-Terzo-Settore.jpg\",\"contentUrl\":\"https:\/\/www.pressenza.com\/wp-content\/uploads\/2026\/03\/foto-di-Forum-Terzo-Settore.jpg\",\"width\":1920,\"height\":1280},{\"@type\":\"BreadcrumbList\",\"@id\":\"https:\/\/www.pressenza.com\/it\/2026\/03\/terzo-settore-crescono-partecipazione-civica-online-donazioni-5x1000-e-occupazione\/#breadcrumb\",\"itemListElement\":[{\"@type\":\"ListItem\",\"position\":1,\"name\":\"Accueil\",\"item\":\"https:\/\/www.pressenza.com\/it\/\"},{\"@type\":\"ListItem\",\"position\":2,\"name\":\"Terzo settore: crescono partecipazione civica online, donazioni, 5&#215;1000 e occupazione\"}]},{\"@type\":\"WebSite\",\"@id\":\"https:\/\/www.pressenza.com\/it\/#website\",\"url\":\"https:\/\/www.pressenza.com\/it\/\",\"name\":\"Pressenza\",\"description\":\"Agenzia di Stampa Internazionale\",\"publisher\":{\"@id\":\"https:\/\/www.pressenza.com\/it\/#organization\"},\"potentialAction\":[{\"@type\":\"SearchAction\",\"target\":{\"@type\":\"EntryPoint\",\"urlTemplate\":\"https:\/\/www.pressenza.com\/it\/?s={search_term_string}\"},\"query-input\":{\"@type\":\"PropertyValueSpecification\",\"valueRequired\":true,\"valueName\":\"search_term_string\"}}],\"inLanguage\":\"it-IT\"},{\"@type\":\"Organization\",\"@id\":\"https:\/\/www.pressenza.com\/it\/#organization\",\"name\":\"Pressenza\",\"url\":\"https:\/\/www.pressenza.com\/it\/\",\"logo\":{\"@type\":\"ImageObject\",\"inLanguage\":\"it-IT\",\"@id\":\"https:\/\/www.pressenza.com\/it\/#\/schema\/logo\/image\/\",\"url\":\"https:\/\/www.pressenza.com\/wp-content\/uploads\/2022\/10\/pressenza_logo_200x200.jpg\",\"contentUrl\":\"https:\/\/www.pressenza.com\/wp-content\/uploads\/2022\/10\/pressenza_logo_200x200.jpg\",\"width\":200,\"height\":200,\"caption\":\"Pressenza\"},\"image\":{\"@id\":\"https:\/\/www.pressenza.com\/it\/#\/schema\/logo\/image\/\"},\"sameAs\":[\"https:\/\/www.facebook.com\/PressenzaItalia\",\"https:\/\/x.com\/PressenzaIPA\"]},{\"@type\":\"Person\",\"@id\":\"https:\/\/www.pressenza.com\/it\/#\/schema\/person\/841c36a613f4f6e80f5fbc9c1f8c32c8\",\"name\":\"Giovanni Caprio\",\"description\":\"Pubblicista, gi\u00e0 dirigente di istituzioni pubbliche e di fondazioni private. Si occupa di beni comuni, partecipazione e governo del territorio.\",\"url\":\"https:\/\/www.pressenza.com\/it\/author\/giovanni-caprio\/\"}]}<\/script>\n<!-- \/ Yoast SEO plugin. -->","yoast_head_json":{"title":"Terzo settore: crescono partecipazione civica online, donazioni, 5x1000 e occupazione","description":"Il Terzo settore italiano - l\u2019insieme degli enti di carattere privato che si affianca alle istituzioni pubbliche e al mercato e che interagisce con","robots":{"index":"index","follow":"follow","max-snippet":"max-snippet:-1","max-image-preview":"max-image-preview:large","max-video-preview":"max-video-preview:-1"},"canonical":"https:\/\/www.pressenza.com\/it\/2026\/03\/terzo-settore-crescono-partecipazione-civica-online-donazioni-5x1000-e-occupazione\/","og_locale":"it_IT","og_type":"article","og_title":"Terzo settore: crescono partecipazione civica online, donazioni, 5x1000 e occupazione","og_description":"Il Terzo settore italiano - l\u2019insieme degli enti di carattere privato che si affianca alle istituzioni pubbliche e al mercato e che interagisce con","og_url":"https:\/\/www.pressenza.com\/it\/2026\/03\/terzo-settore-crescono-partecipazione-civica-online-donazioni-5x1000-e-occupazione\/","og_site_name":"Pressenza","article_publisher":"https:\/\/www.facebook.com\/PressenzaItalia","article_published_time":"2026-03-11T09:27:04+00:00","og_image":[{"width":1920,"height":1280,"url":"https:\/\/www.pressenza.com\/wp-content\/uploads\/2026\/03\/foto-di-Forum-Terzo-Settore.jpg","type":"image\/jpeg"}],"author":"Giovanni Caprio","twitter_card":"summary_large_image","twitter_creator":"@PressenzaIPA","twitter_site":"@PressenzaIPA","twitter_misc":{"Scritto da":"Giovanni Caprio","Tempo di lettura stimato":"6 minuti"},"schema":{"@context":"https:\/\/schema.org","@graph":[{"@type":"Article","@id":"https:\/\/www.pressenza.com\/it\/2026\/03\/terzo-settore-crescono-partecipazione-civica-online-donazioni-5x1000-e-occupazione\/#article","isPartOf":{"@id":"https:\/\/www.pressenza.com\/it\/2026\/03\/terzo-settore-crescono-partecipazione-civica-online-donazioni-5x1000-e-occupazione\/"},"author":{"name":"Giovanni Caprio","@id":"https:\/\/www.pressenza.com\/it\/#\/schema\/person\/841c36a613f4f6e80f5fbc9c1f8c32c8"},"headline":"Terzo settore: crescono partecipazione civica online, donazioni, 5&#215;1000 e occupazione","datePublished":"2026-03-11T09:27:04+00:00","mainEntityOfPage":{"@id":"https:\/\/www.pressenza.com\/it\/2026\/03\/terzo-settore-crescono-partecipazione-civica-online-donazioni-5x1000-e-occupazione\/"},"wordCount":974,"publisher":{"@id":"https:\/\/www.pressenza.com\/it\/#organization"},"image":{"@id":"https:\/\/www.pressenza.com\/it\/2026\/03\/terzo-settore-crescono-partecipazione-civica-online-donazioni-5x1000-e-occupazione\/#primaryimage"},"thumbnailUrl":"https:\/\/www.pressenza.com\/wp-content\/uploads\/2026\/03\/foto-di-Forum-Terzo-Settore.jpg","keywords":["economia sociale","Terzjus Report 2025","Terzo settore italiano"],"articleSection":["contenuti originali","Economia","Europa"],"inLanguage":"it-IT"},{"@type":"WebPage","@id":"https:\/\/www.pressenza.com\/it\/2026\/03\/terzo-settore-crescono-partecipazione-civica-online-donazioni-5x1000-e-occupazione\/","url":"https:\/\/www.pressenza.com\/it\/2026\/03\/terzo-settore-crescono-partecipazione-civica-online-donazioni-5x1000-e-occupazione\/","name":"Terzo settore: crescono partecipazione civica online, donazioni, 5x1000 e occupazione","isPartOf":{"@id":"https:\/\/www.pressenza.com\/it\/#website"},"primaryImageOfPage":{"@id":"https:\/\/www.pressenza.com\/it\/2026\/03\/terzo-settore-crescono-partecipazione-civica-online-donazioni-5x1000-e-occupazione\/#primaryimage"},"image":{"@id":"https:\/\/www.pressenza.com\/it\/2026\/03\/terzo-settore-crescono-partecipazione-civica-online-donazioni-5x1000-e-occupazione\/#primaryimage"},"thumbnailUrl":"https:\/\/www.pressenza.com\/wp-content\/uploads\/2026\/03\/foto-di-Forum-Terzo-Settore.jpg","datePublished":"2026-03-11T09:27:04+00:00","description":"Il Terzo settore italiano - l\u2019insieme degli enti di carattere privato che si affianca alle istituzioni pubbliche e al mercato e che interagisce con","breadcrumb":{"@id":"https:\/\/www.pressenza.com\/it\/2026\/03\/terzo-settore-crescono-partecipazione-civica-online-donazioni-5x1000-e-occupazione\/#breadcrumb"},"inLanguage":"it-IT","potentialAction":[{"@type":"ReadAction","target":["https:\/\/www.pressenza.com\/it\/2026\/03\/terzo-settore-crescono-partecipazione-civica-online-donazioni-5x1000-e-occupazione\/"]}]},{"@type":"ImageObject","inLanguage":"it-IT","@id":"https:\/\/www.pressenza.com\/it\/2026\/03\/terzo-settore-crescono-partecipazione-civica-online-donazioni-5x1000-e-occupazione\/#primaryimage","url":"https:\/\/www.pressenza.com\/wp-content\/uploads\/2026\/03\/foto-di-Forum-Terzo-Settore.jpg","contentUrl":"https:\/\/www.pressenza.com\/wp-content\/uploads\/2026\/03\/foto-di-Forum-Terzo-Settore.jpg","width":1920,"height":1280},{"@type":"BreadcrumbList","@id":"https:\/\/www.pressenza.com\/it\/2026\/03\/terzo-settore-crescono-partecipazione-civica-online-donazioni-5x1000-e-occupazione\/#breadcrumb","itemListElement":[{"@type":"ListItem","position":1,"name":"Accueil","item":"https:\/\/www.pressenza.com\/it\/"},{"@type":"ListItem","position":2,"name":"Terzo settore: crescono partecipazione civica online, donazioni, 5&#215;1000 e occupazione"}]},{"@type":"WebSite","@id":"https:\/\/www.pressenza.com\/it\/#website","url":"https:\/\/www.pressenza.com\/it\/","name":"Pressenza","description":"Agenzia di Stampa Internazionale","publisher":{"@id":"https:\/\/www.pressenza.com\/it\/#organization"},"potentialAction":[{"@type":"SearchAction","target":{"@type":"EntryPoint","urlTemplate":"https:\/\/www.pressenza.com\/it\/?s={search_term_string}"},"query-input":{"@type":"PropertyValueSpecification","valueRequired":true,"valueName":"search_term_string"}}],"inLanguage":"it-IT"},{"@type":"Organization","@id":"https:\/\/www.pressenza.com\/it\/#organization","name":"Pressenza","url":"https:\/\/www.pressenza.com\/it\/","logo":{"@type":"ImageObject","inLanguage":"it-IT","@id":"https:\/\/www.pressenza.com\/it\/#\/schema\/logo\/image\/","url":"https:\/\/www.pressenza.com\/wp-content\/uploads\/2022\/10\/pressenza_logo_200x200.jpg","contentUrl":"https:\/\/www.pressenza.com\/wp-content\/uploads\/2022\/10\/pressenza_logo_200x200.jpg","width":200,"height":200,"caption":"Pressenza"},"image":{"@id":"https:\/\/www.pressenza.com\/it\/#\/schema\/logo\/image\/"},"sameAs":["https:\/\/www.facebook.com\/PressenzaItalia","https:\/\/x.com\/PressenzaIPA"]},{"@type":"Person","@id":"https:\/\/www.pressenza.com\/it\/#\/schema\/person\/841c36a613f4f6e80f5fbc9c1f8c32c8","name":"Giovanni Caprio","description":"Pubblicista, gi\u00e0 dirigente di istituzioni pubbliche e di fondazioni private. Si occupa di beni comuni, partecipazione e governo del territorio.","url":"https:\/\/www.pressenza.com\/it\/author\/giovanni-caprio\/"}]}},"place":"","original_article_url":"","_links":{"self":[{"href":"https:\/\/www.pressenza.com\/it\/wp-json\/wp\/v2\/posts\/2683237","targetHints":{"allow":["GET"]}}],"collection":[{"href":"https:\/\/www.pressenza.com\/it\/wp-json\/wp\/v2\/posts"}],"about":[{"href":"https:\/\/www.pressenza.com\/it\/wp-json\/wp\/v2\/types\/post"}],"author":[{"embeddable":true,"href":"https:\/\/www.pressenza.com\/it\/wp-json\/wp\/v2\/users\/2106"}],"replies":[{"embeddable":true,"href":"https:\/\/www.pressenza.com\/it\/wp-json\/wp\/v2\/comments?post=2683237"}],"version-history":[{"count":1,"href":"https:\/\/www.pressenza.com\/it\/wp-json\/wp\/v2\/posts\/2683237\/revisions"}],"predecessor-version":[{"id":2683239,"href":"https:\/\/www.pressenza.com\/it\/wp-json\/wp\/v2\/posts\/2683237\/revisions\/2683239"}],"wp:featuredmedia":[{"embeddable":true,"href":"https:\/\/www.pressenza.com\/it\/wp-json\/wp\/v2\/media\/2683238"}],"wp:attachment":[{"href":"https:\/\/www.pressenza.com\/it\/wp-json\/wp\/v2\/media?parent=2683237"}],"wp:term":[{"taxonomy":"category","embeddable":true,"href":"https:\/\/www.pressenza.com\/it\/wp-json\/wp\/v2\/categories?post=2683237"},{"taxonomy":"post_tag","embeddable":true,"href":"https:\/\/www.pressenza.com\/it\/wp-json\/wp\/v2\/tags?post=2683237"}],"curies":[{"name":"wp","href":"https:\/\/api.w.org\/{rel}","templated":true}]}}