{"id":2682242,"date":"2026-03-08T12:41:58","date_gmt":"2026-03-08T12:41:58","guid":{"rendered":"https:\/\/www.pressenza.com\/?p=2682242"},"modified":"2026-03-08T12:43:22","modified_gmt":"2026-03-08T12:43:22","slug":"epstein-fury-e-pedomachia","status":"publish","type":"post","link":"https:\/\/www.pressenza.com\/it\/2026\/03\/epstein-fury-e-pedomachia\/","title":{"rendered":"Epstein Fury e pedomachia"},"content":{"rendered":"<p><strong>Pedomachia \u00e8 il nome dello sterminio dei bambini che Israele sta compiendo a Gaza. Mi dicono che la parola \u201cpedomachia\u201d sar\u00e0 perseguibile<\/strong>\u00a0quando l\u2019onorevolissimo Gasparri sar\u00e0 riuscito a far passare la sua legge che accusa di antisemitismo chiunque denunci la spietatezza propriamente nazista di uno stato che sembra nato dalla fantasia di Josep Mengele, e si chiama Israele. Mi dicono che il parlamento italiano stia votando una legge che vieta di scrivere che Israele \u00e8 uno stato colonialista, fondato sull\u2019apartheid ed intrinsecamente genocidario, e dunque non ha diritto all\u2019esistenza.<\/p>\n<p>Poich\u00e9 io l\u2019ho scritto nel libro\u00a0<em>Pensare dopo Gaza\u00a0<\/em>che torna in libreria fra qualche giorno, avrei qualche ragione di preoccuparmi. Sequestreranno il libro, le autorit\u00e0 italiane, mentre inizia la pi\u00f9 pericolosa delle guerre, quella in cui si scontrano i cristiano-sionisti dell\u2019apocalisse Israelo-americana e i fanatici sciiti duodecimani che attendono il ritorno del Mahdi in premio del sacrificio finale? Sequestreranno il libro mentre nel Mediterraneo petroliere gigantesche sanguinano il loro liquido nero davanti alle coste libiche e a quelle kuwaitiane? Sequestreranno il libro mentre cadaveri galleggiano sulle acque che costeggiano il mar Mediterraneo?<\/p>\n<p>Saprei come rispondere.<\/p>\n<p>Risponderei che l\u2019odio per gli ebrei che da millenni cova nel mondo cristiano sta riemergendo, ma non ha niente a che vedere con le parole contro cui legiferano gli eredi meloniani delle leggi razziali di Benito Mussolini.\u00a0<strong>Non odia gli ebrei chi denuncia Israele come stato genocida. L\u2019odio per gli ebrei risorge tra i nazionalisti bianchi, nelle file dei cappellini rossi con su scritto Make America Great Again<\/strong>, risorge nella destra cristiana degli Stati Uniti d\u2019America.<\/p>\n<p>I padroni del mondo si sono serviti del finanziere sionista Jeffrey Epstein per le loro orge a base di bambine tredicenni. Non dovrebbe sorprenderci il fatto che per i cristiani del Ku Klux Klan questa \u00e8 la prova di una voce che circola da millenni: gli assassini di Cristo mangiano bambini. Questo \u00e8 l\u2019antisemitismo che sta risorgendo, mentre esplode la resa dei conti, la guerra che oppone cristiano-sionisti e islamico-sciiti sullo sfondo delle fiamme che incendiano il mare e la terra.<\/p>\n<p>In questa guerra c\u2019\u00e8 un mistero che non riesco a spiegarmi: perch\u00e9 Trump ha deciso di imbarcarsi in questa guerra apocalittica invisa alla sua base e destinata a provocare conseguenze imprevedibili?<\/p>\n<p>All\u2019infame Frederick Merz, Trump ha detto: \u201cStavamo trattando con questi lunatici, e mi son convinto che avrebbero attaccato per prima. Forse abbiamo forzato la mano di Israele\u2026\u201d. La domanda \u00e8: \u201cChi ha forzato la mano a chi?\u201d.\u00a0<strong>Il miracolo di Trump \u00e8 stato mettere insieme nel MAGA due anime: quella dei cristiano sionisti, e quella dei cristiani antisemiti<\/strong>\u00a0di ispirazione apertamente nazista. Trump ha vinto le elezioni perch\u00e9 Tucker Carlson, Nick Fuentes, e Marjorie Taylor Green hanno accettato di votare insieme ai sionisti e ai frequentatori dell\u2019isola di Epstein.\u00a0<strong>Ma adesso l\u2019attacco all\u2019Iran sta provocando la rottura fra queste due anime<\/strong>: Marjorie Taylor Green ha detto che il gruppo trumpista \u00e8 un <em>bunch of sick fucking liars<\/em> (mucchio di fottuti malati bugiardi).<\/p>\n<p>Nick Fuentes, influencer nazionalista bianco ha scritto: \u201c<em>Trump said on Friday, \u2018Soldiers are going to die.\u2019 Okay, but who are they dying for? Who\u2019s telling them to die? For what? Who\u2019s decision is that? Is it the President elected by the people of the United States of America? Or is it the Prime minister of Israel?<\/em>\u201d <em>(Ha detto Trump venerd\u00ec: I soldati sono pronti a morire. Va bene, ma per chi vanno a morire? Chi gli sta dicendo di morire? Per che cosa? Di chi \u00e8 quella decisione? E&#8217; del presidente eletto dal popolo degli USA? O del primo ministro di Israele? ndR)<\/em><\/p>\n<p>Tucker Carlson, ispiratore di milioni di razzisti trumpisti ha dichiarato che l\u2019attacco all\u2019Iran: \u201cIs \u201c<em>absolutely disgusting and evil<\/em>\u201d <em>(assolutamente disgustoso e malefico, ndR)<\/em> e ha suggerito che questa guerra avr\u00e0 un effetto devastante sul movimento che sostiene Trump.<\/p>\n<p><strong>Era prevedibile che la guerra avrebbe spaccato il fronte MAGA. Trump non poteva non saperlo. Allora perch\u00e9 ha deciso di seguire Israele nella missione apocalittica denominata Epic Fury che i nazi-americani hanno gi\u00e0 ribattezzato Epstein Fury? Di quali informazioni dispone Israele per ricattare Donald Trump? Non \u00e8 difficile immaginarlo.<\/strong><\/p>\n<p>La rete Epstein non si limitava a fornire carne fresca agli orchi della finanza e della politica occidentale, ma accumulava informazioni utili per ricattare e costringere il presidente statunitense a partecipare a una guerra che, se non mi sbaglio, \u00e8 destinata a trascinare il pianeta nella guerra terminale. Ma c\u2019\u00e8 ancora qualcuno che crede che Epstein si sia suicidato? Il medico legale che fece l\u2019autopsia disse che le fratture alla base del collo non suffragavano l\u2019ipotesi del suicidio. E allora: chi ha ucciso Jeffrey Epstein?<\/p>\n<p>&nbsp;<\/p>\n<div class=\"addtoany_share_save_container addtoany_content addtoany_content_bottom\">\n<div class=\"a2a_kit a2a_kit_size_32 addtoany_list\" data-a2a-url=\"https:\/\/comune-info.net\/epstein-fury-e-pedomachia\/\" data-a2a-title=\"Epstein Fury e pedomachia\"><\/div>\n<\/div>\n","protected":false},"excerpt":{"rendered":"<p>Pedomachia \u00e8 il nome dello sterminio dei bambini che Israele sta compiendo a Gaza. Mi dicono che la parola \u201cpedomachia\u201d sar\u00e0 perseguibile\u00a0quando l\u2019onorevolissimo Gasparri sar\u00e0 riuscito a far passare la sua legge che accusa di antisemitismo chiunque denunci la spietatezza&hellip;<\/p>\n","protected":false},"author":1436,"featured_media":1609581,"comment_status":"closed","ping_status":"closed","sticky":false,"template":"","format":"standard","meta":{"footnotes":""},"categories":[162,1263,55],"tags":[151547,152607,150903,143148],"class_list":["post-2682242","post","type-post","status-publish","format-standard","has-post-thumbnail","hentry","category-opinioni","category-pace-disarmo","category-politica","tag-equiparazione-tra-antisionismo-e-antisemitismo","tag-guerra-alliran","tag-jeffrey-epstein","tag-movimento-maga"],"yoast_head":"<!-- This site is optimized with the Yoast SEO plugin v27.1.1 - https:\/\/yoast.com\/product\/yoast-seo-wordpress\/ -->\n<title>Epstein Fury e pedomachia<\/title>\n<meta name=\"description\" content=\"Pedomachia \u00e8 il nome dello sterminio dei bambini che Israele sta compiendo a Gaza. Mi dicono che la parola \u201cpedomachia\u201d sar\u00e0 perseguibile\u00a0quando\" \/>\n<meta name=\"robots\" content=\"index, follow, max-snippet:-1, max-image-preview:large, max-video-preview:-1\" \/>\n<link rel=\"canonical\" href=\"https:\/\/www.pressenza.com\/it\/2026\/03\/epstein-fury-e-pedomachia\/\" \/>\n<meta property=\"og:locale\" content=\"it_IT\" \/>\n<meta property=\"og:type\" content=\"article\" \/>\n<meta property=\"og:title\" content=\"Epstein Fury e pedomachia\" \/>\n<meta property=\"og:description\" content=\"Pedomachia \u00e8 il nome dello sterminio dei bambini che Israele sta compiendo a Gaza. Mi dicono che la parola \u201cpedomachia\u201d sar\u00e0 perseguibile\u00a0quando\" \/>\n<meta property=\"og:url\" content=\"https:\/\/www.pressenza.com\/it\/2026\/03\/epstein-fury-e-pedomachia\/\" \/>\n<meta property=\"og:site_name\" content=\"Pressenza\" \/>\n<meta property=\"article:publisher\" content=\"https:\/\/www.facebook.com\/PressenzaItalia\" \/>\n<meta property=\"article:published_time\" content=\"2026-03-08T12:41:58+00:00\" \/>\n<meta property=\"article:modified_time\" content=\"2026-03-08T12:43:22+00:00\" \/>\n<meta property=\"og:image\" content=\"https:\/\/www.pressenza.com\/wp-content\/uploads\/2022\/06\/webRNS-Maga-Jesus-Jan-6-e1772973700825.jpg\" \/>\n\t<meta property=\"og:image:width\" content=\"800\" \/>\n\t<meta property=\"og:image:height\" content=\"522\" \/>\n\t<meta property=\"og:image:type\" content=\"image\/jpeg\" \/>\n<meta name=\"author\" content=\"Comune-info\" \/>\n<meta name=\"twitter:card\" content=\"summary_large_image\" \/>\n<meta name=\"twitter:creator\" content=\"@PressenzaIPA\" \/>\n<meta name=\"twitter:site\" content=\"@PressenzaIPA\" \/>\n<meta name=\"twitter:label1\" content=\"Scritto da\" \/>\n\t<meta name=\"twitter:data1\" content=\"Comune-info\" \/>\n\t<meta name=\"twitter:label2\" content=\"Tempo di lettura stimato\" \/>\n\t<meta name=\"twitter:data2\" content=\"5 minuti\" \/>\n<script type=\"application\/ld+json\" class=\"yoast-schema-graph\">{\"@context\":\"https:\/\/schema.org\",\"@graph\":[{\"@type\":\"Article\",\"@id\":\"https:\/\/www.pressenza.com\/it\/2026\/03\/epstein-fury-e-pedomachia\/#article\",\"isPartOf\":{\"@id\":\"https:\/\/www.pressenza.com\/it\/2026\/03\/epstein-fury-e-pedomachia\/\"},\"author\":{\"name\":\"Comune-info\",\"@id\":\"https:\/\/www.pressenza.com\/it\/#\/schema\/person\/1ee2824dbc73024ca26b2ff0897954a1\"},\"headline\":\"Epstein Fury e pedomachia\",\"datePublished\":\"2026-03-08T12:41:58+00:00\",\"dateModified\":\"2026-03-08T12:43:22+00:00\",\"mainEntityOfPage\":{\"@id\":\"https:\/\/www.pressenza.com\/it\/2026\/03\/epstein-fury-e-pedomachia\/\"},\"wordCount\":784,\"publisher\":{\"@id\":\"https:\/\/www.pressenza.com\/it\/#organization\"},\"image\":{\"@id\":\"https:\/\/www.pressenza.com\/it\/2026\/03\/epstein-fury-e-pedomachia\/#primaryimage\"},\"thumbnailUrl\":\"https:\/\/www.pressenza.com\/wp-content\/uploads\/2022\/06\/webRNS-Maga-Jesus-Jan-6-e1772973700825.jpg\",\"keywords\":[\"equiparazione tra antisionismo e antisemitismo\",\"guerra all'Iran\",\"Jeffrey Epstein\",\"movimento MAGA\"],\"articleSection\":[\"Opinioni\",\"Pace e Disarmo\",\"Politica\"],\"inLanguage\":\"it-IT\"},{\"@type\":\"WebPage\",\"@id\":\"https:\/\/www.pressenza.com\/it\/2026\/03\/epstein-fury-e-pedomachia\/\",\"url\":\"https:\/\/www.pressenza.com\/it\/2026\/03\/epstein-fury-e-pedomachia\/\",\"name\":\"Epstein Fury e pedomachia\",\"isPartOf\":{\"@id\":\"https:\/\/www.pressenza.com\/it\/#website\"},\"primaryImageOfPage\":{\"@id\":\"https:\/\/www.pressenza.com\/it\/2026\/03\/epstein-fury-e-pedomachia\/#primaryimage\"},\"image\":{\"@id\":\"https:\/\/www.pressenza.com\/it\/2026\/03\/epstein-fury-e-pedomachia\/#primaryimage\"},\"thumbnailUrl\":\"https:\/\/www.pressenza.com\/wp-content\/uploads\/2022\/06\/webRNS-Maga-Jesus-Jan-6-e1772973700825.jpg\",\"datePublished\":\"2026-03-08T12:41:58+00:00\",\"dateModified\":\"2026-03-08T12:43:22+00:00\",\"description\":\"Pedomachia \u00e8 il nome dello sterminio dei bambini che Israele sta compiendo a Gaza. Mi dicono che la parola \u201cpedomachia\u201d sar\u00e0 perseguibile\u00a0quando\",\"breadcrumb\":{\"@id\":\"https:\/\/www.pressenza.com\/it\/2026\/03\/epstein-fury-e-pedomachia\/#breadcrumb\"},\"inLanguage\":\"it-IT\",\"potentialAction\":[{\"@type\":\"ReadAction\",\"target\":[\"https:\/\/www.pressenza.com\/it\/2026\/03\/epstein-fury-e-pedomachia\/\"]}]},{\"@type\":\"ImageObject\",\"inLanguage\":\"it-IT\",\"@id\":\"https:\/\/www.pressenza.com\/it\/2026\/03\/epstein-fury-e-pedomachia\/#primaryimage\",\"url\":\"https:\/\/www.pressenza.com\/wp-content\/uploads\/2022\/06\/webRNS-Maga-Jesus-Jan-6-e1772973700825.jpg\",\"contentUrl\":\"https:\/\/www.pressenza.com\/wp-content\/uploads\/2022\/06\/webRNS-Maga-Jesus-Jan-6-e1772973700825.jpg\",\"width\":800,\"height\":522,\"caption\":\"White #MAGA QAnon Jesus image carried during the Jan. 6, 2021, invasion of the Capitol. Photo by Tyler Merbler\/Flickr\/Creative Commons\"},{\"@type\":\"BreadcrumbList\",\"@id\":\"https:\/\/www.pressenza.com\/it\/2026\/03\/epstein-fury-e-pedomachia\/#breadcrumb\",\"itemListElement\":[{\"@type\":\"ListItem\",\"position\":1,\"name\":\"Accueil\",\"item\":\"https:\/\/www.pressenza.com\/it\/\"},{\"@type\":\"ListItem\",\"position\":2,\"name\":\"Epstein Fury e pedomachia\"}]},{\"@type\":\"WebSite\",\"@id\":\"https:\/\/www.pressenza.com\/it\/#website\",\"url\":\"https:\/\/www.pressenza.com\/it\/\",\"name\":\"Pressenza\",\"description\":\"Agenzia di Stampa Internazionale\",\"publisher\":{\"@id\":\"https:\/\/www.pressenza.com\/it\/#organization\"},\"potentialAction\":[{\"@type\":\"SearchAction\",\"target\":{\"@type\":\"EntryPoint\",\"urlTemplate\":\"https:\/\/www.pressenza.com\/it\/?s={search_term_string}\"},\"query-input\":{\"@type\":\"PropertyValueSpecification\",\"valueRequired\":true,\"valueName\":\"search_term_string\"}}],\"inLanguage\":\"it-IT\"},{\"@type\":\"Organization\",\"@id\":\"https:\/\/www.pressenza.com\/it\/#organization\",\"name\":\"Pressenza\",\"url\":\"https:\/\/www.pressenza.com\/it\/\",\"logo\":{\"@type\":\"ImageObject\",\"inLanguage\":\"it-IT\",\"@id\":\"https:\/\/www.pressenza.com\/it\/#\/schema\/logo\/image\/\",\"url\":\"https:\/\/www.pressenza.com\/wp-content\/uploads\/2022\/10\/pressenza_logo_200x200.jpg\",\"contentUrl\":\"https:\/\/www.pressenza.com\/wp-content\/uploads\/2022\/10\/pressenza_logo_200x200.jpg\",\"width\":200,\"height\":200,\"caption\":\"Pressenza\"},\"image\":{\"@id\":\"https:\/\/www.pressenza.com\/it\/#\/schema\/logo\/image\/\"},\"sameAs\":[\"https:\/\/www.facebook.com\/PressenzaItalia\",\"https:\/\/x.com\/PressenzaIPA\"]},{\"@type\":\"Person\",\"@id\":\"https:\/\/www.pressenza.com\/it\/#\/schema\/person\/1ee2824dbc73024ca26b2ff0897954a1\",\"name\":\"Comune-info\",\"description\":\"Informazione indipendente su beni comuni, decrescita, altra economia\",\"sameAs\":[\"http:\/\/comune-info.net\/\"],\"url\":\"https:\/\/www.pressenza.com\/it\/author\/comune-info\/\"}]}<\/script>\n<!-- \/ Yoast SEO plugin. -->","yoast_head_json":{"title":"Epstein Fury e pedomachia","description":"Pedomachia \u00e8 il nome dello sterminio dei bambini che Israele sta compiendo a Gaza. Mi dicono che la parola \u201cpedomachia\u201d sar\u00e0 perseguibile\u00a0quando","robots":{"index":"index","follow":"follow","max-snippet":"max-snippet:-1","max-image-preview":"max-image-preview:large","max-video-preview":"max-video-preview:-1"},"canonical":"https:\/\/www.pressenza.com\/it\/2026\/03\/epstein-fury-e-pedomachia\/","og_locale":"it_IT","og_type":"article","og_title":"Epstein Fury e pedomachia","og_description":"Pedomachia \u00e8 il nome dello sterminio dei bambini che Israele sta compiendo a Gaza. Mi dicono che la parola \u201cpedomachia\u201d sar\u00e0 perseguibile\u00a0quando","og_url":"https:\/\/www.pressenza.com\/it\/2026\/03\/epstein-fury-e-pedomachia\/","og_site_name":"Pressenza","article_publisher":"https:\/\/www.facebook.com\/PressenzaItalia","article_published_time":"2026-03-08T12:41:58+00:00","article_modified_time":"2026-03-08T12:43:22+00:00","og_image":[{"width":800,"height":522,"url":"https:\/\/www.pressenza.com\/wp-content\/uploads\/2022\/06\/webRNS-Maga-Jesus-Jan-6-e1772973700825.jpg","type":"image\/jpeg"}],"author":"Comune-info","twitter_card":"summary_large_image","twitter_creator":"@PressenzaIPA","twitter_site":"@PressenzaIPA","twitter_misc":{"Scritto da":"Comune-info","Tempo di lettura stimato":"5 minuti"},"schema":{"@context":"https:\/\/schema.org","@graph":[{"@type":"Article","@id":"https:\/\/www.pressenza.com\/it\/2026\/03\/epstein-fury-e-pedomachia\/#article","isPartOf":{"@id":"https:\/\/www.pressenza.com\/it\/2026\/03\/epstein-fury-e-pedomachia\/"},"author":{"name":"Comune-info","@id":"https:\/\/www.pressenza.com\/it\/#\/schema\/person\/1ee2824dbc73024ca26b2ff0897954a1"},"headline":"Epstein Fury e pedomachia","datePublished":"2026-03-08T12:41:58+00:00","dateModified":"2026-03-08T12:43:22+00:00","mainEntityOfPage":{"@id":"https:\/\/www.pressenza.com\/it\/2026\/03\/epstein-fury-e-pedomachia\/"},"wordCount":784,"publisher":{"@id":"https:\/\/www.pressenza.com\/it\/#organization"},"image":{"@id":"https:\/\/www.pressenza.com\/it\/2026\/03\/epstein-fury-e-pedomachia\/#primaryimage"},"thumbnailUrl":"https:\/\/www.pressenza.com\/wp-content\/uploads\/2022\/06\/webRNS-Maga-Jesus-Jan-6-e1772973700825.jpg","keywords":["equiparazione tra antisionismo e antisemitismo","guerra all'Iran","Jeffrey Epstein","movimento MAGA"],"articleSection":["Opinioni","Pace e Disarmo","Politica"],"inLanguage":"it-IT"},{"@type":"WebPage","@id":"https:\/\/www.pressenza.com\/it\/2026\/03\/epstein-fury-e-pedomachia\/","url":"https:\/\/www.pressenza.com\/it\/2026\/03\/epstein-fury-e-pedomachia\/","name":"Epstein Fury e pedomachia","isPartOf":{"@id":"https:\/\/www.pressenza.com\/it\/#website"},"primaryImageOfPage":{"@id":"https:\/\/www.pressenza.com\/it\/2026\/03\/epstein-fury-e-pedomachia\/#primaryimage"},"image":{"@id":"https:\/\/www.pressenza.com\/it\/2026\/03\/epstein-fury-e-pedomachia\/#primaryimage"},"thumbnailUrl":"https:\/\/www.pressenza.com\/wp-content\/uploads\/2022\/06\/webRNS-Maga-Jesus-Jan-6-e1772973700825.jpg","datePublished":"2026-03-08T12:41:58+00:00","dateModified":"2026-03-08T12:43:22+00:00","description":"Pedomachia \u00e8 il nome dello sterminio dei bambini che Israele sta compiendo a Gaza. Mi dicono che la parola \u201cpedomachia\u201d sar\u00e0 perseguibile\u00a0quando","breadcrumb":{"@id":"https:\/\/www.pressenza.com\/it\/2026\/03\/epstein-fury-e-pedomachia\/#breadcrumb"},"inLanguage":"it-IT","potentialAction":[{"@type":"ReadAction","target":["https:\/\/www.pressenza.com\/it\/2026\/03\/epstein-fury-e-pedomachia\/"]}]},{"@type":"ImageObject","inLanguage":"it-IT","@id":"https:\/\/www.pressenza.com\/it\/2026\/03\/epstein-fury-e-pedomachia\/#primaryimage","url":"https:\/\/www.pressenza.com\/wp-content\/uploads\/2022\/06\/webRNS-Maga-Jesus-Jan-6-e1772973700825.jpg","contentUrl":"https:\/\/www.pressenza.com\/wp-content\/uploads\/2022\/06\/webRNS-Maga-Jesus-Jan-6-e1772973700825.jpg","width":800,"height":522,"caption":"White #MAGA QAnon Jesus image carried during the Jan. 6, 2021, invasion of the Capitol. Photo by Tyler Merbler\/Flickr\/Creative Commons"},{"@type":"BreadcrumbList","@id":"https:\/\/www.pressenza.com\/it\/2026\/03\/epstein-fury-e-pedomachia\/#breadcrumb","itemListElement":[{"@type":"ListItem","position":1,"name":"Accueil","item":"https:\/\/www.pressenza.com\/it\/"},{"@type":"ListItem","position":2,"name":"Epstein Fury e pedomachia"}]},{"@type":"WebSite","@id":"https:\/\/www.pressenza.com\/it\/#website","url":"https:\/\/www.pressenza.com\/it\/","name":"Pressenza","description":"Agenzia di Stampa Internazionale","publisher":{"@id":"https:\/\/www.pressenza.com\/it\/#organization"},"potentialAction":[{"@type":"SearchAction","target":{"@type":"EntryPoint","urlTemplate":"https:\/\/www.pressenza.com\/it\/?s={search_term_string}"},"query-input":{"@type":"PropertyValueSpecification","valueRequired":true,"valueName":"search_term_string"}}],"inLanguage":"it-IT"},{"@type":"Organization","@id":"https:\/\/www.pressenza.com\/it\/#organization","name":"Pressenza","url":"https:\/\/www.pressenza.com\/it\/","logo":{"@type":"ImageObject","inLanguage":"it-IT","@id":"https:\/\/www.pressenza.com\/it\/#\/schema\/logo\/image\/","url":"https:\/\/www.pressenza.com\/wp-content\/uploads\/2022\/10\/pressenza_logo_200x200.jpg","contentUrl":"https:\/\/www.pressenza.com\/wp-content\/uploads\/2022\/10\/pressenza_logo_200x200.jpg","width":200,"height":200,"caption":"Pressenza"},"image":{"@id":"https:\/\/www.pressenza.com\/it\/#\/schema\/logo\/image\/"},"sameAs":["https:\/\/www.facebook.com\/PressenzaItalia","https:\/\/x.com\/PressenzaIPA"]},{"@type":"Person","@id":"https:\/\/www.pressenza.com\/it\/#\/schema\/person\/1ee2824dbc73024ca26b2ff0897954a1","name":"Comune-info","description":"Informazione indipendente su beni comuni, decrescita, altra economia","sameAs":["http:\/\/comune-info.net\/"],"url":"https:\/\/www.pressenza.com\/it\/author\/comune-info\/"}]}},"place":"Franco Berardi Bifo","original_article_url":"https:\/\/comune-info.net\/epstein-fury-e-pedomachia\/?utm_source=mailpoet&utm_medium=email&utm_source_platform=mailpoet&utm_campaign=La%20tormenta%20in%20corso","_links":{"self":[{"href":"https:\/\/www.pressenza.com\/it\/wp-json\/wp\/v2\/posts\/2682242","targetHints":{"allow":["GET"]}}],"collection":[{"href":"https:\/\/www.pressenza.com\/it\/wp-json\/wp\/v2\/posts"}],"about":[{"href":"https:\/\/www.pressenza.com\/it\/wp-json\/wp\/v2\/types\/post"}],"author":[{"embeddable":true,"href":"https:\/\/www.pressenza.com\/it\/wp-json\/wp\/v2\/users\/1436"}],"replies":[{"embeddable":true,"href":"https:\/\/www.pressenza.com\/it\/wp-json\/wp\/v2\/comments?post=2682242"}],"version-history":[{"count":1,"href":"https:\/\/www.pressenza.com\/it\/wp-json\/wp\/v2\/posts\/2682242\/revisions"}],"predecessor-version":[{"id":2682247,"href":"https:\/\/www.pressenza.com\/it\/wp-json\/wp\/v2\/posts\/2682242\/revisions\/2682247"}],"wp:featuredmedia":[{"embeddable":true,"href":"https:\/\/www.pressenza.com\/it\/wp-json\/wp\/v2\/media\/1609581"}],"wp:attachment":[{"href":"https:\/\/www.pressenza.com\/it\/wp-json\/wp\/v2\/media?parent=2682242"}],"wp:term":[{"taxonomy":"category","embeddable":true,"href":"https:\/\/www.pressenza.com\/it\/wp-json\/wp\/v2\/categories?post=2682242"},{"taxonomy":"post_tag","embeddable":true,"href":"https:\/\/www.pressenza.com\/it\/wp-json\/wp\/v2\/tags?post=2682242"}],"curies":[{"name":"wp","href":"https:\/\/api.w.org\/{rel}","templated":true}]}}