{"id":2682234,"date":"2026-03-08T12:19:23","date_gmt":"2026-03-08T12:19:23","guid":{"rendered":"https:\/\/www.pressenza.com\/?p=2682234"},"modified":"2026-03-08T12:21:07","modified_gmt":"2026-03-08T12:21:07","slug":"la-guerra-ha-un-genere","status":"publish","type":"post","link":"https:\/\/www.pressenza.com\/it\/2026\/03\/la-guerra-ha-un-genere\/","title":{"rendered":"La guerra ha un genere"},"content":{"rendered":"<p>\u201cSi distrugge per conservare\u201d, \u201cPrepara la guerra, se vuoi la pace\u201d. Sappiamo bene ormai che si tratta di un falso, cos\u00ec come \u00e8 falso dire che \u201csi uccide per amore\u201d.<\/p>\n<p>Di questi annodamenti perversi sappiamo che \u00e8 fatta la storia del dominio pi\u00f9 duraturo, quello di\u00a0<strong>un \u201cgenere\u201d che si \u00e8 considerato \u201cnatura superiore\u201d\u00a0<\/strong>e come tale l\u2019umano perfetto in grado di governare il mondo. Sappiamo anche che a legare insieme pericolosamente pulsioni opposte di amore e odio \u00e8 quel rapporto unico, particolare, di potere che ha visto il maschio, da figlio dipendente e inerme, imporsi con la sua forza e le sue leggi sul corpo femminile che l\u2019ha generato.<\/p>\n<p><strong>Ci\u00f2 nonostante, la consapevolezza che oggi abbiamo di quella prima guerra<\/strong>, mai dichiarata, che assommava gi\u00e0 in s\u00e9 classismo, razzismo e colonialismo,\u00a0<strong>non sembra scalfire la \u201cneutralit\u00e0\u201d delle analisi politiche che si leggono sulle tante guerre in corso<\/strong>, cos\u00ec come sulle ragioni che le muovono. A nessuno viene in mente che, se la globalizzazione ha rinfocolato difese nazionalistiche l\u00e0 dove era atteso un pluralismo nella diversit\u00e0 di culture e lingue, \u00e8 perch\u00e9 ancora stenta a cadere la prima e pi\u00f9 duratura delle \u201cdifferenze\u201d, quella che ha assegnato a un sesso e all\u2019altro parti inscindibili dell\u2019umano: corpo e pensiero, sessualit\u00e0 e politica, biologia e storia.<\/p>\n<p>Se oggi a trionfare su diritti, norme democratiche di convivenza, principi umanitari faticosamente conquistati, \u00e8 la \u201clegge del pi\u00f9 forte\u201d, l\u2019onnipotenza del denaro e delle armi, non dovrebbe venire il dubbio che la violenza \u00e8 gi\u00e0 inscritta nell\u2019origine della civilt\u00e0? Se le guerre hanno bisogno di un \u201cnemico\u201d, la compattezza di un popolo dell\u2019esclusione del \u201cdiverso\u201d, la civilt\u00e0 di un opposto, quale \u00e8 la \u201cbarbarie\u201d,\u00a0<strong>come non pensare che la radice prima\u00a0<\/strong>di ogni opposizione, di ogni distanziamento, di ogni difesa identitaria,\u00a0<strong>di ogni conservazione armata, sia da cercare in quello che \u00e8 stato considerato il \u201cdestino naturale\u201d dei sessi?<\/strong>\u00a0Che cosa impedisce di dire che la guerra trova la sua spinta primordiale, per non dire il suo piacere, in una \u201cvirilit\u00e0\u201d perennemente ostile a quanto di \u201cfemminile\u201d si porta dentro?<\/p>\n<p>Dei pi\u00f9 feroci dittatori si conoscono le tenerezze private, senza che si veda in questa divisione paradossale il primo muro, o il primo assalto, che l\u2019individuo di sesso maschile ha fatto a se stesso.<\/p>\n","protected":false},"excerpt":{"rendered":"<p>\u201cSi distrugge per conservare\u201d, \u201cPrepara la guerra, se vuoi la pace\u201d. Sappiamo bene ormai che si tratta di un falso, cos\u00ec come \u00e8 falso dire che \u201csi uccide per amore\u201d. Di questi annodamenti perversi sappiamo che \u00e8 fatta la storia&hellip;<\/p>\n","protected":false},"author":1436,"featured_media":2646068,"comment_status":"closed","ping_status":"closed","sticky":false,"template":"","format":"standard","meta":{"footnotes":""},"categories":[54513,1262,1263],"tags":[128898],"class_list":["post-2682234","post","type-post","status-publish","format-standard","has-post-thumbnail","hentry","category-genere-e-femminismi","category-nonviolenza-argomento","category-pace-disarmo","tag-femminismo-della-differenza"],"yoast_head":"<!-- This site is optimized with the Yoast SEO plugin v27.1.1 - https:\/\/yoast.com\/product\/yoast-seo-wordpress\/ -->\n<title>La guerra ha un genere<\/title>\n<meta name=\"description\" content=\"\u201cSi distrugge per conservare\u201d, \u201cPrepara la guerra, se vuoi la pace\u201d. Sappiamo bene ormai che si tratta di un falso, cos\u00ec come \u00e8 falso dire che \u201csi uccide\" \/>\n<meta name=\"robots\" content=\"index, follow, max-snippet:-1, max-image-preview:large, max-video-preview:-1\" \/>\n<link rel=\"canonical\" href=\"https:\/\/www.pressenza.com\/it\/2026\/03\/la-guerra-ha-un-genere\/\" \/>\n<meta property=\"og:locale\" content=\"it_IT\" \/>\n<meta property=\"og:type\" content=\"article\" \/>\n<meta property=\"og:title\" content=\"La guerra ha un genere\" \/>\n<meta property=\"og:description\" content=\"\u201cSi distrugge per conservare\u201d, \u201cPrepara la guerra, se vuoi la pace\u201d. Sappiamo bene ormai che si tratta di un falso, cos\u00ec come \u00e8 falso dire che \u201csi uccide\" \/>\n<meta property=\"og:url\" content=\"https:\/\/www.pressenza.com\/it\/2026\/03\/la-guerra-ha-un-genere\/\" \/>\n<meta property=\"og:site_name\" content=\"Pressenza\" \/>\n<meta property=\"article:publisher\" content=\"https:\/\/www.facebook.com\/PressenzaItalia\" \/>\n<meta property=\"article:published_time\" content=\"2026-03-08T12:19:23+00:00\" \/>\n<meta property=\"article:modified_time\" content=\"2026-03-08T12:21:07+00:00\" \/>\n<meta property=\"og:image\" content=\"https:\/\/www.pressenza.com\/wp-content\/uploads\/2025\/10\/ulivi-donna-e-soldati-rit-e1772972355240.jpg\" \/>\n\t<meta property=\"og:image:width\" content=\"800\" \/>\n\t<meta property=\"og:image:height\" content=\"591\" \/>\n\t<meta property=\"og:image:type\" content=\"image\/jpeg\" \/>\n<meta name=\"author\" content=\"Comune-info\" \/>\n<meta name=\"twitter:card\" content=\"summary_large_image\" \/>\n<meta name=\"twitter:creator\" content=\"@PressenzaIPA\" \/>\n<meta name=\"twitter:site\" content=\"@PressenzaIPA\" \/>\n<meta name=\"twitter:label1\" content=\"Scritto da\" \/>\n\t<meta name=\"twitter:data1\" content=\"Comune-info\" \/>\n\t<meta name=\"twitter:label2\" content=\"Tempo di lettura stimato\" \/>\n\t<meta name=\"twitter:data2\" content=\"3 minuti\" \/>\n<script type=\"application\/ld+json\" class=\"yoast-schema-graph\">{\"@context\":\"https:\/\/schema.org\",\"@graph\":[{\"@type\":\"Article\",\"@id\":\"https:\/\/www.pressenza.com\/it\/2026\/03\/la-guerra-ha-un-genere\/#article\",\"isPartOf\":{\"@id\":\"https:\/\/www.pressenza.com\/it\/2026\/03\/la-guerra-ha-un-genere\/\"},\"author\":{\"name\":\"Comune-info\",\"@id\":\"https:\/\/www.pressenza.com\/it\/#\/schema\/person\/1ee2824dbc73024ca26b2ff0897954a1\"},\"headline\":\"La guerra ha un genere\",\"datePublished\":\"2026-03-08T12:19:23+00:00\",\"dateModified\":\"2026-03-08T12:21:07+00:00\",\"mainEntityOfPage\":{\"@id\":\"https:\/\/www.pressenza.com\/it\/2026\/03\/la-guerra-ha-un-genere\/\"},\"wordCount\":383,\"publisher\":{\"@id\":\"https:\/\/www.pressenza.com\/it\/#organization\"},\"image\":{\"@id\":\"https:\/\/www.pressenza.com\/it\/2026\/03\/la-guerra-ha-un-genere\/#primaryimage\"},\"thumbnailUrl\":\"https:\/\/www.pressenza.com\/wp-content\/uploads\/2025\/10\/ulivi-donna-e-soldati-rit-e1772972355240.jpg\",\"keywords\":[\"femminismo della differenza\"],\"articleSection\":[\"Genere e femminismi\",\"Nonviolenza\",\"Pace e Disarmo\"],\"inLanguage\":\"it-IT\"},{\"@type\":\"WebPage\",\"@id\":\"https:\/\/www.pressenza.com\/it\/2026\/03\/la-guerra-ha-un-genere\/\",\"url\":\"https:\/\/www.pressenza.com\/it\/2026\/03\/la-guerra-ha-un-genere\/\",\"name\":\"La guerra ha un genere\",\"isPartOf\":{\"@id\":\"https:\/\/www.pressenza.com\/it\/#website\"},\"primaryImageOfPage\":{\"@id\":\"https:\/\/www.pressenza.com\/it\/2026\/03\/la-guerra-ha-un-genere\/#primaryimage\"},\"image\":{\"@id\":\"https:\/\/www.pressenza.com\/it\/2026\/03\/la-guerra-ha-un-genere\/#primaryimage\"},\"thumbnailUrl\":\"https:\/\/www.pressenza.com\/wp-content\/uploads\/2025\/10\/ulivi-donna-e-soldati-rit-e1772972355240.jpg\",\"datePublished\":\"2026-03-08T12:19:23+00:00\",\"dateModified\":\"2026-03-08T12:21:07+00:00\",\"description\":\"\u201cSi distrugge per conservare\u201d, \u201cPrepara la guerra, se vuoi la pace\u201d. Sappiamo bene ormai che si tratta di un falso, cos\u00ec come \u00e8 falso dire che \u201csi uccide\",\"breadcrumb\":{\"@id\":\"https:\/\/www.pressenza.com\/it\/2026\/03\/la-guerra-ha-un-genere\/#breadcrumb\"},\"inLanguage\":\"it-IT\",\"potentialAction\":[{\"@type\":\"ReadAction\",\"target\":[\"https:\/\/www.pressenza.com\/it\/2026\/03\/la-guerra-ha-un-genere\/\"]}]},{\"@type\":\"ImageObject\",\"inLanguage\":\"it-IT\",\"@id\":\"https:\/\/www.pressenza.com\/it\/2026\/03\/la-guerra-ha-un-genere\/#primaryimage\",\"url\":\"https:\/\/www.pressenza.com\/wp-content\/uploads\/2025\/10\/ulivi-donna-e-soldati-rit-e1772972355240.jpg\",\"contentUrl\":\"https:\/\/www.pressenza.com\/wp-content\/uploads\/2025\/10\/ulivi-donna-e-soldati-rit-e1772972355240.jpg\",\"width\":800,\"height\":591},{\"@type\":\"BreadcrumbList\",\"@id\":\"https:\/\/www.pressenza.com\/it\/2026\/03\/la-guerra-ha-un-genere\/#breadcrumb\",\"itemListElement\":[{\"@type\":\"ListItem\",\"position\":1,\"name\":\"Accueil\",\"item\":\"https:\/\/www.pressenza.com\/it\/\"},{\"@type\":\"ListItem\",\"position\":2,\"name\":\"La guerra ha un genere\"}]},{\"@type\":\"WebSite\",\"@id\":\"https:\/\/www.pressenza.com\/it\/#website\",\"url\":\"https:\/\/www.pressenza.com\/it\/\",\"name\":\"Pressenza\",\"description\":\"Agenzia di Stampa Internazionale\",\"publisher\":{\"@id\":\"https:\/\/www.pressenza.com\/it\/#organization\"},\"potentialAction\":[{\"@type\":\"SearchAction\",\"target\":{\"@type\":\"EntryPoint\",\"urlTemplate\":\"https:\/\/www.pressenza.com\/it\/?s={search_term_string}\"},\"query-input\":{\"@type\":\"PropertyValueSpecification\",\"valueRequired\":true,\"valueName\":\"search_term_string\"}}],\"inLanguage\":\"it-IT\"},{\"@type\":\"Organization\",\"@id\":\"https:\/\/www.pressenza.com\/it\/#organization\",\"name\":\"Pressenza\",\"url\":\"https:\/\/www.pressenza.com\/it\/\",\"logo\":{\"@type\":\"ImageObject\",\"inLanguage\":\"it-IT\",\"@id\":\"https:\/\/www.pressenza.com\/it\/#\/schema\/logo\/image\/\",\"url\":\"https:\/\/www.pressenza.com\/wp-content\/uploads\/2022\/10\/pressenza_logo_200x200.jpg\",\"contentUrl\":\"https:\/\/www.pressenza.com\/wp-content\/uploads\/2022\/10\/pressenza_logo_200x200.jpg\",\"width\":200,\"height\":200,\"caption\":\"Pressenza\"},\"image\":{\"@id\":\"https:\/\/www.pressenza.com\/it\/#\/schema\/logo\/image\/\"},\"sameAs\":[\"https:\/\/www.facebook.com\/PressenzaItalia\",\"https:\/\/x.com\/PressenzaIPA\"]},{\"@type\":\"Person\",\"@id\":\"https:\/\/www.pressenza.com\/it\/#\/schema\/person\/1ee2824dbc73024ca26b2ff0897954a1\",\"name\":\"Comune-info\",\"description\":\"Informazione indipendente su beni comuni, decrescita, altra economia\",\"sameAs\":[\"http:\/\/comune-info.net\/\"],\"url\":\"https:\/\/www.pressenza.com\/it\/author\/comune-info\/\"}]}<\/script>\n<!-- \/ Yoast SEO plugin. -->","yoast_head_json":{"title":"La guerra ha un genere","description":"\u201cSi distrugge per conservare\u201d, \u201cPrepara la guerra, se vuoi la pace\u201d. Sappiamo bene ormai che si tratta di un falso, cos\u00ec come \u00e8 falso dire che \u201csi uccide","robots":{"index":"index","follow":"follow","max-snippet":"max-snippet:-1","max-image-preview":"max-image-preview:large","max-video-preview":"max-video-preview:-1"},"canonical":"https:\/\/www.pressenza.com\/it\/2026\/03\/la-guerra-ha-un-genere\/","og_locale":"it_IT","og_type":"article","og_title":"La guerra ha un genere","og_description":"\u201cSi distrugge per conservare\u201d, \u201cPrepara la guerra, se vuoi la pace\u201d. Sappiamo bene ormai che si tratta di un falso, cos\u00ec come \u00e8 falso dire che \u201csi uccide","og_url":"https:\/\/www.pressenza.com\/it\/2026\/03\/la-guerra-ha-un-genere\/","og_site_name":"Pressenza","article_publisher":"https:\/\/www.facebook.com\/PressenzaItalia","article_published_time":"2026-03-08T12:19:23+00:00","article_modified_time":"2026-03-08T12:21:07+00:00","og_image":[{"width":800,"height":591,"url":"https:\/\/www.pressenza.com\/wp-content\/uploads\/2025\/10\/ulivi-donna-e-soldati-rit-e1772972355240.jpg","type":"image\/jpeg"}],"author":"Comune-info","twitter_card":"summary_large_image","twitter_creator":"@PressenzaIPA","twitter_site":"@PressenzaIPA","twitter_misc":{"Scritto da":"Comune-info","Tempo di lettura stimato":"3 minuti"},"schema":{"@context":"https:\/\/schema.org","@graph":[{"@type":"Article","@id":"https:\/\/www.pressenza.com\/it\/2026\/03\/la-guerra-ha-un-genere\/#article","isPartOf":{"@id":"https:\/\/www.pressenza.com\/it\/2026\/03\/la-guerra-ha-un-genere\/"},"author":{"name":"Comune-info","@id":"https:\/\/www.pressenza.com\/it\/#\/schema\/person\/1ee2824dbc73024ca26b2ff0897954a1"},"headline":"La guerra ha un genere","datePublished":"2026-03-08T12:19:23+00:00","dateModified":"2026-03-08T12:21:07+00:00","mainEntityOfPage":{"@id":"https:\/\/www.pressenza.com\/it\/2026\/03\/la-guerra-ha-un-genere\/"},"wordCount":383,"publisher":{"@id":"https:\/\/www.pressenza.com\/it\/#organization"},"image":{"@id":"https:\/\/www.pressenza.com\/it\/2026\/03\/la-guerra-ha-un-genere\/#primaryimage"},"thumbnailUrl":"https:\/\/www.pressenza.com\/wp-content\/uploads\/2025\/10\/ulivi-donna-e-soldati-rit-e1772972355240.jpg","keywords":["femminismo della differenza"],"articleSection":["Genere e femminismi","Nonviolenza","Pace e Disarmo"],"inLanguage":"it-IT"},{"@type":"WebPage","@id":"https:\/\/www.pressenza.com\/it\/2026\/03\/la-guerra-ha-un-genere\/","url":"https:\/\/www.pressenza.com\/it\/2026\/03\/la-guerra-ha-un-genere\/","name":"La guerra ha un genere","isPartOf":{"@id":"https:\/\/www.pressenza.com\/it\/#website"},"primaryImageOfPage":{"@id":"https:\/\/www.pressenza.com\/it\/2026\/03\/la-guerra-ha-un-genere\/#primaryimage"},"image":{"@id":"https:\/\/www.pressenza.com\/it\/2026\/03\/la-guerra-ha-un-genere\/#primaryimage"},"thumbnailUrl":"https:\/\/www.pressenza.com\/wp-content\/uploads\/2025\/10\/ulivi-donna-e-soldati-rit-e1772972355240.jpg","datePublished":"2026-03-08T12:19:23+00:00","dateModified":"2026-03-08T12:21:07+00:00","description":"\u201cSi distrugge per conservare\u201d, \u201cPrepara la guerra, se vuoi la pace\u201d. Sappiamo bene ormai che si tratta di un falso, cos\u00ec come \u00e8 falso dire che \u201csi uccide","breadcrumb":{"@id":"https:\/\/www.pressenza.com\/it\/2026\/03\/la-guerra-ha-un-genere\/#breadcrumb"},"inLanguage":"it-IT","potentialAction":[{"@type":"ReadAction","target":["https:\/\/www.pressenza.com\/it\/2026\/03\/la-guerra-ha-un-genere\/"]}]},{"@type":"ImageObject","inLanguage":"it-IT","@id":"https:\/\/www.pressenza.com\/it\/2026\/03\/la-guerra-ha-un-genere\/#primaryimage","url":"https:\/\/www.pressenza.com\/wp-content\/uploads\/2025\/10\/ulivi-donna-e-soldati-rit-e1772972355240.jpg","contentUrl":"https:\/\/www.pressenza.com\/wp-content\/uploads\/2025\/10\/ulivi-donna-e-soldati-rit-e1772972355240.jpg","width":800,"height":591},{"@type":"BreadcrumbList","@id":"https:\/\/www.pressenza.com\/it\/2026\/03\/la-guerra-ha-un-genere\/#breadcrumb","itemListElement":[{"@type":"ListItem","position":1,"name":"Accueil","item":"https:\/\/www.pressenza.com\/it\/"},{"@type":"ListItem","position":2,"name":"La guerra ha un genere"}]},{"@type":"WebSite","@id":"https:\/\/www.pressenza.com\/it\/#website","url":"https:\/\/www.pressenza.com\/it\/","name":"Pressenza","description":"Agenzia di Stampa Internazionale","publisher":{"@id":"https:\/\/www.pressenza.com\/it\/#organization"},"potentialAction":[{"@type":"SearchAction","target":{"@type":"EntryPoint","urlTemplate":"https:\/\/www.pressenza.com\/it\/?s={search_term_string}"},"query-input":{"@type":"PropertyValueSpecification","valueRequired":true,"valueName":"search_term_string"}}],"inLanguage":"it-IT"},{"@type":"Organization","@id":"https:\/\/www.pressenza.com\/it\/#organization","name":"Pressenza","url":"https:\/\/www.pressenza.com\/it\/","logo":{"@type":"ImageObject","inLanguage":"it-IT","@id":"https:\/\/www.pressenza.com\/it\/#\/schema\/logo\/image\/","url":"https:\/\/www.pressenza.com\/wp-content\/uploads\/2022\/10\/pressenza_logo_200x200.jpg","contentUrl":"https:\/\/www.pressenza.com\/wp-content\/uploads\/2022\/10\/pressenza_logo_200x200.jpg","width":200,"height":200,"caption":"Pressenza"},"image":{"@id":"https:\/\/www.pressenza.com\/it\/#\/schema\/logo\/image\/"},"sameAs":["https:\/\/www.facebook.com\/PressenzaItalia","https:\/\/x.com\/PressenzaIPA"]},{"@type":"Person","@id":"https:\/\/www.pressenza.com\/it\/#\/schema\/person\/1ee2824dbc73024ca26b2ff0897954a1","name":"Comune-info","description":"Informazione indipendente su beni comuni, decrescita, altra economia","sameAs":["http:\/\/comune-info.net\/"],"url":"https:\/\/www.pressenza.com\/it\/author\/comune-info\/"}]}},"place":"Lea Melandri","original_article_url":"https:\/\/comune-info.net\/la-guerra-ha-un-genere\/?utm_source=mailpoet&utm_medium=email&utm_source_platform=mailpoet&utm_campaign=La%20tormenta%20in%20corso%20e%20le%20nostre%20alternative","_links":{"self":[{"href":"https:\/\/www.pressenza.com\/it\/wp-json\/wp\/v2\/posts\/2682234","targetHints":{"allow":["GET"]}}],"collection":[{"href":"https:\/\/www.pressenza.com\/it\/wp-json\/wp\/v2\/posts"}],"about":[{"href":"https:\/\/www.pressenza.com\/it\/wp-json\/wp\/v2\/types\/post"}],"author":[{"embeddable":true,"href":"https:\/\/www.pressenza.com\/it\/wp-json\/wp\/v2\/users\/1436"}],"replies":[{"embeddable":true,"href":"https:\/\/www.pressenza.com\/it\/wp-json\/wp\/v2\/comments?post=2682234"}],"version-history":[{"count":1,"href":"https:\/\/www.pressenza.com\/it\/wp-json\/wp\/v2\/posts\/2682234\/revisions"}],"predecessor-version":[{"id":2682237,"href":"https:\/\/www.pressenza.com\/it\/wp-json\/wp\/v2\/posts\/2682234\/revisions\/2682237"}],"wp:featuredmedia":[{"embeddable":true,"href":"https:\/\/www.pressenza.com\/it\/wp-json\/wp\/v2\/media\/2646068"}],"wp:attachment":[{"href":"https:\/\/www.pressenza.com\/it\/wp-json\/wp\/v2\/media?parent=2682234"}],"wp:term":[{"taxonomy":"category","embeddable":true,"href":"https:\/\/www.pressenza.com\/it\/wp-json\/wp\/v2\/categories?post=2682234"},{"taxonomy":"post_tag","embeddable":true,"href":"https:\/\/www.pressenza.com\/it\/wp-json\/wp\/v2\/tags?post=2682234"}],"curies":[{"name":"wp","href":"https:\/\/api.w.org\/{rel}","templated":true}]}}