{"id":2681958,"date":"2026-03-07T10:59:57","date_gmt":"2026-03-07T10:59:57","guid":{"rendered":"https:\/\/www.pressenza.com\/?p=2681958"},"modified":"2026-03-07T11:02:54","modified_gmt":"2026-03-07T11:02:54","slug":"lattacco-alliran-e-anche-un-attacco-allonu","status":"publish","type":"post","link":"https:\/\/www.pressenza.com\/it\/2026\/03\/lattacco-alliran-e-anche-un-attacco-allonu\/","title":{"rendered":"L&#8217;attacco all&#8217;Iran \u00e8 anche un attacco all&#8217;ONU"},"content":{"rendered":"<p>Il 16 febbraio, uno di noi (Jeffrey Sachs) ha inviato una lettera al Consiglio di Sicurezza delle Nazioni Unite avvertendo che gli Stati Uniti erano sul punto di stracciare la Carta delle Nazioni Unite. Quell\u2019avvertimento si \u00e8 ora avverato.<\/p>\n<article id=\"post-33055\" class=\"post-33055 post type-post status-publish format-standard has-post-thumbnail hentry category-approfondimenti latest_post sticky-meta\">\n<div class=\"content-wrap\">\n<div class=\"entry-content\">\n<p>Gli Stati Uniti e Israele hanno lanciato una guerra non provocata contro l\u2019Iran, in flagrante violazione dell\u2019articolo 2(4) della Carta, senza l\u2019autorizzazione del Consiglio di Sicurezza e senza alcuna legittima rivendicazione di autodifesa ai sensi dell\u2019articolo 51.<\/p>\n<p>Stanno cercando di uccidere la Carta delle Nazioni Unite e lo Stato di diritto internazionale, ma falliranno.<\/p>\n<p>Il 28 febbraio, al Consiglio di Sicurezza, gli Stati Uniti e i loro alleati hanno rivolto la loro condanna non all\u2019aggressione americana e israeliana, ma all\u2019Iran. Uno dopo l\u2019altro, gli alleati degli Stati Uniti hanno condannato l\u2019Iran per i suoi attacchi di rappresaglia, ma assurdamente non hanno condannato l\u2019attacco illegale e non provocato degli Stati Uniti e di Israele contro l\u2019Iran. Il comportamento di questi paesi \u00e8 stato vergognoso e ha capovolto completamente la realt\u00e0.<\/p>\n<p>Gli attacchi congiunti di Stati Uniti e Israele sono stati descritti da Trump come necessari perch\u00e9 l\u2019Iran \u201cha rifiutato ogni opportunit\u00e0 di rinunciare alle proprie ambizioni nucleari e non possiamo pi\u00f9 tollerarlo\u201d.<\/p>\n<p>Si tratta ovviamente di una bugia bell\u2019e buona. Come riportato nella lettera del 16 febbraio, dieci anni fa l\u2019Iran ha accettato un accordo nucleare, il Piano d\u2019azione congiunto globale (JCPOA), adottato dal Consiglio di sicurezza delle Nazioni Unite con la risoluzione 2231. \u00c8 stato Trump a strappare l\u2019accordo nel 2018.<\/p>\n<p>Nel giugno 2025, Israele ha bombardato l\u2019Iran nel bel mezzo dei negoziati tra Stati Uniti e Iran. Anche questa volta, i piani di guerra di Israele e Stati Uniti erano stati definiti settimane fa, quando Netanyahu ha incontrato Trump, e i negoziati in corso tra Stati Uniti e Iran erano una farsa. Questo sembra essere il nuovo modus operandi degli Stati Uniti: avviare negoziati e poi mirare ad assassinare le controparti.<\/p>\n<p>\u00c8 facile capire perch\u00e9 gli alleati degli Stati Uniti si comportino in modo imbarazzante e umiliante come hanno fatto al Consiglio di sicurezza delle Nazioni Unite. Oltre agli Stati Uniti, otto degli altri 14 membri del Consiglio ospitano basi militari statunitensi o concedono all\u2019esercito americano l\u2019accesso alle basi locali: Bahrein, Colombia, Danimarca, Francia, Grecia, Lettonia, Panama e Regno Unito.<\/p>\n<p>Questi paesi non sono completamente sovrani. Sono parzialmente governati dagli Stati Uniti. Le basi militari statunitensi ospitano operazioni della Cia e i paesi ospitanti sono costantemente all\u2019erta per cercare di evitare la sovversione degli Stati Uniti nei propri paesi.<\/p>\n<p>Come disse Henry Kissinger nella famosa espressione \u201cEssere nemici dell\u2019America pu\u00f2 essere pericoloso, ma esserne amici \u00e8 fatale\u201d. A questo possiamo aggiungere che ospitare basi militari statunitensi e operazioni della Cia significa trasformare il proprio paese in uno Stato vassallo.<\/p>\n<p>Come esempio assurdo, ma significativo, l\u2019ambasciatrice danese ha ripetuto pappagallescamente ogni argomento degli Stati Uniti, puntando il dito contro l\u2019Iran per la sua aggressivit\u00e0, come se l\u2019Iran non fosse stato attaccato dagli Stati Uniti e da Israele. Ha completamente dimenticato che un vassallaggio cos\u00ec umiliante nei confronti degli Stati Uniti non giover\u00e0 alla Danimarca se gli Stati Uniti dovessero occupare la Groenlandia.<\/p>\n<p>Le voci sincere al Consiglio di Sicurezza provenivano dai paesi non occupati dagli Stati Uniti.<\/p>\n<p>La Russia ha spiegato correttamente che il cosiddetto Occidente (cio\u00e8 i paesi occupati dagli Stati Uniti) sta incolpando la vittima quando punta il dito contro l\u2019Iran. La Cina ha ricordato al Consiglio che la crisi \u00e8 iniziata con gli attacchi degli Stati Uniti e di Israele all\u2019Iran, non con la rappresaglia dell\u2019Iran.<\/p>\n<p>L\u2019ambasciatore della Somalia, parlando a nome di diversi Stati membri africani, ha descritto in modo veritiero la causa di questa recente escalation. Il rappresentante presso le Nazioni Unite della Lega degli Stati Arabi ha parlato in modo brillante della causa principale della folle aggressione di Israele: la negazione dei diritti al popolo palestinese e il ricorso da parte di Israele a omicidi di massa e guerre regionali per impedire la nascita di uno Stato palestinese.<\/p>\n<p>Quando l\u2019Iran reagisce contro le basi militari statunitensi nel Golfo, esercita il suo diritto intrinseco di autodifesa ai sensi dell\u2019articolo 51 della Carta.<\/p>\n<p>Dobbiamo ricordare che gli Stati Uniti e Israele stanno apertamente e ripetutamente assassinando i leader iraniani, con l\u2019obiettivo di rovesciare il suo governo. Quando gli Stati uccidono un capo di Stato straniero e tentano di distruggere il governo, il bersaglio di tali minacce ha il diritto, secondo il diritto internazionale, di difendersi.<\/p>\n<p>Il bombardamento statunitense-israeliano ha ucciso non solo la Guida Suprema dell\u2019Iran e diversi alti funzionari governativi, ma anche pi\u00f9 di 140 (il\u00a0<em>New York Times<\/em>\u00a0ora ne riporta almeno 175) ragazze nella loro scuola a Minab. Queste bambine sono vittime di un orribile crimine di guerra.<\/p>\n<p>I paesi che oggi hanno dato il via libera agli Stati Uniti e a Israele per questi omicidi \u2013 in particolare Danimarca, Francia, Lettonia, Regno Unito e, naturalmente, gli Stati Uniti \u2013 sono anch\u2019essi complici di questo crimine di guerra.<\/p>\n<p>Questa riunione d\u2019emergenza del Consiglio di sicurezza delle Nazioni Unite sar\u00e0 probabilmente ricordata come il giorno in cui le Nazioni Unite hanno cessato di funzionare dalla loro sede sul suolo americano.<\/p>\n<p>Un\u2019organizzazione internazionale dedicata alla risoluzione pacifica delle controversie non pu\u00f2 operare in modo credibile da un paese che intraprende guerre illegali, minaccia di annientare gli Stati membri e tratta le risoluzioni del Consiglio di sicurezza delle Nazioni Unite come strumenti usa e getta di convenienza.<\/p>\n<p>Affinch\u00e9 le Nazioni Unite possano sopravvivere, e abbiamo bisogno che sopravvivano, avranno bisogno di diverse sedi in tutto il mondo \u2013 in Brasile, Cina, India, Sudafrica e altri paesi \u2013 che onorino la vera multipolarit\u00e0 del nostro mondo.<\/p>\n<p>Siamo chiari su ci\u00f2 che gli Stati Uniti e Israele stanno perseguendo. L\u2019obiettivo degli Stati Uniti non \u00e8 la sicurezza del popolo americano. L\u2019obiettivo \u00e8 l\u2019egemonia globale. Il tentativo \u00e8 quello di distruggere l\u2019Onu e lo Stato di diritto internazionale \u2013 un tentativo che fallir\u00e0.<\/p>\n<p>L\u2019obiettivo di Israele \u00e8 quello di creare una Grande Israele, distruggere il popolo palestinese e affermare la propria egemonia su centinaia di milioni di arabi in tutto il Medio Oriente (dal Nilo all\u2019Eufrate, come ha recentemente affermato l\u2019ambasciatore statunitense Mike Huckabee).<\/p>\n<p>Gli sforzi deliranti degli Stati Uniti per ottenere l\u2019egemonia globale stanno procedendo regione per regione. Gli Stati Uniti hanno recentemente affermato, in una presunta rivisitazione completamente distorta della Dottrina Monroe, di controllare l\u2019emisfero occidentale e di poter dettare ai paesi latinoamericani come condurre i propri affari economici e politici.<\/p>\n<p>Gli Stati Uniti hanno rapito il presidente venezuelano in carica per dimostrare la loro tesi e ora minacciano di rovesciare anche il governo cubano.<\/p>\n<p>L\u2019attuale guerra contro l\u2019Iran mira a dimostrare che gli Stati Uniti possiedono anche il Medio Oriente. La guerra fa parte di una campagna trentennale, avviata dalla dottrina\u00a0<em>Clean Break\u00a0<\/em>(\u201ctaglio netto\u201d,s\u2019intende non avere remore) per rovesciare tutti i governi che si oppongono all\u2019egemonia degli Stati Uniti e di Israele nella regione.<\/p>\n<p>Queste guerre congiunte tra Israele e Stati Uniti hanno incluso il genocidio a Gaza, l\u2019occupazione della Cisgiordania e decenni di guerre e operazioni di cambio di regime in Iran, Iraq, Libano, Libia, Somalia, Sudan, Siria e Yemen.<\/p>\n<p>Una parte del piano globale degli Stati Uniti consiste nel requisire le esportazioni mondiali di petrolio e indebolire cos\u00ec la Cina e la Russia. La conquista del Venezuela da parte degli Stati Uniti era finalizzata ad assicurare il controllo americano sulle esportazioni petrolifere di quel Paese, in particolare per controllare il flusso di petrolio verso la Cina.<\/p>\n<p>Le sanzioni statunitensi contro la Russia mirano a impedire che il petrolio russo raggiunga l\u2019India e la Cina. Ora gli Stati Uniti mirano a fermare il flusso di petrolio iraniano verso la Cina. Pi\u00f9 in generale, gli Stati Uniti mirano a controllare l\u2019intera regione del Golfo pi\u00f9 l\u2019Iran per mantenere il loro dominio imperiale.<\/p>\n<p>L\u2019ordine internazionale che Franklin ed Eleanor Roosevelt hanno contribuito a costruire dopo la catastrofe della Seconda Guerra Mondiale si basava su un\u2019idea semplice e profonda: che la legge e il rispetto, non la forza, dovessero governare le relazioni tra gli Stati.<\/p>\n<p>Quell\u2019idea viene ora distrutta proprio dalla nazione che ha fatto di pi\u00f9 per promuoverla fondando l\u2019ONU. L\u2019ironia \u00e8 amara oltre ogni misura.<\/p>\n<p>La verit\u00e0 \u00e8 che la devastazione della guerra non colpir\u00e0 direttamente il cosiddetto Occidente: i loro figli non subiranno traumi o morte e i loro paesi non saranno incendiati. Le vittime di questo attacco sono i popoli del Medio Oriente. Sono loro i sacrificabili che soffrono per l\u2019arroganza occidentale, l\u2019abuso di potere e la dipendenza dalla guerra.<\/p>\n<p>In secondo luogo, se Israele continuer\u00e0 la sua dipendenza dalla guerra e dall\u2019occupazione, anch\u2019esso non sopravviver\u00e0. Tale dipendenza rappresenta un misto di teocrazia e stress post-traumatico.<\/p>\n<p>Una parte di Israele crede di essere il regno biblico del V secolo a. C. L\u2019altra parte vive nel ricordo traumatico dell\u2019Olocausto ed \u00e8 quindi determinata a uccidere qualsiasi avversario percepito piuttosto che imparare a convivere con esso in pace.<\/p>\n<p>La contorta difesa dell\u2019ambasciatore israeliano dell\u2019attacco sfrontato di Israele all\u2019Iran, come al solito, ha citato la Bibbia e Auschwitz come le due giustificazioni. Questi sono i due riferimenti perenni di Israele, ma non il mondo reale di oggi.<\/p>\n<p>Uno Stato che dipende dalla guerra permanente, dall\u2019occupazione permanente e dal massacro dei palestinesi, nonch\u00e9 dalla sottomissione indefinita di milioni di persone, non ha un futuro praticabile, e le politiche che gli Stati Uniti stanno attualmente perseguendo per conto di Israele accelereranno piuttosto che impedire tale esito.<\/p>\n<p>La soluzione dei due Stati, che il Consiglio ha ripetutamente approvato, offre a Israele una via verso la pace. Tragicamente, Israele la rifiuta. Il risultato, alla fine, sar\u00e0 la fine dello stesso Israele nella sua forma attuale, soprattutto perch\u00e9 la popolazione statunitense si sta rapidamente rivoltando contro la violenta teocrazia israeliana e si sta schierando a favore della causa palestinese.<\/p>\n<p>Forse ci sar\u00e0 un unico Stato democratico in cui arabi ed ebrei vivranno insieme in pace, ponendo fine al regime di apartheid.<\/p>\n<p>Sono verit\u00e0 dure, ma le emergenze richiedono onest\u00e0. L\u2019Onu sta venendo uccisa da Israele e dagli Stati Uniti. Il Consiglio di Sicurezza deve risvegliarsi dall\u2019occupazione militare degli Stati Uniti e ricordare che \u00e8 custode della promessa della Carta delle Nazioni Unite di mantenere la pace e la sicurezza internazionali.<\/p>\n<p><strong>Jeffrey Sachs<\/strong> (economista statunitense, consulente dell&#8217;Onu in varie occasioni) e <strong>Sybil Fares<\/strong> (consulente dell&#8217;Onu sullo sviluppo sostenibile)<\/p>\n<p>(traduzione di Giorgio Riolo)<\/p>\n<\/div>\n<\/div>\n<\/article>\n<p>&nbsp;<\/p>\n<nav class=\"post-navigation pagination\" role=\"navigation\">\n<div class=\"nav-links\">\n<div class=\"nav-previous\"><\/div>\n<\/div>\n<\/nav>\n","protected":false},"excerpt":{"rendered":"<p>Il 16 febbraio, uno di noi (Jeffrey Sachs) ha inviato una lettera al Consiglio di Sicurezza delle Nazioni Unite avvertendo che gli Stati Uniti erano sul punto di stracciare la Carta delle Nazioni Unite. Quell\u2019avvertimento si \u00e8 ora avverato. Gli&hellip;<\/p>\n","protected":false},"author":2080,"featured_media":2587900,"comment_status":"closed","ping_status":"closed","sticky":false,"template":"","format":"standard","meta":{"footnotes":""},"categories":[60,1263],"tags":[22535,152607],"class_list":["post-2681958","post","type-post","status-publish","format-standard","has-post-thumbnail","hentry","category-diritti-umani","category-pace-disarmo","tag-consiglio-di-sicurezza-onu","tag-guerra-alliran"],"yoast_head":"<!-- This site is optimized with the Yoast SEO plugin v27.1.1 - https:\/\/yoast.com\/product\/yoast-seo-wordpress\/ -->\n<title>L&#039;attacco all&#039;Iran \u00e8 anche un attacco all&#039;ONU<\/title>\n<meta name=\"description\" content=\"Il 16 febbraio, uno di noi (Jeffrey Sachs) ha inviato una lettera al Consiglio di Sicurezza delle Nazioni Unite avvertendo che gli Stati Uniti erano sul\" \/>\n<meta name=\"robots\" content=\"index, follow, max-snippet:-1, max-image-preview:large, max-video-preview:-1\" \/>\n<link rel=\"canonical\" href=\"https:\/\/www.pressenza.com\/it\/2026\/03\/lattacco-alliran-e-anche-un-attacco-allonu\/\" \/>\n<meta property=\"og:locale\" content=\"it_IT\" \/>\n<meta property=\"og:type\" content=\"article\" \/>\n<meta property=\"og:title\" content=\"L&#039;attacco all&#039;Iran \u00e8 anche un attacco all&#039;ONU\" \/>\n<meta property=\"og:description\" content=\"Il 16 febbraio, uno di noi (Jeffrey Sachs) ha inviato una lettera al Consiglio di Sicurezza delle Nazioni Unite avvertendo che gli Stati Uniti erano sul\" \/>\n<meta property=\"og:url\" content=\"https:\/\/www.pressenza.com\/it\/2026\/03\/lattacco-alliran-e-anche-un-attacco-allonu\/\" \/>\n<meta property=\"og:site_name\" content=\"Pressenza\" \/>\n<meta property=\"article:publisher\" content=\"https:\/\/www.facebook.com\/PressenzaItalia\" \/>\n<meta property=\"article:published_time\" content=\"2026-03-07T10:59:57+00:00\" \/>\n<meta property=\"article:modified_time\" content=\"2026-03-07T11:02:54+00:00\" \/>\n<meta property=\"og:image\" content=\"https:\/\/www.pressenza.com\/wp-content\/uploads\/2025\/03\/bandiera-ONU-rit-e1772881186990.jpg\" \/>\n\t<meta property=\"og:image:width\" content=\"800\" \/>\n\t<meta property=\"og:image:height\" content=\"725\" \/>\n\t<meta property=\"og:image:type\" content=\"image\/jpeg\" \/>\n<meta name=\"author\" content=\"ANBAMED\" \/>\n<meta name=\"twitter:card\" content=\"summary_large_image\" \/>\n<meta name=\"twitter:creator\" content=\"@PressenzaIPA\" \/>\n<meta name=\"twitter:site\" content=\"@PressenzaIPA\" \/>\n<meta name=\"twitter:label1\" content=\"Scritto da\" \/>\n\t<meta name=\"twitter:data1\" content=\"ANBAMED\" \/>\n\t<meta name=\"twitter:label2\" content=\"Tempo di lettura stimato\" \/>\n\t<meta name=\"twitter:data2\" content=\"10 minuti\" \/>\n<script type=\"application\/ld+json\" class=\"yoast-schema-graph\">{\"@context\":\"https:\/\/schema.org\",\"@graph\":[{\"@type\":\"Article\",\"@id\":\"https:\/\/www.pressenza.com\/it\/2026\/03\/lattacco-alliran-e-anche-un-attacco-allonu\/#article\",\"isPartOf\":{\"@id\":\"https:\/\/www.pressenza.com\/it\/2026\/03\/lattacco-alliran-e-anche-un-attacco-allonu\/\"},\"author\":{\"name\":\"ANBAMED\",\"@id\":\"https:\/\/www.pressenza.com\/it\/#\/schema\/person\/9f05db79ca2872d8e94cb459a93831e4\"},\"headline\":\"L&#8217;attacco all&#8217;Iran \u00e8 anche un attacco all&#8217;ONU\",\"datePublished\":\"2026-03-07T10:59:57+00:00\",\"dateModified\":\"2026-03-07T11:02:54+00:00\",\"mainEntityOfPage\":{\"@id\":\"https:\/\/www.pressenza.com\/it\/2026\/03\/lattacco-alliran-e-anche-un-attacco-allonu\/\"},\"wordCount\":1770,\"publisher\":{\"@id\":\"https:\/\/www.pressenza.com\/it\/#organization\"},\"image\":{\"@id\":\"https:\/\/www.pressenza.com\/it\/2026\/03\/lattacco-alliran-e-anche-un-attacco-allonu\/#primaryimage\"},\"thumbnailUrl\":\"https:\/\/www.pressenza.com\/wp-content\/uploads\/2025\/03\/bandiera-ONU-rit-e1772881186990.jpg\",\"keywords\":[\"Consiglio di Sicurezza Onu\",\"guerra all'Iran\"],\"articleSection\":[\"Diritti Umani\",\"Pace e Disarmo\"],\"inLanguage\":\"it-IT\"},{\"@type\":\"WebPage\",\"@id\":\"https:\/\/www.pressenza.com\/it\/2026\/03\/lattacco-alliran-e-anche-un-attacco-allonu\/\",\"url\":\"https:\/\/www.pressenza.com\/it\/2026\/03\/lattacco-alliran-e-anche-un-attacco-allonu\/\",\"name\":\"L'attacco all'Iran \u00e8 anche un attacco all'ONU\",\"isPartOf\":{\"@id\":\"https:\/\/www.pressenza.com\/it\/#website\"},\"primaryImageOfPage\":{\"@id\":\"https:\/\/www.pressenza.com\/it\/2026\/03\/lattacco-alliran-e-anche-un-attacco-allonu\/#primaryimage\"},\"image\":{\"@id\":\"https:\/\/www.pressenza.com\/it\/2026\/03\/lattacco-alliran-e-anche-un-attacco-allonu\/#primaryimage\"},\"thumbnailUrl\":\"https:\/\/www.pressenza.com\/wp-content\/uploads\/2025\/03\/bandiera-ONU-rit-e1772881186990.jpg\",\"datePublished\":\"2026-03-07T10:59:57+00:00\",\"dateModified\":\"2026-03-07T11:02:54+00:00\",\"description\":\"Il 16 febbraio, uno di noi (Jeffrey Sachs) ha inviato una lettera al Consiglio di Sicurezza delle Nazioni Unite avvertendo che gli Stati Uniti erano sul\",\"breadcrumb\":{\"@id\":\"https:\/\/www.pressenza.com\/it\/2026\/03\/lattacco-alliran-e-anche-un-attacco-allonu\/#breadcrumb\"},\"inLanguage\":\"it-IT\",\"potentialAction\":[{\"@type\":\"ReadAction\",\"target\":[\"https:\/\/www.pressenza.com\/it\/2026\/03\/lattacco-alliran-e-anche-un-attacco-allonu\/\"]}]},{\"@type\":\"ImageObject\",\"inLanguage\":\"it-IT\",\"@id\":\"https:\/\/www.pressenza.com\/it\/2026\/03\/lattacco-alliran-e-anche-un-attacco-allonu\/#primaryimage\",\"url\":\"https:\/\/www.pressenza.com\/wp-content\/uploads\/2025\/03\/bandiera-ONU-rit-e1772881186990.jpg\",\"contentUrl\":\"https:\/\/www.pressenza.com\/wp-content\/uploads\/2025\/03\/bandiera-ONU-rit-e1772881186990.jpg\",\"width\":800,\"height\":725},{\"@type\":\"BreadcrumbList\",\"@id\":\"https:\/\/www.pressenza.com\/it\/2026\/03\/lattacco-alliran-e-anche-un-attacco-allonu\/#breadcrumb\",\"itemListElement\":[{\"@type\":\"ListItem\",\"position\":1,\"name\":\"Accueil\",\"item\":\"https:\/\/www.pressenza.com\/it\/\"},{\"@type\":\"ListItem\",\"position\":2,\"name\":\"L&#8217;attacco all&#8217;Iran \u00e8 anche un attacco all&#8217;ONU\"}]},{\"@type\":\"WebSite\",\"@id\":\"https:\/\/www.pressenza.com\/it\/#website\",\"url\":\"https:\/\/www.pressenza.com\/it\/\",\"name\":\"Pressenza\",\"description\":\"Agenzia di Stampa Internazionale\",\"publisher\":{\"@id\":\"https:\/\/www.pressenza.com\/it\/#organization\"},\"potentialAction\":[{\"@type\":\"SearchAction\",\"target\":{\"@type\":\"EntryPoint\",\"urlTemplate\":\"https:\/\/www.pressenza.com\/it\/?s={search_term_string}\"},\"query-input\":{\"@type\":\"PropertyValueSpecification\",\"valueRequired\":true,\"valueName\":\"search_term_string\"}}],\"inLanguage\":\"it-IT\"},{\"@type\":\"Organization\",\"@id\":\"https:\/\/www.pressenza.com\/it\/#organization\",\"name\":\"Pressenza\",\"url\":\"https:\/\/www.pressenza.com\/it\/\",\"logo\":{\"@type\":\"ImageObject\",\"inLanguage\":\"it-IT\",\"@id\":\"https:\/\/www.pressenza.com\/it\/#\/schema\/logo\/image\/\",\"url\":\"https:\/\/www.pressenza.com\/wp-content\/uploads\/2022\/10\/pressenza_logo_200x200.jpg\",\"contentUrl\":\"https:\/\/www.pressenza.com\/wp-content\/uploads\/2022\/10\/pressenza_logo_200x200.jpg\",\"width\":200,\"height\":200,\"caption\":\"Pressenza\"},\"image\":{\"@id\":\"https:\/\/www.pressenza.com\/it\/#\/schema\/logo\/image\/\"},\"sameAs\":[\"https:\/\/www.facebook.com\/PressenzaItalia\",\"https:\/\/x.com\/PressenzaIPA\"]},{\"@type\":\"Person\",\"@id\":\"https:\/\/www.pressenza.com\/it\/#\/schema\/person\/9f05db79ca2872d8e94cb459a93831e4\",\"name\":\"ANBAMED\",\"description\":\"Notizie dal Sud Est del Mediterraneo\",\"sameAs\":[\"https:\/\/www.anbamed.it\/\"],\"url\":\"https:\/\/www.pressenza.com\/it\/author\/anbamed\/\"}]}<\/script>\n<!-- \/ Yoast SEO plugin. -->","yoast_head_json":{"title":"L'attacco all'Iran \u00e8 anche un attacco all'ONU","description":"Il 16 febbraio, uno di noi (Jeffrey Sachs) ha inviato una lettera al Consiglio di Sicurezza delle Nazioni Unite avvertendo che gli Stati Uniti erano sul","robots":{"index":"index","follow":"follow","max-snippet":"max-snippet:-1","max-image-preview":"max-image-preview:large","max-video-preview":"max-video-preview:-1"},"canonical":"https:\/\/www.pressenza.com\/it\/2026\/03\/lattacco-alliran-e-anche-un-attacco-allonu\/","og_locale":"it_IT","og_type":"article","og_title":"L'attacco all'Iran \u00e8 anche un attacco all'ONU","og_description":"Il 16 febbraio, uno di noi (Jeffrey Sachs) ha inviato una lettera al Consiglio di Sicurezza delle Nazioni Unite avvertendo che gli Stati Uniti erano sul","og_url":"https:\/\/www.pressenza.com\/it\/2026\/03\/lattacco-alliran-e-anche-un-attacco-allonu\/","og_site_name":"Pressenza","article_publisher":"https:\/\/www.facebook.com\/PressenzaItalia","article_published_time":"2026-03-07T10:59:57+00:00","article_modified_time":"2026-03-07T11:02:54+00:00","og_image":[{"width":800,"height":725,"url":"https:\/\/www.pressenza.com\/wp-content\/uploads\/2025\/03\/bandiera-ONU-rit-e1772881186990.jpg","type":"image\/jpeg"}],"author":"ANBAMED","twitter_card":"summary_large_image","twitter_creator":"@PressenzaIPA","twitter_site":"@PressenzaIPA","twitter_misc":{"Scritto da":"ANBAMED","Tempo di lettura stimato":"10 minuti"},"schema":{"@context":"https:\/\/schema.org","@graph":[{"@type":"Article","@id":"https:\/\/www.pressenza.com\/it\/2026\/03\/lattacco-alliran-e-anche-un-attacco-allonu\/#article","isPartOf":{"@id":"https:\/\/www.pressenza.com\/it\/2026\/03\/lattacco-alliran-e-anche-un-attacco-allonu\/"},"author":{"name":"ANBAMED","@id":"https:\/\/www.pressenza.com\/it\/#\/schema\/person\/9f05db79ca2872d8e94cb459a93831e4"},"headline":"L&#8217;attacco all&#8217;Iran \u00e8 anche un attacco all&#8217;ONU","datePublished":"2026-03-07T10:59:57+00:00","dateModified":"2026-03-07T11:02:54+00:00","mainEntityOfPage":{"@id":"https:\/\/www.pressenza.com\/it\/2026\/03\/lattacco-alliran-e-anche-un-attacco-allonu\/"},"wordCount":1770,"publisher":{"@id":"https:\/\/www.pressenza.com\/it\/#organization"},"image":{"@id":"https:\/\/www.pressenza.com\/it\/2026\/03\/lattacco-alliran-e-anche-un-attacco-allonu\/#primaryimage"},"thumbnailUrl":"https:\/\/www.pressenza.com\/wp-content\/uploads\/2025\/03\/bandiera-ONU-rit-e1772881186990.jpg","keywords":["Consiglio di Sicurezza Onu","guerra all'Iran"],"articleSection":["Diritti Umani","Pace e Disarmo"],"inLanguage":"it-IT"},{"@type":"WebPage","@id":"https:\/\/www.pressenza.com\/it\/2026\/03\/lattacco-alliran-e-anche-un-attacco-allonu\/","url":"https:\/\/www.pressenza.com\/it\/2026\/03\/lattacco-alliran-e-anche-un-attacco-allonu\/","name":"L'attacco all'Iran \u00e8 anche un attacco all'ONU","isPartOf":{"@id":"https:\/\/www.pressenza.com\/it\/#website"},"primaryImageOfPage":{"@id":"https:\/\/www.pressenza.com\/it\/2026\/03\/lattacco-alliran-e-anche-un-attacco-allonu\/#primaryimage"},"image":{"@id":"https:\/\/www.pressenza.com\/it\/2026\/03\/lattacco-alliran-e-anche-un-attacco-allonu\/#primaryimage"},"thumbnailUrl":"https:\/\/www.pressenza.com\/wp-content\/uploads\/2025\/03\/bandiera-ONU-rit-e1772881186990.jpg","datePublished":"2026-03-07T10:59:57+00:00","dateModified":"2026-03-07T11:02:54+00:00","description":"Il 16 febbraio, uno di noi (Jeffrey Sachs) ha inviato una lettera al Consiglio di Sicurezza delle Nazioni Unite avvertendo che gli Stati Uniti erano sul","breadcrumb":{"@id":"https:\/\/www.pressenza.com\/it\/2026\/03\/lattacco-alliran-e-anche-un-attacco-allonu\/#breadcrumb"},"inLanguage":"it-IT","potentialAction":[{"@type":"ReadAction","target":["https:\/\/www.pressenza.com\/it\/2026\/03\/lattacco-alliran-e-anche-un-attacco-allonu\/"]}]},{"@type":"ImageObject","inLanguage":"it-IT","@id":"https:\/\/www.pressenza.com\/it\/2026\/03\/lattacco-alliran-e-anche-un-attacco-allonu\/#primaryimage","url":"https:\/\/www.pressenza.com\/wp-content\/uploads\/2025\/03\/bandiera-ONU-rit-e1772881186990.jpg","contentUrl":"https:\/\/www.pressenza.com\/wp-content\/uploads\/2025\/03\/bandiera-ONU-rit-e1772881186990.jpg","width":800,"height":725},{"@type":"BreadcrumbList","@id":"https:\/\/www.pressenza.com\/it\/2026\/03\/lattacco-alliran-e-anche-un-attacco-allonu\/#breadcrumb","itemListElement":[{"@type":"ListItem","position":1,"name":"Accueil","item":"https:\/\/www.pressenza.com\/it\/"},{"@type":"ListItem","position":2,"name":"L&#8217;attacco all&#8217;Iran \u00e8 anche un attacco all&#8217;ONU"}]},{"@type":"WebSite","@id":"https:\/\/www.pressenza.com\/it\/#website","url":"https:\/\/www.pressenza.com\/it\/","name":"Pressenza","description":"Agenzia di Stampa Internazionale","publisher":{"@id":"https:\/\/www.pressenza.com\/it\/#organization"},"potentialAction":[{"@type":"SearchAction","target":{"@type":"EntryPoint","urlTemplate":"https:\/\/www.pressenza.com\/it\/?s={search_term_string}"},"query-input":{"@type":"PropertyValueSpecification","valueRequired":true,"valueName":"search_term_string"}}],"inLanguage":"it-IT"},{"@type":"Organization","@id":"https:\/\/www.pressenza.com\/it\/#organization","name":"Pressenza","url":"https:\/\/www.pressenza.com\/it\/","logo":{"@type":"ImageObject","inLanguage":"it-IT","@id":"https:\/\/www.pressenza.com\/it\/#\/schema\/logo\/image\/","url":"https:\/\/www.pressenza.com\/wp-content\/uploads\/2022\/10\/pressenza_logo_200x200.jpg","contentUrl":"https:\/\/www.pressenza.com\/wp-content\/uploads\/2022\/10\/pressenza_logo_200x200.jpg","width":200,"height":200,"caption":"Pressenza"},"image":{"@id":"https:\/\/www.pressenza.com\/it\/#\/schema\/logo\/image\/"},"sameAs":["https:\/\/www.facebook.com\/PressenzaItalia","https:\/\/x.com\/PressenzaIPA"]},{"@type":"Person","@id":"https:\/\/www.pressenza.com\/it\/#\/schema\/person\/9f05db79ca2872d8e94cb459a93831e4","name":"ANBAMED","description":"Notizie dal Sud Est del Mediterraneo","sameAs":["https:\/\/www.anbamed.it\/"],"url":"https:\/\/www.pressenza.com\/it\/author\/anbamed\/"}]}},"place":"","original_article_url":"https:\/\/www.anbamed.it\/2026\/03\/06\/lattacco-alliran-e-anche-lattacco-allonu\/","_links":{"self":[{"href":"https:\/\/www.pressenza.com\/it\/wp-json\/wp\/v2\/posts\/2681958","targetHints":{"allow":["GET"]}}],"collection":[{"href":"https:\/\/www.pressenza.com\/it\/wp-json\/wp\/v2\/posts"}],"about":[{"href":"https:\/\/www.pressenza.com\/it\/wp-json\/wp\/v2\/types\/post"}],"author":[{"embeddable":true,"href":"https:\/\/www.pressenza.com\/it\/wp-json\/wp\/v2\/users\/2080"}],"replies":[{"embeddable":true,"href":"https:\/\/www.pressenza.com\/it\/wp-json\/wp\/v2\/comments?post=2681958"}],"version-history":[{"count":3,"href":"https:\/\/www.pressenza.com\/it\/wp-json\/wp\/v2\/posts\/2681958\/revisions"}],"predecessor-version":[{"id":2681961,"href":"https:\/\/www.pressenza.com\/it\/wp-json\/wp\/v2\/posts\/2681958\/revisions\/2681961"}],"wp:featuredmedia":[{"embeddable":true,"href":"https:\/\/www.pressenza.com\/it\/wp-json\/wp\/v2\/media\/2587900"}],"wp:attachment":[{"href":"https:\/\/www.pressenza.com\/it\/wp-json\/wp\/v2\/media?parent=2681958"}],"wp:term":[{"taxonomy":"category","embeddable":true,"href":"https:\/\/www.pressenza.com\/it\/wp-json\/wp\/v2\/categories?post=2681958"},{"taxonomy":"post_tag","embeddable":true,"href":"https:\/\/www.pressenza.com\/it\/wp-json\/wp\/v2\/tags?post=2681958"}],"curies":[{"name":"wp","href":"https:\/\/api.w.org\/{rel}","templated":true}]}}