{"id":2681787,"date":"2026-03-06T16:13:47","date_gmt":"2026-03-06T16:13:47","guid":{"rendered":"https:\/\/www.pressenza.com\/?p=2681787"},"modified":"2026-03-06T16:14:24","modified_gmt":"2026-03-06T16:14:24","slug":"bergamo-fermare-la-produzione-e-lesportazione-di-armamenti","status":"publish","type":"post","link":"https:\/\/www.pressenza.com\/it\/2026\/03\/bergamo-fermare-la-produzione-e-lesportazione-di-armamenti\/","title":{"rendered":"Bergamo: fermare la produzione e l\u2019esportazione di armamenti"},"content":{"rendered":"<p>Stavolta gli aerei non hanno fatto rumore e hanno portato soltanto messaggi contro la guerra.<\/p>\n<p>Non stiamo descrivendo la realt\u00e0 quotidiana di Gaza o dell\u2019Iran, ma l\u2019epilogo del presidio che gioved\u00ec 5 marzo \u00e8 stato organizzato a Bergamo davanti ai cancelli della Battaggion SpA, un\u2019azienda locale che tra il 2022 e il 2024 ha esportato in Israele tecnologie per la produzione di esplosivi.<\/p>\n<p>Oltre duecento persone si sono ritrovate per testimoniare la contrariet\u00e0 alla fornitura di commesse industriali che di fatto alimentano i conflitti armati, in particolare in uno Stato accusato di genocidio davanti alla Corte Internazionale di Giustizia.<\/p>\n<p>La Battaggion di recente ha ricevuto nuovi ordinativi per cinque milioni di euro ed \u00e8 in attesa di autorizzazione governativa per l\u2019esportazione.<\/p>\n<p>I promotori del presidio hanno proposto alla ditta bergamasca di chiudere la produzione di tecnologia militare, ampliando quella civile, in modo da salvaguardare tutti i posti di lavoro.<\/p>\n<p>Alla comunit\u00e0 locale, alle cittadine e ai cittadini, \u00e8 stato chiesto di assumersi la responsabilit\u00e0 di prendere posizione, firmando una petizione rivolta alla Battaggion, affinch\u00e9 intraprenda la via della riconversione produttiva.<\/p>\n<p>Come ha dichiarato Michele Cremaschi, uno dei promotori dell\u2019iniziativa, \u201cverremo giudicati non dalle nostre parole, ma dalle azioni concrete che intraprendiamo\u201d, per non continuare ad assistere impotenti alle tragedie delle guerre.<\/p>\n<p>I partecipanti al presidio &#8211; davanti ad un discreto schieramento di forze dell\u2019ordine &#8211; hanno provato a dare un simbolico segno d\u2019iniziativa, facendo volare oltre i cancelli della Battaggion decine di aerei di carta, che riportavano scritte per la pace e contro ogni guerra, comprese quelle avviate da Israele.<\/p>\n","protected":false},"excerpt":{"rendered":"<p>Stavolta gli aerei non hanno fatto rumore e hanno portato soltanto messaggi contro la guerra. Non stiamo descrivendo la realt\u00e0 quotidiana di Gaza o dell\u2019Iran, ma l\u2019epilogo del presidio che gioved\u00ec 5 marzo \u00e8 stato organizzato a Bergamo davanti ai&hellip;<\/p>\n","protected":false},"author":1280,"featured_media":2681789,"comment_status":"closed","ping_status":"closed","sticky":false,"template":"","format":"standard","meta":{"footnotes":""},"categories":[11388,47,1263],"tags":[152932,152931,9216],"class_list":["post-2681787","post","type-post","status-publish","format-standard","has-post-thumbnail","hentry","category-contenuti-originali","category-europa","category-pace-disarmo","tag-battaggion-spa","tag-beramo","tag-presidio"],"yoast_head":"<!-- This site is optimized with the Yoast SEO plugin v27.1.1 - https:\/\/yoast.com\/product\/yoast-seo-wordpress\/ -->\n<title>Bergamo: fermare la produzione e l\u2019esportazione di armamenti<\/title>\n<meta name=\"description\" content=\"Stavolta gli aerei non hanno fatto rumore e hanno portato soltanto messaggi contro la guerra. E&#039; l\u2019epilogo del presidio organizzato gioved\u00ec a Bergamo davanti ai cancelli della Battaggion SpA, un\u2019azienda locale che tra il 2022 e il 2024 ha esportato in Israele tecnologie per la produzione di esplosivi\" \/>\n<meta name=\"robots\" content=\"index, follow, max-snippet:-1, max-image-preview:large, max-video-preview:-1\" \/>\n<link rel=\"canonical\" href=\"https:\/\/www.pressenza.com\/it\/2026\/03\/bergamo-fermare-la-produzione-e-lesportazione-di-armamenti\/\" \/>\n<meta property=\"og:locale\" content=\"it_IT\" \/>\n<meta property=\"og:type\" content=\"article\" \/>\n<meta property=\"og:title\" content=\"Bergamo: fermare la produzione e l\u2019esportazione di armamenti\" \/>\n<meta property=\"og:description\" content=\"Stavolta gli aerei non hanno fatto rumore e hanno portato soltanto messaggi contro la guerra. E&#039; l\u2019epilogo del presidio organizzato gioved\u00ec a Bergamo davanti ai cancelli della Battaggion SpA, un\u2019azienda locale che tra il 2022 e il 2024 ha esportato in Israele tecnologie per la produzione di esplosivi\" \/>\n<meta property=\"og:url\" content=\"https:\/\/www.pressenza.com\/it\/2026\/03\/bergamo-fermare-la-produzione-e-lesportazione-di-armamenti\/\" \/>\n<meta property=\"og:site_name\" content=\"Pressenza\" \/>\n<meta property=\"article:publisher\" content=\"https:\/\/www.facebook.com\/PressenzaItalia\" \/>\n<meta property=\"article:published_time\" content=\"2026-03-06T16:13:47+00:00\" \/>\n<meta property=\"article:modified_time\" content=\"2026-03-06T16:14:24+00:00\" \/>\n<meta property=\"og:image\" content=\"https:\/\/www.pressenza.com\/wp-content\/uploads\/2026\/03\/Presidio-Bergamo.jpg\" \/>\n\t<meta property=\"og:image:width\" content=\"820\" \/>\n\t<meta property=\"og:image:height\" content=\"540\" \/>\n\t<meta property=\"og:image:type\" content=\"image\/jpeg\" \/>\n<meta name=\"author\" content=\"Rocco Artifoni\" \/>\n<meta name=\"twitter:card\" content=\"summary_large_image\" \/>\n<meta name=\"twitter:creator\" content=\"@PressenzaIPA\" \/>\n<meta name=\"twitter:site\" content=\"@PressenzaIPA\" \/>\n<meta name=\"twitter:label1\" content=\"Scritto da\" \/>\n\t<meta name=\"twitter:data1\" content=\"Rocco Artifoni\" \/>\n\t<meta name=\"twitter:label2\" content=\"Tempo di lettura stimato\" \/>\n\t<meta name=\"twitter:data2\" content=\"2 minuti\" \/>\n<script type=\"application\/ld+json\" class=\"yoast-schema-graph\">{\"@context\":\"https:\/\/schema.org\",\"@graph\":[{\"@type\":\"Article\",\"@id\":\"https:\/\/www.pressenza.com\/it\/2026\/03\/bergamo-fermare-la-produzione-e-lesportazione-di-armamenti\/#article\",\"isPartOf\":{\"@id\":\"https:\/\/www.pressenza.com\/it\/2026\/03\/bergamo-fermare-la-produzione-e-lesportazione-di-armamenti\/\"},\"author\":{\"name\":\"Rocco Artifoni\",\"@id\":\"https:\/\/www.pressenza.com\/it\/#\/schema\/person\/47253bd773bfdc8f669fc1a490a0d099\"},\"headline\":\"Bergamo: fermare la produzione e l\u2019esportazione di armamenti\",\"datePublished\":\"2026-03-06T16:13:47+00:00\",\"dateModified\":\"2026-03-06T16:14:24+00:00\",\"mainEntityOfPage\":{\"@id\":\"https:\/\/www.pressenza.com\/it\/2026\/03\/bergamo-fermare-la-produzione-e-lesportazione-di-armamenti\/\"},\"wordCount\":270,\"publisher\":{\"@id\":\"https:\/\/www.pressenza.com\/it\/#organization\"},\"image\":{\"@id\":\"https:\/\/www.pressenza.com\/it\/2026\/03\/bergamo-fermare-la-produzione-e-lesportazione-di-armamenti\/#primaryimage\"},\"thumbnailUrl\":\"https:\/\/www.pressenza.com\/wp-content\/uploads\/2026\/03\/Presidio-Bergamo.jpg\",\"keywords\":[\"Battaggion Spa\",\"Beramo\",\"presidio\"],\"articleSection\":[\"contenuti originali\",\"Europa\",\"Pace e Disarmo\"],\"inLanguage\":\"it-IT\"},{\"@type\":\"WebPage\",\"@id\":\"https:\/\/www.pressenza.com\/it\/2026\/03\/bergamo-fermare-la-produzione-e-lesportazione-di-armamenti\/\",\"url\":\"https:\/\/www.pressenza.com\/it\/2026\/03\/bergamo-fermare-la-produzione-e-lesportazione-di-armamenti\/\",\"name\":\"Bergamo: fermare la produzione e l\u2019esportazione di armamenti\",\"isPartOf\":{\"@id\":\"https:\/\/www.pressenza.com\/it\/#website\"},\"primaryImageOfPage\":{\"@id\":\"https:\/\/www.pressenza.com\/it\/2026\/03\/bergamo-fermare-la-produzione-e-lesportazione-di-armamenti\/#primaryimage\"},\"image\":{\"@id\":\"https:\/\/www.pressenza.com\/it\/2026\/03\/bergamo-fermare-la-produzione-e-lesportazione-di-armamenti\/#primaryimage\"},\"thumbnailUrl\":\"https:\/\/www.pressenza.com\/wp-content\/uploads\/2026\/03\/Presidio-Bergamo.jpg\",\"datePublished\":\"2026-03-06T16:13:47+00:00\",\"dateModified\":\"2026-03-06T16:14:24+00:00\",\"description\":\"Stavolta gli aerei non hanno fatto rumore e hanno portato soltanto messaggi contro la guerra. E' l\u2019epilogo del presidio organizzato gioved\u00ec a Bergamo davanti ai cancelli della Battaggion SpA, un\u2019azienda locale che tra il 2022 e il 2024 ha esportato in Israele tecnologie per la produzione di esplosivi\",\"breadcrumb\":{\"@id\":\"https:\/\/www.pressenza.com\/it\/2026\/03\/bergamo-fermare-la-produzione-e-lesportazione-di-armamenti\/#breadcrumb\"},\"inLanguage\":\"it-IT\",\"potentialAction\":[{\"@type\":\"ReadAction\",\"target\":[\"https:\/\/www.pressenza.com\/it\/2026\/03\/bergamo-fermare-la-produzione-e-lesportazione-di-armamenti\/\"]}]},{\"@type\":\"ImageObject\",\"inLanguage\":\"it-IT\",\"@id\":\"https:\/\/www.pressenza.com\/it\/2026\/03\/bergamo-fermare-la-produzione-e-lesportazione-di-armamenti\/#primaryimage\",\"url\":\"https:\/\/www.pressenza.com\/wp-content\/uploads\/2026\/03\/Presidio-Bergamo.jpg\",\"contentUrl\":\"https:\/\/www.pressenza.com\/wp-content\/uploads\/2026\/03\/Presidio-Bergamo.jpg\",\"width\":820,\"height\":540},{\"@type\":\"BreadcrumbList\",\"@id\":\"https:\/\/www.pressenza.com\/it\/2026\/03\/bergamo-fermare-la-produzione-e-lesportazione-di-armamenti\/#breadcrumb\",\"itemListElement\":[{\"@type\":\"ListItem\",\"position\":1,\"name\":\"Accueil\",\"item\":\"https:\/\/www.pressenza.com\/it\/\"},{\"@type\":\"ListItem\",\"position\":2,\"name\":\"Bergamo: fermare la produzione e l\u2019esportazione di armamenti\"}]},{\"@type\":\"WebSite\",\"@id\":\"https:\/\/www.pressenza.com\/it\/#website\",\"url\":\"https:\/\/www.pressenza.com\/it\/\",\"name\":\"Pressenza\",\"description\":\"Agenzia di Stampa Internazionale\",\"publisher\":{\"@id\":\"https:\/\/www.pressenza.com\/it\/#organization\"},\"potentialAction\":[{\"@type\":\"SearchAction\",\"target\":{\"@type\":\"EntryPoint\",\"urlTemplate\":\"https:\/\/www.pressenza.com\/it\/?s={search_term_string}\"},\"query-input\":{\"@type\":\"PropertyValueSpecification\",\"valueRequired\":true,\"valueName\":\"search_term_string\"}}],\"inLanguage\":\"it-IT\"},{\"@type\":\"Organization\",\"@id\":\"https:\/\/www.pressenza.com\/it\/#organization\",\"name\":\"Pressenza\",\"url\":\"https:\/\/www.pressenza.com\/it\/\",\"logo\":{\"@type\":\"ImageObject\",\"inLanguage\":\"it-IT\",\"@id\":\"https:\/\/www.pressenza.com\/it\/#\/schema\/logo\/image\/\",\"url\":\"https:\/\/www.pressenza.com\/wp-content\/uploads\/2022\/10\/pressenza_logo_200x200.jpg\",\"contentUrl\":\"https:\/\/www.pressenza.com\/wp-content\/uploads\/2022\/10\/pressenza_logo_200x200.jpg\",\"width\":200,\"height\":200,\"caption\":\"Pressenza\"},\"image\":{\"@id\":\"https:\/\/www.pressenza.com\/it\/#\/schema\/logo\/image\/\"},\"sameAs\":[\"https:\/\/www.facebook.com\/PressenzaItalia\",\"https:\/\/x.com\/PressenzaIPA\"]},{\"@type\":\"Person\",\"@id\":\"https:\/\/www.pressenza.com\/it\/#\/schema\/person\/47253bd773bfdc8f669fc1a490a0d099\",\"name\":\"Rocco Artifoni\",\"description\":\"Rocco Artifoni \u00e8 nato a Bergamo nel 1960. \u00c8 presidente nazionale dell\u2019Associazione per la Riduzione del Debito Pubblico (www.ardep.it) e referente per la Lombardia dell\u2019Associazione Art. 53 (www.articolo53.it). Principali appartenenze e impegni locali (provincia di Bergamo): Consiglio Direttivo della Fondazione Serughetti La Porta (www.laportabergamo.it), Comitato provinciale per l\u2019abolizione delle barriere architettoniche (www.diversabile.it), Coordinamento provinciale di Libera (www.liberabg.it), Comitato bergamasco per la difesa della Costituzione (www.salviamolacostituzione.bg.it), Scuola di educazione e formazione alla politica We Care (www.scuolawecare.it), Redazione della rivista L\u2019Incontro e delle Edizioni Gruppo Aeper (www.aeper.it). Nel 2014 ha pubblicato insieme a Filippo Pizzolato \u201cL\u2019ABC della Costituzione\u201d per le Edizioni Gruppo Aeper con prefazione di don Luigi Ciotti. Nel 2018, insieme a Francesco Gesualdi e Antonio De Lellis, per CADTM Italia ha pubblicato il dossier \u201cFisco &amp; Debito. Gli effetti delle controriforme fiscali sul nostro debito pubblico\u201d.\",\"url\":\"https:\/\/www.pressenza.com\/it\/author\/rocco-artifoni\/\"}]}<\/script>\n<!-- \/ Yoast SEO plugin. -->","yoast_head_json":{"title":"Bergamo: fermare la produzione e l\u2019esportazione di armamenti","description":"Stavolta gli aerei non hanno fatto rumore e hanno portato soltanto messaggi contro la guerra. E' l\u2019epilogo del presidio organizzato gioved\u00ec a Bergamo davanti ai cancelli della Battaggion SpA, un\u2019azienda locale che tra il 2022 e il 2024 ha esportato in Israele tecnologie per la produzione di esplosivi","robots":{"index":"index","follow":"follow","max-snippet":"max-snippet:-1","max-image-preview":"max-image-preview:large","max-video-preview":"max-video-preview:-1"},"canonical":"https:\/\/www.pressenza.com\/it\/2026\/03\/bergamo-fermare-la-produzione-e-lesportazione-di-armamenti\/","og_locale":"it_IT","og_type":"article","og_title":"Bergamo: fermare la produzione e l\u2019esportazione di armamenti","og_description":"Stavolta gli aerei non hanno fatto rumore e hanno portato soltanto messaggi contro la guerra. E' l\u2019epilogo del presidio organizzato gioved\u00ec a Bergamo davanti ai cancelli della Battaggion SpA, un\u2019azienda locale che tra il 2022 e il 2024 ha esportato in Israele tecnologie per la produzione di esplosivi","og_url":"https:\/\/www.pressenza.com\/it\/2026\/03\/bergamo-fermare-la-produzione-e-lesportazione-di-armamenti\/","og_site_name":"Pressenza","article_publisher":"https:\/\/www.facebook.com\/PressenzaItalia","article_published_time":"2026-03-06T16:13:47+00:00","article_modified_time":"2026-03-06T16:14:24+00:00","og_image":[{"width":820,"height":540,"url":"https:\/\/www.pressenza.com\/wp-content\/uploads\/2026\/03\/Presidio-Bergamo.jpg","type":"image\/jpeg"}],"author":"Rocco Artifoni","twitter_card":"summary_large_image","twitter_creator":"@PressenzaIPA","twitter_site":"@PressenzaIPA","twitter_misc":{"Scritto da":"Rocco Artifoni","Tempo di lettura stimato":"2 minuti"},"schema":{"@context":"https:\/\/schema.org","@graph":[{"@type":"Article","@id":"https:\/\/www.pressenza.com\/it\/2026\/03\/bergamo-fermare-la-produzione-e-lesportazione-di-armamenti\/#article","isPartOf":{"@id":"https:\/\/www.pressenza.com\/it\/2026\/03\/bergamo-fermare-la-produzione-e-lesportazione-di-armamenti\/"},"author":{"name":"Rocco Artifoni","@id":"https:\/\/www.pressenza.com\/it\/#\/schema\/person\/47253bd773bfdc8f669fc1a490a0d099"},"headline":"Bergamo: fermare la produzione e l\u2019esportazione di armamenti","datePublished":"2026-03-06T16:13:47+00:00","dateModified":"2026-03-06T16:14:24+00:00","mainEntityOfPage":{"@id":"https:\/\/www.pressenza.com\/it\/2026\/03\/bergamo-fermare-la-produzione-e-lesportazione-di-armamenti\/"},"wordCount":270,"publisher":{"@id":"https:\/\/www.pressenza.com\/it\/#organization"},"image":{"@id":"https:\/\/www.pressenza.com\/it\/2026\/03\/bergamo-fermare-la-produzione-e-lesportazione-di-armamenti\/#primaryimage"},"thumbnailUrl":"https:\/\/www.pressenza.com\/wp-content\/uploads\/2026\/03\/Presidio-Bergamo.jpg","keywords":["Battaggion Spa","Beramo","presidio"],"articleSection":["contenuti originali","Europa","Pace e Disarmo"],"inLanguage":"it-IT"},{"@type":"WebPage","@id":"https:\/\/www.pressenza.com\/it\/2026\/03\/bergamo-fermare-la-produzione-e-lesportazione-di-armamenti\/","url":"https:\/\/www.pressenza.com\/it\/2026\/03\/bergamo-fermare-la-produzione-e-lesportazione-di-armamenti\/","name":"Bergamo: fermare la produzione e l\u2019esportazione di armamenti","isPartOf":{"@id":"https:\/\/www.pressenza.com\/it\/#website"},"primaryImageOfPage":{"@id":"https:\/\/www.pressenza.com\/it\/2026\/03\/bergamo-fermare-la-produzione-e-lesportazione-di-armamenti\/#primaryimage"},"image":{"@id":"https:\/\/www.pressenza.com\/it\/2026\/03\/bergamo-fermare-la-produzione-e-lesportazione-di-armamenti\/#primaryimage"},"thumbnailUrl":"https:\/\/www.pressenza.com\/wp-content\/uploads\/2026\/03\/Presidio-Bergamo.jpg","datePublished":"2026-03-06T16:13:47+00:00","dateModified":"2026-03-06T16:14:24+00:00","description":"Stavolta gli aerei non hanno fatto rumore e hanno portato soltanto messaggi contro la guerra. E' l\u2019epilogo del presidio organizzato gioved\u00ec a Bergamo davanti ai cancelli della Battaggion SpA, un\u2019azienda locale che tra il 2022 e il 2024 ha esportato in Israele tecnologie per la produzione di esplosivi","breadcrumb":{"@id":"https:\/\/www.pressenza.com\/it\/2026\/03\/bergamo-fermare-la-produzione-e-lesportazione-di-armamenti\/#breadcrumb"},"inLanguage":"it-IT","potentialAction":[{"@type":"ReadAction","target":["https:\/\/www.pressenza.com\/it\/2026\/03\/bergamo-fermare-la-produzione-e-lesportazione-di-armamenti\/"]}]},{"@type":"ImageObject","inLanguage":"it-IT","@id":"https:\/\/www.pressenza.com\/it\/2026\/03\/bergamo-fermare-la-produzione-e-lesportazione-di-armamenti\/#primaryimage","url":"https:\/\/www.pressenza.com\/wp-content\/uploads\/2026\/03\/Presidio-Bergamo.jpg","contentUrl":"https:\/\/www.pressenza.com\/wp-content\/uploads\/2026\/03\/Presidio-Bergamo.jpg","width":820,"height":540},{"@type":"BreadcrumbList","@id":"https:\/\/www.pressenza.com\/it\/2026\/03\/bergamo-fermare-la-produzione-e-lesportazione-di-armamenti\/#breadcrumb","itemListElement":[{"@type":"ListItem","position":1,"name":"Accueil","item":"https:\/\/www.pressenza.com\/it\/"},{"@type":"ListItem","position":2,"name":"Bergamo: fermare la produzione e l\u2019esportazione di armamenti"}]},{"@type":"WebSite","@id":"https:\/\/www.pressenza.com\/it\/#website","url":"https:\/\/www.pressenza.com\/it\/","name":"Pressenza","description":"Agenzia di Stampa Internazionale","publisher":{"@id":"https:\/\/www.pressenza.com\/it\/#organization"},"potentialAction":[{"@type":"SearchAction","target":{"@type":"EntryPoint","urlTemplate":"https:\/\/www.pressenza.com\/it\/?s={search_term_string}"},"query-input":{"@type":"PropertyValueSpecification","valueRequired":true,"valueName":"search_term_string"}}],"inLanguage":"it-IT"},{"@type":"Organization","@id":"https:\/\/www.pressenza.com\/it\/#organization","name":"Pressenza","url":"https:\/\/www.pressenza.com\/it\/","logo":{"@type":"ImageObject","inLanguage":"it-IT","@id":"https:\/\/www.pressenza.com\/it\/#\/schema\/logo\/image\/","url":"https:\/\/www.pressenza.com\/wp-content\/uploads\/2022\/10\/pressenza_logo_200x200.jpg","contentUrl":"https:\/\/www.pressenza.com\/wp-content\/uploads\/2022\/10\/pressenza_logo_200x200.jpg","width":200,"height":200,"caption":"Pressenza"},"image":{"@id":"https:\/\/www.pressenza.com\/it\/#\/schema\/logo\/image\/"},"sameAs":["https:\/\/www.facebook.com\/PressenzaItalia","https:\/\/x.com\/PressenzaIPA"]},{"@type":"Person","@id":"https:\/\/www.pressenza.com\/it\/#\/schema\/person\/47253bd773bfdc8f669fc1a490a0d099","name":"Rocco Artifoni","description":"Rocco Artifoni \u00e8 nato a Bergamo nel 1960. \u00c8 presidente nazionale dell\u2019Associazione per la Riduzione del Debito Pubblico (www.ardep.it) e referente per la Lombardia dell\u2019Associazione Art. 53 (www.articolo53.it). Principali appartenenze e impegni locali (provincia di Bergamo): Consiglio Direttivo della Fondazione Serughetti La Porta (www.laportabergamo.it), Comitato provinciale per l\u2019abolizione delle barriere architettoniche (www.diversabile.it), Coordinamento provinciale di Libera (www.liberabg.it), Comitato bergamasco per la difesa della Costituzione (www.salviamolacostituzione.bg.it), Scuola di educazione e formazione alla politica We Care (www.scuolawecare.it), Redazione della rivista L\u2019Incontro e delle Edizioni Gruppo Aeper (www.aeper.it). Nel 2014 ha pubblicato insieme a Filippo Pizzolato \u201cL\u2019ABC della Costituzione\u201d per le Edizioni Gruppo Aeper con prefazione di don Luigi Ciotti. Nel 2018, insieme a Francesco Gesualdi e Antonio De Lellis, per CADTM Italia ha pubblicato il dossier \u201cFisco &amp; Debito. Gli effetti delle controriforme fiscali sul nostro debito pubblico\u201d.","url":"https:\/\/www.pressenza.com\/it\/author\/rocco-artifoni\/"}]}},"place":"","original_article_url":"","_links":{"self":[{"href":"https:\/\/www.pressenza.com\/it\/wp-json\/wp\/v2\/posts\/2681787","targetHints":{"allow":["GET"]}}],"collection":[{"href":"https:\/\/www.pressenza.com\/it\/wp-json\/wp\/v2\/posts"}],"about":[{"href":"https:\/\/www.pressenza.com\/it\/wp-json\/wp\/v2\/types\/post"}],"author":[{"embeddable":true,"href":"https:\/\/www.pressenza.com\/it\/wp-json\/wp\/v2\/users\/1280"}],"replies":[{"embeddable":true,"href":"https:\/\/www.pressenza.com\/it\/wp-json\/wp\/v2\/comments?post=2681787"}],"version-history":[{"count":1,"href":"https:\/\/www.pressenza.com\/it\/wp-json\/wp\/v2\/posts\/2681787\/revisions"}],"predecessor-version":[{"id":2681790,"href":"https:\/\/www.pressenza.com\/it\/wp-json\/wp\/v2\/posts\/2681787\/revisions\/2681790"}],"wp:featuredmedia":[{"embeddable":true,"href":"https:\/\/www.pressenza.com\/it\/wp-json\/wp\/v2\/media\/2681789"}],"wp:attachment":[{"href":"https:\/\/www.pressenza.com\/it\/wp-json\/wp\/v2\/media?parent=2681787"}],"wp:term":[{"taxonomy":"category","embeddable":true,"href":"https:\/\/www.pressenza.com\/it\/wp-json\/wp\/v2\/categories?post=2681787"},{"taxonomy":"post_tag","embeddable":true,"href":"https:\/\/www.pressenza.com\/it\/wp-json\/wp\/v2\/tags?post=2681787"}],"curies":[{"name":"wp","href":"https:\/\/api.w.org\/{rel}","templated":true}]}}