{"id":2681570,"date":"2026-03-05T18:30:33","date_gmt":"2026-03-05T18:30:33","guid":{"rendered":"https:\/\/www.pressenza.com\/?p=2681570"},"modified":"2026-03-05T18:32:55","modified_gmt":"2026-03-05T18:32:55","slug":"da-berlino-contro-la-leva-e-la-guerra","status":"publish","type":"post","link":"https:\/\/www.pressenza.com\/it\/2026\/03\/da-berlino-contro-la-leva-e-la-guerra\/","title":{"rendered":"Da Berlino contro la leva e la guerra"},"content":{"rendered":"<p>Arrivo a Postdamerplatz un po\u2019 in ritardo, visto che tutti i treni per il centro sono bloccati. Con me, scendono dalla metro altri ragazzi e ragazze e immediatamente riconosco che sono l\u00ec\u00a0<a href=\"https:\/\/www.movimentononviolento.it\/primo-piano\/studenti-in-sciopero-contro-leva-e-guerra-in-germania-5-marzo\">per la mia stessa ragione<\/a>. Sorrido tra me e me, mi sembra di essere qui come testimone del loro coraggio.<\/p>\n<p>Salendo le scale per raggiungere la piazza inizio a sentire musica e voci, esco dalla stazione e impiego un secondo ad abituare gli occhi al sole. Centinaia, nel giro di un\u2019ora migliaia, di persone sono riunite nel cuore di Berlino, la maggioranza giovanissimi studenti e studentesse. Cartelli, striscioni, bandiere, volantini, canzoni, risa e grida sono accalcate in una folla colorata. Senza paura, uniti, vicini e compatti coprono completamente la sottile linea di piastrelle che\u00a0 percorre la piazza in diagonale, a ricordo del muro.<\/p>\n<p>Tutti sono riuniti per mandare un chiaro messaggio, una ferma e irrevocabile obiezione alla guerra e alla crescente militarizzazione del loro Paese. Un categorico rifiuto a lasciare che il loro futuro gli venga strappato dalle mani. Non vogliono e non sono disposti a rimanere passivi di fronte al ripetersi di quell\u2019odio che gli era stato detto sarebbe rimasto nel passato. Chiedono a gran voce il cambiamento che gli era stato promesso.<\/p>\n<p>La folla comincia a srotolarsi in un lungo corteo, che andr\u00e0 a marciare pacificamente per il centro della citt\u00e0. Un bambino in piedi su un bidone ha in mano un megafono e con la limpidezza e risoluzione di chi non \u00e8 pi\u00f9 disposto a lasciare che altri decidano per lui, lancia un grido. Migliaia e migliaia di voci rispondono e presto si alza un coro, forte e coraggioso: \u201cSiamo tutti antifascisti!\u201d<\/p>\n<p>Ed ecco che, nel centro della Germania, lontana chilometri da tutto ci\u00f2 che conosco, circondata da persone di ogni genere, etnia e credo, mi sento a casa. Una nuova energia mi riempie: oggi \u00e8 proprio una bella giornata di sole.<\/p>\n<p>Margherita Pilati del Movimento Nonviolento<\/p>\n<p><strong> <img loading=\"lazy\" decoding=\"async\" class=\"alignnone wp-image-2681571 size-full\" src=\"https:\/\/www.pressenza.com\/wp-content\/uploads\/2026\/03\/sciopero-contro-leva-Berlino.jpeg\" alt=\"\" width=\"1200\" height=\"1600\" srcset=\"https:\/\/www.pressenza.com\/wp-content\/uploads\/2026\/03\/sciopero-contro-leva-Berlino.jpeg 1200w, https:\/\/www.pressenza.com\/wp-content\/uploads\/2026\/03\/sciopero-contro-leva-Berlino-225x300.jpeg 225w, https:\/\/www.pressenza.com\/wp-content\/uploads\/2026\/03\/sciopero-contro-leva-Berlino-768x1024.jpeg 768w\" sizes=\"auto, (max-width: 1200px) 100vw, 1200px\" \/><\/strong><\/p>\n<p>&nbsp;<\/p>\n","protected":false},"excerpt":{"rendered":"<p>Arrivo a Postdamerplatz un po\u2019 in ritardo, visto che tutti i treni per il centro sono bloccati. Con me, scendono dalla metro altri ragazzi e ragazze e immediatamente riconosco che sono l\u00ec\u00a0per la mia stessa ragione. Sorrido tra me e&hellip;<\/p>\n","protected":false},"author":600,"featured_media":2681572,"comment_status":"closed","ping_status":"closed","sticky":false,"template":"","format":"standard","meta":{"footnotes":""},"categories":[107392,47,46975,1263],"tags":[98287,3518,365,638,152883,4205],"class_list":["post-2681570","post","type-post","status-publish","format-standard","has-post-thumbnail","hentry","category-noticia-it","category-europa","category-giovani","category-pace-disarmo","tag-buone-nuove","tag-germania","tag-guerra","tag-militarizzazione","tag-sciopero-contro-la-leva","tag-studenti"],"yoast_head":"<!-- This site is optimized with the Yoast SEO plugin v27.1.1 - https:\/\/yoast.com\/product\/yoast-seo-wordpress\/ -->\n<title>Da Berlino contro la leva e la guerra<\/title>\n<meta name=\"description\" content=\"Arrivo a Postdamerplatz un po\u2019 in ritardo, visto che tutti i treni per il centro sono bloccati. Con me, scendono dalla metro altri ragazzi e ragazze e\" \/>\n<meta name=\"robots\" content=\"index, follow, max-snippet:-1, max-image-preview:large, max-video-preview:-1\" \/>\n<link rel=\"canonical\" href=\"https:\/\/www.pressenza.com\/it\/2026\/03\/da-berlino-contro-la-leva-e-la-guerra\/\" \/>\n<meta property=\"og:locale\" content=\"it_IT\" \/>\n<meta property=\"og:type\" content=\"article\" \/>\n<meta property=\"og:title\" content=\"Da Berlino contro la leva e la guerra\" \/>\n<meta property=\"og:description\" content=\"Arrivo a Postdamerplatz un po\u2019 in ritardo, visto che tutti i treni per il centro sono bloccati. Con me, scendono dalla metro altri ragazzi e ragazze e\" \/>\n<meta property=\"og:url\" content=\"https:\/\/www.pressenza.com\/it\/2026\/03\/da-berlino-contro-la-leva-e-la-guerra\/\" \/>\n<meta property=\"og:site_name\" content=\"Pressenza\" \/>\n<meta property=\"article:publisher\" content=\"https:\/\/www.facebook.com\/PressenzaItalia\" \/>\n<meta property=\"article:published_time\" content=\"2026-03-05T18:30:33+00:00\" \/>\n<meta property=\"article:modified_time\" content=\"2026-03-05T18:32:55+00:00\" \/>\n<meta property=\"og:image\" content=\"https:\/\/www.pressenza.com\/wp-content\/uploads\/2026\/03\/Berlino-contro-leva-e-guerra.jpeg\" \/>\n\t<meta property=\"og:image:width\" content=\"1039\" \/>\n\t<meta property=\"og:image:height\" content=\"779\" \/>\n\t<meta property=\"og:image:type\" content=\"image\/jpeg\" \/>\n<meta name=\"author\" content=\"Movimento Nonviolento\" \/>\n<meta name=\"twitter:card\" content=\"summary_large_image\" \/>\n<meta name=\"twitter:creator\" content=\"@PressenzaIPA\" \/>\n<meta name=\"twitter:site\" content=\"@PressenzaIPA\" \/>\n<meta name=\"twitter:label1\" content=\"Scritto da\" \/>\n\t<meta name=\"twitter:data1\" content=\"Movimento Nonviolento\" \/>\n\t<meta name=\"twitter:label2\" content=\"Tempo di lettura stimato\" \/>\n\t<meta name=\"twitter:data2\" content=\"3 minuti\" \/>\n<script type=\"application\/ld+json\" class=\"yoast-schema-graph\">{\"@context\":\"https:\/\/schema.org\",\"@graph\":[{\"@type\":\"Article\",\"@id\":\"https:\/\/www.pressenza.com\/it\/2026\/03\/da-berlino-contro-la-leva-e-la-guerra\/#article\",\"isPartOf\":{\"@id\":\"https:\/\/www.pressenza.com\/it\/2026\/03\/da-berlino-contro-la-leva-e-la-guerra\/\"},\"author\":{\"name\":\"Movimento Nonviolento\",\"@id\":\"https:\/\/www.pressenza.com\/it\/#\/schema\/person\/5c22aa4afc24f8cbe52d85a1f7e4df91\"},\"headline\":\"Da Berlino contro la leva e la guerra\",\"datePublished\":\"2026-03-05T18:30:33+00:00\",\"dateModified\":\"2026-03-05T18:32:55+00:00\",\"mainEntityOfPage\":{\"@id\":\"https:\/\/www.pressenza.com\/it\/2026\/03\/da-berlino-contro-la-leva-e-la-guerra\/\"},\"wordCount\":331,\"publisher\":{\"@id\":\"https:\/\/www.pressenza.com\/it\/#organization\"},\"image\":{\"@id\":\"https:\/\/www.pressenza.com\/it\/2026\/03\/da-berlino-contro-la-leva-e-la-guerra\/#primaryimage\"},\"thumbnailUrl\":\"https:\/\/www.pressenza.com\/wp-content\/uploads\/2026\/03\/Berlino-contro-leva-e-guerra.jpeg\",\"keywords\":[\"buone nuove\",\"Germania\",\"guerra\",\"militarizzazione\",\"sciopero contro la leva\",\"studenti\"],\"articleSection\":[\"Cronaca\",\"Europa\",\"Giovani\",\"Pace e Disarmo\"],\"inLanguage\":\"it-IT\"},{\"@type\":\"WebPage\",\"@id\":\"https:\/\/www.pressenza.com\/it\/2026\/03\/da-berlino-contro-la-leva-e-la-guerra\/\",\"url\":\"https:\/\/www.pressenza.com\/it\/2026\/03\/da-berlino-contro-la-leva-e-la-guerra\/\",\"name\":\"Da Berlino contro la leva e la guerra\",\"isPartOf\":{\"@id\":\"https:\/\/www.pressenza.com\/it\/#website\"},\"primaryImageOfPage\":{\"@id\":\"https:\/\/www.pressenza.com\/it\/2026\/03\/da-berlino-contro-la-leva-e-la-guerra\/#primaryimage\"},\"image\":{\"@id\":\"https:\/\/www.pressenza.com\/it\/2026\/03\/da-berlino-contro-la-leva-e-la-guerra\/#primaryimage\"},\"thumbnailUrl\":\"https:\/\/www.pressenza.com\/wp-content\/uploads\/2026\/03\/Berlino-contro-leva-e-guerra.jpeg\",\"datePublished\":\"2026-03-05T18:30:33+00:00\",\"dateModified\":\"2026-03-05T18:32:55+00:00\",\"description\":\"Arrivo a Postdamerplatz un po\u2019 in ritardo, visto che tutti i treni per il centro sono bloccati. Con me, scendono dalla metro altri ragazzi e ragazze e\",\"breadcrumb\":{\"@id\":\"https:\/\/www.pressenza.com\/it\/2026\/03\/da-berlino-contro-la-leva-e-la-guerra\/#breadcrumb\"},\"inLanguage\":\"it-IT\",\"potentialAction\":[{\"@type\":\"ReadAction\",\"target\":[\"https:\/\/www.pressenza.com\/it\/2026\/03\/da-berlino-contro-la-leva-e-la-guerra\/\"]}]},{\"@type\":\"ImageObject\",\"inLanguage\":\"it-IT\",\"@id\":\"https:\/\/www.pressenza.com\/it\/2026\/03\/da-berlino-contro-la-leva-e-la-guerra\/#primaryimage\",\"url\":\"https:\/\/www.pressenza.com\/wp-content\/uploads\/2026\/03\/Berlino-contro-leva-e-guerra.jpeg\",\"contentUrl\":\"https:\/\/www.pressenza.com\/wp-content\/uploads\/2026\/03\/Berlino-contro-leva-e-guerra.jpeg\",\"width\":1039,\"height\":779},{\"@type\":\"BreadcrumbList\",\"@id\":\"https:\/\/www.pressenza.com\/it\/2026\/03\/da-berlino-contro-la-leva-e-la-guerra\/#breadcrumb\",\"itemListElement\":[{\"@type\":\"ListItem\",\"position\":1,\"name\":\"Accueil\",\"item\":\"https:\/\/www.pressenza.com\/it\/\"},{\"@type\":\"ListItem\",\"position\":2,\"name\":\"Da Berlino contro la leva e la guerra\"}]},{\"@type\":\"WebSite\",\"@id\":\"https:\/\/www.pressenza.com\/it\/#website\",\"url\":\"https:\/\/www.pressenza.com\/it\/\",\"name\":\"Pressenza\",\"description\":\"Agenzia di Stampa Internazionale\",\"publisher\":{\"@id\":\"https:\/\/www.pressenza.com\/it\/#organization\"},\"potentialAction\":[{\"@type\":\"SearchAction\",\"target\":{\"@type\":\"EntryPoint\",\"urlTemplate\":\"https:\/\/www.pressenza.com\/it\/?s={search_term_string}\"},\"query-input\":{\"@type\":\"PropertyValueSpecification\",\"valueRequired\":true,\"valueName\":\"search_term_string\"}}],\"inLanguage\":\"it-IT\"},{\"@type\":\"Organization\",\"@id\":\"https:\/\/www.pressenza.com\/it\/#organization\",\"name\":\"Pressenza\",\"url\":\"https:\/\/www.pressenza.com\/it\/\",\"logo\":{\"@type\":\"ImageObject\",\"inLanguage\":\"it-IT\",\"@id\":\"https:\/\/www.pressenza.com\/it\/#\/schema\/logo\/image\/\",\"url\":\"https:\/\/www.pressenza.com\/wp-content\/uploads\/2022\/10\/pressenza_logo_200x200.jpg\",\"contentUrl\":\"https:\/\/www.pressenza.com\/wp-content\/uploads\/2022\/10\/pressenza_logo_200x200.jpg\",\"width\":200,\"height\":200,\"caption\":\"Pressenza\"},\"image\":{\"@id\":\"https:\/\/www.pressenza.com\/it\/#\/schema\/logo\/image\/\"},\"sameAs\":[\"https:\/\/www.facebook.com\/PressenzaItalia\",\"https:\/\/x.com\/PressenzaIPA\"]},{\"@type\":\"Person\",\"@id\":\"https:\/\/www.pressenza.com\/it\/#\/schema\/person\/5c22aa4afc24f8cbe52d85a1f7e4df91\",\"name\":\"Movimento Nonviolento\",\"description\":\"www.nonviolenti.org\",\"url\":\"https:\/\/www.pressenza.com\/it\/author\/movimento-nonviolento\/\"}]}<\/script>\n<!-- \/ Yoast SEO plugin. -->","yoast_head_json":{"title":"Da Berlino contro la leva e la guerra","description":"Arrivo a Postdamerplatz un po\u2019 in ritardo, visto che tutti i treni per il centro sono bloccati. Con me, scendono dalla metro altri ragazzi e ragazze e","robots":{"index":"index","follow":"follow","max-snippet":"max-snippet:-1","max-image-preview":"max-image-preview:large","max-video-preview":"max-video-preview:-1"},"canonical":"https:\/\/www.pressenza.com\/it\/2026\/03\/da-berlino-contro-la-leva-e-la-guerra\/","og_locale":"it_IT","og_type":"article","og_title":"Da Berlino contro la leva e la guerra","og_description":"Arrivo a Postdamerplatz un po\u2019 in ritardo, visto che tutti i treni per il centro sono bloccati. Con me, scendono dalla metro altri ragazzi e ragazze e","og_url":"https:\/\/www.pressenza.com\/it\/2026\/03\/da-berlino-contro-la-leva-e-la-guerra\/","og_site_name":"Pressenza","article_publisher":"https:\/\/www.facebook.com\/PressenzaItalia","article_published_time":"2026-03-05T18:30:33+00:00","article_modified_time":"2026-03-05T18:32:55+00:00","og_image":[{"width":1039,"height":779,"url":"https:\/\/www.pressenza.com\/wp-content\/uploads\/2026\/03\/Berlino-contro-leva-e-guerra.jpeg","type":"image\/jpeg"}],"author":"Movimento Nonviolento","twitter_card":"summary_large_image","twitter_creator":"@PressenzaIPA","twitter_site":"@PressenzaIPA","twitter_misc":{"Scritto da":"Movimento Nonviolento","Tempo di lettura stimato":"3 minuti"},"schema":{"@context":"https:\/\/schema.org","@graph":[{"@type":"Article","@id":"https:\/\/www.pressenza.com\/it\/2026\/03\/da-berlino-contro-la-leva-e-la-guerra\/#article","isPartOf":{"@id":"https:\/\/www.pressenza.com\/it\/2026\/03\/da-berlino-contro-la-leva-e-la-guerra\/"},"author":{"name":"Movimento Nonviolento","@id":"https:\/\/www.pressenza.com\/it\/#\/schema\/person\/5c22aa4afc24f8cbe52d85a1f7e4df91"},"headline":"Da Berlino contro la leva e la guerra","datePublished":"2026-03-05T18:30:33+00:00","dateModified":"2026-03-05T18:32:55+00:00","mainEntityOfPage":{"@id":"https:\/\/www.pressenza.com\/it\/2026\/03\/da-berlino-contro-la-leva-e-la-guerra\/"},"wordCount":331,"publisher":{"@id":"https:\/\/www.pressenza.com\/it\/#organization"},"image":{"@id":"https:\/\/www.pressenza.com\/it\/2026\/03\/da-berlino-contro-la-leva-e-la-guerra\/#primaryimage"},"thumbnailUrl":"https:\/\/www.pressenza.com\/wp-content\/uploads\/2026\/03\/Berlino-contro-leva-e-guerra.jpeg","keywords":["buone nuove","Germania","guerra","militarizzazione","sciopero contro la leva","studenti"],"articleSection":["Cronaca","Europa","Giovani","Pace e Disarmo"],"inLanguage":"it-IT"},{"@type":"WebPage","@id":"https:\/\/www.pressenza.com\/it\/2026\/03\/da-berlino-contro-la-leva-e-la-guerra\/","url":"https:\/\/www.pressenza.com\/it\/2026\/03\/da-berlino-contro-la-leva-e-la-guerra\/","name":"Da Berlino contro la leva e la guerra","isPartOf":{"@id":"https:\/\/www.pressenza.com\/it\/#website"},"primaryImageOfPage":{"@id":"https:\/\/www.pressenza.com\/it\/2026\/03\/da-berlino-contro-la-leva-e-la-guerra\/#primaryimage"},"image":{"@id":"https:\/\/www.pressenza.com\/it\/2026\/03\/da-berlino-contro-la-leva-e-la-guerra\/#primaryimage"},"thumbnailUrl":"https:\/\/www.pressenza.com\/wp-content\/uploads\/2026\/03\/Berlino-contro-leva-e-guerra.jpeg","datePublished":"2026-03-05T18:30:33+00:00","dateModified":"2026-03-05T18:32:55+00:00","description":"Arrivo a Postdamerplatz un po\u2019 in ritardo, visto che tutti i treni per il centro sono bloccati. Con me, scendono dalla metro altri ragazzi e ragazze e","breadcrumb":{"@id":"https:\/\/www.pressenza.com\/it\/2026\/03\/da-berlino-contro-la-leva-e-la-guerra\/#breadcrumb"},"inLanguage":"it-IT","potentialAction":[{"@type":"ReadAction","target":["https:\/\/www.pressenza.com\/it\/2026\/03\/da-berlino-contro-la-leva-e-la-guerra\/"]}]},{"@type":"ImageObject","inLanguage":"it-IT","@id":"https:\/\/www.pressenza.com\/it\/2026\/03\/da-berlino-contro-la-leva-e-la-guerra\/#primaryimage","url":"https:\/\/www.pressenza.com\/wp-content\/uploads\/2026\/03\/Berlino-contro-leva-e-guerra.jpeg","contentUrl":"https:\/\/www.pressenza.com\/wp-content\/uploads\/2026\/03\/Berlino-contro-leva-e-guerra.jpeg","width":1039,"height":779},{"@type":"BreadcrumbList","@id":"https:\/\/www.pressenza.com\/it\/2026\/03\/da-berlino-contro-la-leva-e-la-guerra\/#breadcrumb","itemListElement":[{"@type":"ListItem","position":1,"name":"Accueil","item":"https:\/\/www.pressenza.com\/it\/"},{"@type":"ListItem","position":2,"name":"Da Berlino contro la leva e la guerra"}]},{"@type":"WebSite","@id":"https:\/\/www.pressenza.com\/it\/#website","url":"https:\/\/www.pressenza.com\/it\/","name":"Pressenza","description":"Agenzia di Stampa Internazionale","publisher":{"@id":"https:\/\/www.pressenza.com\/it\/#organization"},"potentialAction":[{"@type":"SearchAction","target":{"@type":"EntryPoint","urlTemplate":"https:\/\/www.pressenza.com\/it\/?s={search_term_string}"},"query-input":{"@type":"PropertyValueSpecification","valueRequired":true,"valueName":"search_term_string"}}],"inLanguage":"it-IT"},{"@type":"Organization","@id":"https:\/\/www.pressenza.com\/it\/#organization","name":"Pressenza","url":"https:\/\/www.pressenza.com\/it\/","logo":{"@type":"ImageObject","inLanguage":"it-IT","@id":"https:\/\/www.pressenza.com\/it\/#\/schema\/logo\/image\/","url":"https:\/\/www.pressenza.com\/wp-content\/uploads\/2022\/10\/pressenza_logo_200x200.jpg","contentUrl":"https:\/\/www.pressenza.com\/wp-content\/uploads\/2022\/10\/pressenza_logo_200x200.jpg","width":200,"height":200,"caption":"Pressenza"},"image":{"@id":"https:\/\/www.pressenza.com\/it\/#\/schema\/logo\/image\/"},"sameAs":["https:\/\/www.facebook.com\/PressenzaItalia","https:\/\/x.com\/PressenzaIPA"]},{"@type":"Person","@id":"https:\/\/www.pressenza.com\/it\/#\/schema\/person\/5c22aa4afc24f8cbe52d85a1f7e4df91","name":"Movimento Nonviolento","description":"www.nonviolenti.org","url":"https:\/\/www.pressenza.com\/it\/author\/movimento-nonviolento\/"}]}},"place":"Berlino","original_article_url":"https:\/\/www.movimentononviolento.it\/primo-piano\/da-berlino-contro-la-leva-e-la-guerra","_links":{"self":[{"href":"https:\/\/www.pressenza.com\/it\/wp-json\/wp\/v2\/posts\/2681570","targetHints":{"allow":["GET"]}}],"collection":[{"href":"https:\/\/www.pressenza.com\/it\/wp-json\/wp\/v2\/posts"}],"about":[{"href":"https:\/\/www.pressenza.com\/it\/wp-json\/wp\/v2\/types\/post"}],"author":[{"embeddable":true,"href":"https:\/\/www.pressenza.com\/it\/wp-json\/wp\/v2\/users\/600"}],"replies":[{"embeddable":true,"href":"https:\/\/www.pressenza.com\/it\/wp-json\/wp\/v2\/comments?post=2681570"}],"version-history":[{"count":1,"href":"https:\/\/www.pressenza.com\/it\/wp-json\/wp\/v2\/posts\/2681570\/revisions"}],"predecessor-version":[{"id":2681573,"href":"https:\/\/www.pressenza.com\/it\/wp-json\/wp\/v2\/posts\/2681570\/revisions\/2681573"}],"wp:featuredmedia":[{"embeddable":true,"href":"https:\/\/www.pressenza.com\/it\/wp-json\/wp\/v2\/media\/2681572"}],"wp:attachment":[{"href":"https:\/\/www.pressenza.com\/it\/wp-json\/wp\/v2\/media?parent=2681570"}],"wp:term":[{"taxonomy":"category","embeddable":true,"href":"https:\/\/www.pressenza.com\/it\/wp-json\/wp\/v2\/categories?post=2681570"},{"taxonomy":"post_tag","embeddable":true,"href":"https:\/\/www.pressenza.com\/it\/wp-json\/wp\/v2\/tags?post=2681570"}],"curies":[{"name":"wp","href":"https:\/\/api.w.org\/{rel}","templated":true}]}}