{"id":2678302,"date":"2026-02-21T18:18:20","date_gmt":"2026-02-21T18:18:20","guid":{"rendered":"https:\/\/www.pressenza.com\/?p=2678302"},"modified":"2026-02-21T18:18:20","modified_gmt":"2026-02-21T18:18:20","slug":"giu-le-mani-dalla-costituzione-intervista-a-nicola-gratteri","status":"publish","type":"post","link":"https:\/\/www.pressenza.com\/it\/2026\/02\/giu-le-mani-dalla-costituzione-intervista-a-nicola-gratteri\/","title":{"rendered":"Gi\u00f9 le mani dalla Costituzione. Intervista a Nicola Gratteri"},"content":{"rendered":"<p><em>Riportiamo di seguito alcuni commenti riferiti all\u2019intervista a Nicola Gratteri, Procuratore di Napoli. La versione integrale si pu\u00f2 vedere al link <\/em><em><a href=\"https:\/\/youtu.be\/BldzoruIsAk\">https:\/\/youtu.be\/BldzoruIsAk<\/a>.<\/em><\/p>\n<p>&#8220;II potere illegale \u00e8 la gestione mafiosa su un gruppo di persone, sull\u2019intera collettivit\u00e0, su un territorio, quello del quale io mi occupo per cercare di contrastarlo.&#8221; Nicola Gratteri, Procuratore di Napoli, risponde cos\u00ec alla domanda su cosa sia il potere.<\/p>\n<p>Ovviamente ci sono i tre poteri legali di ogni Stato democratico: giudiziario, legislativo ed esecutivo, rappresentato dal governo. Purtroppo il potere legislativo rappresentato dal Parlamento ha abdicato quasi del tutto alla sua funzione, lasciando che il governo si occupi anche della creazione delle leggi. Con la riforma Nordio vengono modificati 7 articoli della Costituzione e nei fatti il procedimento del doppio passaggio in Parlamento non \u00e8 stato rispettato, perch\u00e9 la riforma Nordio \u00e8 stata accettata dalla maggioranza senza nessuna modifica n\u00e9 alla Camera dei Deputati, n\u00e9 al Senato.<\/p>\n<p>Quando si parla di accentramento dei poteri si dimentica di specificare che non \u00e8 un problema formale, ma di sostanza, perch\u00e9 se il governo dominasse anche il potere giudiziario, avrebbe cos\u00ec un potere assoluto sui cittadini. Allora bisogna immaginare che vinca il s\u00ec e ci sia un governo\u00a0 comunista; forse non tutti sarebbero contenti, tanto per far comprendere alla destra che questa sciagurata riforma non conviene a nessuno.<\/p>\n<p>Un chiarimento personale: mi sono iscritto a Rifondazione Comunista tre anni fa, siamo democratici e non vogliamo affidare un potere assoluto a nessuno. Penso che anche nella destra ci siano molte persone che vogliono difendere la Costituzione, ultimo baluardo a salvaguardia di una democrazia sotto attacco evidente in modi diversi.<\/p>\n<p>Il procuratore di Napoli sottolinea lo squilibrio dei poteri istituzionali che si creerebbe se nel referendum vincesse il s\u00ec. Ci spiega che esiste il rischio reale di sottomettere il lavoro della magistratura inquirente alla volont\u00e0 politica del governo attraverso lo sdoppiamento del Consiglio Superiore della Magistratura, con un\u2019alta corte in aggiunta.<\/p>\n<p>Con la riforma Nordio i componenti del CSM sarebbero estratti a sorte, ma la parte di nomina politica diventerebbe molto pi\u00f9 forte, in quanto gi\u00e0 selezionata dalla maggioranza di governo.<\/p>\n<p>La presidente Meloni pensava di vincere il referendum attribuendo una forte connotazione politica alla scelta dei cittadini. Sembra evidente invece che non si tratta di una scelta politica, ma della necessit\u00e0 di salvare gli equilibri costituzionali, che sarebbero compromessi da questa riforma autoritaria.<\/p>\n<p>Quindi bisogna comprendere che la scelta non \u00e8 tra destra e sinistra. La linea di confine si trova nella consapevolezza che la nostra Costituzione \u00e8 l&#8217;ultimo baluardo di salvaguardia di tutti i cittadini contro una deriva autoritaria che sta contagiando non solo l&#8217;Italia, ma tutto l&#8217;Occidente.<\/p>\n<p>Gi\u00f9 le mani dalla Costituzione. Al referendum vota NO.<\/p>\n","protected":false},"excerpt":{"rendered":"<p>Riportiamo di seguito alcuni commenti riferiti all\u2019intervista a Nicola Gratteri, Procuratore di Napoli. La versione integrale si pu\u00f2 vedere al link https:\/\/youtu.be\/BldzoruIsAk. &#8220;II potere illegale \u00e8 la gestione mafiosa su un gruppo di persone, sull\u2019intera collettivit\u00e0, su un territorio, quello&hellip;<\/p>\n","protected":false},"author":2407,"featured_media":2678303,"comment_status":"closed","ping_status":"closed","sticky":false,"template":"","format":"standard","meta":{"footnotes":""},"categories":[11388,47,157,55],"tags":[801,152112,44626,190],"class_list":["post-2678302","post","type-post","status-publish","format-standard","has-post-thumbnail","hentry","category-contenuti-originali","category-europa","category-interviste","category-politica","tag-costituzione","tag-nicola-gratteri","tag-potere","tag-referendum"],"yoast_head":"<!-- This site is optimized with the Yoast SEO plugin v27.1.1 - https:\/\/yoast.com\/product\/yoast-seo-wordpress\/ -->\n<title>Gi\u00f9 le mani dalla Costituzione. Intervista a Nicola Gratteri<\/title>\n<meta name=\"description\" content=\"Riportiamo di seguito alcuni commenti riferiti all\u2019intervista a Nicola Gratteri, Procuratore di Napoli. La versione integrale si pu\u00f2 vedere al link\" \/>\n<meta name=\"robots\" content=\"index, follow, max-snippet:-1, max-image-preview:large, max-video-preview:-1\" \/>\n<link rel=\"canonical\" href=\"https:\/\/www.pressenza.com\/it\/2026\/02\/giu-le-mani-dalla-costituzione-intervista-a-nicola-gratteri\/\" \/>\n<meta property=\"og:locale\" content=\"it_IT\" \/>\n<meta property=\"og:type\" content=\"article\" \/>\n<meta property=\"og:title\" content=\"Gi\u00f9 le mani dalla Costituzione. Intervista a Nicola Gratteri\" \/>\n<meta property=\"og:description\" content=\"Riportiamo di seguito alcuni commenti riferiti all\u2019intervista a Nicola Gratteri, Procuratore di Napoli. La versione integrale si pu\u00f2 vedere al link\" \/>\n<meta property=\"og:url\" content=\"https:\/\/www.pressenza.com\/it\/2026\/02\/giu-le-mani-dalla-costituzione-intervista-a-nicola-gratteri\/\" \/>\n<meta property=\"og:site_name\" content=\"Pressenza\" \/>\n<meta property=\"article:publisher\" content=\"https:\/\/www.facebook.com\/PressenzaItalia\" \/>\n<meta property=\"article:published_time\" content=\"2026-02-21T18:18:20+00:00\" \/>\n<meta property=\"og:image\" content=\"https:\/\/www.pressenza.com\/wp-content\/uploads\/2026\/02\/Nicola_Gratteri_Universita_degli_Studi_di_Urbino_Carlo_Bo.jpg\" \/>\n\t<meta property=\"og:image:width\" content=\"1686\" \/>\n\t<meta property=\"og:image:height\" content=\"1030\" \/>\n\t<meta property=\"og:image:type\" content=\"image\/jpeg\" \/>\n<meta name=\"author\" content=\"Ray Man\" \/>\n<meta name=\"twitter:card\" content=\"summary_large_image\" \/>\n<meta name=\"twitter:creator\" content=\"@PressenzaIPA\" \/>\n<meta name=\"twitter:site\" content=\"@PressenzaIPA\" \/>\n<meta name=\"twitter:label1\" content=\"Scritto da\" \/>\n\t<meta name=\"twitter:data1\" content=\"Ray Man\" \/>\n\t<meta name=\"twitter:label2\" content=\"Tempo di lettura stimato\" \/>\n\t<meta name=\"twitter:data2\" content=\"3 minuti\" \/>\n<script type=\"application\/ld+json\" class=\"yoast-schema-graph\">{\"@context\":\"https:\/\/schema.org\",\"@graph\":[{\"@type\":\"Article\",\"@id\":\"https:\/\/www.pressenza.com\/it\/2026\/02\/giu-le-mani-dalla-costituzione-intervista-a-nicola-gratteri\/#article\",\"isPartOf\":{\"@id\":\"https:\/\/www.pressenza.com\/it\/2026\/02\/giu-le-mani-dalla-costituzione-intervista-a-nicola-gratteri\/\"},\"author\":{\"name\":\"Ray Man\",\"@id\":\"https:\/\/www.pressenza.com\/it\/#\/schema\/person\/65f839df5847a390cd84df4e1e061bd6\"},\"headline\":\"Gi\u00f9 le mani dalla Costituzione. Intervista a Nicola Gratteri\",\"datePublished\":\"2026-02-21T18:18:20+00:00\",\"mainEntityOfPage\":{\"@id\":\"https:\/\/www.pressenza.com\/it\/2026\/02\/giu-le-mani-dalla-costituzione-intervista-a-nicola-gratteri\/\"},\"wordCount\":459,\"publisher\":{\"@id\":\"https:\/\/www.pressenza.com\/it\/#organization\"},\"image\":{\"@id\":\"https:\/\/www.pressenza.com\/it\/2026\/02\/giu-le-mani-dalla-costituzione-intervista-a-nicola-gratteri\/#primaryimage\"},\"thumbnailUrl\":\"https:\/\/www.pressenza.com\/wp-content\/uploads\/2026\/02\/Nicola_Gratteri_Universita_degli_Studi_di_Urbino_Carlo_Bo.jpg\",\"keywords\":[\"Costituzione\",\"Nicola Gratteri\",\"potere\",\"referendum\"],\"articleSection\":[\"contenuti originali\",\"Europa\",\"Interviste\",\"Politica\"],\"inLanguage\":\"it-IT\"},{\"@type\":\"WebPage\",\"@id\":\"https:\/\/www.pressenza.com\/it\/2026\/02\/giu-le-mani-dalla-costituzione-intervista-a-nicola-gratteri\/\",\"url\":\"https:\/\/www.pressenza.com\/it\/2026\/02\/giu-le-mani-dalla-costituzione-intervista-a-nicola-gratteri\/\",\"name\":\"Gi\u00f9 le mani dalla Costituzione. Intervista a Nicola Gratteri\",\"isPartOf\":{\"@id\":\"https:\/\/www.pressenza.com\/it\/#website\"},\"primaryImageOfPage\":{\"@id\":\"https:\/\/www.pressenza.com\/it\/2026\/02\/giu-le-mani-dalla-costituzione-intervista-a-nicola-gratteri\/#primaryimage\"},\"image\":{\"@id\":\"https:\/\/www.pressenza.com\/it\/2026\/02\/giu-le-mani-dalla-costituzione-intervista-a-nicola-gratteri\/#primaryimage\"},\"thumbnailUrl\":\"https:\/\/www.pressenza.com\/wp-content\/uploads\/2026\/02\/Nicola_Gratteri_Universita_degli_Studi_di_Urbino_Carlo_Bo.jpg\",\"datePublished\":\"2026-02-21T18:18:20+00:00\",\"description\":\"Riportiamo di seguito alcuni commenti riferiti all\u2019intervista a Nicola Gratteri, Procuratore di Napoli. La versione integrale si pu\u00f2 vedere al link\",\"breadcrumb\":{\"@id\":\"https:\/\/www.pressenza.com\/it\/2026\/02\/giu-le-mani-dalla-costituzione-intervista-a-nicola-gratteri\/#breadcrumb\"},\"inLanguage\":\"it-IT\",\"potentialAction\":[{\"@type\":\"ReadAction\",\"target\":[\"https:\/\/www.pressenza.com\/it\/2026\/02\/giu-le-mani-dalla-costituzione-intervista-a-nicola-gratteri\/\"]}]},{\"@type\":\"ImageObject\",\"inLanguage\":\"it-IT\",\"@id\":\"https:\/\/www.pressenza.com\/it\/2026\/02\/giu-le-mani-dalla-costituzione-intervista-a-nicola-gratteri\/#primaryimage\",\"url\":\"https:\/\/www.pressenza.com\/wp-content\/uploads\/2026\/02\/Nicola_Gratteri_Universita_degli_Studi_di_Urbino_Carlo_Bo.jpg\",\"contentUrl\":\"https:\/\/www.pressenza.com\/wp-content\/uploads\/2026\/02\/Nicola_Gratteri_Universita_degli_Studi_di_Urbino_Carlo_Bo.jpg\",\"width\":1686,\"height\":1030},{\"@type\":\"BreadcrumbList\",\"@id\":\"https:\/\/www.pressenza.com\/it\/2026\/02\/giu-le-mani-dalla-costituzione-intervista-a-nicola-gratteri\/#breadcrumb\",\"itemListElement\":[{\"@type\":\"ListItem\",\"position\":1,\"name\":\"Accueil\",\"item\":\"https:\/\/www.pressenza.com\/it\/\"},{\"@type\":\"ListItem\",\"position\":2,\"name\":\"Gi\u00f9 le mani dalla Costituzione. Intervista a Nicola Gratteri\"}]},{\"@type\":\"WebSite\",\"@id\":\"https:\/\/www.pressenza.com\/it\/#website\",\"url\":\"https:\/\/www.pressenza.com\/it\/\",\"name\":\"Pressenza\",\"description\":\"Agenzia di Stampa Internazionale\",\"publisher\":{\"@id\":\"https:\/\/www.pressenza.com\/it\/#organization\"},\"potentialAction\":[{\"@type\":\"SearchAction\",\"target\":{\"@type\":\"EntryPoint\",\"urlTemplate\":\"https:\/\/www.pressenza.com\/it\/?s={search_term_string}\"},\"query-input\":{\"@type\":\"PropertyValueSpecification\",\"valueRequired\":true,\"valueName\":\"search_term_string\"}}],\"inLanguage\":\"it-IT\"},{\"@type\":\"Organization\",\"@id\":\"https:\/\/www.pressenza.com\/it\/#organization\",\"name\":\"Pressenza\",\"url\":\"https:\/\/www.pressenza.com\/it\/\",\"logo\":{\"@type\":\"ImageObject\",\"inLanguage\":\"it-IT\",\"@id\":\"https:\/\/www.pressenza.com\/it\/#\/schema\/logo\/image\/\",\"url\":\"https:\/\/www.pressenza.com\/wp-content\/uploads\/2022\/10\/pressenza_logo_200x200.jpg\",\"contentUrl\":\"https:\/\/www.pressenza.com\/wp-content\/uploads\/2022\/10\/pressenza_logo_200x200.jpg\",\"width\":200,\"height\":200,\"caption\":\"Pressenza\"},\"image\":{\"@id\":\"https:\/\/www.pressenza.com\/it\/#\/schema\/logo\/image\/\"},\"sameAs\":[\"https:\/\/www.facebook.com\/PressenzaItalia\",\"https:\/\/x.com\/PressenzaIPA\"]},{\"@type\":\"Person\",\"@id\":\"https:\/\/www.pressenza.com\/it\/#\/schema\/person\/65f839df5847a390cd84df4e1e061bd6\",\"name\":\"Ray Man\",\"url\":\"https:\/\/www.pressenza.com\/it\/author\/rayman\/\"}]}<\/script>\n<!-- \/ Yoast SEO plugin. -->","yoast_head_json":{"title":"Gi\u00f9 le mani dalla Costituzione. Intervista a Nicola Gratteri","description":"Riportiamo di seguito alcuni commenti riferiti all\u2019intervista a Nicola Gratteri, Procuratore di Napoli. La versione integrale si pu\u00f2 vedere al link","robots":{"index":"index","follow":"follow","max-snippet":"max-snippet:-1","max-image-preview":"max-image-preview:large","max-video-preview":"max-video-preview:-1"},"canonical":"https:\/\/www.pressenza.com\/it\/2026\/02\/giu-le-mani-dalla-costituzione-intervista-a-nicola-gratteri\/","og_locale":"it_IT","og_type":"article","og_title":"Gi\u00f9 le mani dalla Costituzione. Intervista a Nicola Gratteri","og_description":"Riportiamo di seguito alcuni commenti riferiti all\u2019intervista a Nicola Gratteri, Procuratore di Napoli. La versione integrale si pu\u00f2 vedere al link","og_url":"https:\/\/www.pressenza.com\/it\/2026\/02\/giu-le-mani-dalla-costituzione-intervista-a-nicola-gratteri\/","og_site_name":"Pressenza","article_publisher":"https:\/\/www.facebook.com\/PressenzaItalia","article_published_time":"2026-02-21T18:18:20+00:00","og_image":[{"width":1686,"height":1030,"url":"https:\/\/www.pressenza.com\/wp-content\/uploads\/2026\/02\/Nicola_Gratteri_Universita_degli_Studi_di_Urbino_Carlo_Bo.jpg","type":"image\/jpeg"}],"author":"Ray Man","twitter_card":"summary_large_image","twitter_creator":"@PressenzaIPA","twitter_site":"@PressenzaIPA","twitter_misc":{"Scritto da":"Ray Man","Tempo di lettura stimato":"3 minuti"},"schema":{"@context":"https:\/\/schema.org","@graph":[{"@type":"Article","@id":"https:\/\/www.pressenza.com\/it\/2026\/02\/giu-le-mani-dalla-costituzione-intervista-a-nicola-gratteri\/#article","isPartOf":{"@id":"https:\/\/www.pressenza.com\/it\/2026\/02\/giu-le-mani-dalla-costituzione-intervista-a-nicola-gratteri\/"},"author":{"name":"Ray Man","@id":"https:\/\/www.pressenza.com\/it\/#\/schema\/person\/65f839df5847a390cd84df4e1e061bd6"},"headline":"Gi\u00f9 le mani dalla Costituzione. Intervista a Nicola Gratteri","datePublished":"2026-02-21T18:18:20+00:00","mainEntityOfPage":{"@id":"https:\/\/www.pressenza.com\/it\/2026\/02\/giu-le-mani-dalla-costituzione-intervista-a-nicola-gratteri\/"},"wordCount":459,"publisher":{"@id":"https:\/\/www.pressenza.com\/it\/#organization"},"image":{"@id":"https:\/\/www.pressenza.com\/it\/2026\/02\/giu-le-mani-dalla-costituzione-intervista-a-nicola-gratteri\/#primaryimage"},"thumbnailUrl":"https:\/\/www.pressenza.com\/wp-content\/uploads\/2026\/02\/Nicola_Gratteri_Universita_degli_Studi_di_Urbino_Carlo_Bo.jpg","keywords":["Costituzione","Nicola Gratteri","potere","referendum"],"articleSection":["contenuti originali","Europa","Interviste","Politica"],"inLanguage":"it-IT"},{"@type":"WebPage","@id":"https:\/\/www.pressenza.com\/it\/2026\/02\/giu-le-mani-dalla-costituzione-intervista-a-nicola-gratteri\/","url":"https:\/\/www.pressenza.com\/it\/2026\/02\/giu-le-mani-dalla-costituzione-intervista-a-nicola-gratteri\/","name":"Gi\u00f9 le mani dalla Costituzione. Intervista a Nicola Gratteri","isPartOf":{"@id":"https:\/\/www.pressenza.com\/it\/#website"},"primaryImageOfPage":{"@id":"https:\/\/www.pressenza.com\/it\/2026\/02\/giu-le-mani-dalla-costituzione-intervista-a-nicola-gratteri\/#primaryimage"},"image":{"@id":"https:\/\/www.pressenza.com\/it\/2026\/02\/giu-le-mani-dalla-costituzione-intervista-a-nicola-gratteri\/#primaryimage"},"thumbnailUrl":"https:\/\/www.pressenza.com\/wp-content\/uploads\/2026\/02\/Nicola_Gratteri_Universita_degli_Studi_di_Urbino_Carlo_Bo.jpg","datePublished":"2026-02-21T18:18:20+00:00","description":"Riportiamo di seguito alcuni commenti riferiti all\u2019intervista a Nicola Gratteri, Procuratore di Napoli. La versione integrale si pu\u00f2 vedere al link","breadcrumb":{"@id":"https:\/\/www.pressenza.com\/it\/2026\/02\/giu-le-mani-dalla-costituzione-intervista-a-nicola-gratteri\/#breadcrumb"},"inLanguage":"it-IT","potentialAction":[{"@type":"ReadAction","target":["https:\/\/www.pressenza.com\/it\/2026\/02\/giu-le-mani-dalla-costituzione-intervista-a-nicola-gratteri\/"]}]},{"@type":"ImageObject","inLanguage":"it-IT","@id":"https:\/\/www.pressenza.com\/it\/2026\/02\/giu-le-mani-dalla-costituzione-intervista-a-nicola-gratteri\/#primaryimage","url":"https:\/\/www.pressenza.com\/wp-content\/uploads\/2026\/02\/Nicola_Gratteri_Universita_degli_Studi_di_Urbino_Carlo_Bo.jpg","contentUrl":"https:\/\/www.pressenza.com\/wp-content\/uploads\/2026\/02\/Nicola_Gratteri_Universita_degli_Studi_di_Urbino_Carlo_Bo.jpg","width":1686,"height":1030},{"@type":"BreadcrumbList","@id":"https:\/\/www.pressenza.com\/it\/2026\/02\/giu-le-mani-dalla-costituzione-intervista-a-nicola-gratteri\/#breadcrumb","itemListElement":[{"@type":"ListItem","position":1,"name":"Accueil","item":"https:\/\/www.pressenza.com\/it\/"},{"@type":"ListItem","position":2,"name":"Gi\u00f9 le mani dalla Costituzione. Intervista a Nicola Gratteri"}]},{"@type":"WebSite","@id":"https:\/\/www.pressenza.com\/it\/#website","url":"https:\/\/www.pressenza.com\/it\/","name":"Pressenza","description":"Agenzia di Stampa Internazionale","publisher":{"@id":"https:\/\/www.pressenza.com\/it\/#organization"},"potentialAction":[{"@type":"SearchAction","target":{"@type":"EntryPoint","urlTemplate":"https:\/\/www.pressenza.com\/it\/?s={search_term_string}"},"query-input":{"@type":"PropertyValueSpecification","valueRequired":true,"valueName":"search_term_string"}}],"inLanguage":"it-IT"},{"@type":"Organization","@id":"https:\/\/www.pressenza.com\/it\/#organization","name":"Pressenza","url":"https:\/\/www.pressenza.com\/it\/","logo":{"@type":"ImageObject","inLanguage":"it-IT","@id":"https:\/\/www.pressenza.com\/it\/#\/schema\/logo\/image\/","url":"https:\/\/www.pressenza.com\/wp-content\/uploads\/2022\/10\/pressenza_logo_200x200.jpg","contentUrl":"https:\/\/www.pressenza.com\/wp-content\/uploads\/2022\/10\/pressenza_logo_200x200.jpg","width":200,"height":200,"caption":"Pressenza"},"image":{"@id":"https:\/\/www.pressenza.com\/it\/#\/schema\/logo\/image\/"},"sameAs":["https:\/\/www.facebook.com\/PressenzaItalia","https:\/\/x.com\/PressenzaIPA"]},{"@type":"Person","@id":"https:\/\/www.pressenza.com\/it\/#\/schema\/person\/65f839df5847a390cd84df4e1e061bd6","name":"Ray Man","url":"https:\/\/www.pressenza.com\/it\/author\/rayman\/"}]}},"place":"","original_article_url":"","_links":{"self":[{"href":"https:\/\/www.pressenza.com\/it\/wp-json\/wp\/v2\/posts\/2678302","targetHints":{"allow":["GET"]}}],"collection":[{"href":"https:\/\/www.pressenza.com\/it\/wp-json\/wp\/v2\/posts"}],"about":[{"href":"https:\/\/www.pressenza.com\/it\/wp-json\/wp\/v2\/types\/post"}],"author":[{"embeddable":true,"href":"https:\/\/www.pressenza.com\/it\/wp-json\/wp\/v2\/users\/2407"}],"replies":[{"embeddable":true,"href":"https:\/\/www.pressenza.com\/it\/wp-json\/wp\/v2\/comments?post=2678302"}],"version-history":[{"count":1,"href":"https:\/\/www.pressenza.com\/it\/wp-json\/wp\/v2\/posts\/2678302\/revisions"}],"predecessor-version":[{"id":2678304,"href":"https:\/\/www.pressenza.com\/it\/wp-json\/wp\/v2\/posts\/2678302\/revisions\/2678304"}],"wp:featuredmedia":[{"embeddable":true,"href":"https:\/\/www.pressenza.com\/it\/wp-json\/wp\/v2\/media\/2678303"}],"wp:attachment":[{"href":"https:\/\/www.pressenza.com\/it\/wp-json\/wp\/v2\/media?parent=2678302"}],"wp:term":[{"taxonomy":"category","embeddable":true,"href":"https:\/\/www.pressenza.com\/it\/wp-json\/wp\/v2\/categories?post=2678302"},{"taxonomy":"post_tag","embeddable":true,"href":"https:\/\/www.pressenza.com\/it\/wp-json\/wp\/v2\/tags?post=2678302"}],"curies":[{"name":"wp","href":"https:\/\/api.w.org\/{rel}","templated":true}]}}