{"id":2678195,"date":"2026-02-21T09:46:39","date_gmt":"2026-02-21T09:46:39","guid":{"rendered":"https:\/\/www.pressenza.com\/?p=2678195"},"modified":"2026-02-21T09:48:57","modified_gmt":"2026-02-21T09:48:57","slug":"i-medici-premio-nobel-per-la-pace-contro-il-nucleare","status":"publish","type":"post","link":"https:\/\/www.pressenza.com\/it\/2026\/02\/i-medici-premio-nobel-per-la-pace-contro-il-nucleare\/","title":{"rendered":"I medici Premio Nobel per la Pace contro il nucleare"},"content":{"rendered":"<p><strong>La federazione <\/strong><\/p>\n<p><span style=\"font-weight: 400;\">L\u2019IPPNW \u2013 <em>International Physicians for the Prevention of Nuclear War<\/em> \u2013 \u00e8 la principale organizzazione medica internazionale impegnata per l\u2019eliminazione globale delle armi nucleari. Fondata\u00a0 nel 1980 durante la Guerra Fredda da medici statunitensi e sovietici, ha ricevuto il Premio Nobel per la Pace nel 1985 per il suo impegno nel sensibilizzare l\u2019opinione pubblica sui rischi catastrofici della guerra nucleare. Sin dagli albori dell\u2019era atomica, dopo i bombardamenti su Hiroshima e Nagasaki, la comunit\u00e0 medica ha compreso che le conseguenze di un conflitto nucleare non possono essere affrontate con strumenti sanitari ordinari: possono essere solo prevenute attraverso l\u2019abolizione di queste armi di distruzione di massa.<\/span><\/p>\n<p><span style=\"font-weight: 400;\">In quanto operatori sanitari, i medici dell\u2019IPPNW concentrano il proprio lavoro sugli impatti umanitari delle armi nucleari e sostengono la loro eliminazione attraverso il Trattato sulla proibizione delle armi nucleari (TPNW). Con l\u2019evolversi delle minacce globali e delle tensioni geopolitiche, l\u2019impegno dell\u2019organizzazione si \u00e8 ampliato per affrontare tutti i rischi connessi al cosiddetto \u201cnesso nucleare\u201d, che intreccia armamenti, energia, proliferazione e crisi ambientale.<\/span><\/p>\n<p><span style=\"font-weight: 400;\">L\u2019IPPNW \u00e8 una federazione apartitica di organizzazioni mediche nazionali attiva in 56 Paesi, che rappresenta decine di migliaia di medici, studenti di medicina, operatori sanitari e cittadini impegnati nella costruzione di un mondo pi\u00f9 pacifico e sicuro, libero dalla minaccia dell\u2019annientamento nucleare e della violenza armata.<\/span><\/p>\n<p><span style=\"font-weight: 400;\">L\u2019IPPNW ha svolto un ruolo decisivo nel sensibilizzare l\u2019opinione pubblica sugli effetti devastanti delle armi nucleari, convincendo leader politici e governi che la corsa agli armamenti metteva a rischio la sopravvivenza dell\u2019umanit\u00e0. L\u2019organizzazione ha trasformato una questione considerata esclusivamente militare in una priorit\u00e0 sanitaria globale.\u00a0<\/span><span style=\"font-weight: 400;\"><br \/>\n<\/span><span style=\"font-weight: 400;\">Oggi l\u2019IPPNW mobilita medici, studenti e cittadini nel solco della sua missione fondatrice, guidata da alcuni valori chiave: la prevenzione come unica \u201ccura\u201d possibile rispetto agli effetti sanitari di una guerra nucleare; educazione e <em>advocacy<\/em> basate su evidenze scientifiche.<\/span><\/p>\n<p><strong>Le armi<\/strong><\/p>\n<p><span style=\"font-weight: 400;\">Le armi nucleari oggi esistenti sono incomparabilmente pi\u00f9 potenti di quelle sganciate nel 1945. Nove Stati possiedono oltre 12.000 testate nucleari, circa il 90% delle quali concentrate negli arsenali di Stati Uniti e Russia. Molte di queste sono schierate su missili balistici intercontinentali, sottomarini e bombardieri strategici, con sistemi di allerta che consentono il lancio in pochi minuti. Una guerra nucleare combattuta con una parte di questi arsenali potrebbe causare in un solo giorno un numero di vittime superiore a quello dell\u2019intera seconda guerra mondiale.<\/span><span style=\"font-weight: 400;\"><br \/>\n<\/span><\/p>\n<p><span style=\"font-weight: 400;\">Le armi nucleari rappresentano la minaccia esistenziale pi\u00f9 grave per l\u2019umanit\u00e0 e per l\u2019ambiente. Diversamente dalle armi convenzionali, esse distruggono istantaneamente intere citt\u00e0, annientano infrastrutture vitali e producono contaminazione radioattiva persistente, responsabile di tumori, malattie genetiche e danni che possono estendersi per generazioni. Anche l\u2019uso di una minima percentuale degli arsenali globali potrebbe innescare una catastrofe umanitaria e climatica con conseguenze planetarie.<\/span><\/p>\n<p><span style=\"font-weight: 400;\">Gli effetti devastanti delle armi nucleari non si limitano al loro eventuale impiego in guerra. L\u2019intera filiera nucleare \u2013 dall\u2019estrazione e lavorazione dell\u2019uranio fino allo smantellamento delle testate \u2013 comporta gravi rischi sanitari e ambientali. Le comunit\u00e0 che vivono vicino alle miniere e agli impianti di trattamento subiscono contaminazioni, aumento di patologie oncologiche e danni ecosistemici irreversibili.<\/span><\/p>\n<p><strong>Hiroshima e Nagasaki restano il monito storico pi\u00f9 drammatico<\/strong><\/p>\n<p><span style=\"font-weight: 400;\">Il 6 agosto 1945 una bomba di circa 12,5 kilotoni esplose su Hiroshima, generando temperature al suolo di migliaia di gradi Celsius e distruggendo o danneggiando la quasi totalit\u00e0 degli edifici cittadini. Oltre 100.000 persone morirono nei primi mesi, e decine di migliaia rimasero ferite. Il sistema sanitario fu annientato: la maggior parte dei medici e degli infermieri mor\u00ec o rimase ferita, rendendo impossibile un soccorso adeguato.<\/span><span style=\"font-weight: 400;\"><br \/>\n<\/span><\/p>\n<p><span style=\"font-weight: 400;\">Tre giorni dopo, il 9 agosto 1945, una bomba di circa 21 kilotoni devast\u00f2 Nagasaki, causando decine di migliaia di morti immediati e un numero analogo di feriti, oltre a effetti sanitari che si protrassero per anni attraverso leucemie, tumori solidi e malformazioni congenite.<\/span><span style=\"font-weight: 400;\"><br \/>\n<\/span><\/p>\n<p><span style=\"font-weight: 400;\">L\u2019esperienza di queste due citt\u00e0 dimostr\u00f2 che le armi nucleari non solo uccidono in massa, ma distruggono le infrastrutture sociali necessarie alla sopravvivenza: ospedali, vie di comunicazione, reti idriche, sistemi elettrici e strutture di emergenza vengono annientati. Il Comitato Internazionale della Croce Rossa e altre grandi organizzazioni umanitarie hanno dichiarato che non esiste alcuna possibilit\u00e0 di risposta medica o di soccorso efficace a un\u2019esplosione nucleare su larga scala. In altre parole, non esiste cura per una guerra nucleare.<\/span><\/p>\n<p><span style=\"font-weight: 400;\">Dal punto di vista fisico, le armi nucleari liberano un\u2019energia paragonabile a quella che alimenta le stelle: calore inceneritore, onde d\u2019urto devastanti, radiazioni ionizzanti e <em>fallout<\/em> radioattivo. Gli effetti non si esauriscono nell\u2019immediato, ma si protraggono nel tempo, contaminando suolo, acqua e catene alimentari, con conseguenze sanitarie che possono durare decenni o secoli.<\/span><\/p>\n<p><strong>Il ruolo degli studenti di medicina<\/strong><\/p>\n<p><span style=\"font-weight: 400;\">L\u2019impegno dei medici dell\u2019IPPNW nasce da una consapevolezza etica e professionale: la prevenzione \u00e8 il primo dovere della medicina. <\/span><span style=\"font-weight: 400;\">I medici internazionali per la prevenzione della guerra nucleare ci ricordano che la salute del pianeta \u00e8 responsabilit\u00e0 comune.<\/span><\/p>\n<p><span style=\"font-weight: 400;\">In un contesto internazionale segnato dal riarmo, dall\u2019erosione dei trattati sul controllo degli armamenti e dal riemergere della minaccia nucleare nel linguaggio politico e militare, torna centrale la voce della comunit\u00e0 scientifica e sanitaria. Di fronte a conflitti prolungati e a un crescente clima di instabilit\u00e0 globale, i professionisti della salute ricordano un principio essenziale: una guerra nucleare non avrebbe vincitori, ma solo vittime.<\/span><\/p>\n<p><span style=\"font-weight: 400;\">La nuova generazione di professionisti sanitari \u00e8 gi\u00e0 protagonista. Gli studenti di medicina affiliati all\u2019IPPNW svolgono un ruolo attivo nella tutela della salute del pianeta, collaborando con le organizzazioni nazionali e internazionali per promuovere pace, disarmo e diritti umani.<\/span><span style=\"font-weight: 400;\"><br \/>\n<\/span><span style=\"font-weight: 400;\">Lavorare per prevenire la guerra nucleare significa, per gli studenti IPPNW, educare colleghi e cittadini sui rischi delle armi atomiche e sulle conseguenze sanitarie di un conflitto nucleare. Mostre, conferenze, iniziative pubbliche e azioni di sensibilizzazione rappresentano strumenti fondamentali di questo impegno.<\/span><\/p>\n<p><span style=\"font-weight: 400;\">Sul piano della rete e della comunicazione, gli studenti organizzano riunioni regionali annuali per valutare progetti, condividere esperienze e pianificare nuove iniziative. Ogni 2-3 anni, i capitoli studenteschi di tutto il mondo si incontrano ai congressi mondiali IPPNW, occasioni di confronto tra giovani e medici socialmente responsabili.<\/span><span style=\"font-weight: 400;\"><br \/>\n<\/span><\/p>\n<p><span style=\"font-weight: 400;\">Tra i programmi formativi pi\u00f9 rilevanti vi \u00e8 il <em>Medical Peace Work<\/em> (MPW), che approfondisce il legame tra guerra, violazioni dei diritti umani e salute. Attraverso corsi online e materiali didattici elaborati in collaborazione tra diversi affiliati IPPNW, il progetto introduce professionisti e studenti ai concetti chiave della prevenzione della violenza e della costruzione della pace.<\/span><span style=\"font-weight: 400;\"><br \/>\n<\/span><\/p>\n<p><span style=\"font-weight: 400;\">Il programma <em>Practice &amp; Engage<\/em> (P&amp;E), promosso da IPPNW Germania, offre invece uno scambio internazionale che combina esperienza clinica e formazione globale, coinvolgendo ogni anno studenti provenienti da numerosi Paesi.<\/span><span style=\"font-weight: 400;\"><br \/>\n<\/span><\/p>\n<p><span style=\"font-weight: 400;\">In un\u2019epoca in cui il rischio nucleare torna ad affacciarsi nel dibattito pubblico, l\u2019appello dell\u2019IPPNW \u00e8 chiaro: la prevenzione \u00e8 una responsabilit\u00e0 collettiva. E la salute, intesa come bene universale, non pu\u00f2 essere separata dalla pace.<\/span><\/p>\n<p>&nbsp;<\/p>\n<p>&nbsp;<\/p>\n<p>&nbsp;<\/p>\n<p><span style=\"font-weight: 400;\">\u00a0<\/span><\/p>\n","protected":false},"excerpt":{"rendered":"<p>La federazione L\u2019IPPNW \u2013 International Physicians for the Prevention of Nuclear War \u2013 \u00e8 la principale organizzazione medica internazionale impegnata per l\u2019eliminazione globale delle armi nucleari. Fondata\u00a0 nel 1980 durante la Guerra Fredda da medici statunitensi e sovietici, ha ricevuto&hellip;<\/p>\n","protected":false},"author":535,"featured_media":1204813,"comment_status":"closed","ping_status":"closed","sticky":false,"template":"","format":"standard","meta":{"footnotes":""},"categories":[1263],"tags":[152053,86277],"class_list":["post-2678195","post","type-post","status-publish","format-standard","has-post-thumbnail","hentry","category-pace-disarmo","tag-ippnw-international-physicians-for-the-prevention-of-nuclear-war","tag-trattato-sulla-proibizione-delle-armi-nucleari-tpnw"],"yoast_head":"<!-- This site is optimized with the Yoast SEO plugin v27.1.1 - https:\/\/yoast.com\/product\/yoast-seo-wordpress\/ -->\n<title>I medici Premio Nobel per la Pace contro il nucleare<\/title>\n<meta name=\"description\" content=\"La federazione L\u2019IPPNW \u2013 International Physicians for the Prevention of Nuclear War \u2013 \u00e8 la principale organizzazione medica internazionale impegnata per\" \/>\n<meta name=\"robots\" content=\"index, follow, max-snippet:-1, max-image-preview:large, max-video-preview:-1\" \/>\n<link rel=\"canonical\" href=\"https:\/\/www.pressenza.com\/it\/2026\/02\/i-medici-premio-nobel-per-la-pace-contro-il-nucleare\/\" \/>\n<meta property=\"og:locale\" content=\"it_IT\" \/>\n<meta property=\"og:type\" content=\"article\" \/>\n<meta property=\"og:title\" content=\"I medici Premio Nobel per la Pace contro il nucleare\" \/>\n<meta property=\"og:description\" content=\"La federazione L\u2019IPPNW \u2013 International Physicians for the Prevention of Nuclear War \u2013 \u00e8 la principale organizzazione medica internazionale impegnata per\" \/>\n<meta property=\"og:url\" content=\"https:\/\/www.pressenza.com\/it\/2026\/02\/i-medici-premio-nobel-per-la-pace-contro-il-nucleare\/\" \/>\n<meta property=\"og:site_name\" content=\"Pressenza\" \/>\n<meta property=\"article:publisher\" content=\"https:\/\/www.facebook.com\/PressenzaItalia\" \/>\n<meta property=\"article:published_time\" content=\"2026-02-21T09:46:39+00:00\" \/>\n<meta property=\"article:modified_time\" content=\"2026-02-21T09:48:57+00:00\" \/>\n<meta property=\"og:image\" content=\"https:\/\/www.pressenza.com\/wp-content\/uploads\/2020\/09\/armas-nucleares1.jpg\" \/>\n\t<meta property=\"og:image:width\" content=\"748\" \/>\n\t<meta property=\"og:image:height\" content=\"498\" \/>\n\t<meta property=\"og:image:type\" content=\"image\/jpeg\" \/>\n<meta name=\"author\" content=\"Laura Tussi\" \/>\n<meta name=\"twitter:card\" content=\"summary_large_image\" \/>\n<meta name=\"twitter:creator\" content=\"@PressenzaIPA\" \/>\n<meta name=\"twitter:site\" content=\"@PressenzaIPA\" \/>\n<meta name=\"twitter:label1\" content=\"Scritto da\" \/>\n\t<meta name=\"twitter:data1\" content=\"Laura Tussi\" \/>\n\t<meta name=\"twitter:label2\" content=\"Tempo di lettura stimato\" \/>\n\t<meta name=\"twitter:data2\" content=\"7 minuti\" \/>\n<script type=\"application\/ld+json\" class=\"yoast-schema-graph\">{\"@context\":\"https:\/\/schema.org\",\"@graph\":[{\"@type\":\"Article\",\"@id\":\"https:\/\/www.pressenza.com\/it\/2026\/02\/i-medici-premio-nobel-per-la-pace-contro-il-nucleare\/#article\",\"isPartOf\":{\"@id\":\"https:\/\/www.pressenza.com\/it\/2026\/02\/i-medici-premio-nobel-per-la-pace-contro-il-nucleare\/\"},\"author\":{\"name\":\"Laura Tussi\",\"@id\":\"https:\/\/www.pressenza.com\/it\/#\/schema\/person\/4c966fac98e44f3bbd881d8e837f60da\"},\"headline\":\"I medici Premio Nobel per la Pace contro il nucleare\",\"datePublished\":\"2026-02-21T09:46:39+00:00\",\"dateModified\":\"2026-02-21T09:48:57+00:00\",\"mainEntityOfPage\":{\"@id\":\"https:\/\/www.pressenza.com\/it\/2026\/02\/i-medici-premio-nobel-per-la-pace-contro-il-nucleare\/\"},\"wordCount\":1139,\"publisher\":{\"@id\":\"https:\/\/www.pressenza.com\/it\/#organization\"},\"image\":{\"@id\":\"https:\/\/www.pressenza.com\/it\/2026\/02\/i-medici-premio-nobel-per-la-pace-contro-il-nucleare\/#primaryimage\"},\"thumbnailUrl\":\"https:\/\/www.pressenza.com\/wp-content\/uploads\/2020\/09\/armas-nucleares1.jpg\",\"keywords\":[\"IPPNW \u2013 International Physicians for the Prevention of Nuclear War\",\"Trattato sulla proibizione delle armi nucleari (TPNW)\"],\"articleSection\":[\"Pace e Disarmo\"],\"inLanguage\":\"it-IT\"},{\"@type\":\"WebPage\",\"@id\":\"https:\/\/www.pressenza.com\/it\/2026\/02\/i-medici-premio-nobel-per-la-pace-contro-il-nucleare\/\",\"url\":\"https:\/\/www.pressenza.com\/it\/2026\/02\/i-medici-premio-nobel-per-la-pace-contro-il-nucleare\/\",\"name\":\"I medici Premio Nobel per la Pace contro il nucleare\",\"isPartOf\":{\"@id\":\"https:\/\/www.pressenza.com\/it\/#website\"},\"primaryImageOfPage\":{\"@id\":\"https:\/\/www.pressenza.com\/it\/2026\/02\/i-medici-premio-nobel-per-la-pace-contro-il-nucleare\/#primaryimage\"},\"image\":{\"@id\":\"https:\/\/www.pressenza.com\/it\/2026\/02\/i-medici-premio-nobel-per-la-pace-contro-il-nucleare\/#primaryimage\"},\"thumbnailUrl\":\"https:\/\/www.pressenza.com\/wp-content\/uploads\/2020\/09\/armas-nucleares1.jpg\",\"datePublished\":\"2026-02-21T09:46:39+00:00\",\"dateModified\":\"2026-02-21T09:48:57+00:00\",\"description\":\"La federazione L\u2019IPPNW \u2013 International Physicians for the Prevention of Nuclear War \u2013 \u00e8 la principale organizzazione medica internazionale impegnata per\",\"breadcrumb\":{\"@id\":\"https:\/\/www.pressenza.com\/it\/2026\/02\/i-medici-premio-nobel-per-la-pace-contro-il-nucleare\/#breadcrumb\"},\"inLanguage\":\"it-IT\",\"potentialAction\":[{\"@type\":\"ReadAction\",\"target\":[\"https:\/\/www.pressenza.com\/it\/2026\/02\/i-medici-premio-nobel-per-la-pace-contro-il-nucleare\/\"]}]},{\"@type\":\"ImageObject\",\"inLanguage\":\"it-IT\",\"@id\":\"https:\/\/www.pressenza.com\/it\/2026\/02\/i-medici-premio-nobel-per-la-pace-contro-il-nucleare\/#primaryimage\",\"url\":\"https:\/\/www.pressenza.com\/wp-content\/uploads\/2020\/09\/armas-nucleares1.jpg\",\"contentUrl\":\"https:\/\/www.pressenza.com\/wp-content\/uploads\/2020\/09\/armas-nucleares1.jpg\",\"width\":748,\"height\":498,\"caption\":\"Nuclear Weapons\"},{\"@type\":\"BreadcrumbList\",\"@id\":\"https:\/\/www.pressenza.com\/it\/2026\/02\/i-medici-premio-nobel-per-la-pace-contro-il-nucleare\/#breadcrumb\",\"itemListElement\":[{\"@type\":\"ListItem\",\"position\":1,\"name\":\"Accueil\",\"item\":\"https:\/\/www.pressenza.com\/it\/\"},{\"@type\":\"ListItem\",\"position\":2,\"name\":\"I medici Premio Nobel per la Pace contro il nucleare\"}]},{\"@type\":\"WebSite\",\"@id\":\"https:\/\/www.pressenza.com\/it\/#website\",\"url\":\"https:\/\/www.pressenza.com\/it\/\",\"name\":\"Pressenza\",\"description\":\"Agenzia di Stampa Internazionale\",\"publisher\":{\"@id\":\"https:\/\/www.pressenza.com\/it\/#organization\"},\"potentialAction\":[{\"@type\":\"SearchAction\",\"target\":{\"@type\":\"EntryPoint\",\"urlTemplate\":\"https:\/\/www.pressenza.com\/it\/?s={search_term_string}\"},\"query-input\":{\"@type\":\"PropertyValueSpecification\",\"valueRequired\":true,\"valueName\":\"search_term_string\"}}],\"inLanguage\":\"it-IT\"},{\"@type\":\"Organization\",\"@id\":\"https:\/\/www.pressenza.com\/it\/#organization\",\"name\":\"Pressenza\",\"url\":\"https:\/\/www.pressenza.com\/it\/\",\"logo\":{\"@type\":\"ImageObject\",\"inLanguage\":\"it-IT\",\"@id\":\"https:\/\/www.pressenza.com\/it\/#\/schema\/logo\/image\/\",\"url\":\"https:\/\/www.pressenza.com\/wp-content\/uploads\/2022\/10\/pressenza_logo_200x200.jpg\",\"contentUrl\":\"https:\/\/www.pressenza.com\/wp-content\/uploads\/2022\/10\/pressenza_logo_200x200.jpg\",\"width\":200,\"height\":200,\"caption\":\"Pressenza\"},\"image\":{\"@id\":\"https:\/\/www.pressenza.com\/it\/#\/schema\/logo\/image\/\"},\"sameAs\":[\"https:\/\/www.facebook.com\/PressenzaItalia\",\"https:\/\/x.com\/PressenzaIPA\"]},{\"@type\":\"Person\",\"@id\":\"https:\/\/www.pressenza.com\/it\/#\/schema\/person\/4c966fac98e44f3bbd881d8e837f60da\",\"name\":\"Laura Tussi\",\"description\":\"Docente, giornalista e ricercatrice, si occupa di pedagogia nonviolenta e interculturale. Ha conseguito cinque lauree specialistiche in formazione degli adulti e consulenza pedagogica nell'ambito delle scienze della formazione e dell'educazione.\",\"url\":\"https:\/\/www.pressenza.com\/it\/author\/laura-tussi\/\"}]}<\/script>\n<!-- \/ Yoast SEO plugin. -->","yoast_head_json":{"title":"I medici Premio Nobel per la Pace contro il nucleare","description":"La federazione L\u2019IPPNW \u2013 International Physicians for the Prevention of Nuclear War \u2013 \u00e8 la principale organizzazione medica internazionale impegnata per","robots":{"index":"index","follow":"follow","max-snippet":"max-snippet:-1","max-image-preview":"max-image-preview:large","max-video-preview":"max-video-preview:-1"},"canonical":"https:\/\/www.pressenza.com\/it\/2026\/02\/i-medici-premio-nobel-per-la-pace-contro-il-nucleare\/","og_locale":"it_IT","og_type":"article","og_title":"I medici Premio Nobel per la Pace contro il nucleare","og_description":"La federazione L\u2019IPPNW \u2013 International Physicians for the Prevention of Nuclear War \u2013 \u00e8 la principale organizzazione medica internazionale impegnata per","og_url":"https:\/\/www.pressenza.com\/it\/2026\/02\/i-medici-premio-nobel-per-la-pace-contro-il-nucleare\/","og_site_name":"Pressenza","article_publisher":"https:\/\/www.facebook.com\/PressenzaItalia","article_published_time":"2026-02-21T09:46:39+00:00","article_modified_time":"2026-02-21T09:48:57+00:00","og_image":[{"width":748,"height":498,"url":"https:\/\/www.pressenza.com\/wp-content\/uploads\/2020\/09\/armas-nucleares1.jpg","type":"image\/jpeg"}],"author":"Laura Tussi","twitter_card":"summary_large_image","twitter_creator":"@PressenzaIPA","twitter_site":"@PressenzaIPA","twitter_misc":{"Scritto da":"Laura Tussi","Tempo di lettura stimato":"7 minuti"},"schema":{"@context":"https:\/\/schema.org","@graph":[{"@type":"Article","@id":"https:\/\/www.pressenza.com\/it\/2026\/02\/i-medici-premio-nobel-per-la-pace-contro-il-nucleare\/#article","isPartOf":{"@id":"https:\/\/www.pressenza.com\/it\/2026\/02\/i-medici-premio-nobel-per-la-pace-contro-il-nucleare\/"},"author":{"name":"Laura Tussi","@id":"https:\/\/www.pressenza.com\/it\/#\/schema\/person\/4c966fac98e44f3bbd881d8e837f60da"},"headline":"I medici Premio Nobel per la Pace contro il nucleare","datePublished":"2026-02-21T09:46:39+00:00","dateModified":"2026-02-21T09:48:57+00:00","mainEntityOfPage":{"@id":"https:\/\/www.pressenza.com\/it\/2026\/02\/i-medici-premio-nobel-per-la-pace-contro-il-nucleare\/"},"wordCount":1139,"publisher":{"@id":"https:\/\/www.pressenza.com\/it\/#organization"},"image":{"@id":"https:\/\/www.pressenza.com\/it\/2026\/02\/i-medici-premio-nobel-per-la-pace-contro-il-nucleare\/#primaryimage"},"thumbnailUrl":"https:\/\/www.pressenza.com\/wp-content\/uploads\/2020\/09\/armas-nucleares1.jpg","keywords":["IPPNW \u2013 International Physicians for the Prevention of Nuclear War","Trattato sulla proibizione delle armi nucleari (TPNW)"],"articleSection":["Pace e Disarmo"],"inLanguage":"it-IT"},{"@type":"WebPage","@id":"https:\/\/www.pressenza.com\/it\/2026\/02\/i-medici-premio-nobel-per-la-pace-contro-il-nucleare\/","url":"https:\/\/www.pressenza.com\/it\/2026\/02\/i-medici-premio-nobel-per-la-pace-contro-il-nucleare\/","name":"I medici Premio Nobel per la Pace contro il nucleare","isPartOf":{"@id":"https:\/\/www.pressenza.com\/it\/#website"},"primaryImageOfPage":{"@id":"https:\/\/www.pressenza.com\/it\/2026\/02\/i-medici-premio-nobel-per-la-pace-contro-il-nucleare\/#primaryimage"},"image":{"@id":"https:\/\/www.pressenza.com\/it\/2026\/02\/i-medici-premio-nobel-per-la-pace-contro-il-nucleare\/#primaryimage"},"thumbnailUrl":"https:\/\/www.pressenza.com\/wp-content\/uploads\/2020\/09\/armas-nucleares1.jpg","datePublished":"2026-02-21T09:46:39+00:00","dateModified":"2026-02-21T09:48:57+00:00","description":"La federazione L\u2019IPPNW \u2013 International Physicians for the Prevention of Nuclear War \u2013 \u00e8 la principale organizzazione medica internazionale impegnata per","breadcrumb":{"@id":"https:\/\/www.pressenza.com\/it\/2026\/02\/i-medici-premio-nobel-per-la-pace-contro-il-nucleare\/#breadcrumb"},"inLanguage":"it-IT","potentialAction":[{"@type":"ReadAction","target":["https:\/\/www.pressenza.com\/it\/2026\/02\/i-medici-premio-nobel-per-la-pace-contro-il-nucleare\/"]}]},{"@type":"ImageObject","inLanguage":"it-IT","@id":"https:\/\/www.pressenza.com\/it\/2026\/02\/i-medici-premio-nobel-per-la-pace-contro-il-nucleare\/#primaryimage","url":"https:\/\/www.pressenza.com\/wp-content\/uploads\/2020\/09\/armas-nucleares1.jpg","contentUrl":"https:\/\/www.pressenza.com\/wp-content\/uploads\/2020\/09\/armas-nucleares1.jpg","width":748,"height":498,"caption":"Nuclear Weapons"},{"@type":"BreadcrumbList","@id":"https:\/\/www.pressenza.com\/it\/2026\/02\/i-medici-premio-nobel-per-la-pace-contro-il-nucleare\/#breadcrumb","itemListElement":[{"@type":"ListItem","position":1,"name":"Accueil","item":"https:\/\/www.pressenza.com\/it\/"},{"@type":"ListItem","position":2,"name":"I medici Premio Nobel per la Pace contro il nucleare"}]},{"@type":"WebSite","@id":"https:\/\/www.pressenza.com\/it\/#website","url":"https:\/\/www.pressenza.com\/it\/","name":"Pressenza","description":"Agenzia di Stampa Internazionale","publisher":{"@id":"https:\/\/www.pressenza.com\/it\/#organization"},"potentialAction":[{"@type":"SearchAction","target":{"@type":"EntryPoint","urlTemplate":"https:\/\/www.pressenza.com\/it\/?s={search_term_string}"},"query-input":{"@type":"PropertyValueSpecification","valueRequired":true,"valueName":"search_term_string"}}],"inLanguage":"it-IT"},{"@type":"Organization","@id":"https:\/\/www.pressenza.com\/it\/#organization","name":"Pressenza","url":"https:\/\/www.pressenza.com\/it\/","logo":{"@type":"ImageObject","inLanguage":"it-IT","@id":"https:\/\/www.pressenza.com\/it\/#\/schema\/logo\/image\/","url":"https:\/\/www.pressenza.com\/wp-content\/uploads\/2022\/10\/pressenza_logo_200x200.jpg","contentUrl":"https:\/\/www.pressenza.com\/wp-content\/uploads\/2022\/10\/pressenza_logo_200x200.jpg","width":200,"height":200,"caption":"Pressenza"},"image":{"@id":"https:\/\/www.pressenza.com\/it\/#\/schema\/logo\/image\/"},"sameAs":["https:\/\/www.facebook.com\/PressenzaItalia","https:\/\/x.com\/PressenzaIPA"]},{"@type":"Person","@id":"https:\/\/www.pressenza.com\/it\/#\/schema\/person\/4c966fac98e44f3bbd881d8e837f60da","name":"Laura Tussi","description":"Docente, giornalista e ricercatrice, si occupa di pedagogia nonviolenta e interculturale. Ha conseguito cinque lauree specialistiche in formazione degli adulti e consulenza pedagogica nell'ambito delle scienze della formazione e dell'educazione.","url":"https:\/\/www.pressenza.com\/it\/author\/laura-tussi\/"}]}},"place":"","original_article_url":"","_links":{"self":[{"href":"https:\/\/www.pressenza.com\/it\/wp-json\/wp\/v2\/posts\/2678195","targetHints":{"allow":["GET"]}}],"collection":[{"href":"https:\/\/www.pressenza.com\/it\/wp-json\/wp\/v2\/posts"}],"about":[{"href":"https:\/\/www.pressenza.com\/it\/wp-json\/wp\/v2\/types\/post"}],"author":[{"embeddable":true,"href":"https:\/\/www.pressenza.com\/it\/wp-json\/wp\/v2\/users\/535"}],"replies":[{"embeddable":true,"href":"https:\/\/www.pressenza.com\/it\/wp-json\/wp\/v2\/comments?post=2678195"}],"version-history":[{"count":1,"href":"https:\/\/www.pressenza.com\/it\/wp-json\/wp\/v2\/posts\/2678195\/revisions"}],"predecessor-version":[{"id":2678196,"href":"https:\/\/www.pressenza.com\/it\/wp-json\/wp\/v2\/posts\/2678195\/revisions\/2678196"}],"wp:featuredmedia":[{"embeddable":true,"href":"https:\/\/www.pressenza.com\/it\/wp-json\/wp\/v2\/media\/1204813"}],"wp:attachment":[{"href":"https:\/\/www.pressenza.com\/it\/wp-json\/wp\/v2\/media?parent=2678195"}],"wp:term":[{"taxonomy":"category","embeddable":true,"href":"https:\/\/www.pressenza.com\/it\/wp-json\/wp\/v2\/categories?post=2678195"},{"taxonomy":"post_tag","embeddable":true,"href":"https:\/\/www.pressenza.com\/it\/wp-json\/wp\/v2\/tags?post=2678195"}],"curies":[{"name":"wp","href":"https:\/\/api.w.org\/{rel}","templated":true}]}}