{"id":2676975,"date":"2026-02-16T16:11:08","date_gmt":"2026-02-16T16:11:08","guid":{"rendered":"https:\/\/www.pressenza.com\/?p=2676975"},"modified":"2026-02-16T16:17:42","modified_gmt":"2026-02-16T16:17:42","slug":"il-paralogismo-di-erri-de-luca","status":"publish","type":"post","link":"https:\/\/www.pressenza.com\/it\/2026\/02\/il-paralogismo-di-erri-de-luca\/","title":{"rendered":"Il paralogismo di Erri De Luca"},"content":{"rendered":"<p>\u00abLa parola\u201d sionismo\u201d indica il diritto di Israele a esistere come Stato. Chi sostiene la necessit\u00e0 di due Stati, Israele e Palestina, \u00e8 naturalmente sionista, poich\u00e9 considera Israele uno dei due Stati. Chi, invece, sostiene la cancellazione di Israele non \u00e8 per la soluzione a due Stati e coincide con Hamas\u00bb (Erri De Luca).<\/p>\n<p><strong>Quello di Erri de Luca \u00e8 formalmente un sillogismo[1]. Ma si tratta di un sillogismo fondato su premesse fallaci. Dunque il ragionamento di De Luca \u00e8 un paralogismo<\/strong>. Forse un sofisma, ma non posso sapere se De Luca \u00e8 in errore per una fallacia involontaria del ragionamento o se \u00e8 in malafede. Propendo per la prima ipotesi: De Luca ha fatto qualche errore logico che naturalmente presuppone qualche errore storico. E adesso cerchiamo di correggerlo.<\/p>\n<p class=\"has-luminous-vivid-orange-color has-text-color has-link-color wp-elements-b6449d52edc6205f05b14da60aeb017b\"><strong>Cosa vuol dire sionismo<\/strong><\/p>\n<p><strong>Negli anni Trenta del secolo scorso i colonialisti inglesi dominavano il territorio di Palestina<\/strong>: molti ebrei immigravano in quel territorio, e convivevano pi\u00f9 o meno pacificamente con gli abitanti palestinesi. Da un certo momento in poi (si veda\u00a0<em>Palestine 1936\u00a0<\/em>di Annemarie. Jacir che racconta benissimo questa vicenda), gli inglesi cominciarono a cedere parti del territorio di loro dominio all\u2019entit\u00e0 politica sionista che si andava costituendo. Questa entit\u00e0 politica ha carattere colonialista perch\u00e9 eredita il privilegio di una potenza colonialista.<\/p>\n<p><strong>Nel maggio 1948 l\u2019entit\u00e0 politica sionista viene riconosciuta dall\u2019Onu come Stato<\/strong>. Nasce lo Stato di Israele: gli ebrei che avevano fino a quel momento convissuto (sempre meno pacificamente) con i palestinesi divennero uno stato insediato su un territorio abitato dai palestinesi. I sionisti aspiravano dichiaratamente a uno stato che inglobasse tutto il territorio palestinese, sottomettendolo e liberandolo dai suoi abitanti. \u201cUna terra senza un popolo per un popolo senza terra\u201d era la loro premessa falsa, e implicitamente genocidaria. Quella terra non era senza popolo. Hannah Arendt, Albert Einstein lo capirono e lo scrissero in una lettera firmata insieme a una trentina di altri intellettuali ebrei.<\/p>\n<p>Il colonialismo aveva posto le basi per un conflitto sanguinoso interminabile, oppure terminabile solo con un genocidio compiuto. Dopo il 7 ottobre 2023 questo genocidio \u00e8 stato avviato e procede nell\u2019impotenza o nell\u2019indifferenza del mondo. Erri De Luca lo sa.<\/p>\n<p><strong>Dopo la Conferenza di Madrid del 1991 la comunit\u00e0 internazionale avanz\u00f2 una proposta che anim\u00f2 il movimento anti-colonialista dei palestinesi (non tutti, ma la maggioranza): la costituzione di due stati: due popoli due stati.\u00a0<\/strong>Erri De Luca dice: chi crede nella prospettiva dei due stati \u00e8 sionista perch\u00e9 riconosce l\u2019esistenza dello Stato di Israele. Si potrebbe discutere di questa affermazione, ma io la prendo per buona, per\u00f2 mi chiedo: era questa la sola prospettiva che permettesse agli ebrei di vivere in quel territorio?\u00a0<strong>Era la soluzione \u201cdue popoli due stati\u201d la sola possibilit\u00e0, dopo che gli europei avevano scaraventato gli ebrei fuori dal loro territorio? No. Non lo era. Ce n\u2019era un\u2019altra: la creazione di un\u2019entit\u00e0 politica (chiamatela Stato se questa parola vi piace, a me non piace tanto) nella quale palestinesi islamici, palestinesi cristiani ed ebrei di varia provenienza potessero convivere, creare strutture di governo comune, e rispettare le regole stabilite in una costituzione laica.<\/strong><\/p>\n<p>Ma a questo punto comprendiamo cosa \u00e8 il Sionismo. Il sionismo non rivendica il diritto degli ebrei ad abitare in quel territorio, ma rivendica il diritto degli ebrei a imporre un loro Stato a una popolazione che non ha alcun diritto politico, e che viene costretta a rinunciare alla sua casa e infine allo stesso diritto di vivere. L\u2019esistenza di Israele \u00e8 conseguenza di un atto colonialista e implicitamente genocida. Per questo io affermo che Israele non ha diritto di esistere. Quando (nel 2018) nella costituzione israeliana viene inserita la formula \u201cStato degli Ebrei\u201d, il carattere esclusivo, integralista e razzista di Israele viene formalmente sancito.<\/p>\n<p class=\"has-luminous-vivid-orange-color has-text-color has-link-color wp-elements-f2213691d83d9f643a547804d79023d2\"><strong>Perch\u00e9 \u00e8 nata Hamas?<\/strong><\/p>\n<p>Pu\u00f2 darsi che il genere umano sia destinato a scomparire prima che giustizia sia fatta, anzi direi che \u00e8 quasi certo. Ma non ci sar\u00e0 giustizia fino a quando esister\u00e0 lo stato intrinsecamente genocidario di Israele.<\/p>\n<p>Dopo avere detto questo voglio assicurare il bravo Erri De Luca che sono lontanissimo da Hamas. Hamas \u00e8 una creazione dello Stato genocida di Israele, e pi\u00f9 precisamente una creazione della strategia di cui Netanyahu \u00e8 l\u2019espressione.\u00a0<strong>Hamas \u00e8 nata dall\u2019umiliazione che lo Stato genocida di Israele ha inflitto ai palestinesi a partire dal 1948<\/strong>, \u00e8 nata dalla trasformazione in senso integralista e terrorista della maggioranza del popolo palestinese, dalla distruzione e sottomissione dell\u2019Organizzazione di Liberazione della Palestina. L\u2019atto culminante del progetto di Netanyahu \u00e8 la strage del 7 Ottobre, che il governo di Israele ha previsto e reso possibile: le prove in questo senso sono molte, ma un\u2019indagine su quello che \u00e8 accaduto veramente in quel giorno \u00e8 attivamente impedita dal governo criminale di Netanyahu, Smotrich e Ben Gvir.<\/p>\n<p><strong>Io non sto con Hamas, sto dalla parte del pensiero laico e non razzista, sto dalla parte degli internazionalisti, di coloro che non credono che uno Stato debba corrispondere a un popolo, a un\u2019etnia, a una razza, a una fede religiosa<\/strong>. Se Erri De Luca ha dimenticato cosa vuol dire stato laico, o cosa vuol dire internazionalismo deve tornare a scuola. Se Erri De Luca pensa che la realt\u00e0 \u00e8 incompatibile con l\u2019internazionalismo forse ha ragione: cento anni di sopraffazioni, violenze, umiliazioni, terrore, sterminio hanno forse reso impossibile la convivenza tra palestinesi ed ebrei, e pi\u00f9 in generale la convivenza tra gli umani. Ma allora gli consiglio di non costruire sillogismi falsi, ma di riconoscerlo: il nazionalismo, che i Sionisti hanno ereditato da Adolf Hitler, \u00e8 la principale causa di terminazione del genere umano, che si delinea come inevitabile e sempre pi\u00f9 vicina, molto prima della fine del secolo ventuno.<\/p>\n<hr class=\"wp-block-separator has-alpha-channel-opacity\" \/>\n<p><strong>Nota<\/strong><\/p>\n<p>[1] <strong><em>Sillogismo<\/em><\/strong>: ragionamento costituito da una premessa maggiore affermativa o negativa, da una premessa minore, da una conclusione che ne deriva necessariamente. Esempio: <em>&#8220;Tutti gli uomini sono mortali. Io sono un uomo. Dunque io sono mortale&#8221;<\/em>.<br \/>\n<em><strong>Paralogismo<\/strong><\/em>: ragionamento logicamente conseguente ma fondato su fallacie fattuali dovute a ignoranza o a malafede. Esempio: <em>&#8220;Tutti gli uomini sono immortali. Io sono un uomo. Dunque io sono immortale&#8221;.<\/em><br \/>\n<strong><em>Sofisma:<\/em> <\/strong>ragionamento in cui la fallacia dell\u2019argomentazione \u00e8 intenzionale. Riprendendo Socrate, il sofisma \u00e8 opposto al ragionamento filosofico.<\/p>\n<p><em><strong><a class=\"autori\" href=\"https:\/\/comune-info.net\/autori\/franco-beradi-bifo\/\">Franco Berardi Bifo<\/a><\/strong><\/em><\/p>\n<p><em><img loading=\"lazy\" decoding=\"async\" class=\"alignleft\" src=\"https:\/\/upload.wikimedia.org\/wikipedia\/commons\/6\/64\/In_the_European_Night_Will_the_Union_Survive%3F_Franco_Berardi_%283x4_cropped%29.jpg\" alt=\"Franco Berardi - Wikipedia\" width=\"156\" height=\"208\" \/> Intellettuale, scrittore, filosofo, docente ed attivista italiano. All&#8217;et\u00e0 di quattordici anni si iscrive alla FGCI, ma ne viene espulso tre anni pi\u00f9 tardi per &#8220;frazionismo&#8221;. Partecipa al movimento del &#8217;68 nella facolt\u00e0 di lettere dell&#8217;Universit\u00e0 di Bologna, ove nel &#8217;67 conosce Toni Negri. Si laurea in Estetica con Luciano Anceschi e aderisce a Potere Operaio, gruppo della sinistra extraparlamentare di cui diviene figura di spicco a livello nazionale. Nel 1970 pubblica il suo primo libro, Contro il lavoro (edito da Feltrinelli). Nel 1975 fonda la rivista A\/traverso, un foglio che era espressione dell&#8217;ala &#8220;creativa&#8221; del movimento bolognese del 1977; nei suoi scritti mette al centro della propria analisi il rapporto tra movimenti sociali e tecnologie comunicative. Nel 1976 partecipa alla fondazione dell&#8217;emittente libera Radio Alice. Si rifugia a Parigi dove frequenta i filosofi F\u00e9lix Guattari e Michel Foucault e pubblica il libro Le Ciel est enfin tomb\u00e9 sur la terre (\u00c9ditions du Seuil). Collabora poi con varie riviste culturali fra cui Virus mutations, Cyberzone, Millepiani e varie case editrici fra cui la Castelvecchi. Collabora, inoltre, alla stesura di testi per MediaMente, la trasmissione televisiva prodotta da RAI Educational e condotta da Carlo Massarini dedicata al mondo di Internet e delle nuove tecnologie di comunicazione. Dal 1992 al 2004 collabora alla rivista DeriveApprodi insieme a Sergio Bianchi e altri. Dal 2000 al 2009 cura con Matteo Pasquinelli l&#8217;ambiente di rete Rekombinant. Nel 2002 fonda Orfeo Tv, la prima televisione di strada in Italia. Nel 2005 un suo pamphlet, che si scaglia contro le politiche sociali del nuovo sindaco di Bologna, Sergio Cofferati, viene ripreso con enfasi dalle testate giornalistiche nazionali. Ha lavorato come insegnante presso l&#8217;istituto tecnico industriale Aldini Valeriani di Bologna. Pubblica regolarmente sul quotidiano Liberazione, sulla rivista alfabeta2 e sul sito Through Europe. Collabora alla rivista canadese Adbusters. Nel 2016 pubblica il romanzo Morte ai vecchi con Massimiliano Geraci (Baldini&amp;Castoldi editore).<\/em><\/p>\n<p>&nbsp;<\/p>\n","protected":false},"excerpt":{"rendered":"<p>\u00abLa parola\u201d sionismo\u201d indica il diritto di Israele a esistere come Stato. Chi sostiene la necessit\u00e0 di due Stati, Israele e Palestina, \u00e8 naturalmente sionista, poich\u00e9 considera Israele uno dei due Stati. Chi, invece, sostiene la cancellazione di Israele non&hellip;<\/p>\n","protected":false},"author":1436,"featured_media":2676981,"comment_status":"closed","ping_status":"closed","sticky":false,"template":"","format":"standard","meta":{"footnotes":""},"categories":[56,47,52,162,57],"tags":[117304,15403,23951,151751],"class_list":["post-2676975","post","type-post","status-publish","format-standard","has-post-thumbnail","hentry","category-cultura","category-europa","category-medio-oriente","category-opinioni","category-affari-esteri","tag-comune-info","tag-erri-de-luca","tag-franco-berardi-bifo","tag-paralogismo"],"yoast_head":"<!-- This site is optimized with the Yoast SEO plugin v27.1.1 - https:\/\/yoast.com\/product\/yoast-seo-wordpress\/ -->\n<title>Il paralogismo di Erri De Luca<\/title>\n<meta name=\"description\" content=\"\u00abLa parola\u201d sionismo\u201d indica il diritto di Israele a esistere come Stato. Chi sostiene la necessit\u00e0 di due Stati, Israele e Palestina, \u00e8 naturalmente\" \/>\n<meta name=\"robots\" content=\"index, follow, max-snippet:-1, max-image-preview:large, max-video-preview:-1\" \/>\n<link rel=\"canonical\" href=\"https:\/\/www.pressenza.com\/it\/2026\/02\/il-paralogismo-di-erri-de-luca\/\" \/>\n<meta property=\"og:locale\" content=\"it_IT\" \/>\n<meta property=\"og:type\" content=\"article\" \/>\n<meta property=\"og:title\" content=\"Il paralogismo di Erri De Luca\" \/>\n<meta property=\"og:description\" content=\"\u00abLa parola\u201d sionismo\u201d indica il diritto di Israele a esistere come Stato. Chi sostiene la necessit\u00e0 di due Stati, Israele e Palestina, \u00e8 naturalmente\" \/>\n<meta property=\"og:url\" content=\"https:\/\/www.pressenza.com\/it\/2026\/02\/il-paralogismo-di-erri-de-luca\/\" \/>\n<meta property=\"og:site_name\" content=\"Pressenza\" \/>\n<meta property=\"article:publisher\" content=\"https:\/\/www.facebook.com\/PressenzaItalia\" \/>\n<meta property=\"article:published_time\" content=\"2026-02-16T16:11:08+00:00\" \/>\n<meta property=\"article:modified_time\" content=\"2026-02-16T16:17:42+00:00\" \/>\n<meta property=\"og:image\" content=\"https:\/\/www.pressenza.com\/wp-content\/uploads\/2026\/02\/BresciaFotoPaolaDioni.jpg\" \/>\n\t<meta property=\"og:image:width\" content=\"1536\" \/>\n\t<meta property=\"og:image:height\" content=\"1336\" \/>\n\t<meta property=\"og:image:type\" content=\"image\/jpeg\" \/>\n<meta name=\"author\" content=\"Comune-info\" \/>\n<meta name=\"twitter:card\" content=\"summary_large_image\" \/>\n<meta name=\"twitter:creator\" content=\"@PressenzaIPA\" \/>\n<meta name=\"twitter:site\" content=\"@PressenzaIPA\" \/>\n<meta name=\"twitter:label1\" content=\"Scritto da\" \/>\n\t<meta name=\"twitter:data1\" content=\"Comune-info\" \/>\n\t<meta name=\"twitter:label2\" content=\"Tempo di lettura stimato\" \/>\n\t<meta name=\"twitter:data2\" content=\"8 minuti\" \/>\n<script type=\"application\/ld+json\" class=\"yoast-schema-graph\">{\"@context\":\"https:\/\/schema.org\",\"@graph\":[{\"@type\":\"Article\",\"@id\":\"https:\/\/www.pressenza.com\/it\/2026\/02\/il-paralogismo-di-erri-de-luca\/#article\",\"isPartOf\":{\"@id\":\"https:\/\/www.pressenza.com\/it\/2026\/02\/il-paralogismo-di-erri-de-luca\/\"},\"author\":{\"name\":\"Comune-info\",\"@id\":\"https:\/\/www.pressenza.com\/it\/#\/schema\/person\/1ee2824dbc73024ca26b2ff0897954a1\"},\"headline\":\"Il paralogismo di Erri De Luca\",\"datePublished\":\"2026-02-16T16:11:08+00:00\",\"dateModified\":\"2026-02-16T16:17:42+00:00\",\"mainEntityOfPage\":{\"@id\":\"https:\/\/www.pressenza.com\/it\/2026\/02\/il-paralogismo-di-erri-de-luca\/\"},\"wordCount\":1328,\"publisher\":{\"@id\":\"https:\/\/www.pressenza.com\/it\/#organization\"},\"image\":{\"@id\":\"https:\/\/www.pressenza.com\/it\/2026\/02\/il-paralogismo-di-erri-de-luca\/#primaryimage\"},\"thumbnailUrl\":\"https:\/\/www.pressenza.com\/wp-content\/uploads\/2026\/02\/BresciaFotoPaolaDioni.jpg\",\"keywords\":[\"comune-info\",\"Erri De Luca\",\"Franco Berardi Bifo\",\"paralogismo\"],\"articleSection\":[\"Cultura e Media\",\"Europa\",\"Medio Oriente\",\"Opinioni\",\"Questioni internazionali\"],\"inLanguage\":\"it-IT\"},{\"@type\":\"WebPage\",\"@id\":\"https:\/\/www.pressenza.com\/it\/2026\/02\/il-paralogismo-di-erri-de-luca\/\",\"url\":\"https:\/\/www.pressenza.com\/it\/2026\/02\/il-paralogismo-di-erri-de-luca\/\",\"name\":\"Il paralogismo di Erri De Luca\",\"isPartOf\":{\"@id\":\"https:\/\/www.pressenza.com\/it\/#website\"},\"primaryImageOfPage\":{\"@id\":\"https:\/\/www.pressenza.com\/it\/2026\/02\/il-paralogismo-di-erri-de-luca\/#primaryimage\"},\"image\":{\"@id\":\"https:\/\/www.pressenza.com\/it\/2026\/02\/il-paralogismo-di-erri-de-luca\/#primaryimage\"},\"thumbnailUrl\":\"https:\/\/www.pressenza.com\/wp-content\/uploads\/2026\/02\/BresciaFotoPaolaDioni.jpg\",\"datePublished\":\"2026-02-16T16:11:08+00:00\",\"dateModified\":\"2026-02-16T16:17:42+00:00\",\"description\":\"\u00abLa parola\u201d sionismo\u201d indica il diritto di Israele a esistere come Stato. Chi sostiene la necessit\u00e0 di due Stati, Israele e Palestina, \u00e8 naturalmente\",\"breadcrumb\":{\"@id\":\"https:\/\/www.pressenza.com\/it\/2026\/02\/il-paralogismo-di-erri-de-luca\/#breadcrumb\"},\"inLanguage\":\"it-IT\",\"potentialAction\":[{\"@type\":\"ReadAction\",\"target\":[\"https:\/\/www.pressenza.com\/it\/2026\/02\/il-paralogismo-di-erri-de-luca\/\"]}]},{\"@type\":\"ImageObject\",\"inLanguage\":\"it-IT\",\"@id\":\"https:\/\/www.pressenza.com\/it\/2026\/02\/il-paralogismo-di-erri-de-luca\/#primaryimage\",\"url\":\"https:\/\/www.pressenza.com\/wp-content\/uploads\/2026\/02\/BresciaFotoPaolaDioni.jpg\",\"contentUrl\":\"https:\/\/www.pressenza.com\/wp-content\/uploads\/2026\/02\/BresciaFotoPaolaDioni.jpg\",\"width\":1536,\"height\":1336},{\"@type\":\"BreadcrumbList\",\"@id\":\"https:\/\/www.pressenza.com\/it\/2026\/02\/il-paralogismo-di-erri-de-luca\/#breadcrumb\",\"itemListElement\":[{\"@type\":\"ListItem\",\"position\":1,\"name\":\"Accueil\",\"item\":\"https:\/\/www.pressenza.com\/it\/\"},{\"@type\":\"ListItem\",\"position\":2,\"name\":\"Il paralogismo di Erri De Luca\"}]},{\"@type\":\"WebSite\",\"@id\":\"https:\/\/www.pressenza.com\/it\/#website\",\"url\":\"https:\/\/www.pressenza.com\/it\/\",\"name\":\"Pressenza\",\"description\":\"Agenzia di Stampa Internazionale\",\"publisher\":{\"@id\":\"https:\/\/www.pressenza.com\/it\/#organization\"},\"potentialAction\":[{\"@type\":\"SearchAction\",\"target\":{\"@type\":\"EntryPoint\",\"urlTemplate\":\"https:\/\/www.pressenza.com\/it\/?s={search_term_string}\"},\"query-input\":{\"@type\":\"PropertyValueSpecification\",\"valueRequired\":true,\"valueName\":\"search_term_string\"}}],\"inLanguage\":\"it-IT\"},{\"@type\":\"Organization\",\"@id\":\"https:\/\/www.pressenza.com\/it\/#organization\",\"name\":\"Pressenza\",\"url\":\"https:\/\/www.pressenza.com\/it\/\",\"logo\":{\"@type\":\"ImageObject\",\"inLanguage\":\"it-IT\",\"@id\":\"https:\/\/www.pressenza.com\/it\/#\/schema\/logo\/image\/\",\"url\":\"https:\/\/www.pressenza.com\/wp-content\/uploads\/2022\/10\/pressenza_logo_200x200.jpg\",\"contentUrl\":\"https:\/\/www.pressenza.com\/wp-content\/uploads\/2022\/10\/pressenza_logo_200x200.jpg\",\"width\":200,\"height\":200,\"caption\":\"Pressenza\"},\"image\":{\"@id\":\"https:\/\/www.pressenza.com\/it\/#\/schema\/logo\/image\/\"},\"sameAs\":[\"https:\/\/www.facebook.com\/PressenzaItalia\",\"https:\/\/x.com\/PressenzaIPA\"]},{\"@type\":\"Person\",\"@id\":\"https:\/\/www.pressenza.com\/it\/#\/schema\/person\/1ee2824dbc73024ca26b2ff0897954a1\",\"name\":\"Comune-info\",\"description\":\"Informazione indipendente su beni comuni, decrescita, altra economia\",\"sameAs\":[\"http:\/\/comune-info.net\/\"],\"url\":\"https:\/\/www.pressenza.com\/it\/author\/comune-info\/\"}]}<\/script>\n<!-- \/ Yoast SEO plugin. -->","yoast_head_json":{"title":"Il paralogismo di Erri De Luca","description":"\u00abLa parola\u201d sionismo\u201d indica il diritto di Israele a esistere come Stato. Chi sostiene la necessit\u00e0 di due Stati, Israele e Palestina, \u00e8 naturalmente","robots":{"index":"index","follow":"follow","max-snippet":"max-snippet:-1","max-image-preview":"max-image-preview:large","max-video-preview":"max-video-preview:-1"},"canonical":"https:\/\/www.pressenza.com\/it\/2026\/02\/il-paralogismo-di-erri-de-luca\/","og_locale":"it_IT","og_type":"article","og_title":"Il paralogismo di Erri De Luca","og_description":"\u00abLa parola\u201d sionismo\u201d indica il diritto di Israele a esistere come Stato. Chi sostiene la necessit\u00e0 di due Stati, Israele e Palestina, \u00e8 naturalmente","og_url":"https:\/\/www.pressenza.com\/it\/2026\/02\/il-paralogismo-di-erri-de-luca\/","og_site_name":"Pressenza","article_publisher":"https:\/\/www.facebook.com\/PressenzaItalia","article_published_time":"2026-02-16T16:11:08+00:00","article_modified_time":"2026-02-16T16:17:42+00:00","og_image":[{"width":1536,"height":1336,"url":"https:\/\/www.pressenza.com\/wp-content\/uploads\/2026\/02\/BresciaFotoPaolaDioni.jpg","type":"image\/jpeg"}],"author":"Comune-info","twitter_card":"summary_large_image","twitter_creator":"@PressenzaIPA","twitter_site":"@PressenzaIPA","twitter_misc":{"Scritto da":"Comune-info","Tempo di lettura stimato":"8 minuti"},"schema":{"@context":"https:\/\/schema.org","@graph":[{"@type":"Article","@id":"https:\/\/www.pressenza.com\/it\/2026\/02\/il-paralogismo-di-erri-de-luca\/#article","isPartOf":{"@id":"https:\/\/www.pressenza.com\/it\/2026\/02\/il-paralogismo-di-erri-de-luca\/"},"author":{"name":"Comune-info","@id":"https:\/\/www.pressenza.com\/it\/#\/schema\/person\/1ee2824dbc73024ca26b2ff0897954a1"},"headline":"Il paralogismo di Erri De Luca","datePublished":"2026-02-16T16:11:08+00:00","dateModified":"2026-02-16T16:17:42+00:00","mainEntityOfPage":{"@id":"https:\/\/www.pressenza.com\/it\/2026\/02\/il-paralogismo-di-erri-de-luca\/"},"wordCount":1328,"publisher":{"@id":"https:\/\/www.pressenza.com\/it\/#organization"},"image":{"@id":"https:\/\/www.pressenza.com\/it\/2026\/02\/il-paralogismo-di-erri-de-luca\/#primaryimage"},"thumbnailUrl":"https:\/\/www.pressenza.com\/wp-content\/uploads\/2026\/02\/BresciaFotoPaolaDioni.jpg","keywords":["comune-info","Erri De Luca","Franco Berardi Bifo","paralogismo"],"articleSection":["Cultura e Media","Europa","Medio Oriente","Opinioni","Questioni internazionali"],"inLanguage":"it-IT"},{"@type":"WebPage","@id":"https:\/\/www.pressenza.com\/it\/2026\/02\/il-paralogismo-di-erri-de-luca\/","url":"https:\/\/www.pressenza.com\/it\/2026\/02\/il-paralogismo-di-erri-de-luca\/","name":"Il paralogismo di Erri De Luca","isPartOf":{"@id":"https:\/\/www.pressenza.com\/it\/#website"},"primaryImageOfPage":{"@id":"https:\/\/www.pressenza.com\/it\/2026\/02\/il-paralogismo-di-erri-de-luca\/#primaryimage"},"image":{"@id":"https:\/\/www.pressenza.com\/it\/2026\/02\/il-paralogismo-di-erri-de-luca\/#primaryimage"},"thumbnailUrl":"https:\/\/www.pressenza.com\/wp-content\/uploads\/2026\/02\/BresciaFotoPaolaDioni.jpg","datePublished":"2026-02-16T16:11:08+00:00","dateModified":"2026-02-16T16:17:42+00:00","description":"\u00abLa parola\u201d sionismo\u201d indica il diritto di Israele a esistere come Stato. Chi sostiene la necessit\u00e0 di due Stati, Israele e Palestina, \u00e8 naturalmente","breadcrumb":{"@id":"https:\/\/www.pressenza.com\/it\/2026\/02\/il-paralogismo-di-erri-de-luca\/#breadcrumb"},"inLanguage":"it-IT","potentialAction":[{"@type":"ReadAction","target":["https:\/\/www.pressenza.com\/it\/2026\/02\/il-paralogismo-di-erri-de-luca\/"]}]},{"@type":"ImageObject","inLanguage":"it-IT","@id":"https:\/\/www.pressenza.com\/it\/2026\/02\/il-paralogismo-di-erri-de-luca\/#primaryimage","url":"https:\/\/www.pressenza.com\/wp-content\/uploads\/2026\/02\/BresciaFotoPaolaDioni.jpg","contentUrl":"https:\/\/www.pressenza.com\/wp-content\/uploads\/2026\/02\/BresciaFotoPaolaDioni.jpg","width":1536,"height":1336},{"@type":"BreadcrumbList","@id":"https:\/\/www.pressenza.com\/it\/2026\/02\/il-paralogismo-di-erri-de-luca\/#breadcrumb","itemListElement":[{"@type":"ListItem","position":1,"name":"Accueil","item":"https:\/\/www.pressenza.com\/it\/"},{"@type":"ListItem","position":2,"name":"Il paralogismo di Erri De Luca"}]},{"@type":"WebSite","@id":"https:\/\/www.pressenza.com\/it\/#website","url":"https:\/\/www.pressenza.com\/it\/","name":"Pressenza","description":"Agenzia di Stampa Internazionale","publisher":{"@id":"https:\/\/www.pressenza.com\/it\/#organization"},"potentialAction":[{"@type":"SearchAction","target":{"@type":"EntryPoint","urlTemplate":"https:\/\/www.pressenza.com\/it\/?s={search_term_string}"},"query-input":{"@type":"PropertyValueSpecification","valueRequired":true,"valueName":"search_term_string"}}],"inLanguage":"it-IT"},{"@type":"Organization","@id":"https:\/\/www.pressenza.com\/it\/#organization","name":"Pressenza","url":"https:\/\/www.pressenza.com\/it\/","logo":{"@type":"ImageObject","inLanguage":"it-IT","@id":"https:\/\/www.pressenza.com\/it\/#\/schema\/logo\/image\/","url":"https:\/\/www.pressenza.com\/wp-content\/uploads\/2022\/10\/pressenza_logo_200x200.jpg","contentUrl":"https:\/\/www.pressenza.com\/wp-content\/uploads\/2022\/10\/pressenza_logo_200x200.jpg","width":200,"height":200,"caption":"Pressenza"},"image":{"@id":"https:\/\/www.pressenza.com\/it\/#\/schema\/logo\/image\/"},"sameAs":["https:\/\/www.facebook.com\/PressenzaItalia","https:\/\/x.com\/PressenzaIPA"]},{"@type":"Person","@id":"https:\/\/www.pressenza.com\/it\/#\/schema\/person\/1ee2824dbc73024ca26b2ff0897954a1","name":"Comune-info","description":"Informazione indipendente su beni comuni, decrescita, altra economia","sameAs":["http:\/\/comune-info.net\/"],"url":"https:\/\/www.pressenza.com\/it\/author\/comune-info\/"}]}},"place":"","original_article_url":"https:\/\/comune-info.net\/il-paralogismo-di-erri-de-luca\/","_links":{"self":[{"href":"https:\/\/www.pressenza.com\/it\/wp-json\/wp\/v2\/posts\/2676975","targetHints":{"allow":["GET"]}}],"collection":[{"href":"https:\/\/www.pressenza.com\/it\/wp-json\/wp\/v2\/posts"}],"about":[{"href":"https:\/\/www.pressenza.com\/it\/wp-json\/wp\/v2\/types\/post"}],"author":[{"embeddable":true,"href":"https:\/\/www.pressenza.com\/it\/wp-json\/wp\/v2\/users\/1436"}],"replies":[{"embeddable":true,"href":"https:\/\/www.pressenza.com\/it\/wp-json\/wp\/v2\/comments?post=2676975"}],"version-history":[{"count":4,"href":"https:\/\/www.pressenza.com\/it\/wp-json\/wp\/v2\/posts\/2676975\/revisions"}],"predecessor-version":[{"id":2676994,"href":"https:\/\/www.pressenza.com\/it\/wp-json\/wp\/v2\/posts\/2676975\/revisions\/2676994"}],"wp:featuredmedia":[{"embeddable":true,"href":"https:\/\/www.pressenza.com\/it\/wp-json\/wp\/v2\/media\/2676981"}],"wp:attachment":[{"href":"https:\/\/www.pressenza.com\/it\/wp-json\/wp\/v2\/media?parent=2676975"}],"wp:term":[{"taxonomy":"category","embeddable":true,"href":"https:\/\/www.pressenza.com\/it\/wp-json\/wp\/v2\/categories?post=2676975"},{"taxonomy":"post_tag","embeddable":true,"href":"https:\/\/www.pressenza.com\/it\/wp-json\/wp\/v2\/tags?post=2676975"}],"curies":[{"name":"wp","href":"https:\/\/api.w.org\/{rel}","templated":true}]}}