{"id":2675504,"date":"2026-02-11T13:58:21","date_gmt":"2026-02-11T13:58:21","guid":{"rendered":"https:\/\/www.pressenza.com\/?p=2675504"},"modified":"2026-02-11T14:27:15","modified_gmt":"2026-02-11T14:27:15","slug":"la-rete-del-dissenso","status":"publish","type":"post","link":"https:\/\/www.pressenza.com\/it\/2026\/02\/la-rete-del-dissenso\/","title":{"rendered":"La rete del dissenso"},"content":{"rendered":"<div class=\"h-100 d-flex flex-column container-fluid message-container no-dark-filter pe-3 detail\" tabindex=\"0\">\n<div class=\"row message-content\">\n<div class=\"col-12 h-100 d-flex flex-column overflow-y\">\n<div class=\"card\">\n<div class=\"card-body message-content-body pt-0 d-flex flex-column gap-4 margin-left\">\n<div class=\"message-content-body-text\">\n<div class=\"email-viewer-container\">\n<div class=\"viewport\">\n<div class=\"content\">\n<div class=\"xam_msg_class\">\n<div dir=\"auto\">\n<div dir=\"auto\">\n<div dir=\"auto\"><\/div>\n<div dir=\"auto\">Sabato ci siamo visti a Roma su invito di Ginevra Bompiani in un convegno per creare la rete del dissenso. Emerge dai monologhi di Moni Ovadia, Ugo Mattei e tanti altri una visione frammentata. Non sar\u00e0 facile la convergenza per tanti gruppi, ognuno con la sua specifica identit\u00e0. Come mai?<\/div>\n<div dir=\"auto\"><\/div>\n<div dir=\"auto\">Il 70% dei cittadini non conta un cazzo nelle scelte della politica. Il 50%dei cittadini ha capito che il proprio voto non conta un cazzo, perch\u00e9 sono 30 anni che ci fottono. E non va a votare. Quindi oggi si vincono le elezioni con il 25% del consenso reale di tutti i cittadini maggiorenni, anche il 24% con questa legge elettorale. E infatti il 25% dei cittadini apprezza il lavoro del governo Meloni su tasse, salari e pensioni. Questa \u00e8 ingegneria del consenso. La borghesia domina, gli altri soffrono, ma non importa, perch\u00e9 la destra vince con il consenso dei suoi protetti, i borghesi. Non dimenticate, basta il 24% dei cittadini per vincere.<\/div>\n<div dir=\"auto\"><\/div>\n<div dir=\"auto\">Esiste anche l&#8217;ingegneria del dissenso. Lo ha svelato un saggista tedesco. Dopo il crollo del muro di Berlino e la dissoluzione dell&#8217;Unione Sovietica la CIA ha usato il vecchio motto dell&#8217;antica Roma, divide et impera.<\/div>\n<div dir=\"auto\"><\/div>\n<div dir=\"auto\">Le lotte di mille sigle diverse non sono un caso. La balcanizzazione sociale e politica \u00e8 il risultato di decenni di lavoro dei servizi segreti per incentivare e promuovere l&#8217;auto ghettizzazione di mille lotte giustissime ma divise in mille gruppi, mentre prima del 1991 ne esisteva una sola: il Partito Comunista, che riusciva a raccogliere tutte le istanze sociali sotto un&#8217;unica bandiera.<\/div>\n<div dir=\"auto\"><\/div>\n<div dir=\"auto\">Oggi abbiamo per ogni battaglia una bandiera, nessuno \u00e8 pi\u00f9 riuscito a far convergere tutte le istanze sotto una sola bandiera. E la sinistra in Parlamento ha perso gran parte della sua credibilit\u00e0.<\/div>\n<div dir=\"auto\"><\/div>\n<div dir=\"auto\">Quindi partiamo dalla consapevolezza che siamo inconciliabili, partiamo dalla consapevolezza che da soli non contiamo nulla.<\/div>\n<div dir=\"auto\"><\/div>\n<div dir=\"auto\">Partiamo da qui per iniziare un percorso in cui ogni realt\u00e0 abbraccia tutte le altre realt\u00e0, con la propria peculiare identit\u00e0, rinunciando al fanatismo per guardare insieme verso un orizzonte comune di sogno, di utopia, di speranza e di nonviolenza, con la concretezza pragmatica che solo un&#8217; autentica e forte volont\u00e0 di mescolarsi accettando le diversit\u00e0 potrebbe creare una vera rete capace di pescare nell&#8217;impossibile, nell&#8217;inaudito, nel territorio non esplorato, dove si pu\u00f2 costruire l&#8217;orizzonte Comune.<\/div>\n<\/div>\n<\/div>\n<\/div>\n<\/div>\n<\/div>\n<\/div>\n<\/div>\n<\/div>\n<\/div>\n<\/div>\n<\/div>\n<\/div>\n","protected":false},"excerpt":{"rendered":"<p>Sabato ci siamo visti a Roma su invito di Ginevra Bompiani in un convegno per creare la rete del dissenso. Emerge dai monologhi di Moni Ovadia, Ugo Mattei e tanti altri una visione frammentata. Non sar\u00e0 facile la convergenza per&hellip;<\/p>\n","protected":false},"author":2407,"featured_media":2675509,"comment_status":"closed","ping_status":"closed","sticky":false,"template":"","format":"standard","meta":{"footnotes":""},"categories":[162,55],"tags":[7272,134563,32010],"class_list":["post-2675504","post","type-post","status-publish","format-standard","has-post-thumbnail","hentry","category-opinioni","category-politica","tag-dissenso","tag-ginevra-bompiani","tag-lotte"],"yoast_head":"<!-- This site is optimized with the Yoast SEO plugin v27.1.1 - https:\/\/yoast.com\/product\/yoast-seo-wordpress\/ -->\n<title>La rete del dissenso<\/title>\n<meta name=\"description\" content=\"Sabato ci siamo visti a Roma su invito di Ginevra Bompiani in un convegno per creare la rete del dissenso. Emerge dai monologhi di Moni Ovadia, Ugo Mattei\" \/>\n<meta name=\"robots\" content=\"index, follow, max-snippet:-1, max-image-preview:large, max-video-preview:-1\" \/>\n<link rel=\"canonical\" href=\"https:\/\/www.pressenza.com\/it\/2026\/02\/la-rete-del-dissenso\/\" \/>\n<meta property=\"og:locale\" content=\"it_IT\" \/>\n<meta property=\"og:type\" content=\"article\" \/>\n<meta property=\"og:title\" content=\"La rete del dissenso\" \/>\n<meta property=\"og:description\" content=\"Sabato ci siamo visti a Roma su invito di Ginevra Bompiani in un convegno per creare la rete del dissenso. Emerge dai monologhi di Moni Ovadia, Ugo Mattei\" \/>\n<meta property=\"og:url\" content=\"https:\/\/www.pressenza.com\/it\/2026\/02\/la-rete-del-dissenso\/\" \/>\n<meta property=\"og:site_name\" content=\"Pressenza\" \/>\n<meta property=\"article:publisher\" content=\"https:\/\/www.facebook.com\/PressenzaItalia\" \/>\n<meta property=\"article:published_time\" content=\"2026-02-11T13:58:21+00:00\" \/>\n<meta property=\"article:modified_time\" content=\"2026-02-11T14:27:15+00:00\" \/>\n<meta property=\"og:image\" content=\"https:\/\/www.pressenza.com\/wp-content\/uploads\/2026\/02\/roma-convegno-Ginevra-Bompiani.jpeg\" \/>\n\t<meta property=\"og:image:width\" content=\"1600\" \/>\n\t<meta property=\"og:image:height\" content=\"1200\" \/>\n\t<meta property=\"og:image:type\" content=\"image\/jpeg\" \/>\n<meta name=\"author\" content=\"Ray Man\" \/>\n<meta name=\"twitter:card\" content=\"summary_large_image\" \/>\n<meta name=\"twitter:creator\" content=\"@PressenzaIPA\" \/>\n<meta name=\"twitter:site\" content=\"@PressenzaIPA\" \/>\n<meta name=\"twitter:label1\" content=\"Scritto da\" \/>\n\t<meta name=\"twitter:data1\" content=\"Ray Man\" \/>\n\t<meta name=\"twitter:label2\" content=\"Tempo di lettura stimato\" \/>\n\t<meta name=\"twitter:data2\" content=\"3 minuti\" \/>\n<script type=\"application\/ld+json\" class=\"yoast-schema-graph\">{\"@context\":\"https:\/\/schema.org\",\"@graph\":[{\"@type\":\"Article\",\"@id\":\"https:\/\/www.pressenza.com\/it\/2026\/02\/la-rete-del-dissenso\/#article\",\"isPartOf\":{\"@id\":\"https:\/\/www.pressenza.com\/it\/2026\/02\/la-rete-del-dissenso\/\"},\"author\":{\"name\":\"Ray Man\",\"@id\":\"https:\/\/www.pressenza.com\/it\/#\/schema\/person\/65f839df5847a390cd84df4e1e061bd6\"},\"headline\":\"La rete del dissenso\",\"datePublished\":\"2026-02-11T13:58:21+00:00\",\"dateModified\":\"2026-02-11T14:27:15+00:00\",\"mainEntityOfPage\":{\"@id\":\"https:\/\/www.pressenza.com\/it\/2026\/02\/la-rete-del-dissenso\/\"},\"wordCount\":387,\"publisher\":{\"@id\":\"https:\/\/www.pressenza.com\/it\/#organization\"},\"image\":{\"@id\":\"https:\/\/www.pressenza.com\/it\/2026\/02\/la-rete-del-dissenso\/#primaryimage\"},\"thumbnailUrl\":\"https:\/\/www.pressenza.com\/wp-content\/uploads\/2026\/02\/roma-convegno-Ginevra-Bompiani.jpeg\",\"keywords\":[\"dissenso\",\"Ginevra Bompiani\",\"lotte\"],\"articleSection\":[\"Opinioni\",\"Politica\"],\"inLanguage\":\"it-IT\"},{\"@type\":\"WebPage\",\"@id\":\"https:\/\/www.pressenza.com\/it\/2026\/02\/la-rete-del-dissenso\/\",\"url\":\"https:\/\/www.pressenza.com\/it\/2026\/02\/la-rete-del-dissenso\/\",\"name\":\"La rete del dissenso\",\"isPartOf\":{\"@id\":\"https:\/\/www.pressenza.com\/it\/#website\"},\"primaryImageOfPage\":{\"@id\":\"https:\/\/www.pressenza.com\/it\/2026\/02\/la-rete-del-dissenso\/#primaryimage\"},\"image\":{\"@id\":\"https:\/\/www.pressenza.com\/it\/2026\/02\/la-rete-del-dissenso\/#primaryimage\"},\"thumbnailUrl\":\"https:\/\/www.pressenza.com\/wp-content\/uploads\/2026\/02\/roma-convegno-Ginevra-Bompiani.jpeg\",\"datePublished\":\"2026-02-11T13:58:21+00:00\",\"dateModified\":\"2026-02-11T14:27:15+00:00\",\"description\":\"Sabato ci siamo visti a Roma su invito di Ginevra Bompiani in un convegno per creare la rete del dissenso. Emerge dai monologhi di Moni Ovadia, Ugo Mattei\",\"breadcrumb\":{\"@id\":\"https:\/\/www.pressenza.com\/it\/2026\/02\/la-rete-del-dissenso\/#breadcrumb\"},\"inLanguage\":\"it-IT\",\"potentialAction\":[{\"@type\":\"ReadAction\",\"target\":[\"https:\/\/www.pressenza.com\/it\/2026\/02\/la-rete-del-dissenso\/\"]}]},{\"@type\":\"ImageObject\",\"inLanguage\":\"it-IT\",\"@id\":\"https:\/\/www.pressenza.com\/it\/2026\/02\/la-rete-del-dissenso\/#primaryimage\",\"url\":\"https:\/\/www.pressenza.com\/wp-content\/uploads\/2026\/02\/roma-convegno-Ginevra-Bompiani.jpeg\",\"contentUrl\":\"https:\/\/www.pressenza.com\/wp-content\/uploads\/2026\/02\/roma-convegno-Ginevra-Bompiani.jpeg\",\"width\":1600,\"height\":1200},{\"@type\":\"BreadcrumbList\",\"@id\":\"https:\/\/www.pressenza.com\/it\/2026\/02\/la-rete-del-dissenso\/#breadcrumb\",\"itemListElement\":[{\"@type\":\"ListItem\",\"position\":1,\"name\":\"Accueil\",\"item\":\"https:\/\/www.pressenza.com\/it\/\"},{\"@type\":\"ListItem\",\"position\":2,\"name\":\"La rete del dissenso\"}]},{\"@type\":\"WebSite\",\"@id\":\"https:\/\/www.pressenza.com\/it\/#website\",\"url\":\"https:\/\/www.pressenza.com\/it\/\",\"name\":\"Pressenza\",\"description\":\"Agenzia di Stampa Internazionale\",\"publisher\":{\"@id\":\"https:\/\/www.pressenza.com\/it\/#organization\"},\"potentialAction\":[{\"@type\":\"SearchAction\",\"target\":{\"@type\":\"EntryPoint\",\"urlTemplate\":\"https:\/\/www.pressenza.com\/it\/?s={search_term_string}\"},\"query-input\":{\"@type\":\"PropertyValueSpecification\",\"valueRequired\":true,\"valueName\":\"search_term_string\"}}],\"inLanguage\":\"it-IT\"},{\"@type\":\"Organization\",\"@id\":\"https:\/\/www.pressenza.com\/it\/#organization\",\"name\":\"Pressenza\",\"url\":\"https:\/\/www.pressenza.com\/it\/\",\"logo\":{\"@type\":\"ImageObject\",\"inLanguage\":\"it-IT\",\"@id\":\"https:\/\/www.pressenza.com\/it\/#\/schema\/logo\/image\/\",\"url\":\"https:\/\/www.pressenza.com\/wp-content\/uploads\/2022\/10\/pressenza_logo_200x200.jpg\",\"contentUrl\":\"https:\/\/www.pressenza.com\/wp-content\/uploads\/2022\/10\/pressenza_logo_200x200.jpg\",\"width\":200,\"height\":200,\"caption\":\"Pressenza\"},\"image\":{\"@id\":\"https:\/\/www.pressenza.com\/it\/#\/schema\/logo\/image\/\"},\"sameAs\":[\"https:\/\/www.facebook.com\/PressenzaItalia\",\"https:\/\/x.com\/PressenzaIPA\"]},{\"@type\":\"Person\",\"@id\":\"https:\/\/www.pressenza.com\/it\/#\/schema\/person\/65f839df5847a390cd84df4e1e061bd6\",\"name\":\"Ray Man\",\"url\":\"https:\/\/www.pressenza.com\/it\/author\/rayman\/\"}]}<\/script>\n<!-- \/ Yoast SEO plugin. -->","yoast_head_json":{"title":"La rete del dissenso","description":"Sabato ci siamo visti a Roma su invito di Ginevra Bompiani in un convegno per creare la rete del dissenso. Emerge dai monologhi di Moni Ovadia, Ugo Mattei","robots":{"index":"index","follow":"follow","max-snippet":"max-snippet:-1","max-image-preview":"max-image-preview:large","max-video-preview":"max-video-preview:-1"},"canonical":"https:\/\/www.pressenza.com\/it\/2026\/02\/la-rete-del-dissenso\/","og_locale":"it_IT","og_type":"article","og_title":"La rete del dissenso","og_description":"Sabato ci siamo visti a Roma su invito di Ginevra Bompiani in un convegno per creare la rete del dissenso. Emerge dai monologhi di Moni Ovadia, Ugo Mattei","og_url":"https:\/\/www.pressenza.com\/it\/2026\/02\/la-rete-del-dissenso\/","og_site_name":"Pressenza","article_publisher":"https:\/\/www.facebook.com\/PressenzaItalia","article_published_time":"2026-02-11T13:58:21+00:00","article_modified_time":"2026-02-11T14:27:15+00:00","og_image":[{"width":1600,"height":1200,"url":"https:\/\/www.pressenza.com\/wp-content\/uploads\/2026\/02\/roma-convegno-Ginevra-Bompiani.jpeg","type":"image\/jpeg"}],"author":"Ray Man","twitter_card":"summary_large_image","twitter_creator":"@PressenzaIPA","twitter_site":"@PressenzaIPA","twitter_misc":{"Scritto da":"Ray Man","Tempo di lettura stimato":"3 minuti"},"schema":{"@context":"https:\/\/schema.org","@graph":[{"@type":"Article","@id":"https:\/\/www.pressenza.com\/it\/2026\/02\/la-rete-del-dissenso\/#article","isPartOf":{"@id":"https:\/\/www.pressenza.com\/it\/2026\/02\/la-rete-del-dissenso\/"},"author":{"name":"Ray Man","@id":"https:\/\/www.pressenza.com\/it\/#\/schema\/person\/65f839df5847a390cd84df4e1e061bd6"},"headline":"La rete del dissenso","datePublished":"2026-02-11T13:58:21+00:00","dateModified":"2026-02-11T14:27:15+00:00","mainEntityOfPage":{"@id":"https:\/\/www.pressenza.com\/it\/2026\/02\/la-rete-del-dissenso\/"},"wordCount":387,"publisher":{"@id":"https:\/\/www.pressenza.com\/it\/#organization"},"image":{"@id":"https:\/\/www.pressenza.com\/it\/2026\/02\/la-rete-del-dissenso\/#primaryimage"},"thumbnailUrl":"https:\/\/www.pressenza.com\/wp-content\/uploads\/2026\/02\/roma-convegno-Ginevra-Bompiani.jpeg","keywords":["dissenso","Ginevra Bompiani","lotte"],"articleSection":["Opinioni","Politica"],"inLanguage":"it-IT"},{"@type":"WebPage","@id":"https:\/\/www.pressenza.com\/it\/2026\/02\/la-rete-del-dissenso\/","url":"https:\/\/www.pressenza.com\/it\/2026\/02\/la-rete-del-dissenso\/","name":"La rete del dissenso","isPartOf":{"@id":"https:\/\/www.pressenza.com\/it\/#website"},"primaryImageOfPage":{"@id":"https:\/\/www.pressenza.com\/it\/2026\/02\/la-rete-del-dissenso\/#primaryimage"},"image":{"@id":"https:\/\/www.pressenza.com\/it\/2026\/02\/la-rete-del-dissenso\/#primaryimage"},"thumbnailUrl":"https:\/\/www.pressenza.com\/wp-content\/uploads\/2026\/02\/roma-convegno-Ginevra-Bompiani.jpeg","datePublished":"2026-02-11T13:58:21+00:00","dateModified":"2026-02-11T14:27:15+00:00","description":"Sabato ci siamo visti a Roma su invito di Ginevra Bompiani in un convegno per creare la rete del dissenso. Emerge dai monologhi di Moni Ovadia, Ugo Mattei","breadcrumb":{"@id":"https:\/\/www.pressenza.com\/it\/2026\/02\/la-rete-del-dissenso\/#breadcrumb"},"inLanguage":"it-IT","potentialAction":[{"@type":"ReadAction","target":["https:\/\/www.pressenza.com\/it\/2026\/02\/la-rete-del-dissenso\/"]}]},{"@type":"ImageObject","inLanguage":"it-IT","@id":"https:\/\/www.pressenza.com\/it\/2026\/02\/la-rete-del-dissenso\/#primaryimage","url":"https:\/\/www.pressenza.com\/wp-content\/uploads\/2026\/02\/roma-convegno-Ginevra-Bompiani.jpeg","contentUrl":"https:\/\/www.pressenza.com\/wp-content\/uploads\/2026\/02\/roma-convegno-Ginevra-Bompiani.jpeg","width":1600,"height":1200},{"@type":"BreadcrumbList","@id":"https:\/\/www.pressenza.com\/it\/2026\/02\/la-rete-del-dissenso\/#breadcrumb","itemListElement":[{"@type":"ListItem","position":1,"name":"Accueil","item":"https:\/\/www.pressenza.com\/it\/"},{"@type":"ListItem","position":2,"name":"La rete del dissenso"}]},{"@type":"WebSite","@id":"https:\/\/www.pressenza.com\/it\/#website","url":"https:\/\/www.pressenza.com\/it\/","name":"Pressenza","description":"Agenzia di Stampa Internazionale","publisher":{"@id":"https:\/\/www.pressenza.com\/it\/#organization"},"potentialAction":[{"@type":"SearchAction","target":{"@type":"EntryPoint","urlTemplate":"https:\/\/www.pressenza.com\/it\/?s={search_term_string}"},"query-input":{"@type":"PropertyValueSpecification","valueRequired":true,"valueName":"search_term_string"}}],"inLanguage":"it-IT"},{"@type":"Organization","@id":"https:\/\/www.pressenza.com\/it\/#organization","name":"Pressenza","url":"https:\/\/www.pressenza.com\/it\/","logo":{"@type":"ImageObject","inLanguage":"it-IT","@id":"https:\/\/www.pressenza.com\/it\/#\/schema\/logo\/image\/","url":"https:\/\/www.pressenza.com\/wp-content\/uploads\/2022\/10\/pressenza_logo_200x200.jpg","contentUrl":"https:\/\/www.pressenza.com\/wp-content\/uploads\/2022\/10\/pressenza_logo_200x200.jpg","width":200,"height":200,"caption":"Pressenza"},"image":{"@id":"https:\/\/www.pressenza.com\/it\/#\/schema\/logo\/image\/"},"sameAs":["https:\/\/www.facebook.com\/PressenzaItalia","https:\/\/x.com\/PressenzaIPA"]},{"@type":"Person","@id":"https:\/\/www.pressenza.com\/it\/#\/schema\/person\/65f839df5847a390cd84df4e1e061bd6","name":"Ray Man","url":"https:\/\/www.pressenza.com\/it\/author\/rayman\/"}]}},"place":"Roma","original_article_url":"","_links":{"self":[{"href":"https:\/\/www.pressenza.com\/it\/wp-json\/wp\/v2\/posts\/2675504","targetHints":{"allow":["GET"]}}],"collection":[{"href":"https:\/\/www.pressenza.com\/it\/wp-json\/wp\/v2\/posts"}],"about":[{"href":"https:\/\/www.pressenza.com\/it\/wp-json\/wp\/v2\/types\/post"}],"author":[{"embeddable":true,"href":"https:\/\/www.pressenza.com\/it\/wp-json\/wp\/v2\/users\/2407"}],"replies":[{"embeddable":true,"href":"https:\/\/www.pressenza.com\/it\/wp-json\/wp\/v2\/comments?post=2675504"}],"version-history":[{"count":3,"href":"https:\/\/www.pressenza.com\/it\/wp-json\/wp\/v2\/posts\/2675504\/revisions"}],"predecessor-version":[{"id":2675528,"href":"https:\/\/www.pressenza.com\/it\/wp-json\/wp\/v2\/posts\/2675504\/revisions\/2675528"}],"wp:featuredmedia":[{"embeddable":true,"href":"https:\/\/www.pressenza.com\/it\/wp-json\/wp\/v2\/media\/2675509"}],"wp:attachment":[{"href":"https:\/\/www.pressenza.com\/it\/wp-json\/wp\/v2\/media?parent=2675504"}],"wp:term":[{"taxonomy":"category","embeddable":true,"href":"https:\/\/www.pressenza.com\/it\/wp-json\/wp\/v2\/categories?post=2675504"},{"taxonomy":"post_tag","embeddable":true,"href":"https:\/\/www.pressenza.com\/it\/wp-json\/wp\/v2\/tags?post=2675504"}],"curies":[{"name":"wp","href":"https:\/\/api.w.org\/{rel}","templated":true}]}}