{"id":2670497,"date":"2026-01-25T09:29:48","date_gmt":"2026-01-25T09:29:48","guid":{"rendered":"https:\/\/www.pressenza.com\/?p=2670497"},"modified":"2026-01-25T09:32:00","modified_gmt":"2026-01-25T09:32:00","slug":"un-grido-etico-no-alle-armi-nucleari","status":"publish","type":"post","link":"https:\/\/www.pressenza.com\/it\/2026\/01\/un-grido-etico-no-alle-armi-nucleari\/","title":{"rendered":"Un grido etico: no alle armi nucleari"},"content":{"rendered":"<p><em><span style=\"font-weight: 400;\">Anniversario dell\u2019entrata in vigore del TPNW: l\u2019umanit\u00e0 dice no alle armi nucleari aspettiamo che lo facciano anche i governi, a cominciare dal nostro<\/span><\/em><\/p>\n<p><span style=\"font-weight: 400;\">Ricorre in questi giorni l\u2019anniversario dell\u2019entrata in vigore del Trattato sulla Proibizione delle Armi Nucleari (TPNW), un momento cruciale nella storia del disarmo globale, mentre il mondo continua a essere attraversato da tensioni nucleari crescenti. Tra la retorica della deterrenza e il riarmo di alcune potenze, il trattato rappresenta un segnale di speranza e una scelta etica concreta da parte di quasi un quinto della popolazione mondiale.<\/span><\/p>\n<p><span style=\"font-weight: 400;\">Attualmente, quasi un abitante su cinque della Terra vive in uno Stato che ha dichiarato fuori legge le armi nucleari. Se aggiungiamo i firmatari che non hanno ancora completato la ratifica del TPNW \u2013 come il Brasile, con i suoi 215 milioni di abitanti, e molti altri Paesi africani \u2013 la quota della popolazione mondiale che vive in nazioni che hanno aderito al trattato sale verso il 25-28%. Questi numeri non sono una semplice statistica: sono la testimonianza di un miliardo e mezzo di persone che scelgono la vita contro la logica della morte programmata.<\/span><\/p>\n<p><b>L\u2019umanit\u00e0 contro la criminalit\u00e0 nucleare<\/b><span style=\"font-weight: 400;\"><br \/>\n<\/span><span style=\"font-weight: 400;\">Il TPNW non \u00e8 solo un documento diplomatico: \u00e8 un grido etico. Quei miliardi e mezzo di uomini e donne dicono \u201cno\u201d al genocidio deciso a tavolino dalle superpotenze, alla minaccia di annientamento totale e alla follia di chi misura la sicurezza con il numero di ordigni in grado di incenerire interi territori. La vera forza non risiede nei missili, ma nella scelta coraggiosa di rifiutare di diventare ostaggi della deterrenza nucleare, un concetto che non \u00e8 altro che un eufemismo della follia globale.<\/span><\/p>\n<p><b>Non si pu\u00f2 costruire la pace sulla minaccia del massacro<\/b><span style=\"font-weight: 400;\"><br \/>\n<\/span><span style=\"font-weight: 400;\">La vera democrazia internazionale si misura nella capacit\u00e0 di rivendicare il diritto a vivere, anche senza possedere la forza militare. I settantacinque Stati che hanno scelto il bando delle armi nucleari rappresentano oggi la maggioranza morale del mondo. Essi dimostrano che pace e sicurezza non possono fondarsi sulla minaccia di sterminio universale: il futuro dell\u2019umanit\u00e0 non pu\u00f2 essere sacrificato agli interessi strategici di pochi.<\/span><\/p>\n<p><b>La voce dei popoli del Sud<\/b><span style=\"font-weight: 400;\"><br \/>\n<\/span><span style=\"font-weight: 400;\">Il disarmo non \u00e8 un esercizio teorico riservato ai salotti europei. I dati del TPNW dimostrano che la volont\u00e0 di vita pulsa con pi\u00f9 vigore dove l\u2019umanit\u00e0 \u00e8 pi\u00f9 numerosa e giovane. Il Sud del mondo rifiuta di essere la periferia silenziosa di un sistema globale che rischia il suicidio atomico per vantaggi di pochi. Questi popoli incarnano il futuro della specie umana; la loro adesione al TPNW conferma che l\u2019aspirazione alla pace non \u00e8 un\u2019agenda occidentale, ma un sentimento universale, radicato nell\u2019esperienza concreta di milioni di esseri umani.<\/span><\/p>\n<p><b>L\u2019imperativo morale di un miliardo e mezzo di persone<\/b><span style=\"font-weight: 400;\"><br \/>\n<\/span><span style=\"font-weight: 400;\">Quando un miliardo e mezzo di persone chiede l\u2019eliminazione totale delle armi atomiche, non sta facendo solo una richiesta politica: compie un vero e proprio atto di civilt\u00e0. Ogni ratifica del TPNW \u00e8 una pietra contro il muro dell\u2019indifferenza globale. La pressione morale che ne deriva parla alla coscienza di tutti: non \u00e8 possibile restare neutrali di fronte alla possibilit\u00e0 dello sterminio. L\u2019umanit\u00e0 deve scegliere tra la sopravvivenza delle persone e la sopravvivenza delle armi nucleari. Le due cose insieme sono incompatibili.<\/span><\/p>\n<p>&nbsp;<\/p>\n","protected":false},"excerpt":{"rendered":"<p>Anniversario dell\u2019entrata in vigore del TPNW: l\u2019umanit\u00e0 dice no alle armi nucleari aspettiamo che lo facciano anche i governi, a cominciare dal nostro Ricorre in questi giorni l\u2019anniversario dell\u2019entrata in vigore del Trattato sulla Proibizione delle Armi Nucleari (TPNW), un&hellip;<\/p>\n","protected":false},"author":535,"featured_media":2599365,"comment_status":"closed","ping_status":"closed","sticky":false,"template":"","format":"standard","meta":{"footnotes":""},"categories":[1263],"tags":[86277],"class_list":["post-2670497","post","type-post","status-publish","format-standard","has-post-thumbnail","hentry","category-pace-disarmo","tag-trattato-sulla-proibizione-delle-armi-nucleari-tpnw"],"yoast_head":"<!-- This site is optimized with the Yoast SEO plugin v27.1.1 - https:\/\/yoast.com\/product\/yoast-seo-wordpress\/ -->\n<title>Un grido etico: no alle armi nucleari<\/title>\n<meta name=\"description\" content=\"Anniversario dell\u2019entrata in vigore del TPNW: l\u2019umanit\u00e0 dice no alle armi nucleari aspettiamo che lo facciano anche i governi, a cominciare dal nostro\" \/>\n<meta name=\"robots\" content=\"index, follow, max-snippet:-1, max-image-preview:large, max-video-preview:-1\" \/>\n<link rel=\"canonical\" href=\"https:\/\/www.pressenza.com\/it\/2026\/01\/un-grido-etico-no-alle-armi-nucleari\/\" \/>\n<meta property=\"og:locale\" content=\"it_IT\" \/>\n<meta property=\"og:type\" content=\"article\" \/>\n<meta property=\"og:title\" content=\"Un grido etico: no alle armi nucleari\" \/>\n<meta property=\"og:description\" content=\"Anniversario dell\u2019entrata in vigore del TPNW: l\u2019umanit\u00e0 dice no alle armi nucleari aspettiamo che lo facciano anche i governi, a cominciare dal nostro\" \/>\n<meta property=\"og:url\" content=\"https:\/\/www.pressenza.com\/it\/2026\/01\/un-grido-etico-no-alle-armi-nucleari\/\" \/>\n<meta property=\"og:site_name\" content=\"Pressenza\" \/>\n<meta property=\"article:publisher\" content=\"https:\/\/www.facebook.com\/PressenzaItalia\" \/>\n<meta property=\"article:published_time\" content=\"2026-01-25T09:29:48+00:00\" \/>\n<meta property=\"article:modified_time\" content=\"2026-01-25T09:32:00+00:00\" \/>\n<meta property=\"og:image\" content=\"https:\/\/www.pressenza.com\/wp-content\/uploads\/2025\/04\/MeteoWeb-bomba-allidrogeno-non-nucleare-e1745663383498.webp\" \/>\n\t<meta property=\"og:image:width\" content=\"800\" \/>\n\t<meta property=\"og:image:height\" content=\"534\" \/>\n\t<meta property=\"og:image:type\" content=\"image\/webp\" \/>\n<meta name=\"author\" content=\"Laura Tussi\" \/>\n<meta name=\"twitter:card\" content=\"summary_large_image\" \/>\n<meta name=\"twitter:creator\" content=\"@PressenzaIPA\" \/>\n<meta name=\"twitter:site\" content=\"@PressenzaIPA\" \/>\n<meta name=\"twitter:label1\" content=\"Scritto da\" \/>\n\t<meta name=\"twitter:data1\" content=\"Laura Tussi\" \/>\n\t<meta name=\"twitter:label2\" content=\"Tempo di lettura stimato\" \/>\n\t<meta name=\"twitter:data2\" content=\"4 minuti\" \/>\n<script type=\"application\/ld+json\" class=\"yoast-schema-graph\">{\"@context\":\"https:\/\/schema.org\",\"@graph\":[{\"@type\":\"Article\",\"@id\":\"https:\/\/www.pressenza.com\/it\/2026\/01\/un-grido-etico-no-alle-armi-nucleari\/#article\",\"isPartOf\":{\"@id\":\"https:\/\/www.pressenza.com\/it\/2026\/01\/un-grido-etico-no-alle-armi-nucleari\/\"},\"author\":{\"name\":\"Laura Tussi\",\"@id\":\"https:\/\/www.pressenza.com\/it\/#\/schema\/person\/4c966fac98e44f3bbd881d8e837f60da\"},\"headline\":\"Un grido etico: no alle armi nucleari\",\"datePublished\":\"2026-01-25T09:29:48+00:00\",\"dateModified\":\"2026-01-25T09:32:00+00:00\",\"mainEntityOfPage\":{\"@id\":\"https:\/\/www.pressenza.com\/it\/2026\/01\/un-grido-etico-no-alle-armi-nucleari\/\"},\"wordCount\":545,\"publisher\":{\"@id\":\"https:\/\/www.pressenza.com\/it\/#organization\"},\"image\":{\"@id\":\"https:\/\/www.pressenza.com\/it\/2026\/01\/un-grido-etico-no-alle-armi-nucleari\/#primaryimage\"},\"thumbnailUrl\":\"https:\/\/www.pressenza.com\/wp-content\/uploads\/2025\/04\/MeteoWeb-bomba-allidrogeno-non-nucleare-e1745663383498.webp\",\"keywords\":[\"Trattato sulla proibizione delle armi nucleari (TPNW)\"],\"articleSection\":[\"Pace e Disarmo\"],\"inLanguage\":\"it-IT\"},{\"@type\":\"WebPage\",\"@id\":\"https:\/\/www.pressenza.com\/it\/2026\/01\/un-grido-etico-no-alle-armi-nucleari\/\",\"url\":\"https:\/\/www.pressenza.com\/it\/2026\/01\/un-grido-etico-no-alle-armi-nucleari\/\",\"name\":\"Un grido etico: no alle armi nucleari\",\"isPartOf\":{\"@id\":\"https:\/\/www.pressenza.com\/it\/#website\"},\"primaryImageOfPage\":{\"@id\":\"https:\/\/www.pressenza.com\/it\/2026\/01\/un-grido-etico-no-alle-armi-nucleari\/#primaryimage\"},\"image\":{\"@id\":\"https:\/\/www.pressenza.com\/it\/2026\/01\/un-grido-etico-no-alle-armi-nucleari\/#primaryimage\"},\"thumbnailUrl\":\"https:\/\/www.pressenza.com\/wp-content\/uploads\/2025\/04\/MeteoWeb-bomba-allidrogeno-non-nucleare-e1745663383498.webp\",\"datePublished\":\"2026-01-25T09:29:48+00:00\",\"dateModified\":\"2026-01-25T09:32:00+00:00\",\"description\":\"Anniversario dell\u2019entrata in vigore del TPNW: l\u2019umanit\u00e0 dice no alle armi nucleari aspettiamo che lo facciano anche i governi, a cominciare dal nostro\",\"breadcrumb\":{\"@id\":\"https:\/\/www.pressenza.com\/it\/2026\/01\/un-grido-etico-no-alle-armi-nucleari\/#breadcrumb\"},\"inLanguage\":\"it-IT\",\"potentialAction\":[{\"@type\":\"ReadAction\",\"target\":[\"https:\/\/www.pressenza.com\/it\/2026\/01\/un-grido-etico-no-alle-armi-nucleari\/\"]}]},{\"@type\":\"ImageObject\",\"inLanguage\":\"it-IT\",\"@id\":\"https:\/\/www.pressenza.com\/it\/2026\/01\/un-grido-etico-no-alle-armi-nucleari\/#primaryimage\",\"url\":\"https:\/\/www.pressenza.com\/wp-content\/uploads\/2025\/04\/MeteoWeb-bomba-allidrogeno-non-nucleare-e1745663383498.webp\",\"contentUrl\":\"https:\/\/www.pressenza.com\/wp-content\/uploads\/2025\/04\/MeteoWeb-bomba-allidrogeno-non-nucleare-e1745663383498.webp\",\"width\":800,\"height\":534},{\"@type\":\"BreadcrumbList\",\"@id\":\"https:\/\/www.pressenza.com\/it\/2026\/01\/un-grido-etico-no-alle-armi-nucleari\/#breadcrumb\",\"itemListElement\":[{\"@type\":\"ListItem\",\"position\":1,\"name\":\"Accueil\",\"item\":\"https:\/\/www.pressenza.com\/it\/\"},{\"@type\":\"ListItem\",\"position\":2,\"name\":\"Un grido etico: no alle armi nucleari\"}]},{\"@type\":\"WebSite\",\"@id\":\"https:\/\/www.pressenza.com\/it\/#website\",\"url\":\"https:\/\/www.pressenza.com\/it\/\",\"name\":\"Pressenza\",\"description\":\"Agenzia di Stampa Internazionale\",\"publisher\":{\"@id\":\"https:\/\/www.pressenza.com\/it\/#organization\"},\"potentialAction\":[{\"@type\":\"SearchAction\",\"target\":{\"@type\":\"EntryPoint\",\"urlTemplate\":\"https:\/\/www.pressenza.com\/it\/?s={search_term_string}\"},\"query-input\":{\"@type\":\"PropertyValueSpecification\",\"valueRequired\":true,\"valueName\":\"search_term_string\"}}],\"inLanguage\":\"it-IT\"},{\"@type\":\"Organization\",\"@id\":\"https:\/\/www.pressenza.com\/it\/#organization\",\"name\":\"Pressenza\",\"url\":\"https:\/\/www.pressenza.com\/it\/\",\"logo\":{\"@type\":\"ImageObject\",\"inLanguage\":\"it-IT\",\"@id\":\"https:\/\/www.pressenza.com\/it\/#\/schema\/logo\/image\/\",\"url\":\"https:\/\/www.pressenza.com\/wp-content\/uploads\/2022\/10\/pressenza_logo_200x200.jpg\",\"contentUrl\":\"https:\/\/www.pressenza.com\/wp-content\/uploads\/2022\/10\/pressenza_logo_200x200.jpg\",\"width\":200,\"height\":200,\"caption\":\"Pressenza\"},\"image\":{\"@id\":\"https:\/\/www.pressenza.com\/it\/#\/schema\/logo\/image\/\"},\"sameAs\":[\"https:\/\/www.facebook.com\/PressenzaItalia\",\"https:\/\/x.com\/PressenzaIPA\"]},{\"@type\":\"Person\",\"@id\":\"https:\/\/www.pressenza.com\/it\/#\/schema\/person\/4c966fac98e44f3bbd881d8e837f60da\",\"name\":\"Laura Tussi\",\"description\":\"Docente, giornalista e ricercatrice, si occupa di pedagogia nonviolenta e interculturale. Ha conseguito cinque lauree specialistiche in formazione degli adulti e consulenza pedagogica nell'ambito delle scienze della formazione e dell'educazione.\",\"url\":\"https:\/\/www.pressenza.com\/it\/author\/laura-tussi\/\"}]}<\/script>\n<!-- \/ Yoast SEO plugin. -->","yoast_head_json":{"title":"Un grido etico: no alle armi nucleari","description":"Anniversario dell\u2019entrata in vigore del TPNW: l\u2019umanit\u00e0 dice no alle armi nucleari aspettiamo che lo facciano anche i governi, a cominciare dal nostro","robots":{"index":"index","follow":"follow","max-snippet":"max-snippet:-1","max-image-preview":"max-image-preview:large","max-video-preview":"max-video-preview:-1"},"canonical":"https:\/\/www.pressenza.com\/it\/2026\/01\/un-grido-etico-no-alle-armi-nucleari\/","og_locale":"it_IT","og_type":"article","og_title":"Un grido etico: no alle armi nucleari","og_description":"Anniversario dell\u2019entrata in vigore del TPNW: l\u2019umanit\u00e0 dice no alle armi nucleari aspettiamo che lo facciano anche i governi, a cominciare dal nostro","og_url":"https:\/\/www.pressenza.com\/it\/2026\/01\/un-grido-etico-no-alle-armi-nucleari\/","og_site_name":"Pressenza","article_publisher":"https:\/\/www.facebook.com\/PressenzaItalia","article_published_time":"2026-01-25T09:29:48+00:00","article_modified_time":"2026-01-25T09:32:00+00:00","og_image":[{"width":800,"height":534,"url":"https:\/\/www.pressenza.com\/wp-content\/uploads\/2025\/04\/MeteoWeb-bomba-allidrogeno-non-nucleare-e1745663383498.webp","type":"image\/webp"}],"author":"Laura Tussi","twitter_card":"summary_large_image","twitter_creator":"@PressenzaIPA","twitter_site":"@PressenzaIPA","twitter_misc":{"Scritto da":"Laura Tussi","Tempo di lettura stimato":"4 minuti"},"schema":{"@context":"https:\/\/schema.org","@graph":[{"@type":"Article","@id":"https:\/\/www.pressenza.com\/it\/2026\/01\/un-grido-etico-no-alle-armi-nucleari\/#article","isPartOf":{"@id":"https:\/\/www.pressenza.com\/it\/2026\/01\/un-grido-etico-no-alle-armi-nucleari\/"},"author":{"name":"Laura Tussi","@id":"https:\/\/www.pressenza.com\/it\/#\/schema\/person\/4c966fac98e44f3bbd881d8e837f60da"},"headline":"Un grido etico: no alle armi nucleari","datePublished":"2026-01-25T09:29:48+00:00","dateModified":"2026-01-25T09:32:00+00:00","mainEntityOfPage":{"@id":"https:\/\/www.pressenza.com\/it\/2026\/01\/un-grido-etico-no-alle-armi-nucleari\/"},"wordCount":545,"publisher":{"@id":"https:\/\/www.pressenza.com\/it\/#organization"},"image":{"@id":"https:\/\/www.pressenza.com\/it\/2026\/01\/un-grido-etico-no-alle-armi-nucleari\/#primaryimage"},"thumbnailUrl":"https:\/\/www.pressenza.com\/wp-content\/uploads\/2025\/04\/MeteoWeb-bomba-allidrogeno-non-nucleare-e1745663383498.webp","keywords":["Trattato sulla proibizione delle armi nucleari (TPNW)"],"articleSection":["Pace e Disarmo"],"inLanguage":"it-IT"},{"@type":"WebPage","@id":"https:\/\/www.pressenza.com\/it\/2026\/01\/un-grido-etico-no-alle-armi-nucleari\/","url":"https:\/\/www.pressenza.com\/it\/2026\/01\/un-grido-etico-no-alle-armi-nucleari\/","name":"Un grido etico: no alle armi nucleari","isPartOf":{"@id":"https:\/\/www.pressenza.com\/it\/#website"},"primaryImageOfPage":{"@id":"https:\/\/www.pressenza.com\/it\/2026\/01\/un-grido-etico-no-alle-armi-nucleari\/#primaryimage"},"image":{"@id":"https:\/\/www.pressenza.com\/it\/2026\/01\/un-grido-etico-no-alle-armi-nucleari\/#primaryimage"},"thumbnailUrl":"https:\/\/www.pressenza.com\/wp-content\/uploads\/2025\/04\/MeteoWeb-bomba-allidrogeno-non-nucleare-e1745663383498.webp","datePublished":"2026-01-25T09:29:48+00:00","dateModified":"2026-01-25T09:32:00+00:00","description":"Anniversario dell\u2019entrata in vigore del TPNW: l\u2019umanit\u00e0 dice no alle armi nucleari aspettiamo che lo facciano anche i governi, a cominciare dal nostro","breadcrumb":{"@id":"https:\/\/www.pressenza.com\/it\/2026\/01\/un-grido-etico-no-alle-armi-nucleari\/#breadcrumb"},"inLanguage":"it-IT","potentialAction":[{"@type":"ReadAction","target":["https:\/\/www.pressenza.com\/it\/2026\/01\/un-grido-etico-no-alle-armi-nucleari\/"]}]},{"@type":"ImageObject","inLanguage":"it-IT","@id":"https:\/\/www.pressenza.com\/it\/2026\/01\/un-grido-etico-no-alle-armi-nucleari\/#primaryimage","url":"https:\/\/www.pressenza.com\/wp-content\/uploads\/2025\/04\/MeteoWeb-bomba-allidrogeno-non-nucleare-e1745663383498.webp","contentUrl":"https:\/\/www.pressenza.com\/wp-content\/uploads\/2025\/04\/MeteoWeb-bomba-allidrogeno-non-nucleare-e1745663383498.webp","width":800,"height":534},{"@type":"BreadcrumbList","@id":"https:\/\/www.pressenza.com\/it\/2026\/01\/un-grido-etico-no-alle-armi-nucleari\/#breadcrumb","itemListElement":[{"@type":"ListItem","position":1,"name":"Accueil","item":"https:\/\/www.pressenza.com\/it\/"},{"@type":"ListItem","position":2,"name":"Un grido etico: no alle armi nucleari"}]},{"@type":"WebSite","@id":"https:\/\/www.pressenza.com\/it\/#website","url":"https:\/\/www.pressenza.com\/it\/","name":"Pressenza","description":"Agenzia di Stampa Internazionale","publisher":{"@id":"https:\/\/www.pressenza.com\/it\/#organization"},"potentialAction":[{"@type":"SearchAction","target":{"@type":"EntryPoint","urlTemplate":"https:\/\/www.pressenza.com\/it\/?s={search_term_string}"},"query-input":{"@type":"PropertyValueSpecification","valueRequired":true,"valueName":"search_term_string"}}],"inLanguage":"it-IT"},{"@type":"Organization","@id":"https:\/\/www.pressenza.com\/it\/#organization","name":"Pressenza","url":"https:\/\/www.pressenza.com\/it\/","logo":{"@type":"ImageObject","inLanguage":"it-IT","@id":"https:\/\/www.pressenza.com\/it\/#\/schema\/logo\/image\/","url":"https:\/\/www.pressenza.com\/wp-content\/uploads\/2022\/10\/pressenza_logo_200x200.jpg","contentUrl":"https:\/\/www.pressenza.com\/wp-content\/uploads\/2022\/10\/pressenza_logo_200x200.jpg","width":200,"height":200,"caption":"Pressenza"},"image":{"@id":"https:\/\/www.pressenza.com\/it\/#\/schema\/logo\/image\/"},"sameAs":["https:\/\/www.facebook.com\/PressenzaItalia","https:\/\/x.com\/PressenzaIPA"]},{"@type":"Person","@id":"https:\/\/www.pressenza.com\/it\/#\/schema\/person\/4c966fac98e44f3bbd881d8e837f60da","name":"Laura Tussi","description":"Docente, giornalista e ricercatrice, si occupa di pedagogia nonviolenta e interculturale. Ha conseguito cinque lauree specialistiche in formazione degli adulti e consulenza pedagogica nell'ambito delle scienze della formazione e dell'educazione.","url":"https:\/\/www.pressenza.com\/it\/author\/laura-tussi\/"}]}},"place":"","original_article_url":"","_links":{"self":[{"href":"https:\/\/www.pressenza.com\/it\/wp-json\/wp\/v2\/posts\/2670497","targetHints":{"allow":["GET"]}}],"collection":[{"href":"https:\/\/www.pressenza.com\/it\/wp-json\/wp\/v2\/posts"}],"about":[{"href":"https:\/\/www.pressenza.com\/it\/wp-json\/wp\/v2\/types\/post"}],"author":[{"embeddable":true,"href":"https:\/\/www.pressenza.com\/it\/wp-json\/wp\/v2\/users\/535"}],"replies":[{"embeddable":true,"href":"https:\/\/www.pressenza.com\/it\/wp-json\/wp\/v2\/comments?post=2670497"}],"version-history":[{"count":1,"href":"https:\/\/www.pressenza.com\/it\/wp-json\/wp\/v2\/posts\/2670497\/revisions"}],"predecessor-version":[{"id":2670500,"href":"https:\/\/www.pressenza.com\/it\/wp-json\/wp\/v2\/posts\/2670497\/revisions\/2670500"}],"wp:featuredmedia":[{"embeddable":true,"href":"https:\/\/www.pressenza.com\/it\/wp-json\/wp\/v2\/media\/2599365"}],"wp:attachment":[{"href":"https:\/\/www.pressenza.com\/it\/wp-json\/wp\/v2\/media?parent=2670497"}],"wp:term":[{"taxonomy":"category","embeddable":true,"href":"https:\/\/www.pressenza.com\/it\/wp-json\/wp\/v2\/categories?post=2670497"},{"taxonomy":"post_tag","embeddable":true,"href":"https:\/\/www.pressenza.com\/it\/wp-json\/wp\/v2\/tags?post=2670497"}],"curies":[{"name":"wp","href":"https:\/\/api.w.org\/{rel}","templated":true}]}}