{"id":2670277,"date":"2026-01-23T22:43:51","date_gmt":"2026-01-23T22:43:51","guid":{"rendered":"https:\/\/www.pressenza.com\/?p=2670277"},"modified":"2026-01-23T22:44:38","modified_gmt":"2026-01-23T22:44:38","slug":"siria-kobane-simbolo-di-speranza-e-nuovamente-minacciata-dagli-islamisti","status":"publish","type":"post","link":"https:\/\/www.pressenza.com\/it\/2026\/01\/siria-kobane-simbolo-di-speranza-e-nuovamente-minacciata-dagli-islamisti\/","title":{"rendered":"Siria: Koban\u00ea, simbolo di speranza, \u00e8 nuovamente minacciata dagli islamisti"},"content":{"rendered":"<p>Gli attacchi genocidi del regime islamista di Damasco contro le zone curde nel nord-est della Siria continuano. Decine di migliaia di curdi sono in fuga. Intere citt\u00e0 e regioni sono circondate e isolate dal mondo esterno, senza possibilit\u00e0 di ricevere medicinali, generi alimentari o carburante, riferisce l\u2019Associazione per i popoli minacciati (APM\/GfbV).<\/p>\n<p>Nelle zone conquistate si d\u00e0 la caccia ai curdi. Particolarmente drammatica \u00e8 la situazione nella leggendaria citt\u00e0 curda di Koban\u00ea, che nel 2014 ha resistito allo \u201dStato Islamico\u201d (IS). Da l\u00ec \u00e8 partita la liberazione della regione dall\u2019IS. A Koban\u00ea sono state interrotte le forniture di acqua ed elettricit\u00e0. Anche l\u2019accesso a Internet \u00e8 stato bloccato. I radicali islamici continuano ad avanzare. L\u2019interruzione intenzionale dei servizi di base sta provocando una crisi umanitaria. I<br \/>\ncivili, tra cui bambini e anziani, sono intrappolati nell\u2019oscurit\u00e0 e non hanno accesso ai servizi di base.<\/p>\n<p>A quanto pare, il regime siriano vuole vendicarsi di Koban\u00ea perch\u00e9 la citt\u00e0 \u00e8 un simbolo della lotta contro l\u2019IS. Per i curdi \u2013 e per il mondo intero \u2013 Koban\u00ea \u00e8 un simbolo di speranza e di resistenza contro l\u2019Islam radicale.<\/p>\n<p>Di fronte ai continui attacchi delle truppe del regime islamista siriano contro la popolazione curda nel nord-est del Paese, centinaia di migliaia di curdi e membri di altre minoranze siriane minacciate scendono in piazza in tutto il mondo per protestare.<\/p>\n<p>In questo contesto, l\u2019Associazione per i popoli minacciati fa appello ai curdi, ai drusi, agli alawiti e alle persone solidali in tutta Europa che protestano affinch\u00e9 manifestino esclusivamente in modo pacifico. Anche se il dolore di fronte alle notizie sempre pi\u00f9 drammatiche provenienti dalla Siria non conosce limiti, invitiamo tutti i manifestanti a protestare pacificamente. La rabbia per l\u2019inerzia, l\u2019indifferenza e persino il sostegno al regime islamista di Damasco da parte dell\u2019amministrazione Trump, dei governi e leader di partito in Europa \u00e8 comprensibile. Non lasciatevi provocare da questo e dai siriani che dall\u2019Europa sostengono il regime islamista! Chiediamo ai media di parlare con i membri delle<br \/>\nminoranze siriane e di non minimizzare il regime islamista. Gran parte dell\u2019opinione pubblica tedesca ed italiana \u00e8 dalla parte delle minoranze perseguitate.<\/p>\n<p>Tra i sunniti arabi siriani ci sono molte persone che rifiutano l\u2019Islam radicale e si impegnano per la democrazia nel loro Paese. Molti sunniti arabi siriani attualmente tacciono, forse perch\u00e9 sperano che gli islamisti radicali porteranno la democrazia in Siria. Proprio come molte persone in Iran dopo il 1979, quando il regime di Khomeini sal\u00ec al potere. Speravano in maggiori libert\u00e0 per l\u2019Iran dopo la terribile dittatura dello Sci\u00e0. Ma molto presto questi siriani, proprio come allora gli iraniani, rimarranno delusi. Perch\u00e9 l\u2019Islam radicale \u2013 sia sciita che sunnita \u2013 non ha portato pi\u00f9 libert\u00e0 in nessun luogo, ma solo pi\u00f9 guerra, violenza, terrore e odio tra etnie e comunit\u00e0 religiose.<\/p>\n<p>Vedi anche<\/p>\n<p>15.1.2026<br \/>\nIntervista con il capo spirituale degli alawiti in Siria \u2013 Il regime<br \/>\nislamista \u00e8 \u201cun pericolo costante per tutte le componenti della societ\u00e0<br \/>\nsiriana\u201d<br \/>\n<a href=\"https:\/\/www.popoli-min.it\/2026\/intervista-con-il-capo-spirituale-degli-alawiti-in-siria-il-regime-islamista-e-un-pericolo-costante-per-tutte-le-componenti-della-societa-siriana\/\" target=\"_blank\" rel=\"noopener noreferrer\">https:\/\/www.popoli-min.it\/2026\/intervista-con-il-capo-spirituale-degli-alawiti-in-siria-il-regime-islamista-e-un-pericolo-costante-per-tutte-le-componenti-della-societa-siriana\/<\/a><\/p>\n<p>14.1.2026<br \/>\nIl leader siriano a Berlino \u2013 Il governo tedesco deve revocare l\u2019invito<br \/>\nad al-Sharaa: niente tappeto rosso per i criminali di guerra<br \/>\n<a href=\"https:\/\/www.popoli-min.it\/2026\/il-leader-siriano-a-berlino-il-governo-tedesco-deve-revocare-linvito-ad-al-sharaa-niente-tappeto-rosso-per-i-criminali-di-guerra\/\" target=\"_blank\" rel=\"noopener noreferrer\">https:\/\/www.popoli-min.it\/2026\/il-leader-siriano-a-berlino-il-governo-tedesco-deve-revocare-linvito-ad-al-sharaa-niente-tappeto-rosso-per-i-criminali-di-guerra\/<\/a><\/p>\n<p>13.1.2026<br \/>\nNuove atrocit\u00e0 contro i curdi in Siria: l\u2019UE deve condannare questi crimini<br \/>\n<a href=\"https:\/\/www.popoli-min.it\/2026\/nuove-atrocita-contro-i-curdi-in-siria-lue-deve-condannare-questi-crimini\/\" target=\"_blank\" rel=\"noopener noreferrer\">https:\/\/www.popoli-min.it\/2026\/nuove-atrocita-contro-i-curdi-in-siria-lue-deve-condannare-questi-crimini\/<\/a><\/p>\n<p>12.1.2026<br \/>\nNuove atrocit\u00e0 contro i curdi in Siria \u2013 La GfbV invita a una<br \/>\nmanifestazione di protesta a Berlino<br \/>\n<a href=\"https:\/\/www.popoli-min.it\/2026\/nuove-atrocita-contro-i-curdi-in-siria-la-gfbv-invita-a-una-manifestazione-di-protesta-a-berlino\/\" target=\"_blank\" rel=\"noopener noreferrer\">https:\/\/www.popoli-min.it\/2026\/nuove-atrocita-contro-i-curdi-in-siria-la-gfbv-invita-a-una-manifestazione-di-protesta-a-berlino\/<\/a><\/p>\n<p>8.1.2026<br \/>\nGravi attacchi contro i curdi ad Aleppo \u2013 Il regime siriano mostra<br \/>\nnuovamente il suo volto<br \/>\n<a href=\"https:\/\/www.popoli-min.it\/2026\/gravi-attacchi-contro-i-curdi-ad-aleppo-il-regime-siriano-mostra-nuovamente-il-suo-volto\/\" target=\"_blank\" rel=\"noopener noreferrer\">https:\/\/www.popoli-min.it\/2026\/gravi-attacchi-contro-i-curdi-ad-aleppo-il-regime-siriano-mostra-nuovamente-il-suo-volto\/<\/a><\/p>\n<p>4.12.2025<br \/>\nUn anno dopo la caduta di Assad \u2013 Grave pericolo di genocidio contro<br \/>\nAlawiti e Drusi \u2013 Stop alle espulsioni verso la Siria!<br \/>\n<a href=\"https:\/\/www.popoli-min.it\/2025\/un-anno-dopo-la-caduta-di-assad-grave-pericolo-di-genocidio-contro-alawiti-e-drusi-stop-alle-espulsioni-verso-la-siria\/\" target=\"_blank\" rel=\"noopener noreferrer\">https:\/\/www.popoli-min.it\/2025\/un-anno-dopo-la-caduta-di-assad-grave-pericolo-di-genocidio-contro-alawiti-e-drusi-stop-alle-espulsioni-verso-la-siria\/<\/a><\/p>\n<p>12.12.2025<br \/>\nSiria: \u201cPerch\u00e9 ci risulta cos\u00ec difficile denunciare le violazioni dei<br \/>\ndiritti umani quando si verificano, indipendentemente da chi le commette?\u201d<br \/>\n<a href=\"https:\/\/www.popoli-min.it\/dossier\/siria-perche-ci-risulta-cosi-difficile-denunciare-le-violazioni-dei-diritti-umani-quando-si-verificano-indipendentemente-da-chi-le-commette\/\" target=\"_blank\" rel=\"noopener noreferrer\">https:\/\/www.popoli-min.it\/dossier\/siria-perche-ci-risulta-cosi-difficile-denunciare-le-violazioni-dei-diritti-umani-quando-si-verificano-indipendentemente-da-chi-le-commette\/<\/a><\/p>\n<p>8.10.2025<br \/>\nSei anni dall\u2019invasione turca di Serekaniye (9 ottobre): 70.000 persone<br \/>\nancora in fuga<br \/>\n<a href=\"https:\/\/www.popoli-min.it\/2025\/sei-anni-dallinvasione-turca-di-serekaniye-9-ottobre-70-000-persone-ancora-in-fuga\/\" target=\"_blank\" rel=\"noopener noreferrer\">https:\/\/www.popoli-min.it\/2025\/sei-anni-dallinvasione-turca-di-serekaniye-9-ottobre-70-000-persone-ancora-in-fuga\/<\/a><\/p>\n<p>9.9.2025<br \/>\nElezioni farsa in Siria: non legittimare il regime islamista!<br \/>\n<a href=\"https:\/\/www.popoli-min.it\/2025\/elezioni-farsa-in-siria-non-legittimare-il-regime-islamista\/\" target=\"_blank\" rel=\"noopener noreferrer\">https:\/\/www.popoli-min.it\/2025\/elezioni-farsa-in-siria-non-legittimare-il-regime-islamista\/<\/a><\/p>\n<p>20.8.2025<br \/>\nSiria: spirale di violenza a sfondo religioso \u2013 Continuano gli attacchi<br \/>\ncontro Drusi e Alawiti<br \/>\n<a href=\"https:\/\/www.popoli-min.it\/2025\/siria-spirale-di-violenza-a-sfondo-religioso-continuano-gli-attacchi-contro-drusi-e-alawiti\/\" target=\"_blank\" rel=\"noopener noreferrer\">https:\/\/www.popoli-min.it\/2025\/siria-spirale-di-violenza-a-sfondo-religioso-continuano-gli-attacchi-contro-drusi-e-alawiti\/<\/a><\/p>\n<p>23.7.2025<br \/>\nAnniversario della fondazione della prima universit\u00e0 curda in Siria (26<br \/>\nluglio): gli islamisti esercitano una pressione crescente sulle<br \/>\nuniversit\u00e0 siriane<br \/>\n<a href=\"https:\/\/www.popoli-min.it\/2025\/anniversario-della-fondazione-della-prima-universita-curda-in-siria-26-luglio-gli-islamisti-esercitano-una-pressione-crescente-sulle-universita-siriane\/\" target=\"_blank\" rel=\"noopener noreferrer\">https:\/\/www.popoli-min.it\/2025\/anniversario-della-fondazione-della-prima-universita-curda-in-siria-26-luglio-gli-islamisti-esercitano-una-pressione-crescente-sulle-universita-siriane\/<\/a><\/p>\n<p>17.3.2025<br \/>\n7. anniversario dell\u2019occupazione di Afr\u00een \u2013 La Turchia deve ritirare le<br \/>\ntruppe \u2013 La popolazione curda ha bisogno di opzioni per un ritorno sicuro!<br \/>\n<a href=\"https:\/\/www.popoli-min.it\/2025\/7-anniversario-delloccupazione-di-afrin-la-turchia-deve-ritirare-le-truppe-la-popolazione-curda-ha-bisogno-di-opzioni-per-un-ritorno-sicuro\/\" target=\"_blank\" rel=\"noopener noreferrer\">https:\/\/www.popoli-min.it\/2025\/7-anniversario-delloccupazione-di-afrin-la-turchia-deve-ritirare-le-truppe-la-popolazione-curda-ha-bisogno-di-opzioni-per-un-ritorno-sicuro\/<\/a><\/p>\n<p>10.6.2025<br \/>\nViolenze contro i Drusi in Siria. I governanti preparano la popolazione<br \/>\nall\u2019attacco<br \/>\n<a href=\"https:\/\/www.popoli-min.it\/2025\/violenze-contro-i-drusi-in-siria-i-governanti-preparano-la-popolazione-allattacco\/\" target=\"_blank\" rel=\"noopener noreferrer\">https:\/\/www.popoli-min.it\/2025\/violenze-contro-i-drusi-in-siria-i-governanti-preparano-la-popolazione-allattacco\/<\/a><\/p>\n<p>5.6.2025<br \/>\nSei mesi dalla caduta di Assad (8 giugno): la diversit\u00e0 in Siria viene<br \/>\ngradualmente distrutta<br \/>\n<a href=\"https:\/\/www.popoli-min.it\/2025\/sei-mesi-dalla-caduta-di-assad-8-giugno-la-diversita-in-siria-viene-gradualmente-distrutta\/\" target=\"_blank\" rel=\"noopener noreferrer\">https:\/\/www.popoli-min.it\/2025\/sei-mesi-dalla-caduta-di-assad-8-giugno-la-diversita-in-siria-viene-gradualmente-distrutta\/<\/a><\/p>\n<p>22.5.2025<br \/>\nRevoca delle sanzioni alla Siria da parte dell\u2019UE. Revoca benvenuta, ma<br \/>\npericolosa<br \/>\n<a href=\"https:\/\/www.popoli-min.it\/2025\/revoca-delle-sanzioni-alla-siria-da-parte-dellue-revoca-benvenuta-ma-pericolosa\/\" target=\"_blank\" rel=\"noopener noreferrer\">https:\/\/www.popoli-min.it\/2025\/revoca-delle-sanzioni-alla-siria-da-parte-dellue-revoca-benvenuta-ma-pericolosa\/<\/a><\/p>\n<p>7.5.2025<br \/>\nIn viaggio attraverso la Siria: Drusi e Alawiti in Siria temono<br \/>\nun\u2019escalation di violenza<br \/>\n<a href=\"https:\/\/www.popoli-min.it\/2025\/in-viaggio-attraverso-la-siria-drusi-e-alawiti-in-siria-temono-unescalation-di-violenza\/\" target=\"_blank\" rel=\"noopener noreferrer\">https:\/\/www.popoli-min.it\/2025\/in-viaggio-attraverso-la-siria-drusi-e-alawiti-in-siria-temono-unescalation-di-violenza\/<\/a><\/p>\n<p>16.4.2025<br \/>\nVescovi rapiti in Siria \u2013 Indagare a fondo sui crimini, fermare la<br \/>\npersecuzione delle minoranze<br \/>\n<a href=\"https:\/\/www.popoli-min.it\/2025\/vescovi-rapiti-in-siria-indagare-a-fondo-sui-crimini-fermare-la-persecuzione-delle-minoranze\/\" target=\"_blank\" rel=\"noopener noreferrer\">https:\/\/www.popoli-min.it\/2025\/vescovi-rapiti-in-siria-indagare-a-fondo-sui-crimini-fermare-la-persecuzione-delle-minoranze\/<\/a><\/p>\n<p>Wiki &gt;&gt;&gt; Koban\u00ea<br \/>\n<a href=\"https:\/\/it.wikipedia.org\/wiki\/Koban\" target=\"_blank\" rel=\"noopener noreferrer\">https:\/\/it.wikipedia.org\/wiki\/Koban<\/a>\u00ea<\/p>\n","protected":false},"excerpt":{"rendered":"<p>Gli attacchi genocidi del regime islamista di Damasco contro le zone curde nel nord-est della Siria continuano. Decine di migliaia di curdi sono in fuga. Intere citt\u00e0 e regioni sono circondate e isolate dal mondo esterno, senza possibilit\u00e0 di ricevere&hellip;<\/p>\n","protected":false},"author":903,"featured_media":2670282,"comment_status":"closed","ping_status":"closed","sticky":false,"template":"","format":"standard","meta":{"footnotes":""},"categories":[150,52,1262],"tags":[150320,12440,3502,234],"class_list":["post-2670277","post","type-post","status-publish","format-standard","has-post-thumbnail","hentry","category-comunicati-stampa","category-medio-oriente","category-nonviolenza-argomento","tag-appello-alla-pace","tag-kobane","tag-proteste","tag-siria-it"],"yoast_head":"<!-- This site is optimized with the Yoast SEO plugin v27.1.1 - https:\/\/yoast.com\/product\/yoast-seo-wordpress\/ -->\n<title>Siria: Koban\u00ea, simbolo di speranza, \u00e8 nuovamente minacciata dagli islamisti<\/title>\n<meta name=\"description\" content=\"Facciamo appello ai curdi, ai drusi, agli alawiti e alle persone solidali in tutta Europa che protestano affinch\u00e9, anche di fronte al dolore di notizie sempre pi\u00f9 drammatiche provenienti dalla Siria, tutti i manifestanti protestino pacificamente\" \/>\n<meta name=\"robots\" content=\"index, follow, max-snippet:-1, max-image-preview:large, max-video-preview:-1\" \/>\n<link rel=\"canonical\" href=\"https:\/\/www.pressenza.com\/it\/2026\/01\/siria-kobane-simbolo-di-speranza-e-nuovamente-minacciata-dagli-islamisti\/\" \/>\n<meta property=\"og:locale\" content=\"it_IT\" \/>\n<meta property=\"og:type\" content=\"article\" \/>\n<meta property=\"og:title\" content=\"Siria: Koban\u00ea, simbolo di speranza, \u00e8 nuovamente minacciata dagli islamisti\" \/>\n<meta property=\"og:description\" content=\"Facciamo appello ai curdi, ai drusi, agli alawiti e alle persone solidali in tutta Europa che protestano affinch\u00e9, anche di fronte al dolore di notizie sempre pi\u00f9 drammatiche provenienti dalla Siria, tutti i manifestanti protestino pacificamente\" \/>\n<meta property=\"og:url\" content=\"https:\/\/www.pressenza.com\/it\/2026\/01\/siria-kobane-simbolo-di-speranza-e-nuovamente-minacciata-dagli-islamisti\/\" \/>\n<meta property=\"og:site_name\" content=\"Pressenza\" \/>\n<meta property=\"article:publisher\" content=\"https:\/\/www.facebook.com\/PressenzaItalia\" \/>\n<meta property=\"article:author\" content=\"https:\/\/www.facebook.com\/popoliminacciati\" \/>\n<meta property=\"article:published_time\" content=\"2026-01-23T22:43:51+00:00\" \/>\n<meta property=\"article:modified_time\" content=\"2026-01-23T22:44:38+00:00\" \/>\n<meta property=\"og:image\" content=\"https:\/\/www.pressenza.com\/wp-content\/uploads\/2026\/01\/Tombe-kurde.jpg\" \/>\n\t<meta property=\"og:image:width\" content=\"820\" \/>\n\t<meta property=\"og:image:height\" content=\"540\" \/>\n\t<meta property=\"og:image:type\" content=\"image\/jpeg\" \/>\n<meta name=\"author\" content=\"Associazione per i Popoli Minacciati\" \/>\n<meta name=\"twitter:card\" content=\"summary_large_image\" \/>\n<meta name=\"twitter:creator\" content=\"@PressenzaIPA\" \/>\n<meta name=\"twitter:site\" content=\"@PressenzaIPA\" \/>\n<meta name=\"twitter:label1\" content=\"Scritto da\" \/>\n\t<meta name=\"twitter:data1\" content=\"Associazione per i Popoli Minacciati\" \/>\n\t<meta name=\"twitter:label2\" content=\"Tempo di lettura stimato\" \/>\n\t<meta name=\"twitter:data2\" content=\"5 minuti\" \/>\n<script type=\"application\/ld+json\" class=\"yoast-schema-graph\">{\"@context\":\"https:\/\/schema.org\",\"@graph\":[{\"@type\":\"Article\",\"@id\":\"https:\/\/www.pressenza.com\/it\/2026\/01\/siria-kobane-simbolo-di-speranza-e-nuovamente-minacciata-dagli-islamisti\/#article\",\"isPartOf\":{\"@id\":\"https:\/\/www.pressenza.com\/it\/2026\/01\/siria-kobane-simbolo-di-speranza-e-nuovamente-minacciata-dagli-islamisti\/\"},\"author\":{\"name\":\"Associazione per i Popoli Minacciati\",\"@id\":\"https:\/\/www.pressenza.com\/it\/#\/schema\/person\/cdd4529aa9392a0fa5dc5a848b317076\"},\"headline\":\"Siria: Koban\u00ea, simbolo di speranza, \u00e8 nuovamente minacciata dagli islamisti\",\"datePublished\":\"2026-01-23T22:43:51+00:00\",\"dateModified\":\"2026-01-23T22:44:38+00:00\",\"mainEntityOfPage\":{\"@id\":\"https:\/\/www.pressenza.com\/it\/2026\/01\/siria-kobane-simbolo-di-speranza-e-nuovamente-minacciata-dagli-islamisti\/\"},\"wordCount\":857,\"publisher\":{\"@id\":\"https:\/\/www.pressenza.com\/it\/#organization\"},\"image\":{\"@id\":\"https:\/\/www.pressenza.com\/it\/2026\/01\/siria-kobane-simbolo-di-speranza-e-nuovamente-minacciata-dagli-islamisti\/#primaryimage\"},\"thumbnailUrl\":\"https:\/\/www.pressenza.com\/wp-content\/uploads\/2026\/01\/Tombe-kurde.jpg\",\"keywords\":[\"appello alla pace\",\"Kobane\",\"proteste\",\"Siria\"],\"articleSection\":[\"Comunicati Stampa\",\"Medio Oriente\",\"Nonviolenza\"],\"inLanguage\":\"it-IT\"},{\"@type\":\"WebPage\",\"@id\":\"https:\/\/www.pressenza.com\/it\/2026\/01\/siria-kobane-simbolo-di-speranza-e-nuovamente-minacciata-dagli-islamisti\/\",\"url\":\"https:\/\/www.pressenza.com\/it\/2026\/01\/siria-kobane-simbolo-di-speranza-e-nuovamente-minacciata-dagli-islamisti\/\",\"name\":\"Siria: Koban\u00ea, simbolo di speranza, \u00e8 nuovamente minacciata dagli islamisti\",\"isPartOf\":{\"@id\":\"https:\/\/www.pressenza.com\/it\/#website\"},\"primaryImageOfPage\":{\"@id\":\"https:\/\/www.pressenza.com\/it\/2026\/01\/siria-kobane-simbolo-di-speranza-e-nuovamente-minacciata-dagli-islamisti\/#primaryimage\"},\"image\":{\"@id\":\"https:\/\/www.pressenza.com\/it\/2026\/01\/siria-kobane-simbolo-di-speranza-e-nuovamente-minacciata-dagli-islamisti\/#primaryimage\"},\"thumbnailUrl\":\"https:\/\/www.pressenza.com\/wp-content\/uploads\/2026\/01\/Tombe-kurde.jpg\",\"datePublished\":\"2026-01-23T22:43:51+00:00\",\"dateModified\":\"2026-01-23T22:44:38+00:00\",\"description\":\"Facciamo appello ai curdi, ai drusi, agli alawiti e alle persone solidali in tutta Europa che protestano affinch\u00e9, anche di fronte al dolore di notizie sempre pi\u00f9 drammatiche provenienti dalla Siria, tutti i manifestanti protestino pacificamente\",\"breadcrumb\":{\"@id\":\"https:\/\/www.pressenza.com\/it\/2026\/01\/siria-kobane-simbolo-di-speranza-e-nuovamente-minacciata-dagli-islamisti\/#breadcrumb\"},\"inLanguage\":\"it-IT\",\"potentialAction\":[{\"@type\":\"ReadAction\",\"target\":[\"https:\/\/www.pressenza.com\/it\/2026\/01\/siria-kobane-simbolo-di-speranza-e-nuovamente-minacciata-dagli-islamisti\/\"]}]},{\"@type\":\"ImageObject\",\"inLanguage\":\"it-IT\",\"@id\":\"https:\/\/www.pressenza.com\/it\/2026\/01\/siria-kobane-simbolo-di-speranza-e-nuovamente-minacciata-dagli-islamisti\/#primaryimage\",\"url\":\"https:\/\/www.pressenza.com\/wp-content\/uploads\/2026\/01\/Tombe-kurde.jpg\",\"contentUrl\":\"https:\/\/www.pressenza.com\/wp-content\/uploads\/2026\/01\/Tombe-kurde.jpg\",\"width\":820,\"height\":540},{\"@type\":\"BreadcrumbList\",\"@id\":\"https:\/\/www.pressenza.com\/it\/2026\/01\/siria-kobane-simbolo-di-speranza-e-nuovamente-minacciata-dagli-islamisti\/#breadcrumb\",\"itemListElement\":[{\"@type\":\"ListItem\",\"position\":1,\"name\":\"Accueil\",\"item\":\"https:\/\/www.pressenza.com\/it\/\"},{\"@type\":\"ListItem\",\"position\":2,\"name\":\"Siria: Koban\u00ea, simbolo di speranza, \u00e8 nuovamente minacciata dagli islamisti\"}]},{\"@type\":\"WebSite\",\"@id\":\"https:\/\/www.pressenza.com\/it\/#website\",\"url\":\"https:\/\/www.pressenza.com\/it\/\",\"name\":\"Pressenza\",\"description\":\"Agenzia di Stampa Internazionale\",\"publisher\":{\"@id\":\"https:\/\/www.pressenza.com\/it\/#organization\"},\"potentialAction\":[{\"@type\":\"SearchAction\",\"target\":{\"@type\":\"EntryPoint\",\"urlTemplate\":\"https:\/\/www.pressenza.com\/it\/?s={search_term_string}\"},\"query-input\":{\"@type\":\"PropertyValueSpecification\",\"valueRequired\":true,\"valueName\":\"search_term_string\"}}],\"inLanguage\":\"it-IT\"},{\"@type\":\"Organization\",\"@id\":\"https:\/\/www.pressenza.com\/it\/#organization\",\"name\":\"Pressenza\",\"url\":\"https:\/\/www.pressenza.com\/it\/\",\"logo\":{\"@type\":\"ImageObject\",\"inLanguage\":\"it-IT\",\"@id\":\"https:\/\/www.pressenza.com\/it\/#\/schema\/logo\/image\/\",\"url\":\"https:\/\/www.pressenza.com\/wp-content\/uploads\/2022\/10\/pressenza_logo_200x200.jpg\",\"contentUrl\":\"https:\/\/www.pressenza.com\/wp-content\/uploads\/2022\/10\/pressenza_logo_200x200.jpg\",\"width\":200,\"height\":200,\"caption\":\"Pressenza\"},\"image\":{\"@id\":\"https:\/\/www.pressenza.com\/it\/#\/schema\/logo\/image\/\"},\"sameAs\":[\"https:\/\/www.facebook.com\/PressenzaItalia\",\"https:\/\/x.com\/PressenzaIPA\"]},{\"@type\":\"Person\",\"@id\":\"https:\/\/www.pressenza.com\/it\/#\/schema\/person\/cdd4529aa9392a0fa5dc5a848b317076\",\"name\":\"Associazione per i Popoli Minacciati\",\"description\":\"L'APM d\u00e0 voce alle vittime delle violazioni dei diritti umani. Assieme alle vittime, ci impegniamo per i diritti delle minoranze etniche, linguistiche e religiose minacciate e perseguitate, dei popoli senza Stato e delle comunit\u00e0 dei popoli indigeni. Senza condizionamenti politici o ideologici rendiamo noti crimini contro l'umanit\u00e0 e accusiamo i responsabili di genocidi, di esodi di massa, di repressioni, di persecuzioni e di discriminazioni. Siamo sempre dalla parte delle vittime di arbitr\u00ee e violenze. Con il nostro stato consultivo presso le Nazioni Unite abbiamo il diritto di parola alle Conferenze internazionali. In questo modo consentiamo ai rappresentanti di queste minoranze l'accesso agli organi dell'ONU. La nostra organizzazione lavora al livello internazionale: l'APM si trova in Germania, Italia (Sudtirolo), Francia, Svizzera, Austria, Lussemburgo e Bosnia-Herzegowina. www.gfbv.it\",\"sameAs\":[\"http:\/\/www.gfbv.it\/\",\"https:\/\/www.facebook.com\/popoliminacciati\"],\"url\":\"https:\/\/www.pressenza.com\/it\/author\/associazione-per-i-popoli-minacciati\/\"}]}<\/script>\n<!-- \/ Yoast SEO plugin. -->","yoast_head_json":{"title":"Siria: Koban\u00ea, simbolo di speranza, \u00e8 nuovamente minacciata dagli islamisti","description":"Facciamo appello ai curdi, ai drusi, agli alawiti e alle persone solidali in tutta Europa che protestano affinch\u00e9, anche di fronte al dolore di notizie sempre pi\u00f9 drammatiche provenienti dalla Siria, tutti i manifestanti protestino pacificamente","robots":{"index":"index","follow":"follow","max-snippet":"max-snippet:-1","max-image-preview":"max-image-preview:large","max-video-preview":"max-video-preview:-1"},"canonical":"https:\/\/www.pressenza.com\/it\/2026\/01\/siria-kobane-simbolo-di-speranza-e-nuovamente-minacciata-dagli-islamisti\/","og_locale":"it_IT","og_type":"article","og_title":"Siria: Koban\u00ea, simbolo di speranza, \u00e8 nuovamente minacciata dagli islamisti","og_description":"Facciamo appello ai curdi, ai drusi, agli alawiti e alle persone solidali in tutta Europa che protestano affinch\u00e9, anche di fronte al dolore di notizie sempre pi\u00f9 drammatiche provenienti dalla Siria, tutti i manifestanti protestino pacificamente","og_url":"https:\/\/www.pressenza.com\/it\/2026\/01\/siria-kobane-simbolo-di-speranza-e-nuovamente-minacciata-dagli-islamisti\/","og_site_name":"Pressenza","article_publisher":"https:\/\/www.facebook.com\/PressenzaItalia","article_author":"https:\/\/www.facebook.com\/popoliminacciati","article_published_time":"2026-01-23T22:43:51+00:00","article_modified_time":"2026-01-23T22:44:38+00:00","og_image":[{"width":820,"height":540,"url":"https:\/\/www.pressenza.com\/wp-content\/uploads\/2026\/01\/Tombe-kurde.jpg","type":"image\/jpeg"}],"author":"Associazione per i Popoli Minacciati","twitter_card":"summary_large_image","twitter_creator":"@PressenzaIPA","twitter_site":"@PressenzaIPA","twitter_misc":{"Scritto da":"Associazione per i Popoli Minacciati","Tempo di lettura stimato":"5 minuti"},"schema":{"@context":"https:\/\/schema.org","@graph":[{"@type":"Article","@id":"https:\/\/www.pressenza.com\/it\/2026\/01\/siria-kobane-simbolo-di-speranza-e-nuovamente-minacciata-dagli-islamisti\/#article","isPartOf":{"@id":"https:\/\/www.pressenza.com\/it\/2026\/01\/siria-kobane-simbolo-di-speranza-e-nuovamente-minacciata-dagli-islamisti\/"},"author":{"name":"Associazione per i Popoli Minacciati","@id":"https:\/\/www.pressenza.com\/it\/#\/schema\/person\/cdd4529aa9392a0fa5dc5a848b317076"},"headline":"Siria: Koban\u00ea, simbolo di speranza, \u00e8 nuovamente minacciata dagli islamisti","datePublished":"2026-01-23T22:43:51+00:00","dateModified":"2026-01-23T22:44:38+00:00","mainEntityOfPage":{"@id":"https:\/\/www.pressenza.com\/it\/2026\/01\/siria-kobane-simbolo-di-speranza-e-nuovamente-minacciata-dagli-islamisti\/"},"wordCount":857,"publisher":{"@id":"https:\/\/www.pressenza.com\/it\/#organization"},"image":{"@id":"https:\/\/www.pressenza.com\/it\/2026\/01\/siria-kobane-simbolo-di-speranza-e-nuovamente-minacciata-dagli-islamisti\/#primaryimage"},"thumbnailUrl":"https:\/\/www.pressenza.com\/wp-content\/uploads\/2026\/01\/Tombe-kurde.jpg","keywords":["appello alla pace","Kobane","proteste","Siria"],"articleSection":["Comunicati Stampa","Medio Oriente","Nonviolenza"],"inLanguage":"it-IT"},{"@type":"WebPage","@id":"https:\/\/www.pressenza.com\/it\/2026\/01\/siria-kobane-simbolo-di-speranza-e-nuovamente-minacciata-dagli-islamisti\/","url":"https:\/\/www.pressenza.com\/it\/2026\/01\/siria-kobane-simbolo-di-speranza-e-nuovamente-minacciata-dagli-islamisti\/","name":"Siria: Koban\u00ea, simbolo di speranza, \u00e8 nuovamente minacciata dagli islamisti","isPartOf":{"@id":"https:\/\/www.pressenza.com\/it\/#website"},"primaryImageOfPage":{"@id":"https:\/\/www.pressenza.com\/it\/2026\/01\/siria-kobane-simbolo-di-speranza-e-nuovamente-minacciata-dagli-islamisti\/#primaryimage"},"image":{"@id":"https:\/\/www.pressenza.com\/it\/2026\/01\/siria-kobane-simbolo-di-speranza-e-nuovamente-minacciata-dagli-islamisti\/#primaryimage"},"thumbnailUrl":"https:\/\/www.pressenza.com\/wp-content\/uploads\/2026\/01\/Tombe-kurde.jpg","datePublished":"2026-01-23T22:43:51+00:00","dateModified":"2026-01-23T22:44:38+00:00","description":"Facciamo appello ai curdi, ai drusi, agli alawiti e alle persone solidali in tutta Europa che protestano affinch\u00e9, anche di fronte al dolore di notizie sempre pi\u00f9 drammatiche provenienti dalla Siria, tutti i manifestanti protestino pacificamente","breadcrumb":{"@id":"https:\/\/www.pressenza.com\/it\/2026\/01\/siria-kobane-simbolo-di-speranza-e-nuovamente-minacciata-dagli-islamisti\/#breadcrumb"},"inLanguage":"it-IT","potentialAction":[{"@type":"ReadAction","target":["https:\/\/www.pressenza.com\/it\/2026\/01\/siria-kobane-simbolo-di-speranza-e-nuovamente-minacciata-dagli-islamisti\/"]}]},{"@type":"ImageObject","inLanguage":"it-IT","@id":"https:\/\/www.pressenza.com\/it\/2026\/01\/siria-kobane-simbolo-di-speranza-e-nuovamente-minacciata-dagli-islamisti\/#primaryimage","url":"https:\/\/www.pressenza.com\/wp-content\/uploads\/2026\/01\/Tombe-kurde.jpg","contentUrl":"https:\/\/www.pressenza.com\/wp-content\/uploads\/2026\/01\/Tombe-kurde.jpg","width":820,"height":540},{"@type":"BreadcrumbList","@id":"https:\/\/www.pressenza.com\/it\/2026\/01\/siria-kobane-simbolo-di-speranza-e-nuovamente-minacciata-dagli-islamisti\/#breadcrumb","itemListElement":[{"@type":"ListItem","position":1,"name":"Accueil","item":"https:\/\/www.pressenza.com\/it\/"},{"@type":"ListItem","position":2,"name":"Siria: Koban\u00ea, simbolo di speranza, \u00e8 nuovamente minacciata dagli islamisti"}]},{"@type":"WebSite","@id":"https:\/\/www.pressenza.com\/it\/#website","url":"https:\/\/www.pressenza.com\/it\/","name":"Pressenza","description":"Agenzia di Stampa Internazionale","publisher":{"@id":"https:\/\/www.pressenza.com\/it\/#organization"},"potentialAction":[{"@type":"SearchAction","target":{"@type":"EntryPoint","urlTemplate":"https:\/\/www.pressenza.com\/it\/?s={search_term_string}"},"query-input":{"@type":"PropertyValueSpecification","valueRequired":true,"valueName":"search_term_string"}}],"inLanguage":"it-IT"},{"@type":"Organization","@id":"https:\/\/www.pressenza.com\/it\/#organization","name":"Pressenza","url":"https:\/\/www.pressenza.com\/it\/","logo":{"@type":"ImageObject","inLanguage":"it-IT","@id":"https:\/\/www.pressenza.com\/it\/#\/schema\/logo\/image\/","url":"https:\/\/www.pressenza.com\/wp-content\/uploads\/2022\/10\/pressenza_logo_200x200.jpg","contentUrl":"https:\/\/www.pressenza.com\/wp-content\/uploads\/2022\/10\/pressenza_logo_200x200.jpg","width":200,"height":200,"caption":"Pressenza"},"image":{"@id":"https:\/\/www.pressenza.com\/it\/#\/schema\/logo\/image\/"},"sameAs":["https:\/\/www.facebook.com\/PressenzaItalia","https:\/\/x.com\/PressenzaIPA"]},{"@type":"Person","@id":"https:\/\/www.pressenza.com\/it\/#\/schema\/person\/cdd4529aa9392a0fa5dc5a848b317076","name":"Associazione per i Popoli Minacciati","description":"L'APM d\u00e0 voce alle vittime delle violazioni dei diritti umani. Assieme alle vittime, ci impegniamo per i diritti delle minoranze etniche, linguistiche e religiose minacciate e perseguitate, dei popoli senza Stato e delle comunit\u00e0 dei popoli indigeni. Senza condizionamenti politici o ideologici rendiamo noti crimini contro l'umanit\u00e0 e accusiamo i responsabili di genocidi, di esodi di massa, di repressioni, di persecuzioni e di discriminazioni. Siamo sempre dalla parte delle vittime di arbitr\u00ee e violenze. Con il nostro stato consultivo presso le Nazioni Unite abbiamo il diritto di parola alle Conferenze internazionali. In questo modo consentiamo ai rappresentanti di queste minoranze l'accesso agli organi dell'ONU. La nostra organizzazione lavora al livello internazionale: l'APM si trova in Germania, Italia (Sudtirolo), Francia, Svizzera, Austria, Lussemburgo e Bosnia-Herzegowina. www.gfbv.it","sameAs":["http:\/\/www.gfbv.it\/","https:\/\/www.facebook.com\/popoliminacciati"],"url":"https:\/\/www.pressenza.com\/it\/author\/associazione-per-i-popoli-minacciati\/"}]}},"place":"","original_article_url":"","_links":{"self":[{"href":"https:\/\/www.pressenza.com\/it\/wp-json\/wp\/v2\/posts\/2670277","targetHints":{"allow":["GET"]}}],"collection":[{"href":"https:\/\/www.pressenza.com\/it\/wp-json\/wp\/v2\/posts"}],"about":[{"href":"https:\/\/www.pressenza.com\/it\/wp-json\/wp\/v2\/types\/post"}],"author":[{"embeddable":true,"href":"https:\/\/www.pressenza.com\/it\/wp-json\/wp\/v2\/users\/903"}],"replies":[{"embeddable":true,"href":"https:\/\/www.pressenza.com\/it\/wp-json\/wp\/v2\/comments?post=2670277"}],"version-history":[{"count":2,"href":"https:\/\/www.pressenza.com\/it\/wp-json\/wp\/v2\/posts\/2670277\/revisions"}],"predecessor-version":[{"id":2670285,"href":"https:\/\/www.pressenza.com\/it\/wp-json\/wp\/v2\/posts\/2670277\/revisions\/2670285"}],"wp:featuredmedia":[{"embeddable":true,"href":"https:\/\/www.pressenza.com\/it\/wp-json\/wp\/v2\/media\/2670282"}],"wp:attachment":[{"href":"https:\/\/www.pressenza.com\/it\/wp-json\/wp\/v2\/media?parent=2670277"}],"wp:term":[{"taxonomy":"category","embeddable":true,"href":"https:\/\/www.pressenza.com\/it\/wp-json\/wp\/v2\/categories?post=2670277"},{"taxonomy":"post_tag","embeddable":true,"href":"https:\/\/www.pressenza.com\/it\/wp-json\/wp\/v2\/tags?post=2670277"}],"curies":[{"name":"wp","href":"https:\/\/api.w.org\/{rel}","templated":true}]}}