{"id":2670046,"date":"2026-01-23T11:59:00","date_gmt":"2026-01-23T11:59:00","guid":{"rendered":"https:\/\/www.pressenza.com\/?p=2670046"},"modified":"2026-01-23T11:59:00","modified_gmt":"2026-01-23T11:59:00","slug":"parole-contro-il-carcere-una-raccolta-di-scritti-delle-detenute-a-torino","status":"publish","type":"post","link":"https:\/\/www.pressenza.com\/it\/2026\/01\/parole-contro-il-carcere-una-raccolta-di-scritti-delle-detenute-a-torino\/","title":{"rendered":"Parole contro il carcere. Una raccolta di scritti delle detenute a Torino"},"content":{"rendered":"<p>Il volume\u00a0<i>Un giorno, tre autunni. Il tempo dentro il carcere<\/i>, curato da <strong>Brunella Lottero<\/strong> e <strong>Cinzia Morone<\/strong>, \u00e8 uscito a maggio del 2025 per Paolo Sorba Editore, ma \u00e8 rimasto sconosciuto per molti mesi persino a chi, a <strong>Torino<\/strong>, si occupa o si interessa di carcere. Forse perch\u00e9 il suo contenuto spaventava, o perlomeno metteva in imbarazzo molte istituzioni, o forse, molto pi\u00f9 semplicemente, perch\u00e9 viviamo tutti dentro a bolle comunicative e relazionali sempre pi\u00f9 ristrette e sempre meno comunicanti. Poi \u00e8 arrivato il premio Sarzana: a gennaio 2026 il libro vince il \u201cXIII premio letterario Internazionale Poesia, Narrativa, Saggistica Sarzanae\u201d e la notizia emerge e si diffonde suscitando finalmente l\u2019interesse che merita. Il libro riprende vita e comincia a circolare, soprattutto tra chi di carcere si occupa e nelle lotte anti-carcerarie si impegna.<\/p>\n<p>Il testo nasce nelle sezioni femminili del <strong>carcere Lorusso e Cotugno<\/strong> di Torino dove due donne entrano il sabato mattina per nove mesi (sar\u00e0 simbolico?) per condurre un laboratorio di scrittura creativa nella biblioteca del femminile, da sempre gestita dal <strong>comune di Torino<\/strong>, di cui Cinzia Morone \u00e8 responsabile. \u00c8 lei che da molti anni cura la biblioteca interna, la rifornisce di libri, propone letture condivise, laboratori o visioni di film. Questa volta organizza un laboratorio di scrittura creativa insieme a una vera scrittrice: Brunella Lottero. Nel laboratorio si propone la lettura di una grande scrittrice italiana, <strong>Elsa Morante<\/strong>. I brani tratti dai nove capitoli de\u00a0<i>La storia\u00a0<\/i>sono letti insieme, sono rielaborati e ispirano gli argomenti su cui redigere i propri testi. Alla fine del laboratorio ogni donna rientra nelle celle e si mette a scrivere dopo aver ritrovato nel racconto della Morante un tema generatore della propria condizione umana.<\/p>\n<p>La vita in carcere, la famiglia, gli amori, le speranze, le disperazioni, la vergogna, il tempo, il futuro: sono tantissime le suggestioni proposte e sviluppate nei numerosi brani che le donne hanno prodotto mese per mese; centododici i testi che qui sono pubblicati. Ne nasce una narrazione corale potente. Potente e struggente, che disvela, a chi ancora vuole chiudere gli occhi, la totale inutilit\u00e0 del carcere e la sua aberrante crudelt\u00e0. Le parole delle detenute non hanno filtri (segnaliamo peraltro che nessun testo \u00e8 stato sottoposto alla censura da parte della direzione del carcere, fatto da non darsi per scontato) e tramite i loro occhi e le loro voci entriamo nell\u2019inferno dell\u2019universo carcerario italiano e del significato \u201crieducazione della pena\u201d.<\/p>\n<p>\u201cIl carcere \u00e8 un\u2019oscenit\u00e0, un inferno. Trovo scarafaggi dappertutto. La testa ti fa riflettere in modo ossessivo\u201d. \u201cTutto tace, ore 7,30 del mattino. Una voce improvvisa urla fortissimo: colazione!!! poi di nuovo il silenzio. Ore 8,45 si sente urlare di nuovo: terapia! Tutto prosegue, una giornata triste e desolata. Si sentono solo le urla e si vedono scarafaggi qua e l\u00e0. La giornata prosegue con le urla delle assistenti che rompono il silenzio\u201d. \u201cQui mi manca tutto e certe volte non manca niente perch\u00e9 mi sembra che sto vivendo di niente e per niente\u201d. \u201cIn questo luogo le assistenti non ci assistono ma ci fanno la guardia, le urla sono quanto di pi\u00f9 normale ci sia. Io mi chiedo: le assistenti sono autorizzate a urlare? Pi\u00f9 urlano e pi\u00f9 fanno carriera? La nostra dignit\u00e0 qui viene quotidianamente calpestata e l\u2019urlo per me significa solo insulto\u201d. Sanno, queste donne, che avrebbero bisogno di tutt\u2019altro e che questo non luogo fa solo perdere tempo senza fornire nessuno strumento di uscita.<\/p>\n<p>\u201cQui non si preparano le detenute per il loro futuro: un lavoro, un mestiere, una possibilit\u00e0 di vita dignitosa\u00a0\u2018dopo\u2019. Molte di noi che non hanno lavorato mai prima si trovano a oziare in cella, tutto il giorno. Sono annoiate e si riversano sui programmi demenziali della tiv\u00f9. Preferiscono cos\u00ec terminare la pena in carcere, oziando. Per avere l\u2019affidamento al lavoro e quindi scontare gli ultimi anni o mesi lavorando fuori, non ci sono aziende che collaborano con il carcere offrendo posti di lavoro. Non tengono in considerazione che pi\u00f9 rimaniamo qui dentro, pi\u00f9 abbiamo paura del fuori e del futuro. Ci serve un ponte tra il carcere e fuori\u201d.<\/p>\n<p>Il futuro non \u00e8 pieno di speranza perch\u00e9 il futuro significa tornare in quella societ\u00e0 che in realt\u00e0 ha prodotto il tuo \u201csbaglio\u201d, quello che ti ha portato dentro. Quella societ\u00e0 in cui vivevi con malessere e disagio rifugiandoti spesso nella droga: molte donne descrivono una vita difficile, di strada, a molte sono stati sottratti i figli. Sono poche quelle che raccontano di una famiglia che le sta aspettando e con cui riescono a fare progetti. Per la maggior parte di loro il futuro \u00e8 nebuloso, o \u00e8 la speranza di un uomo che le ami e le porti via, in un rifugio in montagna, lontano da tutto e da tutti.<\/p>\n<p>E come non tornare col pensiero a <strong>Graziana<\/strong>, una compagna di cella di queste donne, che nel giugno del 2023 si \u00e8 tolta la vita dietro le sbarre perch\u00e9 in prossimit\u00e0 del fine pena che l\u2019avrebbe riportata al suo orrore quotidiano fatto di violenza domestica? Tutto \u00e8 grigio e desolante in questo carcere costruito solo quarant\u2019anni fa, ma gi\u00e0 desueto e fatiscente. Sarebbe da abbattere, come dicono in molti, e lo dice bene<strong> Nicoletta Dosio<\/strong> le cui parole risuonano tra le ultime pagine, un brano tratto dal suo libro\u00a0<i>Fogli dal carcere<\/i>: \u201cL\u2019unico carcere accettabile \u00e8 quello abolito\u201d.<\/p>\n<p>Ma come si abolisce il carcere? Come aderenti al comitato delle\u00a0<i>Mamme in piazza per la libert\u00e0 di dissenso<\/i>\u00a0ce lo stiamo chiedendo da alcuni anni, da quando siamo state obbligate a occuparci di carcere in seguito alla detenzione di alcune <strong>attiviste NoTav<\/strong> e di giovani studenti. Tramite le loro parole e i loro racconti siamo entrate in carcere, ne abbiamo conosciuto l\u2019orrore e l\u2019insensatezza. Dalla solidariet\u00e0 con le militanti \u00e8 nata la solidariet\u00e0 con tutte le donne del carcere femminile. Abbiamo continuato a sostenere le lotte delle \u201cragazze di Torino\u201d, gli scioperi della fame o del carrello, sempre accompagnati dalle loro\u00a0<a href=\"https:\/\/napolimonitor.it\/per-un-aumento-delle-liberazioni-anticipate-lettera-dal-carcere-femminile-di-torino\/\" target=\"_blank\" rel=\"nofollow noopener\" data-saferedirecturl=\"https:\/\/www.google.com\/url?q=https:\/\/napolimonitor.it\/per-un-aumento-delle-liberazioni-anticipate-lettera-dal-carcere-femminile-di-torino\/&amp;source=gmail&amp;ust=1769074263310000&amp;usg=AOvVaw1lXcUtoqE78ojYjZQ8kXHl\">lettere di denuncia<\/a>, gli appelli rivolti alle istituzioni, le rivendicazioni della dignit\u00e0 e dei diritti, che abbiamo contribuito a diffondere. Noi siamo, orgogliosamente, uno di quei ponti tra il dentro e il fuori a cui viene chiesto di portare fuori la loro voce. E le lettere delle \u201cragazze di Torino\u201d sono diventate un punto di riferimento importante nello scenario carcerario e anti-carcerario italiano.<\/p>\n<p>Non \u00e8 quindi un caso se in questo libro abbiamo ritrovato le stesse parole, le stesse denunce, la stessa richiesta di profonda dignit\u00e0. Ci viene da pensare che quel laboratorio sia stato una delle rare e importantissime azioni di\u00a0<i>empowerment<\/i>\u00a0delle donne che ha promosso riflessione critica e scrittura, che ha dato voce alle inascoltate. Loro hanno ritrovato le parole, i solidali le hanno diffuse. \u201cLe\u00a0parole sono armi\u201d, ci viene ricordato dal nome del laboratorio e la \u201cnarrazione critica e alternativa ha contribuito alle riforme carcerarie del Sessantotto\u201d, ci ricorda <strong>Claudio Sarzotti<\/strong> nella prefazione. Abbiamo visto trasformare le loro parole in armi, rivolte a un mondo politico e istituzionale che sta deliberatamente lasciando marcire le galere. Le parole sono armi. Usiamole per abbattere queste maledette carceri.<\/p>\n<p style=\"text-align: right;\"><em>Nicoletta Salvi Ouazzene<\/em><\/p>\n","protected":false},"excerpt":{"rendered":"<p>Il volume\u00a0Un giorno, tre autunni. Il tempo dentro il carcere, curato da Brunella Lottero e Cinzia Morone, \u00e8 uscito a maggio del 2025 per Paolo Sorba Editore, ma \u00e8 rimasto sconosciuto per molti mesi persino a chi, a Torino, si&hellip;<\/p>\n","protected":false},"author":2301,"featured_media":1077280,"comment_status":"closed","ping_status":"closed","sticky":false,"template":"","format":"standard","meta":{"footnotes":""},"categories":[60,47],"tags":[6642],"class_list":["post-2670046","post","type-post","status-publish","format-standard","has-post-thumbnail","hentry","category-diritti-umani","category-europa","tag-carcere"],"yoast_head":"<!-- This site is optimized with the Yoast SEO plugin v27.1.1 - https:\/\/yoast.com\/product\/yoast-seo-wordpress\/ -->\n<title>Parole contro il carcere. Una raccolta di scritti delle detenute a Torino<\/title>\n<meta name=\"description\" content=\"Il volume\u00a0Un giorno, tre autunni. Il tempo dentro il carcere, curato da Brunella Lottero e Cinzia Morone, \u00e8 uscito a maggio del 2025 per Paolo Sorba\" \/>\n<meta name=\"robots\" content=\"index, follow, max-snippet:-1, max-image-preview:large, max-video-preview:-1\" \/>\n<link rel=\"canonical\" href=\"https:\/\/www.pressenza.com\/it\/2026\/01\/parole-contro-il-carcere-una-raccolta-di-scritti-delle-detenute-a-torino\/\" \/>\n<meta property=\"og:locale\" content=\"it_IT\" \/>\n<meta property=\"og:type\" content=\"article\" \/>\n<meta property=\"og:title\" content=\"Parole contro il carcere. Una raccolta di scritti delle detenute a Torino\" \/>\n<meta property=\"og:description\" content=\"Il volume\u00a0Un giorno, tre autunni. Il tempo dentro il carcere, curato da Brunella Lottero e Cinzia Morone, \u00e8 uscito a maggio del 2025 per Paolo Sorba\" \/>\n<meta property=\"og:url\" content=\"https:\/\/www.pressenza.com\/it\/2026\/01\/parole-contro-il-carcere-una-raccolta-di-scritti-delle-detenute-a-torino\/\" \/>\n<meta property=\"og:site_name\" content=\"Pressenza\" \/>\n<meta property=\"article:publisher\" content=\"https:\/\/www.facebook.com\/PressenzaItalia\" \/>\n<meta property=\"article:author\" content=\"https:\/\/www.facebook.com\/mammeinpiazza\" \/>\n<meta property=\"article:published_time\" content=\"2026-01-23T11:59:00+00:00\" \/>\n<meta property=\"og:image\" content=\"https:\/\/www.pressenza.com\/wp-content\/uploads\/2020\/04\/persone_testimonianze_poesie.jpg\" \/>\n\t<meta property=\"og:image:width\" content=\"750\" \/>\n\t<meta property=\"og:image:height\" content=\"517\" \/>\n\t<meta property=\"og:image:type\" content=\"image\/jpeg\" \/>\n<meta name=\"author\" content=\"Mamme in piazza per la libert\u00e0 di dissenso\" \/>\n<meta name=\"twitter:card\" content=\"summary_large_image\" \/>\n<meta name=\"twitter:creator\" content=\"@PressenzaIPA\" \/>\n<meta name=\"twitter:site\" content=\"@PressenzaIPA\" \/>\n<meta name=\"twitter:label1\" content=\"Scritto da\" \/>\n\t<meta name=\"twitter:data1\" content=\"Mamme in piazza per la libert\u00e0 di dissenso\" \/>\n\t<meta name=\"twitter:label2\" content=\"Tempo di lettura stimato\" \/>\n\t<meta name=\"twitter:data2\" content=\"7 minuti\" \/>\n<script type=\"application\/ld+json\" class=\"yoast-schema-graph\">{\"@context\":\"https:\/\/schema.org\",\"@graph\":[{\"@type\":\"Article\",\"@id\":\"https:\/\/www.pressenza.com\/it\/2026\/01\/parole-contro-il-carcere-una-raccolta-di-scritti-delle-detenute-a-torino\/#article\",\"isPartOf\":{\"@id\":\"https:\/\/www.pressenza.com\/it\/2026\/01\/parole-contro-il-carcere-una-raccolta-di-scritti-delle-detenute-a-torino\/\"},\"author\":{\"name\":\"Mamme in piazza per la libert\u00e0 di dissenso\",\"@id\":\"https:\/\/www.pressenza.com\/it\/#\/schema\/person\/d723aba12c25a6a98797a94a636f3698\"},\"headline\":\"Parole contro il carcere. Una raccolta di scritti delle detenute a Torino\",\"datePublished\":\"2026-01-23T11:59:00+00:00\",\"mainEntityOfPage\":{\"@id\":\"https:\/\/www.pressenza.com\/it\/2026\/01\/parole-contro-il-carcere-una-raccolta-di-scritti-delle-detenute-a-torino\/\"},\"wordCount\":1192,\"publisher\":{\"@id\":\"https:\/\/www.pressenza.com\/it\/#organization\"},\"image\":{\"@id\":\"https:\/\/www.pressenza.com\/it\/2026\/01\/parole-contro-il-carcere-una-raccolta-di-scritti-delle-detenute-a-torino\/#primaryimage\"},\"thumbnailUrl\":\"https:\/\/www.pressenza.com\/wp-content\/uploads\/2020\/04\/persone_testimonianze_poesie.jpg\",\"keywords\":[\"carcere\"],\"articleSection\":[\"Diritti Umani\",\"Europa\"],\"inLanguage\":\"it-IT\"},{\"@type\":\"WebPage\",\"@id\":\"https:\/\/www.pressenza.com\/it\/2026\/01\/parole-contro-il-carcere-una-raccolta-di-scritti-delle-detenute-a-torino\/\",\"url\":\"https:\/\/www.pressenza.com\/it\/2026\/01\/parole-contro-il-carcere-una-raccolta-di-scritti-delle-detenute-a-torino\/\",\"name\":\"Parole contro il carcere. Una raccolta di scritti delle detenute a Torino\",\"isPartOf\":{\"@id\":\"https:\/\/www.pressenza.com\/it\/#website\"},\"primaryImageOfPage\":{\"@id\":\"https:\/\/www.pressenza.com\/it\/2026\/01\/parole-contro-il-carcere-una-raccolta-di-scritti-delle-detenute-a-torino\/#primaryimage\"},\"image\":{\"@id\":\"https:\/\/www.pressenza.com\/it\/2026\/01\/parole-contro-il-carcere-una-raccolta-di-scritti-delle-detenute-a-torino\/#primaryimage\"},\"thumbnailUrl\":\"https:\/\/www.pressenza.com\/wp-content\/uploads\/2020\/04\/persone_testimonianze_poesie.jpg\",\"datePublished\":\"2026-01-23T11:59:00+00:00\",\"description\":\"Il volume\u00a0Un giorno, tre autunni. Il tempo dentro il carcere, curato da Brunella Lottero e Cinzia Morone, \u00e8 uscito a maggio del 2025 per Paolo Sorba\",\"breadcrumb\":{\"@id\":\"https:\/\/www.pressenza.com\/it\/2026\/01\/parole-contro-il-carcere-una-raccolta-di-scritti-delle-detenute-a-torino\/#breadcrumb\"},\"inLanguage\":\"it-IT\",\"potentialAction\":[{\"@type\":\"ReadAction\",\"target\":[\"https:\/\/www.pressenza.com\/it\/2026\/01\/parole-contro-il-carcere-una-raccolta-di-scritti-delle-detenute-a-torino\/\"]}]},{\"@type\":\"ImageObject\",\"inLanguage\":\"it-IT\",\"@id\":\"https:\/\/www.pressenza.com\/it\/2026\/01\/parole-contro-il-carcere-una-raccolta-di-scritti-delle-detenute-a-torino\/#primaryimage\",\"url\":\"https:\/\/www.pressenza.com\/wp-content\/uploads\/2020\/04\/persone_testimonianze_poesie.jpg\",\"contentUrl\":\"https:\/\/www.pressenza.com\/wp-content\/uploads\/2020\/04\/persone_testimonianze_poesie.jpg\",\"width\":750,\"height\":517,\"caption\":\"Carcere Lorusso Cutugno ex Le Vallette\"},{\"@type\":\"BreadcrumbList\",\"@id\":\"https:\/\/www.pressenza.com\/it\/2026\/01\/parole-contro-il-carcere-una-raccolta-di-scritti-delle-detenute-a-torino\/#breadcrumb\",\"itemListElement\":[{\"@type\":\"ListItem\",\"position\":1,\"name\":\"Accueil\",\"item\":\"https:\/\/www.pressenza.com\/it\/\"},{\"@type\":\"ListItem\",\"position\":2,\"name\":\"Parole contro il carcere. Una raccolta di scritti delle detenute a Torino\"}]},{\"@type\":\"WebSite\",\"@id\":\"https:\/\/www.pressenza.com\/it\/#website\",\"url\":\"https:\/\/www.pressenza.com\/it\/\",\"name\":\"Pressenza\",\"description\":\"Agenzia di Stampa Internazionale\",\"publisher\":{\"@id\":\"https:\/\/www.pressenza.com\/it\/#organization\"},\"potentialAction\":[{\"@type\":\"SearchAction\",\"target\":{\"@type\":\"EntryPoint\",\"urlTemplate\":\"https:\/\/www.pressenza.com\/it\/?s={search_term_string}\"},\"query-input\":{\"@type\":\"PropertyValueSpecification\",\"valueRequired\":true,\"valueName\":\"search_term_string\"}}],\"inLanguage\":\"it-IT\"},{\"@type\":\"Organization\",\"@id\":\"https:\/\/www.pressenza.com\/it\/#organization\",\"name\":\"Pressenza\",\"url\":\"https:\/\/www.pressenza.com\/it\/\",\"logo\":{\"@type\":\"ImageObject\",\"inLanguage\":\"it-IT\",\"@id\":\"https:\/\/www.pressenza.com\/it\/#\/schema\/logo\/image\/\",\"url\":\"https:\/\/www.pressenza.com\/wp-content\/uploads\/2022\/10\/pressenza_logo_200x200.jpg\",\"contentUrl\":\"https:\/\/www.pressenza.com\/wp-content\/uploads\/2022\/10\/pressenza_logo_200x200.jpg\",\"width\":200,\"height\":200,\"caption\":\"Pressenza\"},\"image\":{\"@id\":\"https:\/\/www.pressenza.com\/it\/#\/schema\/logo\/image\/\"},\"sameAs\":[\"https:\/\/www.facebook.com\/PressenzaItalia\",\"https:\/\/x.com\/PressenzaIPA\"]},{\"@type\":\"Person\",\"@id\":\"https:\/\/www.pressenza.com\/it\/#\/schema\/person\/d723aba12c25a6a98797a94a636f3698\",\"name\":\"Mamme in piazza per la libert\u00e0 di dissenso\",\"description\":\"Mamme in piazza per la libert\u00e0 di dissenso \u00e8 un comitato di mamme delle ragazze e dei ragazzi di Torino sottoposti a pesanti misure cautelari e processi per aver partecipato a manifestazioni e iniziative antirazziste, antifasciste e in difesa del territorio. Si sono riunite in gruppo per sostenere tutti e tutte i\/le giovani attivisti e per denunciare la situazione di ingiustizia e di repressione che nega il diritto al dissenso e alla protesta\",\"sameAs\":[\"https:\/\/www.facebook.com\/mammeinpiazza\"],\"url\":\"https:\/\/www.pressenza.com\/it\/author\/mamme_in_piazza\/\"}]}<\/script>\n<!-- \/ Yoast SEO plugin. -->","yoast_head_json":{"title":"Parole contro il carcere. Una raccolta di scritti delle detenute a Torino","description":"Il volume\u00a0Un giorno, tre autunni. Il tempo dentro il carcere, curato da Brunella Lottero e Cinzia Morone, \u00e8 uscito a maggio del 2025 per Paolo Sorba","robots":{"index":"index","follow":"follow","max-snippet":"max-snippet:-1","max-image-preview":"max-image-preview:large","max-video-preview":"max-video-preview:-1"},"canonical":"https:\/\/www.pressenza.com\/it\/2026\/01\/parole-contro-il-carcere-una-raccolta-di-scritti-delle-detenute-a-torino\/","og_locale":"it_IT","og_type":"article","og_title":"Parole contro il carcere. Una raccolta di scritti delle detenute a Torino","og_description":"Il volume\u00a0Un giorno, tre autunni. Il tempo dentro il carcere, curato da Brunella Lottero e Cinzia Morone, \u00e8 uscito a maggio del 2025 per Paolo Sorba","og_url":"https:\/\/www.pressenza.com\/it\/2026\/01\/parole-contro-il-carcere-una-raccolta-di-scritti-delle-detenute-a-torino\/","og_site_name":"Pressenza","article_publisher":"https:\/\/www.facebook.com\/PressenzaItalia","article_author":"https:\/\/www.facebook.com\/mammeinpiazza","article_published_time":"2026-01-23T11:59:00+00:00","og_image":[{"width":750,"height":517,"url":"https:\/\/www.pressenza.com\/wp-content\/uploads\/2020\/04\/persone_testimonianze_poesie.jpg","type":"image\/jpeg"}],"author":"Mamme in piazza per la libert\u00e0 di dissenso","twitter_card":"summary_large_image","twitter_creator":"@PressenzaIPA","twitter_site":"@PressenzaIPA","twitter_misc":{"Scritto da":"Mamme in piazza per la libert\u00e0 di dissenso","Tempo di lettura stimato":"7 minuti"},"schema":{"@context":"https:\/\/schema.org","@graph":[{"@type":"Article","@id":"https:\/\/www.pressenza.com\/it\/2026\/01\/parole-contro-il-carcere-una-raccolta-di-scritti-delle-detenute-a-torino\/#article","isPartOf":{"@id":"https:\/\/www.pressenza.com\/it\/2026\/01\/parole-contro-il-carcere-una-raccolta-di-scritti-delle-detenute-a-torino\/"},"author":{"name":"Mamme in piazza per la libert\u00e0 di dissenso","@id":"https:\/\/www.pressenza.com\/it\/#\/schema\/person\/d723aba12c25a6a98797a94a636f3698"},"headline":"Parole contro il carcere. Una raccolta di scritti delle detenute a Torino","datePublished":"2026-01-23T11:59:00+00:00","mainEntityOfPage":{"@id":"https:\/\/www.pressenza.com\/it\/2026\/01\/parole-contro-il-carcere-una-raccolta-di-scritti-delle-detenute-a-torino\/"},"wordCount":1192,"publisher":{"@id":"https:\/\/www.pressenza.com\/it\/#organization"},"image":{"@id":"https:\/\/www.pressenza.com\/it\/2026\/01\/parole-contro-il-carcere-una-raccolta-di-scritti-delle-detenute-a-torino\/#primaryimage"},"thumbnailUrl":"https:\/\/www.pressenza.com\/wp-content\/uploads\/2020\/04\/persone_testimonianze_poesie.jpg","keywords":["carcere"],"articleSection":["Diritti Umani","Europa"],"inLanguage":"it-IT"},{"@type":"WebPage","@id":"https:\/\/www.pressenza.com\/it\/2026\/01\/parole-contro-il-carcere-una-raccolta-di-scritti-delle-detenute-a-torino\/","url":"https:\/\/www.pressenza.com\/it\/2026\/01\/parole-contro-il-carcere-una-raccolta-di-scritti-delle-detenute-a-torino\/","name":"Parole contro il carcere. Una raccolta di scritti delle detenute a Torino","isPartOf":{"@id":"https:\/\/www.pressenza.com\/it\/#website"},"primaryImageOfPage":{"@id":"https:\/\/www.pressenza.com\/it\/2026\/01\/parole-contro-il-carcere-una-raccolta-di-scritti-delle-detenute-a-torino\/#primaryimage"},"image":{"@id":"https:\/\/www.pressenza.com\/it\/2026\/01\/parole-contro-il-carcere-una-raccolta-di-scritti-delle-detenute-a-torino\/#primaryimage"},"thumbnailUrl":"https:\/\/www.pressenza.com\/wp-content\/uploads\/2020\/04\/persone_testimonianze_poesie.jpg","datePublished":"2026-01-23T11:59:00+00:00","description":"Il volume\u00a0Un giorno, tre autunni. Il tempo dentro il carcere, curato da Brunella Lottero e Cinzia Morone, \u00e8 uscito a maggio del 2025 per Paolo Sorba","breadcrumb":{"@id":"https:\/\/www.pressenza.com\/it\/2026\/01\/parole-contro-il-carcere-una-raccolta-di-scritti-delle-detenute-a-torino\/#breadcrumb"},"inLanguage":"it-IT","potentialAction":[{"@type":"ReadAction","target":["https:\/\/www.pressenza.com\/it\/2026\/01\/parole-contro-il-carcere-una-raccolta-di-scritti-delle-detenute-a-torino\/"]}]},{"@type":"ImageObject","inLanguage":"it-IT","@id":"https:\/\/www.pressenza.com\/it\/2026\/01\/parole-contro-il-carcere-una-raccolta-di-scritti-delle-detenute-a-torino\/#primaryimage","url":"https:\/\/www.pressenza.com\/wp-content\/uploads\/2020\/04\/persone_testimonianze_poesie.jpg","contentUrl":"https:\/\/www.pressenza.com\/wp-content\/uploads\/2020\/04\/persone_testimonianze_poesie.jpg","width":750,"height":517,"caption":"Carcere Lorusso Cutugno ex Le Vallette"},{"@type":"BreadcrumbList","@id":"https:\/\/www.pressenza.com\/it\/2026\/01\/parole-contro-il-carcere-una-raccolta-di-scritti-delle-detenute-a-torino\/#breadcrumb","itemListElement":[{"@type":"ListItem","position":1,"name":"Accueil","item":"https:\/\/www.pressenza.com\/it\/"},{"@type":"ListItem","position":2,"name":"Parole contro il carcere. Una raccolta di scritti delle detenute a Torino"}]},{"@type":"WebSite","@id":"https:\/\/www.pressenza.com\/it\/#website","url":"https:\/\/www.pressenza.com\/it\/","name":"Pressenza","description":"Agenzia di Stampa Internazionale","publisher":{"@id":"https:\/\/www.pressenza.com\/it\/#organization"},"potentialAction":[{"@type":"SearchAction","target":{"@type":"EntryPoint","urlTemplate":"https:\/\/www.pressenza.com\/it\/?s={search_term_string}"},"query-input":{"@type":"PropertyValueSpecification","valueRequired":true,"valueName":"search_term_string"}}],"inLanguage":"it-IT"},{"@type":"Organization","@id":"https:\/\/www.pressenza.com\/it\/#organization","name":"Pressenza","url":"https:\/\/www.pressenza.com\/it\/","logo":{"@type":"ImageObject","inLanguage":"it-IT","@id":"https:\/\/www.pressenza.com\/it\/#\/schema\/logo\/image\/","url":"https:\/\/www.pressenza.com\/wp-content\/uploads\/2022\/10\/pressenza_logo_200x200.jpg","contentUrl":"https:\/\/www.pressenza.com\/wp-content\/uploads\/2022\/10\/pressenza_logo_200x200.jpg","width":200,"height":200,"caption":"Pressenza"},"image":{"@id":"https:\/\/www.pressenza.com\/it\/#\/schema\/logo\/image\/"},"sameAs":["https:\/\/www.facebook.com\/PressenzaItalia","https:\/\/x.com\/PressenzaIPA"]},{"@type":"Person","@id":"https:\/\/www.pressenza.com\/it\/#\/schema\/person\/d723aba12c25a6a98797a94a636f3698","name":"Mamme in piazza per la libert\u00e0 di dissenso","description":"Mamme in piazza per la libert\u00e0 di dissenso \u00e8 un comitato di mamme delle ragazze e dei ragazzi di Torino sottoposti a pesanti misure cautelari e processi per aver partecipato a manifestazioni e iniziative antirazziste, antifasciste e in difesa del territorio. Si sono riunite in gruppo per sostenere tutti e tutte i\/le giovani attivisti e per denunciare la situazione di ingiustizia e di repressione che nega il diritto al dissenso e alla protesta","sameAs":["https:\/\/www.facebook.com\/mammeinpiazza"],"url":"https:\/\/www.pressenza.com\/it\/author\/mamme_in_piazza\/"}]}},"place":"","original_article_url":"https:\/\/napolimonitor.it\/parole-contro-il-carcere-una-raccolta-di-scritti-delle-detenute-a-torino\/","_links":{"self":[{"href":"https:\/\/www.pressenza.com\/it\/wp-json\/wp\/v2\/posts\/2670046","targetHints":{"allow":["GET"]}}],"collection":[{"href":"https:\/\/www.pressenza.com\/it\/wp-json\/wp\/v2\/posts"}],"about":[{"href":"https:\/\/www.pressenza.com\/it\/wp-json\/wp\/v2\/types\/post"}],"author":[{"embeddable":true,"href":"https:\/\/www.pressenza.com\/it\/wp-json\/wp\/v2\/users\/2301"}],"replies":[{"embeddable":true,"href":"https:\/\/www.pressenza.com\/it\/wp-json\/wp\/v2\/comments?post=2670046"}],"version-history":[{"count":1,"href":"https:\/\/www.pressenza.com\/it\/wp-json\/wp\/v2\/posts\/2670046\/revisions"}],"predecessor-version":[{"id":2670047,"href":"https:\/\/www.pressenza.com\/it\/wp-json\/wp\/v2\/posts\/2670046\/revisions\/2670047"}],"wp:featuredmedia":[{"embeddable":true,"href":"https:\/\/www.pressenza.com\/it\/wp-json\/wp\/v2\/media\/1077280"}],"wp:attachment":[{"href":"https:\/\/www.pressenza.com\/it\/wp-json\/wp\/v2\/media?parent=2670046"}],"wp:term":[{"taxonomy":"category","embeddable":true,"href":"https:\/\/www.pressenza.com\/it\/wp-json\/wp\/v2\/categories?post=2670046"},{"taxonomy":"post_tag","embeddable":true,"href":"https:\/\/www.pressenza.com\/it\/wp-json\/wp\/v2\/tags?post=2670046"}],"curies":[{"name":"wp","href":"https:\/\/api.w.org\/{rel}","templated":true}]}}