{"id":2670043,"date":"2026-01-23T12:54:00","date_gmt":"2026-01-23T12:54:00","guid":{"rendered":"https:\/\/www.pressenza.com\/?p=2670043"},"modified":"2026-01-23T12:55:27","modified_gmt":"2026-01-23T12:55:27","slug":"trump-rilancia-limperialismo-con-nuova-mappa-geografica-usa","status":"publish","type":"post","link":"https:\/\/www.pressenza.com\/it\/2026\/01\/trump-rilancia-limperialismo-con-nuova-mappa-geografica-usa\/","title":{"rendered":"Trump rilancia l&#8217;imperialismo USA a colpi di fotomontaggio"},"content":{"rendered":"<p>Ha fatto scalpore la divulgazione, da parte del presidente USA Donald Trump, del<span dir=\"auto\">la fotografia in cui si si vede la mappa geografica USA modificata e comprendente anche Groenlandia, Canada e Venenzuela. La foto ritrae un incontro tenutosi nello Studio Ovale della Casa Bianca, a cui hanno partecipato i leader dell&#8217;Unione Europea, il Segretario generale della NATO Mark Rutte e il Primo Ministro britannico Keir Starmer: i<\/span>\u00a0leader europei, tra i quali la presidente del Consiglio Giorgia Meloni, riuniti nello Studio Ovale con Donald Trump, seduto dietro il &#8216;resolute desk&#8217;.<\/p>\n<p>Apparentemente un&#8217;immagine come tante, come quella che ritraeva l&#8217;incontro dello scorso agosto sull&#8217;Ucraina, se non fosse per un piccolo importante dettaglio. Sullo sfondo della stanza c&#8217;\u00e8 una cartina geografica degli Stati Uniti e i suoi nuovi territori: Groenlandia, Canada e Venezuela coperti dalla bandiera a stelle e strisce.<\/p>\n<p>La foto, creata grazie all&#8217;intelligenza artificiale, fa parte di una raffica di post sulla Groenlandia che il tycoon ha rilanciato su Truth a poche ore dal suo arrivo al World Economic Forum di Davos. Post accompagnati da una serie di dichiarazioni incendiarie sulla necessit\u00e0 per gli Stati Uniti di controllare l&#8217;isola pi\u00f9 grande del mondo: la Groenlandia.<\/p>\n<p>In un&#8217;altra immagine pubblicata sul social media, il presidente americano \u00e8 ritratto mentre issa una bandiera Usa sul territorio autonomo accanto al vice presidente Jd Vance e al segretario di Stato Marco Rubio. Nella foto un cartello piantato nel terreno recita <em>&#8220;Groenlandia, territorio Usa dal 2026&#8221;<\/em>.<\/p>\n<p><img decoding=\"async\" class=\"aligncenter\" src=\"https:\/\/www.ansa.it\/webimages\/news_base\/2026\/1\/20\/4a641fff7aa9f2e3ec15a724503a5c11.jpg\" alt=\"Trump pubblica un fotomontaggio con in mano la bandiera americana sulla Groenlandia - RIPRODUZIONE RISERVATA\" \/><\/p>\n<p>Qualche mese fa, lo stesso Trump aveva pubblicato un&#8217;immagine modificata della cartina USA in cui includeva solo il Canada.<\/p>\n<p><img decoding=\"async\" src=\"https:\/\/www.rainews.it\/resizegd\/2000x-\/dl\/img\/2025\/01\/08\/1736331694233_Nuovo_progetto_.png\" alt=\"Cartina con il Canada negli Usa\" \/><\/p>\n<p>L&#8217;<a href=\"https:\/\/www.ansa.it\/sito\/notizie\/mondo\/nordamerica\/2025\/01\/08\/il-trump-imperialista-trova-il-muro-degli-alleati_6903d28e-3898-482c-8b89-807c6e93ec92.html\">imperialista Donald Trumo trova il muro di partner e alleati<\/a>, che denunciano e respingono le sue ambizioni di annettere il Canada e la Groenlandia (che appartiene alla Danimarca, Paese Nato) e di riprendersi il Canale di Panama con l&#8217;uso della forza, rinominando pure il Golfo del Messico in Golfo d&#8217;America. Levata di scudi anche contro la sua richiesta di portare al 5% del Pil le spese per la difesa. Il presidente eletto insiste, pubblicando su Truth due cartine con il Canada negli Stati Uniti, ma le reazioni sono dure e compatte. Quelle pi\u00f9 significative arrivano dalla Germania e dalla Francia, i due Paesi pi\u00f9 importanti dell&#8217;Europa, che hanno preso posizione anche contro le bordate di Elon Musk ad alcuni leader europei. Silenzio invece dall&#8217;Italia.<\/p>\n<p>&#8220;L&#8217;inviolabilit\u00e0 dei confini \u00e8 un principio fondamentale del diritto internazionale&#8221;, ha attaccato in conferenza stampa il cancelliere tedesco (dimissionario) Olaf Scholz. In un tweet successivo in inglese, Scholz ha ribadito la posizione di Berlino secondo cui &#8220;i confini non devono essere spostati con la forza&#8221; e ha rivelato che l&#8217;ultima uscita di Trump ha causato &#8220;un notevole disagio&#8221; tra i capi di Stato e di governi europei con cui ha parlato. Il cancelliere ha punzecchiato il tycoon anche riferendosi all&#8217;invasione di Putin in Ucraina, ammonendo che il principio dei confini sovrani &#8220;si applica a ogni Paese, sia a Est che a Ovest&#8221;.<\/p>\n<p>Altol\u00e0 anche da Parigi. Il ministro degli Esteri francese Jean-No\u00ebl Barrot ha ricordato che la Groenlandia \u00e8 &#8220;territorio europeo&#8221; e ha escluso &#8220;che l&#8217;Ue possa permettere ad altre nazioni nel mondo, chiunque esse siano&#8230; di attaccare i suoi confini sovrani&#8221;. &#8220;Dobbiamo svegliarci e rafforzarci, militarmente, nella competizione, in un mondo in cui prevale la legge del pi\u00f9 forte&#8221;, ha ammonito. Mentre la portavoce del governo francese Sophie Primas ha parlato apertamente di una &#8220;forma di imperialismo&#8221; nei commenti di Trump.<\/p>\n<p>Bruxelles ha cercato di gettare acqua sul fuoco ma una portavoce della Commissione Ue ha puntualizzato che &#8220;la sovranit\u00e0 degli Stati deve essere rispettata, e questo vale anche per il Regno di Danimarca&#8221;. E ha respinto anche la richiesta del 5% del Pil per la Nato: &#8220;Non abbiamo questo obiettivo di spesa nell&#8217;Ue&#8221;. Istanza bocciata pure da socialdemocratici e liberali in Germania (&#8220;non siamo a un bazar&#8221;), e dal ministro della Difesa italiana Guido Crosetto, secondo cui a decidere sar\u00e0 la prossima assemblea Nato dei leader ma &#8220;il 5% in questo momento sarebbe impossibile per quasi tutte le nazioni al mondo&#8221;. La premier danese Mette Frederiksen ha gi\u00e0 messo in chiaro che &#8220;la Groenlandia appartiene ai groenlandesi&#8221;, anche se il suo ministro degli Esteri Lars Lokke Rasmussen ha preferito toni pi\u00f9 morbidi aprendo al dialogo su come rafforzare la cooperazione. Intanto il leader della Groenlandia Egede \u00e8 volato dal re danese Frederik. Sullo sfondo le elezioni di aprile, con un possibile referendum indipendentista su cui conta Trump, anche se il segretario di Stato Antony Blinken ha escluso una futura annessione. Reazioni piccate anche da Ottawa, nonch\u00e9 da Panama, secondo cui &#8220;la sovranit\u00e0 del canale non \u00e8 negoziabile&#8221;. &#8220;Appartiene ai panamensi e continuer\u00e0 ad essere cos\u00ec&#8221;, ha tagliato corto il ministro degli Esteri Javier Mart\u00ednez-Acha. Sostegno dal Parlamento del Costa Rica. Sarcastica invece la replica della presidente del Messico, Claudia Sheinbaum: durante la presentazione di un catalogo storico, quando sulle mappe venivano usati altri nomi per i territori, ha chiesto &#8220;perch\u00e9 non la chiamiamo America messicana? \u00c8 un bel nome, vero?&#8221;.<\/p>\n<p><img loading=\"lazy\" decoding=\"async\" class=\" wp-image-2670054 aligncenter\" src=\"https:\/\/www.pressenza.com\/wp-content\/uploads\/2026\/01\/oh-canada-trump-rilancia-e-pubblica-mappa-con-paese-sotto-bandiera-usa-1-300x191.jpg\" alt=\"\" width=\"465\" height=\"296\" srcset=\"https:\/\/www.pressenza.com\/wp-content\/uploads\/2026\/01\/oh-canada-trump-rilancia-e-pubblica-mappa-con-paese-sotto-bandiera-usa-1-300x191.jpg 300w, https:\/\/www.pressenza.com\/wp-content\/uploads\/2026\/01\/oh-canada-trump-rilancia-e-pubblica-mappa-con-paese-sotto-bandiera-usa-1-820x521.jpg 820w, https:\/\/www.pressenza.com\/wp-content\/uploads\/2026\/01\/oh-canada-trump-rilancia-e-pubblica-mappa-con-paese-sotto-bandiera-usa-1.jpg 1170w\" sizes=\"auto, (max-width: 465px) 100vw, 465px\" \/><\/p>\n<p>&nbsp;<\/p>\n<p>Dall&#8217;Onu \u00e8 arrivato un messaggio chiaro: <em>&#8220;Abbiamo a che fare con un&#8217;amministrazione americana per volta ma la questione riguardo sovranit\u00e0 e integrit\u00e0 territoriale \u00e8 ampiamente trattata nella Carta Onu che tutti gli Stati membri hanno firmato&#8221;<\/em>. Trump intanto ha mandato in rosso Wall Street e le borse mondiali dopo le ripetute minaccia di dazi che fanno temere un aumento dei prezzi, una risalita dell&#8217;inflazione e minori tagli dei tassi di interesse.<\/p>\n<p><span dir=\"auto\">Il Governo Bolivariano ha ribadito marted\u00ec 20 gennaio 2026 che la Repubblica Bolivariana del Venezuela \u00e8 e continuer\u00e0 a essere la Repubblica Bolivariana del Venezuela, in risposta alla diffusione di una mappa manipolata con intelligenza artificiale pubblicata sui social media dal Presidente degli Stati Uniti Donald Trump, in cui Venezuela, Groenlandia e Canada sono raffigurati come territori statunitensi.<\/span><\/p>\n<p><span dir=\"auto\">In risposta, lo Stato venezuelano ha invitato i cittadini a partecipare a un atto simbolico di unit\u00e0 per difendere l&#8217;integrit\u00e0 territoriale e contrastare la disinformazione.<\/span><\/p>\n<p><span dir=\"auto\">L&#8217;iniziativa prevede la pubblicazione della mappa ufficiale del Venezuela, con le sue otto stelle e la regione di Essequibo, su storie e profili dei social media, accompagnata dalla frase: &#8220;Unione perfetta per tutto il Venezuela&#8221;.<\/span><\/p>\n<p><img loading=\"lazy\" decoding=\"async\" class=\"wp-image-2670058 aligncenter\" src=\"https:\/\/www.pressenza.com\/wp-content\/uploads\/2026\/01\/Mappa-ufficiale-del-Venezuela-Bolivariano-dal-2023-288x300.jpg\" alt=\"\" width=\"464\" height=\"484\" srcset=\"https:\/\/www.pressenza.com\/wp-content\/uploads\/2026\/01\/Mappa-ufficiale-del-Venezuela-Bolivariano-dal-2023-288x300.jpg 288w, https:\/\/www.pressenza.com\/wp-content\/uploads\/2026\/01\/Mappa-ufficiale-del-Venezuela-Bolivariano-dal-2023.jpg 718w\" sizes=\"auto, (max-width: 464px) 100vw, 464px\" \/><\/p>\n<p>Fonti:<\/p>\n<p><a href=\"https:\/\/www.eluniversal.com\/politica\/224605\/venezuela-lanza-campana-en-defensa-de-su-territorio-tras-difusion-de-mapa-alterado\">https:\/\/www.eluniversal.com\/politica\/224605\/venezuela-lanza-campana-en-defensa-de-su-territorio-tras-difusion-de-mapa-alterado<\/a><\/p>\n<p><a href=\"https:\/\/www.ansa.it\/sito\/notizie\/mondo\/nordamerica\/2025\/01\/08\/il-trump-imperialista-trova-il-muro-degli-alleati_6903d28e-3898-482c-8b89-807c6e93ec92.html\">https:\/\/www.ansa.it\/sito\/notizie\/mondo\/nordamerica\/2025\/01\/08\/il-trump-imperialista-trova-il-muro-degli-alleati_6903d28e-3898-482c-8b89-807c6e93ec92.html<\/a><\/p>\n<p><a href=\"https:\/\/www.ansa.it\/sito\/notizie\/mondo\/2026\/01\/20\/trump-posta-un-fotomontaggio-sulla-groenlandia_b1a7d265-6855-491a-bfb5-73de6f44e0fb.html\">https:\/\/www.ansa.it\/sito\/notizie\/mondo\/2026\/01\/20\/trump-posta-un-fotomontaggio-sulla-groenlandia_b1a7d265-6855-491a-bfb5-73de6f44e0fb.html<\/a><\/p>\n<p><iframe loading=\"lazy\" title=\"Trump mostra la mappa con Usa e Canada uniti\" width=\"500\" height=\"281\" src=\"https:\/\/www.youtube.com\/embed\/bFZvoTS2nXg?feature=oembed\" frameborder=\"0\" allow=\"accelerometer; autoplay; clipboard-write; encrypted-media; gyroscope; picture-in-picture; web-share\" referrerpolicy=\"strict-origin-when-cross-origin\" allowfullscreen><\/iframe><\/p>\n","protected":false},"excerpt":{"rendered":"<p>Ha fatto scalpore la divulgazione, da parte del presidente USA Donald Trump, della fotografia in cui si si vede la mappa geografica USA modificata e comprendente anche Groenlandia, Canada e Venenzuela. La foto ritrae un incontro tenutosi nello Studio Ovale&hellip;<\/p>\n","protected":false},"author":1887,"featured_media":2670055,"comment_status":"closed","ping_status":"closed","sticky":false,"template":"","format":"standard","meta":{"footnotes":""},"categories":[11388,49,55,57,48],"tags":[62157,26361,150276,43165,1453,3917],"class_list":["post-2670043","post","type-post","status-publish","format-standard","has-post-thumbnail","hentry","category-contenuti-originali","category-nord-america","category-politica","category-affari-esteri","category-sud-america","tag-groenlandia-it","tag-imperialismo-usa","tag-mappa-geografica-usa-modificata-da-trump","tag-trump","tag-usa-it","tag-venezuela-it"],"yoast_head":"<!-- This site is optimized with the Yoast SEO plugin v27.1.1 - https:\/\/yoast.com\/product\/yoast-seo-wordpress\/ -->\n<title>Trump rilancia l&#039;imperialismo USA a colpi di fotomontaggio<\/title>\n<meta name=\"description\" content=\"Ha fatto scalpore la divulgazione, da parte del presidente USA Donald Trump, della fotografia in cui si si vede la mappa geografica USA modificata e\" \/>\n<meta name=\"robots\" content=\"index, follow, max-snippet:-1, max-image-preview:large, max-video-preview:-1\" \/>\n<link rel=\"canonical\" href=\"https:\/\/www.pressenza.com\/it\/2026\/01\/trump-rilancia-limperialismo-con-nuova-mappa-geografica-usa\/\" \/>\n<meta property=\"og:locale\" content=\"it_IT\" \/>\n<meta property=\"og:type\" content=\"article\" \/>\n<meta property=\"og:title\" content=\"Trump rilancia l&#039;imperialismo USA a colpi di fotomontaggio\" \/>\n<meta property=\"og:description\" content=\"Ha fatto scalpore la divulgazione, da parte del presidente USA Donald Trump, della fotografia in cui si si vede la mappa geografica USA modificata e\" \/>\n<meta property=\"og:url\" content=\"https:\/\/www.pressenza.com\/it\/2026\/01\/trump-rilancia-limperialismo-con-nuova-mappa-geografica-usa\/\" \/>\n<meta property=\"og:site_name\" content=\"Pressenza\" \/>\n<meta property=\"article:publisher\" content=\"https:\/\/www.facebook.com\/PressenzaItalia\" \/>\n<meta property=\"article:published_time\" content=\"2026-01-23T12:54:00+00:00\" \/>\n<meta property=\"article:modified_time\" content=\"2026-01-23T12:55:27+00:00\" \/>\n<meta property=\"og:image\" content=\"https:\/\/www.pressenza.com\/wp-content\/uploads\/2026\/01\/Mappa-geografica-USA-modificata-con-inclusione-di-Canada-Groenlandia-e-Venezuela-Bolivariano.webp\" \/>\n\t<meta property=\"og:image:width\" content=\"640\" \/>\n\t<meta property=\"og:image:height\" content=\"336\" \/>\n\t<meta property=\"og:image:type\" content=\"image\/webp\" \/>\n<meta name=\"author\" content=\"Lorenzo Poli\" \/>\n<meta name=\"twitter:card\" content=\"summary_large_image\" \/>\n<meta name=\"twitter:creator\" content=\"@PressenzaIPA\" \/>\n<meta name=\"twitter:site\" content=\"@PressenzaIPA\" \/>\n<meta name=\"twitter:label1\" content=\"Scritto da\" \/>\n\t<meta name=\"twitter:data1\" content=\"Lorenzo Poli\" \/>\n\t<meta name=\"twitter:label2\" content=\"Tempo di lettura stimato\" \/>\n\t<meta name=\"twitter:data2\" content=\"6 minuti\" \/>\n<script type=\"application\/ld+json\" class=\"yoast-schema-graph\">{\"@context\":\"https:\/\/schema.org\",\"@graph\":[{\"@type\":\"Article\",\"@id\":\"https:\/\/www.pressenza.com\/it\/2026\/01\/trump-rilancia-limperialismo-con-nuova-mappa-geografica-usa\/#article\",\"isPartOf\":{\"@id\":\"https:\/\/www.pressenza.com\/it\/2026\/01\/trump-rilancia-limperialismo-con-nuova-mappa-geografica-usa\/\"},\"author\":{\"name\":\"Lorenzo Poli\",\"@id\":\"https:\/\/www.pressenza.com\/it\/#\/schema\/person\/83cab62d5aaad28d2ef7c9b71a62926b\"},\"headline\":\"Trump rilancia l&#8217;imperialismo USA a colpi di fotomontaggio\",\"datePublished\":\"2026-01-23T12:54:00+00:00\",\"dateModified\":\"2026-01-23T12:55:27+00:00\",\"mainEntityOfPage\":{\"@id\":\"https:\/\/www.pressenza.com\/it\/2026\/01\/trump-rilancia-limperialismo-con-nuova-mappa-geografica-usa\/\"},\"wordCount\":1088,\"publisher\":{\"@id\":\"https:\/\/www.pressenza.com\/it\/#organization\"},\"image\":{\"@id\":\"https:\/\/www.pressenza.com\/it\/2026\/01\/trump-rilancia-limperialismo-con-nuova-mappa-geografica-usa\/#primaryimage\"},\"thumbnailUrl\":\"https:\/\/www.pressenza.com\/wp-content\/uploads\/2026\/01\/Mappa-geografica-USA-modificata-con-inclusione-di-Canada-Groenlandia-e-Venezuela-Bolivariano.webp\",\"keywords\":[\"Groenlandia\",\"imperialismo USA\",\"mappa geografica USA modificata da Trump\",\"Trump\",\"USA\",\"Venezuela\"],\"articleSection\":[\"contenuti originali\",\"Nord America\",\"Politica\",\"Questioni internazionali\",\"Sud America\"],\"inLanguage\":\"it-IT\"},{\"@type\":\"WebPage\",\"@id\":\"https:\/\/www.pressenza.com\/it\/2026\/01\/trump-rilancia-limperialismo-con-nuova-mappa-geografica-usa\/\",\"url\":\"https:\/\/www.pressenza.com\/it\/2026\/01\/trump-rilancia-limperialismo-con-nuova-mappa-geografica-usa\/\",\"name\":\"Trump rilancia l'imperialismo USA a colpi di fotomontaggio\",\"isPartOf\":{\"@id\":\"https:\/\/www.pressenza.com\/it\/#website\"},\"primaryImageOfPage\":{\"@id\":\"https:\/\/www.pressenza.com\/it\/2026\/01\/trump-rilancia-limperialismo-con-nuova-mappa-geografica-usa\/#primaryimage\"},\"image\":{\"@id\":\"https:\/\/www.pressenza.com\/it\/2026\/01\/trump-rilancia-limperialismo-con-nuova-mappa-geografica-usa\/#primaryimage\"},\"thumbnailUrl\":\"https:\/\/www.pressenza.com\/wp-content\/uploads\/2026\/01\/Mappa-geografica-USA-modificata-con-inclusione-di-Canada-Groenlandia-e-Venezuela-Bolivariano.webp\",\"datePublished\":\"2026-01-23T12:54:00+00:00\",\"dateModified\":\"2026-01-23T12:55:27+00:00\",\"description\":\"Ha fatto scalpore la divulgazione, da parte del presidente USA Donald Trump, della fotografia in cui si si vede la mappa geografica USA modificata e\",\"breadcrumb\":{\"@id\":\"https:\/\/www.pressenza.com\/it\/2026\/01\/trump-rilancia-limperialismo-con-nuova-mappa-geografica-usa\/#breadcrumb\"},\"inLanguage\":\"it-IT\",\"potentialAction\":[{\"@type\":\"ReadAction\",\"target\":[\"https:\/\/www.pressenza.com\/it\/2026\/01\/trump-rilancia-limperialismo-con-nuova-mappa-geografica-usa\/\"]}]},{\"@type\":\"ImageObject\",\"inLanguage\":\"it-IT\",\"@id\":\"https:\/\/www.pressenza.com\/it\/2026\/01\/trump-rilancia-limperialismo-con-nuova-mappa-geografica-usa\/#primaryimage\",\"url\":\"https:\/\/www.pressenza.com\/wp-content\/uploads\/2026\/01\/Mappa-geografica-USA-modificata-con-inclusione-di-Canada-Groenlandia-e-Venezuela-Bolivariano.webp\",\"contentUrl\":\"https:\/\/www.pressenza.com\/wp-content\/uploads\/2026\/01\/Mappa-geografica-USA-modificata-con-inclusione-di-Canada-Groenlandia-e-Venezuela-Bolivariano.webp\",\"width\":640,\"height\":336},{\"@type\":\"BreadcrumbList\",\"@id\":\"https:\/\/www.pressenza.com\/it\/2026\/01\/trump-rilancia-limperialismo-con-nuova-mappa-geografica-usa\/#breadcrumb\",\"itemListElement\":[{\"@type\":\"ListItem\",\"position\":1,\"name\":\"Accueil\",\"item\":\"https:\/\/www.pressenza.com\/it\/\"},{\"@type\":\"ListItem\",\"position\":2,\"name\":\"Trump rilancia l&#8217;imperialismo USA a colpi di fotomontaggio\"}]},{\"@type\":\"WebSite\",\"@id\":\"https:\/\/www.pressenza.com\/it\/#website\",\"url\":\"https:\/\/www.pressenza.com\/it\/\",\"name\":\"Pressenza\",\"description\":\"Agenzia di Stampa Internazionale\",\"publisher\":{\"@id\":\"https:\/\/www.pressenza.com\/it\/#organization\"},\"potentialAction\":[{\"@type\":\"SearchAction\",\"target\":{\"@type\":\"EntryPoint\",\"urlTemplate\":\"https:\/\/www.pressenza.com\/it\/?s={search_term_string}\"},\"query-input\":{\"@type\":\"PropertyValueSpecification\",\"valueRequired\":true,\"valueName\":\"search_term_string\"}}],\"inLanguage\":\"it-IT\"},{\"@type\":\"Organization\",\"@id\":\"https:\/\/www.pressenza.com\/it\/#organization\",\"name\":\"Pressenza\",\"url\":\"https:\/\/www.pressenza.com\/it\/\",\"logo\":{\"@type\":\"ImageObject\",\"inLanguage\":\"it-IT\",\"@id\":\"https:\/\/www.pressenza.com\/it\/#\/schema\/logo\/image\/\",\"url\":\"https:\/\/www.pressenza.com\/wp-content\/uploads\/2022\/10\/pressenza_logo_200x200.jpg\",\"contentUrl\":\"https:\/\/www.pressenza.com\/wp-content\/uploads\/2022\/10\/pressenza_logo_200x200.jpg\",\"width\":200,\"height\":200,\"caption\":\"Pressenza\"},\"image\":{\"@id\":\"https:\/\/www.pressenza.com\/it\/#\/schema\/logo\/image\/\"},\"sameAs\":[\"https:\/\/www.facebook.com\/PressenzaItalia\",\"https:\/\/x.com\/PressenzaIPA\"]},{\"@type\":\"Person\",\"@id\":\"https:\/\/www.pressenza.com\/it\/#\/schema\/person\/83cab62d5aaad28d2ef7c9b71a62926b\",\"name\":\"Lorenzo Poli\",\"url\":\"https:\/\/www.pressenza.com\/it\/author\/lorenzo-poli\/\"}]}<\/script>\n<!-- \/ Yoast SEO plugin. -->","yoast_head_json":{"title":"Trump rilancia l'imperialismo USA a colpi di fotomontaggio","description":"Ha fatto scalpore la divulgazione, da parte del presidente USA Donald Trump, della fotografia in cui si si vede la mappa geografica USA modificata e","robots":{"index":"index","follow":"follow","max-snippet":"max-snippet:-1","max-image-preview":"max-image-preview:large","max-video-preview":"max-video-preview:-1"},"canonical":"https:\/\/www.pressenza.com\/it\/2026\/01\/trump-rilancia-limperialismo-con-nuova-mappa-geografica-usa\/","og_locale":"it_IT","og_type":"article","og_title":"Trump rilancia l'imperialismo USA a colpi di fotomontaggio","og_description":"Ha fatto scalpore la divulgazione, da parte del presidente USA Donald Trump, della fotografia in cui si si vede la mappa geografica USA modificata e","og_url":"https:\/\/www.pressenza.com\/it\/2026\/01\/trump-rilancia-limperialismo-con-nuova-mappa-geografica-usa\/","og_site_name":"Pressenza","article_publisher":"https:\/\/www.facebook.com\/PressenzaItalia","article_published_time":"2026-01-23T12:54:00+00:00","article_modified_time":"2026-01-23T12:55:27+00:00","og_image":[{"width":640,"height":336,"url":"https:\/\/www.pressenza.com\/wp-content\/uploads\/2026\/01\/Mappa-geografica-USA-modificata-con-inclusione-di-Canada-Groenlandia-e-Venezuela-Bolivariano.webp","type":"image\/webp"}],"author":"Lorenzo Poli","twitter_card":"summary_large_image","twitter_creator":"@PressenzaIPA","twitter_site":"@PressenzaIPA","twitter_misc":{"Scritto da":"Lorenzo Poli","Tempo di lettura stimato":"6 minuti"},"schema":{"@context":"https:\/\/schema.org","@graph":[{"@type":"Article","@id":"https:\/\/www.pressenza.com\/it\/2026\/01\/trump-rilancia-limperialismo-con-nuova-mappa-geografica-usa\/#article","isPartOf":{"@id":"https:\/\/www.pressenza.com\/it\/2026\/01\/trump-rilancia-limperialismo-con-nuova-mappa-geografica-usa\/"},"author":{"name":"Lorenzo Poli","@id":"https:\/\/www.pressenza.com\/it\/#\/schema\/person\/83cab62d5aaad28d2ef7c9b71a62926b"},"headline":"Trump rilancia l&#8217;imperialismo USA a colpi di fotomontaggio","datePublished":"2026-01-23T12:54:00+00:00","dateModified":"2026-01-23T12:55:27+00:00","mainEntityOfPage":{"@id":"https:\/\/www.pressenza.com\/it\/2026\/01\/trump-rilancia-limperialismo-con-nuova-mappa-geografica-usa\/"},"wordCount":1088,"publisher":{"@id":"https:\/\/www.pressenza.com\/it\/#organization"},"image":{"@id":"https:\/\/www.pressenza.com\/it\/2026\/01\/trump-rilancia-limperialismo-con-nuova-mappa-geografica-usa\/#primaryimage"},"thumbnailUrl":"https:\/\/www.pressenza.com\/wp-content\/uploads\/2026\/01\/Mappa-geografica-USA-modificata-con-inclusione-di-Canada-Groenlandia-e-Venezuela-Bolivariano.webp","keywords":["Groenlandia","imperialismo USA","mappa geografica USA modificata da Trump","Trump","USA","Venezuela"],"articleSection":["contenuti originali","Nord America","Politica","Questioni internazionali","Sud America"],"inLanguage":"it-IT"},{"@type":"WebPage","@id":"https:\/\/www.pressenza.com\/it\/2026\/01\/trump-rilancia-limperialismo-con-nuova-mappa-geografica-usa\/","url":"https:\/\/www.pressenza.com\/it\/2026\/01\/trump-rilancia-limperialismo-con-nuova-mappa-geografica-usa\/","name":"Trump rilancia l'imperialismo USA a colpi di fotomontaggio","isPartOf":{"@id":"https:\/\/www.pressenza.com\/it\/#website"},"primaryImageOfPage":{"@id":"https:\/\/www.pressenza.com\/it\/2026\/01\/trump-rilancia-limperialismo-con-nuova-mappa-geografica-usa\/#primaryimage"},"image":{"@id":"https:\/\/www.pressenza.com\/it\/2026\/01\/trump-rilancia-limperialismo-con-nuova-mappa-geografica-usa\/#primaryimage"},"thumbnailUrl":"https:\/\/www.pressenza.com\/wp-content\/uploads\/2026\/01\/Mappa-geografica-USA-modificata-con-inclusione-di-Canada-Groenlandia-e-Venezuela-Bolivariano.webp","datePublished":"2026-01-23T12:54:00+00:00","dateModified":"2026-01-23T12:55:27+00:00","description":"Ha fatto scalpore la divulgazione, da parte del presidente USA Donald Trump, della fotografia in cui si si vede la mappa geografica USA modificata e","breadcrumb":{"@id":"https:\/\/www.pressenza.com\/it\/2026\/01\/trump-rilancia-limperialismo-con-nuova-mappa-geografica-usa\/#breadcrumb"},"inLanguage":"it-IT","potentialAction":[{"@type":"ReadAction","target":["https:\/\/www.pressenza.com\/it\/2026\/01\/trump-rilancia-limperialismo-con-nuova-mappa-geografica-usa\/"]}]},{"@type":"ImageObject","inLanguage":"it-IT","@id":"https:\/\/www.pressenza.com\/it\/2026\/01\/trump-rilancia-limperialismo-con-nuova-mappa-geografica-usa\/#primaryimage","url":"https:\/\/www.pressenza.com\/wp-content\/uploads\/2026\/01\/Mappa-geografica-USA-modificata-con-inclusione-di-Canada-Groenlandia-e-Venezuela-Bolivariano.webp","contentUrl":"https:\/\/www.pressenza.com\/wp-content\/uploads\/2026\/01\/Mappa-geografica-USA-modificata-con-inclusione-di-Canada-Groenlandia-e-Venezuela-Bolivariano.webp","width":640,"height":336},{"@type":"BreadcrumbList","@id":"https:\/\/www.pressenza.com\/it\/2026\/01\/trump-rilancia-limperialismo-con-nuova-mappa-geografica-usa\/#breadcrumb","itemListElement":[{"@type":"ListItem","position":1,"name":"Accueil","item":"https:\/\/www.pressenza.com\/it\/"},{"@type":"ListItem","position":2,"name":"Trump rilancia l&#8217;imperialismo USA a colpi di fotomontaggio"}]},{"@type":"WebSite","@id":"https:\/\/www.pressenza.com\/it\/#website","url":"https:\/\/www.pressenza.com\/it\/","name":"Pressenza","description":"Agenzia di Stampa Internazionale","publisher":{"@id":"https:\/\/www.pressenza.com\/it\/#organization"},"potentialAction":[{"@type":"SearchAction","target":{"@type":"EntryPoint","urlTemplate":"https:\/\/www.pressenza.com\/it\/?s={search_term_string}"},"query-input":{"@type":"PropertyValueSpecification","valueRequired":true,"valueName":"search_term_string"}}],"inLanguage":"it-IT"},{"@type":"Organization","@id":"https:\/\/www.pressenza.com\/it\/#organization","name":"Pressenza","url":"https:\/\/www.pressenza.com\/it\/","logo":{"@type":"ImageObject","inLanguage":"it-IT","@id":"https:\/\/www.pressenza.com\/it\/#\/schema\/logo\/image\/","url":"https:\/\/www.pressenza.com\/wp-content\/uploads\/2022\/10\/pressenza_logo_200x200.jpg","contentUrl":"https:\/\/www.pressenza.com\/wp-content\/uploads\/2022\/10\/pressenza_logo_200x200.jpg","width":200,"height":200,"caption":"Pressenza"},"image":{"@id":"https:\/\/www.pressenza.com\/it\/#\/schema\/logo\/image\/"},"sameAs":["https:\/\/www.facebook.com\/PressenzaItalia","https:\/\/x.com\/PressenzaIPA"]},{"@type":"Person","@id":"https:\/\/www.pressenza.com\/it\/#\/schema\/person\/83cab62d5aaad28d2ef7c9b71a62926b","name":"Lorenzo Poli","url":"https:\/\/www.pressenza.com\/it\/author\/lorenzo-poli\/"}]}},"place":"","original_article_url":"","_links":{"self":[{"href":"https:\/\/www.pressenza.com\/it\/wp-json\/wp\/v2\/posts\/2670043","targetHints":{"allow":["GET"]}}],"collection":[{"href":"https:\/\/www.pressenza.com\/it\/wp-json\/wp\/v2\/posts"}],"about":[{"href":"https:\/\/www.pressenza.com\/it\/wp-json\/wp\/v2\/types\/post"}],"author":[{"embeddable":true,"href":"https:\/\/www.pressenza.com\/it\/wp-json\/wp\/v2\/users\/1887"}],"replies":[{"embeddable":true,"href":"https:\/\/www.pressenza.com\/it\/wp-json\/wp\/v2\/comments?post=2670043"}],"version-history":[{"count":2,"href":"https:\/\/www.pressenza.com\/it\/wp-json\/wp\/v2\/posts\/2670043\/revisions"}],"predecessor-version":[{"id":2670061,"href":"https:\/\/www.pressenza.com\/it\/wp-json\/wp\/v2\/posts\/2670043\/revisions\/2670061"}],"wp:featuredmedia":[{"embeddable":true,"href":"https:\/\/www.pressenza.com\/it\/wp-json\/wp\/v2\/media\/2670055"}],"wp:attachment":[{"href":"https:\/\/www.pressenza.com\/it\/wp-json\/wp\/v2\/media?parent=2670043"}],"wp:term":[{"taxonomy":"category","embeddable":true,"href":"https:\/\/www.pressenza.com\/it\/wp-json\/wp\/v2\/categories?post=2670043"},{"taxonomy":"post_tag","embeddable":true,"href":"https:\/\/www.pressenza.com\/it\/wp-json\/wp\/v2\/tags?post=2670043"}],"curies":[{"name":"wp","href":"https:\/\/api.w.org\/{rel}","templated":true}]}}