{"id":2667161,"date":"2026-01-11T12:30:51","date_gmt":"2026-01-11T12:30:51","guid":{"rendered":"https:\/\/www.pressenza.com\/?p=2667161"},"modified":"2026-01-11T16:31:56","modified_gmt":"2026-01-11T16:31:56","slug":"usa-veglie-e-manifestazioni-per-renee-nicole-good","status":"publish","type":"post","link":"https:\/\/www.pressenza.com\/it\/2026\/01\/usa-veglie-e-manifestazioni-per-renee-nicole-good\/","title":{"rendered":"USA, veglie e manifestazioni per Renee Nicole Good"},"content":{"rendered":"<p>Secondo la <a href=\"https:\/\/www.facebook.com\/TheOther98\">pagina Facebook The Other 98%<\/a> questo fine settimana <strong>oltre 1.000 veglie, raduni e manifestazioni<\/strong> si stanno svolgendo in tutti gli Stati Uniti dopo che gli agenti dell&#8217;ICE hanno sparato a tre persone in due citt\u00e0, uccidendo Renee Nicole Good a Minneapolis e ferendo Yorlenys Betzabeth Zambrano-Contreras e Luis David Nico Moncada a Portland.<\/p>\n<p>Lo slogan comune \u00e8 <strong>ICE Out for Good Weekend of Action<\/strong>, un gioco di parole in cui si unisce il cognome della donna uccisa a Minneapolis alla volont\u00e0 di sbarazzarsi definitivamente degli agenti assassini. Partecipano grandi citt\u00e0 e piccoli centri, sobborghi e comunit\u00e0 rurali, uniti non solo per commemorare le vittime, ma anche e soprattutto per rifiutare omicidi a sangue freddo come una normale applicazione della legge. Le manifestazioni si possono seguire online grazie a <a href=\"https:\/\/indivisible.org\/\">Indivisible<\/a>, la rete che ha organizzato le proteste No Kings Day dello scorso anno.<\/p>\n<p>Nel pomeriggio di sabato 10 gennaio <strong>a Minneapolis si \u00e8 tenuta una grande manifestazione<\/strong> contro l&#8217;ICE e le retate di immigrati, che ha rappresentato\u00a0 anche un momento di cordoglio in ricordo di Renee Nicole Good.<\/p>\n<p>La manifestazione \u00e8 stata <strong>organizzata dalla comunit\u00e0 somala,<\/strong> target delle ultime retate in citt\u00e0. Jeylani Hussein, rappresentante della comunit\u00e0, ha aperto il suo discorso urlando al megafono &#8220;Doonimeeyno ICE&#8221;, Non vogliamo l&#8217;ICE!&#8221;<\/p>\n<p>Migliaia di persone hanno preso parte al corteo, tra cui molti giovani e famiglie. Sono arrivati in citt\u00e0 anche diversi <strong>nativi del Minnesota<\/strong>,\u00a0 che hanno raggiunto il\u00a0 concentramento a cavallo, indossando i costumi tradizionali. Alcuni cartelli esprimevano con efficacia lo spirito del raduno: &#8220;Prendiamoci cura gli uni degli altri&#8221;, &#8220;Questo \u00e8 il mio quartiere, non una zona di guerra&#8221;, &#8220;Io sto con i miei vicini immigrati&#8221;, oltre a quelli pi\u00f9 &#8220;militanti&#8221; come &#8220;Fuori l&#8217;ICE dalla citt\u00e0&#8221; e &#8220;Stop the raids&#8221;.<\/p>\n<p>La <strong>raccolta fondi per Renee Nicole Good<\/strong> ha superato in poche ore un milione e mezzo di dollari, prima che gli organizzatori la chiudessero e invitassero le persone a donare i loro soldi ad altre famiglie bisognose. Gli amici hanno chiarito che il denaro sar\u00e0 depositato in un fondo fiduciario per sua moglie e i suoi figli.<\/p>\n<p><strong>Intanto Rebecca Brown Good, moglie di Renee Nicole Good, ha rilasciato una commovente dichiarazione: <\/strong><\/p>\n<p>\u201c<em>Innanzitutto, voglio esprimere la mia gratitudine a tutte le persone che da ogni parte del Paese e del mondo si sono fatte avanti per sostenere la nostra famiglia.<\/em><\/p>\n<p><em>Questa gentilezza da parte di estranei \u00e8 il tributo pi\u00f9 appropriato, perch\u00e9 se avete mai incontrato mia moglie, Renee Nicole Macklin Good, sapete che sopra ogni altra cosa lei era gentile. Anzi, la gentilezza irradiava da lei.<\/em><\/p>\n<p><em>Renee scintillava. Letteralmente scintillava. Non si metteva glitter, ma giuro che aveva scintille che le uscivano dai pori. Sempre. Potreste pensare che sia solo l\u2019amore a parlare, ma la sua famiglia diceva la stessa cosa. Renee era fatta di sole.<\/em><\/p>\n<p><em>Renee viveva secondo una convinzione fondamentale: nel mondo esiste la gentilezza e noi dobbiamo fare tutto il possibile per trovarla dove risiede e coltivarla dove ha bisogno di crescere. Renee era una cristiana che sapeva che tutte le religioni insegnano la stessa verit\u00e0 essenziale: siamo qui per amarci gli uni gli altri, prenderci cura gli uni degli altri e mantenerci al sicuro e integri a vicenda.<\/em><\/p>\n<p><em>Come hanno fatto le persone in ogni luogo e in ogni epoca, ci siamo trasferiti per costruirci una vita migliore. Abbiamo scelto il Minnesota come nostra casa. Per tutto il lungo viaggio in macchina fino a qui, ci tenevamo per mano mentre nostro figlio disegnava sui finestrini per passare il tempo e le miglia.<\/em><\/p>\n<p><em>Quello che abbiamo trovato arrivando qui \u00e8 stata una comunit\u00e0 vibrante e accogliente: abbiamo fatto amicizia e diffuso gioia. E sebbene qualsiasi posto in cui fossimo insieme fosse casa, qui a Minneapolis c\u2019era un forte senso condiviso che ci prendessimo cura gli uni degli altri. Qui avevo finalmente trovato pace e un porto sicuro. Questo mi \u00e8 stato tolto per sempre.<\/em><\/p>\n<p><em>Stavamo crescendo nostro figlio affinch\u00e9 credesse che non importa da dove vieni o come appari: tutti meritiamo compassione e gentilezza. Renee incarnava questa convinzione ogni giorno. Lei \u00e8 puro amore. Lei \u00e8 pura gioia. Lei \u00e8 puro sole.<\/em><\/p>\n<p><em>Mercoled\u00ec 7 gennaio ci siamo fermati per sostenere i nostri vicini. Noi avevamo i fischietti. Loro avevano le pistole.<\/em><\/p>\n<p><em>Renee lascia tre figli straordinari; il pi\u00f9 piccolo ha solo sei anni e ha gi\u00e0 perso suo padre. Ora tocca a me crescere nostro figlio e continuare a insegnargli, come credeva Renee, che ci sono persone che stanno costruendo un mondo migliore per lui. Che le persone che hanno fatto questo avevano paura e rabbia nel cuore, e noi dobbiamo mostrare loro una strada migliore.<\/em><\/p>\n<p><em>Vi ringraziamo per la privacy che state concedendo alla nostra famiglia mentre elaboriamo il lutto. Vi ringraziamo per aver garantito che l\u2019eredit\u00e0 di Renee sia quella della gentilezza e dell\u2019amore. Onoriamo la sua memoria vivendo i suoi valori: rifiutando l\u2019odio e scegliendo la compassione, voltando le spalle alla paura e perseguendo la pace, rifiutando la divisione e sapendo che dobbiamo unirci per costruire un mondo in cui tutti possano tornare a casa sani e salvi dalle persone che amiamo.<\/em><\/p>\n<p><em>Rebecca\u201d<\/em><\/p>\n<p><em>\u00a0<\/em><\/p>\n<p><em>\u00a0<\/em><\/p>\n","protected":false},"excerpt":{"rendered":"<p>Secondo la pagina Facebook The Other 98% questo fine settimana oltre 1.000 veglie, raduni e manifestazioni si stanno svolgendo in tutti gli Stati Uniti dopo che gli agenti dell&#8217;ICE hanno sparato a tre persone in due citt\u00e0, uccidendo Renee Nicole&hellip;<\/p>\n","protected":false},"author":594,"featured_media":2667163,"comment_status":"closed","ping_status":"closed","sticky":false,"template":"","format":"standard","meta":{"footnotes":""},"categories":[11388,107392,60,49],"tags":[149496,1628,4154,149497,1453],"class_list":["post-2667161","post","type-post","status-publish","format-standard","has-post-thumbnail","hentry","category-contenuti-originali","category-noticia-it","category-diritti-umani","category-nord-america","tag-assassinio-di-renee-nicole-good","tag-manifestazioni","tag-raccolta-fondi","tag-rebecca-brown-good","tag-usa-it"],"yoast_head":"<!-- This site is optimized with the Yoast SEO plugin v27.1.1 - https:\/\/yoast.com\/product\/yoast-seo-wordpress\/ -->\n<title>USA, veglie e manifestazioni per Renee Nicole Good<\/title>\n<meta name=\"description\" content=\"Secondo la pagina Facebook The Other 98% questo fine settimana oltre 1.000 veglie, raduni e manifestazioni si stanno svolgendo in tutti gli Stati Uniti\" \/>\n<meta name=\"robots\" content=\"index, follow, max-snippet:-1, max-image-preview:large, max-video-preview:-1\" \/>\n<link rel=\"canonical\" href=\"https:\/\/www.pressenza.com\/it\/2026\/01\/usa-veglie-e-manifestazioni-per-renee-nicole-good\/\" \/>\n<meta property=\"og:locale\" content=\"it_IT\" \/>\n<meta property=\"og:type\" content=\"article\" \/>\n<meta property=\"og:title\" content=\"USA, veglie e manifestazioni per Renee Nicole Good\" \/>\n<meta property=\"og:description\" content=\"Secondo la pagina Facebook The Other 98% questo fine settimana oltre 1.000 veglie, raduni e manifestazioni si stanno svolgendo in tutti gli Stati Uniti\" \/>\n<meta property=\"og:url\" content=\"https:\/\/www.pressenza.com\/it\/2026\/01\/usa-veglie-e-manifestazioni-per-renee-nicole-good\/\" \/>\n<meta property=\"og:site_name\" content=\"Pressenza\" \/>\n<meta property=\"article:publisher\" content=\"https:\/\/www.facebook.com\/PressenzaItalia\" \/>\n<meta property=\"article:author\" content=\"https:\/\/www.facebook.com\/PressenzaItalia\" \/>\n<meta property=\"article:published_time\" content=\"2026-01-11T12:30:51+00:00\" \/>\n<meta property=\"article:modified_time\" content=\"2026-01-11T16:31:56+00:00\" \/>\n<meta property=\"og:image\" content=\"https:\/\/www.pressenza.com\/wp-content\/uploads\/2026\/01\/veglia-x-Renee-rit.jpg\" \/>\n\t<meta property=\"og:image:width\" content=\"1075\" \/>\n\t<meta property=\"og:image:height\" content=\"623\" \/>\n\t<meta property=\"og:image:type\" content=\"image\/jpeg\" \/>\n<meta name=\"author\" content=\"Redazione Italia\" \/>\n<meta name=\"twitter:card\" content=\"summary_large_image\" \/>\n<meta name=\"twitter:creator\" content=\"@pressenza_it\" \/>\n<meta name=\"twitter:site\" content=\"@PressenzaIPA\" \/>\n<meta name=\"twitter:label1\" content=\"Scritto da\" \/>\n\t<meta name=\"twitter:data1\" content=\"Redazione Italia\" \/>\n\t<meta name=\"twitter:label2\" content=\"Tempo di lettura stimato\" \/>\n\t<meta name=\"twitter:data2\" content=\"5 minuti\" \/>\n<script type=\"application\/ld+json\" class=\"yoast-schema-graph\">{\"@context\":\"https:\/\/schema.org\",\"@graph\":[{\"@type\":\"Article\",\"@id\":\"https:\/\/www.pressenza.com\/it\/2026\/01\/usa-veglie-e-manifestazioni-per-renee-nicole-good\/#article\",\"isPartOf\":{\"@id\":\"https:\/\/www.pressenza.com\/it\/2026\/01\/usa-veglie-e-manifestazioni-per-renee-nicole-good\/\"},\"author\":{\"name\":\"Redazione Italia\",\"@id\":\"https:\/\/www.pressenza.com\/it\/#\/schema\/person\/d983e81827ae24f2c7b1a2123d197f8d\"},\"headline\":\"USA, veglie e manifestazioni per Renee Nicole Good\",\"datePublished\":\"2026-01-11T12:30:51+00:00\",\"dateModified\":\"2026-01-11T16:31:56+00:00\",\"mainEntityOfPage\":{\"@id\":\"https:\/\/www.pressenza.com\/it\/2026\/01\/usa-veglie-e-manifestazioni-per-renee-nicole-good\/\"},\"wordCount\":853,\"publisher\":{\"@id\":\"https:\/\/www.pressenza.com\/it\/#organization\"},\"image\":{\"@id\":\"https:\/\/www.pressenza.com\/it\/2026\/01\/usa-veglie-e-manifestazioni-per-renee-nicole-good\/#primaryimage\"},\"thumbnailUrl\":\"https:\/\/www.pressenza.com\/wp-content\/uploads\/2026\/01\/veglia-x-Renee-rit.jpg\",\"keywords\":[\"assassinio di Renee Nicole Good\",\"manifestazioni\",\"raccolta fondi\",\"Rebecca Brown Good\",\"USA\"],\"articleSection\":[\"contenuti originali\",\"Cronaca\",\"Diritti Umani\",\"Nord America\"],\"inLanguage\":\"it-IT\"},{\"@type\":\"WebPage\",\"@id\":\"https:\/\/www.pressenza.com\/it\/2026\/01\/usa-veglie-e-manifestazioni-per-renee-nicole-good\/\",\"url\":\"https:\/\/www.pressenza.com\/it\/2026\/01\/usa-veglie-e-manifestazioni-per-renee-nicole-good\/\",\"name\":\"USA, veglie e manifestazioni per Renee Nicole Good\",\"isPartOf\":{\"@id\":\"https:\/\/www.pressenza.com\/it\/#website\"},\"primaryImageOfPage\":{\"@id\":\"https:\/\/www.pressenza.com\/it\/2026\/01\/usa-veglie-e-manifestazioni-per-renee-nicole-good\/#primaryimage\"},\"image\":{\"@id\":\"https:\/\/www.pressenza.com\/it\/2026\/01\/usa-veglie-e-manifestazioni-per-renee-nicole-good\/#primaryimage\"},\"thumbnailUrl\":\"https:\/\/www.pressenza.com\/wp-content\/uploads\/2026\/01\/veglia-x-Renee-rit.jpg\",\"datePublished\":\"2026-01-11T12:30:51+00:00\",\"dateModified\":\"2026-01-11T16:31:56+00:00\",\"description\":\"Secondo la pagina Facebook The Other 98% questo fine settimana oltre 1.000 veglie, raduni e manifestazioni si stanno svolgendo in tutti gli Stati Uniti\",\"breadcrumb\":{\"@id\":\"https:\/\/www.pressenza.com\/it\/2026\/01\/usa-veglie-e-manifestazioni-per-renee-nicole-good\/#breadcrumb\"},\"inLanguage\":\"it-IT\",\"potentialAction\":[{\"@type\":\"ReadAction\",\"target\":[\"https:\/\/www.pressenza.com\/it\/2026\/01\/usa-veglie-e-manifestazioni-per-renee-nicole-good\/\"]}]},{\"@type\":\"ImageObject\",\"inLanguage\":\"it-IT\",\"@id\":\"https:\/\/www.pressenza.com\/it\/2026\/01\/usa-veglie-e-manifestazioni-per-renee-nicole-good\/#primaryimage\",\"url\":\"https:\/\/www.pressenza.com\/wp-content\/uploads\/2026\/01\/veglia-x-Renee-rit.jpg\",\"contentUrl\":\"https:\/\/www.pressenza.com\/wp-content\/uploads\/2026\/01\/veglia-x-Renee-rit.jpg\",\"width\":1075,\"height\":623},{\"@type\":\"BreadcrumbList\",\"@id\":\"https:\/\/www.pressenza.com\/it\/2026\/01\/usa-veglie-e-manifestazioni-per-renee-nicole-good\/#breadcrumb\",\"itemListElement\":[{\"@type\":\"ListItem\",\"position\":1,\"name\":\"Accueil\",\"item\":\"https:\/\/www.pressenza.com\/it\/\"},{\"@type\":\"ListItem\",\"position\":2,\"name\":\"USA, veglie e manifestazioni per Renee Nicole Good\"}]},{\"@type\":\"WebSite\",\"@id\":\"https:\/\/www.pressenza.com\/it\/#website\",\"url\":\"https:\/\/www.pressenza.com\/it\/\",\"name\":\"Pressenza\",\"description\":\"Agenzia di Stampa Internazionale\",\"publisher\":{\"@id\":\"https:\/\/www.pressenza.com\/it\/#organization\"},\"potentialAction\":[{\"@type\":\"SearchAction\",\"target\":{\"@type\":\"EntryPoint\",\"urlTemplate\":\"https:\/\/www.pressenza.com\/it\/?s={search_term_string}\"},\"query-input\":{\"@type\":\"PropertyValueSpecification\",\"valueRequired\":true,\"valueName\":\"search_term_string\"}}],\"inLanguage\":\"it-IT\"},{\"@type\":\"Organization\",\"@id\":\"https:\/\/www.pressenza.com\/it\/#organization\",\"name\":\"Pressenza\",\"url\":\"https:\/\/www.pressenza.com\/it\/\",\"logo\":{\"@type\":\"ImageObject\",\"inLanguage\":\"it-IT\",\"@id\":\"https:\/\/www.pressenza.com\/it\/#\/schema\/logo\/image\/\",\"url\":\"https:\/\/www.pressenza.com\/wp-content\/uploads\/2022\/10\/pressenza_logo_200x200.jpg\",\"contentUrl\":\"https:\/\/www.pressenza.com\/wp-content\/uploads\/2022\/10\/pressenza_logo_200x200.jpg\",\"width\":200,\"height\":200,\"caption\":\"Pressenza\"},\"image\":{\"@id\":\"https:\/\/www.pressenza.com\/it\/#\/schema\/logo\/image\/\"},\"sameAs\":[\"https:\/\/www.facebook.com\/PressenzaItalia\",\"https:\/\/x.com\/PressenzaIPA\"]},{\"@type\":\"Person\",\"@id\":\"https:\/\/www.pressenza.com\/it\/#\/schema\/person\/d983e81827ae24f2c7b1a2123d197f8d\",\"name\":\"Redazione Italia\",\"description\":\"News from the Pressenza Bureau in Italy\",\"sameAs\":[\"https:\/\/www.pressenza.com\/it\/author\/redazione-italia\/\",\"https:\/\/www.facebook.com\/PressenzaItalia\",\"https:\/\/www.instagram.com\/pressenza_italia\/\",\"https:\/\/x.com\/pressenza_it\",\"https:\/\/www.youtube.com\/channel\/UCSalEIWjE1RSxkwjfftFuqg\"],\"url\":\"https:\/\/www.pressenza.com\/it\/author\/redazione-italia\/\"}]}<\/script>\n<!-- \/ Yoast SEO plugin. -->","yoast_head_json":{"title":"USA, veglie e manifestazioni per Renee Nicole Good","description":"Secondo la pagina Facebook The Other 98% questo fine settimana oltre 1.000 veglie, raduni e manifestazioni si stanno svolgendo in tutti gli Stati Uniti","robots":{"index":"index","follow":"follow","max-snippet":"max-snippet:-1","max-image-preview":"max-image-preview:large","max-video-preview":"max-video-preview:-1"},"canonical":"https:\/\/www.pressenza.com\/it\/2026\/01\/usa-veglie-e-manifestazioni-per-renee-nicole-good\/","og_locale":"it_IT","og_type":"article","og_title":"USA, veglie e manifestazioni per Renee Nicole Good","og_description":"Secondo la pagina Facebook The Other 98% questo fine settimana oltre 1.000 veglie, raduni e manifestazioni si stanno svolgendo in tutti gli Stati Uniti","og_url":"https:\/\/www.pressenza.com\/it\/2026\/01\/usa-veglie-e-manifestazioni-per-renee-nicole-good\/","og_site_name":"Pressenza","article_publisher":"https:\/\/www.facebook.com\/PressenzaItalia","article_author":"https:\/\/www.facebook.com\/PressenzaItalia","article_published_time":"2026-01-11T12:30:51+00:00","article_modified_time":"2026-01-11T16:31:56+00:00","og_image":[{"width":1075,"height":623,"url":"https:\/\/www.pressenza.com\/wp-content\/uploads\/2026\/01\/veglia-x-Renee-rit.jpg","type":"image\/jpeg"}],"author":"Redazione Italia","twitter_card":"summary_large_image","twitter_creator":"@pressenza_it","twitter_site":"@PressenzaIPA","twitter_misc":{"Scritto da":"Redazione Italia","Tempo di lettura stimato":"5 minuti"},"schema":{"@context":"https:\/\/schema.org","@graph":[{"@type":"Article","@id":"https:\/\/www.pressenza.com\/it\/2026\/01\/usa-veglie-e-manifestazioni-per-renee-nicole-good\/#article","isPartOf":{"@id":"https:\/\/www.pressenza.com\/it\/2026\/01\/usa-veglie-e-manifestazioni-per-renee-nicole-good\/"},"author":{"name":"Redazione Italia","@id":"https:\/\/www.pressenza.com\/it\/#\/schema\/person\/d983e81827ae24f2c7b1a2123d197f8d"},"headline":"USA, veglie e manifestazioni per Renee Nicole Good","datePublished":"2026-01-11T12:30:51+00:00","dateModified":"2026-01-11T16:31:56+00:00","mainEntityOfPage":{"@id":"https:\/\/www.pressenza.com\/it\/2026\/01\/usa-veglie-e-manifestazioni-per-renee-nicole-good\/"},"wordCount":853,"publisher":{"@id":"https:\/\/www.pressenza.com\/it\/#organization"},"image":{"@id":"https:\/\/www.pressenza.com\/it\/2026\/01\/usa-veglie-e-manifestazioni-per-renee-nicole-good\/#primaryimage"},"thumbnailUrl":"https:\/\/www.pressenza.com\/wp-content\/uploads\/2026\/01\/veglia-x-Renee-rit.jpg","keywords":["assassinio di Renee Nicole Good","manifestazioni","raccolta fondi","Rebecca Brown Good","USA"],"articleSection":["contenuti originali","Cronaca","Diritti Umani","Nord America"],"inLanguage":"it-IT"},{"@type":"WebPage","@id":"https:\/\/www.pressenza.com\/it\/2026\/01\/usa-veglie-e-manifestazioni-per-renee-nicole-good\/","url":"https:\/\/www.pressenza.com\/it\/2026\/01\/usa-veglie-e-manifestazioni-per-renee-nicole-good\/","name":"USA, veglie e manifestazioni per Renee Nicole Good","isPartOf":{"@id":"https:\/\/www.pressenza.com\/it\/#website"},"primaryImageOfPage":{"@id":"https:\/\/www.pressenza.com\/it\/2026\/01\/usa-veglie-e-manifestazioni-per-renee-nicole-good\/#primaryimage"},"image":{"@id":"https:\/\/www.pressenza.com\/it\/2026\/01\/usa-veglie-e-manifestazioni-per-renee-nicole-good\/#primaryimage"},"thumbnailUrl":"https:\/\/www.pressenza.com\/wp-content\/uploads\/2026\/01\/veglia-x-Renee-rit.jpg","datePublished":"2026-01-11T12:30:51+00:00","dateModified":"2026-01-11T16:31:56+00:00","description":"Secondo la pagina Facebook The Other 98% questo fine settimana oltre 1.000 veglie, raduni e manifestazioni si stanno svolgendo in tutti gli Stati Uniti","breadcrumb":{"@id":"https:\/\/www.pressenza.com\/it\/2026\/01\/usa-veglie-e-manifestazioni-per-renee-nicole-good\/#breadcrumb"},"inLanguage":"it-IT","potentialAction":[{"@type":"ReadAction","target":["https:\/\/www.pressenza.com\/it\/2026\/01\/usa-veglie-e-manifestazioni-per-renee-nicole-good\/"]}]},{"@type":"ImageObject","inLanguage":"it-IT","@id":"https:\/\/www.pressenza.com\/it\/2026\/01\/usa-veglie-e-manifestazioni-per-renee-nicole-good\/#primaryimage","url":"https:\/\/www.pressenza.com\/wp-content\/uploads\/2026\/01\/veglia-x-Renee-rit.jpg","contentUrl":"https:\/\/www.pressenza.com\/wp-content\/uploads\/2026\/01\/veglia-x-Renee-rit.jpg","width":1075,"height":623},{"@type":"BreadcrumbList","@id":"https:\/\/www.pressenza.com\/it\/2026\/01\/usa-veglie-e-manifestazioni-per-renee-nicole-good\/#breadcrumb","itemListElement":[{"@type":"ListItem","position":1,"name":"Accueil","item":"https:\/\/www.pressenza.com\/it\/"},{"@type":"ListItem","position":2,"name":"USA, veglie e manifestazioni per Renee Nicole Good"}]},{"@type":"WebSite","@id":"https:\/\/www.pressenza.com\/it\/#website","url":"https:\/\/www.pressenza.com\/it\/","name":"Pressenza","description":"Agenzia di Stampa Internazionale","publisher":{"@id":"https:\/\/www.pressenza.com\/it\/#organization"},"potentialAction":[{"@type":"SearchAction","target":{"@type":"EntryPoint","urlTemplate":"https:\/\/www.pressenza.com\/it\/?s={search_term_string}"},"query-input":{"@type":"PropertyValueSpecification","valueRequired":true,"valueName":"search_term_string"}}],"inLanguage":"it-IT"},{"@type":"Organization","@id":"https:\/\/www.pressenza.com\/it\/#organization","name":"Pressenza","url":"https:\/\/www.pressenza.com\/it\/","logo":{"@type":"ImageObject","inLanguage":"it-IT","@id":"https:\/\/www.pressenza.com\/it\/#\/schema\/logo\/image\/","url":"https:\/\/www.pressenza.com\/wp-content\/uploads\/2022\/10\/pressenza_logo_200x200.jpg","contentUrl":"https:\/\/www.pressenza.com\/wp-content\/uploads\/2022\/10\/pressenza_logo_200x200.jpg","width":200,"height":200,"caption":"Pressenza"},"image":{"@id":"https:\/\/www.pressenza.com\/it\/#\/schema\/logo\/image\/"},"sameAs":["https:\/\/www.facebook.com\/PressenzaItalia","https:\/\/x.com\/PressenzaIPA"]},{"@type":"Person","@id":"https:\/\/www.pressenza.com\/it\/#\/schema\/person\/d983e81827ae24f2c7b1a2123d197f8d","name":"Redazione Italia","description":"News from the Pressenza Bureau in Italy","sameAs":["https:\/\/www.pressenza.com\/it\/author\/redazione-italia\/","https:\/\/www.facebook.com\/PressenzaItalia","https:\/\/www.instagram.com\/pressenza_italia\/","https:\/\/x.com\/pressenza_it","https:\/\/www.youtube.com\/channel\/UCSalEIWjE1RSxkwjfftFuqg"],"url":"https:\/\/www.pressenza.com\/it\/author\/redazione-italia\/"}]}},"place":"","original_article_url":"","_links":{"self":[{"href":"https:\/\/www.pressenza.com\/it\/wp-json\/wp\/v2\/posts\/2667161","targetHints":{"allow":["GET"]}}],"collection":[{"href":"https:\/\/www.pressenza.com\/it\/wp-json\/wp\/v2\/posts"}],"about":[{"href":"https:\/\/www.pressenza.com\/it\/wp-json\/wp\/v2\/types\/post"}],"author":[{"embeddable":true,"href":"https:\/\/www.pressenza.com\/it\/wp-json\/wp\/v2\/users\/594"}],"replies":[{"embeddable":true,"href":"https:\/\/www.pressenza.com\/it\/wp-json\/wp\/v2\/comments?post=2667161"}],"version-history":[{"count":6,"href":"https:\/\/www.pressenza.com\/it\/wp-json\/wp\/v2\/posts\/2667161\/revisions"}],"predecessor-version":[{"id":2667186,"href":"https:\/\/www.pressenza.com\/it\/wp-json\/wp\/v2\/posts\/2667161\/revisions\/2667186"}],"wp:featuredmedia":[{"embeddable":true,"href":"https:\/\/www.pressenza.com\/it\/wp-json\/wp\/v2\/media\/2667163"}],"wp:attachment":[{"href":"https:\/\/www.pressenza.com\/it\/wp-json\/wp\/v2\/media?parent=2667161"}],"wp:term":[{"taxonomy":"category","embeddable":true,"href":"https:\/\/www.pressenza.com\/it\/wp-json\/wp\/v2\/categories?post=2667161"},{"taxonomy":"post_tag","embeddable":true,"href":"https:\/\/www.pressenza.com\/it\/wp-json\/wp\/v2\/tags?post=2667161"}],"curies":[{"name":"wp","href":"https:\/\/api.w.org\/{rel}","templated":true}]}}