{"id":2666567,"date":"2026-01-08T19:48:02","date_gmt":"2026-01-08T19:48:02","guid":{"rendered":"https:\/\/www.pressenza.com\/?p=2666567"},"modified":"2026-01-08T20:40:09","modified_gmt":"2026-01-08T20:40:09","slug":"la-proposta-di-rutger-bregman-per-fare-la-differenza","status":"publish","type":"post","link":"https:\/\/www.pressenza.com\/it\/2026\/01\/la-proposta-di-rutger-bregman-per-fare-la-differenza\/","title":{"rendered":"La proposta di Rutger Bregman per fare la differenza"},"content":{"rendered":"<p class=\"western\" lang=\"en-US\">Sono andato a letto ieri sera con ancora nelle orecchie le grida di Minneapolis, le grida strazianti di chi ha perso una vicina di casa, un\u2019amica, la propria compagna. Mi hanno ricordato le grida che si sentono subito dopo lo sparo in Piazza Alimonda, un momento di rottura tra un prima e un dopo, da cui non si torna indietro. E visto che possiamo andare solo avanti, tanto vale provare ad arrivare da qualche parte.<\/p>\n<p class=\"western\" lang=\"en-US\">Nel grande caos che sono stati questi primi giorni del 2026, mi sono trovato sullo schermo una copia digitale dell\u2019ultimo libro di Rutger Bregman, \u201cMoral ambition\u201d.<\/p>\n<p class=\"western\" lang=\"en-US\">Bregman, storico olandese, \u00e8 salito alle cronache per un suo intervento ad un panel alla conferenza di Davos del 2019, in cui ha esplicitamente puntato il dito sull\u2019elefante nella stanza, la totale scomparsa di una reale tassazione sui patrimoni dei miliardari.<sup><span style=\"font-size: small;\"><a class=\"sdfootnoteanc\" href=\"#sdfootnote1sym\" name=\"sdfootnote1anc\">1<\/a><\/span><\/sup><\/p>\n<p class=\"western\" lang=\"en-US\">Guadagnatosi cos\u00ec una buona posizione da cui parlare a pi\u00f9 persone possibile, ha gi\u00e0 scritto due libri editi in Italia da Feltrinelli, che spero si sbrighi a tradurre anche il terzo, perch\u00e9 credo sia un libro di cui abbiamo bisogno.<\/p>\n<p class=\"western\" lang=\"en-US\">Bregman mostra subito di aver capito una lezione importante su come costruire un impianto divulgativo capace di coinvolgere ed attivare chi legge: raccontare storie per porre interrogativi, mostrare esempi concreti e aiutare a calarsi volta per volta nella realt\u00e0 delle situazioni affrontate. Seleziona bene i suoi esempi, li mostra nel loro tempo e nelle loro contraddizioni, e lo fa con un obiettivo ben preciso: quello di spingere chi legge ad attivarsi, e a farlo in maniera ambiziosa.<\/p>\n<p class=\"western\" lang=\"en-US\"><span style=\"font-size: large;\"><b>Serpeverde alla riscossa<\/b><\/span><\/p>\n<p class=\"western\" lang=\"en-US\">Quando penso alla parola ambizione non posso fare a meno di tornare per un attimo al mondo di Harry Potter, e ai Serpeverde, che appunto la incarnano, tutti antagonisti. Sar\u00e0 questo uno degli elementi che rende problematico a sinistra il nostro rapporto con questa parola?<\/p>\n<p class=\"western\" lang=\"en-US\">Ambizione di arrivare, quindi la certezza di sapere dove arrivare, che nel grande mondo dialettico del movimento \u00e8 a volte considerata una cosa in fin dei conti sconveniente. Un po\u2019 di destra, quasi. Per capirci, l\u2019ultima volta che ho avuto l\u2019impressione di leggere un testo di sinistra realmente ambizioso avevo in mano \u201cInventare il futuro\u201d di Srniceck e Williams, ed era il 2018.<\/p>\n<p class=\"western\" lang=\"en-US\">Per tutto il libro Bregman continua a cercare di risvegliare in chi legge questa volont\u00e0, questo rivolgersi verso un orizzonte ideale di vittoria, inquadrandolo dentro le possibilit\u00e0 reali di azione concreta che ogni vita umana porta in s\u00e9, ma sempre cercando di fare la differenza. \u201cVincere \u00e8 un dovere morale, quando lotti contro l\u2019ingiustizia\u201d, scrive.<\/p>\n<p class=\"western\" lang=\"en-US\">Il libro \u00e8 molto chiaro nel cercare di portare chi legge fuori dalla propria zona di comfort, criticando radicalmente l\u2019idea di \u201cricerca della felicit\u00e0\u201d per come la societ\u00e0 in cui viviamo vorrebbe vendercela. Se sentiamo un forte disagio nella nostra vita quotidiana, se costantemente subiamo l\u2019assalto di pensieri ed energie negative, forse oltre ai percorsi di psicanalisi e a meditare con costanza dovremmo anche provare ad intervenire sul mondo attorno a noi per cambiarlo in meglio. Forse dovremmo uscire dal paradigma individualista del nostro tempo, analizzare alla radice i problemi che abbiamo davanti e organizzarci per affrontarli insieme.<\/p>\n<p class=\"western\" lang=\"en-US\">Allo stesso tempo \u00e8 proprio dall\u2019individuo che Rutger parte, e forse questo approccio pu\u00f2 in prima lettura far storcere il naso ad una parte del pubblico, ma credo sia molto funzionale visto il tipo di societ\u00e0 in cui viviamo. Non serve essere Ayn Rand per riconoscere le infinite ed incredibili possibilit\u00e0 dei singoli esseri umani, se poi queste possibilit\u00e0 vengono messe al servizio di una causa collettiva.<\/p>\n<p class=\"western\" lang=\"en-US\">Io stesso mi sono trovato a volte sorpreso leggendo alcuni ragionamenti gli esempi portati, per poi osservare come l\u2019analisi impietosa dei successi, delle sconfitte e delle contraddizioni di ogni epoca riesca a superare qualsiasi accusa di parzialit\u00e0 o di ingenuit\u00e0.<\/p>\n<p class=\"western\" lang=\"en-US\">Devo dirvi che alla fine mi \u00e8 quasi venuto il dubbio che in un certo senso si tratti di una vera e propria trappola tesa a chi legge, il tentativo di usare un libro che sembra quasi vendersi come un manuale di <i>self-growth <\/i>per contagiare con il virus dell\u2019ambizione morale pi\u00f9 persone possibile. Non sar\u00e0 questa la volta di troppo per citare il buon Bowie: <i>we can be heroes, <\/i>se lo vogliamo, ma la situazione attuale richiede che pi\u00f9 persone possibile si impegnino per molto pi\u00f9 che un giorno solo. Questo tempo disgraziato ha un enorme bisogno di noi e dobbiamo tornare a riconoscere il valore di una vita spesa a cercare di far qualcosa che possa essere non solo buono, giusto e bello, ma anche, per una volta, grande.<\/p>\n<p class=\"western\" lang=\"en-US\">Quando un numero sufficiente di persone fossero riuscite a trovare la determinazione necessaria a questo primo passo, si potrebbe allora parlare dei problemi successivi.<\/p>\n<p class=\"western\" lang=\"en-US\"><span style=\"font-size: large;\"><b>E come diceva Gandhi&#8230;<\/b><\/span><\/p>\n<p class=\"western\" lang=\"en-US\">Quali sono le illusioni in cui i movimenti ed i gruppi politici cadono? Quali sono gli indicatori che possono aiutare chi vuole avere un impatto positivo sulla societ\u00e0 a capire verso quale direzione lavorare? Cosa ci insegna la Storia sulla maniera in cui i nostri comportamenti vengono giudicati dai posteri?<\/p>\n<p class=\"western\" lang=\"en-US\">Su questa ultima domanda Bregman si spende a lungo, prendendo come riferimento la schiavit\u00f9 negli Stati Uniti e la lunga storia di conflitto dal basso che ha consentito prima la sua abolizione e infine la fine della segregazione. E se da una parte lo fa perch\u00e9 si tratta, almeno in teoria, di un processo storico concluso, su cui abbiamo un gran numero di fonti e di materiali storiografici di ogni tipo, io credo che abbia scelto questo esempio perch\u00e9 per vari aspetti \u00e8 estremamente calzante rispetto ad uno dei grandi temi del nostro tempo, la transizione alimentare.<\/p>\n<p class=\"western\" lang=\"en-US\">Cosa ha consentito ad un piccolo gruppo di idealisti di imporre il proprio punto di vista su di una questione che sembrava indiscutibile, il diritto di mettere le catene ai polsi di un essere umano considerato inferiore e di usarlo come schiavo? Come si scardina un sistema economico ed ideologico che guarda a degli esseri umani come a poco pi\u00f9 che animali? E come si scardina un sistema alimentare che guarda agli animali non umani come poco pi\u00f9 che cose? I paragoni si sprecano e Bregman da bravo narratore spesso evita di esplicitarli, ma \u00e8 tutto chiaramente esposto e sono convinto che, seppur a volte possa sembrare provocatorio, questo libro sarebbe un\u2019aggiunta importantissima alla biblioteca di qualunque gruppo antispecista.<\/p>\n<p>Cercare di porre fine a un comportamento che, seppur dannoso e ingiusto sotto ogni punto di vista, \u00e8 socialmente accettato e sembra normale, naturale e necessario, vuol dire iniziare una vera e propria guerra nella testa e nel cuore della gente.<\/p>\n<p>La determinazione a condurre questa guerra e a ottenere un risultato, che \u00e8 quella che Bregman vuole accendere in chi legge, richiede idealismo, ambizione, capacit\u00e0 analitiche e tanta, tantissima umilt\u00e0. E richiede compromessi. Non con \u201ci cattivi\u201d, ma compromessi con la parte pi\u00f9 radicale del movimento e di noi stess\u0259, quella che vuole tutto e subito, quella che vorrebbe che la gente facesse sempre la cosa giusta per la ragione giusta. Compromessi con il mondo reale, che non \u00e8 quello che vorremmo. Sembrano un po\u2019 echeggiare gli avvertimenti di Nunes sulla malinconia e sulla nostra voglia di stare sempre \u201ca sinistra del possibile\u201d e credo che questo libro possa essere un ottimo accompagnamento alla lettura della sua ultima opera, \u201cN\u00e9 verticale n\u00e9 orizzontale\u201d.<\/p>\n<p>Sperando quindi che la traduzione italiana arrivi velocemente, oltre che magari in un tour di presentazione, vi invito intanto a cercare l\u2019edizione inglese o iniziare dalle opere precedenti,\u00a0 che possano esservi utili per affrontare l\u2019anno che viene e le sue sfide, con rinnovata ambizione.<\/p>\n<div id=\"sdfootnote1\">\n<p lang=\"en-US\"><span style=\"font-size: small;\"><a class=\"sdfootnotesym\" href=\"#sdfootnote1anc\" name=\"sdfootnote1sym\">1<\/a> <a href=\"https:\/\/www.youtube.com\/watch?v=r5LtFnmPruU\">https:\/\/www.youtube.com\/watch?v=r5LtFnmPruU<\/a><\/span><\/p>\n<p lang=\"en-US\" style=\"text-align: right;\"><strong>Tommaso Juhaszt<\/strong><\/p>\n<\/div>\n","protected":false},"excerpt":{"rendered":"<p>Sono andato a letto ieri sera con ancora nelle orecchie le grida di Minneapolis, le grida strazianti di chi ha perso una vicina di casa, un\u2019amica, la propria compagna. Mi hanno ricordato le grida che si sentono subito dopo lo&hellip;<\/p>\n","protected":false},"author":594,"featured_media":2666569,"comment_status":"closed","ping_status":"closed","sticky":false,"template":"","format":"standard","meta":{"footnotes":""},"categories":[11388,56,47],"tags":[802,149385,1552,141944],"class_list":["post-2666567","post","type-post","status-publish","format-standard","has-post-thumbnail","hentry","category-contenuti-originali","category-cultura","category-europa","tag-gandhi","tag-libro-moral-ambition","tag-recensione","tag-rutger-bregman"],"yoast_head":"<!-- This site is optimized with the Yoast SEO plugin v27.1.1 - https:\/\/yoast.com\/product\/yoast-seo-wordpress\/ -->\n<title>La proposta di Rutger Bregman per fare la differenza<\/title>\n<meta name=\"description\" content=\"Sono andato a letto ieri sera con ancora nelle orecchie le grida di Minneapolis, le grida strazianti di chi ha perso una vicina di casa, un\u2019amica, la\" \/>\n<meta name=\"robots\" content=\"index, follow, max-snippet:-1, max-image-preview:large, max-video-preview:-1\" \/>\n<link rel=\"canonical\" href=\"https:\/\/www.pressenza.com\/it\/2026\/01\/la-proposta-di-rutger-bregman-per-fare-la-differenza\/\" \/>\n<meta property=\"og:locale\" content=\"it_IT\" \/>\n<meta property=\"og:type\" content=\"article\" \/>\n<meta property=\"og:title\" content=\"La proposta di Rutger Bregman per fare la differenza\" \/>\n<meta property=\"og:description\" content=\"Sono andato a letto ieri sera con ancora nelle orecchie le grida di Minneapolis, le grida strazianti di chi ha perso una vicina di casa, un\u2019amica, la\" \/>\n<meta property=\"og:url\" content=\"https:\/\/www.pressenza.com\/it\/2026\/01\/la-proposta-di-rutger-bregman-per-fare-la-differenza\/\" \/>\n<meta property=\"og:site_name\" content=\"Pressenza\" \/>\n<meta property=\"article:publisher\" content=\"https:\/\/www.facebook.com\/PressenzaItalia\" \/>\n<meta property=\"article:author\" content=\"https:\/\/www.facebook.com\/PressenzaItalia\" \/>\n<meta property=\"article:published_time\" content=\"2026-01-08T19:48:02+00:00\" \/>\n<meta property=\"article:modified_time\" content=\"2026-01-08T20:40:09+00:00\" \/>\n<meta property=\"og:image\" content=\"https:\/\/www.pressenza.com\/wp-content\/uploads\/2026\/01\/moral-ambition.jpg\" \/>\n\t<meta property=\"og:image:width\" content=\"850\" \/>\n\t<meta property=\"og:image:height\" content=\"1070\" \/>\n\t<meta property=\"og:image:type\" content=\"image\/jpeg\" \/>\n<meta name=\"author\" content=\"Redazione Italia\" \/>\n<meta name=\"twitter:card\" content=\"summary_large_image\" \/>\n<meta name=\"twitter:creator\" content=\"@pressenza_it\" \/>\n<meta name=\"twitter:site\" content=\"@PressenzaIPA\" \/>\n<meta name=\"twitter:label1\" content=\"Scritto da\" \/>\n\t<meta name=\"twitter:data1\" content=\"Redazione Italia\" \/>\n\t<meta name=\"twitter:label2\" content=\"Tempo di lettura stimato\" \/>\n\t<meta name=\"twitter:data2\" content=\"7 minuti\" \/>\n<script type=\"application\/ld+json\" class=\"yoast-schema-graph\">{\"@context\":\"https:\/\/schema.org\",\"@graph\":[{\"@type\":\"Article\",\"@id\":\"https:\/\/www.pressenza.com\/it\/2026\/01\/la-proposta-di-rutger-bregman-per-fare-la-differenza\/#article\",\"isPartOf\":{\"@id\":\"https:\/\/www.pressenza.com\/it\/2026\/01\/la-proposta-di-rutger-bregman-per-fare-la-differenza\/\"},\"author\":{\"name\":\"Redazione Italia\",\"@id\":\"https:\/\/www.pressenza.com\/it\/#\/schema\/person\/d983e81827ae24f2c7b1a2123d197f8d\"},\"headline\":\"La proposta di Rutger Bregman per fare la differenza\",\"datePublished\":\"2026-01-08T19:48:02+00:00\",\"dateModified\":\"2026-01-08T20:40:09+00:00\",\"mainEntityOfPage\":{\"@id\":\"https:\/\/www.pressenza.com\/it\/2026\/01\/la-proposta-di-rutger-bregman-per-fare-la-differenza\/\"},\"wordCount\":1281,\"publisher\":{\"@id\":\"https:\/\/www.pressenza.com\/it\/#organization\"},\"image\":{\"@id\":\"https:\/\/www.pressenza.com\/it\/2026\/01\/la-proposta-di-rutger-bregman-per-fare-la-differenza\/#primaryimage\"},\"thumbnailUrl\":\"https:\/\/www.pressenza.com\/wp-content\/uploads\/2026\/01\/moral-ambition.jpg\",\"keywords\":[\"Gandhi\",\"libro Moral ambition\",\"recensione\",\"Rutger Bregman\"],\"articleSection\":[\"contenuti originali\",\"Cultura e Media\",\"Europa\"],\"inLanguage\":\"it-IT\"},{\"@type\":\"WebPage\",\"@id\":\"https:\/\/www.pressenza.com\/it\/2026\/01\/la-proposta-di-rutger-bregman-per-fare-la-differenza\/\",\"url\":\"https:\/\/www.pressenza.com\/it\/2026\/01\/la-proposta-di-rutger-bregman-per-fare-la-differenza\/\",\"name\":\"La proposta di Rutger Bregman per fare la differenza\",\"isPartOf\":{\"@id\":\"https:\/\/www.pressenza.com\/it\/#website\"},\"primaryImageOfPage\":{\"@id\":\"https:\/\/www.pressenza.com\/it\/2026\/01\/la-proposta-di-rutger-bregman-per-fare-la-differenza\/#primaryimage\"},\"image\":{\"@id\":\"https:\/\/www.pressenza.com\/it\/2026\/01\/la-proposta-di-rutger-bregman-per-fare-la-differenza\/#primaryimage\"},\"thumbnailUrl\":\"https:\/\/www.pressenza.com\/wp-content\/uploads\/2026\/01\/moral-ambition.jpg\",\"datePublished\":\"2026-01-08T19:48:02+00:00\",\"dateModified\":\"2026-01-08T20:40:09+00:00\",\"description\":\"Sono andato a letto ieri sera con ancora nelle orecchie le grida di Minneapolis, le grida strazianti di chi ha perso una vicina di casa, un\u2019amica, la\",\"breadcrumb\":{\"@id\":\"https:\/\/www.pressenza.com\/it\/2026\/01\/la-proposta-di-rutger-bregman-per-fare-la-differenza\/#breadcrumb\"},\"inLanguage\":\"it-IT\",\"potentialAction\":[{\"@type\":\"ReadAction\",\"target\":[\"https:\/\/www.pressenza.com\/it\/2026\/01\/la-proposta-di-rutger-bregman-per-fare-la-differenza\/\"]}]},{\"@type\":\"ImageObject\",\"inLanguage\":\"it-IT\",\"@id\":\"https:\/\/www.pressenza.com\/it\/2026\/01\/la-proposta-di-rutger-bregman-per-fare-la-differenza\/#primaryimage\",\"url\":\"https:\/\/www.pressenza.com\/wp-content\/uploads\/2026\/01\/moral-ambition.jpg\",\"contentUrl\":\"https:\/\/www.pressenza.com\/wp-content\/uploads\/2026\/01\/moral-ambition.jpg\",\"width\":850,\"height\":1070},{\"@type\":\"BreadcrumbList\",\"@id\":\"https:\/\/www.pressenza.com\/it\/2026\/01\/la-proposta-di-rutger-bregman-per-fare-la-differenza\/#breadcrumb\",\"itemListElement\":[{\"@type\":\"ListItem\",\"position\":1,\"name\":\"Accueil\",\"item\":\"https:\/\/www.pressenza.com\/it\/\"},{\"@type\":\"ListItem\",\"position\":2,\"name\":\"La proposta di Rutger Bregman per fare la differenza\"}]},{\"@type\":\"WebSite\",\"@id\":\"https:\/\/www.pressenza.com\/it\/#website\",\"url\":\"https:\/\/www.pressenza.com\/it\/\",\"name\":\"Pressenza\",\"description\":\"Agenzia di Stampa Internazionale\",\"publisher\":{\"@id\":\"https:\/\/www.pressenza.com\/it\/#organization\"},\"potentialAction\":[{\"@type\":\"SearchAction\",\"target\":{\"@type\":\"EntryPoint\",\"urlTemplate\":\"https:\/\/www.pressenza.com\/it\/?s={search_term_string}\"},\"query-input\":{\"@type\":\"PropertyValueSpecification\",\"valueRequired\":true,\"valueName\":\"search_term_string\"}}],\"inLanguage\":\"it-IT\"},{\"@type\":\"Organization\",\"@id\":\"https:\/\/www.pressenza.com\/it\/#organization\",\"name\":\"Pressenza\",\"url\":\"https:\/\/www.pressenza.com\/it\/\",\"logo\":{\"@type\":\"ImageObject\",\"inLanguage\":\"it-IT\",\"@id\":\"https:\/\/www.pressenza.com\/it\/#\/schema\/logo\/image\/\",\"url\":\"https:\/\/www.pressenza.com\/wp-content\/uploads\/2022\/10\/pressenza_logo_200x200.jpg\",\"contentUrl\":\"https:\/\/www.pressenza.com\/wp-content\/uploads\/2022\/10\/pressenza_logo_200x200.jpg\",\"width\":200,\"height\":200,\"caption\":\"Pressenza\"},\"image\":{\"@id\":\"https:\/\/www.pressenza.com\/it\/#\/schema\/logo\/image\/\"},\"sameAs\":[\"https:\/\/www.facebook.com\/PressenzaItalia\",\"https:\/\/x.com\/PressenzaIPA\"]},{\"@type\":\"Person\",\"@id\":\"https:\/\/www.pressenza.com\/it\/#\/schema\/person\/d983e81827ae24f2c7b1a2123d197f8d\",\"name\":\"Redazione Italia\",\"description\":\"News from the Pressenza Bureau in Italy\",\"sameAs\":[\"https:\/\/www.pressenza.com\/it\/author\/redazione-italia\/\",\"https:\/\/www.facebook.com\/PressenzaItalia\",\"https:\/\/www.instagram.com\/pressenza_italia\/\",\"https:\/\/x.com\/pressenza_it\",\"https:\/\/www.youtube.com\/channel\/UCSalEIWjE1RSxkwjfftFuqg\"],\"url\":\"https:\/\/www.pressenza.com\/it\/author\/redazione-italia\/\"}]}<\/script>\n<!-- \/ Yoast SEO plugin. -->","yoast_head_json":{"title":"La proposta di Rutger Bregman per fare la differenza","description":"Sono andato a letto ieri sera con ancora nelle orecchie le grida di Minneapolis, le grida strazianti di chi ha perso una vicina di casa, un\u2019amica, la","robots":{"index":"index","follow":"follow","max-snippet":"max-snippet:-1","max-image-preview":"max-image-preview:large","max-video-preview":"max-video-preview:-1"},"canonical":"https:\/\/www.pressenza.com\/it\/2026\/01\/la-proposta-di-rutger-bregman-per-fare-la-differenza\/","og_locale":"it_IT","og_type":"article","og_title":"La proposta di Rutger Bregman per fare la differenza","og_description":"Sono andato a letto ieri sera con ancora nelle orecchie le grida di Minneapolis, le grida strazianti di chi ha perso una vicina di casa, un\u2019amica, la","og_url":"https:\/\/www.pressenza.com\/it\/2026\/01\/la-proposta-di-rutger-bregman-per-fare-la-differenza\/","og_site_name":"Pressenza","article_publisher":"https:\/\/www.facebook.com\/PressenzaItalia","article_author":"https:\/\/www.facebook.com\/PressenzaItalia","article_published_time":"2026-01-08T19:48:02+00:00","article_modified_time":"2026-01-08T20:40:09+00:00","og_image":[{"width":850,"height":1070,"url":"https:\/\/www.pressenza.com\/wp-content\/uploads\/2026\/01\/moral-ambition.jpg","type":"image\/jpeg"}],"author":"Redazione Italia","twitter_card":"summary_large_image","twitter_creator":"@pressenza_it","twitter_site":"@PressenzaIPA","twitter_misc":{"Scritto da":"Redazione Italia","Tempo di lettura stimato":"7 minuti"},"schema":{"@context":"https:\/\/schema.org","@graph":[{"@type":"Article","@id":"https:\/\/www.pressenza.com\/it\/2026\/01\/la-proposta-di-rutger-bregman-per-fare-la-differenza\/#article","isPartOf":{"@id":"https:\/\/www.pressenza.com\/it\/2026\/01\/la-proposta-di-rutger-bregman-per-fare-la-differenza\/"},"author":{"name":"Redazione Italia","@id":"https:\/\/www.pressenza.com\/it\/#\/schema\/person\/d983e81827ae24f2c7b1a2123d197f8d"},"headline":"La proposta di Rutger Bregman per fare la differenza","datePublished":"2026-01-08T19:48:02+00:00","dateModified":"2026-01-08T20:40:09+00:00","mainEntityOfPage":{"@id":"https:\/\/www.pressenza.com\/it\/2026\/01\/la-proposta-di-rutger-bregman-per-fare-la-differenza\/"},"wordCount":1281,"publisher":{"@id":"https:\/\/www.pressenza.com\/it\/#organization"},"image":{"@id":"https:\/\/www.pressenza.com\/it\/2026\/01\/la-proposta-di-rutger-bregman-per-fare-la-differenza\/#primaryimage"},"thumbnailUrl":"https:\/\/www.pressenza.com\/wp-content\/uploads\/2026\/01\/moral-ambition.jpg","keywords":["Gandhi","libro Moral ambition","recensione","Rutger Bregman"],"articleSection":["contenuti originali","Cultura e Media","Europa"],"inLanguage":"it-IT"},{"@type":"WebPage","@id":"https:\/\/www.pressenza.com\/it\/2026\/01\/la-proposta-di-rutger-bregman-per-fare-la-differenza\/","url":"https:\/\/www.pressenza.com\/it\/2026\/01\/la-proposta-di-rutger-bregman-per-fare-la-differenza\/","name":"La proposta di Rutger Bregman per fare la differenza","isPartOf":{"@id":"https:\/\/www.pressenza.com\/it\/#website"},"primaryImageOfPage":{"@id":"https:\/\/www.pressenza.com\/it\/2026\/01\/la-proposta-di-rutger-bregman-per-fare-la-differenza\/#primaryimage"},"image":{"@id":"https:\/\/www.pressenza.com\/it\/2026\/01\/la-proposta-di-rutger-bregman-per-fare-la-differenza\/#primaryimage"},"thumbnailUrl":"https:\/\/www.pressenza.com\/wp-content\/uploads\/2026\/01\/moral-ambition.jpg","datePublished":"2026-01-08T19:48:02+00:00","dateModified":"2026-01-08T20:40:09+00:00","description":"Sono andato a letto ieri sera con ancora nelle orecchie le grida di Minneapolis, le grida strazianti di chi ha perso una vicina di casa, un\u2019amica, la","breadcrumb":{"@id":"https:\/\/www.pressenza.com\/it\/2026\/01\/la-proposta-di-rutger-bregman-per-fare-la-differenza\/#breadcrumb"},"inLanguage":"it-IT","potentialAction":[{"@type":"ReadAction","target":["https:\/\/www.pressenza.com\/it\/2026\/01\/la-proposta-di-rutger-bregman-per-fare-la-differenza\/"]}]},{"@type":"ImageObject","inLanguage":"it-IT","@id":"https:\/\/www.pressenza.com\/it\/2026\/01\/la-proposta-di-rutger-bregman-per-fare-la-differenza\/#primaryimage","url":"https:\/\/www.pressenza.com\/wp-content\/uploads\/2026\/01\/moral-ambition.jpg","contentUrl":"https:\/\/www.pressenza.com\/wp-content\/uploads\/2026\/01\/moral-ambition.jpg","width":850,"height":1070},{"@type":"BreadcrumbList","@id":"https:\/\/www.pressenza.com\/it\/2026\/01\/la-proposta-di-rutger-bregman-per-fare-la-differenza\/#breadcrumb","itemListElement":[{"@type":"ListItem","position":1,"name":"Accueil","item":"https:\/\/www.pressenza.com\/it\/"},{"@type":"ListItem","position":2,"name":"La proposta di Rutger Bregman per fare la differenza"}]},{"@type":"WebSite","@id":"https:\/\/www.pressenza.com\/it\/#website","url":"https:\/\/www.pressenza.com\/it\/","name":"Pressenza","description":"Agenzia di Stampa Internazionale","publisher":{"@id":"https:\/\/www.pressenza.com\/it\/#organization"},"potentialAction":[{"@type":"SearchAction","target":{"@type":"EntryPoint","urlTemplate":"https:\/\/www.pressenza.com\/it\/?s={search_term_string}"},"query-input":{"@type":"PropertyValueSpecification","valueRequired":true,"valueName":"search_term_string"}}],"inLanguage":"it-IT"},{"@type":"Organization","@id":"https:\/\/www.pressenza.com\/it\/#organization","name":"Pressenza","url":"https:\/\/www.pressenza.com\/it\/","logo":{"@type":"ImageObject","inLanguage":"it-IT","@id":"https:\/\/www.pressenza.com\/it\/#\/schema\/logo\/image\/","url":"https:\/\/www.pressenza.com\/wp-content\/uploads\/2022\/10\/pressenza_logo_200x200.jpg","contentUrl":"https:\/\/www.pressenza.com\/wp-content\/uploads\/2022\/10\/pressenza_logo_200x200.jpg","width":200,"height":200,"caption":"Pressenza"},"image":{"@id":"https:\/\/www.pressenza.com\/it\/#\/schema\/logo\/image\/"},"sameAs":["https:\/\/www.facebook.com\/PressenzaItalia","https:\/\/x.com\/PressenzaIPA"]},{"@type":"Person","@id":"https:\/\/www.pressenza.com\/it\/#\/schema\/person\/d983e81827ae24f2c7b1a2123d197f8d","name":"Redazione Italia","description":"News from the Pressenza Bureau in Italy","sameAs":["https:\/\/www.pressenza.com\/it\/author\/redazione-italia\/","https:\/\/www.facebook.com\/PressenzaItalia","https:\/\/www.instagram.com\/pressenza_italia\/","https:\/\/x.com\/pressenza_it","https:\/\/www.youtube.com\/channel\/UCSalEIWjE1RSxkwjfftFuqg"],"url":"https:\/\/www.pressenza.com\/it\/author\/redazione-italia\/"}]}},"place":"Tommaso Juhaszt","original_article_url":"","_links":{"self":[{"href":"https:\/\/www.pressenza.com\/it\/wp-json\/wp\/v2\/posts\/2666567","targetHints":{"allow":["GET"]}}],"collection":[{"href":"https:\/\/www.pressenza.com\/it\/wp-json\/wp\/v2\/posts"}],"about":[{"href":"https:\/\/www.pressenza.com\/it\/wp-json\/wp\/v2\/types\/post"}],"author":[{"embeddable":true,"href":"https:\/\/www.pressenza.com\/it\/wp-json\/wp\/v2\/users\/594"}],"replies":[{"embeddable":true,"href":"https:\/\/www.pressenza.com\/it\/wp-json\/wp\/v2\/comments?post=2666567"}],"version-history":[{"count":7,"href":"https:\/\/www.pressenza.com\/it\/wp-json\/wp\/v2\/posts\/2666567\/revisions"}],"predecessor-version":[{"id":2666591,"href":"https:\/\/www.pressenza.com\/it\/wp-json\/wp\/v2\/posts\/2666567\/revisions\/2666591"}],"wp:featuredmedia":[{"embeddable":true,"href":"https:\/\/www.pressenza.com\/it\/wp-json\/wp\/v2\/media\/2666569"}],"wp:attachment":[{"href":"https:\/\/www.pressenza.com\/it\/wp-json\/wp\/v2\/media?parent=2666567"}],"wp:term":[{"taxonomy":"category","embeddable":true,"href":"https:\/\/www.pressenza.com\/it\/wp-json\/wp\/v2\/categories?post=2666567"},{"taxonomy":"post_tag","embeddable":true,"href":"https:\/\/www.pressenza.com\/it\/wp-json\/wp\/v2\/tags?post=2666567"}],"curies":[{"name":"wp","href":"https:\/\/api.w.org\/{rel}","templated":true}]}}