{"id":2666338,"date":"2026-01-07T15:53:45","date_gmt":"2026-01-07T15:53:45","guid":{"rendered":"https:\/\/www.pressenza.com\/?p=2666338"},"modified":"2026-01-07T15:53:45","modified_gmt":"2026-01-07T15:53:45","slug":"peru-il-2025-lanno-piu-letale-per-il-giornalismo","status":"publish","type":"post","link":"https:\/\/www.pressenza.com\/it\/2026\/01\/peru-il-2025-lanno-piu-letale-per-il-giornalismo\/","title":{"rendered":"Per\u00f9, il 2025 l\u2019anno pi\u00f9 letale per il giornalismo"},"content":{"rendered":"<blockquote><p><strong>Nel 2025 si sono verificati 458 attacchi contro giornalisti e mezzi di comunicazione, tra cui quattro omicidi di giornalisti, rendendo l\u2019anno appena terminato il pi\u00f9 letale per l&#8217;esercizio del giornalismo in questo secolo. Il <a href=\"https:\/\/anp.org.pe\/wp-content\/uploads\/2026\/01\/Informe-OFIP-2025-VFOK.pdf\">rapporto annuale<\/a> dell&#8217;Ufficio per i diritti umani (OFIP) dell&#8217;Associazione Nazionale dei Giornalisti del Per\u00f9 (ANP) rivela un quadro persistente di violenza, intimidazioni e restrizioni al diritto di informare e di essere informati.<\/strong><\/p><\/blockquote>\n<p>I dati mostrano che le minacce e gli atti di intimidazione (127) e le aggressioni fisiche e verbali (114 casi) hanno costituito la maggior parte degli attacchi. A ci\u00f2 si aggiunge il ricorso ricorrente a meccanismi legali e amministrativi come forma di pressione: sono stati registrati 46 casi di intimidazione giudiziaria e 4 sanzioni o pressioni amministrative, una tendenza che evidenzia l&#8217;uso dell&#8217;apparato statale per scoraggiare le indagini giornalistiche. La media \u00e8 di 38 attacchi al mese, pi\u00f9 di un attacco al giorno.<\/p>\n<p>Il bilancio annuale \u00e8 particolarmente grave per l&#8217;impatto letale della violenza. Quattro giornalisti sono stati uccisi nel 2025 (Gast\u00f3n Medina, a Ica; Ra\u00fal C\u00e9lis, a Iquitos; Fernando Nu\u00f1ez a Pacasmayo e Mitzar Castillejos, ad Aguayt\u00eda), a conferma del fatto che l&#8217;esercizio della professione continua ad essere un&#8217;attivit\u00e0 ad alto rischio nel Paese. Questi crimini sono avvenuti in un contesto di impunit\u00e0 strutturale, in cui le indagini non procedono con la rapidit\u00e0 e la diligenza necessarie.<\/p>\n<p>Il mese pi\u00f9 critico \u00e8 stato settembre, con 75 attacchi registrati, seguito da ottobre (48) e luglio (47), il che rivela picchi di conflittualit\u00e0 associati a situazioni politiche e sociali di forte tensione.<\/p>\n<h3><strong>Funzionari e forze di sicurezza i principali aggressori<\/strong><\/h3>\n<p>L&#8217;analisi per tipo di aggressore mostra che i funzionari pubblici sono in cima alla lista, con 217 attacchi, seguiti dagli agenti di sicurezza (121). Nel complesso, questi attori statali concentrano oltre il 70% delle aggressioni registrate, un dato che accende i campanelli d&#8217;allarme sul ruolo dello Stato non solo come garante, ma anche come protagonista delle violazioni della libert\u00e0 di stampa.<\/p>\n<p>Sono stati registrati anche attacchi perpetrati da civili (71) e soggetti non identificati (45), nonch\u00e9 casi attribuibili ai datori di lavoro, che riflettono la precariet\u00e0 lavorativa e la mancanza di protezione interna in alcuni ambienti di lavoro.<\/p>\n<h3><strong>Il giornalismo digitale \u00e8 il pi\u00f9 attaccato<\/strong><\/h3>\n<p>Per tipo di mezzo di comunicazione, il giornalismo digitale \u00e8 stato il pi\u00f9 colpito, con 219 attacchi, molto al di sopra della stampa televisiva (108), scritta (66) e radiofonica (65). Il dato conferma che lo spazio digitale, fondamentale per l&#8217;indagine e il monitoraggio, \u00e8 diventato uno dei principali bersagli di aggressioni, discorsi stigmatizzanti e minacce.<\/p>\n<p>Per quanto riguarda l&#8217;impatto per genere, gli uomini hanno subito 231 attacchi, mentre le donne hanno subito 93 aggressioni, molte delle quali caratterizzate da violenza simbolica, molestie e diffamazione.<\/p>\n<h3><strong>Un deterioramento che colpisce la democrazia<\/strong><\/h3>\n<p>Il bilancio del 2025 porta a una conclusione chiara: gli attacchi alla stampa non sono fatti isolati, ma fanno parte di un modello sistematico che cerca di mettere a tacere le voci critiche, inibire l&#8217;inchiesta giornalistica e limitare il dibattito pubblico. In un contesto di crescente polarizzazione e debolezza istituzionale, il deterioramento delle condizioni per l&#8217;esercizio del giornalismo ha un impatto diretto sulla qualit\u00e0 democratica del Paese.<\/p>\n<hr \/>\n<p><em>Traduzione dallo spagnolo di Stella Maris Dante. Revisione di Thomas Schmid.<\/em><\/p>\n","protected":false},"excerpt":{"rendered":"<p>Nel 2025 si sono verificati 458 attacchi contro giornalisti e mezzi di comunicazione, tra cui quattro omicidi di giornalisti, rendendo l\u2019anno appena terminato il pi\u00f9 letale per l&#8217;esercizio del giornalismo in questo secolo. Il rapporto annuale dell&#8217;Ufficio per i diritti&hellip;<\/p>\n","protected":false},"author":831,"featured_media":2666340,"comment_status":"closed","ping_status":"closed","sticky":false,"template":"","format":"standard","meta":{"footnotes":""},"categories":[11388,56,48],"tags":[149326,666,43373,7208],"class_list":["post-2666338","post","type-post","status-publish","format-standard","has-post-thumbnail","hentry","category-contenuti-originali","category-cultura","category-sud-america","tag-attacchi-alla-stampa","tag-liberta-di-stampa","tag-omicidi-di-giornalisti","tag-peru-it"],"yoast_head":"<!-- This site is optimized with the Yoast SEO plugin v27.1.1 - https:\/\/yoast.com\/product\/yoast-seo-wordpress\/ -->\n<title>Per\u00f9, il 2025 l\u2019anno pi\u00f9 letale per il giornalismo<\/title>\n<meta name=\"description\" content=\"Nel 2025 si sono verificati 458 attacchi contro giornalisti e mezzi di comunicazione, tra cui quattro omicidi di giornalisti, rendendo l\u2019anno appena\" \/>\n<meta name=\"robots\" content=\"index, follow, max-snippet:-1, max-image-preview:large, max-video-preview:-1\" \/>\n<link rel=\"canonical\" href=\"https:\/\/www.pressenza.com\/it\/2026\/01\/peru-il-2025-lanno-piu-letale-per-il-giornalismo\/\" \/>\n<meta property=\"og:locale\" content=\"it_IT\" \/>\n<meta property=\"og:type\" content=\"article\" \/>\n<meta property=\"og:title\" content=\"Per\u00f9, il 2025 l\u2019anno pi\u00f9 letale per il giornalismo\" \/>\n<meta property=\"og:description\" content=\"Nel 2025 si sono verificati 458 attacchi contro giornalisti e mezzi di comunicazione, tra cui quattro omicidi di giornalisti, rendendo l\u2019anno appena\" \/>\n<meta property=\"og:url\" content=\"https:\/\/www.pressenza.com\/it\/2026\/01\/peru-il-2025-lanno-piu-letale-per-il-giornalismo\/\" \/>\n<meta property=\"og:site_name\" content=\"Pressenza\" \/>\n<meta property=\"article:publisher\" content=\"https:\/\/www.facebook.com\/PressenzaItalia\" \/>\n<meta property=\"article:published_time\" content=\"2026-01-07T15:53:45+00:00\" \/>\n<meta property=\"og:image\" content=\"https:\/\/www.pressenza.com\/wp-content\/uploads\/2026\/01\/ANP2.jpg\" \/>\n\t<meta property=\"og:image:width\" content=\"492\" \/>\n\t<meta property=\"og:image:height\" content=\"486\" \/>\n\t<meta property=\"og:image:type\" content=\"image\/jpeg\" \/>\n<meta name=\"author\" content=\"Redacci\u00f3n Per\u00fa\" \/>\n<meta name=\"twitter:card\" content=\"summary_large_image\" \/>\n<meta name=\"twitter:creator\" content=\"@PressenzaIPA\" \/>\n<meta name=\"twitter:site\" content=\"@PressenzaIPA\" \/>\n<meta name=\"twitter:label1\" content=\"Scritto da\" \/>\n\t<meta name=\"twitter:data1\" content=\"Redacci\u00f3n Per\u00fa\" \/>\n\t<meta name=\"twitter:label2\" content=\"Tempo di lettura stimato\" \/>\n\t<meta name=\"twitter:data2\" content=\"3 minuti\" \/>\n<script type=\"application\/ld+json\" class=\"yoast-schema-graph\">{\"@context\":\"https:\/\/schema.org\",\"@graph\":[{\"@type\":\"Article\",\"@id\":\"https:\/\/www.pressenza.com\/it\/2026\/01\/peru-il-2025-lanno-piu-letale-per-il-giornalismo\/#article\",\"isPartOf\":{\"@id\":\"https:\/\/www.pressenza.com\/it\/2026\/01\/peru-il-2025-lanno-piu-letale-per-il-giornalismo\/\"},\"author\":{\"name\":\"Redacci\u00f3n Per\u00fa\",\"@id\":\"https:\/\/www.pressenza.com\/it\/#\/schema\/person\/e86c29a41185b85084a478822f5de81b\"},\"headline\":\"Per\u00f9, il 2025 l\u2019anno pi\u00f9 letale per il giornalismo\",\"datePublished\":\"2026-01-07T15:53:45+00:00\",\"mainEntityOfPage\":{\"@id\":\"https:\/\/www.pressenza.com\/it\/2026\/01\/peru-il-2025-lanno-piu-letale-per-il-giornalismo\/\"},\"wordCount\":538,\"publisher\":{\"@id\":\"https:\/\/www.pressenza.com\/it\/#organization\"},\"image\":{\"@id\":\"https:\/\/www.pressenza.com\/it\/2026\/01\/peru-il-2025-lanno-piu-letale-per-il-giornalismo\/#primaryimage\"},\"thumbnailUrl\":\"https:\/\/www.pressenza.com\/wp-content\/uploads\/2026\/01\/ANP2.jpg\",\"keywords\":[\"attacchi alla stampa\",\"libert\u00e0 di stampa\",\"omicidi di giornalisti\",\"Per\u00f9\"],\"articleSection\":[\"contenuti originali\",\"Cultura e Media\",\"Sud America\"],\"inLanguage\":\"it-IT\"},{\"@type\":\"WebPage\",\"@id\":\"https:\/\/www.pressenza.com\/it\/2026\/01\/peru-il-2025-lanno-piu-letale-per-il-giornalismo\/\",\"url\":\"https:\/\/www.pressenza.com\/it\/2026\/01\/peru-il-2025-lanno-piu-letale-per-il-giornalismo\/\",\"name\":\"Per\u00f9, il 2025 l\u2019anno pi\u00f9 letale per il giornalismo\",\"isPartOf\":{\"@id\":\"https:\/\/www.pressenza.com\/it\/#website\"},\"primaryImageOfPage\":{\"@id\":\"https:\/\/www.pressenza.com\/it\/2026\/01\/peru-il-2025-lanno-piu-letale-per-il-giornalismo\/#primaryimage\"},\"image\":{\"@id\":\"https:\/\/www.pressenza.com\/it\/2026\/01\/peru-il-2025-lanno-piu-letale-per-il-giornalismo\/#primaryimage\"},\"thumbnailUrl\":\"https:\/\/www.pressenza.com\/wp-content\/uploads\/2026\/01\/ANP2.jpg\",\"datePublished\":\"2026-01-07T15:53:45+00:00\",\"description\":\"Nel 2025 si sono verificati 458 attacchi contro giornalisti e mezzi di comunicazione, tra cui quattro omicidi di giornalisti, rendendo l\u2019anno appena\",\"breadcrumb\":{\"@id\":\"https:\/\/www.pressenza.com\/it\/2026\/01\/peru-il-2025-lanno-piu-letale-per-il-giornalismo\/#breadcrumb\"},\"inLanguage\":\"it-IT\",\"potentialAction\":[{\"@type\":\"ReadAction\",\"target\":[\"https:\/\/www.pressenza.com\/it\/2026\/01\/peru-il-2025-lanno-piu-letale-per-il-giornalismo\/\"]}]},{\"@type\":\"ImageObject\",\"inLanguage\":\"it-IT\",\"@id\":\"https:\/\/www.pressenza.com\/it\/2026\/01\/peru-il-2025-lanno-piu-letale-per-il-giornalismo\/#primaryimage\",\"url\":\"https:\/\/www.pressenza.com\/wp-content\/uploads\/2026\/01\/ANP2.jpg\",\"contentUrl\":\"https:\/\/www.pressenza.com\/wp-content\/uploads\/2026\/01\/ANP2.jpg\",\"width\":492,\"height\":486},{\"@type\":\"BreadcrumbList\",\"@id\":\"https:\/\/www.pressenza.com\/it\/2026\/01\/peru-il-2025-lanno-piu-letale-per-il-giornalismo\/#breadcrumb\",\"itemListElement\":[{\"@type\":\"ListItem\",\"position\":1,\"name\":\"Accueil\",\"item\":\"https:\/\/www.pressenza.com\/it\/\"},{\"@type\":\"ListItem\",\"position\":2,\"name\":\"Per\u00f9, il 2025 l\u2019anno pi\u00f9 letale per il giornalismo\"}]},{\"@type\":\"WebSite\",\"@id\":\"https:\/\/www.pressenza.com\/it\/#website\",\"url\":\"https:\/\/www.pressenza.com\/it\/\",\"name\":\"Pressenza\",\"description\":\"Agenzia di Stampa Internazionale\",\"publisher\":{\"@id\":\"https:\/\/www.pressenza.com\/it\/#organization\"},\"potentialAction\":[{\"@type\":\"SearchAction\",\"target\":{\"@type\":\"EntryPoint\",\"urlTemplate\":\"https:\/\/www.pressenza.com\/it\/?s={search_term_string}\"},\"query-input\":{\"@type\":\"PropertyValueSpecification\",\"valueRequired\":true,\"valueName\":\"search_term_string\"}}],\"inLanguage\":\"it-IT\"},{\"@type\":\"Organization\",\"@id\":\"https:\/\/www.pressenza.com\/it\/#organization\",\"name\":\"Pressenza\",\"url\":\"https:\/\/www.pressenza.com\/it\/\",\"logo\":{\"@type\":\"ImageObject\",\"inLanguage\":\"it-IT\",\"@id\":\"https:\/\/www.pressenza.com\/it\/#\/schema\/logo\/image\/\",\"url\":\"https:\/\/www.pressenza.com\/wp-content\/uploads\/2022\/10\/pressenza_logo_200x200.jpg\",\"contentUrl\":\"https:\/\/www.pressenza.com\/wp-content\/uploads\/2022\/10\/pressenza_logo_200x200.jpg\",\"width\":200,\"height\":200,\"caption\":\"Pressenza\"},\"image\":{\"@id\":\"https:\/\/www.pressenza.com\/it\/#\/schema\/logo\/image\/\"},\"sameAs\":[\"https:\/\/www.facebook.com\/PressenzaItalia\",\"https:\/\/x.com\/PressenzaIPA\"]},{\"@type\":\"Person\",\"@id\":\"https:\/\/www.pressenza.com\/it\/#\/schema\/person\/e86c29a41185b85084a478822f5de81b\",\"name\":\"Redacci\u00f3n Per\u00fa\",\"description\":\"News published by the Pressenza bureau in Peru\",\"url\":\"https:\/\/www.pressenza.com\/it\/author\/redaccion-peru\/\"}]}<\/script>\n<!-- \/ Yoast SEO plugin. -->","yoast_head_json":{"title":"Per\u00f9, il 2025 l\u2019anno pi\u00f9 letale per il giornalismo","description":"Nel 2025 si sono verificati 458 attacchi contro giornalisti e mezzi di comunicazione, tra cui quattro omicidi di giornalisti, rendendo l\u2019anno appena","robots":{"index":"index","follow":"follow","max-snippet":"max-snippet:-1","max-image-preview":"max-image-preview:large","max-video-preview":"max-video-preview:-1"},"canonical":"https:\/\/www.pressenza.com\/it\/2026\/01\/peru-il-2025-lanno-piu-letale-per-il-giornalismo\/","og_locale":"it_IT","og_type":"article","og_title":"Per\u00f9, il 2025 l\u2019anno pi\u00f9 letale per il giornalismo","og_description":"Nel 2025 si sono verificati 458 attacchi contro giornalisti e mezzi di comunicazione, tra cui quattro omicidi di giornalisti, rendendo l\u2019anno appena","og_url":"https:\/\/www.pressenza.com\/it\/2026\/01\/peru-il-2025-lanno-piu-letale-per-il-giornalismo\/","og_site_name":"Pressenza","article_publisher":"https:\/\/www.facebook.com\/PressenzaItalia","article_published_time":"2026-01-07T15:53:45+00:00","og_image":[{"width":492,"height":486,"url":"https:\/\/www.pressenza.com\/wp-content\/uploads\/2026\/01\/ANP2.jpg","type":"image\/jpeg"}],"author":"Redacci\u00f3n Per\u00fa","twitter_card":"summary_large_image","twitter_creator":"@PressenzaIPA","twitter_site":"@PressenzaIPA","twitter_misc":{"Scritto da":"Redacci\u00f3n Per\u00fa","Tempo di lettura stimato":"3 minuti"},"schema":{"@context":"https:\/\/schema.org","@graph":[{"@type":"Article","@id":"https:\/\/www.pressenza.com\/it\/2026\/01\/peru-il-2025-lanno-piu-letale-per-il-giornalismo\/#article","isPartOf":{"@id":"https:\/\/www.pressenza.com\/it\/2026\/01\/peru-il-2025-lanno-piu-letale-per-il-giornalismo\/"},"author":{"name":"Redacci\u00f3n Per\u00fa","@id":"https:\/\/www.pressenza.com\/it\/#\/schema\/person\/e86c29a41185b85084a478822f5de81b"},"headline":"Per\u00f9, il 2025 l\u2019anno pi\u00f9 letale per il giornalismo","datePublished":"2026-01-07T15:53:45+00:00","mainEntityOfPage":{"@id":"https:\/\/www.pressenza.com\/it\/2026\/01\/peru-il-2025-lanno-piu-letale-per-il-giornalismo\/"},"wordCount":538,"publisher":{"@id":"https:\/\/www.pressenza.com\/it\/#organization"},"image":{"@id":"https:\/\/www.pressenza.com\/it\/2026\/01\/peru-il-2025-lanno-piu-letale-per-il-giornalismo\/#primaryimage"},"thumbnailUrl":"https:\/\/www.pressenza.com\/wp-content\/uploads\/2026\/01\/ANP2.jpg","keywords":["attacchi alla stampa","libert\u00e0 di stampa","omicidi di giornalisti","Per\u00f9"],"articleSection":["contenuti originali","Cultura e Media","Sud America"],"inLanguage":"it-IT"},{"@type":"WebPage","@id":"https:\/\/www.pressenza.com\/it\/2026\/01\/peru-il-2025-lanno-piu-letale-per-il-giornalismo\/","url":"https:\/\/www.pressenza.com\/it\/2026\/01\/peru-il-2025-lanno-piu-letale-per-il-giornalismo\/","name":"Per\u00f9, il 2025 l\u2019anno pi\u00f9 letale per il giornalismo","isPartOf":{"@id":"https:\/\/www.pressenza.com\/it\/#website"},"primaryImageOfPage":{"@id":"https:\/\/www.pressenza.com\/it\/2026\/01\/peru-il-2025-lanno-piu-letale-per-il-giornalismo\/#primaryimage"},"image":{"@id":"https:\/\/www.pressenza.com\/it\/2026\/01\/peru-il-2025-lanno-piu-letale-per-il-giornalismo\/#primaryimage"},"thumbnailUrl":"https:\/\/www.pressenza.com\/wp-content\/uploads\/2026\/01\/ANP2.jpg","datePublished":"2026-01-07T15:53:45+00:00","description":"Nel 2025 si sono verificati 458 attacchi contro giornalisti e mezzi di comunicazione, tra cui quattro omicidi di giornalisti, rendendo l\u2019anno appena","breadcrumb":{"@id":"https:\/\/www.pressenza.com\/it\/2026\/01\/peru-il-2025-lanno-piu-letale-per-il-giornalismo\/#breadcrumb"},"inLanguage":"it-IT","potentialAction":[{"@type":"ReadAction","target":["https:\/\/www.pressenza.com\/it\/2026\/01\/peru-il-2025-lanno-piu-letale-per-il-giornalismo\/"]}]},{"@type":"ImageObject","inLanguage":"it-IT","@id":"https:\/\/www.pressenza.com\/it\/2026\/01\/peru-il-2025-lanno-piu-letale-per-il-giornalismo\/#primaryimage","url":"https:\/\/www.pressenza.com\/wp-content\/uploads\/2026\/01\/ANP2.jpg","contentUrl":"https:\/\/www.pressenza.com\/wp-content\/uploads\/2026\/01\/ANP2.jpg","width":492,"height":486},{"@type":"BreadcrumbList","@id":"https:\/\/www.pressenza.com\/it\/2026\/01\/peru-il-2025-lanno-piu-letale-per-il-giornalismo\/#breadcrumb","itemListElement":[{"@type":"ListItem","position":1,"name":"Accueil","item":"https:\/\/www.pressenza.com\/it\/"},{"@type":"ListItem","position":2,"name":"Per\u00f9, il 2025 l\u2019anno pi\u00f9 letale per il giornalismo"}]},{"@type":"WebSite","@id":"https:\/\/www.pressenza.com\/it\/#website","url":"https:\/\/www.pressenza.com\/it\/","name":"Pressenza","description":"Agenzia di Stampa Internazionale","publisher":{"@id":"https:\/\/www.pressenza.com\/it\/#organization"},"potentialAction":[{"@type":"SearchAction","target":{"@type":"EntryPoint","urlTemplate":"https:\/\/www.pressenza.com\/it\/?s={search_term_string}"},"query-input":{"@type":"PropertyValueSpecification","valueRequired":true,"valueName":"search_term_string"}}],"inLanguage":"it-IT"},{"@type":"Organization","@id":"https:\/\/www.pressenza.com\/it\/#organization","name":"Pressenza","url":"https:\/\/www.pressenza.com\/it\/","logo":{"@type":"ImageObject","inLanguage":"it-IT","@id":"https:\/\/www.pressenza.com\/it\/#\/schema\/logo\/image\/","url":"https:\/\/www.pressenza.com\/wp-content\/uploads\/2022\/10\/pressenza_logo_200x200.jpg","contentUrl":"https:\/\/www.pressenza.com\/wp-content\/uploads\/2022\/10\/pressenza_logo_200x200.jpg","width":200,"height":200,"caption":"Pressenza"},"image":{"@id":"https:\/\/www.pressenza.com\/it\/#\/schema\/logo\/image\/"},"sameAs":["https:\/\/www.facebook.com\/PressenzaItalia","https:\/\/x.com\/PressenzaIPA"]},{"@type":"Person","@id":"https:\/\/www.pressenza.com\/it\/#\/schema\/person\/e86c29a41185b85084a478822f5de81b","name":"Redacci\u00f3n Per\u00fa","description":"News published by the Pressenza bureau in Peru","url":"https:\/\/www.pressenza.com\/it\/author\/redaccion-peru\/"}]}},"place":"Lima, Per\u00f9","original_article_url":"","_links":{"self":[{"href":"https:\/\/www.pressenza.com\/it\/wp-json\/wp\/v2\/posts\/2666338","targetHints":{"allow":["GET"]}}],"collection":[{"href":"https:\/\/www.pressenza.com\/it\/wp-json\/wp\/v2\/posts"}],"about":[{"href":"https:\/\/www.pressenza.com\/it\/wp-json\/wp\/v2\/types\/post"}],"author":[{"embeddable":true,"href":"https:\/\/www.pressenza.com\/it\/wp-json\/wp\/v2\/users\/831"}],"replies":[{"embeddable":true,"href":"https:\/\/www.pressenza.com\/it\/wp-json\/wp\/v2\/comments?post=2666338"}],"version-history":[{"count":3,"href":"https:\/\/www.pressenza.com\/it\/wp-json\/wp\/v2\/posts\/2666338\/revisions"}],"predecessor-version":[{"id":2666343,"href":"https:\/\/www.pressenza.com\/it\/wp-json\/wp\/v2\/posts\/2666338\/revisions\/2666343"}],"wp:featuredmedia":[{"embeddable":true,"href":"https:\/\/www.pressenza.com\/it\/wp-json\/wp\/v2\/media\/2666340"}],"wp:attachment":[{"href":"https:\/\/www.pressenza.com\/it\/wp-json\/wp\/v2\/media?parent=2666338"}],"wp:term":[{"taxonomy":"category","embeddable":true,"href":"https:\/\/www.pressenza.com\/it\/wp-json\/wp\/v2\/categories?post=2666338"},{"taxonomy":"post_tag","embeddable":true,"href":"https:\/\/www.pressenza.com\/it\/wp-json\/wp\/v2\/tags?post=2666338"}],"curies":[{"name":"wp","href":"https:\/\/api.w.org\/{rel}","templated":true}]}}