{"id":2665725,"date":"2026-01-05T14:21:44","date_gmt":"2026-01-05T14:21:44","guid":{"rendered":"https:\/\/www.pressenza.com\/?p=2665725"},"modified":"2026-01-05T14:21:44","modified_gmt":"2026-01-05T14:21:44","slug":"legambiente-in-italia-nel-2025-sono-stati-registrati-376-eventi-meteo-estremi-59-rispetto-al-2024","status":"publish","type":"post","link":"https:\/\/www.pressenza.com\/it\/2026\/01\/legambiente-in-italia-nel-2025-sono-stati-registrati-376-eventi-meteo-estremi-59-rispetto-al-2024\/","title":{"rendered":"Legambiente: in Italia nel 2025 sono stati registrati 376 eventi meteo estremi, +5,9% rispetto al 2024"},"content":{"rendered":"<p><span style=\"font-weight: 400;\">In Italia anche nel 2025 la crisi climatica lascia il segno, e lo fa in maniera sempre pi\u00f9 profonda. A parlar chiaro \u00e8 l\u2019amaro bilancio di fine anno tracciato dell\u2019<\/span><b>Osservatorio Citt\u00e0 Clima di Legambiente<\/b><span style=\"font-weight: 400;\">: nella Penisola nel 2025, aumentano gli eventi meteo estremi arrivando a quota 376, con +5,9% rispetto al 2024. <\/span><b>Il 2025 diventa, cos\u00ec, il secondo anno con pi\u00f9 eventi meteo registrati in Italia, negli ultimi 11 anni<\/b><span style=\"font-weight: 400;\">, dopo il 2023 (quest\u2019ultimo segnato da 383 eventi meteo estremi). Allagamenti da piogge intense (139), danni da vento (86) ed esondazioni fluviali (37) sono i principali fenomeni che si sono abbattuti di pi\u00f9 nel corso dell\u2019anno. Preoccupa anche il forte aumento dei casi legati a temperature record, +94% rispetto allo scorso anno, quello delle frane da piogge intense, +42%, e danni da vento, +28,3%. <\/span><b>Gli effetti della crisi climatica si ripercuotono anche sui territori<\/b><span style=\"font-weight: 400;\">: nel 2025 ad essere il pi\u00f9 colpito \u00e8 stato soprattutto il Nord Italia, seguito da Sud e Centro. Tra le citt\u00e0, Genova (12 eventi meteo estremi), Milano (7) e Palermo (7). A livello regionale, le regioni ad aver subito gli impatti maggiori degli eventi meteo estremi sono state: Lombardia, con 50 casi, Sicilia, 45, e la Toscana con 41. A livello provinciale, Genova con 16 eventi meteo estremi, seguita dalla provincia di Messina e Torino con 12, Firenze e Treviso con 11, Milano con 10, Como, Lecce, Massa Carrara e Palermo con 9. <\/span><b>Preoccupano anche i danni che gli eventi meteo estremi stanno causando sui trasporti<\/b><span style=\"font-weight: 400;\">: 24 quelli che nel 2025 hanno provocato danni e ritardi a treni e trasporto pubblico locale nella Penisola. Interruzioni e sospensioni causate non solo da piogge intense, allagamenti e frane dovute a intense precipitazioni, ma anche dalle temperature record e dalle forti raffiche di vento.<\/span><\/p>\n<p><span style=\"font-weight: 400;\">Una fotografia preoccupante quella scattata dall\u2019<\/span><b>Osservatorio Citt\u00e0 Clima di Legambiente <\/b><span style=\"font-weight: 400;\">che mette in evidenza quanto la crisi climatica stia accelerando il passo anche in Italia causando danni, rendendo il territorio pi\u00f9 fragile, e mettendo in pericolo anche la vita delle persone. \u201c<\/span><i><span style=\"font-weight: 400;\">La Penisola<\/span><\/i><span style=\"font-weight: 400;\">, denuncia <\/span><b>Legambiente<\/b><span style=\"font-weight: 400;\">, <\/span><i><span style=\"font-weight: 400;\">paga lo scotto di azioni di adattamento sporadiche e non coordinate, prive di multi settorialit\u00e0 e di un approccio multilivello. Ci\u00f2 avviene in un contesto in cui <\/span><\/i><b><i>i danni subiti nel Paese da ondate di calore, siccit\u00e0 e alluvioni nel 2025<\/i><\/b><i><span style=\"font-weight: 400;\">, secondo un recente studio dell\u2019Universit\u00e0 di Mannheim, <\/span><\/i><b><i>ammontano a 11,9 miliardi di euro e in futuro, con una proiezione al 2029, saliranno a 34,2 miliardi di euro<\/i><\/b><i><span style=\"font-weight: 400;\">. Per evitare ci\u00f2 \u00e8 fondamentale avviare una governance nazionale, attuare il <\/span><\/i><b><i>PNACC<\/i><\/b><i><span style=\"font-weight: 400;\">, approvato a fine 2023, stanziando le risorse economiche necessarie che ancora oggi mancano per \u201cdare gambe\u201d alle 361 misure da adottare su scala nazionale e regionale. Ad oggi la sua mancata attuazione rallenta a cascata la redazione di Piani locali di adattamento al clima. Altrettanto urgente \u00e8 istituire con decreto l\u2019Osservatorio nazionale per l\u2019adattamento ai cambiamenti climatici, composto dai rappresentanti delle Regioni e degli Enti locali per l\u2019individuazione delle priorit\u00e0 territoriali e settoriali e per il monitoraggio dell\u2019efficacia delle azioni di adattamento<\/span><\/i><span style=\"font-weight: 400;\">\u201d.<\/span><\/p>\n<p><b>Il 2025 \u00e8 stato un anno segnato anche dall\u2019emergenza ormai cronica della siccit\u00e0<\/b><span style=\"font-weight: 400;\">. Ad essere pi\u00f9 colpito\u00a0 \u00e8 stato soprattutto il Sud Italia, in particolare il Nord della Sardegna, la Puglia e la Sicilia. In particolare, in Sardegna nella Nurra le aziende agricole sono state costrette a rinunciare a molte colture, compromettendo la produzione alimentare e generando forti ripercussioni economiche. <\/span><b>Drammatica la situazione per gli allevamenti<\/b><span style=\"font-weight: 400;\">, con gli animali che hanno rischiato di restare senz&#8217;acqua per abbeverarsi visto il prosciugamento dei pozzi. Le aziende del settore sono state costrette ad acquistare l&#8217;acqua a costi insostenibili. A settembre, in Sicilia, i 12 sindaci del comprensorio irriguo di Ribera (Ribera, Alessandria della Rocca, Bivona, Burgio, Caltabellotta, Calamonaci, Cattolica Eraclea, Cianciana, Montallegro, Lucca Sicula, Santo Stefano Quisquina e Villafranca Sicula) hanno chiesto la terza irrigazione di soccorso, per provare a salvare le coltivazioni, in particolare dei frutteti di qualit\u00e0 della zona, dalle arance alle pesche. In Puglia, la Giunta comunale di San Severo (FG) ha deliberato la richiesta di dichiarazione di stato di calamit\u00e0 naturale a causa della prolungata siccit\u00e0 e delle alte temperature che hanno colpito tutta la Capitanata. Altro <\/span><i><span style=\"font-weight: 400;\">alert <\/span><\/i><span style=\"font-weight: 400;\">rosso riguarda le alte temperature. Secondo i recenti dati del <\/span><b><i>Copernicus Climate Change Service<\/i><\/b><span style=\"font-weight: 400;\"> \u00e8 praticamente certo che <\/span><b>il 2025 sar\u00e0 il secondo anno pi\u00f9 caldo mai registrato, a pari merito con il 2023, dietro solo al 2024<\/b><span style=\"font-weight: 400;\">. Secondo il <\/span><i><span style=\"font-weight: 400;\">set<\/span><\/i><span style=\"font-weight: 400;\"> di dati analizzati (ERA5), \u00e8 probabile che la temperatura media globale per il periodo 2023-2025 superi 1,5\u00b0C, il che rappresenterebbe la prima media triennale a registrare il superamento del limite stabilito dagli Accordi di Parigi. In Europa il caldo record ha segnato l\u2019intera estate. Secondo uno studio condotto da <\/span><b><i>Imperial College London<\/i><\/b><span style=\"font-weight: 400;\"> e <\/span><b><i>London School of Hygiene &amp; Tropical Medicine<\/i><\/b><span style=\"font-weight: 400;\">, il cambiamento climatico ha intensificato le temperature estive in tutto il continente europeo e causato 16.500 decessi in pi\u00f9 rispetto a un\u2019estate \u201cnormale\u201d senza aumento delle temperature causato dalle attivit\u00e0 umane.<\/span><\/p>\n<p><b>Qui<\/b><span style=\"font-weight: 400;\"> il Report dell\u2019<\/span><b>Osservatorio Citt\u00e0 Clima di Legambiente<\/b><span style=\"font-weight: 400;\">: <\/span><a href=\"https:\/\/www.legambiente.it\/wp-content\/uploads\/2025\/12\/29_12_CC25-bilancio-2025-report.pdf\"><span style=\"font-weight: 400;\">https:\/\/www.legambiente.it\/wp-content\/uploads\/2025\/12\/29_12_CC25-bilancio-2025-report.pdf<\/span><\/a><span style=\"font-weight: 400;\">.\u00a0<\/span><\/p>\n","protected":false},"excerpt":{"rendered":"<p>In Italia anche nel 2025 la crisi climatica lascia il segno, e lo fa in maniera sempre pi\u00f9 profonda. A parlar chiaro \u00e8 l\u2019amaro bilancio di fine anno tracciato dell\u2019Osservatorio Citt\u00e0 Clima di Legambiente: nella Penisola nel 2025, aumentano gli&hellip;<\/p>\n","protected":false},"author":2106,"featured_media":1739979,"comment_status":"closed","ping_status":"closed","sticky":false,"template":"","format":"standard","meta":{"footnotes":""},"categories":[11388,59],"tags":[9775,128482,921,10641],"class_list":["post-2665725","post","type-post","status-publish","format-standard","has-post-thumbnail","hentry","category-contenuti-originali","category-ambiente-ecologia","tag-cambiamento-climatico","tag-eventi-estremi","tag-legambiente","tag-siccita"],"yoast_head":"<!-- This site is optimized with the Yoast SEO plugin v27.1.1 - https:\/\/yoast.com\/product\/yoast-seo-wordpress\/ -->\n<title>Legambiente: in Italia nel 2025 sono stati registrati 376 eventi meteo estremi, +5,9% rispetto al 2024<\/title>\n<meta name=\"description\" content=\"In Italia anche nel 2025 la crisi climatica lascia il segno, e lo fa in maniera sempre pi\u00f9 profonda. A parlar chiaro \u00e8 l\u2019amaro bilancio di fine anno\" \/>\n<meta name=\"robots\" content=\"index, follow, max-snippet:-1, max-image-preview:large, max-video-preview:-1\" \/>\n<link rel=\"canonical\" href=\"https:\/\/www.pressenza.com\/it\/2026\/01\/legambiente-in-italia-nel-2025-sono-stati-registrati-376-eventi-meteo-estremi-59-rispetto-al-2024\/\" \/>\n<meta property=\"og:locale\" content=\"it_IT\" \/>\n<meta property=\"og:type\" content=\"article\" \/>\n<meta property=\"og:title\" content=\"Legambiente: in Italia nel 2025 sono stati registrati 376 eventi meteo estremi, +5,9% rispetto al 2024\" \/>\n<meta property=\"og:description\" content=\"In Italia anche nel 2025 la crisi climatica lascia il segno, e lo fa in maniera sempre pi\u00f9 profonda. A parlar chiaro \u00e8 l\u2019amaro bilancio di fine anno\" \/>\n<meta property=\"og:url\" content=\"https:\/\/www.pressenza.com\/it\/2026\/01\/legambiente-in-italia-nel-2025-sono-stati-registrati-376-eventi-meteo-estremi-59-rispetto-al-2024\/\" \/>\n<meta property=\"og:site_name\" content=\"Pressenza\" \/>\n<meta property=\"article:publisher\" content=\"https:\/\/www.facebook.com\/PressenzaItalia\" \/>\n<meta property=\"article:published_time\" content=\"2026-01-05T14:21:44+00:00\" \/>\n<meta property=\"og:image\" content=\"https:\/\/www.pressenza.com\/wp-content\/uploads\/2023\/05\/Gian-Paolo-Costa-Faenza-sommersa.jpg\" \/>\n\t<meta property=\"og:image:width\" content=\"850\" \/>\n\t<meta property=\"og:image:height\" content=\"468\" \/>\n\t<meta property=\"og:image:type\" content=\"image\/jpeg\" \/>\n<meta name=\"author\" content=\"Giovanni Caprio\" \/>\n<meta name=\"twitter:card\" content=\"summary_large_image\" \/>\n<meta name=\"twitter:creator\" content=\"@PressenzaIPA\" \/>\n<meta name=\"twitter:site\" content=\"@PressenzaIPA\" \/>\n<meta name=\"twitter:label1\" content=\"Scritto da\" \/>\n\t<meta name=\"twitter:data1\" content=\"Giovanni Caprio\" \/>\n\t<meta name=\"twitter:label2\" content=\"Tempo di lettura stimato\" \/>\n\t<meta name=\"twitter:data2\" content=\"5 minuti\" \/>\n<script type=\"application\/ld+json\" class=\"yoast-schema-graph\">{\"@context\":\"https:\/\/schema.org\",\"@graph\":[{\"@type\":\"Article\",\"@id\":\"https:\/\/www.pressenza.com\/it\/2026\/01\/legambiente-in-italia-nel-2025-sono-stati-registrati-376-eventi-meteo-estremi-59-rispetto-al-2024\/#article\",\"isPartOf\":{\"@id\":\"https:\/\/www.pressenza.com\/it\/2026\/01\/legambiente-in-italia-nel-2025-sono-stati-registrati-376-eventi-meteo-estremi-59-rispetto-al-2024\/\"},\"author\":{\"name\":\"Giovanni Caprio\",\"@id\":\"https:\/\/www.pressenza.com\/it\/#\/schema\/person\/841c36a613f4f6e80f5fbc9c1f8c32c8\"},\"headline\":\"Legambiente: in Italia nel 2025 sono stati registrati 376 eventi meteo estremi, +5,9% rispetto al 2024\",\"datePublished\":\"2026-01-05T14:21:44+00:00\",\"mainEntityOfPage\":{\"@id\":\"https:\/\/www.pressenza.com\/it\/2026\/01\/legambiente-in-italia-nel-2025-sono-stati-registrati-376-eventi-meteo-estremi-59-rispetto-al-2024\/\"},\"wordCount\":820,\"publisher\":{\"@id\":\"https:\/\/www.pressenza.com\/it\/#organization\"},\"image\":{\"@id\":\"https:\/\/www.pressenza.com\/it\/2026\/01\/legambiente-in-italia-nel-2025-sono-stati-registrati-376-eventi-meteo-estremi-59-rispetto-al-2024\/#primaryimage\"},\"thumbnailUrl\":\"https:\/\/www.pressenza.com\/wp-content\/uploads\/2023\/05\/Gian-Paolo-Costa-Faenza-sommersa.jpg\",\"keywords\":[\"cambiamento climatico\",\"eventi estremi\",\"Legambiente\",\"siccit\u00e0\"],\"articleSection\":[\"contenuti originali\",\"Ecologia ed Ambiente\"],\"inLanguage\":\"it-IT\"},{\"@type\":\"WebPage\",\"@id\":\"https:\/\/www.pressenza.com\/it\/2026\/01\/legambiente-in-italia-nel-2025-sono-stati-registrati-376-eventi-meteo-estremi-59-rispetto-al-2024\/\",\"url\":\"https:\/\/www.pressenza.com\/it\/2026\/01\/legambiente-in-italia-nel-2025-sono-stati-registrati-376-eventi-meteo-estremi-59-rispetto-al-2024\/\",\"name\":\"Legambiente: in Italia nel 2025 sono stati registrati 376 eventi meteo estremi, +5,9% rispetto al 2024\",\"isPartOf\":{\"@id\":\"https:\/\/www.pressenza.com\/it\/#website\"},\"primaryImageOfPage\":{\"@id\":\"https:\/\/www.pressenza.com\/it\/2026\/01\/legambiente-in-italia-nel-2025-sono-stati-registrati-376-eventi-meteo-estremi-59-rispetto-al-2024\/#primaryimage\"},\"image\":{\"@id\":\"https:\/\/www.pressenza.com\/it\/2026\/01\/legambiente-in-italia-nel-2025-sono-stati-registrati-376-eventi-meteo-estremi-59-rispetto-al-2024\/#primaryimage\"},\"thumbnailUrl\":\"https:\/\/www.pressenza.com\/wp-content\/uploads\/2023\/05\/Gian-Paolo-Costa-Faenza-sommersa.jpg\",\"datePublished\":\"2026-01-05T14:21:44+00:00\",\"description\":\"In Italia anche nel 2025 la crisi climatica lascia il segno, e lo fa in maniera sempre pi\u00f9 profonda. A parlar chiaro \u00e8 l\u2019amaro bilancio di fine anno\",\"breadcrumb\":{\"@id\":\"https:\/\/www.pressenza.com\/it\/2026\/01\/legambiente-in-italia-nel-2025-sono-stati-registrati-376-eventi-meteo-estremi-59-rispetto-al-2024\/#breadcrumb\"},\"inLanguage\":\"it-IT\",\"potentialAction\":[{\"@type\":\"ReadAction\",\"target\":[\"https:\/\/www.pressenza.com\/it\/2026\/01\/legambiente-in-italia-nel-2025-sono-stati-registrati-376-eventi-meteo-estremi-59-rispetto-al-2024\/\"]}]},{\"@type\":\"ImageObject\",\"inLanguage\":\"it-IT\",\"@id\":\"https:\/\/www.pressenza.com\/it\/2026\/01\/legambiente-in-italia-nel-2025-sono-stati-registrati-376-eventi-meteo-estremi-59-rispetto-al-2024\/#primaryimage\",\"url\":\"https:\/\/www.pressenza.com\/wp-content\/uploads\/2023\/05\/Gian-Paolo-Costa-Faenza-sommersa.jpg\",\"contentUrl\":\"https:\/\/www.pressenza.com\/wp-content\/uploads\/2023\/05\/Gian-Paolo-Costa-Faenza-sommersa.jpg\",\"width\":850,\"height\":468},{\"@type\":\"BreadcrumbList\",\"@id\":\"https:\/\/www.pressenza.com\/it\/2026\/01\/legambiente-in-italia-nel-2025-sono-stati-registrati-376-eventi-meteo-estremi-59-rispetto-al-2024\/#breadcrumb\",\"itemListElement\":[{\"@type\":\"ListItem\",\"position\":1,\"name\":\"Accueil\",\"item\":\"https:\/\/www.pressenza.com\/it\/\"},{\"@type\":\"ListItem\",\"position\":2,\"name\":\"Legambiente: in Italia nel 2025 sono stati registrati 376 eventi meteo estremi, +5,9% rispetto al 2024\"}]},{\"@type\":\"WebSite\",\"@id\":\"https:\/\/www.pressenza.com\/it\/#website\",\"url\":\"https:\/\/www.pressenza.com\/it\/\",\"name\":\"Pressenza\",\"description\":\"Agenzia di Stampa Internazionale\",\"publisher\":{\"@id\":\"https:\/\/www.pressenza.com\/it\/#organization\"},\"potentialAction\":[{\"@type\":\"SearchAction\",\"target\":{\"@type\":\"EntryPoint\",\"urlTemplate\":\"https:\/\/www.pressenza.com\/it\/?s={search_term_string}\"},\"query-input\":{\"@type\":\"PropertyValueSpecification\",\"valueRequired\":true,\"valueName\":\"search_term_string\"}}],\"inLanguage\":\"it-IT\"},{\"@type\":\"Organization\",\"@id\":\"https:\/\/www.pressenza.com\/it\/#organization\",\"name\":\"Pressenza\",\"url\":\"https:\/\/www.pressenza.com\/it\/\",\"logo\":{\"@type\":\"ImageObject\",\"inLanguage\":\"it-IT\",\"@id\":\"https:\/\/www.pressenza.com\/it\/#\/schema\/logo\/image\/\",\"url\":\"https:\/\/www.pressenza.com\/wp-content\/uploads\/2022\/10\/pressenza_logo_200x200.jpg\",\"contentUrl\":\"https:\/\/www.pressenza.com\/wp-content\/uploads\/2022\/10\/pressenza_logo_200x200.jpg\",\"width\":200,\"height\":200,\"caption\":\"Pressenza\"},\"image\":{\"@id\":\"https:\/\/www.pressenza.com\/it\/#\/schema\/logo\/image\/\"},\"sameAs\":[\"https:\/\/www.facebook.com\/PressenzaItalia\",\"https:\/\/x.com\/PressenzaIPA\"]},{\"@type\":\"Person\",\"@id\":\"https:\/\/www.pressenza.com\/it\/#\/schema\/person\/841c36a613f4f6e80f5fbc9c1f8c32c8\",\"name\":\"Giovanni Caprio\",\"description\":\"Pubblicista, gi\u00e0 dirigente di istituzioni pubbliche e di fondazioni private. Si occupa di beni comuni, partecipazione e governo del territorio.\",\"url\":\"https:\/\/www.pressenza.com\/it\/author\/giovanni-caprio\/\"}]}<\/script>\n<!-- \/ Yoast SEO plugin. -->","yoast_head_json":{"title":"Legambiente: in Italia nel 2025 sono stati registrati 376 eventi meteo estremi, +5,9% rispetto al 2024","description":"In Italia anche nel 2025 la crisi climatica lascia il segno, e lo fa in maniera sempre pi\u00f9 profonda. A parlar chiaro \u00e8 l\u2019amaro bilancio di fine anno","robots":{"index":"index","follow":"follow","max-snippet":"max-snippet:-1","max-image-preview":"max-image-preview:large","max-video-preview":"max-video-preview:-1"},"canonical":"https:\/\/www.pressenza.com\/it\/2026\/01\/legambiente-in-italia-nel-2025-sono-stati-registrati-376-eventi-meteo-estremi-59-rispetto-al-2024\/","og_locale":"it_IT","og_type":"article","og_title":"Legambiente: in Italia nel 2025 sono stati registrati 376 eventi meteo estremi, +5,9% rispetto al 2024","og_description":"In Italia anche nel 2025 la crisi climatica lascia il segno, e lo fa in maniera sempre pi\u00f9 profonda. A parlar chiaro \u00e8 l\u2019amaro bilancio di fine anno","og_url":"https:\/\/www.pressenza.com\/it\/2026\/01\/legambiente-in-italia-nel-2025-sono-stati-registrati-376-eventi-meteo-estremi-59-rispetto-al-2024\/","og_site_name":"Pressenza","article_publisher":"https:\/\/www.facebook.com\/PressenzaItalia","article_published_time":"2026-01-05T14:21:44+00:00","og_image":[{"width":850,"height":468,"url":"https:\/\/www.pressenza.com\/wp-content\/uploads\/2023\/05\/Gian-Paolo-Costa-Faenza-sommersa.jpg","type":"image\/jpeg"}],"author":"Giovanni Caprio","twitter_card":"summary_large_image","twitter_creator":"@PressenzaIPA","twitter_site":"@PressenzaIPA","twitter_misc":{"Scritto da":"Giovanni Caprio","Tempo di lettura stimato":"5 minuti"},"schema":{"@context":"https:\/\/schema.org","@graph":[{"@type":"Article","@id":"https:\/\/www.pressenza.com\/it\/2026\/01\/legambiente-in-italia-nel-2025-sono-stati-registrati-376-eventi-meteo-estremi-59-rispetto-al-2024\/#article","isPartOf":{"@id":"https:\/\/www.pressenza.com\/it\/2026\/01\/legambiente-in-italia-nel-2025-sono-stati-registrati-376-eventi-meteo-estremi-59-rispetto-al-2024\/"},"author":{"name":"Giovanni Caprio","@id":"https:\/\/www.pressenza.com\/it\/#\/schema\/person\/841c36a613f4f6e80f5fbc9c1f8c32c8"},"headline":"Legambiente: in Italia nel 2025 sono stati registrati 376 eventi meteo estremi, +5,9% rispetto al 2024","datePublished":"2026-01-05T14:21:44+00:00","mainEntityOfPage":{"@id":"https:\/\/www.pressenza.com\/it\/2026\/01\/legambiente-in-italia-nel-2025-sono-stati-registrati-376-eventi-meteo-estremi-59-rispetto-al-2024\/"},"wordCount":820,"publisher":{"@id":"https:\/\/www.pressenza.com\/it\/#organization"},"image":{"@id":"https:\/\/www.pressenza.com\/it\/2026\/01\/legambiente-in-italia-nel-2025-sono-stati-registrati-376-eventi-meteo-estremi-59-rispetto-al-2024\/#primaryimage"},"thumbnailUrl":"https:\/\/www.pressenza.com\/wp-content\/uploads\/2023\/05\/Gian-Paolo-Costa-Faenza-sommersa.jpg","keywords":["cambiamento climatico","eventi estremi","Legambiente","siccit\u00e0"],"articleSection":["contenuti originali","Ecologia ed Ambiente"],"inLanguage":"it-IT"},{"@type":"WebPage","@id":"https:\/\/www.pressenza.com\/it\/2026\/01\/legambiente-in-italia-nel-2025-sono-stati-registrati-376-eventi-meteo-estremi-59-rispetto-al-2024\/","url":"https:\/\/www.pressenza.com\/it\/2026\/01\/legambiente-in-italia-nel-2025-sono-stati-registrati-376-eventi-meteo-estremi-59-rispetto-al-2024\/","name":"Legambiente: in Italia nel 2025 sono stati registrati 376 eventi meteo estremi, +5,9% rispetto al 2024","isPartOf":{"@id":"https:\/\/www.pressenza.com\/it\/#website"},"primaryImageOfPage":{"@id":"https:\/\/www.pressenza.com\/it\/2026\/01\/legambiente-in-italia-nel-2025-sono-stati-registrati-376-eventi-meteo-estremi-59-rispetto-al-2024\/#primaryimage"},"image":{"@id":"https:\/\/www.pressenza.com\/it\/2026\/01\/legambiente-in-italia-nel-2025-sono-stati-registrati-376-eventi-meteo-estremi-59-rispetto-al-2024\/#primaryimage"},"thumbnailUrl":"https:\/\/www.pressenza.com\/wp-content\/uploads\/2023\/05\/Gian-Paolo-Costa-Faenza-sommersa.jpg","datePublished":"2026-01-05T14:21:44+00:00","description":"In Italia anche nel 2025 la crisi climatica lascia il segno, e lo fa in maniera sempre pi\u00f9 profonda. A parlar chiaro \u00e8 l\u2019amaro bilancio di fine anno","breadcrumb":{"@id":"https:\/\/www.pressenza.com\/it\/2026\/01\/legambiente-in-italia-nel-2025-sono-stati-registrati-376-eventi-meteo-estremi-59-rispetto-al-2024\/#breadcrumb"},"inLanguage":"it-IT","potentialAction":[{"@type":"ReadAction","target":["https:\/\/www.pressenza.com\/it\/2026\/01\/legambiente-in-italia-nel-2025-sono-stati-registrati-376-eventi-meteo-estremi-59-rispetto-al-2024\/"]}]},{"@type":"ImageObject","inLanguage":"it-IT","@id":"https:\/\/www.pressenza.com\/it\/2026\/01\/legambiente-in-italia-nel-2025-sono-stati-registrati-376-eventi-meteo-estremi-59-rispetto-al-2024\/#primaryimage","url":"https:\/\/www.pressenza.com\/wp-content\/uploads\/2023\/05\/Gian-Paolo-Costa-Faenza-sommersa.jpg","contentUrl":"https:\/\/www.pressenza.com\/wp-content\/uploads\/2023\/05\/Gian-Paolo-Costa-Faenza-sommersa.jpg","width":850,"height":468},{"@type":"BreadcrumbList","@id":"https:\/\/www.pressenza.com\/it\/2026\/01\/legambiente-in-italia-nel-2025-sono-stati-registrati-376-eventi-meteo-estremi-59-rispetto-al-2024\/#breadcrumb","itemListElement":[{"@type":"ListItem","position":1,"name":"Accueil","item":"https:\/\/www.pressenza.com\/it\/"},{"@type":"ListItem","position":2,"name":"Legambiente: in Italia nel 2025 sono stati registrati 376 eventi meteo estremi, +5,9% rispetto al 2024"}]},{"@type":"WebSite","@id":"https:\/\/www.pressenza.com\/it\/#website","url":"https:\/\/www.pressenza.com\/it\/","name":"Pressenza","description":"Agenzia di Stampa Internazionale","publisher":{"@id":"https:\/\/www.pressenza.com\/it\/#organization"},"potentialAction":[{"@type":"SearchAction","target":{"@type":"EntryPoint","urlTemplate":"https:\/\/www.pressenza.com\/it\/?s={search_term_string}"},"query-input":{"@type":"PropertyValueSpecification","valueRequired":true,"valueName":"search_term_string"}}],"inLanguage":"it-IT"},{"@type":"Organization","@id":"https:\/\/www.pressenza.com\/it\/#organization","name":"Pressenza","url":"https:\/\/www.pressenza.com\/it\/","logo":{"@type":"ImageObject","inLanguage":"it-IT","@id":"https:\/\/www.pressenza.com\/it\/#\/schema\/logo\/image\/","url":"https:\/\/www.pressenza.com\/wp-content\/uploads\/2022\/10\/pressenza_logo_200x200.jpg","contentUrl":"https:\/\/www.pressenza.com\/wp-content\/uploads\/2022\/10\/pressenza_logo_200x200.jpg","width":200,"height":200,"caption":"Pressenza"},"image":{"@id":"https:\/\/www.pressenza.com\/it\/#\/schema\/logo\/image\/"},"sameAs":["https:\/\/www.facebook.com\/PressenzaItalia","https:\/\/x.com\/PressenzaIPA"]},{"@type":"Person","@id":"https:\/\/www.pressenza.com\/it\/#\/schema\/person\/841c36a613f4f6e80f5fbc9c1f8c32c8","name":"Giovanni Caprio","description":"Pubblicista, gi\u00e0 dirigente di istituzioni pubbliche e di fondazioni private. Si occupa di beni comuni, partecipazione e governo del territorio.","url":"https:\/\/www.pressenza.com\/it\/author\/giovanni-caprio\/"}]}},"place":"Italia","original_article_url":"","_links":{"self":[{"href":"https:\/\/www.pressenza.com\/it\/wp-json\/wp\/v2\/posts\/2665725","targetHints":{"allow":["GET"]}}],"collection":[{"href":"https:\/\/www.pressenza.com\/it\/wp-json\/wp\/v2\/posts"}],"about":[{"href":"https:\/\/www.pressenza.com\/it\/wp-json\/wp\/v2\/types\/post"}],"author":[{"embeddable":true,"href":"https:\/\/www.pressenza.com\/it\/wp-json\/wp\/v2\/users\/2106"}],"replies":[{"embeddable":true,"href":"https:\/\/www.pressenza.com\/it\/wp-json\/wp\/v2\/comments?post=2665725"}],"version-history":[{"count":1,"href":"https:\/\/www.pressenza.com\/it\/wp-json\/wp\/v2\/posts\/2665725\/revisions"}],"predecessor-version":[{"id":2665727,"href":"https:\/\/www.pressenza.com\/it\/wp-json\/wp\/v2\/posts\/2665725\/revisions\/2665727"}],"wp:featuredmedia":[{"embeddable":true,"href":"https:\/\/www.pressenza.com\/it\/wp-json\/wp\/v2\/media\/1739979"}],"wp:attachment":[{"href":"https:\/\/www.pressenza.com\/it\/wp-json\/wp\/v2\/media?parent=2665725"}],"wp:term":[{"taxonomy":"category","embeddable":true,"href":"https:\/\/www.pressenza.com\/it\/wp-json\/wp\/v2\/categories?post=2665725"},{"taxonomy":"post_tag","embeddable":true,"href":"https:\/\/www.pressenza.com\/it\/wp-json\/wp\/v2\/tags?post=2665725"}],"curies":[{"name":"wp","href":"https:\/\/api.w.org\/{rel}","templated":true}]}}