{"id":2664834,"date":"2025-12-31T11:15:10","date_gmt":"2025-12-31T11:15:10","guid":{"rendered":"https:\/\/www.pressenza.com\/?p=2664834"},"modified":"2025-12-31T11:15:10","modified_gmt":"2025-12-31T11:15:10","slug":"disabili-a-scuola-unesperienza-positiva","status":"publish","type":"post","link":"https:\/\/www.pressenza.com\/it\/2025\/12\/disabili-a-scuola-unesperienza-positiva\/","title":{"rendered":"Disabili a scuola. Un\u2019esperienza positiva"},"content":{"rendered":"<p><em>\u201cHo trovato una scuola pubblica a misura di mio figlio, disabile grave, e voglio raccontarlo, per riconoscenza nei confronti di quegli insegnanti e dirigenti che si spendono senza risparmio, ma anche per dimostrare che far funzionare le cose \u00e8 possibile; basta crederci e volerlo\u201d. Parola di Daniela Centanni, madre di Alex, diciassettenne autistico.<\/em><\/p>\n<p><strong>Per una volta la scuola non sale sul banco degli imputati&#8230;<\/strong><\/p>\n<p>Esatto. Noi genitori di disabili gravi ci lamentiamo spesso, e a ragione, delle carenze del sistema scolastico. Io stessa l&#8217;ho fatto: ore insufficienti di sostegno, insegnanti formati poco e male, liste d&#8217;attesa per le poche strutture che funzionano. Troppo peso \u00e8 lasciato sulle spalle della famiglia. Tutto vero, ma a maggior ragione \u00e8 una fantastica sorpresa scoprire una scuola pubblica che trova modi creativi e molto efficaci per venire incontro alle esigenze dei ragazzi disabili.<\/p>\n<p><strong>Raccontaci la vostra esperienza.<\/strong><\/p>\n<p>Due anni fa ci siamo trovati in una delle situazioni pi\u00f9 temute dalle famiglie di disabili gravi: trovare una scuola superiore per nostro figlio, che ha una forma di autismo severo con moderato ritardo cognitivo. La sua passione \u00e8 cucinare e inizialmente ci siamo orientati su scuole alberghiere, ma nessuna sembrava fare al caso. Gli istituti professionali regionali, poi, offrono solo 10 ore di educativa la settimana, ma mio figlio non pu\u00f2 stare a scuola senza avere accanto sempre qualcuno. Ho sentito parlare bene di un professionale statale vicino a casa e ho pensato: se non altro potr\u00e0 imparare ad andare e tornare da solo, un passo importante sulla via dell&#8217;autonomia. Cos\u00ec abbiamo scelto quello, indirizzo servizi sociali, senza grandi aspettative. Invece abbiamo trovato dirigenti, docenti ed educatori che sono perle rare. Con loro si \u00e8 creata quell&#8217;alleanza educativa che da sola \u00e8 in grado di far progredire i nostri ragazzi.<\/p>\n<p><strong>Che cos&#8217;hanno di speciale?<\/strong><\/p>\n<p>Alex ha due insegnanti di sostegno e un&#8217;educatrice che si alternano coprendo il suo intero orario scolastico ridotto di venti ore settimanali. Antonio (nome di fantasia) \u00e8 un insegnante di sostegno precario e ha capito subito come aiutare mio figlio. Alex ha problemi a livello cognitivo e relazionale, ma ha un gran fisico e il suo punto di forza \u00e8 lo sport: nuota e si arrampica meglio di tanti altri coetanei &#8216;normotipici&#8217;. Ebbene, Antonio ha deciso di valorizzare questi suoi talenti. Lo porta spesso in palestra e ha iniziato a insegnargli a giocare anche a pallacanestro. Per farlo ha coinvolto altri due studenti di un altro indirizzo. Ha chiesto loro di aiutare Alex a migliorare nel basket e si \u00e8 compiuto il miracolo. Sentendosi apprezzati e responsabilizzati, i due compagni si sono prodigati con una pazienza e una gentilezza inconsuete a quell&#8217;et\u00e0 e hanno preso Alex sotto la loro ala: guai a chi lo guarda storto. In una delle due palestre della scuola, poi, c&#8217;\u00e8 una parete d&#8217;arrampicata che non veniva pi\u00f9 usata da anni. Antonio ha invitato l&#8217;istruttore di Alex a fare una lezione dimostrativa per gli studenti dell&#8217;istituto e mio figlio si \u00e8 arrampicato senza sforzo, mentre i compagni lo incitavano e l&#8217;applaudivano. Un&#8217;emozione davvero straordinaria per lui: per la prima volta nella sua vita ha provato l&#8217;orgoglio e la soddisfazione di sentirsi ammirato dagli altri ragazzi.<\/p>\n<p><strong>E in classe come si trova?<\/strong><\/p>\n<p>E&#8217; l&#8217;unico maschio e le compagne gli si sono subito affezionate e se lo coccolano. La sua educatrice Caterina (nome di fantasia) si spende in prima persona: da un lato sostiene Alex nelle interazioni facendo da \u201cponte\u201d tra lui e le compagne, dall&#8217;altro aiuta loro a capire il giusto approccio per entrare in contatto con Alex. Tra l&#8217;altro si tratta di un indirizzo di studio che forma educatori e il rapporto con una persona con autismo pu\u00f2 essere molto formativo, una sorta di &#8216;compito in classe&#8217; quotidiano. Ad Alex \u00e8 stato anche dato l&#8217;incarico di guidare qualche volta la sedia a rotelle di una ragazza e lui svolge il suo compito con grande responsabilit\u00e0 e attenzione. Per quanto riguarda lo studio, mio figlio ha un Piano educativo individualizzato che delinea un percorso didattico personalizzato, diversificato in parte dal programma della classe perch\u00e9 basato sulle reali capacit\u00e0 del ragazzo, ma la sua insegnante di sostegno Gianna (nome di fantasia) si prodiga affinch\u00e9 abbia la possibilit\u00e0 di seguire il programma scolastico della classe in alcune materie (per esempio storia o scienze) semplificato ma in sostanza simile, per permettergli di sentirsi pi\u00f9 \u201cincluso\u201d nel contesto classe. Antonio per parte sua si preoccupa di aiutarlo a conquistare spazi di autonomia, fondamentali per i disabili. Pensa che una volta la settimana lo porta al bar: l\u00e0 Alex ha imparato a parlare con il barista, ordinare caff\u00e8 e brioche per s\u00e9 e per l&#8217;insegnante, pagare il conto e prendere il resto. Pu\u00f2 sembrare poco, ma \u00e8 una grande conquista per un autistico grave e quasi non verbale.<\/p>\n<p><strong>E Alex come reagisce? \u00c8 contento?<\/strong><\/p>\n<p>Entusiasta. Ogni mattina al risveglio corre a guardare l&#8217;agenda dove gli scrivo le attivit\u00e0 della giornata e quando vede che quel giorno c&#8217;\u00e8 scuola si mette a saltare dalla gioia. Il problema sono le vacanze&#8230;.<\/p>\n<p><strong>Che riflessioni ti suscita questa esperienza?<\/strong><\/p>\n<p>\u00c8 la dimostrazione lampante che impegno, empatia e creativit\u00e0 possono fare miracoli nonostante i tagli e la &#8216;coperta corta&#8217;. Dobbiamo grande gratitudine a queste persone cos\u00ec capaci e ricche di intelligenza emotiva. Il loro lavoro \u00e8 poco apprezzato e retribuito, troppo spesso criticato o dato per scontato da persone superficiali. Invece per me sono eroi del nostro tempo, esempi da imitare.<\/p>\n<p>&nbsp;<\/p>\n<p>&nbsp;<\/p>\n","protected":false},"excerpt":{"rendered":"<p>\u201cHo trovato una scuola pubblica a misura di mio figlio, disabile grave, e voglio raccontarlo, per riconoscenza nei confronti di quegli insegnanti e dirigenti che si spendono senza risparmio, ma anche per dimostrare che far funzionare le cose \u00e8 possibile;&hellip;<\/p>\n","protected":false},"author":2522,"featured_media":2664835,"comment_status":"closed","ping_status":"closed","sticky":false,"template":"","format":"standard","meta":{"footnotes":""},"categories":[1258,47,157,1259],"tags":[13708,1593,16327,1414],"class_list":["post-2664834","post","type-post","status-publish","format-standard","has-post-thumbnail","hentry","category-educazione","category-europa","category-interviste","category-salute-argomento","tag-autismo","tag-empatia","tag-insegnanti","tag-scuola-pubblica"],"yoast_head":"<!-- This site is optimized with the Yoast SEO plugin v27.1.1 - https:\/\/yoast.com\/product\/yoast-seo-wordpress\/ -->\n<title>Disabili a scuola. Un\u2019esperienza positiva<\/title>\n<meta name=\"description\" content=\"\u201cHo trovato una scuola pubblica a misura di mio figlio, disabile grave, e voglio raccontarlo, per riconoscenza nei confronti di quegli insegnanti e\" \/>\n<meta name=\"robots\" content=\"index, follow, max-snippet:-1, max-image-preview:large, max-video-preview:-1\" \/>\n<link rel=\"canonical\" href=\"https:\/\/www.pressenza.com\/it\/2025\/12\/disabili-a-scuola-unesperienza-positiva\/\" \/>\n<meta property=\"og:locale\" content=\"it_IT\" \/>\n<meta property=\"og:type\" content=\"article\" \/>\n<meta property=\"og:title\" content=\"Disabili a scuola. Un\u2019esperienza positiva\" \/>\n<meta property=\"og:description\" content=\"\u201cHo trovato una scuola pubblica a misura di mio figlio, disabile grave, e voglio raccontarlo, per riconoscenza nei confronti di quegli insegnanti e\" \/>\n<meta property=\"og:url\" content=\"https:\/\/www.pressenza.com\/it\/2025\/12\/disabili-a-scuola-unesperienza-positiva\/\" \/>\n<meta property=\"og:site_name\" content=\"Pressenza\" \/>\n<meta property=\"article:publisher\" content=\"https:\/\/www.facebook.com\/PressenzaItalia\" \/>\n<meta property=\"article:published_time\" content=\"2025-12-31T11:15:10+00:00\" \/>\n<meta property=\"og:image\" content=\"https:\/\/www.pressenza.com\/wp-content\/uploads\/2025\/12\/Alex-ragazzo-autistico-rit.jpg\" \/>\n\t<meta property=\"og:image:width\" content=\"740\" \/>\n\t<meta property=\"og:image:height\" content=\"830\" \/>\n\t<meta property=\"og:image:type\" content=\"image\/jpeg\" \/>\n<meta name=\"author\" content=\"Claudia Cangemi\" \/>\n<meta name=\"twitter:card\" content=\"summary_large_image\" \/>\n<meta name=\"twitter:creator\" content=\"@PressenzaIPA\" \/>\n<meta name=\"twitter:site\" content=\"@PressenzaIPA\" \/>\n<meta name=\"twitter:label1\" content=\"Scritto da\" \/>\n\t<meta name=\"twitter:data1\" content=\"Claudia Cangemi\" \/>\n\t<meta name=\"twitter:label2\" content=\"Tempo di lettura stimato\" \/>\n\t<meta name=\"twitter:data2\" content=\"5 minuti\" \/>\n<script type=\"application\/ld+json\" class=\"yoast-schema-graph\">{\"@context\":\"https:\/\/schema.org\",\"@graph\":[{\"@type\":\"Article\",\"@id\":\"https:\/\/www.pressenza.com\/it\/2025\/12\/disabili-a-scuola-unesperienza-positiva\/#article\",\"isPartOf\":{\"@id\":\"https:\/\/www.pressenza.com\/it\/2025\/12\/disabili-a-scuola-unesperienza-positiva\/\"},\"author\":{\"name\":\"Claudia Cangemi\",\"@id\":\"https:\/\/www.pressenza.com\/it\/#\/schema\/person\/85c7ef3c3cc83d9318333d0aff0643f1\"},\"headline\":\"Disabili a scuola. Un\u2019esperienza positiva\",\"datePublished\":\"2025-12-31T11:15:10+00:00\",\"mainEntityOfPage\":{\"@id\":\"https:\/\/www.pressenza.com\/it\/2025\/12\/disabili-a-scuola-unesperienza-positiva\/\"},\"wordCount\":913,\"publisher\":{\"@id\":\"https:\/\/www.pressenza.com\/it\/#organization\"},\"image\":{\"@id\":\"https:\/\/www.pressenza.com\/it\/2025\/12\/disabili-a-scuola-unesperienza-positiva\/#primaryimage\"},\"thumbnailUrl\":\"https:\/\/www.pressenza.com\/wp-content\/uploads\/2025\/12\/Alex-ragazzo-autistico-rit.jpg\",\"keywords\":[\"autismo\",\"empatia\",\"insegnanti\",\"scuola pubblica\"],\"articleSection\":[\"Educazione\",\"Europa\",\"Interviste\",\"Salute\"],\"inLanguage\":\"it-IT\"},{\"@type\":\"WebPage\",\"@id\":\"https:\/\/www.pressenza.com\/it\/2025\/12\/disabili-a-scuola-unesperienza-positiva\/\",\"url\":\"https:\/\/www.pressenza.com\/it\/2025\/12\/disabili-a-scuola-unesperienza-positiva\/\",\"name\":\"Disabili a scuola. Un\u2019esperienza positiva\",\"isPartOf\":{\"@id\":\"https:\/\/www.pressenza.com\/it\/#website\"},\"primaryImageOfPage\":{\"@id\":\"https:\/\/www.pressenza.com\/it\/2025\/12\/disabili-a-scuola-unesperienza-positiva\/#primaryimage\"},\"image\":{\"@id\":\"https:\/\/www.pressenza.com\/it\/2025\/12\/disabili-a-scuola-unesperienza-positiva\/#primaryimage\"},\"thumbnailUrl\":\"https:\/\/www.pressenza.com\/wp-content\/uploads\/2025\/12\/Alex-ragazzo-autistico-rit.jpg\",\"datePublished\":\"2025-12-31T11:15:10+00:00\",\"description\":\"\u201cHo trovato una scuola pubblica a misura di mio figlio, disabile grave, e voglio raccontarlo, per riconoscenza nei confronti di quegli insegnanti e\",\"breadcrumb\":{\"@id\":\"https:\/\/www.pressenza.com\/it\/2025\/12\/disabili-a-scuola-unesperienza-positiva\/#breadcrumb\"},\"inLanguage\":\"it-IT\",\"potentialAction\":[{\"@type\":\"ReadAction\",\"target\":[\"https:\/\/www.pressenza.com\/it\/2025\/12\/disabili-a-scuola-unesperienza-positiva\/\"]}]},{\"@type\":\"ImageObject\",\"inLanguage\":\"it-IT\",\"@id\":\"https:\/\/www.pressenza.com\/it\/2025\/12\/disabili-a-scuola-unesperienza-positiva\/#primaryimage\",\"url\":\"https:\/\/www.pressenza.com\/wp-content\/uploads\/2025\/12\/Alex-ragazzo-autistico-rit.jpg\",\"contentUrl\":\"https:\/\/www.pressenza.com\/wp-content\/uploads\/2025\/12\/Alex-ragazzo-autistico-rit.jpg\",\"width\":740,\"height\":830},{\"@type\":\"BreadcrumbList\",\"@id\":\"https:\/\/www.pressenza.com\/it\/2025\/12\/disabili-a-scuola-unesperienza-positiva\/#breadcrumb\",\"itemListElement\":[{\"@type\":\"ListItem\",\"position\":1,\"name\":\"Accueil\",\"item\":\"https:\/\/www.pressenza.com\/it\/\"},{\"@type\":\"ListItem\",\"position\":2,\"name\":\"Disabili a scuola. Un\u2019esperienza positiva\"}]},{\"@type\":\"WebSite\",\"@id\":\"https:\/\/www.pressenza.com\/it\/#website\",\"url\":\"https:\/\/www.pressenza.com\/it\/\",\"name\":\"Pressenza\",\"description\":\"Agenzia di Stampa Internazionale\",\"publisher\":{\"@id\":\"https:\/\/www.pressenza.com\/it\/#organization\"},\"potentialAction\":[{\"@type\":\"SearchAction\",\"target\":{\"@type\":\"EntryPoint\",\"urlTemplate\":\"https:\/\/www.pressenza.com\/it\/?s={search_term_string}\"},\"query-input\":{\"@type\":\"PropertyValueSpecification\",\"valueRequired\":true,\"valueName\":\"search_term_string\"}}],\"inLanguage\":\"it-IT\"},{\"@type\":\"Organization\",\"@id\":\"https:\/\/www.pressenza.com\/it\/#organization\",\"name\":\"Pressenza\",\"url\":\"https:\/\/www.pressenza.com\/it\/\",\"logo\":{\"@type\":\"ImageObject\",\"inLanguage\":\"it-IT\",\"@id\":\"https:\/\/www.pressenza.com\/it\/#\/schema\/logo\/image\/\",\"url\":\"https:\/\/www.pressenza.com\/wp-content\/uploads\/2022\/10\/pressenza_logo_200x200.jpg\",\"contentUrl\":\"https:\/\/www.pressenza.com\/wp-content\/uploads\/2022\/10\/pressenza_logo_200x200.jpg\",\"width\":200,\"height\":200,\"caption\":\"Pressenza\"},\"image\":{\"@id\":\"https:\/\/www.pressenza.com\/it\/#\/schema\/logo\/image\/\"},\"sameAs\":[\"https:\/\/www.facebook.com\/PressenzaItalia\",\"https:\/\/x.com\/PressenzaIPA\"]},{\"@type\":\"Person\",\"@id\":\"https:\/\/www.pressenza.com\/it\/#\/schema\/person\/85c7ef3c3cc83d9318333d0aff0643f1\",\"name\":\"Claudia Cangemi\",\"url\":\"https:\/\/www.pressenza.com\/it\/author\/claudia-cangemi\/\"}]}<\/script>\n<!-- \/ Yoast SEO plugin. -->","yoast_head_json":{"title":"Disabili a scuola. Un\u2019esperienza positiva","description":"\u201cHo trovato una scuola pubblica a misura di mio figlio, disabile grave, e voglio raccontarlo, per riconoscenza nei confronti di quegli insegnanti e","robots":{"index":"index","follow":"follow","max-snippet":"max-snippet:-1","max-image-preview":"max-image-preview:large","max-video-preview":"max-video-preview:-1"},"canonical":"https:\/\/www.pressenza.com\/it\/2025\/12\/disabili-a-scuola-unesperienza-positiva\/","og_locale":"it_IT","og_type":"article","og_title":"Disabili a scuola. Un\u2019esperienza positiva","og_description":"\u201cHo trovato una scuola pubblica a misura di mio figlio, disabile grave, e voglio raccontarlo, per riconoscenza nei confronti di quegli insegnanti e","og_url":"https:\/\/www.pressenza.com\/it\/2025\/12\/disabili-a-scuola-unesperienza-positiva\/","og_site_name":"Pressenza","article_publisher":"https:\/\/www.facebook.com\/PressenzaItalia","article_published_time":"2025-12-31T11:15:10+00:00","og_image":[{"width":740,"height":830,"url":"https:\/\/www.pressenza.com\/wp-content\/uploads\/2025\/12\/Alex-ragazzo-autistico-rit.jpg","type":"image\/jpeg"}],"author":"Claudia Cangemi","twitter_card":"summary_large_image","twitter_creator":"@PressenzaIPA","twitter_site":"@PressenzaIPA","twitter_misc":{"Scritto da":"Claudia Cangemi","Tempo di lettura stimato":"5 minuti"},"schema":{"@context":"https:\/\/schema.org","@graph":[{"@type":"Article","@id":"https:\/\/www.pressenza.com\/it\/2025\/12\/disabili-a-scuola-unesperienza-positiva\/#article","isPartOf":{"@id":"https:\/\/www.pressenza.com\/it\/2025\/12\/disabili-a-scuola-unesperienza-positiva\/"},"author":{"name":"Claudia Cangemi","@id":"https:\/\/www.pressenza.com\/it\/#\/schema\/person\/85c7ef3c3cc83d9318333d0aff0643f1"},"headline":"Disabili a scuola. Un\u2019esperienza positiva","datePublished":"2025-12-31T11:15:10+00:00","mainEntityOfPage":{"@id":"https:\/\/www.pressenza.com\/it\/2025\/12\/disabili-a-scuola-unesperienza-positiva\/"},"wordCount":913,"publisher":{"@id":"https:\/\/www.pressenza.com\/it\/#organization"},"image":{"@id":"https:\/\/www.pressenza.com\/it\/2025\/12\/disabili-a-scuola-unesperienza-positiva\/#primaryimage"},"thumbnailUrl":"https:\/\/www.pressenza.com\/wp-content\/uploads\/2025\/12\/Alex-ragazzo-autistico-rit.jpg","keywords":["autismo","empatia","insegnanti","scuola pubblica"],"articleSection":["Educazione","Europa","Interviste","Salute"],"inLanguage":"it-IT"},{"@type":"WebPage","@id":"https:\/\/www.pressenza.com\/it\/2025\/12\/disabili-a-scuola-unesperienza-positiva\/","url":"https:\/\/www.pressenza.com\/it\/2025\/12\/disabili-a-scuola-unesperienza-positiva\/","name":"Disabili a scuola. Un\u2019esperienza positiva","isPartOf":{"@id":"https:\/\/www.pressenza.com\/it\/#website"},"primaryImageOfPage":{"@id":"https:\/\/www.pressenza.com\/it\/2025\/12\/disabili-a-scuola-unesperienza-positiva\/#primaryimage"},"image":{"@id":"https:\/\/www.pressenza.com\/it\/2025\/12\/disabili-a-scuola-unesperienza-positiva\/#primaryimage"},"thumbnailUrl":"https:\/\/www.pressenza.com\/wp-content\/uploads\/2025\/12\/Alex-ragazzo-autistico-rit.jpg","datePublished":"2025-12-31T11:15:10+00:00","description":"\u201cHo trovato una scuola pubblica a misura di mio figlio, disabile grave, e voglio raccontarlo, per riconoscenza nei confronti di quegli insegnanti e","breadcrumb":{"@id":"https:\/\/www.pressenza.com\/it\/2025\/12\/disabili-a-scuola-unesperienza-positiva\/#breadcrumb"},"inLanguage":"it-IT","potentialAction":[{"@type":"ReadAction","target":["https:\/\/www.pressenza.com\/it\/2025\/12\/disabili-a-scuola-unesperienza-positiva\/"]}]},{"@type":"ImageObject","inLanguage":"it-IT","@id":"https:\/\/www.pressenza.com\/it\/2025\/12\/disabili-a-scuola-unesperienza-positiva\/#primaryimage","url":"https:\/\/www.pressenza.com\/wp-content\/uploads\/2025\/12\/Alex-ragazzo-autistico-rit.jpg","contentUrl":"https:\/\/www.pressenza.com\/wp-content\/uploads\/2025\/12\/Alex-ragazzo-autistico-rit.jpg","width":740,"height":830},{"@type":"BreadcrumbList","@id":"https:\/\/www.pressenza.com\/it\/2025\/12\/disabili-a-scuola-unesperienza-positiva\/#breadcrumb","itemListElement":[{"@type":"ListItem","position":1,"name":"Accueil","item":"https:\/\/www.pressenza.com\/it\/"},{"@type":"ListItem","position":2,"name":"Disabili a scuola. Un\u2019esperienza positiva"}]},{"@type":"WebSite","@id":"https:\/\/www.pressenza.com\/it\/#website","url":"https:\/\/www.pressenza.com\/it\/","name":"Pressenza","description":"Agenzia di Stampa Internazionale","publisher":{"@id":"https:\/\/www.pressenza.com\/it\/#organization"},"potentialAction":[{"@type":"SearchAction","target":{"@type":"EntryPoint","urlTemplate":"https:\/\/www.pressenza.com\/it\/?s={search_term_string}"},"query-input":{"@type":"PropertyValueSpecification","valueRequired":true,"valueName":"search_term_string"}}],"inLanguage":"it-IT"},{"@type":"Organization","@id":"https:\/\/www.pressenza.com\/it\/#organization","name":"Pressenza","url":"https:\/\/www.pressenza.com\/it\/","logo":{"@type":"ImageObject","inLanguage":"it-IT","@id":"https:\/\/www.pressenza.com\/it\/#\/schema\/logo\/image\/","url":"https:\/\/www.pressenza.com\/wp-content\/uploads\/2022\/10\/pressenza_logo_200x200.jpg","contentUrl":"https:\/\/www.pressenza.com\/wp-content\/uploads\/2022\/10\/pressenza_logo_200x200.jpg","width":200,"height":200,"caption":"Pressenza"},"image":{"@id":"https:\/\/www.pressenza.com\/it\/#\/schema\/logo\/image\/"},"sameAs":["https:\/\/www.facebook.com\/PressenzaItalia","https:\/\/x.com\/PressenzaIPA"]},{"@type":"Person","@id":"https:\/\/www.pressenza.com\/it\/#\/schema\/person\/85c7ef3c3cc83d9318333d0aff0643f1","name":"Claudia Cangemi","url":"https:\/\/www.pressenza.com\/it\/author\/claudia-cangemi\/"}]}},"place":"","original_article_url":"","_links":{"self":[{"href":"https:\/\/www.pressenza.com\/it\/wp-json\/wp\/v2\/posts\/2664834","targetHints":{"allow":["GET"]}}],"collection":[{"href":"https:\/\/www.pressenza.com\/it\/wp-json\/wp\/v2\/posts"}],"about":[{"href":"https:\/\/www.pressenza.com\/it\/wp-json\/wp\/v2\/types\/post"}],"author":[{"embeddable":true,"href":"https:\/\/www.pressenza.com\/it\/wp-json\/wp\/v2\/users\/2522"}],"replies":[{"embeddable":true,"href":"https:\/\/www.pressenza.com\/it\/wp-json\/wp\/v2\/comments?post=2664834"}],"version-history":[{"count":1,"href":"https:\/\/www.pressenza.com\/it\/wp-json\/wp\/v2\/posts\/2664834\/revisions"}],"predecessor-version":[{"id":2664836,"href":"https:\/\/www.pressenza.com\/it\/wp-json\/wp\/v2\/posts\/2664834\/revisions\/2664836"}],"wp:featuredmedia":[{"embeddable":true,"href":"https:\/\/www.pressenza.com\/it\/wp-json\/wp\/v2\/media\/2664835"}],"wp:attachment":[{"href":"https:\/\/www.pressenza.com\/it\/wp-json\/wp\/v2\/media?parent=2664834"}],"wp:term":[{"taxonomy":"category","embeddable":true,"href":"https:\/\/www.pressenza.com\/it\/wp-json\/wp\/v2\/categories?post=2664834"},{"taxonomy":"post_tag","embeddable":true,"href":"https:\/\/www.pressenza.com\/it\/wp-json\/wp\/v2\/tags?post=2664834"}],"curies":[{"name":"wp","href":"https:\/\/api.w.org\/{rel}","templated":true}]}}