{"id":2664350,"date":"2025-12-29T09:56:02","date_gmt":"2025-12-29T09:56:02","guid":{"rendered":"https:\/\/www.pressenza.com\/?p=2664350"},"modified":"2025-12-29T10:12:31","modified_gmt":"2025-12-29T10:12:31","slug":"siamo-in-una-pericolosa-spirale-totalitaria-tra-necropotere-e-morte-dello-stato-di-diritto","status":"publish","type":"post","link":"https:\/\/www.pressenza.com\/it\/2025\/12\/siamo-in-una-pericolosa-spirale-totalitaria-tra-necropotere-e-morte-dello-stato-di-diritto\/","title":{"rendered":"Siamo in una pericolosa spirale totalitaria: tra necropotere e morte dello stato di diritto"},"content":{"rendered":"<p class=\"has-drop-cap\">Da alcuni anni siamo pienamente entrati in una pericolosa spirale totalitaria: operazioni di guerre biologiche; guerra USA-NATO contro la Russia per interposta Ucraina \u2013 ancora in corso e verso rapidi orizzonti di guerra mondiale, voluta dalle elite corrotte e guerrafondaie europee, sempre pi\u00f9 lontane e scollegate dai popoli che governano e da cui sono profodamente disprezzate. E, dal 2023 in poi, siamo spettatori impotenti del genocidio gazawi e dell\u2019espansione del colonialismo di insediamento israeliano in tutta la Palestina storica, in Libano e in Siria\u2026<\/p>\n<p>Mentre il Sud globale si stacca dall\u2019Occidente egemonico e strutturalmente bellico e violento e non ne vuole pi\u00f9 sapere di guerre, massacri, furti e pirateria di risorse, il Sistema-mondo imperniato sui disvalori di 500 anni di colonialismi brutali e genocidari volge gli artigli repressivi e totalitari verso tutte le forme di dissidenza, di difesa dei popoli oppressi e di informazione indipendente. E il passo verso la persecuzione politica \u00e8 breve o immediato.<\/p>\n<p><strong>Sistema-Italia e vassallaggio.<\/strong><\/p>\n<p>Il Sistema-Italia, vassallo della pi\u00f9 ampia struttura egemonica occidentale e sionista in declino (il sionismo niente altro \u00e8 se non un\u2019emanazione del colonialismo occidentale, e suo braccio armato nell\u2019Asia occidentale e non solo), scatena l\u2019inferno, aiutato da un giornalismo disinformativo e sempre pi\u00f9 ridicolo e immorale, contro associazioni umanitarie e contro giornalisti <em>engag\u00e9<\/em>, in senso gramsciano, nella denuncia delle atrocit\u00e0 israeliane a Gaza e in Cisgiordania.<\/p>\n<p>Per tappare la bocca all\u2019informazione libera e alle pratiche di assistenza umanitaria a quasi due milioni di sfollati gazawi, ha tirato fuori la collaudata \u2013 da tutti i regimi totalitari passati e presenti \u2013 accusa di \u201cterrorismo\u201d e minaccia alla democrazia \u2013 in una palese proiezione freudiana \u2013 contro chi non si allinea o dissente. La libert\u00e0 di stampa \u00e8 dunque finita, in cambio della libert\u00e0 di mentire, denigrare, distruggere antropologicamente e svilire l\u2019altro, su ordini e veline straniere. Il tutto, mentre \u00e8 ancora in corso il lento sterminio di un popolo, che questi stessi giornali fanno finta di non vedere, sempre per ordini esteri.<\/p>\n<p><strong>Stato di diritto e necropotere.<\/strong><\/p>\n<p>Lo stato di diritto \u00e8 morto. Non esiste pi\u00f9. Prendiamone atto. L\u2019Italia \u00e8 una povera colonia di Poteri e Entit\u00e0 Straniere. Lo era gi\u00e0 prima e lo \u00e8 ancora di pi\u00f9 oggi. Rappresentanti, forze politiche e tutto il resto, vengono mossi, non muovono o quando lo fanno \u00e8 per eseguire ordini che sanciscono la morte sociale, economica e politica dei cittadini scomodi o \u201ceretici\u201d. Non ci sono pi\u00f9 i roghi della Santa Inquisizione, ma c\u2019\u00e8 la morte decretata dai media asserviti al potere. E asserviti al Potere supremo: Israele.<\/p>\n<p><strong>Israele \u00e8, di fatto, il nostro governo, le nostre istituzioni, il nostro giornalismo e tutto il resto?<\/strong><\/p>\n<p>Uomini e donne perbene sono trasformati in terroristi per lo schioccare del dito del padrone? Ma siamo tornati al Feudalesimo? Esiste un limite alla Barbarie politico-mediatica?<\/p>\n<p>Scrivere di Palestina, di genocidio a Gaza, raccontare di morti e feriti, di bambini fatti a pezzi, di donne e uomini stuprati nelle prigioni israeliane vale l\u2019accusa di terrorismo, a quanto pare. Per renderla pi\u00f9 credibile, viene nominato Hamas \u2013 il movimento di resistenza islamica palestinese che lotta, secondo quanto garatito dall\u2019ONU, per la liberazione dal colonialismo israeliano in terra nativa palestinese -, e mi si trasforma, da giornalista e ricercatrice, nientepopodimeno nella portavoce o nell\u2019addetta alla propaganda ufficiale. Tutto ci\u00f2, su informative di Israele, entit\u00e0 genocida e coloniale, che, come consueto, proietta e attribuisce agli altri gli strumenti e le azioni che lui utilizza: in questo caso la hasbara, ricca e potente propaganda.<\/p>\n<p>Chiariamo, dunque, alcune cose: 1) non sono, non siamo, la propaganda o il megafono di Hamas, ma del popolo palestinese oppresso e schiacchiato, e informiamo sugli effetti, ben visibili a tutti, ma occultati da Israele e dai media ad esso connessi, che il colonialismo di insediamento ha prodotto in oltre 100 anni nella Palestina storica, e negli ultimi tre nella Striscia di Gaza e in Cisgiordania \u2013 stiamo parlando di qualcosa come 300-400 mila morti e dispersi da ottobre 2023, oltre a un numero spaventoso di feriti e mutilati, tra cui decine di migliaia di bambini e donne.<\/p>\n<p>Stiamo svolgendo un ottimo e seguito lavoro di controinformazione, contrastando, per come possiamo, la milionaria hasbara israeliana e i suoi valvassini in Italia: per questa ragione, Israele ci ha inseriti nella sua mappa del \u201cterrorismo\u201d \u2013 di nuovo, una proiezione freudiana del crimine di cui si macchia e che \u00e8 condannato dal mondo intero.<\/p>\n<p>2) L\u2019agenzia InfoPal \u00e8 edita dall\u2019omonima associazione, che provvede a sostenerla materialmente: non sono soldi di Hamas o da Hamas, ma dei musulmai italiani, che, come tradizione islamica, si tassano periodicamente per la zakat e altre forme di offerte. A me spetta il compito di gestire il lavoro di informazione, come qualsiasi altro giornalista di testate piccole o grandi, mainstream o indipendenti.<\/p>\n<p>Inoltre, come giornalista, storica e antropologa del Nord Africa e del Medio Oriente, ho viaggiato, studiato, ricercato, incontrato, intervistato chi mi pareva pi\u00f9 interessate e utile, raccogliendo materiale, fotografie, registrazioni, badge, cartoline, spillette, collane, bracciali, simboli, vessilli, gadget vari, di popoli, organizzazioni e fazioni politiche, culture, religioni e tradizioni, o ricordi associati a interviste e incontri professionali. E\u2019 un mio diritto, fa parte della mia libert\u00e0 di ricerca e lavoro, e non deve essere oggetto di speculazioni o accuse, o di attacco della macchina del fango.<\/p>\n<p>Sono una giornalista professionista, umanamente coinvolta nel mio lavoro, ma anche una ricercatrice, una storica e un\u2019antropologa, con titoli accademici e pubblicazioni da far invidia alla media del giornalismo italico.<\/p>\n<p>Sono anche un\u2019intellettuale politicamente e socialmente impegnata, non organica al Sistema, cosa di cui vado assolutamente fiera. Pertanto, lo squallido sbertucciamento di articoli, uno clone dell\u2019altro, in stile gossip, contro di me, rappresenta una palese manifestazione di un giornalismo degno della scadente posizione in cui si trova nelle classifiche internazionali: la pi\u00f9 recente, sulla libert\u00e0 di stampa nel 2025, lo colloca al\u00a0<strong>49\u00b0 posto globale<\/strong>, secondo Reporters Without Borders (RSF), la peggiore dell\u2019Europa occidentale, indicando una salute precaria dell\u2019informazione nel nostro Paese\u2026 \u00a0Un Paese, inoltre, che sta precipitando rapidamente in forme totalitarie di tragica memoria, insieme alla sempre pi\u00f9 devastante situazione economica, e che ha bisogno pi\u00f9 che mai di politici, di uomini e di donne, etici e dediti al bene della Nazione e dell\u2019Umanit\u00e0.<\/p>\n<p>di Anna Lano<\/p>\n<p>articolo originale:<a href=\"https:\/\/www.infopal.it\/siamo-in-una-pericolosa-spirale-totalitaria-tra-necropotere-e-morte-dello-stato-di-diritto\/\"> https:\/\/www.infopal.it\/siamo-in-una-pericolosa-spirale-totalitaria-tra-necropotere-e-morte-dello-stato-di-diritto\/<\/a><\/p>\n","protected":false},"excerpt":{"rendered":"<p>Da alcuni anni siamo pienamente entrati in una pericolosa spirale totalitaria: operazioni di guerre biologiche; guerra USA-NATO contro la Russia per interposta Ucraina \u2013 ancora in corso e verso rapidi orizzonti di guerra mondiale, voluta dalle elite corrotte e guerrafondaie&hellip;<\/p>\n","protected":false},"author":1974,"featured_media":1899223,"comment_status":"closed","ping_status":"closed","sticky":false,"template":"","format":"standard","meta":{"footnotes":""},"categories":[56,1261,162],"tags":[146630,1005,666],"class_list":["post-2664350","post","type-post","status-publish","format-standard","has-post-thumbnail","hentry","category-cultura","category-diversita","category-opinioni","tag-angela-lano","tag-gaza","tag-liberta-di-stampa"],"yoast_head":"<!-- This site is optimized with the Yoast SEO plugin v27.1.1 - https:\/\/yoast.com\/product\/yoast-seo-wordpress\/ -->\n<title>Siamo in una pericolosa spirale totalitaria: tra necropotere e morte dello stato di diritto<\/title>\n<meta name=\"description\" content=\"Da alcuni anni siamo pienamente entrati in una pericolosa spirale totalitaria: operazioni di guerre biologiche; guerra USA-NATO contro la Russia per\" \/>\n<meta name=\"robots\" content=\"index, follow, max-snippet:-1, max-image-preview:large, max-video-preview:-1\" \/>\n<link rel=\"canonical\" href=\"https:\/\/www.pressenza.com\/it\/2025\/12\/siamo-in-una-pericolosa-spirale-totalitaria-tra-necropotere-e-morte-dello-stato-di-diritto\/\" \/>\n<meta property=\"og:locale\" content=\"it_IT\" \/>\n<meta property=\"og:type\" content=\"article\" \/>\n<meta property=\"og:title\" content=\"Siamo in una pericolosa spirale totalitaria: tra necropotere e morte dello stato di diritto\" \/>\n<meta property=\"og:description\" content=\"Da alcuni anni siamo pienamente entrati in una pericolosa spirale totalitaria: operazioni di guerre biologiche; guerra USA-NATO contro la Russia per\" \/>\n<meta property=\"og:url\" content=\"https:\/\/www.pressenza.com\/it\/2025\/12\/siamo-in-una-pericolosa-spirale-totalitaria-tra-necropotere-e-morte-dello-stato-di-diritto\/\" \/>\n<meta property=\"og:site_name\" content=\"Pressenza\" \/>\n<meta property=\"article:publisher\" content=\"https:\/\/www.facebook.com\/PressenzaItalia\" \/>\n<meta property=\"article:published_time\" content=\"2025-12-29T09:56:02+00:00\" \/>\n<meta property=\"article:modified_time\" content=\"2025-12-29T10:12:31+00:00\" \/>\n<meta property=\"og:image\" content=\"https:\/\/www.pressenza.com\/wp-content\/uploads\/2013\/06\/114_Libert\u00e0-di-stampa.jpg\" \/>\n\t<meta property=\"og:image:width\" content=\"255\" \/>\n\t<meta property=\"og:image:height\" content=\"219\" \/>\n\t<meta property=\"og:image:type\" content=\"image\/jpeg\" \/>\n<meta name=\"author\" content=\"InfoPal\" \/>\n<meta name=\"twitter:card\" content=\"summary_large_image\" \/>\n<meta name=\"twitter:creator\" content=\"@PressenzaIPA\" \/>\n<meta name=\"twitter:site\" content=\"@PressenzaIPA\" \/>\n<meta name=\"twitter:label1\" content=\"Scritto da\" \/>\n\t<meta name=\"twitter:data1\" content=\"InfoPal\" \/>\n\t<meta name=\"twitter:label2\" content=\"Tempo di lettura stimato\" \/>\n\t<meta name=\"twitter:data2\" content=\"5 minuti\" \/>\n<script type=\"application\/ld+json\" class=\"yoast-schema-graph\">{\"@context\":\"https:\/\/schema.org\",\"@graph\":[{\"@type\":\"Article\",\"@id\":\"https:\/\/www.pressenza.com\/it\/2025\/12\/siamo-in-una-pericolosa-spirale-totalitaria-tra-necropotere-e-morte-dello-stato-di-diritto\/#article\",\"isPartOf\":{\"@id\":\"https:\/\/www.pressenza.com\/it\/2025\/12\/siamo-in-una-pericolosa-spirale-totalitaria-tra-necropotere-e-morte-dello-stato-di-diritto\/\"},\"author\":{\"name\":\"InfoPal\",\"@id\":\"https:\/\/www.pressenza.com\/it\/#\/schema\/person\/065ec90acbc2b44555d79d2c0d62a9e4\"},\"headline\":\"Siamo in una pericolosa spirale totalitaria: tra necropotere e morte dello stato di diritto\",\"datePublished\":\"2025-12-29T09:56:02+00:00\",\"dateModified\":\"2025-12-29T10:12:31+00:00\",\"mainEntityOfPage\":{\"@id\":\"https:\/\/www.pressenza.com\/it\/2025\/12\/siamo-in-una-pericolosa-spirale-totalitaria-tra-necropotere-e-morte-dello-stato-di-diritto\/\"},\"wordCount\":1052,\"publisher\":{\"@id\":\"https:\/\/www.pressenza.com\/it\/#organization\"},\"image\":{\"@id\":\"https:\/\/www.pressenza.com\/it\/2025\/12\/siamo-in-una-pericolosa-spirale-totalitaria-tra-necropotere-e-morte-dello-stato-di-diritto\/#primaryimage\"},\"thumbnailUrl\":\"https:\/\/www.pressenza.com\/wp-content\/uploads\/2013\/06\/114_Libert\u00e0-di-stampa.jpg\",\"keywords\":[\"Angela Lano\",\"Gaza\",\"libert\u00e0 di stampa\"],\"articleSection\":[\"Cultura e Media\",\"Non discriminazione\",\"Opinioni\"],\"inLanguage\":\"it-IT\"},{\"@type\":\"WebPage\",\"@id\":\"https:\/\/www.pressenza.com\/it\/2025\/12\/siamo-in-una-pericolosa-spirale-totalitaria-tra-necropotere-e-morte-dello-stato-di-diritto\/\",\"url\":\"https:\/\/www.pressenza.com\/it\/2025\/12\/siamo-in-una-pericolosa-spirale-totalitaria-tra-necropotere-e-morte-dello-stato-di-diritto\/\",\"name\":\"Siamo in una pericolosa spirale totalitaria: tra necropotere e morte dello stato di diritto\",\"isPartOf\":{\"@id\":\"https:\/\/www.pressenza.com\/it\/#website\"},\"primaryImageOfPage\":{\"@id\":\"https:\/\/www.pressenza.com\/it\/2025\/12\/siamo-in-una-pericolosa-spirale-totalitaria-tra-necropotere-e-morte-dello-stato-di-diritto\/#primaryimage\"},\"image\":{\"@id\":\"https:\/\/www.pressenza.com\/it\/2025\/12\/siamo-in-una-pericolosa-spirale-totalitaria-tra-necropotere-e-morte-dello-stato-di-diritto\/#primaryimage\"},\"thumbnailUrl\":\"https:\/\/www.pressenza.com\/wp-content\/uploads\/2013\/06\/114_Libert\u00e0-di-stampa.jpg\",\"datePublished\":\"2025-12-29T09:56:02+00:00\",\"dateModified\":\"2025-12-29T10:12:31+00:00\",\"description\":\"Da alcuni anni siamo pienamente entrati in una pericolosa spirale totalitaria: operazioni di guerre biologiche; guerra USA-NATO contro la Russia per\",\"breadcrumb\":{\"@id\":\"https:\/\/www.pressenza.com\/it\/2025\/12\/siamo-in-una-pericolosa-spirale-totalitaria-tra-necropotere-e-morte-dello-stato-di-diritto\/#breadcrumb\"},\"inLanguage\":\"it-IT\",\"potentialAction\":[{\"@type\":\"ReadAction\",\"target\":[\"https:\/\/www.pressenza.com\/it\/2025\/12\/siamo-in-una-pericolosa-spirale-totalitaria-tra-necropotere-e-morte-dello-stato-di-diritto\/\"]}]},{\"@type\":\"ImageObject\",\"inLanguage\":\"it-IT\",\"@id\":\"https:\/\/www.pressenza.com\/it\/2025\/12\/siamo-in-una-pericolosa-spirale-totalitaria-tra-necropotere-e-morte-dello-stato-di-diritto\/#primaryimage\",\"url\":\"https:\/\/www.pressenza.com\/wp-content\/uploads\/2013\/06\/114_Libert\u00e0-di-stampa.jpg\",\"contentUrl\":\"https:\/\/www.pressenza.com\/wp-content\/uploads\/2013\/06\/114_Libert\u00e0-di-stampa.jpg\",\"width\":255,\"height\":219},{\"@type\":\"BreadcrumbList\",\"@id\":\"https:\/\/www.pressenza.com\/it\/2025\/12\/siamo-in-una-pericolosa-spirale-totalitaria-tra-necropotere-e-morte-dello-stato-di-diritto\/#breadcrumb\",\"itemListElement\":[{\"@type\":\"ListItem\",\"position\":1,\"name\":\"Accueil\",\"item\":\"https:\/\/www.pressenza.com\/it\/\"},{\"@type\":\"ListItem\",\"position\":2,\"name\":\"Siamo in una pericolosa spirale totalitaria: tra necropotere e morte dello stato di diritto\"}]},{\"@type\":\"WebSite\",\"@id\":\"https:\/\/www.pressenza.com\/it\/#website\",\"url\":\"https:\/\/www.pressenza.com\/it\/\",\"name\":\"Pressenza\",\"description\":\"Agenzia di Stampa Internazionale\",\"publisher\":{\"@id\":\"https:\/\/www.pressenza.com\/it\/#organization\"},\"potentialAction\":[{\"@type\":\"SearchAction\",\"target\":{\"@type\":\"EntryPoint\",\"urlTemplate\":\"https:\/\/www.pressenza.com\/it\/?s={search_term_string}\"},\"query-input\":{\"@type\":\"PropertyValueSpecification\",\"valueRequired\":true,\"valueName\":\"search_term_string\"}}],\"inLanguage\":\"it-IT\"},{\"@type\":\"Organization\",\"@id\":\"https:\/\/www.pressenza.com\/it\/#organization\",\"name\":\"Pressenza\",\"url\":\"https:\/\/www.pressenza.com\/it\/\",\"logo\":{\"@type\":\"ImageObject\",\"inLanguage\":\"it-IT\",\"@id\":\"https:\/\/www.pressenza.com\/it\/#\/schema\/logo\/image\/\",\"url\":\"https:\/\/www.pressenza.com\/wp-content\/uploads\/2022\/10\/pressenza_logo_200x200.jpg\",\"contentUrl\":\"https:\/\/www.pressenza.com\/wp-content\/uploads\/2022\/10\/pressenza_logo_200x200.jpg\",\"width\":200,\"height\":200,\"caption\":\"Pressenza\"},\"image\":{\"@id\":\"https:\/\/www.pressenza.com\/it\/#\/schema\/logo\/image\/\"},\"sameAs\":[\"https:\/\/www.facebook.com\/PressenzaItalia\",\"https:\/\/x.com\/PressenzaIPA\"]},{\"@type\":\"Person\",\"@id\":\"https:\/\/www.pressenza.com\/it\/#\/schema\/person\/065ec90acbc2b44555d79d2c0d62a9e4\",\"name\":\"InfoPal\",\"description\":\"InfoPal.it \u00e8 un\u2019agenzia stampa online che pubblica notizie e informazioni culturali, politiche e sociali sulla Palestina, dirette al mondo della comunicazione giornalistica, della politica, della cultura e dell\u2019associazionismo italiani, a redazioni di quotidiani, riviste, radio e tv, sindacati e partiti, amministrazioni pubbliche e ai semplici navigatori. Si propone di perseguire esclusivamente fini di solidariet\u00e0 e informazione socio-culturale consistenti nella promozione e la tutela dei diritti civili e politici del popolo palestinese. Il fine \u00e8 quello di offrire un servizio d\u2019informazione sulla situazione del popolo palestinese in patria e all\u2019estero, attraverso notizie, inchieste, studi, report, articoli tematici, dati, ricerche, testimonianze giornaliere e documentate in merito al popolo palestinese. Si occupa anche di organizzare eventi, manifestazioni culturali, incontri, seminari, mostre e scambi di natura socio-culturale-sanitaria (attraverso programmi di cooperazione decentrata) aventi come tema la Palestina e i suoi abitanti.\",\"sameAs\":[\"http:\/\/www.infopal.it\"],\"url\":\"https:\/\/www.pressenza.com\/it\/author\/infopal\/\"}]}<\/script>\n<!-- \/ Yoast SEO plugin. -->","yoast_head_json":{"title":"Siamo in una pericolosa spirale totalitaria: tra necropotere e morte dello stato di diritto","description":"Da alcuni anni siamo pienamente entrati in una pericolosa spirale totalitaria: operazioni di guerre biologiche; guerra USA-NATO contro la Russia per","robots":{"index":"index","follow":"follow","max-snippet":"max-snippet:-1","max-image-preview":"max-image-preview:large","max-video-preview":"max-video-preview:-1"},"canonical":"https:\/\/www.pressenza.com\/it\/2025\/12\/siamo-in-una-pericolosa-spirale-totalitaria-tra-necropotere-e-morte-dello-stato-di-diritto\/","og_locale":"it_IT","og_type":"article","og_title":"Siamo in una pericolosa spirale totalitaria: tra necropotere e morte dello stato di diritto","og_description":"Da alcuni anni siamo pienamente entrati in una pericolosa spirale totalitaria: operazioni di guerre biologiche; guerra USA-NATO contro la Russia per","og_url":"https:\/\/www.pressenza.com\/it\/2025\/12\/siamo-in-una-pericolosa-spirale-totalitaria-tra-necropotere-e-morte-dello-stato-di-diritto\/","og_site_name":"Pressenza","article_publisher":"https:\/\/www.facebook.com\/PressenzaItalia","article_published_time":"2025-12-29T09:56:02+00:00","article_modified_time":"2025-12-29T10:12:31+00:00","og_image":[{"width":255,"height":219,"url":"https:\/\/www.pressenza.com\/wp-content\/uploads\/2013\/06\/114_Libert\u00e0-di-stampa.jpg","type":"image\/jpeg"}],"author":"InfoPal","twitter_card":"summary_large_image","twitter_creator":"@PressenzaIPA","twitter_site":"@PressenzaIPA","twitter_misc":{"Scritto da":"InfoPal","Tempo di lettura stimato":"5 minuti"},"schema":{"@context":"https:\/\/schema.org","@graph":[{"@type":"Article","@id":"https:\/\/www.pressenza.com\/it\/2025\/12\/siamo-in-una-pericolosa-spirale-totalitaria-tra-necropotere-e-morte-dello-stato-di-diritto\/#article","isPartOf":{"@id":"https:\/\/www.pressenza.com\/it\/2025\/12\/siamo-in-una-pericolosa-spirale-totalitaria-tra-necropotere-e-morte-dello-stato-di-diritto\/"},"author":{"name":"InfoPal","@id":"https:\/\/www.pressenza.com\/it\/#\/schema\/person\/065ec90acbc2b44555d79d2c0d62a9e4"},"headline":"Siamo in una pericolosa spirale totalitaria: tra necropotere e morte dello stato di diritto","datePublished":"2025-12-29T09:56:02+00:00","dateModified":"2025-12-29T10:12:31+00:00","mainEntityOfPage":{"@id":"https:\/\/www.pressenza.com\/it\/2025\/12\/siamo-in-una-pericolosa-spirale-totalitaria-tra-necropotere-e-morte-dello-stato-di-diritto\/"},"wordCount":1052,"publisher":{"@id":"https:\/\/www.pressenza.com\/it\/#organization"},"image":{"@id":"https:\/\/www.pressenza.com\/it\/2025\/12\/siamo-in-una-pericolosa-spirale-totalitaria-tra-necropotere-e-morte-dello-stato-di-diritto\/#primaryimage"},"thumbnailUrl":"https:\/\/www.pressenza.com\/wp-content\/uploads\/2013\/06\/114_Libert\u00e0-di-stampa.jpg","keywords":["Angela Lano","Gaza","libert\u00e0 di stampa"],"articleSection":["Cultura e Media","Non discriminazione","Opinioni"],"inLanguage":"it-IT"},{"@type":"WebPage","@id":"https:\/\/www.pressenza.com\/it\/2025\/12\/siamo-in-una-pericolosa-spirale-totalitaria-tra-necropotere-e-morte-dello-stato-di-diritto\/","url":"https:\/\/www.pressenza.com\/it\/2025\/12\/siamo-in-una-pericolosa-spirale-totalitaria-tra-necropotere-e-morte-dello-stato-di-diritto\/","name":"Siamo in una pericolosa spirale totalitaria: tra necropotere e morte dello stato di diritto","isPartOf":{"@id":"https:\/\/www.pressenza.com\/it\/#website"},"primaryImageOfPage":{"@id":"https:\/\/www.pressenza.com\/it\/2025\/12\/siamo-in-una-pericolosa-spirale-totalitaria-tra-necropotere-e-morte-dello-stato-di-diritto\/#primaryimage"},"image":{"@id":"https:\/\/www.pressenza.com\/it\/2025\/12\/siamo-in-una-pericolosa-spirale-totalitaria-tra-necropotere-e-morte-dello-stato-di-diritto\/#primaryimage"},"thumbnailUrl":"https:\/\/www.pressenza.com\/wp-content\/uploads\/2013\/06\/114_Libert\u00e0-di-stampa.jpg","datePublished":"2025-12-29T09:56:02+00:00","dateModified":"2025-12-29T10:12:31+00:00","description":"Da alcuni anni siamo pienamente entrati in una pericolosa spirale totalitaria: operazioni di guerre biologiche; guerra USA-NATO contro la Russia per","breadcrumb":{"@id":"https:\/\/www.pressenza.com\/it\/2025\/12\/siamo-in-una-pericolosa-spirale-totalitaria-tra-necropotere-e-morte-dello-stato-di-diritto\/#breadcrumb"},"inLanguage":"it-IT","potentialAction":[{"@type":"ReadAction","target":["https:\/\/www.pressenza.com\/it\/2025\/12\/siamo-in-una-pericolosa-spirale-totalitaria-tra-necropotere-e-morte-dello-stato-di-diritto\/"]}]},{"@type":"ImageObject","inLanguage":"it-IT","@id":"https:\/\/www.pressenza.com\/it\/2025\/12\/siamo-in-una-pericolosa-spirale-totalitaria-tra-necropotere-e-morte-dello-stato-di-diritto\/#primaryimage","url":"https:\/\/www.pressenza.com\/wp-content\/uploads\/2013\/06\/114_Libert\u00e0-di-stampa.jpg","contentUrl":"https:\/\/www.pressenza.com\/wp-content\/uploads\/2013\/06\/114_Libert\u00e0-di-stampa.jpg","width":255,"height":219},{"@type":"BreadcrumbList","@id":"https:\/\/www.pressenza.com\/it\/2025\/12\/siamo-in-una-pericolosa-spirale-totalitaria-tra-necropotere-e-morte-dello-stato-di-diritto\/#breadcrumb","itemListElement":[{"@type":"ListItem","position":1,"name":"Accueil","item":"https:\/\/www.pressenza.com\/it\/"},{"@type":"ListItem","position":2,"name":"Siamo in una pericolosa spirale totalitaria: tra necropotere e morte dello stato di diritto"}]},{"@type":"WebSite","@id":"https:\/\/www.pressenza.com\/it\/#website","url":"https:\/\/www.pressenza.com\/it\/","name":"Pressenza","description":"Agenzia di Stampa Internazionale","publisher":{"@id":"https:\/\/www.pressenza.com\/it\/#organization"},"potentialAction":[{"@type":"SearchAction","target":{"@type":"EntryPoint","urlTemplate":"https:\/\/www.pressenza.com\/it\/?s={search_term_string}"},"query-input":{"@type":"PropertyValueSpecification","valueRequired":true,"valueName":"search_term_string"}}],"inLanguage":"it-IT"},{"@type":"Organization","@id":"https:\/\/www.pressenza.com\/it\/#organization","name":"Pressenza","url":"https:\/\/www.pressenza.com\/it\/","logo":{"@type":"ImageObject","inLanguage":"it-IT","@id":"https:\/\/www.pressenza.com\/it\/#\/schema\/logo\/image\/","url":"https:\/\/www.pressenza.com\/wp-content\/uploads\/2022\/10\/pressenza_logo_200x200.jpg","contentUrl":"https:\/\/www.pressenza.com\/wp-content\/uploads\/2022\/10\/pressenza_logo_200x200.jpg","width":200,"height":200,"caption":"Pressenza"},"image":{"@id":"https:\/\/www.pressenza.com\/it\/#\/schema\/logo\/image\/"},"sameAs":["https:\/\/www.facebook.com\/PressenzaItalia","https:\/\/x.com\/PressenzaIPA"]},{"@type":"Person","@id":"https:\/\/www.pressenza.com\/it\/#\/schema\/person\/065ec90acbc2b44555d79d2c0d62a9e4","name":"InfoPal","description":"InfoPal.it \u00e8 un\u2019agenzia stampa online che pubblica notizie e informazioni culturali, politiche e sociali sulla Palestina, dirette al mondo della comunicazione giornalistica, della politica, della cultura e dell\u2019associazionismo italiani, a redazioni di quotidiani, riviste, radio e tv, sindacati e partiti, amministrazioni pubbliche e ai semplici navigatori. Si propone di perseguire esclusivamente fini di solidariet\u00e0 e informazione socio-culturale consistenti nella promozione e la tutela dei diritti civili e politici del popolo palestinese. Il fine \u00e8 quello di offrire un servizio d\u2019informazione sulla situazione del popolo palestinese in patria e all\u2019estero, attraverso notizie, inchieste, studi, report, articoli tematici, dati, ricerche, testimonianze giornaliere e documentate in merito al popolo palestinese. Si occupa anche di organizzare eventi, manifestazioni culturali, incontri, seminari, mostre e scambi di natura socio-culturale-sanitaria (attraverso programmi di cooperazione decentrata) aventi come tema la Palestina e i suoi abitanti.","sameAs":["http:\/\/www.infopal.it"],"url":"https:\/\/www.pressenza.com\/it\/author\/infopal\/"}]}},"place":"","original_article_url":"https:\/\/www.infopal.it\/siamo-in-una-pericolosa-spirale-totalitaria-tra-necropotere-e-morte-dello-stato-di-diritto\/","_links":{"self":[{"href":"https:\/\/www.pressenza.com\/it\/wp-json\/wp\/v2\/posts\/2664350","targetHints":{"allow":["GET"]}}],"collection":[{"href":"https:\/\/www.pressenza.com\/it\/wp-json\/wp\/v2\/posts"}],"about":[{"href":"https:\/\/www.pressenza.com\/it\/wp-json\/wp\/v2\/types\/post"}],"author":[{"embeddable":true,"href":"https:\/\/www.pressenza.com\/it\/wp-json\/wp\/v2\/users\/1974"}],"replies":[{"embeddable":true,"href":"https:\/\/www.pressenza.com\/it\/wp-json\/wp\/v2\/comments?post=2664350"}],"version-history":[{"count":3,"href":"https:\/\/www.pressenza.com\/it\/wp-json\/wp\/v2\/posts\/2664350\/revisions"}],"predecessor-version":[{"id":2664361,"href":"https:\/\/www.pressenza.com\/it\/wp-json\/wp\/v2\/posts\/2664350\/revisions\/2664361"}],"wp:featuredmedia":[{"embeddable":true,"href":"https:\/\/www.pressenza.com\/it\/wp-json\/wp\/v2\/media\/1899223"}],"wp:attachment":[{"href":"https:\/\/www.pressenza.com\/it\/wp-json\/wp\/v2\/media?parent=2664350"}],"wp:term":[{"taxonomy":"category","embeddable":true,"href":"https:\/\/www.pressenza.com\/it\/wp-json\/wp\/v2\/categories?post=2664350"},{"taxonomy":"post_tag","embeddable":true,"href":"https:\/\/www.pressenza.com\/it\/wp-json\/wp\/v2\/tags?post=2664350"}],"curies":[{"name":"wp","href":"https:\/\/api.w.org\/{rel}","templated":true}]}}