{"id":2663220,"date":"2025-12-23T12:24:33","date_gmt":"2025-12-23T12:24:33","guid":{"rendered":"https:\/\/www.pressenza.com\/?p=2663220"},"modified":"2025-12-23T12:24:33","modified_gmt":"2025-12-23T12:24:33","slug":"violenza-giovanile","status":"publish","type":"post","link":"https:\/\/www.pressenza.com\/it\/2025\/12\/violenza-giovanile\/","title":{"rendered":"La violenza giovanile richiede una risposta di responsabilit\u00e0 collettiva"},"content":{"rendered":"<p>Il Coordinamento Nazionale Docenti della disciplina dei Diritti Umani esprime profonda vicinanza allo studente vittima della grave aggressione avvenuta a Sesto San Giovanni * e alla sua famiglia, condividendo il dolore e lo sgomento che attraversano in queste ore la comunit\u00e0 scolastica e cittadina.<\/p>\n<p>Un <strong>accoltellamento all\u2019uscita da scuola<\/strong> non \u00e8 solo un fatto di cronaca: \u00e8 una frattura simbolica che interroga il nostro presente e chiama tutti \u2013 istituzioni, educatori, famiglie, societ\u00e0 civile \u2013 a una responsabilit\u00e0 collettiva.<\/p>\n<p>Accogliamo con rispetto e attenzione la presa di posizione dei docenti dell\u2019IIS De Nicola, che hanno saputo reagire con parole misurate ma ferme, rifiutando ogni semplificazione e ogni tentativo di delegittimazione della scuola. Difendere l\u2019istituzione scolastica, in questo contesto, non significa negare i problemi, ma riaffermare con forza che la scuola \u00e8 presidio di umanit\u00e0, di legalit\u00e0 e di cura, non terreno di violenza.<\/p>\n<p>La <strong>violenza giovanile<\/strong> non nasce nel vuoto. \u00c8 spesso il risultato di solitudini non intercettate, di fragilit\u00e0 ignorate, di contesti sociali impoveriti di ascolto e di futuro.<\/p>\n<p>Per questo la risposta non pu\u00f2 essere esclusivamente securitaria o emergenziale. Serve, piuttosto, un investimento culturale ed educativo che rimetta al centro la dignit\u00e0 della persona, il valore del dialogo e la responsabilit\u00e0 reciproca.<\/p>\n<p>In questo senso, il <strong>ruolo dei docenti<\/strong> va riconosciuto nella sua dimensione pi\u00f9 autentica: non meri trasmettitori di contenuti, ma adulti di riferimento, capaci di ascolto, di mediazione e di accompagnamento.<\/p>\n<p>Ogni giorno, spesso oltre i confini formali dell\u2019orario scolastico, gli insegnanti si fanno carico di storie complesse, di differenze culturali e religiose, di conflitti interiori che chiedono tempo, competenza e sensibilit\u00e0. \u00c8 qui che l\u2019educazione ai Diritti Umani diventa strumento vivo, capace di prevenire l\u2019odio prima che si trasformi in gesto irreparabile.<\/p>\n<p>Condanniamo senza esitazioni ogni forma di prepotenza, bullismo e violenza, ribadendo che nessuna giustificazione pu\u00f2 essere invocata per negare il diritto fondamentale alla sicurezza e all\u2019incolumit\u00e0 di ciascuno. Ma ribadiamo anche che solo una scuola sostenuta, ascoltata e valorizzata pu\u00f2 essere davvero argine alla deriva della violenza.<\/p>\n<p>Agli studenti va il nostro pensiero pi\u00f9 sincero: crediamo nella vostra capacit\u00e0 di scegliere il rispetto al posto della sopraffazione, la parola al posto del coltello, la cura dell\u2019altro come fondamento della convivenza. La scuola resta e deve restare il luogo in cui anche le ferite pi\u00f9 profonde possono trovare senso, ascolto e possibilit\u00e0 di riscatto.<\/p>\n<p>Il <strong>Coordinamento Nazionale Docenti della disciplina dei Diritti Umani<\/strong> continuer\u00e0 a impegnarsi affinch\u00e9 episodi come quello di Sesto San Giovanni non vengano archiviati come fatalit\u00e0, ma diventino occasione di riflessione e di cambiamento. Perch\u00e9 educare ai Diritti Umani significa, oggi pi\u00f9 che mai, difendere la vita, la dignit\u00e0 e il futuro delle nuove generazioni.<\/p>\n<p style=\"text-align: right;\">Romano Pesavento &#8211;\u00a0presidente CNDDU<\/p>\n<p>&nbsp;<\/p>\n<p>* Un grave episodio di violenza ha sconvolto l\u2019ambiente scolastico e cittadino di <strong>Sesto San Giovanni<\/strong>\u00a0nella mattinata di\u00a0<strong>mercoled\u00ec 17 dicembre<\/strong>.\u00a0Un giovane di 18 anni, studente dell\u2019Istituto di Istruzione Superiore <em>Enrico De Nicola<\/em>,\u00a0\u00e8 stato accoltellato davanti alla scuola, in\u00a0via Saint Denis, da un gruppo di altri giovani che si sono poi dati alla\u00a0fuga &#8211; <a href=\"https:\/\/www.sestonotizie.it\/studente-accoltellato-a-sesto-san-giovanni-i-docenti-fatti-che-non-possono-lasciarci-indifferenti\/\" target=\"_blank\" rel=\"noopener\">SESTO NOTIZIE \/ 19.12.2025<\/a><\/p>\n","protected":false},"excerpt":{"rendered":"<p>Il Coordinamento Nazionale Docenti della disciplina dei Diritti Umani esprime profonda vicinanza allo studente vittima della grave aggressione avvenuta a Sesto San Giovanni * e alla sua famiglia, condividendo il dolore e lo sgomento che attraversano in queste ore la&hellip;<\/p>\n","protected":false},"author":594,"featured_media":2663226,"comment_status":"closed","ping_status":"closed","sticky":false,"template":"","format":"standard","meta":{"footnotes":""},"categories":[150,107392,46975],"tags":[45899],"class_list":["post-2663220","post","type-post","status-publish","format-standard","has-post-thumbnail","hentry","category-comunicati-stampa","category-noticia-it","category-giovani","tag-coordinamento-nazionale-docenti-della-disciplina-dei-diritti-umani"],"yoast_head":"<!-- This site is optimized with the Yoast SEO plugin v27.1.1 - https:\/\/yoast.com\/product\/yoast-seo-wordpress\/ -->\n<title>La violenza giovanile richiede una risposta di responsabilit\u00e0 collettiva<\/title>\n<meta name=\"description\" content=\"Il Coordinamento Nazionale Docenti della disciplina dei Diritti Umani esprime profonda vicinanza allo studente vittima della grave aggressione avvenuta a Il Coordinamento Nazionale Docenti della disciplina dei Diritti Umani esprime profonda vicinanza allo studente vittima della grave aggressione avvenuta il 17 dicembre a Sesto San Giovanni e alla sua famiglia, condividendo il dolore e lo sgomento che attraversano in queste ore la comunit\u00e0 scolastica e cittadina.\" \/>\n<meta name=\"robots\" content=\"index, follow, max-snippet:-1, max-image-preview:large, max-video-preview:-1\" \/>\n<link rel=\"canonical\" href=\"https:\/\/www.pressenza.com\/it\/2025\/12\/violenza-giovanile\/\" \/>\n<meta property=\"og:locale\" content=\"it_IT\" \/>\n<meta property=\"og:type\" content=\"article\" \/>\n<meta property=\"og:title\" content=\"La violenza giovanile richiede una risposta di responsabilit\u00e0 collettiva\" \/>\n<meta property=\"og:description\" content=\"Il Coordinamento Nazionale Docenti della disciplina dei Diritti Umani esprime profonda vicinanza allo studente vittima della grave aggressione avvenuta a Il Coordinamento Nazionale Docenti della disciplina dei Diritti Umani esprime profonda vicinanza allo studente vittima della grave aggressione avvenuta il 17 dicembre a Sesto San Giovanni e alla sua famiglia, condividendo il dolore e lo sgomento che attraversano in queste ore la comunit\u00e0 scolastica e cittadina.\" \/>\n<meta property=\"og:url\" content=\"https:\/\/www.pressenza.com\/it\/2025\/12\/violenza-giovanile\/\" \/>\n<meta property=\"og:site_name\" content=\"Pressenza\" \/>\n<meta property=\"article:publisher\" content=\"https:\/\/www.facebook.com\/PressenzaItalia\" \/>\n<meta property=\"article:author\" content=\"https:\/\/www.facebook.com\/PressenzaItalia\" \/>\n<meta property=\"article:published_time\" content=\"2025-12-23T12:24:33+00:00\" \/>\n<meta property=\"og:image\" content=\"https:\/\/www.pressenza.com\/wp-content\/uploads\/2025\/12\/2cadb6ec0d4c400f1befd42d7225ba0a-image_20190905phf9108-data_e4735180-de47-40b8-9c84-7de9f5353dc0.jpg\" \/>\n\t<meta property=\"og:image:width\" content=\"1024\" \/>\n\t<meta property=\"og:image:height\" content=\"651\" \/>\n\t<meta property=\"og:image:type\" content=\"image\/jpeg\" \/>\n<meta name=\"author\" content=\"Redazione Italia\" \/>\n<meta name=\"twitter:card\" content=\"summary_large_image\" \/>\n<meta name=\"twitter:creator\" content=\"@pressenza_it\" \/>\n<meta name=\"twitter:site\" content=\"@PressenzaIPA\" \/>\n<meta name=\"twitter:label1\" content=\"Scritto da\" \/>\n\t<meta name=\"twitter:data1\" content=\"Redazione Italia\" \/>\n\t<meta name=\"twitter:label2\" content=\"Tempo di lettura stimato\" \/>\n\t<meta name=\"twitter:data2\" content=\"3 minuti\" \/>\n<script type=\"application\/ld+json\" class=\"yoast-schema-graph\">{\"@context\":\"https:\/\/schema.org\",\"@graph\":[{\"@type\":\"Article\",\"@id\":\"https:\/\/www.pressenza.com\/it\/2025\/12\/violenza-giovanile\/#article\",\"isPartOf\":{\"@id\":\"https:\/\/www.pressenza.com\/it\/2025\/12\/violenza-giovanile\/\"},\"author\":{\"name\":\"Redazione Italia\",\"@id\":\"https:\/\/www.pressenza.com\/it\/#\/schema\/person\/d983e81827ae24f2c7b1a2123d197f8d\"},\"headline\":\"La violenza giovanile richiede una risposta di responsabilit\u00e0 collettiva\",\"datePublished\":\"2025-12-23T12:24:33+00:00\",\"mainEntityOfPage\":{\"@id\":\"https:\/\/www.pressenza.com\/it\/2025\/12\/violenza-giovanile\/\"},\"wordCount\":518,\"publisher\":{\"@id\":\"https:\/\/www.pressenza.com\/it\/#organization\"},\"image\":{\"@id\":\"https:\/\/www.pressenza.com\/it\/2025\/12\/violenza-giovanile\/#primaryimage\"},\"thumbnailUrl\":\"https:\/\/www.pressenza.com\/wp-content\/uploads\/2025\/12\/2cadb6ec0d4c400f1befd42d7225ba0a-image_20190905phf9108-data_e4735180-de47-40b8-9c84-7de9f5353dc0.jpg\",\"keywords\":[\"Coordinamento Nazionale Docenti della disciplina dei Diritti Umani\"],\"articleSection\":[\"Comunicati Stampa\",\"Cronaca\",\"Giovani\"],\"inLanguage\":\"it-IT\"},{\"@type\":\"WebPage\",\"@id\":\"https:\/\/www.pressenza.com\/it\/2025\/12\/violenza-giovanile\/\",\"url\":\"https:\/\/www.pressenza.com\/it\/2025\/12\/violenza-giovanile\/\",\"name\":\"La violenza giovanile richiede una risposta di responsabilit\u00e0 collettiva\",\"isPartOf\":{\"@id\":\"https:\/\/www.pressenza.com\/it\/#website\"},\"primaryImageOfPage\":{\"@id\":\"https:\/\/www.pressenza.com\/it\/2025\/12\/violenza-giovanile\/#primaryimage\"},\"image\":{\"@id\":\"https:\/\/www.pressenza.com\/it\/2025\/12\/violenza-giovanile\/#primaryimage\"},\"thumbnailUrl\":\"https:\/\/www.pressenza.com\/wp-content\/uploads\/2025\/12\/2cadb6ec0d4c400f1befd42d7225ba0a-image_20190905phf9108-data_e4735180-de47-40b8-9c84-7de9f5353dc0.jpg\",\"datePublished\":\"2025-12-23T12:24:33+00:00\",\"description\":\"Il Coordinamento Nazionale Docenti della disciplina dei Diritti Umani esprime profonda vicinanza allo studente vittima della grave aggressione avvenuta a Il Coordinamento Nazionale Docenti della disciplina dei Diritti Umani esprime profonda vicinanza allo studente vittima della grave aggressione avvenuta il 17 dicembre a Sesto San Giovanni e alla sua famiglia, condividendo il dolore e lo sgomento che attraversano in queste ore la comunit\u00e0 scolastica e cittadina.\",\"breadcrumb\":{\"@id\":\"https:\/\/www.pressenza.com\/it\/2025\/12\/violenza-giovanile\/#breadcrumb\"},\"inLanguage\":\"it-IT\",\"potentialAction\":[{\"@type\":\"ReadAction\",\"target\":[\"https:\/\/www.pressenza.com\/it\/2025\/12\/violenza-giovanile\/\"]}]},{\"@type\":\"ImageObject\",\"inLanguage\":\"it-IT\",\"@id\":\"https:\/\/www.pressenza.com\/it\/2025\/12\/violenza-giovanile\/#primaryimage\",\"url\":\"https:\/\/www.pressenza.com\/wp-content\/uploads\/2025\/12\/2cadb6ec0d4c400f1befd42d7225ba0a-image_20190905phf9108-data_e4735180-de47-40b8-9c84-7de9f5353dc0.jpg\",\"contentUrl\":\"https:\/\/www.pressenza.com\/wp-content\/uploads\/2025\/12\/2cadb6ec0d4c400f1befd42d7225ba0a-image_20190905phf9108-data_e4735180-de47-40b8-9c84-7de9f5353dc0.jpg\",\"width\":1024,\"height\":651,\"caption\":\"Violenza tra i giovani in Europa: un fenomeno in crescita tra cronaca nera e ricerca del bene \/ ERSAF - 17 giugno 2025\"},{\"@type\":\"BreadcrumbList\",\"@id\":\"https:\/\/www.pressenza.com\/it\/2025\/12\/violenza-giovanile\/#breadcrumb\",\"itemListElement\":[{\"@type\":\"ListItem\",\"position\":1,\"name\":\"Accueil\",\"item\":\"https:\/\/www.pressenza.com\/it\/\"},{\"@type\":\"ListItem\",\"position\":2,\"name\":\"La violenza giovanile richiede una risposta di responsabilit\u00e0 collettiva\"}]},{\"@type\":\"WebSite\",\"@id\":\"https:\/\/www.pressenza.com\/it\/#website\",\"url\":\"https:\/\/www.pressenza.com\/it\/\",\"name\":\"Pressenza\",\"description\":\"Agenzia di Stampa Internazionale\",\"publisher\":{\"@id\":\"https:\/\/www.pressenza.com\/it\/#organization\"},\"potentialAction\":[{\"@type\":\"SearchAction\",\"target\":{\"@type\":\"EntryPoint\",\"urlTemplate\":\"https:\/\/www.pressenza.com\/it\/?s={search_term_string}\"},\"query-input\":{\"@type\":\"PropertyValueSpecification\",\"valueRequired\":true,\"valueName\":\"search_term_string\"}}],\"inLanguage\":\"it-IT\"},{\"@type\":\"Organization\",\"@id\":\"https:\/\/www.pressenza.com\/it\/#organization\",\"name\":\"Pressenza\",\"url\":\"https:\/\/www.pressenza.com\/it\/\",\"logo\":{\"@type\":\"ImageObject\",\"inLanguage\":\"it-IT\",\"@id\":\"https:\/\/www.pressenza.com\/it\/#\/schema\/logo\/image\/\",\"url\":\"https:\/\/www.pressenza.com\/wp-content\/uploads\/2022\/10\/pressenza_logo_200x200.jpg\",\"contentUrl\":\"https:\/\/www.pressenza.com\/wp-content\/uploads\/2022\/10\/pressenza_logo_200x200.jpg\",\"width\":200,\"height\":200,\"caption\":\"Pressenza\"},\"image\":{\"@id\":\"https:\/\/www.pressenza.com\/it\/#\/schema\/logo\/image\/\"},\"sameAs\":[\"https:\/\/www.facebook.com\/PressenzaItalia\",\"https:\/\/x.com\/PressenzaIPA\"]},{\"@type\":\"Person\",\"@id\":\"https:\/\/www.pressenza.com\/it\/#\/schema\/person\/d983e81827ae24f2c7b1a2123d197f8d\",\"name\":\"Redazione Italia\",\"description\":\"News from the Pressenza Bureau in Italy\",\"sameAs\":[\"https:\/\/www.pressenza.com\/it\/author\/redazione-italia\/\",\"https:\/\/www.facebook.com\/PressenzaItalia\",\"https:\/\/www.instagram.com\/pressenza_italia\/\",\"https:\/\/x.com\/pressenza_it\",\"https:\/\/www.youtube.com\/channel\/UCSalEIWjE1RSxkwjfftFuqg\"],\"url\":\"https:\/\/www.pressenza.com\/it\/author\/redazione-italia\/\"}]}<\/script>\n<!-- \/ Yoast SEO plugin. -->","yoast_head_json":{"title":"La violenza giovanile richiede una risposta di responsabilit\u00e0 collettiva","description":"Il Coordinamento Nazionale Docenti della disciplina dei Diritti Umani esprime profonda vicinanza allo studente vittima della grave aggressione avvenuta a Il Coordinamento Nazionale Docenti della disciplina dei Diritti Umani esprime profonda vicinanza allo studente vittima della grave aggressione avvenuta il 17 dicembre a Sesto San Giovanni e alla sua famiglia, condividendo il dolore e lo sgomento che attraversano in queste ore la comunit\u00e0 scolastica e cittadina.","robots":{"index":"index","follow":"follow","max-snippet":"max-snippet:-1","max-image-preview":"max-image-preview:large","max-video-preview":"max-video-preview:-1"},"canonical":"https:\/\/www.pressenza.com\/it\/2025\/12\/violenza-giovanile\/","og_locale":"it_IT","og_type":"article","og_title":"La violenza giovanile richiede una risposta di responsabilit\u00e0 collettiva","og_description":"Il Coordinamento Nazionale Docenti della disciplina dei Diritti Umani esprime profonda vicinanza allo studente vittima della grave aggressione avvenuta a Il Coordinamento Nazionale Docenti della disciplina dei Diritti Umani esprime profonda vicinanza allo studente vittima della grave aggressione avvenuta il 17 dicembre a Sesto San Giovanni e alla sua famiglia, condividendo il dolore e lo sgomento che attraversano in queste ore la comunit\u00e0 scolastica e cittadina.","og_url":"https:\/\/www.pressenza.com\/it\/2025\/12\/violenza-giovanile\/","og_site_name":"Pressenza","article_publisher":"https:\/\/www.facebook.com\/PressenzaItalia","article_author":"https:\/\/www.facebook.com\/PressenzaItalia","article_published_time":"2025-12-23T12:24:33+00:00","og_image":[{"width":1024,"height":651,"url":"https:\/\/www.pressenza.com\/wp-content\/uploads\/2025\/12\/2cadb6ec0d4c400f1befd42d7225ba0a-image_20190905phf9108-data_e4735180-de47-40b8-9c84-7de9f5353dc0.jpg","type":"image\/jpeg"}],"author":"Redazione Italia","twitter_card":"summary_large_image","twitter_creator":"@pressenza_it","twitter_site":"@PressenzaIPA","twitter_misc":{"Scritto da":"Redazione Italia","Tempo di lettura stimato":"3 minuti"},"schema":{"@context":"https:\/\/schema.org","@graph":[{"@type":"Article","@id":"https:\/\/www.pressenza.com\/it\/2025\/12\/violenza-giovanile\/#article","isPartOf":{"@id":"https:\/\/www.pressenza.com\/it\/2025\/12\/violenza-giovanile\/"},"author":{"name":"Redazione Italia","@id":"https:\/\/www.pressenza.com\/it\/#\/schema\/person\/d983e81827ae24f2c7b1a2123d197f8d"},"headline":"La violenza giovanile richiede una risposta di responsabilit\u00e0 collettiva","datePublished":"2025-12-23T12:24:33+00:00","mainEntityOfPage":{"@id":"https:\/\/www.pressenza.com\/it\/2025\/12\/violenza-giovanile\/"},"wordCount":518,"publisher":{"@id":"https:\/\/www.pressenza.com\/it\/#organization"},"image":{"@id":"https:\/\/www.pressenza.com\/it\/2025\/12\/violenza-giovanile\/#primaryimage"},"thumbnailUrl":"https:\/\/www.pressenza.com\/wp-content\/uploads\/2025\/12\/2cadb6ec0d4c400f1befd42d7225ba0a-image_20190905phf9108-data_e4735180-de47-40b8-9c84-7de9f5353dc0.jpg","keywords":["Coordinamento Nazionale Docenti della disciplina dei Diritti Umani"],"articleSection":["Comunicati Stampa","Cronaca","Giovani"],"inLanguage":"it-IT"},{"@type":"WebPage","@id":"https:\/\/www.pressenza.com\/it\/2025\/12\/violenza-giovanile\/","url":"https:\/\/www.pressenza.com\/it\/2025\/12\/violenza-giovanile\/","name":"La violenza giovanile richiede una risposta di responsabilit\u00e0 collettiva","isPartOf":{"@id":"https:\/\/www.pressenza.com\/it\/#website"},"primaryImageOfPage":{"@id":"https:\/\/www.pressenza.com\/it\/2025\/12\/violenza-giovanile\/#primaryimage"},"image":{"@id":"https:\/\/www.pressenza.com\/it\/2025\/12\/violenza-giovanile\/#primaryimage"},"thumbnailUrl":"https:\/\/www.pressenza.com\/wp-content\/uploads\/2025\/12\/2cadb6ec0d4c400f1befd42d7225ba0a-image_20190905phf9108-data_e4735180-de47-40b8-9c84-7de9f5353dc0.jpg","datePublished":"2025-12-23T12:24:33+00:00","description":"Il Coordinamento Nazionale Docenti della disciplina dei Diritti Umani esprime profonda vicinanza allo studente vittima della grave aggressione avvenuta a Il Coordinamento Nazionale Docenti della disciplina dei Diritti Umani esprime profonda vicinanza allo studente vittima della grave aggressione avvenuta il 17 dicembre a Sesto San Giovanni e alla sua famiglia, condividendo il dolore e lo sgomento che attraversano in queste ore la comunit\u00e0 scolastica e cittadina.","breadcrumb":{"@id":"https:\/\/www.pressenza.com\/it\/2025\/12\/violenza-giovanile\/#breadcrumb"},"inLanguage":"it-IT","potentialAction":[{"@type":"ReadAction","target":["https:\/\/www.pressenza.com\/it\/2025\/12\/violenza-giovanile\/"]}]},{"@type":"ImageObject","inLanguage":"it-IT","@id":"https:\/\/www.pressenza.com\/it\/2025\/12\/violenza-giovanile\/#primaryimage","url":"https:\/\/www.pressenza.com\/wp-content\/uploads\/2025\/12\/2cadb6ec0d4c400f1befd42d7225ba0a-image_20190905phf9108-data_e4735180-de47-40b8-9c84-7de9f5353dc0.jpg","contentUrl":"https:\/\/www.pressenza.com\/wp-content\/uploads\/2025\/12\/2cadb6ec0d4c400f1befd42d7225ba0a-image_20190905phf9108-data_e4735180-de47-40b8-9c84-7de9f5353dc0.jpg","width":1024,"height":651,"caption":"Violenza tra i giovani in Europa: un fenomeno in crescita tra cronaca nera e ricerca del bene \/ ERSAF - 17 giugno 2025"},{"@type":"BreadcrumbList","@id":"https:\/\/www.pressenza.com\/it\/2025\/12\/violenza-giovanile\/#breadcrumb","itemListElement":[{"@type":"ListItem","position":1,"name":"Accueil","item":"https:\/\/www.pressenza.com\/it\/"},{"@type":"ListItem","position":2,"name":"La violenza giovanile richiede una risposta di responsabilit\u00e0 collettiva"}]},{"@type":"WebSite","@id":"https:\/\/www.pressenza.com\/it\/#website","url":"https:\/\/www.pressenza.com\/it\/","name":"Pressenza","description":"Agenzia di Stampa Internazionale","publisher":{"@id":"https:\/\/www.pressenza.com\/it\/#organization"},"potentialAction":[{"@type":"SearchAction","target":{"@type":"EntryPoint","urlTemplate":"https:\/\/www.pressenza.com\/it\/?s={search_term_string}"},"query-input":{"@type":"PropertyValueSpecification","valueRequired":true,"valueName":"search_term_string"}}],"inLanguage":"it-IT"},{"@type":"Organization","@id":"https:\/\/www.pressenza.com\/it\/#organization","name":"Pressenza","url":"https:\/\/www.pressenza.com\/it\/","logo":{"@type":"ImageObject","inLanguage":"it-IT","@id":"https:\/\/www.pressenza.com\/it\/#\/schema\/logo\/image\/","url":"https:\/\/www.pressenza.com\/wp-content\/uploads\/2022\/10\/pressenza_logo_200x200.jpg","contentUrl":"https:\/\/www.pressenza.com\/wp-content\/uploads\/2022\/10\/pressenza_logo_200x200.jpg","width":200,"height":200,"caption":"Pressenza"},"image":{"@id":"https:\/\/www.pressenza.com\/it\/#\/schema\/logo\/image\/"},"sameAs":["https:\/\/www.facebook.com\/PressenzaItalia","https:\/\/x.com\/PressenzaIPA"]},{"@type":"Person","@id":"https:\/\/www.pressenza.com\/it\/#\/schema\/person\/d983e81827ae24f2c7b1a2123d197f8d","name":"Redazione Italia","description":"News from the Pressenza Bureau in Italy","sameAs":["https:\/\/www.pressenza.com\/it\/author\/redazione-italia\/","https:\/\/www.facebook.com\/PressenzaItalia","https:\/\/www.instagram.com\/pressenza_italia\/","https:\/\/x.com\/pressenza_it","https:\/\/www.youtube.com\/channel\/UCSalEIWjE1RSxkwjfftFuqg"],"url":"https:\/\/www.pressenza.com\/it\/author\/redazione-italia\/"}]}},"place":"","original_article_url":"","_links":{"self":[{"href":"https:\/\/www.pressenza.com\/it\/wp-json\/wp\/v2\/posts\/2663220","targetHints":{"allow":["GET"]}}],"collection":[{"href":"https:\/\/www.pressenza.com\/it\/wp-json\/wp\/v2\/posts"}],"about":[{"href":"https:\/\/www.pressenza.com\/it\/wp-json\/wp\/v2\/types\/post"}],"author":[{"embeddable":true,"href":"https:\/\/www.pressenza.com\/it\/wp-json\/wp\/v2\/users\/594"}],"replies":[{"embeddable":true,"href":"https:\/\/www.pressenza.com\/it\/wp-json\/wp\/v2\/comments?post=2663220"}],"version-history":[{"count":3,"href":"https:\/\/www.pressenza.com\/it\/wp-json\/wp\/v2\/posts\/2663220\/revisions"}],"predecessor-version":[{"id":2663229,"href":"https:\/\/www.pressenza.com\/it\/wp-json\/wp\/v2\/posts\/2663220\/revisions\/2663229"}],"wp:featuredmedia":[{"embeddable":true,"href":"https:\/\/www.pressenza.com\/it\/wp-json\/wp\/v2\/media\/2663226"}],"wp:attachment":[{"href":"https:\/\/www.pressenza.com\/it\/wp-json\/wp\/v2\/media?parent=2663220"}],"wp:term":[{"taxonomy":"category","embeddable":true,"href":"https:\/\/www.pressenza.com\/it\/wp-json\/wp\/v2\/categories?post=2663220"},{"taxonomy":"post_tag","embeddable":true,"href":"https:\/\/www.pressenza.com\/it\/wp-json\/wp\/v2\/tags?post=2663220"}],"curies":[{"name":"wp","href":"https:\/\/api.w.org\/{rel}","templated":true}]}}