{"id":2662344,"date":"2025-12-18T17:04:48","date_gmt":"2025-12-18T17:04:48","guid":{"rendered":"https:\/\/www.pressenza.com\/?p=2662344"},"modified":"2025-12-18T17:04:48","modified_gmt":"2025-12-18T17:04:48","slug":"camminare-accanto-ai-nomi-di-gaza","status":"publish","type":"post","link":"https:\/\/www.pressenza.com\/it\/2025\/12\/camminare-accanto-ai-nomi-di-gaza\/","title":{"rendered":"Camminare accanto ai nomi di Gaza"},"content":{"rendered":"<p><strong>Da Brescia a Cremona, la memoria civile che prende forma<\/strong><\/p>\n<p>Ci sono giorni in cui una citt\u00e0 continua la sua vita come sempre e, nel frattempo, senza interrompersi, accoglie qualcosa che la attraversa e la rende diversa. Il 29 novembre, Brescia ha visto passare un corteo silenzioso, un fiume bianco di memoria che ha portato in cammino ventimila nomi, i bambini e le bambine uccisi a Gaza. Quando queste righe arrivano al lettore, siamo gi\u00e0 a met\u00e0 dicembre. Entrambe le iniziative di cui si parla si sono compiute. La prima a Brescia, in un sabato pomeriggio di fine novembre. La seconda a Cremona, l\u20198 dicembre, nel cuore della piazza del Comune, dall\u2019alba fino a sera. \u00c8 passato qualche tempo, ma ci\u00f2 che \u00e8 accaduto non appartiene a una data soltanto. Appartiene a una coscienza collettiva che continua a muoversi, a interrogare, a chiedere pace, anche quando l\u2019attenzione pubblica si \u00e8 gi\u00e0 spostata altrove. La vita cittadina proseguiva, negozi aperti, famiglie in uscita, persone in movimento. Eppure, ovunque il corteo \u00e8 passato, gli sguardi si sono posati su di noi con rispetto, con un\u2019attenzione che non aveva bisogno di parole. Quello sguardo, pi\u00f9 di qualsiasi silenzio totale, ha dato forza al cammino.<\/p>\n<p><strong>Dal Mo.Ca a Campo Marte: la memoria che cambia forma<\/strong><\/p>\n<p>L\u2019iniziativa nasce come naturale prosecuzione dell\u2019installazione esposta al Mo.Ca, coordinata da Francesca Di Modica insieme alle insegnanti dei nidi e delle scuole dell\u2019infanzia comunali di Brescia, dove fino al 23 novembre erano state raccolte ventimila strisce bianche, ventimila nomi e ventimila vite spezzate. Dopo giorni trascorsi sulle pareti del museo, quei nomi avevano bisogno di uscire dal chiuso, di essere affidati alle persone, di camminare sulle nostre gambe. Di ritrovare l\u2019aria, il cielo, lo spazio aperto.<\/p>\n<p><strong>Campo Marte: il miracolo di un gesto perfetto<\/strong><\/p>\n<p>All\u2019inizio, nel prato di Campo Marte, sembravamo pochi. Le strisce bianche erano adagiate sull\u2019erba verde come un grande respiro trattenuto. Ci chiedevamo se saremmo riusciti a portarle tutte, senza confusione. Poi il segnale: sollevatele. E in un solo istante \u00e8 accaduto qualcosa che non si pu\u00f2 spiegare, ma solo vedere. Centinaia di mani, senza prove, senza comandi, hanno sollevato insieme ventimila nomi da terra. Il sole illuminava le dita che tiravano i fili verso l\u2019alto. Avrei voluto l\u00ec accanto il pi\u00f9 grande regista del mondo: la scena era perfetta, di una delicatezza e una bravura che non si fingono. \u00c8 stato un brivido collettivo, uno di quei momenti che non si dimenticano. Da quel gesto \u00e8 nato il corteo, un serpentone bianco, ordinato, lunghissimo, guidato da un\u2019armonia naturale.<strong>\u00a0<\/strong><\/p>\n<p><strong>Un corteo laico, un rito civile<\/strong><\/p>\n<p>Il corteo \u00e8 avanzato come un rito antico, come un funerale laico. Una processione civile che ricordava i Venerd\u00ec Santo del Sud, non per religiosit\u00e0, ma per la gravit\u00e0 del passo, per il dolore condiviso che veniva portato sulle spalle. Le forze dell\u2019ordine, polizia, carabinieri, Digos, accompagnavano l\u2019iniziativa con una protezione solenne e rispettosa. Una scorta che solitamente si riserva alle autorit\u00e0. E quel giorno, le personalit\u00e0 importanti erano loro, i nomi.<\/p>\n<p><strong>La citt\u00e0 che guarda<\/strong><\/p>\n<p>La citt\u00e0 non si \u00e8 fermata del tutto, e non era necessario che lo facesse. \u00c8 bastato che ci vedesse. Attraversando il centro storico, le vie strette, le piazze luminose, le pietre antiche, la vita quotidiana si intrecciava al nostro passaggio. Persone che rallentavano, che si voltavano, che seguivano con lo sguardo quel bianco in cammino. Qualcuno si \u00e8 fermato, qualcuno si \u00e8 unito per un tratto, qualcuno si \u00e8 fatto serio. \u00c8 stato un silenzio diverso, un silenzio di rispetto, quello che nasce quando si comprende, anche solo per un istante, che ci\u00f2 che passa riguarda l\u2019umanit\u00e0 intera.<\/p>\n<p><strong>La foto che resta: la mano della bambina<\/strong><\/p>\n<p>Tra tutte le immagini, una continua a tornarmi alla mente. Una mamma che avanza tenendo la mano della sua bambina, e accanto a loro un pap\u00e0 che spinge la carrozzina. Insieme sorreggono la striscia da cui pendono i nomi. In quella mano piccola custodita in una mano grande c\u2019\u00e8 tutto, la vita che cresce, la vita che guida, la vita che non c\u2019\u00e8 pi\u00f9. Una famiglia viva che cammina tra le famiglie spezzate. Un\u2019immagine che non si dimentica.<\/p>\n<p><strong>Piazza Duomo: un Hallelujah inatteso<\/strong><\/p>\n<p>All\u2019ingresso in Piazza Duomo, la luce del pomeriggio si piegava sul marmo e la luna era gi\u00e0 visibile. Un chitarrista, l\u00ec per conto suo, ha iniziato a cantare Hallelujah. Un canto non previsto, nato per caso, ma perfetto. Le note si sono intrecciate al corteo come se fossero state attese. Dopo il canto sono intervenuti Francesca Di Modica, Emanuela De Rocco e Sara Girelli della rete La Scuola per la Palestina, Lyas Ashkar, Consigliere comunale di Brescia, e un rappresentante del Movimento Nonviolento. Interventi brevi, misurati, rispettosi.<strong>\u00a0<\/strong><\/p>\n<p><strong>Il ritorno nel buio: piegare la memoria<\/strong><\/p>\n<p>Finito il corteo, nessuno \u00e8 andato via. Siamo tornati insieme verso Campo Marte. La notte era scesa, i lampioni illuminavano il prato. Le maestre, gli educatori, i volontari ripiegavano le strisce una a una, con lentezza e cura. Un gesto semplice, quasi materno: rimettere al sicuro ci\u00f2 che fragile \u00e8 e fragile rimane. Le scatole, a quel punto, erano pronte a partire. L\u2019installazione sarebbe diventata itinerante, richiesta da altre citt\u00e0. Perch\u00e9 la memoria deve camminare, non restare ferma.<\/p>\n<p><strong>Non lasciarli soli<\/strong><\/p>\n<p>Nell\u2019annuncio della manifestazione c\u2019era scritto: \u00abLi accompagneremo idealmente per le vie del centro, per non lasciarli soli ancora una volta\u00bb.<\/p>\n<p>E cos\u00ec \u00e8 stato. Abbiamo camminato accanto ai loro nomi per dire che non erano numeri, non erano statistiche, non erano un elenco. Erano bambini. Erano persone. Erano futuro negato.<\/p>\n<p><img loading=\"lazy\" decoding=\"async\" class=\"alignnone wp-image-2662346 size-full\" src=\"https:\/\/www.pressenza.com\/wp-content\/uploads\/2025\/12\/Foto-articolo-Bartolomeo-Manno-x-Gaza-2.jpg\" alt=\"\" width=\"1142\" height=\"1039\" srcset=\"https:\/\/www.pressenza.com\/wp-content\/uploads\/2025\/12\/Foto-articolo-Bartolomeo-Manno-x-Gaza-2.jpg 1142w, https:\/\/www.pressenza.com\/wp-content\/uploads\/2025\/12\/Foto-articolo-Bartolomeo-Manno-x-Gaza-2-300x273.jpg 300w, https:\/\/www.pressenza.com\/wp-content\/uploads\/2025\/12\/Foto-articolo-Bartolomeo-Manno-x-Gaza-2-820x746.jpg 820w\" sizes=\"auto, (max-width: 1142px) 100vw, 1142px\" \/><\/p>\n<p>Brescia<\/p>\n<p><strong>Cremona, 8 dicembre: le scarpe, il \u201cmare immobile\u201d, la stessa urgenza<\/strong><\/p>\n<p>A distanza di pochi giorni, l\u20198 dicembre, un\u2019altra citt\u00e0 lombarda ha raccolto quel gesto e lo ha tradotto in una forma diversa. A Cremona, in Piazza del Comune, \u00e8 stata allestita un\u2019installazione collettiva intitolata \u201cQuanti sono 20.000 bambini?\u201d visibile dalle 8 del mattino fino alle 19.30.<\/p>\n<p>L\u00ec non sono stati i nomi a camminare. Sono state le scarpe a parlare. Centinaia di paia disposte con ordine sul selciato, un \u201cmare immobile\u201d che rendeva visibile l\u2019assenza. Anche questa iniziativa \u00e8 stata promossa dal gruppo di docenti La Scuola per la Palestina, con il patrocinio dell\u2019amministrazione comunale e la collaborazione della Tavola per la Pace e di altre realt\u00e0 associative del territorio, tra cui ALAC \u2013 Associazione Latinoamericana di Cremona. L\u2019idea, maturata nel lavoro di rete, \u00e8 stata resa possibile anche grazie all\u2019impegno di insegnanti come Chiara Beccari, Josita Bassani e Luisa Zanacchi, insieme ad altri volontari.<\/p>\n<p>Dal Bresciano sono arrivate 1.593 scarpette, raccolte in punti diversi, tra la Casa della Sinistra, il Lago di Garda, la Franciacorta, i Missionari Saveriani e Ospitaletto. Scarpe di ogni tipo e misura: stivaletti da pioggia, scarpette da montagna, calzine, scarpe per i bambini pi\u00f9 piccoli. Ogni paio, un bambino o una bambina uccisi. Al termine della giornata, le scarpe sono state destinate alla beneficenza. Un modo per provare a trasformare la memoria in gesto concreto, senza confondere il simbolo con la soluzione, ma senza rinunciare alla responsabilit\u00e0. Quando questo reportage esce, il tempo delle festivit\u00e0 rischia di rendere tutto pi\u00f9 lontano. E invece le notizie che arrivano dai conflitti in corso non sono incoraggianti. Si soffre ancora in Palestina e a Gaza, in Ucraina, in Sudan. L\u2019inverno si aggiunge al dramma delle guerre. Non \u00e8 il tempo delle illusioni. \u00c8 per\u00f2 il tempo della lucidit\u00e0. Anche perch\u00e9 il mondo \u00e8 attraversato oggi da quasi sessanta conflitti armati, e questa cifra, da sola, dovrebbe impedirci ogni assuefazione. Brescia ha camminato accanto ai nomi. Cremona ha reso visibili le assenze. Due gesti diversi, un\u2019unica responsabilit\u00e0: non normalizzare, non voltarsi, non lasciare soli i bambini, nemmeno dopo. Restano, pi\u00f9 vere di tutto, le parole della maestra e amica Francesca Di Modica: \u00abNon sono solo numeri. Sono bambini, bambine, ragazzi, ragazze, famiglie, persone\u00bb. E questo, oggi come allora, riguarda tutti.<\/p>\n<p><img loading=\"lazy\" decoding=\"async\" class=\"alignnone wp-image-2662345 size-full\" src=\"https:\/\/www.pressenza.com\/wp-content\/uploads\/2025\/12\/Foto-articolo-Bartolomeo-Manno-x-Gaza-Cremona.jpg\" alt=\"\" width=\"1586\" height=\"1041\" srcset=\"https:\/\/www.pressenza.com\/wp-content\/uploads\/2025\/12\/Foto-articolo-Bartolomeo-Manno-x-Gaza-Cremona.jpg 1586w, https:\/\/www.pressenza.com\/wp-content\/uploads\/2025\/12\/Foto-articolo-Bartolomeo-Manno-x-Gaza-Cremona-300x197.jpg 300w, https:\/\/www.pressenza.com\/wp-content\/uploads\/2025\/12\/Foto-articolo-Bartolomeo-Manno-x-Gaza-Cremona-820x538.jpg 820w\" sizes=\"auto, (max-width: 1586px) 100vw, 1586px\" \/><\/p>\n<p>Cremona<\/p>\n","protected":false},"excerpt":{"rendered":"<p>Da Brescia a Cremona, la memoria civile che prende forma Ci sono giorni in cui una citt\u00e0 continua la sua vita come sempre e, nel frattempo, senza interrompersi, accoglie qualcosa che la attraversa e la rende diversa. Il 29 novembre,&hellip;<\/p>\n","protected":false},"author":594,"featured_media":2662348,"comment_status":"closed","ping_status":"closed","sticky":false,"template":"","format":"standard","meta":{"footnotes":""},"categories":[107392,60,47,52],"tags":[3893,6022,39716,148439,1005,1628],"class_list":["post-2662344","post","type-post","status-publish","format-standard","has-post-thumbnail","hentry","category-noticia-it","category-diritti-umani","category-europa","category-medio-oriente","tag-bambini","tag-brescia","tag-cremona","tag-docenti-la-scuola-per-la-palestina","tag-gaza","tag-manifestazioni"],"yoast_head":"<!-- This site is optimized with the Yoast SEO plugin v27.1.1 - https:\/\/yoast.com\/product\/yoast-seo-wordpress\/ -->\n<title>Camminare accanto ai nomi di Gaza<\/title>\n<meta name=\"description\" content=\"Da Brescia a Cremona, la memoria civile che prende forma Ci sono giorni in cui una citt\u00e0 continua la sua vita come sempre e, nel frattempo, senza\" \/>\n<meta name=\"robots\" content=\"index, follow, max-snippet:-1, max-image-preview:large, max-video-preview:-1\" \/>\n<link rel=\"canonical\" href=\"https:\/\/www.pressenza.com\/it\/2025\/12\/camminare-accanto-ai-nomi-di-gaza\/\" \/>\n<meta property=\"og:locale\" content=\"it_IT\" \/>\n<meta property=\"og:type\" content=\"article\" \/>\n<meta property=\"og:title\" content=\"Camminare accanto ai nomi di Gaza\" \/>\n<meta property=\"og:description\" content=\"Da Brescia a Cremona, la memoria civile che prende forma Ci sono giorni in cui una citt\u00e0 continua la sua vita come sempre e, nel frattempo, senza\" \/>\n<meta property=\"og:url\" content=\"https:\/\/www.pressenza.com\/it\/2025\/12\/camminare-accanto-ai-nomi-di-gaza\/\" \/>\n<meta property=\"og:site_name\" content=\"Pressenza\" \/>\n<meta property=\"article:publisher\" content=\"https:\/\/www.facebook.com\/PressenzaItalia\" \/>\n<meta property=\"article:author\" content=\"https:\/\/www.facebook.com\/PressenzaItalia\" \/>\n<meta property=\"article:published_time\" content=\"2025-12-18T17:04:48+00:00\" \/>\n<meta property=\"og:image\" content=\"https:\/\/www.pressenza.com\/wp-content\/uploads\/2025\/12\/Foto-articolo-Bartolomeo-Manno-x-Gaza-rit.jpg\" \/>\n\t<meta property=\"og:image:width\" content=\"900\" \/>\n\t<meta property=\"og:image:height\" content=\"750\" \/>\n\t<meta property=\"og:image:type\" content=\"image\/jpeg\" \/>\n<meta name=\"author\" content=\"Redazione Italia\" \/>\n<meta name=\"twitter:card\" content=\"summary_large_image\" \/>\n<meta name=\"twitter:creator\" content=\"@pressenza_it\" \/>\n<meta name=\"twitter:site\" content=\"@PressenzaIPA\" \/>\n<meta name=\"twitter:label1\" content=\"Scritto da\" \/>\n\t<meta name=\"twitter:data1\" content=\"Redazione Italia\" \/>\n\t<meta name=\"twitter:label2\" content=\"Tempo di lettura stimato\" \/>\n\t<meta name=\"twitter:data2\" content=\"8 minuti\" \/>\n<script type=\"application\/ld+json\" class=\"yoast-schema-graph\">{\"@context\":\"https:\/\/schema.org\",\"@graph\":[{\"@type\":\"Article\",\"@id\":\"https:\/\/www.pressenza.com\/it\/2025\/12\/camminare-accanto-ai-nomi-di-gaza\/#article\",\"isPartOf\":{\"@id\":\"https:\/\/www.pressenza.com\/it\/2025\/12\/camminare-accanto-ai-nomi-di-gaza\/\"},\"author\":{\"name\":\"Redazione Italia\",\"@id\":\"https:\/\/www.pressenza.com\/it\/#\/schema\/person\/d983e81827ae24f2c7b1a2123d197f8d\"},\"headline\":\"Camminare accanto ai nomi di Gaza\",\"datePublished\":\"2025-12-18T17:04:48+00:00\",\"mainEntityOfPage\":{\"@id\":\"https:\/\/www.pressenza.com\/it\/2025\/12\/camminare-accanto-ai-nomi-di-gaza\/\"},\"wordCount\":1308,\"publisher\":{\"@id\":\"https:\/\/www.pressenza.com\/it\/#organization\"},\"image\":{\"@id\":\"https:\/\/www.pressenza.com\/it\/2025\/12\/camminare-accanto-ai-nomi-di-gaza\/#primaryimage\"},\"thumbnailUrl\":\"https:\/\/www.pressenza.com\/wp-content\/uploads\/2025\/12\/Foto-articolo-Bartolomeo-Manno-x-Gaza-rit.jpg\",\"keywords\":[\"bambini\",\"Brescia\",\"Cremona\",\"docenti La Scuola per la Palestina\",\"Gaza\",\"manifestazioni\"],\"articleSection\":[\"Cronaca\",\"Diritti Umani\",\"Europa\",\"Medio Oriente\"],\"inLanguage\":\"it-IT\"},{\"@type\":\"WebPage\",\"@id\":\"https:\/\/www.pressenza.com\/it\/2025\/12\/camminare-accanto-ai-nomi-di-gaza\/\",\"url\":\"https:\/\/www.pressenza.com\/it\/2025\/12\/camminare-accanto-ai-nomi-di-gaza\/\",\"name\":\"Camminare accanto ai nomi di Gaza\",\"isPartOf\":{\"@id\":\"https:\/\/www.pressenza.com\/it\/#website\"},\"primaryImageOfPage\":{\"@id\":\"https:\/\/www.pressenza.com\/it\/2025\/12\/camminare-accanto-ai-nomi-di-gaza\/#primaryimage\"},\"image\":{\"@id\":\"https:\/\/www.pressenza.com\/it\/2025\/12\/camminare-accanto-ai-nomi-di-gaza\/#primaryimage\"},\"thumbnailUrl\":\"https:\/\/www.pressenza.com\/wp-content\/uploads\/2025\/12\/Foto-articolo-Bartolomeo-Manno-x-Gaza-rit.jpg\",\"datePublished\":\"2025-12-18T17:04:48+00:00\",\"description\":\"Da Brescia a Cremona, la memoria civile che prende forma Ci sono giorni in cui una citt\u00e0 continua la sua vita come sempre e, nel frattempo, senza\",\"breadcrumb\":{\"@id\":\"https:\/\/www.pressenza.com\/it\/2025\/12\/camminare-accanto-ai-nomi-di-gaza\/#breadcrumb\"},\"inLanguage\":\"it-IT\",\"potentialAction\":[{\"@type\":\"ReadAction\",\"target\":[\"https:\/\/www.pressenza.com\/it\/2025\/12\/camminare-accanto-ai-nomi-di-gaza\/\"]}]},{\"@type\":\"ImageObject\",\"inLanguage\":\"it-IT\",\"@id\":\"https:\/\/www.pressenza.com\/it\/2025\/12\/camminare-accanto-ai-nomi-di-gaza\/#primaryimage\",\"url\":\"https:\/\/www.pressenza.com\/wp-content\/uploads\/2025\/12\/Foto-articolo-Bartolomeo-Manno-x-Gaza-rit.jpg\",\"contentUrl\":\"https:\/\/www.pressenza.com\/wp-content\/uploads\/2025\/12\/Foto-articolo-Bartolomeo-Manno-x-Gaza-rit.jpg\",\"width\":900,\"height\":750},{\"@type\":\"BreadcrumbList\",\"@id\":\"https:\/\/www.pressenza.com\/it\/2025\/12\/camminare-accanto-ai-nomi-di-gaza\/#breadcrumb\",\"itemListElement\":[{\"@type\":\"ListItem\",\"position\":1,\"name\":\"Accueil\",\"item\":\"https:\/\/www.pressenza.com\/it\/\"},{\"@type\":\"ListItem\",\"position\":2,\"name\":\"Camminare accanto ai nomi di Gaza\"}]},{\"@type\":\"WebSite\",\"@id\":\"https:\/\/www.pressenza.com\/it\/#website\",\"url\":\"https:\/\/www.pressenza.com\/it\/\",\"name\":\"Pressenza\",\"description\":\"Agenzia di Stampa Internazionale\",\"publisher\":{\"@id\":\"https:\/\/www.pressenza.com\/it\/#organization\"},\"potentialAction\":[{\"@type\":\"SearchAction\",\"target\":{\"@type\":\"EntryPoint\",\"urlTemplate\":\"https:\/\/www.pressenza.com\/it\/?s={search_term_string}\"},\"query-input\":{\"@type\":\"PropertyValueSpecification\",\"valueRequired\":true,\"valueName\":\"search_term_string\"}}],\"inLanguage\":\"it-IT\"},{\"@type\":\"Organization\",\"@id\":\"https:\/\/www.pressenza.com\/it\/#organization\",\"name\":\"Pressenza\",\"url\":\"https:\/\/www.pressenza.com\/it\/\",\"logo\":{\"@type\":\"ImageObject\",\"inLanguage\":\"it-IT\",\"@id\":\"https:\/\/www.pressenza.com\/it\/#\/schema\/logo\/image\/\",\"url\":\"https:\/\/www.pressenza.com\/wp-content\/uploads\/2022\/10\/pressenza_logo_200x200.jpg\",\"contentUrl\":\"https:\/\/www.pressenza.com\/wp-content\/uploads\/2022\/10\/pressenza_logo_200x200.jpg\",\"width\":200,\"height\":200,\"caption\":\"Pressenza\"},\"image\":{\"@id\":\"https:\/\/www.pressenza.com\/it\/#\/schema\/logo\/image\/\"},\"sameAs\":[\"https:\/\/www.facebook.com\/PressenzaItalia\",\"https:\/\/x.com\/PressenzaIPA\"]},{\"@type\":\"Person\",\"@id\":\"https:\/\/www.pressenza.com\/it\/#\/schema\/person\/d983e81827ae24f2c7b1a2123d197f8d\",\"name\":\"Redazione Italia\",\"description\":\"News from the Pressenza Bureau in Italy\",\"sameAs\":[\"https:\/\/www.pressenza.com\/it\/author\/redazione-italia\/\",\"https:\/\/www.facebook.com\/PressenzaItalia\",\"https:\/\/www.instagram.com\/pressenza_italia\/\",\"https:\/\/x.com\/pressenza_it\",\"https:\/\/www.youtube.com\/channel\/UCSalEIWjE1RSxkwjfftFuqg\"],\"url\":\"https:\/\/www.pressenza.com\/it\/author\/redazione-italia\/\"}]}<\/script>\n<!-- \/ Yoast SEO plugin. -->","yoast_head_json":{"title":"Camminare accanto ai nomi di Gaza","description":"Da Brescia a Cremona, la memoria civile che prende forma Ci sono giorni in cui una citt\u00e0 continua la sua vita come sempre e, nel frattempo, senza","robots":{"index":"index","follow":"follow","max-snippet":"max-snippet:-1","max-image-preview":"max-image-preview:large","max-video-preview":"max-video-preview:-1"},"canonical":"https:\/\/www.pressenza.com\/it\/2025\/12\/camminare-accanto-ai-nomi-di-gaza\/","og_locale":"it_IT","og_type":"article","og_title":"Camminare accanto ai nomi di Gaza","og_description":"Da Brescia a Cremona, la memoria civile che prende forma Ci sono giorni in cui una citt\u00e0 continua la sua vita come sempre e, nel frattempo, senza","og_url":"https:\/\/www.pressenza.com\/it\/2025\/12\/camminare-accanto-ai-nomi-di-gaza\/","og_site_name":"Pressenza","article_publisher":"https:\/\/www.facebook.com\/PressenzaItalia","article_author":"https:\/\/www.facebook.com\/PressenzaItalia","article_published_time":"2025-12-18T17:04:48+00:00","og_image":[{"width":900,"height":750,"url":"https:\/\/www.pressenza.com\/wp-content\/uploads\/2025\/12\/Foto-articolo-Bartolomeo-Manno-x-Gaza-rit.jpg","type":"image\/jpeg"}],"author":"Redazione Italia","twitter_card":"summary_large_image","twitter_creator":"@pressenza_it","twitter_site":"@PressenzaIPA","twitter_misc":{"Scritto da":"Redazione Italia","Tempo di lettura stimato":"8 minuti"},"schema":{"@context":"https:\/\/schema.org","@graph":[{"@type":"Article","@id":"https:\/\/www.pressenza.com\/it\/2025\/12\/camminare-accanto-ai-nomi-di-gaza\/#article","isPartOf":{"@id":"https:\/\/www.pressenza.com\/it\/2025\/12\/camminare-accanto-ai-nomi-di-gaza\/"},"author":{"name":"Redazione Italia","@id":"https:\/\/www.pressenza.com\/it\/#\/schema\/person\/d983e81827ae24f2c7b1a2123d197f8d"},"headline":"Camminare accanto ai nomi di Gaza","datePublished":"2025-12-18T17:04:48+00:00","mainEntityOfPage":{"@id":"https:\/\/www.pressenza.com\/it\/2025\/12\/camminare-accanto-ai-nomi-di-gaza\/"},"wordCount":1308,"publisher":{"@id":"https:\/\/www.pressenza.com\/it\/#organization"},"image":{"@id":"https:\/\/www.pressenza.com\/it\/2025\/12\/camminare-accanto-ai-nomi-di-gaza\/#primaryimage"},"thumbnailUrl":"https:\/\/www.pressenza.com\/wp-content\/uploads\/2025\/12\/Foto-articolo-Bartolomeo-Manno-x-Gaza-rit.jpg","keywords":["bambini","Brescia","Cremona","docenti La Scuola per la Palestina","Gaza","manifestazioni"],"articleSection":["Cronaca","Diritti Umani","Europa","Medio Oriente"],"inLanguage":"it-IT"},{"@type":"WebPage","@id":"https:\/\/www.pressenza.com\/it\/2025\/12\/camminare-accanto-ai-nomi-di-gaza\/","url":"https:\/\/www.pressenza.com\/it\/2025\/12\/camminare-accanto-ai-nomi-di-gaza\/","name":"Camminare accanto ai nomi di Gaza","isPartOf":{"@id":"https:\/\/www.pressenza.com\/it\/#website"},"primaryImageOfPage":{"@id":"https:\/\/www.pressenza.com\/it\/2025\/12\/camminare-accanto-ai-nomi-di-gaza\/#primaryimage"},"image":{"@id":"https:\/\/www.pressenza.com\/it\/2025\/12\/camminare-accanto-ai-nomi-di-gaza\/#primaryimage"},"thumbnailUrl":"https:\/\/www.pressenza.com\/wp-content\/uploads\/2025\/12\/Foto-articolo-Bartolomeo-Manno-x-Gaza-rit.jpg","datePublished":"2025-12-18T17:04:48+00:00","description":"Da Brescia a Cremona, la memoria civile che prende forma Ci sono giorni in cui una citt\u00e0 continua la sua vita come sempre e, nel frattempo, senza","breadcrumb":{"@id":"https:\/\/www.pressenza.com\/it\/2025\/12\/camminare-accanto-ai-nomi-di-gaza\/#breadcrumb"},"inLanguage":"it-IT","potentialAction":[{"@type":"ReadAction","target":["https:\/\/www.pressenza.com\/it\/2025\/12\/camminare-accanto-ai-nomi-di-gaza\/"]}]},{"@type":"ImageObject","inLanguage":"it-IT","@id":"https:\/\/www.pressenza.com\/it\/2025\/12\/camminare-accanto-ai-nomi-di-gaza\/#primaryimage","url":"https:\/\/www.pressenza.com\/wp-content\/uploads\/2025\/12\/Foto-articolo-Bartolomeo-Manno-x-Gaza-rit.jpg","contentUrl":"https:\/\/www.pressenza.com\/wp-content\/uploads\/2025\/12\/Foto-articolo-Bartolomeo-Manno-x-Gaza-rit.jpg","width":900,"height":750},{"@type":"BreadcrumbList","@id":"https:\/\/www.pressenza.com\/it\/2025\/12\/camminare-accanto-ai-nomi-di-gaza\/#breadcrumb","itemListElement":[{"@type":"ListItem","position":1,"name":"Accueil","item":"https:\/\/www.pressenza.com\/it\/"},{"@type":"ListItem","position":2,"name":"Camminare accanto ai nomi di Gaza"}]},{"@type":"WebSite","@id":"https:\/\/www.pressenza.com\/it\/#website","url":"https:\/\/www.pressenza.com\/it\/","name":"Pressenza","description":"Agenzia di Stampa Internazionale","publisher":{"@id":"https:\/\/www.pressenza.com\/it\/#organization"},"potentialAction":[{"@type":"SearchAction","target":{"@type":"EntryPoint","urlTemplate":"https:\/\/www.pressenza.com\/it\/?s={search_term_string}"},"query-input":{"@type":"PropertyValueSpecification","valueRequired":true,"valueName":"search_term_string"}}],"inLanguage":"it-IT"},{"@type":"Organization","@id":"https:\/\/www.pressenza.com\/it\/#organization","name":"Pressenza","url":"https:\/\/www.pressenza.com\/it\/","logo":{"@type":"ImageObject","inLanguage":"it-IT","@id":"https:\/\/www.pressenza.com\/it\/#\/schema\/logo\/image\/","url":"https:\/\/www.pressenza.com\/wp-content\/uploads\/2022\/10\/pressenza_logo_200x200.jpg","contentUrl":"https:\/\/www.pressenza.com\/wp-content\/uploads\/2022\/10\/pressenza_logo_200x200.jpg","width":200,"height":200,"caption":"Pressenza"},"image":{"@id":"https:\/\/www.pressenza.com\/it\/#\/schema\/logo\/image\/"},"sameAs":["https:\/\/www.facebook.com\/PressenzaItalia","https:\/\/x.com\/PressenzaIPA"]},{"@type":"Person","@id":"https:\/\/www.pressenza.com\/it\/#\/schema\/person\/d983e81827ae24f2c7b1a2123d197f8d","name":"Redazione Italia","description":"News from the Pressenza Bureau in Italy","sameAs":["https:\/\/www.pressenza.com\/it\/author\/redazione-italia\/","https:\/\/www.facebook.com\/PressenzaItalia","https:\/\/www.instagram.com\/pressenza_italia\/","https:\/\/x.com\/pressenza_it","https:\/\/www.youtube.com\/channel\/UCSalEIWjE1RSxkwjfftFuqg"],"url":"https:\/\/www.pressenza.com\/it\/author\/redazione-italia\/"}]}},"place":"Bartolomeo Manno","original_article_url":"https:\/\/www.ilsaltodellaquaglia.com\/camminare-accanto-ai-nomi-di-gaza\/","_links":{"self":[{"href":"https:\/\/www.pressenza.com\/it\/wp-json\/wp\/v2\/posts\/2662344","targetHints":{"allow":["GET"]}}],"collection":[{"href":"https:\/\/www.pressenza.com\/it\/wp-json\/wp\/v2\/posts"}],"about":[{"href":"https:\/\/www.pressenza.com\/it\/wp-json\/wp\/v2\/types\/post"}],"author":[{"embeddable":true,"href":"https:\/\/www.pressenza.com\/it\/wp-json\/wp\/v2\/users\/594"}],"replies":[{"embeddable":true,"href":"https:\/\/www.pressenza.com\/it\/wp-json\/wp\/v2\/comments?post=2662344"}],"version-history":[{"count":1,"href":"https:\/\/www.pressenza.com\/it\/wp-json\/wp\/v2\/posts\/2662344\/revisions"}],"predecessor-version":[{"id":2662349,"href":"https:\/\/www.pressenza.com\/it\/wp-json\/wp\/v2\/posts\/2662344\/revisions\/2662349"}],"wp:featuredmedia":[{"embeddable":true,"href":"https:\/\/www.pressenza.com\/it\/wp-json\/wp\/v2\/media\/2662348"}],"wp:attachment":[{"href":"https:\/\/www.pressenza.com\/it\/wp-json\/wp\/v2\/media?parent=2662344"}],"wp:term":[{"taxonomy":"category","embeddable":true,"href":"https:\/\/www.pressenza.com\/it\/wp-json\/wp\/v2\/categories?post=2662344"},{"taxonomy":"post_tag","embeddable":true,"href":"https:\/\/www.pressenza.com\/it\/wp-json\/wp\/v2\/tags?post=2662344"}],"curies":[{"name":"wp","href":"https:\/\/api.w.org\/{rel}","templated":true}]}}